{"id":50043,"date":"2016-01-12T10:03:50","date_gmt":"2016-01-12T08:03:50","guid":{"rendered":"https:\/\/ppdegalicia.com\/o-ppdeg-traslada-a-oposicion-a-modificacion-da-lei-do-solo-de-galicia-2\/"},"modified":"2016-01-12T10:03:50","modified_gmt":"2016-01-12T08:03:50","slug":"o-ppdeg-traslada-a-oposicion-a-modificacion-da-lei-do-solo-de-galicia-2","status":"publish","type":"post","link":"https:\/\/ppdegalicia.com\/es\/o-ppdeg-traslada-a-oposicion-a-modificacion-da-lei-do-solo-de-galicia-2\/","title":{"rendered":"O PPdeG traslada \u00e1 oposici\u00f3n a modificaci\u00f3n da Lei do Solo de Galicia"},"content":{"rendered":"<p><b>O PPDEG TRASLADA \u00c1 OPOSICI\u00d3N A MODIFICACI\u00d3N DA LEI DO SOLO PARA QUE AS ADMINISTRACI\u00d3NS POIDAN EXECUTAR PROXECTOS POR RAZ\u00d3NS DE URXENCIA OU EXCEPCIONAL INTERESE P\u00daBLICO<\/b><\/p>\n<p><b><\/b><br \/><b><br \/>\u00b7&nbsp;&nbsp; &nbsp;O texto da emenda presentada hoxe recolle como&nbsp; necesario o informe favorable do Concello para seguir coa tramitaci\u00f3n do proxecto<\/b><\/p>\n<p><b><\/p>\n<p>\u00b7&nbsp;&nbsp; &nbsp;Esta iniciativa ser\u00eda de aplicaci\u00f3n para axilizar proxectos estrat\u00e9xicos tanto na actualidade no concello de Vigo como no futuro en calquera outro noutras circunstancias<\/b><\/p>\n<p>Santiago, 11 de xaneiro de 2016.- O portavoz de Ordenaci\u00f3n do Territorio do Grupo Popular, Jaime Casti\u00f1eira, trasladou esta ma\u00f1\u00e1 \u00e1 ponencia do proxecto de Lei do Solo de Galicia a proposta anunciada a pasada semana polo Presidente da Xunta, Alberto N\u00fa\u00f1ez Feij\u00f3o, para que as administraci\u00f3ns p\u00fablicas poidan executar proxectos por raz\u00f3ns de urxencia ou excepcional interese p\u00fablico.<\/p>\n<p>Esta iniciativa, que poder\u00eda ser de aplicaci\u00f3n na actualidade ao concello de Vigo para axilizar proxectos estrat\u00e9xicos neste municipio ou a calquera outro noutras circunstancias, conta coa supervisi\u00f3n da Asesor\u00eda Xur\u00eddica da Xunta e agora ser\u00e1 estudado por todos todos os grupos da oposici\u00f3n para a s\u00faa posible inclusi\u00f3n na nova Lei do Solo de Galicia. Esta incorporaci\u00f3n deber\u00e1 contar coa voto un\u00e1nime de todos os grupos parlamentarios, dado que o prazo de presentaci\u00f3n de emendas rematou e s\u00f3 \u00e9 posible inclu\u00edr este texto si todos os grupos est\u00e1n de acordo. <\/p>\n<p>A proposta recolle que o \u00f3rgano promotor dar\u00e1 traslado do proxecto \u00e1 Conseller\u00eda competente na materia, quen, previa xustificaci\u00f3n das raz\u00f3ns de urxencia ou excepcional interese p\u00fablico, dar\u00e1 traslado do mesmo ao Concello en cuxo termo municipal se vaia executar.<\/p>\n<p><b><br \/>INFORME MUNICIPAL<\/b><\/p>\n<p><b><\/b><\/p>\n<p>O Concello deber\u00e1 emitir un informe sobre a ponderaci\u00f3n dos intereses locais afectados e s\u00f3 no caso de que este sexa favorable continuarase coa tramitaci\u00f3n. De ser desfavorable por parte do ente local, a Xunta ditar\u00e1 resoluci\u00f3n de arquivo do procedemento e a notificar\u00e1 ao \u00f3rgano promotor.<\/p>\n<p>\u201cCalquera tipo de proxecto amparado nesta proposta poder\u00e1 levarse a cabo e afectar a un s\u00f3 concello, e sempre ter\u00e1 que ser consensuado entre o Concello e a Administraci\u00f3n actuante\u201d, salienta Jaime Casti\u00f1eira. Neste sentido, explicou que a declaraci\u00f3n de interese supramunicipal pode ser un acto ditado exclusivamente pola Xunta e ten que afectar ao interese de varios concellos.<\/p>\n<p>Se o informe \u00e9 favorable, a Xunta solicitar\u00e1 con car\u00e1cter de urxencia aqueles informes que sexan preceptivos de acordo coa lexislaci\u00f3n sectorial aplicable e, unha vez sexan recabados, elevar\u00e1 o proxecto para informe da Comisi\u00f3n Superior de Urbanismo de Galicia, que se pronunciar\u00e1 sobre os aspectos urban\u00edsticos do proxecto.<\/p>\n<p>Ademais, o Concello poder\u00e1 acordar a suspensi\u00f3n das obras cando se pretendesen levar a cabo sen seguir o procedemento previsto ou si a execuci\u00f3n das mesmas non se axustasen ao proxecto aprobado. <\/p>\n","protected":false},"excerpt":{"rendered":"<p>O PPDEG TRASLADA \u00c1 OPOSICI\u00d3N A MODIFICACI\u00d3N DA LEI DO SOLO PARA QUE AS ADMINISTRACI\u00d3NS POIDAN EXECUTAR PROXECTOS POR RAZ\u00d3NS DE URXENCIA OU EXCEPCIONAL INTERESE P\u00daBLICO \u00b7&nbsp;&nbsp; &nbsp;O texto da emenda presentada hoxe recolle como&nbsp; necesario o informe favorable do Concello para seguir coa tramitaci\u00f3n do proxecto \u00b7&nbsp;&nbsp; &nbsp;Esta iniciativa ser\u00eda de aplicaci\u00f3n para axilizar [&hellip;]<\/p>\n","protected":false},"author":37,"featured_media":0,"comment_status":"open","ping_status":"open","sticky":false,"template":"","format":"standard","meta":{"_acf_changed":false,"footnotes":""},"categories":[1],"tags":[],"class_list":["post-50043","post","type-post","status-publish","format-standard","hentry","category-pp-de-galicia"],"acf":[],"yoast_head":"<!-- This site is optimized with the Yoast SEO plugin v27.3 - https:\/\/yoast.com\/product\/yoast-seo-wordpress\/ -->\n<title>O PPdeG traslada \u00e1 oposici\u00f3n a modificaci\u00f3n da Lei do Solo de Galicia - PP de Galicia<\/title>\n<meta name=\"robots\" content=\"index, follow, max-snippet:-1, max-image-preview:large, max-video-preview:-1\" \/>\n<link rel=\"canonical\" href=\"https:\/\/ppdegalicia.com\/es\/o-ppdeg-traslada-a-oposicion-a-modificacion-da-lei-do-solo-de-galicia-2\/\" \/>\n<meta property=\"og:locale\" content=\"es_ES\" \/>\n<meta property=\"og:type\" content=\"article\" \/>\n<meta property=\"og:title\" content=\"O PPdeG traslada \u00e1 oposici\u00f3n a modificaci\u00f3n da Lei do Solo de Galicia - PP de Galicia\" \/>\n<meta property=\"og:description\" content=\"O PPDEG TRASLADA \u00c1 OPOSICI\u00d3N A MODIFICACI\u00d3N DA LEI DO SOLO PARA QUE AS ADMINISTRACI\u00d3NS POIDAN EXECUTAR PROXECTOS POR RAZ\u00d3NS DE URXENCIA OU EXCEPCIONAL INTERESE P\u00daBLICO \u00b7&nbsp;&nbsp; &nbsp;O texto da emenda presentada hoxe recolle como&nbsp; necesario o informe favorable do Concello para seguir coa tramitaci\u00f3n do proxecto \u00b7&nbsp;&nbsp; &nbsp;Esta iniciativa ser\u00eda de aplicaci\u00f3n para axilizar [&hellip;]\" \/>\n<meta property=\"og:url\" content=\"https:\/\/ppdegalicia.com\/es\/o-ppdeg-traslada-a-oposicion-a-modificacion-da-lei-do-solo-de-galicia-2\/\" \/>\n<meta property=\"og:site_name\" content=\"PP de Galicia\" \/>\n<meta property=\"article:publisher\" content=\"https:\/\/www.instagram.com\/ppdegalicia\/\" \/>\n<meta property=\"article:published_time\" content=\"2016-01-12T08:03:50+00:00\" \/>\n<meta name=\"author\" content=\"Super User\" \/>\n<meta name=\"twitter:card\" content=\"summary_large_image\" \/>\n<meta name=\"twitter:creator\" content=\"@ppdegalicia\" \/>\n<meta name=\"twitter:site\" content=\"@ppdegalicia\" \/>\n<meta name=\"twitter:label1\" content=\"Escrito por\" \/>\n\t<meta name=\"twitter:data1\" content=\"Super User\" \/>\n\t<meta name=\"twitter:label2\" content=\"Tiempo de lectura\" \/>\n\t<meta name=\"twitter:data2\" content=\"2 minutos\" \/>\n<script type=\"application\/ld+json\" class=\"yoast-schema-graph\">{\"@context\":\"https:\\\/\\\/schema.org\",\"@graph\":[{\"@type\":\"Article\",\"@id\":\"https:\\\/\\\/ppdegalicia.com\\\/es\\\/o-ppdeg-traslada-a-oposicion-a-modificacion-da-lei-do-solo-de-galicia-2\\\/#article\",\"isPartOf\":{\"@id\":\"https:\\\/\\\/ppdegalicia.com\\\/es\\\/o-ppdeg-traslada-a-oposicion-a-modificacion-da-lei-do-solo-de-galicia-2\\\/\"},\"author\":{\"name\":\"Super User\",\"@id\":\"https:\\\/\\\/ppdegalicia.com\\\/es\\\/#\\\/schema\\\/person\\\/d0f013b8388c980665d44009ab762960\"},\"headline\":\"O PPdeG traslada \u00e1 oposici\u00f3n a modificaci\u00f3n da Lei do Solo de Galicia\",\"datePublished\":\"2016-01-12T08:03:50+00:00\",\"mainEntityOfPage\":{\"@id\":\"https:\\\/\\\/ppdegalicia.com\\\/es\\\/o-ppdeg-traslada-a-oposicion-a-modificacion-da-lei-do-solo-de-galicia-2\\\/\"},\"wordCount\":511,\"commentCount\":0,\"publisher\":{\"@id\":\"https:\\\/\\\/ppdegalicia.com\\\/es\\\/#organization\"},\"articleSection\":[\"PP de Galicia\"],\"inLanguage\":\"es\",\"potentialAction\":[{\"@type\":\"CommentAction\",\"name\":\"Comment\",\"target\":[\"https:\\\/\\\/ppdegalicia.com\\\/es\\\/o-ppdeg-traslada-a-oposicion-a-modificacion-da-lei-do-solo-de-galicia-2\\\/#respond\"]}]},{\"@type\":\"WebPage\",\"@id\":\"https:\\\/\\\/ppdegalicia.com\\\/es\\\/o-ppdeg-traslada-a-oposicion-a-modificacion-da-lei-do-solo-de-galicia-2\\\/\",\"url\":\"https:\\\/\\\/ppdegalicia.com\\\/es\\\/o-ppdeg-traslada-a-oposicion-a-modificacion-da-lei-do-solo-de-galicia-2\\\/\",\"name\":\"O PPdeG traslada \u00e1 oposici\u00f3n a modificaci\u00f3n da Lei do Solo de Galicia - PP de Galicia\",\"isPartOf\":{\"@id\":\"https:\\\/\\\/ppdegalicia.com\\\/es\\\/#website\"},\"datePublished\":\"2016-01-12T08:03:50+00:00\",\"breadcrumb\":{\"@id\":\"https:\\\/\\\/ppdegalicia.com\\\/es\\\/o-ppdeg-traslada-a-oposicion-a-modificacion-da-lei-do-solo-de-galicia-2\\\/#breadcrumb\"},\"inLanguage\":\"es\",\"potentialAction\":[{\"@type\":\"ReadAction\",\"target\":[\"https:\\\/\\\/ppdegalicia.com\\\/es\\\/o-ppdeg-traslada-a-oposicion-a-modificacion-da-lei-do-solo-de-galicia-2\\\/\"]}]},{\"@type\":\"BreadcrumbList\",\"@id\":\"https:\\\/\\\/ppdegalicia.com\\\/es\\\/o-ppdeg-traslada-a-oposicion-a-modificacion-da-lei-do-solo-de-galicia-2\\\/#breadcrumb\",\"itemListElement\":[{\"@type\":\"ListItem\",\"position\":1,\"name\":\"Portada\",\"item\":\"https:\\\/\\\/ppdegalicia.com\\\/es\\\/\"},{\"@type\":\"ListItem\",\"position\":2,\"name\":\"O PPdeG traslada \u00e1 oposici\u00f3n a modificaci\u00f3n da Lei do Solo de Galicia\"}]},{\"@type\":\"WebSite\",\"@id\":\"https:\\\/\\\/ppdegalicia.com\\\/es\\\/#website\",\"url\":\"https:\\\/\\\/ppdegalicia.com\\\/es\\\/\",\"name\":\"Partido Popular de Galicia\",\"description\":\"Partido Popular de Galicia\",\"publisher\":{\"@id\":\"https:\\\/\\\/ppdegalicia.com\\\/es\\\/#organization\"},\"alternateName\":\"PP de Galicia\",\"potentialAction\":[{\"@type\":\"SearchAction\",\"target\":{\"@type\":\"EntryPoint\",\"urlTemplate\":\"https:\\\/\\\/ppdegalicia.com\\\/es\\\/?s={search_term_string}\"},\"query-input\":{\"@type\":\"PropertyValueSpecification\",\"valueRequired\":true,\"valueName\":\"search_term_string\"}}],\"inLanguage\":\"es\"},{\"@type\":\"Organization\",\"@id\":\"https:\\\/\\\/ppdegalicia.com\\\/es\\\/#organization\",\"name\":\"Partido Popular de Galicia\",\"alternateName\":\"PP de Galicia\",\"url\":\"https:\\\/\\\/ppdegalicia.com\\\/es\\\/\",\"logo\":{\"@type\":\"ImageObject\",\"inLanguage\":\"es\",\"@id\":\"https:\\\/\\\/ppdegalicia.com\\\/es\\\/#\\\/schema\\\/logo\\\/image\\\/\",\"url\":\"https:\\\/\\\/ppdegalicia.com\\\/wp-content\\\/uploads\\\/2023\\\/04\\\/logoPP512.png\",\"contentUrl\":\"https:\\\/\\\/ppdegalicia.com\\\/wp-content\\\/uploads\\\/2023\\\/04\\\/logoPP512.png\",\"width\":512,\"height\":512,\"caption\":\"Partido Popular de Galicia\"},\"image\":{\"@id\":\"https:\\\/\\\/ppdegalicia.com\\\/es\\\/#\\\/schema\\\/logo\\\/image\\\/\"},\"sameAs\":[\"https:\\\/\\\/www.instagram.com\\\/ppdegalicia\\\/\",\"https:\\\/\\\/x.com\\\/ppdegalicia\",\"https:\\\/\\\/www.tiktok.com\\\/@ppdegalicia\",\"https:\\\/\\\/www.youtube.com\\\/user\\\/ppdegalicia\"]},{\"@type\":\"Person\",\"@id\":\"https:\\\/\\\/ppdegalicia.com\\\/es\\\/#\\\/schema\\\/person\\\/d0f013b8388c980665d44009ab762960\",\"name\":\"Super User\",\"image\":{\"@type\":\"ImageObject\",\"inLanguage\":\"es\",\"@id\":\"https:\\\/\\\/secure.gravatar.com\\\/avatar\\\/1db852625ef4948f58d2739bfbc51e4b9bd5c93b8fa340b59fdb594ca0845645?s=96&d=mm&r=g\",\"url\":\"https:\\\/\\\/secure.gravatar.com\\\/avatar\\\/1db852625ef4948f58d2739bfbc51e4b9bd5c93b8fa340b59fdb594ca0845645?s=96&d=mm&r=g\",\"contentUrl\":\"https:\\\/\\\/secure.gravatar.com\\\/avatar\\\/1db852625ef4948f58d2739bfbc51e4b9bd5c93b8fa340b59fdb594ca0845645?s=96&d=mm&r=g\",\"caption\":\"Super User\"},\"url\":\"https:\\\/\\\/ppdegalicia.com\\\/es\\\/author\\\/ppdegaliciagestion\\\/\"}]}<\/script>\n<!-- \/ Yoast SEO plugin. -->","yoast_head_json":{"title":"O PPdeG traslada \u00e1 oposici\u00f3n a modificaci\u00f3n da Lei do Solo de Galicia - PP de Galicia","robots":{"index":"index","follow":"follow","max-snippet":"max-snippet:-1","max-image-preview":"max-image-preview:large","max-video-preview":"max-video-preview:-1"},"canonical":"https:\/\/ppdegalicia.com\/es\/o-ppdeg-traslada-a-oposicion-a-modificacion-da-lei-do-solo-de-galicia-2\/","og_locale":"es_ES","og_type":"article","og_title":"O PPdeG traslada \u00e1 oposici\u00f3n a modificaci\u00f3n da Lei do Solo de Galicia - PP de Galicia","og_description":"O PPDEG TRASLADA \u00c1 OPOSICI\u00d3N A MODIFICACI\u00d3N DA LEI DO SOLO PARA QUE AS ADMINISTRACI\u00d3NS POIDAN EXECUTAR PROXECTOS POR RAZ\u00d3NS DE URXENCIA OU EXCEPCIONAL INTERESE P\u00daBLICO \u00b7&nbsp;&nbsp; &nbsp;O texto da emenda presentada hoxe recolle como&nbsp; necesario o informe favorable do Concello para seguir coa tramitaci\u00f3n do proxecto \u00b7&nbsp;&nbsp; &nbsp;Esta iniciativa ser\u00eda de aplicaci\u00f3n para axilizar [&hellip;]","og_url":"https:\/\/ppdegalicia.com\/es\/o-ppdeg-traslada-a-oposicion-a-modificacion-da-lei-do-solo-de-galicia-2\/","og_site_name":"PP de Galicia","article_publisher":"https:\/\/www.instagram.com\/ppdegalicia\/","article_published_time":"2016-01-12T08:03:50+00:00","author":"Super User","twitter_card":"summary_large_image","twitter_creator":"@ppdegalicia","twitter_site":"@ppdegalicia","twitter_misc":{"Escrito por":"Super User","Tiempo de lectura":"2 minutos"},"schema":{"@context":"https:\/\/schema.org","@graph":[{"@type":"Article","@id":"https:\/\/ppdegalicia.com\/es\/o-ppdeg-traslada-a-oposicion-a-modificacion-da-lei-do-solo-de-galicia-2\/#article","isPartOf":{"@id":"https:\/\/ppdegalicia.com\/es\/o-ppdeg-traslada-a-oposicion-a-modificacion-da-lei-do-solo-de-galicia-2\/"},"author":{"name":"Super User","@id":"https:\/\/ppdegalicia.com\/es\/#\/schema\/person\/d0f013b8388c980665d44009ab762960"},"headline":"O PPdeG traslada \u00e1 oposici\u00f3n a modificaci\u00f3n da Lei do Solo de Galicia","datePublished":"2016-01-12T08:03:50+00:00","mainEntityOfPage":{"@id":"https:\/\/ppdegalicia.com\/es\/o-ppdeg-traslada-a-oposicion-a-modificacion-da-lei-do-solo-de-galicia-2\/"},"wordCount":511,"commentCount":0,"publisher":{"@id":"https:\/\/ppdegalicia.com\/es\/#organization"},"articleSection":["PP de Galicia"],"inLanguage":"es","potentialAction":[{"@type":"CommentAction","name":"Comment","target":["https:\/\/ppdegalicia.com\/es\/o-ppdeg-traslada-a-oposicion-a-modificacion-da-lei-do-solo-de-galicia-2\/#respond"]}]},{"@type":"WebPage","@id":"https:\/\/ppdegalicia.com\/es\/o-ppdeg-traslada-a-oposicion-a-modificacion-da-lei-do-solo-de-galicia-2\/","url":"https:\/\/ppdegalicia.com\/es\/o-ppdeg-traslada-a-oposicion-a-modificacion-da-lei-do-solo-de-galicia-2\/","name":"O PPdeG traslada \u00e1 oposici\u00f3n a modificaci\u00f3n da Lei do Solo de Galicia - PP de Galicia","isPartOf":{"@id":"https:\/\/ppdegalicia.com\/es\/#website"},"datePublished":"2016-01-12T08:03:50+00:00","breadcrumb":{"@id":"https:\/\/ppdegalicia.com\/es\/o-ppdeg-traslada-a-oposicion-a-modificacion-da-lei-do-solo-de-galicia-2\/#breadcrumb"},"inLanguage":"es","potentialAction":[{"@type":"ReadAction","target":["https:\/\/ppdegalicia.com\/es\/o-ppdeg-traslada-a-oposicion-a-modificacion-da-lei-do-solo-de-galicia-2\/"]}]},{"@type":"BreadcrumbList","@id":"https:\/\/ppdegalicia.com\/es\/o-ppdeg-traslada-a-oposicion-a-modificacion-da-lei-do-solo-de-galicia-2\/#breadcrumb","itemListElement":[{"@type":"ListItem","position":1,"name":"Portada","item":"https:\/\/ppdegalicia.com\/es\/"},{"@type":"ListItem","position":2,"name":"O PPdeG traslada \u00e1 oposici\u00f3n a modificaci\u00f3n da Lei do Solo de Galicia"}]},{"@type":"WebSite","@id":"https:\/\/ppdegalicia.com\/es\/#website","url":"https:\/\/ppdegalicia.com\/es\/","name":"Partido Popular de Galicia","description":"Partido Popular de Galicia","publisher":{"@id":"https:\/\/ppdegalicia.com\/es\/#organization"},"alternateName":"PP de Galicia","potentialAction":[{"@type":"SearchAction","target":{"@type":"EntryPoint","urlTemplate":"https:\/\/ppdegalicia.com\/es\/?s={search_term_string}"},"query-input":{"@type":"PropertyValueSpecification","valueRequired":true,"valueName":"search_term_string"}}],"inLanguage":"es"},{"@type":"Organization","@id":"https:\/\/ppdegalicia.com\/es\/#organization","name":"Partido Popular de Galicia","alternateName":"PP de Galicia","url":"https:\/\/ppdegalicia.com\/es\/","logo":{"@type":"ImageObject","inLanguage":"es","@id":"https:\/\/ppdegalicia.com\/es\/#\/schema\/logo\/image\/","url":"https:\/\/ppdegalicia.com\/wp-content\/uploads\/2023\/04\/logoPP512.png","contentUrl":"https:\/\/ppdegalicia.com\/wp-content\/uploads\/2023\/04\/logoPP512.png","width":512,"height":512,"caption":"Partido Popular de Galicia"},"image":{"@id":"https:\/\/ppdegalicia.com\/es\/#\/schema\/logo\/image\/"},"sameAs":["https:\/\/www.instagram.com\/ppdegalicia\/","https:\/\/x.com\/ppdegalicia","https:\/\/www.tiktok.com\/@ppdegalicia","https:\/\/www.youtube.com\/user\/ppdegalicia"]},{"@type":"Person","@id":"https:\/\/ppdegalicia.com\/es\/#\/schema\/person\/d0f013b8388c980665d44009ab762960","name":"Super User","image":{"@type":"ImageObject","inLanguage":"es","@id":"https:\/\/secure.gravatar.com\/avatar\/1db852625ef4948f58d2739bfbc51e4b9bd5c93b8fa340b59fdb594ca0845645?s=96&d=mm&r=g","url":"https:\/\/secure.gravatar.com\/avatar\/1db852625ef4948f58d2739bfbc51e4b9bd5c93b8fa340b59fdb594ca0845645?s=96&d=mm&r=g","contentUrl":"https:\/\/secure.gravatar.com\/avatar\/1db852625ef4948f58d2739bfbc51e4b9bd5c93b8fa340b59fdb594ca0845645?s=96&d=mm&r=g","caption":"Super User"},"url":"https:\/\/ppdegalicia.com\/es\/author\/ppdegaliciagestion\/"}]}},"_links":{"self":[{"href":"https:\/\/ppdegalicia.com\/es\/wp-json\/wp\/v2\/posts\/50043","targetHints":{"allow":["GET"]}}],"collection":[{"href":"https:\/\/ppdegalicia.com\/es\/wp-json\/wp\/v2\/posts"}],"about":[{"href":"https:\/\/ppdegalicia.com\/es\/wp-json\/wp\/v2\/types\/post"}],"author":[{"embeddable":true,"href":"https:\/\/ppdegalicia.com\/es\/wp-json\/wp\/v2\/users\/37"}],"replies":[{"embeddable":true,"href":"https:\/\/ppdegalicia.com\/es\/wp-json\/wp\/v2\/comments?post=50043"}],"version-history":[{"count":0,"href":"https:\/\/ppdegalicia.com\/es\/wp-json\/wp\/v2\/posts\/50043\/revisions"}],"wp:attachment":[{"href":"https:\/\/ppdegalicia.com\/es\/wp-json\/wp\/v2\/media?parent=50043"}],"wp:term":[{"taxonomy":"category","embeddable":true,"href":"https:\/\/ppdegalicia.com\/es\/wp-json\/wp\/v2\/categories?post=50043"},{"taxonomy":"post_tag","embeddable":true,"href":"https:\/\/ppdegalicia.com\/es\/wp-json\/wp\/v2\/tags?post=50043"}],"curies":[{"name":"wp","href":"https:\/\/api.w.org\/{rel}","templated":true}]}}