{"id":50044,"date":"2016-01-12T12:28:20","date_gmt":"2016-01-12T10:28:20","guid":{"rendered":"https:\/\/ppdegalicia.com\/feijoo-defende-o-galeguismo-que-se-define-por-orgullo-de-pertenza-e-non-por-oposicion-2\/"},"modified":"2016-01-12T12:28:20","modified_gmt":"2016-01-12T10:28:20","slug":"feijoo-defende-o-galeguismo-que-se-define-por-orgullo-de-pertenza-e-non-por-oposicion-2","status":"publish","type":"post","link":"https:\/\/ppdegalicia.com\/es\/feijoo-defende-o-galeguismo-que-se-define-por-orgullo-de-pertenza-e-non-por-oposicion-2\/","title":{"rendered":"Feij\u00f3o defende o galeguismo que se define por orgullo de pertenza e non por oposici\u00f3n"},"content":{"rendered":"<div>O titular da Xunta presidiu hoxe a presentaci\u00f3n do libro \u201cXerardo Fern\u00e1ndez Albor, discursos parlamentarios. Primeiro volume da colecci\u00f3n do Parlamento dedicada aos presidentes de Galicia\u201d<\/div>\n<div>\n<p><b>Feij\u00f3o defende o autonomismo integrador de Galicia, un galeguismo que non se define por oposici\u00f3n sen\u00f3n por orgullo de pertenza<\/b> <\/p>\n<\/p><\/div>\n<div>\n<ul>\n<li>\u201cNon necesitamos contrapo\u00f1ernos nin enfrontarnos frontalmente a nada nin a ningu\u00e9n para reafirmar o que somos; non precisamos proclamar o que non somos nin infrinxir normas para sentir a importancia do significado de ser galegos e galegas en Galicia e en Espa\u00f1a\u201d, asevera<\/li>\n<li>\u201cNon hai maior desprezo cara a un pobo que empregar o amor \u00e1 terra como ferramenta para dividir e enfrontar aos cidad\u00e1ns. A\u00ed nunca estivo Albor, e a\u00ed nunca estar\u00e1 Galicia\u201d, di<\/li>\n<li>Asegura que Galicia \u201cconstru\u00edu unha autonom\u00eda sobre o respecto \u00e1 lei, \u00e1 convivencia e, sobre todo, apoi\u00e1ndonos uns galegos noutros. De a\u00ed o \u00e9xito colectivo do que sentirnos orgullosos como pa\u00eds\u201d<\/li>\n<li>Ao presidente Fern\u00e1ndez Albor, asegura, deb\u00e9moslle a idea da \u2018pol\u00edtica paulatina\u2019, posto que a historia dem\u00f3stranos que \u201cas grandes transformaci\u00f3ns ac\u00e1danse mediante pequenos pasos, e non con acci\u00f3ns dr\u00e1sticas ou xestos solemnes\u201d<\/li>\n<\/ul><\/div>\n<div> <\/div>\n<div><b>Santiago, 11 de xaneiro de 2016.-<\/b> O presidente do Goberno galego, Alberto N\u00fa\u00f1ez Feij\u00f3o, defendeu hoxe o galeguismo como un autonomismo integrador que busca sumar e non restar, e que non se define por oposici\u00f3n sen\u00f3n por orgullo de pertenza. \u201cNon necesitamos contrapo\u00f1ernos nin enfrontarnos frontalmente a nada nin a ningu\u00e9n para reafirmar o que somos; non precisamos proclamar o que non somos nin infrinxir normas para sentir a importancia do significado de ser galegos e galegas na Galicia actual e na Espa\u00f1a actual\u201d, aseverou.<\/div>\n<div><\/div>\n<div>As\u00ed se expresou na presentaci\u00f3n do libro \u201cXerardo Fern\u00e1ndez Albor, discursos parlamentarios. Primeiro volume da colecci\u00f3n do Parlamento dedicada aos presidentes de Galicia\u201d, onde asegurou que Galicia entende o galeguismo \u201ccomo nexo de uni\u00f3n entre os galegos, como un sentimento compartido que cohesiona o pa\u00eds\u201d. \u201cNon hai maior desprezo cara a un pobo que empregar o amor \u00e1 terra como ferramenta para dividir e enfrontar aos cidad\u00e1ns. A\u00ed nunca estivo Albor, e a\u00ed nunca estar\u00e1 Galicia\u201d, apostilou.<\/div>\n<div><\/div>\n<div>Feij\u00f3o asegurou que Galicia \u201cconstru\u00edu unha autonom\u00eda sobre o respecto \u00e1 lei, \u00e1 convivencia e, sobre todo, apoi\u00e1ndonos uns galegos noutros. De a\u00ed o \u00e9xito colectivo do que sentirnos orgullosos como pa\u00eds\u201d, dixo. Aos que, por\u00e9n, a autonom\u00eda \u201clles sabe a pouco, e m\u00e1is que constru\u00edr propo\u00f1en destru\u00edr contra a lei, a convivencia, e dividindo ao pobo, s\u00f3 obter\u00e1n o contrario: o fracaso\u201d.<\/div>\n<div><\/div>\n<div>Segundo indicou, son valores que se encarnan na figura de Xerardo Fern\u00e1ndez Albor, \u201cun home no que os galegos vemos un pai; un pai que soubo representar as mellores virtudes dun pobo, e transformalas en feitos e sentimentos\u201d, dixo. \u201cGalicia contou con el e, grazas a esa feliz circunstancia, o novo marco pol\u00edtico ser\u00e1 tam\u00e9n unha continuidade co mellor do noso pasado\u201d.<\/div>\n<div><\/div>\n<div>O titular da Xunta referiuse ao \u2018sentidi\u00f1o\u2019 predicado por Albor que, segundo dixo, \u201cconsist\u00eda en aplicar esa cultura do entendemento \u00e1 pol\u00edtica pr\u00e1ctica\u201d. E, nesta li\u00f1a, engadiu que \u201cpara ser sandadora das doenzas de Galicia, a Autonom\u00eda precisaba de dirixentes escoitadores que soubesen atopar os remedios no propio sentimento colectivo\u201d.<\/div>\n<div><\/div>\n<div><b>A pol\u00edtica paulatina<\/b><\/div>\n<div>Ao presidente Fern\u00e1ndez Albor, agregou, deb\u00e9moslle a idea da \u2018pol\u00edtica paulatina\u2019, posto que a historia dem\u00f3stranos que \u201cas grandes transformaci\u00f3ns ac\u00e1danse mediante pequenos pasos, e non con acci\u00f3ns dr\u00e1sticas ou xestos solemnes\u201d. Eses pequenos pasos \u201ctransformaron unha Xunta provista de m\u00e1is ilusi\u00f3ns que facultades, nunha Administraci\u00f3n moderna ao servizo da cidadan\u00eda\u201d. E o m\u00e1is importante, engadiu, \u201c\u00e9 que eses pasos curtos pero intensos, decididos e irreversibles, foron dados pola maior\u00eda dos galegos\u201d.<\/div>\n<div><\/div>\n<div>Na s\u00faa intervenci\u00f3n, o titular da Xunta tivo palabras tam\u00e9n para a presidenta do Parlamento galego, Pilar Rojo, diputada electa en Cortes, a quen lle reco\u00f1eceu que soubo exercer con elegancia a dif\u00edcil arbitraxe parlamentaria e \u201ctransformar as li\u00f1as vermellas en grandes s\u00edmbolos de suma\u201d.<\/div>\n","protected":false},"excerpt":{"rendered":"<p>O titular da Xunta presidiu hoxe a presentaci\u00f3n do libro \u201cXerardo Fern\u00e1ndez Albor, discursos parlamentarios. Primeiro volume da colecci\u00f3n do Parlamento dedicada aos presidentes de Galicia\u201d Feij\u00f3o defende o autonomismo integrador de Galicia, un galeguismo que non se define por oposici\u00f3n sen\u00f3n por orgullo de pertenza \u201cNon necesitamos contrapo\u00f1ernos nin enfrontarnos frontalmente a nada nin [&hellip;]<\/p>\n","protected":false},"author":37,"featured_media":0,"comment_status":"open","ping_status":"open","sticky":false,"template":"","format":"standard","meta":{"_acf_changed":false,"footnotes":""},"categories":[1],"tags":[],"class_list":["post-50044","post","type-post","status-publish","format-standard","hentry","category-pp-de-galicia"],"acf":[],"yoast_head":"<!-- This site is optimized with the Yoast SEO plugin v27.3 - https:\/\/yoast.com\/product\/yoast-seo-wordpress\/ -->\n<title>Feij\u00f3o defende o galeguismo que se define por orgullo de pertenza e non por oposici\u00f3n - PP de Galicia<\/title>\n<meta name=\"robots\" content=\"index, follow, max-snippet:-1, max-image-preview:large, max-video-preview:-1\" \/>\n<link rel=\"canonical\" href=\"https:\/\/ppdegalicia.com\/es\/feijoo-defende-o-galeguismo-que-se-define-por-orgullo-de-pertenza-e-non-por-oposicion-2\/\" \/>\n<meta property=\"og:locale\" content=\"es_ES\" \/>\n<meta property=\"og:type\" content=\"article\" \/>\n<meta property=\"og:title\" content=\"Feij\u00f3o defende o galeguismo que se define por orgullo de pertenza e non por oposici\u00f3n - PP de Galicia\" \/>\n<meta property=\"og:description\" content=\"O titular da Xunta presidiu hoxe a presentaci\u00f3n do libro \u201cXerardo Fern\u00e1ndez Albor, discursos parlamentarios. Primeiro volume da colecci\u00f3n do Parlamento dedicada aos presidentes de Galicia\u201d Feij\u00f3o defende o autonomismo integrador de Galicia, un galeguismo que non se define por oposici\u00f3n sen\u00f3n por orgullo de pertenza \u201cNon necesitamos contrapo\u00f1ernos nin enfrontarnos frontalmente a nada nin [&hellip;]\" \/>\n<meta property=\"og:url\" content=\"https:\/\/ppdegalicia.com\/es\/feijoo-defende-o-galeguismo-que-se-define-por-orgullo-de-pertenza-e-non-por-oposicion-2\/\" \/>\n<meta property=\"og:site_name\" content=\"PP de Galicia\" \/>\n<meta property=\"article:publisher\" content=\"https:\/\/www.instagram.com\/ppdegalicia\/\" \/>\n<meta property=\"article:published_time\" content=\"2016-01-12T10:28:20+00:00\" \/>\n<meta name=\"author\" content=\"Super User\" \/>\n<meta name=\"twitter:card\" content=\"summary_large_image\" \/>\n<meta name=\"twitter:creator\" content=\"@ppdegalicia\" \/>\n<meta name=\"twitter:site\" content=\"@ppdegalicia\" \/>\n<meta name=\"twitter:label1\" content=\"Escrito por\" \/>\n\t<meta name=\"twitter:data1\" content=\"Super User\" \/>\n\t<meta name=\"twitter:label2\" content=\"Tiempo de lectura\" \/>\n\t<meta name=\"twitter:data2\" content=\"4 minutos\" \/>\n<script type=\"application\/ld+json\" class=\"yoast-schema-graph\">{\"@context\":\"https:\\\/\\\/schema.org\",\"@graph\":[{\"@type\":\"Article\",\"@id\":\"https:\\\/\\\/ppdegalicia.com\\\/es\\\/feijoo-defende-o-galeguismo-que-se-define-por-orgullo-de-pertenza-e-non-por-oposicion-2\\\/#article\",\"isPartOf\":{\"@id\":\"https:\\\/\\\/ppdegalicia.com\\\/es\\\/feijoo-defende-o-galeguismo-que-se-define-por-orgullo-de-pertenza-e-non-por-oposicion-2\\\/\"},\"author\":{\"name\":\"Super User\",\"@id\":\"https:\\\/\\\/ppdegalicia.com\\\/es\\\/#\\\/schema\\\/person\\\/d0f013b8388c980665d44009ab762960\"},\"headline\":\"Feij\u00f3o defende o galeguismo que se define por orgullo de pertenza e non por oposici\u00f3n\",\"datePublished\":\"2016-01-12T10:28:20+00:00\",\"mainEntityOfPage\":{\"@id\":\"https:\\\/\\\/ppdegalicia.com\\\/es\\\/feijoo-defende-o-galeguismo-que-se-define-por-orgullo-de-pertenza-e-non-por-oposicion-2\\\/\"},\"wordCount\":727,\"commentCount\":0,\"publisher\":{\"@id\":\"https:\\\/\\\/ppdegalicia.com\\\/es\\\/#organization\"},\"articleSection\":[\"PP de Galicia\"],\"inLanguage\":\"es\",\"potentialAction\":[{\"@type\":\"CommentAction\",\"name\":\"Comment\",\"target\":[\"https:\\\/\\\/ppdegalicia.com\\\/es\\\/feijoo-defende-o-galeguismo-que-se-define-por-orgullo-de-pertenza-e-non-por-oposicion-2\\\/#respond\"]}]},{\"@type\":\"WebPage\",\"@id\":\"https:\\\/\\\/ppdegalicia.com\\\/es\\\/feijoo-defende-o-galeguismo-que-se-define-por-orgullo-de-pertenza-e-non-por-oposicion-2\\\/\",\"url\":\"https:\\\/\\\/ppdegalicia.com\\\/es\\\/feijoo-defende-o-galeguismo-que-se-define-por-orgullo-de-pertenza-e-non-por-oposicion-2\\\/\",\"name\":\"Feij\u00f3o defende o galeguismo que se define por orgullo de pertenza e non por oposici\u00f3n - PP de Galicia\",\"isPartOf\":{\"@id\":\"https:\\\/\\\/ppdegalicia.com\\\/es\\\/#website\"},\"datePublished\":\"2016-01-12T10:28:20+00:00\",\"breadcrumb\":{\"@id\":\"https:\\\/\\\/ppdegalicia.com\\\/es\\\/feijoo-defende-o-galeguismo-que-se-define-por-orgullo-de-pertenza-e-non-por-oposicion-2\\\/#breadcrumb\"},\"inLanguage\":\"es\",\"potentialAction\":[{\"@type\":\"ReadAction\",\"target\":[\"https:\\\/\\\/ppdegalicia.com\\\/es\\\/feijoo-defende-o-galeguismo-que-se-define-por-orgullo-de-pertenza-e-non-por-oposicion-2\\\/\"]}]},{\"@type\":\"BreadcrumbList\",\"@id\":\"https:\\\/\\\/ppdegalicia.com\\\/es\\\/feijoo-defende-o-galeguismo-que-se-define-por-orgullo-de-pertenza-e-non-por-oposicion-2\\\/#breadcrumb\",\"itemListElement\":[{\"@type\":\"ListItem\",\"position\":1,\"name\":\"Portada\",\"item\":\"https:\\\/\\\/ppdegalicia.com\\\/es\\\/\"},{\"@type\":\"ListItem\",\"position\":2,\"name\":\"Feij\u00f3o defende o galeguismo que se define por orgullo de pertenza e non por oposici\u00f3n\"}]},{\"@type\":\"WebSite\",\"@id\":\"https:\\\/\\\/ppdegalicia.com\\\/es\\\/#website\",\"url\":\"https:\\\/\\\/ppdegalicia.com\\\/es\\\/\",\"name\":\"Partido Popular de Galicia\",\"description\":\"Partido Popular de Galicia\",\"publisher\":{\"@id\":\"https:\\\/\\\/ppdegalicia.com\\\/es\\\/#organization\"},\"alternateName\":\"PP de Galicia\",\"potentialAction\":[{\"@type\":\"SearchAction\",\"target\":{\"@type\":\"EntryPoint\",\"urlTemplate\":\"https:\\\/\\\/ppdegalicia.com\\\/es\\\/?s={search_term_string}\"},\"query-input\":{\"@type\":\"PropertyValueSpecification\",\"valueRequired\":true,\"valueName\":\"search_term_string\"}}],\"inLanguage\":\"es\"},{\"@type\":\"Organization\",\"@id\":\"https:\\\/\\\/ppdegalicia.com\\\/es\\\/#organization\",\"name\":\"Partido Popular de Galicia\",\"alternateName\":\"PP de Galicia\",\"url\":\"https:\\\/\\\/ppdegalicia.com\\\/es\\\/\",\"logo\":{\"@type\":\"ImageObject\",\"inLanguage\":\"es\",\"@id\":\"https:\\\/\\\/ppdegalicia.com\\\/es\\\/#\\\/schema\\\/logo\\\/image\\\/\",\"url\":\"https:\\\/\\\/ppdegalicia.com\\\/wp-content\\\/uploads\\\/2023\\\/04\\\/logoPP512.png\",\"contentUrl\":\"https:\\\/\\\/ppdegalicia.com\\\/wp-content\\\/uploads\\\/2023\\\/04\\\/logoPP512.png\",\"width\":512,\"height\":512,\"caption\":\"Partido Popular de Galicia\"},\"image\":{\"@id\":\"https:\\\/\\\/ppdegalicia.com\\\/es\\\/#\\\/schema\\\/logo\\\/image\\\/\"},\"sameAs\":[\"https:\\\/\\\/www.instagram.com\\\/ppdegalicia\\\/\",\"https:\\\/\\\/x.com\\\/ppdegalicia\",\"https:\\\/\\\/www.tiktok.com\\\/@ppdegalicia\",\"https:\\\/\\\/www.youtube.com\\\/user\\\/ppdegalicia\"]},{\"@type\":\"Person\",\"@id\":\"https:\\\/\\\/ppdegalicia.com\\\/es\\\/#\\\/schema\\\/person\\\/d0f013b8388c980665d44009ab762960\",\"name\":\"Super User\",\"image\":{\"@type\":\"ImageObject\",\"inLanguage\":\"es\",\"@id\":\"https:\\\/\\\/secure.gravatar.com\\\/avatar\\\/1db852625ef4948f58d2739bfbc51e4b9bd5c93b8fa340b59fdb594ca0845645?s=96&d=mm&r=g\",\"url\":\"https:\\\/\\\/secure.gravatar.com\\\/avatar\\\/1db852625ef4948f58d2739bfbc51e4b9bd5c93b8fa340b59fdb594ca0845645?s=96&d=mm&r=g\",\"contentUrl\":\"https:\\\/\\\/secure.gravatar.com\\\/avatar\\\/1db852625ef4948f58d2739bfbc51e4b9bd5c93b8fa340b59fdb594ca0845645?s=96&d=mm&r=g\",\"caption\":\"Super User\"},\"url\":\"https:\\\/\\\/ppdegalicia.com\\\/es\\\/author\\\/ppdegaliciagestion\\\/\"}]}<\/script>\n<!-- \/ Yoast SEO plugin. -->","yoast_head_json":{"title":"Feij\u00f3o defende o galeguismo que se define por orgullo de pertenza e non por oposici\u00f3n - PP de Galicia","robots":{"index":"index","follow":"follow","max-snippet":"max-snippet:-1","max-image-preview":"max-image-preview:large","max-video-preview":"max-video-preview:-1"},"canonical":"https:\/\/ppdegalicia.com\/es\/feijoo-defende-o-galeguismo-que-se-define-por-orgullo-de-pertenza-e-non-por-oposicion-2\/","og_locale":"es_ES","og_type":"article","og_title":"Feij\u00f3o defende o galeguismo que se define por orgullo de pertenza e non por oposici\u00f3n - PP de Galicia","og_description":"O titular da Xunta presidiu hoxe a presentaci\u00f3n do libro \u201cXerardo Fern\u00e1ndez Albor, discursos parlamentarios. Primeiro volume da colecci\u00f3n do Parlamento dedicada aos presidentes de Galicia\u201d Feij\u00f3o defende o autonomismo integrador de Galicia, un galeguismo que non se define por oposici\u00f3n sen\u00f3n por orgullo de pertenza \u201cNon necesitamos contrapo\u00f1ernos nin enfrontarnos frontalmente a nada nin [&hellip;]","og_url":"https:\/\/ppdegalicia.com\/es\/feijoo-defende-o-galeguismo-que-se-define-por-orgullo-de-pertenza-e-non-por-oposicion-2\/","og_site_name":"PP de Galicia","article_publisher":"https:\/\/www.instagram.com\/ppdegalicia\/","article_published_time":"2016-01-12T10:28:20+00:00","author":"Super User","twitter_card":"summary_large_image","twitter_creator":"@ppdegalicia","twitter_site":"@ppdegalicia","twitter_misc":{"Escrito por":"Super User","Tiempo de lectura":"4 minutos"},"schema":{"@context":"https:\/\/schema.org","@graph":[{"@type":"Article","@id":"https:\/\/ppdegalicia.com\/es\/feijoo-defende-o-galeguismo-que-se-define-por-orgullo-de-pertenza-e-non-por-oposicion-2\/#article","isPartOf":{"@id":"https:\/\/ppdegalicia.com\/es\/feijoo-defende-o-galeguismo-que-se-define-por-orgullo-de-pertenza-e-non-por-oposicion-2\/"},"author":{"name":"Super User","@id":"https:\/\/ppdegalicia.com\/es\/#\/schema\/person\/d0f013b8388c980665d44009ab762960"},"headline":"Feij\u00f3o defende o galeguismo que se define por orgullo de pertenza e non por oposici\u00f3n","datePublished":"2016-01-12T10:28:20+00:00","mainEntityOfPage":{"@id":"https:\/\/ppdegalicia.com\/es\/feijoo-defende-o-galeguismo-que-se-define-por-orgullo-de-pertenza-e-non-por-oposicion-2\/"},"wordCount":727,"commentCount":0,"publisher":{"@id":"https:\/\/ppdegalicia.com\/es\/#organization"},"articleSection":["PP de Galicia"],"inLanguage":"es","potentialAction":[{"@type":"CommentAction","name":"Comment","target":["https:\/\/ppdegalicia.com\/es\/feijoo-defende-o-galeguismo-que-se-define-por-orgullo-de-pertenza-e-non-por-oposicion-2\/#respond"]}]},{"@type":"WebPage","@id":"https:\/\/ppdegalicia.com\/es\/feijoo-defende-o-galeguismo-que-se-define-por-orgullo-de-pertenza-e-non-por-oposicion-2\/","url":"https:\/\/ppdegalicia.com\/es\/feijoo-defende-o-galeguismo-que-se-define-por-orgullo-de-pertenza-e-non-por-oposicion-2\/","name":"Feij\u00f3o defende o galeguismo que se define por orgullo de pertenza e non por oposici\u00f3n - PP de Galicia","isPartOf":{"@id":"https:\/\/ppdegalicia.com\/es\/#website"},"datePublished":"2016-01-12T10:28:20+00:00","breadcrumb":{"@id":"https:\/\/ppdegalicia.com\/es\/feijoo-defende-o-galeguismo-que-se-define-por-orgullo-de-pertenza-e-non-por-oposicion-2\/#breadcrumb"},"inLanguage":"es","potentialAction":[{"@type":"ReadAction","target":["https:\/\/ppdegalicia.com\/es\/feijoo-defende-o-galeguismo-que-se-define-por-orgullo-de-pertenza-e-non-por-oposicion-2\/"]}]},{"@type":"BreadcrumbList","@id":"https:\/\/ppdegalicia.com\/es\/feijoo-defende-o-galeguismo-que-se-define-por-orgullo-de-pertenza-e-non-por-oposicion-2\/#breadcrumb","itemListElement":[{"@type":"ListItem","position":1,"name":"Portada","item":"https:\/\/ppdegalicia.com\/es\/"},{"@type":"ListItem","position":2,"name":"Feij\u00f3o defende o galeguismo que se define por orgullo de pertenza e non por oposici\u00f3n"}]},{"@type":"WebSite","@id":"https:\/\/ppdegalicia.com\/es\/#website","url":"https:\/\/ppdegalicia.com\/es\/","name":"Partido Popular de Galicia","description":"Partido Popular de Galicia","publisher":{"@id":"https:\/\/ppdegalicia.com\/es\/#organization"},"alternateName":"PP de Galicia","potentialAction":[{"@type":"SearchAction","target":{"@type":"EntryPoint","urlTemplate":"https:\/\/ppdegalicia.com\/es\/?s={search_term_string}"},"query-input":{"@type":"PropertyValueSpecification","valueRequired":true,"valueName":"search_term_string"}}],"inLanguage":"es"},{"@type":"Organization","@id":"https:\/\/ppdegalicia.com\/es\/#organization","name":"Partido Popular de Galicia","alternateName":"PP de Galicia","url":"https:\/\/ppdegalicia.com\/es\/","logo":{"@type":"ImageObject","inLanguage":"es","@id":"https:\/\/ppdegalicia.com\/es\/#\/schema\/logo\/image\/","url":"https:\/\/ppdegalicia.com\/wp-content\/uploads\/2023\/04\/logoPP512.png","contentUrl":"https:\/\/ppdegalicia.com\/wp-content\/uploads\/2023\/04\/logoPP512.png","width":512,"height":512,"caption":"Partido Popular de Galicia"},"image":{"@id":"https:\/\/ppdegalicia.com\/es\/#\/schema\/logo\/image\/"},"sameAs":["https:\/\/www.instagram.com\/ppdegalicia\/","https:\/\/x.com\/ppdegalicia","https:\/\/www.tiktok.com\/@ppdegalicia","https:\/\/www.youtube.com\/user\/ppdegalicia"]},{"@type":"Person","@id":"https:\/\/ppdegalicia.com\/es\/#\/schema\/person\/d0f013b8388c980665d44009ab762960","name":"Super User","image":{"@type":"ImageObject","inLanguage":"es","@id":"https:\/\/secure.gravatar.com\/avatar\/1db852625ef4948f58d2739bfbc51e4b9bd5c93b8fa340b59fdb594ca0845645?s=96&d=mm&r=g","url":"https:\/\/secure.gravatar.com\/avatar\/1db852625ef4948f58d2739bfbc51e4b9bd5c93b8fa340b59fdb594ca0845645?s=96&d=mm&r=g","contentUrl":"https:\/\/secure.gravatar.com\/avatar\/1db852625ef4948f58d2739bfbc51e4b9bd5c93b8fa340b59fdb594ca0845645?s=96&d=mm&r=g","caption":"Super User"},"url":"https:\/\/ppdegalicia.com\/es\/author\/ppdegaliciagestion\/"}]}},"_links":{"self":[{"href":"https:\/\/ppdegalicia.com\/es\/wp-json\/wp\/v2\/posts\/50044","targetHints":{"allow":["GET"]}}],"collection":[{"href":"https:\/\/ppdegalicia.com\/es\/wp-json\/wp\/v2\/posts"}],"about":[{"href":"https:\/\/ppdegalicia.com\/es\/wp-json\/wp\/v2\/types\/post"}],"author":[{"embeddable":true,"href":"https:\/\/ppdegalicia.com\/es\/wp-json\/wp\/v2\/users\/37"}],"replies":[{"embeddable":true,"href":"https:\/\/ppdegalicia.com\/es\/wp-json\/wp\/v2\/comments?post=50044"}],"version-history":[{"count":0,"href":"https:\/\/ppdegalicia.com\/es\/wp-json\/wp\/v2\/posts\/50044\/revisions"}],"wp:attachment":[{"href":"https:\/\/ppdegalicia.com\/es\/wp-json\/wp\/v2\/media?parent=50044"}],"wp:term":[{"taxonomy":"category","embeddable":true,"href":"https:\/\/ppdegalicia.com\/es\/wp-json\/wp\/v2\/categories?post=50044"},{"taxonomy":"post_tag","embeddable":true,"href":"https:\/\/ppdegalicia.com\/es\/wp-json\/wp\/v2\/tags?post=50044"}],"curies":[{"name":"wp","href":"https:\/\/api.w.org\/{rel}","templated":true}]}}