{"id":51781,"date":"2016-03-03T18:29:21","date_gmt":"2016-03-03T16:29:21","guid":{"rendered":"https:\/\/ppdegalicia.com\/feijoo-anuncia-licitacion-da-xestion-do-centro-de-tratamento-de-residuos-industriais\/"},"modified":"2016-03-03T18:29:21","modified_gmt":"2016-03-03T16:29:21","slug":"feijoo-anuncia-licitacion-da-xestion-do-centro-de-tratamento-de-residuos-industriais","status":"publish","type":"post","link":"https:\/\/ppdegalicia.com\/es\/feijoo-anuncia-licitacion-da-xestion-do-centro-de-tratamento-de-residuos-industriais\/","title":{"rendered":"Feij\u00f3o anuncia licitaci\u00f3n da xesti\u00f3n do Centro de Tratamento de Residuos Industriais"},"content":{"rendered":"<div style=\"text-align: justify;\"><b>Santiago, 3 de marzo de 2016.-<\/b> O l\u00edder do PPdeG, Alberto N\u00fa\u00f1ez Feij\u00f3o, avanzou hoxe a aprobaci\u00f3n da licitaci\u00f3n da xesti\u00f3n do Centro de Tratamento de Residuos Industriais de Galicia, que ata agora xestionaba Sogarisa, cun contrato que vence este ano e que agora se saca a concurso p\u00fablico entre todos os operadores de residuos que queiran participar.<\/div>\n<div style=\"text-align: justify;\"><\/div>\n<div style=\"text-align: justify;\">Como destacou Feij\u00f3o, co novo contrato, a Xunta seguir\u00e1 a ser titular da instalaci\u00f3n, ter\u00e1 o poder xeral de ordenaci\u00f3n das normas de uso e conservaci\u00f3n e tam\u00e9n exercer\u00e1 as facultades de supervisi\u00f3n, impulso e control da mesma.<\/div>\n<div style=\"text-align: justify;\"><\/div>\n<div style=\"text-align: justify;\">Sobre a nova adxudicaci\u00f3n, o presidente do Goberno galego aclarou que non xerar\u00e1 ning\u00fan gasto para a Xunta, xa que a retribuci\u00f3n do adxudicatario consistir\u00e1 no importe recadado pola prestaci\u00f3n de servizos. \u00c9 m\u00e1is, suporalle ingresos, xa que a adxudicataria deber\u00e1 abonar ao Goberno galego un canon anticipado de 3,5 mill\u00f3ns de euros, outro canon anual fixo de 45.000 euros e outro variable segundo os beneficios.<\/div>\n<div style=\"text-align: justify;\"><\/div>\n<div style=\"text-align: justify;\">Ademais, destinarase o 5 por cento da facturaci\u00f3n bruta anual das actividades de tratamento de residuos a dotar un Fondo Local para o Concello das Somozas, onde se sit\u00faa a instalaci\u00f3n.<\/div>\n<div style=\"text-align: justify;\"><\/div>\n<div style=\"text-align: justify;\">Segundo matizou Feij\u00f3o, \u00e1 hora de adxudicar o contrato, a Xunta ter\u00e1 en conta das ofertas presentadas a viabilidade do plan de explotaci\u00f3n. As\u00ed mesmo, valorar\u00e1 o Plan de investimentos que acheguen, dando maior puntuaci\u00f3n \u00e1s que susciten un maior volume de investimento e priorizaranse aqueles plans que propo\u00f1an a ampliaci\u00f3n da infraestrutura para mellorar e optimizar o tratamento de residuos.<\/div>\n<div style=\"text-align: justify;\"><\/div>\n<div style=\"text-align: justify;\">A estratexia do Goberno galego en materia de residuos, como sinalou Feij\u00f3o, persegue a implantaci\u00f3n dun novo modelo m\u00e1is sostible, facendo especial fincap\u00e9 na prevenci\u00f3n e na valorizaci\u00f3n.<\/div>\n<div style=\"text-align: justify;\"><\/div>\n<div style=\"text-align: justify;\">En definitiva, este contrato por 20 anos ten un valor estimado de 230 mill\u00f3ns de euros e a retribuci\u00f3n do adxudicatario consistir\u00e1 no importe do prezo que recada pola prestaci\u00f3n dos servizos abonado polos usuarios.<\/div>\n<div style=\"text-align: justify;\"><\/div>\n<div style=\"text-align: justify;\">Como lembrou o titular da Xunta, nun primeiro momento aprobouse e p\u00faxose en marcha o Plan de Xesti\u00f3n de Residuos Urbanos e agora os esforzos da Xunta c\u00e9ntranse no eido dos residuos industriais, tendo en tramitaci\u00f3n o Plan de Xesti\u00f3n de Residuos Industriais de Galicia e contando nos orzamentos para 2016 con 3 mill\u00f3ns de euros para prevenci\u00f3n e reciclaxe deste tipo de residuos.<\/div>\n","protected":false},"excerpt":{"rendered":"<p>Santiago, 3 de marzo de 2016.- O l\u00edder do PPdeG, Alberto N\u00fa\u00f1ez Feij\u00f3o, avanzou hoxe a aprobaci\u00f3n da licitaci\u00f3n da xesti\u00f3n do Centro de Tratamento de Residuos Industriais de Galicia, que ata agora xestionaba Sogarisa, cun contrato que vence este ano e que agora se saca a concurso p\u00fablico entre todos os operadores de residuos [&hellip;]<\/p>\n","protected":false},"author":37,"featured_media":0,"comment_status":"open","ping_status":"open","sticky":false,"template":"","format":"standard","meta":{"_acf_changed":false,"footnotes":""},"categories":[1],"tags":[],"class_list":["post-51781","post","type-post","status-publish","format-standard","hentry","category-pp-de-galicia"],"acf":[],"yoast_head":"<!-- This site is optimized with the Yoast SEO plugin v27.3 - https:\/\/yoast.com\/product\/yoast-seo-wordpress\/ -->\n<title>Feij\u00f3o anuncia licitaci\u00f3n da xesti\u00f3n do Centro de Tratamento de Residuos Industriais - PP de Galicia<\/title>\n<meta name=\"robots\" content=\"index, follow, max-snippet:-1, max-image-preview:large, max-video-preview:-1\" \/>\n<link rel=\"canonical\" href=\"https:\/\/ppdegalicia.com\/es\/feijoo-anuncia-licitacion-da-xestion-do-centro-de-tratamento-de-residuos-industriais\/\" \/>\n<meta property=\"og:locale\" content=\"es_ES\" \/>\n<meta property=\"og:type\" content=\"article\" \/>\n<meta property=\"og:title\" content=\"Feij\u00f3o anuncia licitaci\u00f3n da xesti\u00f3n do Centro de Tratamento de Residuos Industriais - PP de Galicia\" \/>\n<meta property=\"og:description\" content=\"Santiago, 3 de marzo de 2016.- O l\u00edder do PPdeG, Alberto N\u00fa\u00f1ez Feij\u00f3o, avanzou hoxe a aprobaci\u00f3n da licitaci\u00f3n da xesti\u00f3n do Centro de Tratamento de Residuos Industriais de Galicia, que ata agora xestionaba Sogarisa, cun contrato que vence este ano e que agora se saca a concurso p\u00fablico entre todos os operadores de residuos [&hellip;]\" \/>\n<meta property=\"og:url\" content=\"https:\/\/ppdegalicia.com\/es\/feijoo-anuncia-licitacion-da-xestion-do-centro-de-tratamento-de-residuos-industriais\/\" \/>\n<meta property=\"og:site_name\" content=\"PP de Galicia\" \/>\n<meta property=\"article:publisher\" content=\"https:\/\/www.instagram.com\/ppdegalicia\/\" \/>\n<meta property=\"article:published_time\" content=\"2016-03-03T16:29:21+00:00\" \/>\n<meta name=\"author\" content=\"Super User\" \/>\n<meta name=\"twitter:card\" content=\"summary_large_image\" \/>\n<meta name=\"twitter:creator\" content=\"@ppdegalicia\" \/>\n<meta name=\"twitter:site\" content=\"@ppdegalicia\" \/>\n<meta name=\"twitter:label1\" content=\"Escrito por\" \/>\n\t<meta name=\"twitter:data1\" content=\"Super User\" \/>\n\t<meta name=\"twitter:label2\" content=\"Tiempo de lectura\" \/>\n\t<meta name=\"twitter:data2\" content=\"2 minutos\" \/>\n<script type=\"application\/ld+json\" class=\"yoast-schema-graph\">{\"@context\":\"https:\\\/\\\/schema.org\",\"@graph\":[{\"@type\":\"Article\",\"@id\":\"https:\\\/\\\/ppdegalicia.com\\\/es\\\/feijoo-anuncia-licitacion-da-xestion-do-centro-de-tratamento-de-residuos-industriais\\\/#article\",\"isPartOf\":{\"@id\":\"https:\\\/\\\/ppdegalicia.com\\\/es\\\/feijoo-anuncia-licitacion-da-xestion-do-centro-de-tratamento-de-residuos-industriais\\\/\"},\"author\":{\"name\":\"Super User\",\"@id\":\"https:\\\/\\\/ppdegalicia.com\\\/es\\\/#\\\/schema\\\/person\\\/d0f013b8388c980665d44009ab762960\"},\"headline\":\"Feij\u00f3o anuncia licitaci\u00f3n da xesti\u00f3n do Centro de Tratamento de Residuos Industriais\",\"datePublished\":\"2016-03-03T16:29:21+00:00\",\"mainEntityOfPage\":{\"@id\":\"https:\\\/\\\/ppdegalicia.com\\\/es\\\/feijoo-anuncia-licitacion-da-xestion-do-centro-de-tratamento-de-residuos-industriais\\\/\"},\"wordCount\":428,\"commentCount\":0,\"publisher\":{\"@id\":\"https:\\\/\\\/ppdegalicia.com\\\/es\\\/#organization\"},\"articleSection\":[\"PP de Galicia\"],\"inLanguage\":\"es\",\"potentialAction\":[{\"@type\":\"CommentAction\",\"name\":\"Comment\",\"target\":[\"https:\\\/\\\/ppdegalicia.com\\\/es\\\/feijoo-anuncia-licitacion-da-xestion-do-centro-de-tratamento-de-residuos-industriais\\\/#respond\"]}]},{\"@type\":\"WebPage\",\"@id\":\"https:\\\/\\\/ppdegalicia.com\\\/es\\\/feijoo-anuncia-licitacion-da-xestion-do-centro-de-tratamento-de-residuos-industriais\\\/\",\"url\":\"https:\\\/\\\/ppdegalicia.com\\\/es\\\/feijoo-anuncia-licitacion-da-xestion-do-centro-de-tratamento-de-residuos-industriais\\\/\",\"name\":\"Feij\u00f3o anuncia licitaci\u00f3n da xesti\u00f3n do Centro de Tratamento de Residuos Industriais - PP de Galicia\",\"isPartOf\":{\"@id\":\"https:\\\/\\\/ppdegalicia.com\\\/es\\\/#website\"},\"datePublished\":\"2016-03-03T16:29:21+00:00\",\"breadcrumb\":{\"@id\":\"https:\\\/\\\/ppdegalicia.com\\\/es\\\/feijoo-anuncia-licitacion-da-xestion-do-centro-de-tratamento-de-residuos-industriais\\\/#breadcrumb\"},\"inLanguage\":\"es\",\"potentialAction\":[{\"@type\":\"ReadAction\",\"target\":[\"https:\\\/\\\/ppdegalicia.com\\\/es\\\/feijoo-anuncia-licitacion-da-xestion-do-centro-de-tratamento-de-residuos-industriais\\\/\"]}]},{\"@type\":\"BreadcrumbList\",\"@id\":\"https:\\\/\\\/ppdegalicia.com\\\/es\\\/feijoo-anuncia-licitacion-da-xestion-do-centro-de-tratamento-de-residuos-industriais\\\/#breadcrumb\",\"itemListElement\":[{\"@type\":\"ListItem\",\"position\":1,\"name\":\"Portada\",\"item\":\"https:\\\/\\\/ppdegalicia.com\\\/es\\\/\"},{\"@type\":\"ListItem\",\"position\":2,\"name\":\"Feij\u00f3o anuncia licitaci\u00f3n da xesti\u00f3n do Centro de Tratamento de Residuos Industriais\"}]},{\"@type\":\"WebSite\",\"@id\":\"https:\\\/\\\/ppdegalicia.com\\\/es\\\/#website\",\"url\":\"https:\\\/\\\/ppdegalicia.com\\\/es\\\/\",\"name\":\"Partido Popular de Galicia\",\"description\":\"Partido Popular de Galicia\",\"publisher\":{\"@id\":\"https:\\\/\\\/ppdegalicia.com\\\/es\\\/#organization\"},\"alternateName\":\"PP de Galicia\",\"potentialAction\":[{\"@type\":\"SearchAction\",\"target\":{\"@type\":\"EntryPoint\",\"urlTemplate\":\"https:\\\/\\\/ppdegalicia.com\\\/es\\\/?s={search_term_string}\"},\"query-input\":{\"@type\":\"PropertyValueSpecification\",\"valueRequired\":true,\"valueName\":\"search_term_string\"}}],\"inLanguage\":\"es\"},{\"@type\":\"Organization\",\"@id\":\"https:\\\/\\\/ppdegalicia.com\\\/es\\\/#organization\",\"name\":\"Partido Popular de Galicia\",\"alternateName\":\"PP de Galicia\",\"url\":\"https:\\\/\\\/ppdegalicia.com\\\/es\\\/\",\"logo\":{\"@type\":\"ImageObject\",\"inLanguage\":\"es\",\"@id\":\"https:\\\/\\\/ppdegalicia.com\\\/es\\\/#\\\/schema\\\/logo\\\/image\\\/\",\"url\":\"https:\\\/\\\/ppdegalicia.com\\\/wp-content\\\/uploads\\\/2023\\\/04\\\/logoPP512.png\",\"contentUrl\":\"https:\\\/\\\/ppdegalicia.com\\\/wp-content\\\/uploads\\\/2023\\\/04\\\/logoPP512.png\",\"width\":512,\"height\":512,\"caption\":\"Partido Popular de Galicia\"},\"image\":{\"@id\":\"https:\\\/\\\/ppdegalicia.com\\\/es\\\/#\\\/schema\\\/logo\\\/image\\\/\"},\"sameAs\":[\"https:\\\/\\\/www.instagram.com\\\/ppdegalicia\\\/\",\"https:\\\/\\\/x.com\\\/ppdegalicia\",\"https:\\\/\\\/www.tiktok.com\\\/@ppdegalicia\",\"https:\\\/\\\/www.youtube.com\\\/user\\\/ppdegalicia\"]},{\"@type\":\"Person\",\"@id\":\"https:\\\/\\\/ppdegalicia.com\\\/es\\\/#\\\/schema\\\/person\\\/d0f013b8388c980665d44009ab762960\",\"name\":\"Super User\",\"image\":{\"@type\":\"ImageObject\",\"inLanguage\":\"es\",\"@id\":\"https:\\\/\\\/secure.gravatar.com\\\/avatar\\\/1db852625ef4948f58d2739bfbc51e4b9bd5c93b8fa340b59fdb594ca0845645?s=96&d=mm&r=g\",\"url\":\"https:\\\/\\\/secure.gravatar.com\\\/avatar\\\/1db852625ef4948f58d2739bfbc51e4b9bd5c93b8fa340b59fdb594ca0845645?s=96&d=mm&r=g\",\"contentUrl\":\"https:\\\/\\\/secure.gravatar.com\\\/avatar\\\/1db852625ef4948f58d2739bfbc51e4b9bd5c93b8fa340b59fdb594ca0845645?s=96&d=mm&r=g\",\"caption\":\"Super User\"},\"url\":\"https:\\\/\\\/ppdegalicia.com\\\/es\\\/author\\\/ppdegaliciagestion\\\/\"}]}<\/script>\n<!-- \/ Yoast SEO plugin. -->","yoast_head_json":{"title":"Feij\u00f3o anuncia licitaci\u00f3n da xesti\u00f3n do Centro de Tratamento de Residuos Industriais - PP de Galicia","robots":{"index":"index","follow":"follow","max-snippet":"max-snippet:-1","max-image-preview":"max-image-preview:large","max-video-preview":"max-video-preview:-1"},"canonical":"https:\/\/ppdegalicia.com\/es\/feijoo-anuncia-licitacion-da-xestion-do-centro-de-tratamento-de-residuos-industriais\/","og_locale":"es_ES","og_type":"article","og_title":"Feij\u00f3o anuncia licitaci\u00f3n da xesti\u00f3n do Centro de Tratamento de Residuos Industriais - PP de Galicia","og_description":"Santiago, 3 de marzo de 2016.- O l\u00edder do PPdeG, Alberto N\u00fa\u00f1ez Feij\u00f3o, avanzou hoxe a aprobaci\u00f3n da licitaci\u00f3n da xesti\u00f3n do Centro de Tratamento de Residuos Industriais de Galicia, que ata agora xestionaba Sogarisa, cun contrato que vence este ano e que agora se saca a concurso p\u00fablico entre todos os operadores de residuos [&hellip;]","og_url":"https:\/\/ppdegalicia.com\/es\/feijoo-anuncia-licitacion-da-xestion-do-centro-de-tratamento-de-residuos-industriais\/","og_site_name":"PP de Galicia","article_publisher":"https:\/\/www.instagram.com\/ppdegalicia\/","article_published_time":"2016-03-03T16:29:21+00:00","author":"Super User","twitter_card":"summary_large_image","twitter_creator":"@ppdegalicia","twitter_site":"@ppdegalicia","twitter_misc":{"Escrito por":"Super User","Tiempo de lectura":"2 minutos"},"schema":{"@context":"https:\/\/schema.org","@graph":[{"@type":"Article","@id":"https:\/\/ppdegalicia.com\/es\/feijoo-anuncia-licitacion-da-xestion-do-centro-de-tratamento-de-residuos-industriais\/#article","isPartOf":{"@id":"https:\/\/ppdegalicia.com\/es\/feijoo-anuncia-licitacion-da-xestion-do-centro-de-tratamento-de-residuos-industriais\/"},"author":{"name":"Super User","@id":"https:\/\/ppdegalicia.com\/es\/#\/schema\/person\/d0f013b8388c980665d44009ab762960"},"headline":"Feij\u00f3o anuncia licitaci\u00f3n da xesti\u00f3n do Centro de Tratamento de Residuos Industriais","datePublished":"2016-03-03T16:29:21+00:00","mainEntityOfPage":{"@id":"https:\/\/ppdegalicia.com\/es\/feijoo-anuncia-licitacion-da-xestion-do-centro-de-tratamento-de-residuos-industriais\/"},"wordCount":428,"commentCount":0,"publisher":{"@id":"https:\/\/ppdegalicia.com\/es\/#organization"},"articleSection":["PP de Galicia"],"inLanguage":"es","potentialAction":[{"@type":"CommentAction","name":"Comment","target":["https:\/\/ppdegalicia.com\/es\/feijoo-anuncia-licitacion-da-xestion-do-centro-de-tratamento-de-residuos-industriais\/#respond"]}]},{"@type":"WebPage","@id":"https:\/\/ppdegalicia.com\/es\/feijoo-anuncia-licitacion-da-xestion-do-centro-de-tratamento-de-residuos-industriais\/","url":"https:\/\/ppdegalicia.com\/es\/feijoo-anuncia-licitacion-da-xestion-do-centro-de-tratamento-de-residuos-industriais\/","name":"Feij\u00f3o anuncia licitaci\u00f3n da xesti\u00f3n do Centro de Tratamento de Residuos Industriais - PP de Galicia","isPartOf":{"@id":"https:\/\/ppdegalicia.com\/es\/#website"},"datePublished":"2016-03-03T16:29:21+00:00","breadcrumb":{"@id":"https:\/\/ppdegalicia.com\/es\/feijoo-anuncia-licitacion-da-xestion-do-centro-de-tratamento-de-residuos-industriais\/#breadcrumb"},"inLanguage":"es","potentialAction":[{"@type":"ReadAction","target":["https:\/\/ppdegalicia.com\/es\/feijoo-anuncia-licitacion-da-xestion-do-centro-de-tratamento-de-residuos-industriais\/"]}]},{"@type":"BreadcrumbList","@id":"https:\/\/ppdegalicia.com\/es\/feijoo-anuncia-licitacion-da-xestion-do-centro-de-tratamento-de-residuos-industriais\/#breadcrumb","itemListElement":[{"@type":"ListItem","position":1,"name":"Portada","item":"https:\/\/ppdegalicia.com\/es\/"},{"@type":"ListItem","position":2,"name":"Feij\u00f3o anuncia licitaci\u00f3n da xesti\u00f3n do Centro de Tratamento de Residuos Industriais"}]},{"@type":"WebSite","@id":"https:\/\/ppdegalicia.com\/es\/#website","url":"https:\/\/ppdegalicia.com\/es\/","name":"Partido Popular de Galicia","description":"Partido Popular de Galicia","publisher":{"@id":"https:\/\/ppdegalicia.com\/es\/#organization"},"alternateName":"PP de Galicia","potentialAction":[{"@type":"SearchAction","target":{"@type":"EntryPoint","urlTemplate":"https:\/\/ppdegalicia.com\/es\/?s={search_term_string}"},"query-input":{"@type":"PropertyValueSpecification","valueRequired":true,"valueName":"search_term_string"}}],"inLanguage":"es"},{"@type":"Organization","@id":"https:\/\/ppdegalicia.com\/es\/#organization","name":"Partido Popular de Galicia","alternateName":"PP de Galicia","url":"https:\/\/ppdegalicia.com\/es\/","logo":{"@type":"ImageObject","inLanguage":"es","@id":"https:\/\/ppdegalicia.com\/es\/#\/schema\/logo\/image\/","url":"https:\/\/ppdegalicia.com\/wp-content\/uploads\/2023\/04\/logoPP512.png","contentUrl":"https:\/\/ppdegalicia.com\/wp-content\/uploads\/2023\/04\/logoPP512.png","width":512,"height":512,"caption":"Partido Popular de Galicia"},"image":{"@id":"https:\/\/ppdegalicia.com\/es\/#\/schema\/logo\/image\/"},"sameAs":["https:\/\/www.instagram.com\/ppdegalicia\/","https:\/\/x.com\/ppdegalicia","https:\/\/www.tiktok.com\/@ppdegalicia","https:\/\/www.youtube.com\/user\/ppdegalicia"]},{"@type":"Person","@id":"https:\/\/ppdegalicia.com\/es\/#\/schema\/person\/d0f013b8388c980665d44009ab762960","name":"Super User","image":{"@type":"ImageObject","inLanguage":"es","@id":"https:\/\/secure.gravatar.com\/avatar\/1db852625ef4948f58d2739bfbc51e4b9bd5c93b8fa340b59fdb594ca0845645?s=96&d=mm&r=g","url":"https:\/\/secure.gravatar.com\/avatar\/1db852625ef4948f58d2739bfbc51e4b9bd5c93b8fa340b59fdb594ca0845645?s=96&d=mm&r=g","contentUrl":"https:\/\/secure.gravatar.com\/avatar\/1db852625ef4948f58d2739bfbc51e4b9bd5c93b8fa340b59fdb594ca0845645?s=96&d=mm&r=g","caption":"Super User"},"url":"https:\/\/ppdegalicia.com\/es\/author\/ppdegaliciagestion\/"}]}},"_links":{"self":[{"href":"https:\/\/ppdegalicia.com\/es\/wp-json\/wp\/v2\/posts\/51781","targetHints":{"allow":["GET"]}}],"collection":[{"href":"https:\/\/ppdegalicia.com\/es\/wp-json\/wp\/v2\/posts"}],"about":[{"href":"https:\/\/ppdegalicia.com\/es\/wp-json\/wp\/v2\/types\/post"}],"author":[{"embeddable":true,"href":"https:\/\/ppdegalicia.com\/es\/wp-json\/wp\/v2\/users\/37"}],"replies":[{"embeddable":true,"href":"https:\/\/ppdegalicia.com\/es\/wp-json\/wp\/v2\/comments?post=51781"}],"version-history":[{"count":0,"href":"https:\/\/ppdegalicia.com\/es\/wp-json\/wp\/v2\/posts\/51781\/revisions"}],"wp:attachment":[{"href":"https:\/\/ppdegalicia.com\/es\/wp-json\/wp\/v2\/media?parent=51781"}],"wp:term":[{"taxonomy":"category","embeddable":true,"href":"https:\/\/ppdegalicia.com\/es\/wp-json\/wp\/v2\/categories?post=51781"},{"taxonomy":"post_tag","embeddable":true,"href":"https:\/\/ppdegalicia.com\/es\/wp-json\/wp\/v2\/tags?post=51781"}],"curies":[{"name":"wp","href":"https:\/\/api.w.org\/{rel}","templated":true}]}}