{"id":51782,"date":"2016-03-03T18:34:06","date_gmt":"2016-03-03T16:34:06","guid":{"rendered":"https:\/\/ppdegalicia.com\/feijoo-avanza-unha-achega-de-22m-en-2016-para-impulsar-a-concentracion-parcelaria\/"},"modified":"2016-03-03T18:34:06","modified_gmt":"2016-03-03T16:34:06","slug":"feijoo-avanza-unha-achega-de-22m-en-2016-para-impulsar-a-concentracion-parcelaria","status":"publish","type":"post","link":"https:\/\/ppdegalicia.com\/es\/feijoo-avanza-unha-achega-de-22m-en-2016-para-impulsar-a-concentracion-parcelaria\/","title":{"rendered":"Feij\u00f3o avanza unha achega de 22M\u20ac en 2016 para impulsar a concentraci\u00f3n parcelaria"},"content":{"rendered":"<p style=\"text-align: justify; margin: 0px 0px 1em; padding: 0px; border: 0px; font-family: Arial, Helvetica, Geneva, sans-serif; background-repeat: no-repeat;\"><span class=\"fckBold\" style=\"margin: 0px; padding: 0px; border: 0px; border-image-source: initial; border-image-slice: initial; border-image-width: initial; border-image-outset: initial; border-image-repeat: initial; background-repeat: no-repeat;\"><b>Santiago, 3 de marzo de 2016.-<\/b><\/span><span class=\"fckBold\" style=\"margin: 0px; padding: 0px; border: 0px; border-image-source: initial; border-image-slice: initial; border-image-width: initial; border-image-outset: initial; border-image-repeat: initial; font-weight: bold; background-repeat: no-repeat;\"> <\/span>O presidente do PPdeG, Alberto N\u00fa\u00f1ez Feij\u00f3o, avanzou hoxe unha achega de 22 mill\u00f3ns de euros en 2016, o maior investimento nos \u00faltimos sete anos, para impulsar a concentraci\u00f3n parcelaria. \u201cSeguimos avanzando e, aproveitando a mellora da situaci\u00f3n econ\u00f3mica, hoxe aprobamos que en 2016 se faga o maior investimento dos \u00faltimos sete anos para impulsar a concentraci\u00f3n parcelaria: 22 mill\u00f3ns de euros. Multiplicamos por tres o investimento dedicado a concentraci\u00f3n parcelaria e pasamos dunha media de oito mill\u00f3ns anuais a 22 mill\u00f3ns en 2016\u201d, dixo.<\/p>\n<p style=\"text-align: justify; margin: 0px 0px 1em; padding: 0px; border: 0px; font-family: Arial, Helvetica, Geneva, sans-serif; background-repeat: no-repeat;\">Nun primeiro termo, Feij\u00f3o asegurou que con este investimento remataranse as 137 zonas activas e empezarase a traballar nas zonas prioritarias agro-grandeiras. \u201cE os criterios de priorizaci\u00f3n \u2013precisou- son as zonas con importancia hort\u00edcola, vin\u00edcola e forestal\u201d.<\/p>\n<p style=\"text-align: justify; margin: 0px 0px 1em; padding: 0px; border: 0px; font-family: Arial, Helvetica, Geneva, sans-serif; background-repeat: no-repeat;\">As\u00ed mesmo, explicou que as 137 zonas sup\u00f3n actuar en preto de 120.000 hect\u00e1reas, en case un mill\u00f3n de parcelas e beneficiar a 100.000 propietarios.<\/p>\n<p style=\"text-align: justify; margin: 0px 0px 1em; padding: 0px; border: 0px; font-family: Arial, Helvetica, Geneva, sans-serif; background-repeat: no-repeat;\">Logo de precisar que dentro de catro anos estar\u00e1n finalizadas administrativamente practicamente todas as concentraci\u00f3ns parcelarias que se iniciaron en Galicia, o mandatario salientou que a orde de prioridade para decidir as actuaci\u00f3ns ser\u00e1 a seguinte: aquelas que favorezan o final de procesos de reestruturaci\u00f3n parcelaria que estaban a piques da s\u00faa finalizaci\u00f3n definitiva; as que propicien o avance dos procesos de reestruturaci\u00f3n que te\u00f1an unha incidencia econ\u00f3mica importante; e os traballos previos ao decreto de utilidade p\u00fablica de novas zonas de reestruturaci\u00f3n parcelaria.<\/p>\n<p style=\"text-align: justify; margin: 0px 0px 1em; padding: 0px; border: 0px; font-family: Arial, Helvetica, Geneva, sans-serif; background-repeat: no-repeat;\">Feij\u00f3o lembrou que o proceso de concentraci\u00f3n e ordenaci\u00f3n da estrutura agr\u00edcola ten cinco obxectivos principais: \u201cMellorar a rendibilidade da actividade produtiva; facilitar que os predios abandonados ou que non formen parte de explotaci\u00f3ns poidan mobilizarse para uso agrario; minimizar os efectos que poidan ter as grandes obras p\u00fablicas ou explotaci\u00f3ns de coutos mineiros; potenciar a conservaci\u00f3n das zonas de maior interese ambiental; e reducir as emisi\u00f3ns que se derivan dos longos desprazamentos polas explotaci\u00f3ns dispersas\u201d.<\/p>\n","protected":false},"excerpt":{"rendered":"<p>Santiago, 3 de marzo de 2016.- O presidente do PPdeG, Alberto N\u00fa\u00f1ez Feij\u00f3o, avanzou hoxe unha achega de 22 mill\u00f3ns de euros en 2016, o maior investimento nos \u00faltimos sete anos, para impulsar a concentraci\u00f3n parcelaria. \u201cSeguimos avanzando e, aproveitando a mellora da situaci\u00f3n econ\u00f3mica, hoxe aprobamos que en 2016 se faga o maior investimento [&hellip;]<\/p>\n","protected":false},"author":37,"featured_media":0,"comment_status":"open","ping_status":"open","sticky":false,"template":"","format":"standard","meta":{"_acf_changed":false,"footnotes":""},"categories":[1],"tags":[],"class_list":["post-51782","post","type-post","status-publish","format-standard","hentry","category-pp-de-galicia"],"acf":[],"yoast_head":"<!-- This site is optimized with the Yoast SEO plugin v27.3 - https:\/\/yoast.com\/product\/yoast-seo-wordpress\/ -->\n<title>Feij\u00f3o avanza unha achega de 22M\u20ac en 2016 para impulsar a concentraci\u00f3n parcelaria - PP de Galicia<\/title>\n<meta name=\"robots\" content=\"index, follow, max-snippet:-1, max-image-preview:large, max-video-preview:-1\" \/>\n<link rel=\"canonical\" href=\"https:\/\/ppdegalicia.com\/es\/feijoo-avanza-unha-achega-de-22m-en-2016-para-impulsar-a-concentracion-parcelaria\/\" \/>\n<meta property=\"og:locale\" content=\"es_ES\" \/>\n<meta property=\"og:type\" content=\"article\" \/>\n<meta property=\"og:title\" content=\"Feij\u00f3o avanza unha achega de 22M\u20ac en 2016 para impulsar a concentraci\u00f3n parcelaria - PP de Galicia\" \/>\n<meta property=\"og:description\" content=\"Santiago, 3 de marzo de 2016.- O presidente do PPdeG, Alberto N\u00fa\u00f1ez Feij\u00f3o, avanzou hoxe unha achega de 22 mill\u00f3ns de euros en 2016, o maior investimento nos \u00faltimos sete anos, para impulsar a concentraci\u00f3n parcelaria. \u201cSeguimos avanzando e, aproveitando a mellora da situaci\u00f3n econ\u00f3mica, hoxe aprobamos que en 2016 se faga o maior investimento [&hellip;]\" \/>\n<meta property=\"og:url\" content=\"https:\/\/ppdegalicia.com\/es\/feijoo-avanza-unha-achega-de-22m-en-2016-para-impulsar-a-concentracion-parcelaria\/\" \/>\n<meta property=\"og:site_name\" content=\"PP de Galicia\" \/>\n<meta property=\"article:publisher\" content=\"https:\/\/www.instagram.com\/ppdegalicia\/\" \/>\n<meta property=\"article:published_time\" content=\"2016-03-03T16:34:06+00:00\" \/>\n<meta name=\"author\" content=\"Super User\" \/>\n<meta name=\"twitter:card\" content=\"summary_large_image\" \/>\n<meta name=\"twitter:creator\" content=\"@ppdegalicia\" \/>\n<meta name=\"twitter:site\" content=\"@ppdegalicia\" \/>\n<meta name=\"twitter:label1\" content=\"Escrito por\" \/>\n\t<meta name=\"twitter:data1\" content=\"Super User\" \/>\n\t<meta name=\"twitter:label2\" content=\"Tiempo de lectura\" \/>\n\t<meta name=\"twitter:data2\" content=\"2 minutos\" \/>\n<script type=\"application\/ld+json\" class=\"yoast-schema-graph\">{\"@context\":\"https:\\\/\\\/schema.org\",\"@graph\":[{\"@type\":\"Article\",\"@id\":\"https:\\\/\\\/ppdegalicia.com\\\/es\\\/feijoo-avanza-unha-achega-de-22m-en-2016-para-impulsar-a-concentracion-parcelaria\\\/#article\",\"isPartOf\":{\"@id\":\"https:\\\/\\\/ppdegalicia.com\\\/es\\\/feijoo-avanza-unha-achega-de-22m-en-2016-para-impulsar-a-concentracion-parcelaria\\\/\"},\"author\":{\"name\":\"Super User\",\"@id\":\"https:\\\/\\\/ppdegalicia.com\\\/es\\\/#\\\/schema\\\/person\\\/d0f013b8388c980665d44009ab762960\"},\"headline\":\"Feij\u00f3o avanza unha achega de 22M\u20ac en 2016 para impulsar a concentraci\u00f3n parcelaria\",\"datePublished\":\"2016-03-03T16:34:06+00:00\",\"mainEntityOfPage\":{\"@id\":\"https:\\\/\\\/ppdegalicia.com\\\/es\\\/feijoo-avanza-unha-achega-de-22m-en-2016-para-impulsar-a-concentracion-parcelaria\\\/\"},\"wordCount\":355,\"commentCount\":0,\"publisher\":{\"@id\":\"https:\\\/\\\/ppdegalicia.com\\\/es\\\/#organization\"},\"articleSection\":[\"PP de Galicia\"],\"inLanguage\":\"es\",\"potentialAction\":[{\"@type\":\"CommentAction\",\"name\":\"Comment\",\"target\":[\"https:\\\/\\\/ppdegalicia.com\\\/es\\\/feijoo-avanza-unha-achega-de-22m-en-2016-para-impulsar-a-concentracion-parcelaria\\\/#respond\"]}]},{\"@type\":\"WebPage\",\"@id\":\"https:\\\/\\\/ppdegalicia.com\\\/es\\\/feijoo-avanza-unha-achega-de-22m-en-2016-para-impulsar-a-concentracion-parcelaria\\\/\",\"url\":\"https:\\\/\\\/ppdegalicia.com\\\/es\\\/feijoo-avanza-unha-achega-de-22m-en-2016-para-impulsar-a-concentracion-parcelaria\\\/\",\"name\":\"Feij\u00f3o avanza unha achega de 22M\u20ac en 2016 para impulsar a concentraci\u00f3n parcelaria - PP de Galicia\",\"isPartOf\":{\"@id\":\"https:\\\/\\\/ppdegalicia.com\\\/es\\\/#website\"},\"datePublished\":\"2016-03-03T16:34:06+00:00\",\"breadcrumb\":{\"@id\":\"https:\\\/\\\/ppdegalicia.com\\\/es\\\/feijoo-avanza-unha-achega-de-22m-en-2016-para-impulsar-a-concentracion-parcelaria\\\/#breadcrumb\"},\"inLanguage\":\"es\",\"potentialAction\":[{\"@type\":\"ReadAction\",\"target\":[\"https:\\\/\\\/ppdegalicia.com\\\/es\\\/feijoo-avanza-unha-achega-de-22m-en-2016-para-impulsar-a-concentracion-parcelaria\\\/\"]}]},{\"@type\":\"BreadcrumbList\",\"@id\":\"https:\\\/\\\/ppdegalicia.com\\\/es\\\/feijoo-avanza-unha-achega-de-22m-en-2016-para-impulsar-a-concentracion-parcelaria\\\/#breadcrumb\",\"itemListElement\":[{\"@type\":\"ListItem\",\"position\":1,\"name\":\"Portada\",\"item\":\"https:\\\/\\\/ppdegalicia.com\\\/es\\\/\"},{\"@type\":\"ListItem\",\"position\":2,\"name\":\"Feij\u00f3o avanza unha achega de 22M\u20ac en 2016 para impulsar a concentraci\u00f3n parcelaria\"}]},{\"@type\":\"WebSite\",\"@id\":\"https:\\\/\\\/ppdegalicia.com\\\/es\\\/#website\",\"url\":\"https:\\\/\\\/ppdegalicia.com\\\/es\\\/\",\"name\":\"Partido Popular de Galicia\",\"description\":\"Partido Popular de Galicia\",\"publisher\":{\"@id\":\"https:\\\/\\\/ppdegalicia.com\\\/es\\\/#organization\"},\"alternateName\":\"PP de Galicia\",\"potentialAction\":[{\"@type\":\"SearchAction\",\"target\":{\"@type\":\"EntryPoint\",\"urlTemplate\":\"https:\\\/\\\/ppdegalicia.com\\\/es\\\/?s={search_term_string}\"},\"query-input\":{\"@type\":\"PropertyValueSpecification\",\"valueRequired\":true,\"valueName\":\"search_term_string\"}}],\"inLanguage\":\"es\"},{\"@type\":\"Organization\",\"@id\":\"https:\\\/\\\/ppdegalicia.com\\\/es\\\/#organization\",\"name\":\"Partido Popular de Galicia\",\"alternateName\":\"PP de Galicia\",\"url\":\"https:\\\/\\\/ppdegalicia.com\\\/es\\\/\",\"logo\":{\"@type\":\"ImageObject\",\"inLanguage\":\"es\",\"@id\":\"https:\\\/\\\/ppdegalicia.com\\\/es\\\/#\\\/schema\\\/logo\\\/image\\\/\",\"url\":\"https:\\\/\\\/ppdegalicia.com\\\/wp-content\\\/uploads\\\/2023\\\/04\\\/logoPP512.png\",\"contentUrl\":\"https:\\\/\\\/ppdegalicia.com\\\/wp-content\\\/uploads\\\/2023\\\/04\\\/logoPP512.png\",\"width\":512,\"height\":512,\"caption\":\"Partido Popular de Galicia\"},\"image\":{\"@id\":\"https:\\\/\\\/ppdegalicia.com\\\/es\\\/#\\\/schema\\\/logo\\\/image\\\/\"},\"sameAs\":[\"https:\\\/\\\/www.instagram.com\\\/ppdegalicia\\\/\",\"https:\\\/\\\/x.com\\\/ppdegalicia\",\"https:\\\/\\\/www.tiktok.com\\\/@ppdegalicia\",\"https:\\\/\\\/www.youtube.com\\\/user\\\/ppdegalicia\"]},{\"@type\":\"Person\",\"@id\":\"https:\\\/\\\/ppdegalicia.com\\\/es\\\/#\\\/schema\\\/person\\\/d0f013b8388c980665d44009ab762960\",\"name\":\"Super User\",\"image\":{\"@type\":\"ImageObject\",\"inLanguage\":\"es\",\"@id\":\"https:\\\/\\\/secure.gravatar.com\\\/avatar\\\/1db852625ef4948f58d2739bfbc51e4b9bd5c93b8fa340b59fdb594ca0845645?s=96&d=mm&r=g\",\"url\":\"https:\\\/\\\/secure.gravatar.com\\\/avatar\\\/1db852625ef4948f58d2739bfbc51e4b9bd5c93b8fa340b59fdb594ca0845645?s=96&d=mm&r=g\",\"contentUrl\":\"https:\\\/\\\/secure.gravatar.com\\\/avatar\\\/1db852625ef4948f58d2739bfbc51e4b9bd5c93b8fa340b59fdb594ca0845645?s=96&d=mm&r=g\",\"caption\":\"Super User\"},\"url\":\"https:\\\/\\\/ppdegalicia.com\\\/es\\\/author\\\/ppdegaliciagestion\\\/\"}]}<\/script>\n<!-- \/ Yoast SEO plugin. -->","yoast_head_json":{"title":"Feij\u00f3o avanza unha achega de 22M\u20ac en 2016 para impulsar a concentraci\u00f3n parcelaria - PP de Galicia","robots":{"index":"index","follow":"follow","max-snippet":"max-snippet:-1","max-image-preview":"max-image-preview:large","max-video-preview":"max-video-preview:-1"},"canonical":"https:\/\/ppdegalicia.com\/es\/feijoo-avanza-unha-achega-de-22m-en-2016-para-impulsar-a-concentracion-parcelaria\/","og_locale":"es_ES","og_type":"article","og_title":"Feij\u00f3o avanza unha achega de 22M\u20ac en 2016 para impulsar a concentraci\u00f3n parcelaria - PP de Galicia","og_description":"Santiago, 3 de marzo de 2016.- O presidente do PPdeG, Alberto N\u00fa\u00f1ez Feij\u00f3o, avanzou hoxe unha achega de 22 mill\u00f3ns de euros en 2016, o maior investimento nos \u00faltimos sete anos, para impulsar a concentraci\u00f3n parcelaria. \u201cSeguimos avanzando e, aproveitando a mellora da situaci\u00f3n econ\u00f3mica, hoxe aprobamos que en 2016 se faga o maior investimento [&hellip;]","og_url":"https:\/\/ppdegalicia.com\/es\/feijoo-avanza-unha-achega-de-22m-en-2016-para-impulsar-a-concentracion-parcelaria\/","og_site_name":"PP de Galicia","article_publisher":"https:\/\/www.instagram.com\/ppdegalicia\/","article_published_time":"2016-03-03T16:34:06+00:00","author":"Super User","twitter_card":"summary_large_image","twitter_creator":"@ppdegalicia","twitter_site":"@ppdegalicia","twitter_misc":{"Escrito por":"Super User","Tiempo de lectura":"2 minutos"},"schema":{"@context":"https:\/\/schema.org","@graph":[{"@type":"Article","@id":"https:\/\/ppdegalicia.com\/es\/feijoo-avanza-unha-achega-de-22m-en-2016-para-impulsar-a-concentracion-parcelaria\/#article","isPartOf":{"@id":"https:\/\/ppdegalicia.com\/es\/feijoo-avanza-unha-achega-de-22m-en-2016-para-impulsar-a-concentracion-parcelaria\/"},"author":{"name":"Super User","@id":"https:\/\/ppdegalicia.com\/es\/#\/schema\/person\/d0f013b8388c980665d44009ab762960"},"headline":"Feij\u00f3o avanza unha achega de 22M\u20ac en 2016 para impulsar a concentraci\u00f3n parcelaria","datePublished":"2016-03-03T16:34:06+00:00","mainEntityOfPage":{"@id":"https:\/\/ppdegalicia.com\/es\/feijoo-avanza-unha-achega-de-22m-en-2016-para-impulsar-a-concentracion-parcelaria\/"},"wordCount":355,"commentCount":0,"publisher":{"@id":"https:\/\/ppdegalicia.com\/es\/#organization"},"articleSection":["PP de Galicia"],"inLanguage":"es","potentialAction":[{"@type":"CommentAction","name":"Comment","target":["https:\/\/ppdegalicia.com\/es\/feijoo-avanza-unha-achega-de-22m-en-2016-para-impulsar-a-concentracion-parcelaria\/#respond"]}]},{"@type":"WebPage","@id":"https:\/\/ppdegalicia.com\/es\/feijoo-avanza-unha-achega-de-22m-en-2016-para-impulsar-a-concentracion-parcelaria\/","url":"https:\/\/ppdegalicia.com\/es\/feijoo-avanza-unha-achega-de-22m-en-2016-para-impulsar-a-concentracion-parcelaria\/","name":"Feij\u00f3o avanza unha achega de 22M\u20ac en 2016 para impulsar a concentraci\u00f3n parcelaria - PP de Galicia","isPartOf":{"@id":"https:\/\/ppdegalicia.com\/es\/#website"},"datePublished":"2016-03-03T16:34:06+00:00","breadcrumb":{"@id":"https:\/\/ppdegalicia.com\/es\/feijoo-avanza-unha-achega-de-22m-en-2016-para-impulsar-a-concentracion-parcelaria\/#breadcrumb"},"inLanguage":"es","potentialAction":[{"@type":"ReadAction","target":["https:\/\/ppdegalicia.com\/es\/feijoo-avanza-unha-achega-de-22m-en-2016-para-impulsar-a-concentracion-parcelaria\/"]}]},{"@type":"BreadcrumbList","@id":"https:\/\/ppdegalicia.com\/es\/feijoo-avanza-unha-achega-de-22m-en-2016-para-impulsar-a-concentracion-parcelaria\/#breadcrumb","itemListElement":[{"@type":"ListItem","position":1,"name":"Portada","item":"https:\/\/ppdegalicia.com\/es\/"},{"@type":"ListItem","position":2,"name":"Feij\u00f3o avanza unha achega de 22M\u20ac en 2016 para impulsar a concentraci\u00f3n parcelaria"}]},{"@type":"WebSite","@id":"https:\/\/ppdegalicia.com\/es\/#website","url":"https:\/\/ppdegalicia.com\/es\/","name":"Partido Popular de Galicia","description":"Partido Popular de Galicia","publisher":{"@id":"https:\/\/ppdegalicia.com\/es\/#organization"},"alternateName":"PP de Galicia","potentialAction":[{"@type":"SearchAction","target":{"@type":"EntryPoint","urlTemplate":"https:\/\/ppdegalicia.com\/es\/?s={search_term_string}"},"query-input":{"@type":"PropertyValueSpecification","valueRequired":true,"valueName":"search_term_string"}}],"inLanguage":"es"},{"@type":"Organization","@id":"https:\/\/ppdegalicia.com\/es\/#organization","name":"Partido Popular de Galicia","alternateName":"PP de Galicia","url":"https:\/\/ppdegalicia.com\/es\/","logo":{"@type":"ImageObject","inLanguage":"es","@id":"https:\/\/ppdegalicia.com\/es\/#\/schema\/logo\/image\/","url":"https:\/\/ppdegalicia.com\/wp-content\/uploads\/2023\/04\/logoPP512.png","contentUrl":"https:\/\/ppdegalicia.com\/wp-content\/uploads\/2023\/04\/logoPP512.png","width":512,"height":512,"caption":"Partido Popular de Galicia"},"image":{"@id":"https:\/\/ppdegalicia.com\/es\/#\/schema\/logo\/image\/"},"sameAs":["https:\/\/www.instagram.com\/ppdegalicia\/","https:\/\/x.com\/ppdegalicia","https:\/\/www.tiktok.com\/@ppdegalicia","https:\/\/www.youtube.com\/user\/ppdegalicia"]},{"@type":"Person","@id":"https:\/\/ppdegalicia.com\/es\/#\/schema\/person\/d0f013b8388c980665d44009ab762960","name":"Super User","image":{"@type":"ImageObject","inLanguage":"es","@id":"https:\/\/secure.gravatar.com\/avatar\/1db852625ef4948f58d2739bfbc51e4b9bd5c93b8fa340b59fdb594ca0845645?s=96&d=mm&r=g","url":"https:\/\/secure.gravatar.com\/avatar\/1db852625ef4948f58d2739bfbc51e4b9bd5c93b8fa340b59fdb594ca0845645?s=96&d=mm&r=g","contentUrl":"https:\/\/secure.gravatar.com\/avatar\/1db852625ef4948f58d2739bfbc51e4b9bd5c93b8fa340b59fdb594ca0845645?s=96&d=mm&r=g","caption":"Super User"},"url":"https:\/\/ppdegalicia.com\/es\/author\/ppdegaliciagestion\/"}]}},"_links":{"self":[{"href":"https:\/\/ppdegalicia.com\/es\/wp-json\/wp\/v2\/posts\/51782","targetHints":{"allow":["GET"]}}],"collection":[{"href":"https:\/\/ppdegalicia.com\/es\/wp-json\/wp\/v2\/posts"}],"about":[{"href":"https:\/\/ppdegalicia.com\/es\/wp-json\/wp\/v2\/types\/post"}],"author":[{"embeddable":true,"href":"https:\/\/ppdegalicia.com\/es\/wp-json\/wp\/v2\/users\/37"}],"replies":[{"embeddable":true,"href":"https:\/\/ppdegalicia.com\/es\/wp-json\/wp\/v2\/comments?post=51782"}],"version-history":[{"count":0,"href":"https:\/\/ppdegalicia.com\/es\/wp-json\/wp\/v2\/posts\/51782\/revisions"}],"wp:attachment":[{"href":"https:\/\/ppdegalicia.com\/es\/wp-json\/wp\/v2\/media?parent=51782"}],"wp:term":[{"taxonomy":"category","embeddable":true,"href":"https:\/\/ppdegalicia.com\/es\/wp-json\/wp\/v2\/categories?post=51782"},{"taxonomy":"post_tag","embeddable":true,"href":"https:\/\/ppdegalicia.com\/es\/wp-json\/wp\/v2\/tags?post=51782"}],"curies":[{"name":"wp","href":"https:\/\/api.w.org\/{rel}","templated":true}]}}