{"id":51783,"date":"2016-03-04T12:53:12","date_gmt":"2016-03-04T10:53:12","guid":{"rendered":"https:\/\/ppdegalicia.com\/aprobado-o-ditame-da-proposicion-de-lei-para-a-transferencia-da-ap-9-a-xunta\/"},"modified":"2016-03-04T12:53:12","modified_gmt":"2016-03-04T10:53:12","slug":"aprobado-o-ditame-da-proposicion-de-lei-para-a-transferencia-da-ap-9-a-xunta","status":"publish","type":"post","link":"https:\/\/ppdegalicia.com\/es\/aprobado-o-ditame-da-proposicion-de-lei-para-a-transferencia-da-ap-9-a-xunta\/","title":{"rendered":"Aprobado o ditame da proposici\u00f3n de Lei para a transferencia da AP-9 \u00e1 Xunta"},"content":{"rendered":"<p><b>APROBADO EN COMISI\u00d3N O DITAME DA PROPOSICI\u00d3N DE LEI QUE SOLICITA A TRANSFERENCIA DA AP-9 \u00c1 XUNTA DE GALICIA <\/b><\/p>\n<p><b>\u00b7&nbsp;&nbsp; &nbsp;\u201cDebemos enviar unha mensaxe clara de que os galegos queremos xestionar esta infraestrutura que vertebra e comunica o norte e o sur de Galicia e que ten contribu\u00eddo e contrib\u00fae ao noso desenvolvemento\u201d, apuntou Goldar <\/b><\/p>\n<p>Santiago, 4 de marzo de 2016.- O Parlamento galego aprobou hoxe o ditame da proposici\u00f3n de Lei para remitir ao Congreso dos Deputados para a transferencia da titularidade e competencias da AP-9 \u00e1 Xunta de Galicia. O deputado do Grupo Popular Jes\u00fas Goldar avogou porque \u201ca unanimidade acadada na admisi\u00f3n a tr\u00e1mite se mante\u00f1a no debate de totalidade que ter\u00e1 lugar en sesi\u00f3n plenaria para enviar unha clara mensaxe de que os galegos queremos xestionar esta infraestrutura que vertebra e comunica o norte e o sur de Galicia e que ten contribu\u00eddo e contrib\u00fae notablemente ao desenvolvemento da Comunidade galega\u201d. <\/p>\n<p>Jes\u00fas Goldar lembrou que \u201ca Xunta ten unha pol\u00edtica activa en relaci\u00f3n coa autoestrada AP-9 de demanda continua ao Ministerio de Fomento dun mellor servizo nesta v\u00eda, as\u00ed como na intenci\u00f3n de asumir a s\u00faa explotaci\u00f3n\u201d. Neste sentido, lembrou que o Ministerio respondera no ano 2010 \u00e1 proposta de cambio de titularidade da AP-9 realizada desde a Xunta que \u201c\u00e9 un itinerario internacional e v\u00eda de acceso a portos e aeroportos de interese xeral, polo que \u00e9 unha autoestrada de interese xeral para o Estado e debe estar integrada dentro da rede nacional de estradas\u201d.<\/p>\n<p><b><br \/>INTEGRAMENTE POR TERRITORIO GALEGO<\/b><\/p>\n<p>\u201cPor\u00e9n, a Xunta de Galicia discrepou destas afirmaci\u00f3ns porque entend\u00eda e segue a entender que a AP-9 non \u00e9 un acceso a portos o aeroportos de interese xeral, non sirve de acceso a pasos fronteirizos, xa que a concesi\u00f3n da AP-9 concl\u00fae no enlace coa A-55 antes da fronteira con Portugal, e non enlaza comunidades aut\u00f3nomas, dado que o seu percorrido desenv\u00f3lvese na s\u00faa totalidade polo territorio de Galicia, sen ter continuidade cara a outros territorios\u201d, sinalou.<\/p>\n<p>Posteriormente, o Goberno galego reiterou a solicitude de traspaso en xaneiro de 2012, ao que se sumou \u201ca demanda para que posta en marcha de mecanismos para que os cidad\u00e1ns puideran beneficiarse das infraestruturas amortizadas prematuramente, situaci\u00f3n que ademais xera importantes agravios comparativos, desde o momento en que nunca existiu un verdadeiro modelo do que deber\u00eda ser a rede de autoestradas de peaxe\u201d, indicou Goldar.<\/p>\n<p>O deputado popular agardou que a tramitaci\u00f3n desta proposici\u00f3n de lei, logo da aprobaci\u00f3n do ditame en comisi\u00f3n parlamentaria esta ma\u00f1\u00e1 e a pr\u00f3xima aprobaci\u00f3n polo Pleno, \u201ccontin\u00fae \u00e1xil no Congreso dos Deputados coa fin de que se poida materializar o traspaso da AP-9 \u00e1 Comunidade galega no menor prazo de tempo posible\u201d. \u201cEntrementres, c\u00f3mpre demandar que o Ministerio preste o servizo nas mellores condici\u00f3ns e cunha pol\u00edtica de peaxes aca\u00edda, que \u00e9 o verdadeiramente transcendente\u201d, engadiu. <\/p>\n","protected":false},"excerpt":{"rendered":"<p>APROBADO EN COMISI\u00d3N O DITAME DA PROPOSICI\u00d3N DE LEI QUE SOLICITA A TRANSFERENCIA DA AP-9 \u00c1 XUNTA DE GALICIA \u00b7&nbsp;&nbsp; &nbsp;\u201cDebemos enviar unha mensaxe clara de que os galegos queremos xestionar esta infraestrutura que vertebra e comunica o norte e o sur de Galicia e que ten contribu\u00eddo e contrib\u00fae ao noso desenvolvemento\u201d, apuntou Goldar [&hellip;]<\/p>\n","protected":false},"author":37,"featured_media":0,"comment_status":"open","ping_status":"open","sticky":false,"template":"","format":"standard","meta":{"_acf_changed":false,"footnotes":""},"categories":[1],"tags":[],"class_list":["post-51783","post","type-post","status-publish","format-standard","hentry","category-pp-de-galicia"],"acf":[],"yoast_head":"<!-- This site is optimized with the Yoast SEO plugin v27.3 - https:\/\/yoast.com\/product\/yoast-seo-wordpress\/ -->\n<title>Aprobado o ditame da proposici\u00f3n de Lei para a transferencia da AP-9 \u00e1 Xunta - PP de Galicia<\/title>\n<meta name=\"robots\" content=\"index, follow, max-snippet:-1, max-image-preview:large, max-video-preview:-1\" \/>\n<link rel=\"canonical\" href=\"https:\/\/ppdegalicia.com\/es\/aprobado-o-ditame-da-proposicion-de-lei-para-a-transferencia-da-ap-9-a-xunta\/\" \/>\n<meta property=\"og:locale\" content=\"es_ES\" \/>\n<meta property=\"og:type\" content=\"article\" \/>\n<meta property=\"og:title\" content=\"Aprobado o ditame da proposici\u00f3n de Lei para a transferencia da AP-9 \u00e1 Xunta - PP de Galicia\" \/>\n<meta property=\"og:description\" content=\"APROBADO EN COMISI\u00d3N O DITAME DA PROPOSICI\u00d3N DE LEI QUE SOLICITA A TRANSFERENCIA DA AP-9 \u00c1 XUNTA DE GALICIA \u00b7&nbsp;&nbsp; &nbsp;\u201cDebemos enviar unha mensaxe clara de que os galegos queremos xestionar esta infraestrutura que vertebra e comunica o norte e o sur de Galicia e que ten contribu\u00eddo e contrib\u00fae ao noso desenvolvemento\u201d, apuntou Goldar [&hellip;]\" \/>\n<meta property=\"og:url\" content=\"https:\/\/ppdegalicia.com\/es\/aprobado-o-ditame-da-proposicion-de-lei-para-a-transferencia-da-ap-9-a-xunta\/\" \/>\n<meta property=\"og:site_name\" content=\"PP de Galicia\" \/>\n<meta property=\"article:publisher\" content=\"https:\/\/www.instagram.com\/ppdegalicia\/\" \/>\n<meta property=\"article:published_time\" content=\"2016-03-04T10:53:12+00:00\" \/>\n<meta name=\"author\" content=\"Super User\" \/>\n<meta name=\"twitter:card\" content=\"summary_large_image\" \/>\n<meta name=\"twitter:creator\" content=\"@ppdegalicia\" \/>\n<meta name=\"twitter:site\" content=\"@ppdegalicia\" \/>\n<meta name=\"twitter:label1\" content=\"Escrito por\" \/>\n\t<meta name=\"twitter:data1\" content=\"Super User\" \/>\n\t<meta name=\"twitter:label2\" content=\"Tiempo de lectura\" \/>\n\t<meta name=\"twitter:data2\" content=\"3 minutos\" \/>\n<script type=\"application\/ld+json\" class=\"yoast-schema-graph\">{\"@context\":\"https:\\\/\\\/schema.org\",\"@graph\":[{\"@type\":\"Article\",\"@id\":\"https:\\\/\\\/ppdegalicia.com\\\/es\\\/aprobado-o-ditame-da-proposicion-de-lei-para-a-transferencia-da-ap-9-a-xunta\\\/#article\",\"isPartOf\":{\"@id\":\"https:\\\/\\\/ppdegalicia.com\\\/es\\\/aprobado-o-ditame-da-proposicion-de-lei-para-a-transferencia-da-ap-9-a-xunta\\\/\"},\"author\":{\"name\":\"Super User\",\"@id\":\"https:\\\/\\\/ppdegalicia.com\\\/es\\\/#\\\/schema\\\/person\\\/d0f013b8388c980665d44009ab762960\"},\"headline\":\"Aprobado o ditame da proposici\u00f3n de Lei para a transferencia da AP-9 \u00e1 Xunta\",\"datePublished\":\"2016-03-04T10:53:12+00:00\",\"mainEntityOfPage\":{\"@id\":\"https:\\\/\\\/ppdegalicia.com\\\/es\\\/aprobado-o-ditame-da-proposicion-de-lei-para-a-transferencia-da-ap-9-a-xunta\\\/\"},\"wordCount\":520,\"commentCount\":0,\"publisher\":{\"@id\":\"https:\\\/\\\/ppdegalicia.com\\\/es\\\/#organization\"},\"articleSection\":[\"PP de Galicia\"],\"inLanguage\":\"es\",\"potentialAction\":[{\"@type\":\"CommentAction\",\"name\":\"Comment\",\"target\":[\"https:\\\/\\\/ppdegalicia.com\\\/es\\\/aprobado-o-ditame-da-proposicion-de-lei-para-a-transferencia-da-ap-9-a-xunta\\\/#respond\"]}]},{\"@type\":\"WebPage\",\"@id\":\"https:\\\/\\\/ppdegalicia.com\\\/es\\\/aprobado-o-ditame-da-proposicion-de-lei-para-a-transferencia-da-ap-9-a-xunta\\\/\",\"url\":\"https:\\\/\\\/ppdegalicia.com\\\/es\\\/aprobado-o-ditame-da-proposicion-de-lei-para-a-transferencia-da-ap-9-a-xunta\\\/\",\"name\":\"Aprobado o ditame da proposici\u00f3n de Lei para a transferencia da AP-9 \u00e1 Xunta - PP de Galicia\",\"isPartOf\":{\"@id\":\"https:\\\/\\\/ppdegalicia.com\\\/es\\\/#website\"},\"datePublished\":\"2016-03-04T10:53:12+00:00\",\"breadcrumb\":{\"@id\":\"https:\\\/\\\/ppdegalicia.com\\\/es\\\/aprobado-o-ditame-da-proposicion-de-lei-para-a-transferencia-da-ap-9-a-xunta\\\/#breadcrumb\"},\"inLanguage\":\"es\",\"potentialAction\":[{\"@type\":\"ReadAction\",\"target\":[\"https:\\\/\\\/ppdegalicia.com\\\/es\\\/aprobado-o-ditame-da-proposicion-de-lei-para-a-transferencia-da-ap-9-a-xunta\\\/\"]}]},{\"@type\":\"BreadcrumbList\",\"@id\":\"https:\\\/\\\/ppdegalicia.com\\\/es\\\/aprobado-o-ditame-da-proposicion-de-lei-para-a-transferencia-da-ap-9-a-xunta\\\/#breadcrumb\",\"itemListElement\":[{\"@type\":\"ListItem\",\"position\":1,\"name\":\"Portada\",\"item\":\"https:\\\/\\\/ppdegalicia.com\\\/es\\\/\"},{\"@type\":\"ListItem\",\"position\":2,\"name\":\"Aprobado o ditame da proposici\u00f3n de Lei para a transferencia da AP-9 \u00e1 Xunta\"}]},{\"@type\":\"WebSite\",\"@id\":\"https:\\\/\\\/ppdegalicia.com\\\/es\\\/#website\",\"url\":\"https:\\\/\\\/ppdegalicia.com\\\/es\\\/\",\"name\":\"Partido Popular de Galicia\",\"description\":\"Partido Popular de Galicia\",\"publisher\":{\"@id\":\"https:\\\/\\\/ppdegalicia.com\\\/es\\\/#organization\"},\"alternateName\":\"PP de Galicia\",\"potentialAction\":[{\"@type\":\"SearchAction\",\"target\":{\"@type\":\"EntryPoint\",\"urlTemplate\":\"https:\\\/\\\/ppdegalicia.com\\\/es\\\/?s={search_term_string}\"},\"query-input\":{\"@type\":\"PropertyValueSpecification\",\"valueRequired\":true,\"valueName\":\"search_term_string\"}}],\"inLanguage\":\"es\"},{\"@type\":\"Organization\",\"@id\":\"https:\\\/\\\/ppdegalicia.com\\\/es\\\/#organization\",\"name\":\"Partido Popular de Galicia\",\"alternateName\":\"PP de Galicia\",\"url\":\"https:\\\/\\\/ppdegalicia.com\\\/es\\\/\",\"logo\":{\"@type\":\"ImageObject\",\"inLanguage\":\"es\",\"@id\":\"https:\\\/\\\/ppdegalicia.com\\\/es\\\/#\\\/schema\\\/logo\\\/image\\\/\",\"url\":\"https:\\\/\\\/ppdegalicia.com\\\/wp-content\\\/uploads\\\/2023\\\/04\\\/logoPP512.png\",\"contentUrl\":\"https:\\\/\\\/ppdegalicia.com\\\/wp-content\\\/uploads\\\/2023\\\/04\\\/logoPP512.png\",\"width\":512,\"height\":512,\"caption\":\"Partido Popular de Galicia\"},\"image\":{\"@id\":\"https:\\\/\\\/ppdegalicia.com\\\/es\\\/#\\\/schema\\\/logo\\\/image\\\/\"},\"sameAs\":[\"https:\\\/\\\/www.instagram.com\\\/ppdegalicia\\\/\",\"https:\\\/\\\/x.com\\\/ppdegalicia\",\"https:\\\/\\\/www.tiktok.com\\\/@ppdegalicia\",\"https:\\\/\\\/www.youtube.com\\\/user\\\/ppdegalicia\"]},{\"@type\":\"Person\",\"@id\":\"https:\\\/\\\/ppdegalicia.com\\\/es\\\/#\\\/schema\\\/person\\\/d0f013b8388c980665d44009ab762960\",\"name\":\"Super User\",\"image\":{\"@type\":\"ImageObject\",\"inLanguage\":\"es\",\"@id\":\"https:\\\/\\\/secure.gravatar.com\\\/avatar\\\/1db852625ef4948f58d2739bfbc51e4b9bd5c93b8fa340b59fdb594ca0845645?s=96&d=mm&r=g\",\"url\":\"https:\\\/\\\/secure.gravatar.com\\\/avatar\\\/1db852625ef4948f58d2739bfbc51e4b9bd5c93b8fa340b59fdb594ca0845645?s=96&d=mm&r=g\",\"contentUrl\":\"https:\\\/\\\/secure.gravatar.com\\\/avatar\\\/1db852625ef4948f58d2739bfbc51e4b9bd5c93b8fa340b59fdb594ca0845645?s=96&d=mm&r=g\",\"caption\":\"Super User\"},\"url\":\"https:\\\/\\\/ppdegalicia.com\\\/es\\\/author\\\/ppdegaliciagestion\\\/\"}]}<\/script>\n<!-- \/ Yoast SEO plugin. -->","yoast_head_json":{"title":"Aprobado o ditame da proposici\u00f3n de Lei para a transferencia da AP-9 \u00e1 Xunta - PP de Galicia","robots":{"index":"index","follow":"follow","max-snippet":"max-snippet:-1","max-image-preview":"max-image-preview:large","max-video-preview":"max-video-preview:-1"},"canonical":"https:\/\/ppdegalicia.com\/es\/aprobado-o-ditame-da-proposicion-de-lei-para-a-transferencia-da-ap-9-a-xunta\/","og_locale":"es_ES","og_type":"article","og_title":"Aprobado o ditame da proposici\u00f3n de Lei para a transferencia da AP-9 \u00e1 Xunta - PP de Galicia","og_description":"APROBADO EN COMISI\u00d3N O DITAME DA PROPOSICI\u00d3N DE LEI QUE SOLICITA A TRANSFERENCIA DA AP-9 \u00c1 XUNTA DE GALICIA \u00b7&nbsp;&nbsp; &nbsp;\u201cDebemos enviar unha mensaxe clara de que os galegos queremos xestionar esta infraestrutura que vertebra e comunica o norte e o sur de Galicia e que ten contribu\u00eddo e contrib\u00fae ao noso desenvolvemento\u201d, apuntou Goldar [&hellip;]","og_url":"https:\/\/ppdegalicia.com\/es\/aprobado-o-ditame-da-proposicion-de-lei-para-a-transferencia-da-ap-9-a-xunta\/","og_site_name":"PP de Galicia","article_publisher":"https:\/\/www.instagram.com\/ppdegalicia\/","article_published_time":"2016-03-04T10:53:12+00:00","author":"Super User","twitter_card":"summary_large_image","twitter_creator":"@ppdegalicia","twitter_site":"@ppdegalicia","twitter_misc":{"Escrito por":"Super User","Tiempo de lectura":"3 minutos"},"schema":{"@context":"https:\/\/schema.org","@graph":[{"@type":"Article","@id":"https:\/\/ppdegalicia.com\/es\/aprobado-o-ditame-da-proposicion-de-lei-para-a-transferencia-da-ap-9-a-xunta\/#article","isPartOf":{"@id":"https:\/\/ppdegalicia.com\/es\/aprobado-o-ditame-da-proposicion-de-lei-para-a-transferencia-da-ap-9-a-xunta\/"},"author":{"name":"Super User","@id":"https:\/\/ppdegalicia.com\/es\/#\/schema\/person\/d0f013b8388c980665d44009ab762960"},"headline":"Aprobado o ditame da proposici\u00f3n de Lei para a transferencia da AP-9 \u00e1 Xunta","datePublished":"2016-03-04T10:53:12+00:00","mainEntityOfPage":{"@id":"https:\/\/ppdegalicia.com\/es\/aprobado-o-ditame-da-proposicion-de-lei-para-a-transferencia-da-ap-9-a-xunta\/"},"wordCount":520,"commentCount":0,"publisher":{"@id":"https:\/\/ppdegalicia.com\/es\/#organization"},"articleSection":["PP de Galicia"],"inLanguage":"es","potentialAction":[{"@type":"CommentAction","name":"Comment","target":["https:\/\/ppdegalicia.com\/es\/aprobado-o-ditame-da-proposicion-de-lei-para-a-transferencia-da-ap-9-a-xunta\/#respond"]}]},{"@type":"WebPage","@id":"https:\/\/ppdegalicia.com\/es\/aprobado-o-ditame-da-proposicion-de-lei-para-a-transferencia-da-ap-9-a-xunta\/","url":"https:\/\/ppdegalicia.com\/es\/aprobado-o-ditame-da-proposicion-de-lei-para-a-transferencia-da-ap-9-a-xunta\/","name":"Aprobado o ditame da proposici\u00f3n de Lei para a transferencia da AP-9 \u00e1 Xunta - PP de Galicia","isPartOf":{"@id":"https:\/\/ppdegalicia.com\/es\/#website"},"datePublished":"2016-03-04T10:53:12+00:00","breadcrumb":{"@id":"https:\/\/ppdegalicia.com\/es\/aprobado-o-ditame-da-proposicion-de-lei-para-a-transferencia-da-ap-9-a-xunta\/#breadcrumb"},"inLanguage":"es","potentialAction":[{"@type":"ReadAction","target":["https:\/\/ppdegalicia.com\/es\/aprobado-o-ditame-da-proposicion-de-lei-para-a-transferencia-da-ap-9-a-xunta\/"]}]},{"@type":"BreadcrumbList","@id":"https:\/\/ppdegalicia.com\/es\/aprobado-o-ditame-da-proposicion-de-lei-para-a-transferencia-da-ap-9-a-xunta\/#breadcrumb","itemListElement":[{"@type":"ListItem","position":1,"name":"Portada","item":"https:\/\/ppdegalicia.com\/es\/"},{"@type":"ListItem","position":2,"name":"Aprobado o ditame da proposici\u00f3n de Lei para a transferencia da AP-9 \u00e1 Xunta"}]},{"@type":"WebSite","@id":"https:\/\/ppdegalicia.com\/es\/#website","url":"https:\/\/ppdegalicia.com\/es\/","name":"Partido Popular de Galicia","description":"Partido Popular de Galicia","publisher":{"@id":"https:\/\/ppdegalicia.com\/es\/#organization"},"alternateName":"PP de Galicia","potentialAction":[{"@type":"SearchAction","target":{"@type":"EntryPoint","urlTemplate":"https:\/\/ppdegalicia.com\/es\/?s={search_term_string}"},"query-input":{"@type":"PropertyValueSpecification","valueRequired":true,"valueName":"search_term_string"}}],"inLanguage":"es"},{"@type":"Organization","@id":"https:\/\/ppdegalicia.com\/es\/#organization","name":"Partido Popular de Galicia","alternateName":"PP de Galicia","url":"https:\/\/ppdegalicia.com\/es\/","logo":{"@type":"ImageObject","inLanguage":"es","@id":"https:\/\/ppdegalicia.com\/es\/#\/schema\/logo\/image\/","url":"https:\/\/ppdegalicia.com\/wp-content\/uploads\/2023\/04\/logoPP512.png","contentUrl":"https:\/\/ppdegalicia.com\/wp-content\/uploads\/2023\/04\/logoPP512.png","width":512,"height":512,"caption":"Partido Popular de Galicia"},"image":{"@id":"https:\/\/ppdegalicia.com\/es\/#\/schema\/logo\/image\/"},"sameAs":["https:\/\/www.instagram.com\/ppdegalicia\/","https:\/\/x.com\/ppdegalicia","https:\/\/www.tiktok.com\/@ppdegalicia","https:\/\/www.youtube.com\/user\/ppdegalicia"]},{"@type":"Person","@id":"https:\/\/ppdegalicia.com\/es\/#\/schema\/person\/d0f013b8388c980665d44009ab762960","name":"Super User","image":{"@type":"ImageObject","inLanguage":"es","@id":"https:\/\/secure.gravatar.com\/avatar\/1db852625ef4948f58d2739bfbc51e4b9bd5c93b8fa340b59fdb594ca0845645?s=96&d=mm&r=g","url":"https:\/\/secure.gravatar.com\/avatar\/1db852625ef4948f58d2739bfbc51e4b9bd5c93b8fa340b59fdb594ca0845645?s=96&d=mm&r=g","contentUrl":"https:\/\/secure.gravatar.com\/avatar\/1db852625ef4948f58d2739bfbc51e4b9bd5c93b8fa340b59fdb594ca0845645?s=96&d=mm&r=g","caption":"Super User"},"url":"https:\/\/ppdegalicia.com\/es\/author\/ppdegaliciagestion\/"}]}},"_links":{"self":[{"href":"https:\/\/ppdegalicia.com\/es\/wp-json\/wp\/v2\/posts\/51783","targetHints":{"allow":["GET"]}}],"collection":[{"href":"https:\/\/ppdegalicia.com\/es\/wp-json\/wp\/v2\/posts"}],"about":[{"href":"https:\/\/ppdegalicia.com\/es\/wp-json\/wp\/v2\/types\/post"}],"author":[{"embeddable":true,"href":"https:\/\/ppdegalicia.com\/es\/wp-json\/wp\/v2\/users\/37"}],"replies":[{"embeddable":true,"href":"https:\/\/ppdegalicia.com\/es\/wp-json\/wp\/v2\/comments?post=51783"}],"version-history":[{"count":0,"href":"https:\/\/ppdegalicia.com\/es\/wp-json\/wp\/v2\/posts\/51783\/revisions"}],"wp:attachment":[{"href":"https:\/\/ppdegalicia.com\/es\/wp-json\/wp\/v2\/media?parent=51783"}],"wp:term":[{"taxonomy":"category","embeddable":true,"href":"https:\/\/ppdegalicia.com\/es\/wp-json\/wp\/v2\/categories?post=51783"},{"taxonomy":"post_tag","embeddable":true,"href":"https:\/\/ppdegalicia.com\/es\/wp-json\/wp\/v2\/tags?post=51783"}],"curies":[{"name":"wp","href":"https:\/\/api.w.org\/{rel}","templated":true}]}}