{"id":51787,"date":"2016-03-07T14:55:23","date_gmt":"2016-03-07T12:55:23","guid":{"rendered":"https:\/\/ppdegalicia.com\/o-proximo-pleno-debatera-o-traspaso-da-ap-9-e-a-reforma-da-lei-de-servizos-sociais\/"},"modified":"2016-03-07T14:55:23","modified_gmt":"2016-03-07T12:55:23","slug":"o-proximo-pleno-debatera-o-traspaso-da-ap-9-e-a-reforma-da-lei-de-servizos-sociais","status":"publish","type":"post","link":"https:\/\/ppdegalicia.com\/es\/o-proximo-pleno-debatera-o-traspaso-da-ap-9-e-a-reforma-da-lei-de-servizos-sociais\/","title":{"rendered":"O pr\u00f3ximo pleno debatera o traspaso da AP-9 e a reforma da Lei de Servizos Sociais"},"content":{"rendered":"<p>CRISTINA ROMERO AVANZA O DEBATE NO PLENO DA VINDEIRA SEMANA DAS PROPOSICI\u00d3NS DE LEI PARA O TRASPASO DA AP-9 \u00c1 XUNTA E DE MODIFICACI\u00d3N DA LEI DE SERVIZOS SOCIAIS <\/p>\n<p>\u00b7&nbsp;&nbsp; &nbsp;\u201cEsperamos que ambas iniciativas lexislativas saian co maior respaldo posible dos deputados deste Parlamento, para o que o Grupo Popular manter\u00e1 a s\u00faa plena disposici\u00f3n ao di\u00e1logo\u201d, indicou<\/p>\n<p>Santiago, 7 de marzo de 2016.- A viceportavoz do Grupo Popular, Cristina Romero, avanzou hoxe que o Pleno da vindeira semana debater\u00e1 a aprobaci\u00f3n da proposici\u00f3n de lei que solicita a transferencia da AP-9 \u00e1 Xunta de Galicia e a toma en consideraci\u00f3n do proxecto de lei de modificaci\u00f3n da Lei de servizos sociais, coa que se pretende reforzar e blindar o papel das entidades na prestaci\u00f3n de servizos sociais. Respecto dos posibles candidatos \u00e1s elecci\u00f3ns galegas, Romero contrastou a unidade do PP respecto a que Feij\u00f3o \u00e9 o mellor candidato fronte \u00e1s discrepancias existentes no PSOE coa candidatura de Besteiro.<\/p>\n<p>\u201cTr\u00e1tase de d\u00faas proposici\u00f3ns de lei significativas, tanto para o desenvolvemento econ\u00f3mico e a mellora das comunicaci\u00f3ns viarias en Galicia, como para a optimizaci\u00f3n dos nosos servizos sociais, polo que esperamos que ambas iniciativas lexislativas saian co maior respaldo posible dos deputados deste Parlamento, para o que o Grupo Popular manter\u00e1 a s\u00faa plena disposici\u00f3n ao di\u00e1logo\u201d, sinalou Romero.<\/p>\n<p>Respecto da proposici\u00f3n de Lei de solicitude de transferencia da AP-9 \u00e1 Xunta de Galicia, a viceportavoz popular avogou por \u201cmanter no Pleno a unanimidade acadada en Comisi\u00f3n para que esta demanda chegue ao Congreso dos Deputados co maior respaldo e firmeza do Parlamento galego\u201d. \u201cDesde o Grupo Popular reiteramos o interese por xestionar esta autoestrada que vertebra e comunica o norte e o sur de Galicia e que ten contribu\u00eddo e contrib\u00fae notablemente ao desenvolvemento da Comunidade galega\u201d, engadiu.<\/p>\n<p>Cristina Romero lembrou \u201ca boa disposici\u00f3n amosada esta fin de semana pola ministra de Fomento en funci\u00f3ns, Ana Pastor, para falar sobre a transferencia desta autoestrada\u201d, a\u00ednda que insistiu na \u201cnecesidade de que a concesionaria preste o servizo nas mellores condici\u00f3ns e dispo\u00f1a dunha pol\u00edtica de peaxes cos beneficios que se prestan noutras autov\u00edas espa\u00f1olas\u201d.<\/p>\n<p>REFORZAR E BLINDAR ENTIDADES SOCIAIS<\/p>\n<p>En segundo lugar, Romero avanzou que a sesi\u00f3n plenaria proceder\u00e1 ao debate para a toma en consideraci\u00f3n da proposici\u00f3n de lei do Grupo Popular a trav\u00e9s da que se solicita a modificaci\u00f3n da Lei de servizos sociais, co obxectivo de reforzar e blindar o papel das entidades de iniciativa social na prestaci\u00f3n de servizos, dot\u00e1ndoas dun novo mecanismo que impulse as s\u00faas relaci\u00f3ns coas administraci\u00f3ns p\u00fablicas e ofrecendo unha maior seguridade xur\u00eddica \u00e1s actividades econ\u00f3micas deste sector.<\/p>\n<p>Neste sentido, a viceportavoz subli\u00f1ou que esta iniciativa lexislativa \u201cnace logo dun intenso traballo e das achegas realizadas polo Comit\u00e9 Espa\u00f1ol de representantes de persoas con discapacidade (CERMI)\u201d e apuntou que desde o Grupo Popular \u201cimos buscar ao longo da tramitaci\u00f3n parlamentaria o apoio dos demais grupos, para o que estaremos abertos a estudar e consensuar as s\u00faas propostas co obxectivo de que esta modificaci\u00f3n lexislativa saia co maior respaldo posible\u201d.<\/p>\n<p>Cristina Romero explicou que con esta modificaci\u00f3n lexislativa \u201cGalicia adapta a s\u00faa normativa \u00e1 directiva europea 2014\/24\/UE, dando entrada aos concertos sociais como modalidade diferenciada do concerto xeral, ao tempo que se crea a figura dos acordos marco para a xesti\u00f3n de servizos sociais coas entidades para atender, na medida que sexa posible, a libre elecci\u00f3n da persoa destinataria do servizo\u201d.<\/p>\n<p>\u201cA posta en marcha destes concertos sociais supor\u00e1 un reco\u00f1ecemento \u00e1 necesidade de establecer condici\u00f3ns especiais a estas prestaci\u00f3ns dadas as especificidades dos servizos sociais\u201d, indicou.<\/p>\n<p>Esta modificaci\u00f3n da Lei de servizos sociais tam\u00e9n recolle que as administraci\u00f3ns p\u00fablicas dar\u00e1n prioridade \u00e1s entidades sen \u00e1nimo de lucro cando existan an\u00e1logas condici\u00f3ns de eficiencia, calidade e rendibilidade social, ao tempo que se establecer\u00e1n f\u00f3rmulas para garantir o mantemento na prestaci\u00f3n dos servizos sociais por parte das entidades que xa os vi\u00f1an realizando.<\/p>\n<p>BLUF DE PRIMARIAS SOCIALISTAS<\/p>\n<p>Cuestionado sobre os posibles candidatos \u00e1s elecci\u00f3ns galegas, Cristina Romero indicou que no Partido Popular \u201csomos respectuosos cos procedementos internos dos outros partidos\u201d e salientou que no PP \u201cfixemos un calendario para a renovaci\u00f3n dos equipos, ideas e persoas que estamos a cumprir\u201d. Neste sentido, apuntou que os socialistas galegos \u201cfan un calendario pero logo non o cumpren, polo que o das primarias parece un bluf m\u00e1is dos que xa nos te\u00f1en acostumados\u201d<\/p>\n<p>A viceportavoz popular reco\u00f1eceu que non hai candidato designado nin polo PP nin polo PSOE. Por\u00e9n, manifestou que \u201cexiste unha gran diferenza: todo o Partido Popular coincide en que Feij\u00f3o \u00e9 o mellor candidato, cousa que non est\u00e1 a ocorrer no Partido Socialista, visto o acontecido esta fin de semana\u201d. <\/p>\n","protected":false},"excerpt":{"rendered":"<p>CRISTINA ROMERO AVANZA O DEBATE NO PLENO DA VINDEIRA SEMANA DAS PROPOSICI\u00d3NS DE LEI PARA O TRASPASO DA AP-9 \u00c1 XUNTA E DE MODIFICACI\u00d3N DA LEI DE SERVIZOS SOCIAIS \u00b7&nbsp;&nbsp; &nbsp;\u201cEsperamos que ambas iniciativas lexislativas saian co maior respaldo posible dos deputados deste Parlamento, para o que o Grupo Popular manter\u00e1 a s\u00faa plena disposici\u00f3n [&hellip;]<\/p>\n","protected":false},"author":37,"featured_media":0,"comment_status":"open","ping_status":"open","sticky":false,"template":"","format":"standard","meta":{"_acf_changed":false,"footnotes":""},"categories":[1],"tags":[],"class_list":["post-51787","post","type-post","status-publish","format-standard","hentry","category-pp-de-galicia"],"acf":[],"yoast_head":"<!-- This site is optimized with the Yoast SEO plugin v27.3 - https:\/\/yoast.com\/product\/yoast-seo-wordpress\/ -->\n<title>O pr\u00f3ximo pleno debatera o traspaso da AP-9 e a reforma da Lei de Servizos Sociais - PP de Galicia<\/title>\n<meta name=\"robots\" content=\"index, follow, max-snippet:-1, max-image-preview:large, max-video-preview:-1\" \/>\n<link rel=\"canonical\" href=\"https:\/\/ppdegalicia.com\/es\/o-proximo-pleno-debatera-o-traspaso-da-ap-9-e-a-reforma-da-lei-de-servizos-sociais\/\" \/>\n<meta property=\"og:locale\" content=\"es_ES\" \/>\n<meta property=\"og:type\" content=\"article\" \/>\n<meta property=\"og:title\" content=\"O pr\u00f3ximo pleno debatera o traspaso da AP-9 e a reforma da Lei de Servizos Sociais - PP de Galicia\" \/>\n<meta property=\"og:description\" content=\"CRISTINA ROMERO AVANZA O DEBATE NO PLENO DA VINDEIRA SEMANA DAS PROPOSICI\u00d3NS DE LEI PARA O TRASPASO DA AP-9 \u00c1 XUNTA E DE MODIFICACI\u00d3N DA LEI DE SERVIZOS SOCIAIS \u00b7&nbsp;&nbsp; &nbsp;\u201cEsperamos que ambas iniciativas lexislativas saian co maior respaldo posible dos deputados deste Parlamento, para o que o Grupo Popular manter\u00e1 a s\u00faa plena disposici\u00f3n [&hellip;]\" \/>\n<meta property=\"og:url\" content=\"https:\/\/ppdegalicia.com\/es\/o-proximo-pleno-debatera-o-traspaso-da-ap-9-e-a-reforma-da-lei-de-servizos-sociais\/\" \/>\n<meta property=\"og:site_name\" content=\"PP de Galicia\" \/>\n<meta property=\"article:publisher\" content=\"https:\/\/www.instagram.com\/ppdegalicia\/\" \/>\n<meta property=\"article:published_time\" content=\"2016-03-07T12:55:23+00:00\" \/>\n<meta name=\"author\" content=\"Super User\" \/>\n<meta name=\"twitter:card\" content=\"summary_large_image\" \/>\n<meta name=\"twitter:creator\" content=\"@ppdegalicia\" \/>\n<meta name=\"twitter:site\" content=\"@ppdegalicia\" \/>\n<meta name=\"twitter:label1\" content=\"Escrito por\" \/>\n\t<meta name=\"twitter:data1\" content=\"Super User\" \/>\n\t<meta name=\"twitter:label2\" content=\"Tiempo de lectura\" \/>\n\t<meta name=\"twitter:data2\" content=\"4 minutos\" \/>\n<script type=\"application\/ld+json\" class=\"yoast-schema-graph\">{\"@context\":\"https:\\\/\\\/schema.org\",\"@graph\":[{\"@type\":\"Article\",\"@id\":\"https:\\\/\\\/ppdegalicia.com\\\/es\\\/o-proximo-pleno-debatera-o-traspaso-da-ap-9-e-a-reforma-da-lei-de-servizos-sociais\\\/#article\",\"isPartOf\":{\"@id\":\"https:\\\/\\\/ppdegalicia.com\\\/es\\\/o-proximo-pleno-debatera-o-traspaso-da-ap-9-e-a-reforma-da-lei-de-servizos-sociais\\\/\"},\"author\":{\"name\":\"Super User\",\"@id\":\"https:\\\/\\\/ppdegalicia.com\\\/es\\\/#\\\/schema\\\/person\\\/d0f013b8388c980665d44009ab762960\"},\"headline\":\"O pr\u00f3ximo pleno debatera o traspaso da AP-9 e a reforma da Lei de Servizos Sociais\",\"datePublished\":\"2016-03-07T12:55:23+00:00\",\"mainEntityOfPage\":{\"@id\":\"https:\\\/\\\/ppdegalicia.com\\\/es\\\/o-proximo-pleno-debatera-o-traspaso-da-ap-9-e-a-reforma-da-lei-de-servizos-sociais\\\/\"},\"wordCount\":862,\"commentCount\":0,\"publisher\":{\"@id\":\"https:\\\/\\\/ppdegalicia.com\\\/es\\\/#organization\"},\"articleSection\":[\"PP de Galicia\"],\"inLanguage\":\"es\",\"potentialAction\":[{\"@type\":\"CommentAction\",\"name\":\"Comment\",\"target\":[\"https:\\\/\\\/ppdegalicia.com\\\/es\\\/o-proximo-pleno-debatera-o-traspaso-da-ap-9-e-a-reforma-da-lei-de-servizos-sociais\\\/#respond\"]}]},{\"@type\":\"WebPage\",\"@id\":\"https:\\\/\\\/ppdegalicia.com\\\/es\\\/o-proximo-pleno-debatera-o-traspaso-da-ap-9-e-a-reforma-da-lei-de-servizos-sociais\\\/\",\"url\":\"https:\\\/\\\/ppdegalicia.com\\\/es\\\/o-proximo-pleno-debatera-o-traspaso-da-ap-9-e-a-reforma-da-lei-de-servizos-sociais\\\/\",\"name\":\"O pr\u00f3ximo pleno debatera o traspaso da AP-9 e a reforma da Lei de Servizos Sociais - PP de Galicia\",\"isPartOf\":{\"@id\":\"https:\\\/\\\/ppdegalicia.com\\\/es\\\/#website\"},\"datePublished\":\"2016-03-07T12:55:23+00:00\",\"breadcrumb\":{\"@id\":\"https:\\\/\\\/ppdegalicia.com\\\/es\\\/o-proximo-pleno-debatera-o-traspaso-da-ap-9-e-a-reforma-da-lei-de-servizos-sociais\\\/#breadcrumb\"},\"inLanguage\":\"es\",\"potentialAction\":[{\"@type\":\"ReadAction\",\"target\":[\"https:\\\/\\\/ppdegalicia.com\\\/es\\\/o-proximo-pleno-debatera-o-traspaso-da-ap-9-e-a-reforma-da-lei-de-servizos-sociais\\\/\"]}]},{\"@type\":\"BreadcrumbList\",\"@id\":\"https:\\\/\\\/ppdegalicia.com\\\/es\\\/o-proximo-pleno-debatera-o-traspaso-da-ap-9-e-a-reforma-da-lei-de-servizos-sociais\\\/#breadcrumb\",\"itemListElement\":[{\"@type\":\"ListItem\",\"position\":1,\"name\":\"Portada\",\"item\":\"https:\\\/\\\/ppdegalicia.com\\\/es\\\/\"},{\"@type\":\"ListItem\",\"position\":2,\"name\":\"O pr\u00f3ximo pleno debatera o traspaso da AP-9 e a reforma da Lei de Servizos Sociais\"}]},{\"@type\":\"WebSite\",\"@id\":\"https:\\\/\\\/ppdegalicia.com\\\/es\\\/#website\",\"url\":\"https:\\\/\\\/ppdegalicia.com\\\/es\\\/\",\"name\":\"Partido Popular de Galicia\",\"description\":\"Partido Popular de Galicia\",\"publisher\":{\"@id\":\"https:\\\/\\\/ppdegalicia.com\\\/es\\\/#organization\"},\"alternateName\":\"PP de Galicia\",\"potentialAction\":[{\"@type\":\"SearchAction\",\"target\":{\"@type\":\"EntryPoint\",\"urlTemplate\":\"https:\\\/\\\/ppdegalicia.com\\\/es\\\/?s={search_term_string}\"},\"query-input\":{\"@type\":\"PropertyValueSpecification\",\"valueRequired\":true,\"valueName\":\"search_term_string\"}}],\"inLanguage\":\"es\"},{\"@type\":\"Organization\",\"@id\":\"https:\\\/\\\/ppdegalicia.com\\\/es\\\/#organization\",\"name\":\"Partido Popular de Galicia\",\"alternateName\":\"PP de Galicia\",\"url\":\"https:\\\/\\\/ppdegalicia.com\\\/es\\\/\",\"logo\":{\"@type\":\"ImageObject\",\"inLanguage\":\"es\",\"@id\":\"https:\\\/\\\/ppdegalicia.com\\\/es\\\/#\\\/schema\\\/logo\\\/image\\\/\",\"url\":\"https:\\\/\\\/ppdegalicia.com\\\/wp-content\\\/uploads\\\/2023\\\/04\\\/logoPP512.png\",\"contentUrl\":\"https:\\\/\\\/ppdegalicia.com\\\/wp-content\\\/uploads\\\/2023\\\/04\\\/logoPP512.png\",\"width\":512,\"height\":512,\"caption\":\"Partido Popular de Galicia\"},\"image\":{\"@id\":\"https:\\\/\\\/ppdegalicia.com\\\/es\\\/#\\\/schema\\\/logo\\\/image\\\/\"},\"sameAs\":[\"https:\\\/\\\/www.instagram.com\\\/ppdegalicia\\\/\",\"https:\\\/\\\/x.com\\\/ppdegalicia\",\"https:\\\/\\\/www.tiktok.com\\\/@ppdegalicia\",\"https:\\\/\\\/www.youtube.com\\\/user\\\/ppdegalicia\"]},{\"@type\":\"Person\",\"@id\":\"https:\\\/\\\/ppdegalicia.com\\\/es\\\/#\\\/schema\\\/person\\\/d0f013b8388c980665d44009ab762960\",\"name\":\"Super User\",\"image\":{\"@type\":\"ImageObject\",\"inLanguage\":\"es\",\"@id\":\"https:\\\/\\\/secure.gravatar.com\\\/avatar\\\/1db852625ef4948f58d2739bfbc51e4b9bd5c93b8fa340b59fdb594ca0845645?s=96&d=mm&r=g\",\"url\":\"https:\\\/\\\/secure.gravatar.com\\\/avatar\\\/1db852625ef4948f58d2739bfbc51e4b9bd5c93b8fa340b59fdb594ca0845645?s=96&d=mm&r=g\",\"contentUrl\":\"https:\\\/\\\/secure.gravatar.com\\\/avatar\\\/1db852625ef4948f58d2739bfbc51e4b9bd5c93b8fa340b59fdb594ca0845645?s=96&d=mm&r=g\",\"caption\":\"Super User\"},\"url\":\"https:\\\/\\\/ppdegalicia.com\\\/es\\\/author\\\/ppdegaliciagestion\\\/\"}]}<\/script>\n<!-- \/ Yoast SEO plugin. -->","yoast_head_json":{"title":"O pr\u00f3ximo pleno debatera o traspaso da AP-9 e a reforma da Lei de Servizos Sociais - PP de Galicia","robots":{"index":"index","follow":"follow","max-snippet":"max-snippet:-1","max-image-preview":"max-image-preview:large","max-video-preview":"max-video-preview:-1"},"canonical":"https:\/\/ppdegalicia.com\/es\/o-proximo-pleno-debatera-o-traspaso-da-ap-9-e-a-reforma-da-lei-de-servizos-sociais\/","og_locale":"es_ES","og_type":"article","og_title":"O pr\u00f3ximo pleno debatera o traspaso da AP-9 e a reforma da Lei de Servizos Sociais - PP de Galicia","og_description":"CRISTINA ROMERO AVANZA O DEBATE NO PLENO DA VINDEIRA SEMANA DAS PROPOSICI\u00d3NS DE LEI PARA O TRASPASO DA AP-9 \u00c1 XUNTA E DE MODIFICACI\u00d3N DA LEI DE SERVIZOS SOCIAIS \u00b7&nbsp;&nbsp; &nbsp;\u201cEsperamos que ambas iniciativas lexislativas saian co maior respaldo posible dos deputados deste Parlamento, para o que o Grupo Popular manter\u00e1 a s\u00faa plena disposici\u00f3n [&hellip;]","og_url":"https:\/\/ppdegalicia.com\/es\/o-proximo-pleno-debatera-o-traspaso-da-ap-9-e-a-reforma-da-lei-de-servizos-sociais\/","og_site_name":"PP de Galicia","article_publisher":"https:\/\/www.instagram.com\/ppdegalicia\/","article_published_time":"2016-03-07T12:55:23+00:00","author":"Super User","twitter_card":"summary_large_image","twitter_creator":"@ppdegalicia","twitter_site":"@ppdegalicia","twitter_misc":{"Escrito por":"Super User","Tiempo de lectura":"4 minutos"},"schema":{"@context":"https:\/\/schema.org","@graph":[{"@type":"Article","@id":"https:\/\/ppdegalicia.com\/es\/o-proximo-pleno-debatera-o-traspaso-da-ap-9-e-a-reforma-da-lei-de-servizos-sociais\/#article","isPartOf":{"@id":"https:\/\/ppdegalicia.com\/es\/o-proximo-pleno-debatera-o-traspaso-da-ap-9-e-a-reforma-da-lei-de-servizos-sociais\/"},"author":{"name":"Super User","@id":"https:\/\/ppdegalicia.com\/es\/#\/schema\/person\/d0f013b8388c980665d44009ab762960"},"headline":"O pr\u00f3ximo pleno debatera o traspaso da AP-9 e a reforma da Lei de Servizos Sociais","datePublished":"2016-03-07T12:55:23+00:00","mainEntityOfPage":{"@id":"https:\/\/ppdegalicia.com\/es\/o-proximo-pleno-debatera-o-traspaso-da-ap-9-e-a-reforma-da-lei-de-servizos-sociais\/"},"wordCount":862,"commentCount":0,"publisher":{"@id":"https:\/\/ppdegalicia.com\/es\/#organization"},"articleSection":["PP de Galicia"],"inLanguage":"es","potentialAction":[{"@type":"CommentAction","name":"Comment","target":["https:\/\/ppdegalicia.com\/es\/o-proximo-pleno-debatera-o-traspaso-da-ap-9-e-a-reforma-da-lei-de-servizos-sociais\/#respond"]}]},{"@type":"WebPage","@id":"https:\/\/ppdegalicia.com\/es\/o-proximo-pleno-debatera-o-traspaso-da-ap-9-e-a-reforma-da-lei-de-servizos-sociais\/","url":"https:\/\/ppdegalicia.com\/es\/o-proximo-pleno-debatera-o-traspaso-da-ap-9-e-a-reforma-da-lei-de-servizos-sociais\/","name":"O pr\u00f3ximo pleno debatera o traspaso da AP-9 e a reforma da Lei de Servizos Sociais - PP de Galicia","isPartOf":{"@id":"https:\/\/ppdegalicia.com\/es\/#website"},"datePublished":"2016-03-07T12:55:23+00:00","breadcrumb":{"@id":"https:\/\/ppdegalicia.com\/es\/o-proximo-pleno-debatera-o-traspaso-da-ap-9-e-a-reforma-da-lei-de-servizos-sociais\/#breadcrumb"},"inLanguage":"es","potentialAction":[{"@type":"ReadAction","target":["https:\/\/ppdegalicia.com\/es\/o-proximo-pleno-debatera-o-traspaso-da-ap-9-e-a-reforma-da-lei-de-servizos-sociais\/"]}]},{"@type":"BreadcrumbList","@id":"https:\/\/ppdegalicia.com\/es\/o-proximo-pleno-debatera-o-traspaso-da-ap-9-e-a-reforma-da-lei-de-servizos-sociais\/#breadcrumb","itemListElement":[{"@type":"ListItem","position":1,"name":"Portada","item":"https:\/\/ppdegalicia.com\/es\/"},{"@type":"ListItem","position":2,"name":"O pr\u00f3ximo pleno debatera o traspaso da AP-9 e a reforma da Lei de Servizos Sociais"}]},{"@type":"WebSite","@id":"https:\/\/ppdegalicia.com\/es\/#website","url":"https:\/\/ppdegalicia.com\/es\/","name":"Partido Popular de Galicia","description":"Partido Popular de Galicia","publisher":{"@id":"https:\/\/ppdegalicia.com\/es\/#organization"},"alternateName":"PP de Galicia","potentialAction":[{"@type":"SearchAction","target":{"@type":"EntryPoint","urlTemplate":"https:\/\/ppdegalicia.com\/es\/?s={search_term_string}"},"query-input":{"@type":"PropertyValueSpecification","valueRequired":true,"valueName":"search_term_string"}}],"inLanguage":"es"},{"@type":"Organization","@id":"https:\/\/ppdegalicia.com\/es\/#organization","name":"Partido Popular de Galicia","alternateName":"PP de Galicia","url":"https:\/\/ppdegalicia.com\/es\/","logo":{"@type":"ImageObject","inLanguage":"es","@id":"https:\/\/ppdegalicia.com\/es\/#\/schema\/logo\/image\/","url":"https:\/\/ppdegalicia.com\/wp-content\/uploads\/2023\/04\/logoPP512.png","contentUrl":"https:\/\/ppdegalicia.com\/wp-content\/uploads\/2023\/04\/logoPP512.png","width":512,"height":512,"caption":"Partido Popular de Galicia"},"image":{"@id":"https:\/\/ppdegalicia.com\/es\/#\/schema\/logo\/image\/"},"sameAs":["https:\/\/www.instagram.com\/ppdegalicia\/","https:\/\/x.com\/ppdegalicia","https:\/\/www.tiktok.com\/@ppdegalicia","https:\/\/www.youtube.com\/user\/ppdegalicia"]},{"@type":"Person","@id":"https:\/\/ppdegalicia.com\/es\/#\/schema\/person\/d0f013b8388c980665d44009ab762960","name":"Super User","image":{"@type":"ImageObject","inLanguage":"es","@id":"https:\/\/secure.gravatar.com\/avatar\/1db852625ef4948f58d2739bfbc51e4b9bd5c93b8fa340b59fdb594ca0845645?s=96&d=mm&r=g","url":"https:\/\/secure.gravatar.com\/avatar\/1db852625ef4948f58d2739bfbc51e4b9bd5c93b8fa340b59fdb594ca0845645?s=96&d=mm&r=g","contentUrl":"https:\/\/secure.gravatar.com\/avatar\/1db852625ef4948f58d2739bfbc51e4b9bd5c93b8fa340b59fdb594ca0845645?s=96&d=mm&r=g","caption":"Super User"},"url":"https:\/\/ppdegalicia.com\/es\/author\/ppdegaliciagestion\/"}]}},"_links":{"self":[{"href":"https:\/\/ppdegalicia.com\/es\/wp-json\/wp\/v2\/posts\/51787","targetHints":{"allow":["GET"]}}],"collection":[{"href":"https:\/\/ppdegalicia.com\/es\/wp-json\/wp\/v2\/posts"}],"about":[{"href":"https:\/\/ppdegalicia.com\/es\/wp-json\/wp\/v2\/types\/post"}],"author":[{"embeddable":true,"href":"https:\/\/ppdegalicia.com\/es\/wp-json\/wp\/v2\/users\/37"}],"replies":[{"embeddable":true,"href":"https:\/\/ppdegalicia.com\/es\/wp-json\/wp\/v2\/comments?post=51787"}],"version-history":[{"count":0,"href":"https:\/\/ppdegalicia.com\/es\/wp-json\/wp\/v2\/posts\/51787\/revisions"}],"wp:attachment":[{"href":"https:\/\/ppdegalicia.com\/es\/wp-json\/wp\/v2\/media?parent=51787"}],"wp:term":[{"taxonomy":"category","embeddable":true,"href":"https:\/\/ppdegalicia.com\/es\/wp-json\/wp\/v2\/categories?post=51787"},{"taxonomy":"post_tag","embeddable":true,"href":"https:\/\/ppdegalicia.com\/es\/wp-json\/wp\/v2\/tags?post=51787"}],"curies":[{"name":"wp","href":"https:\/\/api.w.org\/{rel}","templated":true}]}}