{"id":51788,"date":"2016-03-08T16:50:32","date_gmt":"2016-03-08T14:50:32","guid":{"rendered":"https:\/\/ppdegalicia.com\/gpp-defendera-no-pleno-rexistro-galego-de-infarto-e-manter-rua-alvaro-cunqueiro\/"},"modified":"2016-03-08T16:50:32","modified_gmt":"2016-03-08T14:50:32","slug":"gpp-defendera-no-pleno-rexistro-galego-de-infarto-e-manter-rua-alvaro-cunqueiro","status":"publish","type":"post","link":"https:\/\/ppdegalicia.com\/es\/gpp-defendera-no-pleno-rexistro-galego-de-infarto-e-manter-rua-alvaro-cunqueiro\/","title":{"rendered":"GPP defender\u00e1 no pleno rexistro galego de infarto e manter r\u00faa \u00c1lvaro Cunqueiro"},"content":{"rendered":"<p><b><br \/>O GRUPO POPULAR DEFENDER\u00c1 NO PLENO A PRESENTACI\u00d3N DOS DATOS DO REXISTRO GALEGO DE INFARTO DE MIOCARDIO E QUE O CONCELLO DE MADRID MANTE\u00d1A A R\u00daA \u00c1LVARO CUNQUEIRO<\/b><\/p>\n<p><b><br \/>\u00b7&nbsp;&nbsp; &nbsp;A orde do d\u00eda incorpora tres proposici\u00f3ns de Lei: unha sobre responsabilidade civil ambiental e Ministerio Fiscal; outra para a transferencia da AP-9 a Galicia; e a \u00faltima para a reforma da Lei de servizos sociais <\/b><\/p>\n<p>Santiago, 8 de marzo de 2016.- O Grupo Popular defender\u00e1 no Pleno da vindeira semana d\u00faas proposici\u00f3ns non de lei a trav\u00e9s das que se insta \u00e1 Xunta a presentar os datos correspondentes ao rexistro galego de infarto agudo de miocardio e para que o Concello de Madrid mante\u00f1a no rueiro municipal a r\u00faa \u00c1lvaro Cunqueiro, xa que a acusaci\u00f3n de \u201cescritor franquista\u201d carece de rigor e tal acusaci\u00f3n falsifica e deosta a s\u00faa biograf\u00eda persoal e traxectoria intelectual. A sesi\u00f3n plenaria incorpora a comparecencia da conselleira do Medio Rural para dar conta do plan de fortalecemento do sector l\u00e1cteo.<\/p>\n<p>Pedro Puy informou que o Pleno dar\u00e1 comezo co debate de tres proposici\u00f3ns de lei. A primeira, de toma en consideraci\u00f3n dunha iniciativa lexislativa sobre responsabilidade civil ambiental e Ministerio Fiscal, \u00e1 que seguir\u00e1 o debate de aprobaci\u00f3n da proposici\u00f3n de lei para a transferencia da titularidade e competencia da AP-9 a Galicia e o debate de toma en consideraci\u00f3n da proposici\u00f3n de lei do Grupo Popular de reforma da Lei de servizos sociais, que pretende reforzar e blindar o papel das entidades de iniciativa social na prestaci\u00f3n de servizos.<\/p>\n<p>A sesi\u00f3n plenaria continuar\u00e1 coa comparecencia da conselleira do Medio Rural para informar do Plan de fortalecemento do sector l\u00e1cteo. Puy explicou que nesta intervenci\u00f3n darase conta do labor que est\u00e1 levando a cabo a conseller\u00eda a trav\u00e9s do Plan de Fortalecemento do sector l\u00e1cteo, no que est\u00e1n presentes representantes da administraci\u00f3n, a industria, a distribuci\u00f3n, cooperativas, organizaci\u00f3ns profesionais agrarias, o Ligal, o Centro galego de control leiteiro, as universidades e a comunidade cient\u00edfica. <\/p>\n<p>Este grupo de traballo xa acordou o pasado 2 de marzo unha bater\u00eda de propostas urxentes que o Goberno central trasladar\u00e1 ao Consello de Ministros de Agricultura da Uni\u00f3n Europea para garantir a estabilidade do sector de xeito inmediato. <\/p>\n<p><b><\/p>\n<p>INFARTO DE MIOCARDIO E R\u00daA \u00c1LVARO CUNQUEIRO<\/b><\/p>\n<p>A orde do d\u00eda da sesi\u00f3n plenaria incorpora d\u00faas proposici\u00f3ns non de lei do Grupo Popular. A primeira delas, insta \u00e1 Xunta de Galicia a presentar no Parlamento os datos correspondentes ao rexistro galego de infarto de miocardio, co obxectivo de adoptar as decisi\u00f3ns oportunas para a atenci\u00f3n destes enfermos.<\/p>\n<p>Pedro Puy lembrou que o Pleno do Parlamento aprobou o 3 de decembro de 2014 unha iniciativa do Grupo Popular a trav\u00e9s da que se demandaba \u00e1 Xunta a creaci\u00f3n dun rexistro \u00fanico galego que recollera toda a informaci\u00f3n sobre morbi-mortalidade en relaci\u00f3n co infarto agudo de miocardio, de xeito que con eses datos se adaptaran os recursos humanos e materiais \u00e1s necesidades asistenciais das distintas estruturas de xesti\u00f3n sanitaria.<\/p>\n<p>\u201cDesde aquela data, o Servizo Galego de Sa\u00fade deu unha serie de pasos para a creaci\u00f3n deste rexistro, cos indicadores de calidade, datos epidemiol\u00f3xicos e asistenciais precisos para&nbsp; unha planificaci\u00f3n eficaz, eficiente e equitativa dos recursos destinados ao tratamento do infarto agudo\u201d, dixo Pedro Puy.<\/p>\n<p>A segunda proposici\u00f3n non de lei que defender\u00e1 o Grupo Popular ten que ver co co\u00f1ecemento p\u00fablico da incorporaci\u00f3n por parte do Concello de Madrid do escritor e xornalista \u00c1lvaro Cunqueiro nunha relaci\u00f3n de persoas relacionadas co franquismo que poder\u00edan perder a honra de po\u00f1er o seu nome a unha r\u00faa madrile\u00f1a. Neste sentido, Puy salientou que \u201ca cultura e a sociedade galega entenden que \u00c1lvaro Cunqueiro, ademais de ser un dos principais persoeiros da nosa cultura no s\u00e9culo XX, f\u00edxoo nunha etapa na que non era doado manter vivo o facho da nosa cultura\u201d, polo que \u201ctodos os deputados do Grupo Popular asinamos unha proposici\u00f3n non de lei na que demandamos que se po\u00f1a en co\u00f1ecemento do Concello de Madrid a importancia que ten para a cultura galega \u00c1lvaro Cunqueiro e, polo tanto, non se lle retire esa r\u00faa coa que se lle lembra\u201d.<\/p>\n<p><b>FUSI\u00d3N DE CONCELLOS E TARXETA BENVIDA<\/b><\/p>\n<p>Na sesi\u00f3n plenaria, o Grupo Popular tam\u00e9n cuestionar\u00e1 ao Goberno galego sobre o proceso de fusi\u00f3n iniciado polos concellos de Cotobade e Cerdedo, as\u00ed como pola posta en marcha da Tarxeta Benvida, que achegar\u00e1 100 euros ao mes para os nenos que nazan en Galicia a partir do 1 de xaneiro de 2016.<\/p>\n<p>A modo de resumo, Pedro Puy indicou que a sesi\u00f3n plenaria incl\u00fae 29 iniciativas, \u201cdas que o Goberno galego&nbsp; propuxo unha e o Grupo Popular outras cinco, polo que as restantes 23 cuesti\u00f3ns son a iniciativa dos grupos da oposici\u00f3n\u201d.&nbsp; \u201cConf\u00edrmase, unha vez m\u00e1is, que a oposici\u00f3n nesta C\u00e1mara pode facer a s\u00faa labor, dado que calquera grupo que estea na oposici\u00f3n noutro Parlamento asinar\u00eda un reparto de materias na orde do d\u00eda dun pleno semellante a esta\u201d, sinalou. <\/p>\n","protected":false},"excerpt":{"rendered":"<p>O GRUPO POPULAR DEFENDER\u00c1 NO PLENO A PRESENTACI\u00d3N DOS DATOS DO REXISTRO GALEGO DE INFARTO DE MIOCARDIO E QUE O CONCELLO DE MADRID MANTE\u00d1A A R\u00daA \u00c1LVARO CUNQUEIRO \u00b7&nbsp;&nbsp; &nbsp;A orde do d\u00eda incorpora tres proposici\u00f3ns de Lei: unha sobre responsabilidade civil ambiental e Ministerio Fiscal; outra para a transferencia da AP-9 a Galicia; e [&hellip;]<\/p>\n","protected":false},"author":37,"featured_media":0,"comment_status":"open","ping_status":"open","sticky":false,"template":"","format":"standard","meta":{"_acf_changed":false,"footnotes":""},"categories":[1],"tags":[],"class_list":["post-51788","post","type-post","status-publish","format-standard","hentry","category-pp-de-galicia"],"acf":[],"yoast_head":"<!-- This site is optimized with the Yoast SEO plugin v27.3 - https:\/\/yoast.com\/product\/yoast-seo-wordpress\/ -->\n<title>GPP defender\u00e1 no pleno rexistro galego de infarto e manter r\u00faa \u00c1lvaro Cunqueiro - PP de Galicia<\/title>\n<meta name=\"robots\" content=\"index, follow, max-snippet:-1, max-image-preview:large, max-video-preview:-1\" \/>\n<link rel=\"canonical\" href=\"https:\/\/ppdegalicia.com\/es\/gpp-defendera-no-pleno-rexistro-galego-de-infarto-e-manter-rua-alvaro-cunqueiro\/\" \/>\n<meta property=\"og:locale\" content=\"es_ES\" \/>\n<meta property=\"og:type\" content=\"article\" \/>\n<meta property=\"og:title\" content=\"GPP defender\u00e1 no pleno rexistro galego de infarto e manter r\u00faa \u00c1lvaro Cunqueiro - PP de Galicia\" \/>\n<meta property=\"og:description\" content=\"O GRUPO POPULAR DEFENDER\u00c1 NO PLENO A PRESENTACI\u00d3N DOS DATOS DO REXISTRO GALEGO DE INFARTO DE MIOCARDIO E QUE O CONCELLO DE MADRID MANTE\u00d1A A R\u00daA \u00c1LVARO CUNQUEIRO \u00b7&nbsp;&nbsp; &nbsp;A orde do d\u00eda incorpora tres proposici\u00f3ns de Lei: unha sobre responsabilidade civil ambiental e Ministerio Fiscal; outra para a transferencia da AP-9 a Galicia; e [&hellip;]\" \/>\n<meta property=\"og:url\" content=\"https:\/\/ppdegalicia.com\/es\/gpp-defendera-no-pleno-rexistro-galego-de-infarto-e-manter-rua-alvaro-cunqueiro\/\" \/>\n<meta property=\"og:site_name\" content=\"PP de Galicia\" \/>\n<meta property=\"article:publisher\" content=\"https:\/\/www.instagram.com\/ppdegalicia\/\" \/>\n<meta property=\"article:published_time\" content=\"2016-03-08T14:50:32+00:00\" \/>\n<meta name=\"author\" content=\"Super User\" \/>\n<meta name=\"twitter:card\" content=\"summary_large_image\" \/>\n<meta name=\"twitter:creator\" content=\"@ppdegalicia\" \/>\n<meta name=\"twitter:site\" content=\"@ppdegalicia\" \/>\n<meta name=\"twitter:label1\" content=\"Escrito por\" \/>\n\t<meta name=\"twitter:data1\" content=\"Super User\" \/>\n\t<meta name=\"twitter:label2\" content=\"Tiempo de lectura\" \/>\n\t<meta name=\"twitter:data2\" content=\"4 minutos\" \/>\n<script type=\"application\/ld+json\" class=\"yoast-schema-graph\">{\"@context\":\"https:\\\/\\\/schema.org\",\"@graph\":[{\"@type\":\"Article\",\"@id\":\"https:\\\/\\\/ppdegalicia.com\\\/es\\\/gpp-defendera-no-pleno-rexistro-galego-de-infarto-e-manter-rua-alvaro-cunqueiro\\\/#article\",\"isPartOf\":{\"@id\":\"https:\\\/\\\/ppdegalicia.com\\\/es\\\/gpp-defendera-no-pleno-rexistro-galego-de-infarto-e-manter-rua-alvaro-cunqueiro\\\/\"},\"author\":{\"name\":\"Super User\",\"@id\":\"https:\\\/\\\/ppdegalicia.com\\\/es\\\/#\\\/schema\\\/person\\\/d0f013b8388c980665d44009ab762960\"},\"headline\":\"GPP defender\u00e1 no pleno rexistro galego de infarto e manter r\u00faa \u00c1lvaro Cunqueiro\",\"datePublished\":\"2016-03-08T14:50:32+00:00\",\"mainEntityOfPage\":{\"@id\":\"https:\\\/\\\/ppdegalicia.com\\\/es\\\/gpp-defendera-no-pleno-rexistro-galego-de-infarto-e-manter-rua-alvaro-cunqueiro\\\/\"},\"wordCount\":912,\"commentCount\":0,\"publisher\":{\"@id\":\"https:\\\/\\\/ppdegalicia.com\\\/es\\\/#organization\"},\"articleSection\":[\"PP de Galicia\"],\"inLanguage\":\"es\",\"potentialAction\":[{\"@type\":\"CommentAction\",\"name\":\"Comment\",\"target\":[\"https:\\\/\\\/ppdegalicia.com\\\/es\\\/gpp-defendera-no-pleno-rexistro-galego-de-infarto-e-manter-rua-alvaro-cunqueiro\\\/#respond\"]}]},{\"@type\":\"WebPage\",\"@id\":\"https:\\\/\\\/ppdegalicia.com\\\/es\\\/gpp-defendera-no-pleno-rexistro-galego-de-infarto-e-manter-rua-alvaro-cunqueiro\\\/\",\"url\":\"https:\\\/\\\/ppdegalicia.com\\\/es\\\/gpp-defendera-no-pleno-rexistro-galego-de-infarto-e-manter-rua-alvaro-cunqueiro\\\/\",\"name\":\"GPP defender\u00e1 no pleno rexistro galego de infarto e manter r\u00faa \u00c1lvaro Cunqueiro - PP de Galicia\",\"isPartOf\":{\"@id\":\"https:\\\/\\\/ppdegalicia.com\\\/es\\\/#website\"},\"datePublished\":\"2016-03-08T14:50:32+00:00\",\"breadcrumb\":{\"@id\":\"https:\\\/\\\/ppdegalicia.com\\\/es\\\/gpp-defendera-no-pleno-rexistro-galego-de-infarto-e-manter-rua-alvaro-cunqueiro\\\/#breadcrumb\"},\"inLanguage\":\"es\",\"potentialAction\":[{\"@type\":\"ReadAction\",\"target\":[\"https:\\\/\\\/ppdegalicia.com\\\/es\\\/gpp-defendera-no-pleno-rexistro-galego-de-infarto-e-manter-rua-alvaro-cunqueiro\\\/\"]}]},{\"@type\":\"BreadcrumbList\",\"@id\":\"https:\\\/\\\/ppdegalicia.com\\\/es\\\/gpp-defendera-no-pleno-rexistro-galego-de-infarto-e-manter-rua-alvaro-cunqueiro\\\/#breadcrumb\",\"itemListElement\":[{\"@type\":\"ListItem\",\"position\":1,\"name\":\"Portada\",\"item\":\"https:\\\/\\\/ppdegalicia.com\\\/es\\\/\"},{\"@type\":\"ListItem\",\"position\":2,\"name\":\"GPP defender\u00e1 no pleno rexistro galego de infarto e manter r\u00faa \u00c1lvaro Cunqueiro\"}]},{\"@type\":\"WebSite\",\"@id\":\"https:\\\/\\\/ppdegalicia.com\\\/es\\\/#website\",\"url\":\"https:\\\/\\\/ppdegalicia.com\\\/es\\\/\",\"name\":\"Partido Popular de Galicia\",\"description\":\"Partido Popular de Galicia\",\"publisher\":{\"@id\":\"https:\\\/\\\/ppdegalicia.com\\\/es\\\/#organization\"},\"alternateName\":\"PP de Galicia\",\"potentialAction\":[{\"@type\":\"SearchAction\",\"target\":{\"@type\":\"EntryPoint\",\"urlTemplate\":\"https:\\\/\\\/ppdegalicia.com\\\/es\\\/?s={search_term_string}\"},\"query-input\":{\"@type\":\"PropertyValueSpecification\",\"valueRequired\":true,\"valueName\":\"search_term_string\"}}],\"inLanguage\":\"es\"},{\"@type\":\"Organization\",\"@id\":\"https:\\\/\\\/ppdegalicia.com\\\/es\\\/#organization\",\"name\":\"Partido Popular de Galicia\",\"alternateName\":\"PP de Galicia\",\"url\":\"https:\\\/\\\/ppdegalicia.com\\\/es\\\/\",\"logo\":{\"@type\":\"ImageObject\",\"inLanguage\":\"es\",\"@id\":\"https:\\\/\\\/ppdegalicia.com\\\/es\\\/#\\\/schema\\\/logo\\\/image\\\/\",\"url\":\"https:\\\/\\\/ppdegalicia.com\\\/wp-content\\\/uploads\\\/2023\\\/04\\\/logoPP512.png\",\"contentUrl\":\"https:\\\/\\\/ppdegalicia.com\\\/wp-content\\\/uploads\\\/2023\\\/04\\\/logoPP512.png\",\"width\":512,\"height\":512,\"caption\":\"Partido Popular de Galicia\"},\"image\":{\"@id\":\"https:\\\/\\\/ppdegalicia.com\\\/es\\\/#\\\/schema\\\/logo\\\/image\\\/\"},\"sameAs\":[\"https:\\\/\\\/www.instagram.com\\\/ppdegalicia\\\/\",\"https:\\\/\\\/x.com\\\/ppdegalicia\",\"https:\\\/\\\/www.tiktok.com\\\/@ppdegalicia\",\"https:\\\/\\\/www.youtube.com\\\/user\\\/ppdegalicia\"]},{\"@type\":\"Person\",\"@id\":\"https:\\\/\\\/ppdegalicia.com\\\/es\\\/#\\\/schema\\\/person\\\/d0f013b8388c980665d44009ab762960\",\"name\":\"Super User\",\"image\":{\"@type\":\"ImageObject\",\"inLanguage\":\"es\",\"@id\":\"https:\\\/\\\/secure.gravatar.com\\\/avatar\\\/1db852625ef4948f58d2739bfbc51e4b9bd5c93b8fa340b59fdb594ca0845645?s=96&d=mm&r=g\",\"url\":\"https:\\\/\\\/secure.gravatar.com\\\/avatar\\\/1db852625ef4948f58d2739bfbc51e4b9bd5c93b8fa340b59fdb594ca0845645?s=96&d=mm&r=g\",\"contentUrl\":\"https:\\\/\\\/secure.gravatar.com\\\/avatar\\\/1db852625ef4948f58d2739bfbc51e4b9bd5c93b8fa340b59fdb594ca0845645?s=96&d=mm&r=g\",\"caption\":\"Super User\"},\"url\":\"https:\\\/\\\/ppdegalicia.com\\\/es\\\/author\\\/ppdegaliciagestion\\\/\"}]}<\/script>\n<!-- \/ Yoast SEO plugin. -->","yoast_head_json":{"title":"GPP defender\u00e1 no pleno rexistro galego de infarto e manter r\u00faa \u00c1lvaro Cunqueiro - PP de Galicia","robots":{"index":"index","follow":"follow","max-snippet":"max-snippet:-1","max-image-preview":"max-image-preview:large","max-video-preview":"max-video-preview:-1"},"canonical":"https:\/\/ppdegalicia.com\/es\/gpp-defendera-no-pleno-rexistro-galego-de-infarto-e-manter-rua-alvaro-cunqueiro\/","og_locale":"es_ES","og_type":"article","og_title":"GPP defender\u00e1 no pleno rexistro galego de infarto e manter r\u00faa \u00c1lvaro Cunqueiro - PP de Galicia","og_description":"O GRUPO POPULAR DEFENDER\u00c1 NO PLENO A PRESENTACI\u00d3N DOS DATOS DO REXISTRO GALEGO DE INFARTO DE MIOCARDIO E QUE O CONCELLO DE MADRID MANTE\u00d1A A R\u00daA \u00c1LVARO CUNQUEIRO \u00b7&nbsp;&nbsp; &nbsp;A orde do d\u00eda incorpora tres proposici\u00f3ns de Lei: unha sobre responsabilidade civil ambiental e Ministerio Fiscal; outra para a transferencia da AP-9 a Galicia; e [&hellip;]","og_url":"https:\/\/ppdegalicia.com\/es\/gpp-defendera-no-pleno-rexistro-galego-de-infarto-e-manter-rua-alvaro-cunqueiro\/","og_site_name":"PP de Galicia","article_publisher":"https:\/\/www.instagram.com\/ppdegalicia\/","article_published_time":"2016-03-08T14:50:32+00:00","author":"Super User","twitter_card":"summary_large_image","twitter_creator":"@ppdegalicia","twitter_site":"@ppdegalicia","twitter_misc":{"Escrito por":"Super User","Tiempo de lectura":"4 minutos"},"schema":{"@context":"https:\/\/schema.org","@graph":[{"@type":"Article","@id":"https:\/\/ppdegalicia.com\/es\/gpp-defendera-no-pleno-rexistro-galego-de-infarto-e-manter-rua-alvaro-cunqueiro\/#article","isPartOf":{"@id":"https:\/\/ppdegalicia.com\/es\/gpp-defendera-no-pleno-rexistro-galego-de-infarto-e-manter-rua-alvaro-cunqueiro\/"},"author":{"name":"Super User","@id":"https:\/\/ppdegalicia.com\/es\/#\/schema\/person\/d0f013b8388c980665d44009ab762960"},"headline":"GPP defender\u00e1 no pleno rexistro galego de infarto e manter r\u00faa \u00c1lvaro Cunqueiro","datePublished":"2016-03-08T14:50:32+00:00","mainEntityOfPage":{"@id":"https:\/\/ppdegalicia.com\/es\/gpp-defendera-no-pleno-rexistro-galego-de-infarto-e-manter-rua-alvaro-cunqueiro\/"},"wordCount":912,"commentCount":0,"publisher":{"@id":"https:\/\/ppdegalicia.com\/es\/#organization"},"articleSection":["PP de Galicia"],"inLanguage":"es","potentialAction":[{"@type":"CommentAction","name":"Comment","target":["https:\/\/ppdegalicia.com\/es\/gpp-defendera-no-pleno-rexistro-galego-de-infarto-e-manter-rua-alvaro-cunqueiro\/#respond"]}]},{"@type":"WebPage","@id":"https:\/\/ppdegalicia.com\/es\/gpp-defendera-no-pleno-rexistro-galego-de-infarto-e-manter-rua-alvaro-cunqueiro\/","url":"https:\/\/ppdegalicia.com\/es\/gpp-defendera-no-pleno-rexistro-galego-de-infarto-e-manter-rua-alvaro-cunqueiro\/","name":"GPP defender\u00e1 no pleno rexistro galego de infarto e manter r\u00faa \u00c1lvaro Cunqueiro - PP de Galicia","isPartOf":{"@id":"https:\/\/ppdegalicia.com\/es\/#website"},"datePublished":"2016-03-08T14:50:32+00:00","breadcrumb":{"@id":"https:\/\/ppdegalicia.com\/es\/gpp-defendera-no-pleno-rexistro-galego-de-infarto-e-manter-rua-alvaro-cunqueiro\/#breadcrumb"},"inLanguage":"es","potentialAction":[{"@type":"ReadAction","target":["https:\/\/ppdegalicia.com\/es\/gpp-defendera-no-pleno-rexistro-galego-de-infarto-e-manter-rua-alvaro-cunqueiro\/"]}]},{"@type":"BreadcrumbList","@id":"https:\/\/ppdegalicia.com\/es\/gpp-defendera-no-pleno-rexistro-galego-de-infarto-e-manter-rua-alvaro-cunqueiro\/#breadcrumb","itemListElement":[{"@type":"ListItem","position":1,"name":"Portada","item":"https:\/\/ppdegalicia.com\/es\/"},{"@type":"ListItem","position":2,"name":"GPP defender\u00e1 no pleno rexistro galego de infarto e manter r\u00faa \u00c1lvaro Cunqueiro"}]},{"@type":"WebSite","@id":"https:\/\/ppdegalicia.com\/es\/#website","url":"https:\/\/ppdegalicia.com\/es\/","name":"Partido Popular de Galicia","description":"Partido Popular de Galicia","publisher":{"@id":"https:\/\/ppdegalicia.com\/es\/#organization"},"alternateName":"PP de Galicia","potentialAction":[{"@type":"SearchAction","target":{"@type":"EntryPoint","urlTemplate":"https:\/\/ppdegalicia.com\/es\/?s={search_term_string}"},"query-input":{"@type":"PropertyValueSpecification","valueRequired":true,"valueName":"search_term_string"}}],"inLanguage":"es"},{"@type":"Organization","@id":"https:\/\/ppdegalicia.com\/es\/#organization","name":"Partido Popular de Galicia","alternateName":"PP de Galicia","url":"https:\/\/ppdegalicia.com\/es\/","logo":{"@type":"ImageObject","inLanguage":"es","@id":"https:\/\/ppdegalicia.com\/es\/#\/schema\/logo\/image\/","url":"https:\/\/ppdegalicia.com\/wp-content\/uploads\/2023\/04\/logoPP512.png","contentUrl":"https:\/\/ppdegalicia.com\/wp-content\/uploads\/2023\/04\/logoPP512.png","width":512,"height":512,"caption":"Partido Popular de Galicia"},"image":{"@id":"https:\/\/ppdegalicia.com\/es\/#\/schema\/logo\/image\/"},"sameAs":["https:\/\/www.instagram.com\/ppdegalicia\/","https:\/\/x.com\/ppdegalicia","https:\/\/www.tiktok.com\/@ppdegalicia","https:\/\/www.youtube.com\/user\/ppdegalicia"]},{"@type":"Person","@id":"https:\/\/ppdegalicia.com\/es\/#\/schema\/person\/d0f013b8388c980665d44009ab762960","name":"Super User","image":{"@type":"ImageObject","inLanguage":"es","@id":"https:\/\/secure.gravatar.com\/avatar\/1db852625ef4948f58d2739bfbc51e4b9bd5c93b8fa340b59fdb594ca0845645?s=96&d=mm&r=g","url":"https:\/\/secure.gravatar.com\/avatar\/1db852625ef4948f58d2739bfbc51e4b9bd5c93b8fa340b59fdb594ca0845645?s=96&d=mm&r=g","contentUrl":"https:\/\/secure.gravatar.com\/avatar\/1db852625ef4948f58d2739bfbc51e4b9bd5c93b8fa340b59fdb594ca0845645?s=96&d=mm&r=g","caption":"Super User"},"url":"https:\/\/ppdegalicia.com\/es\/author\/ppdegaliciagestion\/"}]}},"_links":{"self":[{"href":"https:\/\/ppdegalicia.com\/es\/wp-json\/wp\/v2\/posts\/51788","targetHints":{"allow":["GET"]}}],"collection":[{"href":"https:\/\/ppdegalicia.com\/es\/wp-json\/wp\/v2\/posts"}],"about":[{"href":"https:\/\/ppdegalicia.com\/es\/wp-json\/wp\/v2\/types\/post"}],"author":[{"embeddable":true,"href":"https:\/\/ppdegalicia.com\/es\/wp-json\/wp\/v2\/users\/37"}],"replies":[{"embeddable":true,"href":"https:\/\/ppdegalicia.com\/es\/wp-json\/wp\/v2\/comments?post=51788"}],"version-history":[{"count":0,"href":"https:\/\/ppdegalicia.com\/es\/wp-json\/wp\/v2\/posts\/51788\/revisions"}],"wp:attachment":[{"href":"https:\/\/ppdegalicia.com\/es\/wp-json\/wp\/v2\/media?parent=51788"}],"wp:term":[{"taxonomy":"category","embeddable":true,"href":"https:\/\/ppdegalicia.com\/es\/wp-json\/wp\/v2\/categories?post=51788"},{"taxonomy":"post_tag","embeddable":true,"href":"https:\/\/ppdegalicia.com\/es\/wp-json\/wp\/v2\/tags?post=51788"}],"curies":[{"name":"wp","href":"https:\/\/api.w.org\/{rel}","templated":true}]}}