{"id":51793,"date":"2016-03-12T18:00:00","date_gmt":"2016-03-12T16:00:00","guid":{"rendered":"https:\/\/ppdegalicia.com\/feijoo-pide-dar-o-maximo-ante-os-que-queren-para-aqui-o-que-non-lles-vale-para-espana\/"},"modified":"2016-03-12T18:00:00","modified_gmt":"2016-03-12T16:00:00","slug":"feijoo-pide-dar-o-maximo-ante-os-que-queren-para-aqui-o-que-non-lles-vale-para-espana","status":"publish","type":"post","link":"https:\/\/ppdegalicia.com\/es\/feijoo-pide-dar-o-maximo-ante-os-que-queren-para-aqui-o-que-non-lles-vale-para-espana\/","title":{"rendered":"Feij\u00f3o pide dar o m\u00e1ximo ante os que queren para aqu\u00ed o que non lles vale para Espa\u00f1a"},"content":{"rendered":"<div style=\"text-align: justify;\"><b>A Coru\u00f1a, 12 de marzo de 2016.-<\/b> O presidente do PPdeG, Alberto N\u00fa\u00f1ez Feij\u00f3o, pediu ao seu partido dar o m\u00e1ximo polos galegos ante aqueles que, incapaces de chegar a un acordo no pa\u00eds, din que non haber\u00eda problemas para xuntarse en Galicia. &quot;Polo tanto quere para n\u00f3s o que non lles vale para Espa\u00f1a&quot;, di. As\u00ed, preguntabase por que queren para aqu\u00ed o que non aceptan para o resto do Estado.<\/div>\n<div style=\"text-align: justify;\"><\/div>\n<div style=\"text-align: justify;\">Deste xeito se expresaba o l\u00edder popular na clausura do XV Congreso Provincial do PP de A Coru\u00f1a, onde acompa\u00f1ou ao novo presidente da provincia, Diego Calvo, do que salientou o traballo e esforzo que realizou durante a s\u00faa candidatura, as\u00ed como a s\u00faa xuventude e experiencia.&nbsp;<\/div>\n<div style=\"text-align: justify;\"><\/div>\n<div style=\"text-align: justify;\">O presidente tam\u00e9n recordou ao seu antecesor no cargo, a Carlos Negreira, do que puxo en valor o seu car\u00e1cter ga\u00f1ador \u201cque soubo contaxiar a toda a militancia\u201d, a s\u00faa cercan\u00eda e a s\u00faa capacidade de traballo. Por \u00faltimo, apuntou que &quot;o PP da Coru\u00f1a pode po\u00f1erse retos dif\u00edciles porque est\u00e1 acostumado a acadalos&quot;, lembra.<\/div>\n<div style=\"text-align: justify;\"><\/div>\n<div style=\"text-align: justify;\"><b>FUTURO DESPEXADO FRONTE INOPERANCIA<\/b><\/div>\n<div style=\"text-align: justify;\">Na s\u00faa intervenci\u00f3n, o m\u00e1ximo mandatario do PPdeG subli\u00f1ou que hoxe Galicia volve crecer, pos\u00fae unhas contas p\u00fablicas rigorosas e \u00fatiles, crea emprego, innova e exporta m\u00e1is que nunca, e ten menos impostos, chegando incluso a non pagar polo de Sucesi\u00f3ns.&nbsp;<\/div>\n<div style=\"text-align: justify;\"><\/div>\n<div style=\"text-align: justify;\">A\u00ednda que tam\u00e9n asumiu que queda cami\u00f1o por diante, Feij\u00f3o apuntou que a nosa comunidade est\u00e1 superando as dificultades e ten hoxe moito m\u00e1is futuro.<\/div>\n<div style=\"text-align: justify;\"><\/div>\n<div style=\"text-align: justify;\">Nese sentido, manifestaba que, cando xa por fin estamos sa\u00edndo da irresponsabilidade socialista, hai que seguir avanzando e non caer no disparate chavista que prop\u00f3n Podemos. Para o presidente, fomos co\u00f1ecendo a s\u00faa admiraci\u00f3n por ideolox\u00edas pasadas e rex\u00edmenes fracasados.<\/div>\n<div style=\"text-align: justify;\"><\/div>\n<div style=\"text-align: justify;\">O dirixente popular dixo que, se ben Podemos fai cousas moi ben como buscar o protagonismo, protestar ou presumir, \u201cgobernar gobernan moi mal\u201d. Como mostra disto, Feij\u00f3o lembrou que non son quen nin de tapar os baches que son cada vez m\u00e1is dif\u00edciles de sortear nas cidades galegas onde gobernan. Ademais, apuntou que neses baches poder\u00e1 caer o PSOE e mesmo enterrar nelas o seu futuro, pero Galicia non.&nbsp;<\/div>\n<div style=\"text-align: justify;\"><\/div>\n<div style=\"text-align: justify;\">Feij\u00f3o incidiu en que, pese a ser o partido m\u00e1is votado, os populares non se conforman e deben dar sempre m\u00e1is, engadindo que iniciaron unha renovaci\u00f3n de actitudes, de ideas e de equipos que ten \u00e1s persoas no centro, sendo esta a senda pola que continuar\u00e1n.<\/div>\n<div style=\"text-align: justify;\"><\/div>\n<div style=\"text-align: justify;\">\u201cNada do que conseguimos estes anos foi sinxelo pero fomos quen de acadalo\u201d, dic\u00eda Feij\u00f3o ao tempo que aseveraba que, do mesmo xeito, conseguir\u00e1n o que a\u00ednda te\u00f1en por diante. \u201cEste partido precisa de cada un dos seus afiliados e Galicia precisa deste partido\u201d, sentenciou.&nbsp;<\/div>\n<div><\/div>\n","protected":false},"excerpt":{"rendered":"<p>A Coru\u00f1a, 12 de marzo de 2016.- O presidente do PPdeG, Alberto N\u00fa\u00f1ez Feij\u00f3o, pediu ao seu partido dar o m\u00e1ximo polos galegos ante aqueles que, incapaces de chegar a un acordo no pa\u00eds, din que non haber\u00eda problemas para xuntarse en Galicia. &quot;Polo tanto quere para n\u00f3s o que non lles vale para Espa\u00f1a&quot;, [&hellip;]<\/p>\n","protected":false},"author":37,"featured_media":0,"comment_status":"open","ping_status":"open","sticky":false,"template":"","format":"standard","meta":{"_acf_changed":false,"footnotes":""},"categories":[1],"tags":[],"class_list":["post-51793","post","type-post","status-publish","format-standard","hentry","category-pp-de-galicia"],"acf":[],"yoast_head":"<!-- This site is optimized with the Yoast SEO plugin v27.3 - https:\/\/yoast.com\/product\/yoast-seo-wordpress\/ -->\n<title>Feij\u00f3o pide dar o m\u00e1ximo ante os que queren para aqu\u00ed o que non lles vale para Espa\u00f1a - PP de Galicia<\/title>\n<meta name=\"robots\" content=\"index, follow, max-snippet:-1, max-image-preview:large, max-video-preview:-1\" \/>\n<link rel=\"canonical\" href=\"https:\/\/ppdegalicia.com\/es\/feijoo-pide-dar-o-maximo-ante-os-que-queren-para-aqui-o-que-non-lles-vale-para-espana\/\" \/>\n<meta property=\"og:locale\" content=\"es_ES\" \/>\n<meta property=\"og:type\" content=\"article\" \/>\n<meta property=\"og:title\" content=\"Feij\u00f3o pide dar o m\u00e1ximo ante os que queren para aqu\u00ed o que non lles vale para Espa\u00f1a - PP de Galicia\" \/>\n<meta property=\"og:description\" content=\"A Coru\u00f1a, 12 de marzo de 2016.- O presidente do PPdeG, Alberto N\u00fa\u00f1ez Feij\u00f3o, pediu ao seu partido dar o m\u00e1ximo polos galegos ante aqueles que, incapaces de chegar a un acordo no pa\u00eds, din que non haber\u00eda problemas para xuntarse en Galicia. &quot;Polo tanto quere para n\u00f3s o que non lles vale para Espa\u00f1a&quot;, [&hellip;]\" \/>\n<meta property=\"og:url\" content=\"https:\/\/ppdegalicia.com\/es\/feijoo-pide-dar-o-maximo-ante-os-que-queren-para-aqui-o-que-non-lles-vale-para-espana\/\" \/>\n<meta property=\"og:site_name\" content=\"PP de Galicia\" \/>\n<meta property=\"article:publisher\" content=\"https:\/\/www.instagram.com\/ppdegalicia\/\" \/>\n<meta property=\"article:published_time\" content=\"2016-03-12T16:00:00+00:00\" \/>\n<meta name=\"author\" content=\"Super User\" \/>\n<meta name=\"twitter:card\" content=\"summary_large_image\" \/>\n<meta name=\"twitter:creator\" content=\"@ppdegalicia\" \/>\n<meta name=\"twitter:site\" content=\"@ppdegalicia\" \/>\n<meta name=\"twitter:label1\" content=\"Escrito por\" \/>\n\t<meta name=\"twitter:data1\" content=\"Super User\" \/>\n\t<meta name=\"twitter:label2\" content=\"Tiempo de lectura\" \/>\n\t<meta name=\"twitter:data2\" content=\"3 minutos\" \/>\n<script type=\"application\/ld+json\" class=\"yoast-schema-graph\">{\"@context\":\"https:\\\/\\\/schema.org\",\"@graph\":[{\"@type\":\"Article\",\"@id\":\"https:\\\/\\\/ppdegalicia.com\\\/es\\\/feijoo-pide-dar-o-maximo-ante-os-que-queren-para-aqui-o-que-non-lles-vale-para-espana\\\/#article\",\"isPartOf\":{\"@id\":\"https:\\\/\\\/ppdegalicia.com\\\/es\\\/feijoo-pide-dar-o-maximo-ante-os-que-queren-para-aqui-o-que-non-lles-vale-para-espana\\\/\"},\"author\":{\"name\":\"Super User\",\"@id\":\"https:\\\/\\\/ppdegalicia.com\\\/es\\\/#\\\/schema\\\/person\\\/d0f013b8388c980665d44009ab762960\"},\"headline\":\"Feij\u00f3o pide dar o m\u00e1ximo ante os que queren para aqu\u00ed o que non lles vale para Espa\u00f1a\",\"datePublished\":\"2016-03-12T16:00:00+00:00\",\"mainEntityOfPage\":{\"@id\":\"https:\\\/\\\/ppdegalicia.com\\\/es\\\/feijoo-pide-dar-o-maximo-ante-os-que-queren-para-aqui-o-que-non-lles-vale-para-espana\\\/\"},\"wordCount\":527,\"commentCount\":0,\"publisher\":{\"@id\":\"https:\\\/\\\/ppdegalicia.com\\\/es\\\/#organization\"},\"articleSection\":[\"PP de Galicia\"],\"inLanguage\":\"es\",\"potentialAction\":[{\"@type\":\"CommentAction\",\"name\":\"Comment\",\"target\":[\"https:\\\/\\\/ppdegalicia.com\\\/es\\\/feijoo-pide-dar-o-maximo-ante-os-que-queren-para-aqui-o-que-non-lles-vale-para-espana\\\/#respond\"]}]},{\"@type\":\"WebPage\",\"@id\":\"https:\\\/\\\/ppdegalicia.com\\\/es\\\/feijoo-pide-dar-o-maximo-ante-os-que-queren-para-aqui-o-que-non-lles-vale-para-espana\\\/\",\"url\":\"https:\\\/\\\/ppdegalicia.com\\\/es\\\/feijoo-pide-dar-o-maximo-ante-os-que-queren-para-aqui-o-que-non-lles-vale-para-espana\\\/\",\"name\":\"Feij\u00f3o pide dar o m\u00e1ximo ante os que queren para aqu\u00ed o que non lles vale para Espa\u00f1a - PP de Galicia\",\"isPartOf\":{\"@id\":\"https:\\\/\\\/ppdegalicia.com\\\/es\\\/#website\"},\"datePublished\":\"2016-03-12T16:00:00+00:00\",\"breadcrumb\":{\"@id\":\"https:\\\/\\\/ppdegalicia.com\\\/es\\\/feijoo-pide-dar-o-maximo-ante-os-que-queren-para-aqui-o-que-non-lles-vale-para-espana\\\/#breadcrumb\"},\"inLanguage\":\"es\",\"potentialAction\":[{\"@type\":\"ReadAction\",\"target\":[\"https:\\\/\\\/ppdegalicia.com\\\/es\\\/feijoo-pide-dar-o-maximo-ante-os-que-queren-para-aqui-o-que-non-lles-vale-para-espana\\\/\"]}]},{\"@type\":\"BreadcrumbList\",\"@id\":\"https:\\\/\\\/ppdegalicia.com\\\/es\\\/feijoo-pide-dar-o-maximo-ante-os-que-queren-para-aqui-o-que-non-lles-vale-para-espana\\\/#breadcrumb\",\"itemListElement\":[{\"@type\":\"ListItem\",\"position\":1,\"name\":\"Portada\",\"item\":\"https:\\\/\\\/ppdegalicia.com\\\/es\\\/\"},{\"@type\":\"ListItem\",\"position\":2,\"name\":\"Feij\u00f3o pide dar o m\u00e1ximo ante os que queren para aqu\u00ed o que non lles vale para Espa\u00f1a\"}]},{\"@type\":\"WebSite\",\"@id\":\"https:\\\/\\\/ppdegalicia.com\\\/es\\\/#website\",\"url\":\"https:\\\/\\\/ppdegalicia.com\\\/es\\\/\",\"name\":\"Partido Popular de Galicia\",\"description\":\"Partido Popular de Galicia\",\"publisher\":{\"@id\":\"https:\\\/\\\/ppdegalicia.com\\\/es\\\/#organization\"},\"alternateName\":\"PP de Galicia\",\"potentialAction\":[{\"@type\":\"SearchAction\",\"target\":{\"@type\":\"EntryPoint\",\"urlTemplate\":\"https:\\\/\\\/ppdegalicia.com\\\/es\\\/?s={search_term_string}\"},\"query-input\":{\"@type\":\"PropertyValueSpecification\",\"valueRequired\":true,\"valueName\":\"search_term_string\"}}],\"inLanguage\":\"es\"},{\"@type\":\"Organization\",\"@id\":\"https:\\\/\\\/ppdegalicia.com\\\/es\\\/#organization\",\"name\":\"Partido Popular de Galicia\",\"alternateName\":\"PP de Galicia\",\"url\":\"https:\\\/\\\/ppdegalicia.com\\\/es\\\/\",\"logo\":{\"@type\":\"ImageObject\",\"inLanguage\":\"es\",\"@id\":\"https:\\\/\\\/ppdegalicia.com\\\/es\\\/#\\\/schema\\\/logo\\\/image\\\/\",\"url\":\"https:\\\/\\\/ppdegalicia.com\\\/wp-content\\\/uploads\\\/2023\\\/04\\\/logoPP512.png\",\"contentUrl\":\"https:\\\/\\\/ppdegalicia.com\\\/wp-content\\\/uploads\\\/2023\\\/04\\\/logoPP512.png\",\"width\":512,\"height\":512,\"caption\":\"Partido Popular de Galicia\"},\"image\":{\"@id\":\"https:\\\/\\\/ppdegalicia.com\\\/es\\\/#\\\/schema\\\/logo\\\/image\\\/\"},\"sameAs\":[\"https:\\\/\\\/www.instagram.com\\\/ppdegalicia\\\/\",\"https:\\\/\\\/x.com\\\/ppdegalicia\",\"https:\\\/\\\/www.tiktok.com\\\/@ppdegalicia\",\"https:\\\/\\\/www.youtube.com\\\/user\\\/ppdegalicia\"]},{\"@type\":\"Person\",\"@id\":\"https:\\\/\\\/ppdegalicia.com\\\/es\\\/#\\\/schema\\\/person\\\/d0f013b8388c980665d44009ab762960\",\"name\":\"Super User\",\"image\":{\"@type\":\"ImageObject\",\"inLanguage\":\"es\",\"@id\":\"https:\\\/\\\/secure.gravatar.com\\\/avatar\\\/1db852625ef4948f58d2739bfbc51e4b9bd5c93b8fa340b59fdb594ca0845645?s=96&d=mm&r=g\",\"url\":\"https:\\\/\\\/secure.gravatar.com\\\/avatar\\\/1db852625ef4948f58d2739bfbc51e4b9bd5c93b8fa340b59fdb594ca0845645?s=96&d=mm&r=g\",\"contentUrl\":\"https:\\\/\\\/secure.gravatar.com\\\/avatar\\\/1db852625ef4948f58d2739bfbc51e4b9bd5c93b8fa340b59fdb594ca0845645?s=96&d=mm&r=g\",\"caption\":\"Super User\"},\"url\":\"https:\\\/\\\/ppdegalicia.com\\\/es\\\/author\\\/ppdegaliciagestion\\\/\"}]}<\/script>\n<!-- \/ Yoast SEO plugin. -->","yoast_head_json":{"title":"Feij\u00f3o pide dar o m\u00e1ximo ante os que queren para aqu\u00ed o que non lles vale para Espa\u00f1a - PP de Galicia","robots":{"index":"index","follow":"follow","max-snippet":"max-snippet:-1","max-image-preview":"max-image-preview:large","max-video-preview":"max-video-preview:-1"},"canonical":"https:\/\/ppdegalicia.com\/es\/feijoo-pide-dar-o-maximo-ante-os-que-queren-para-aqui-o-que-non-lles-vale-para-espana\/","og_locale":"es_ES","og_type":"article","og_title":"Feij\u00f3o pide dar o m\u00e1ximo ante os que queren para aqu\u00ed o que non lles vale para Espa\u00f1a - PP de Galicia","og_description":"A Coru\u00f1a, 12 de marzo de 2016.- O presidente do PPdeG, Alberto N\u00fa\u00f1ez Feij\u00f3o, pediu ao seu partido dar o m\u00e1ximo polos galegos ante aqueles que, incapaces de chegar a un acordo no pa\u00eds, din que non haber\u00eda problemas para xuntarse en Galicia. &quot;Polo tanto quere para n\u00f3s o que non lles vale para Espa\u00f1a&quot;, [&hellip;]","og_url":"https:\/\/ppdegalicia.com\/es\/feijoo-pide-dar-o-maximo-ante-os-que-queren-para-aqui-o-que-non-lles-vale-para-espana\/","og_site_name":"PP de Galicia","article_publisher":"https:\/\/www.instagram.com\/ppdegalicia\/","article_published_time":"2016-03-12T16:00:00+00:00","author":"Super User","twitter_card":"summary_large_image","twitter_creator":"@ppdegalicia","twitter_site":"@ppdegalicia","twitter_misc":{"Escrito por":"Super User","Tiempo de lectura":"3 minutos"},"schema":{"@context":"https:\/\/schema.org","@graph":[{"@type":"Article","@id":"https:\/\/ppdegalicia.com\/es\/feijoo-pide-dar-o-maximo-ante-os-que-queren-para-aqui-o-que-non-lles-vale-para-espana\/#article","isPartOf":{"@id":"https:\/\/ppdegalicia.com\/es\/feijoo-pide-dar-o-maximo-ante-os-que-queren-para-aqui-o-que-non-lles-vale-para-espana\/"},"author":{"name":"Super User","@id":"https:\/\/ppdegalicia.com\/es\/#\/schema\/person\/d0f013b8388c980665d44009ab762960"},"headline":"Feij\u00f3o pide dar o m\u00e1ximo ante os que queren para aqu\u00ed o que non lles vale para Espa\u00f1a","datePublished":"2016-03-12T16:00:00+00:00","mainEntityOfPage":{"@id":"https:\/\/ppdegalicia.com\/es\/feijoo-pide-dar-o-maximo-ante-os-que-queren-para-aqui-o-que-non-lles-vale-para-espana\/"},"wordCount":527,"commentCount":0,"publisher":{"@id":"https:\/\/ppdegalicia.com\/es\/#organization"},"articleSection":["PP de Galicia"],"inLanguage":"es","potentialAction":[{"@type":"CommentAction","name":"Comment","target":["https:\/\/ppdegalicia.com\/es\/feijoo-pide-dar-o-maximo-ante-os-que-queren-para-aqui-o-que-non-lles-vale-para-espana\/#respond"]}]},{"@type":"WebPage","@id":"https:\/\/ppdegalicia.com\/es\/feijoo-pide-dar-o-maximo-ante-os-que-queren-para-aqui-o-que-non-lles-vale-para-espana\/","url":"https:\/\/ppdegalicia.com\/es\/feijoo-pide-dar-o-maximo-ante-os-que-queren-para-aqui-o-que-non-lles-vale-para-espana\/","name":"Feij\u00f3o pide dar o m\u00e1ximo ante os que queren para aqu\u00ed o que non lles vale para Espa\u00f1a - PP de Galicia","isPartOf":{"@id":"https:\/\/ppdegalicia.com\/es\/#website"},"datePublished":"2016-03-12T16:00:00+00:00","breadcrumb":{"@id":"https:\/\/ppdegalicia.com\/es\/feijoo-pide-dar-o-maximo-ante-os-que-queren-para-aqui-o-que-non-lles-vale-para-espana\/#breadcrumb"},"inLanguage":"es","potentialAction":[{"@type":"ReadAction","target":["https:\/\/ppdegalicia.com\/es\/feijoo-pide-dar-o-maximo-ante-os-que-queren-para-aqui-o-que-non-lles-vale-para-espana\/"]}]},{"@type":"BreadcrumbList","@id":"https:\/\/ppdegalicia.com\/es\/feijoo-pide-dar-o-maximo-ante-os-que-queren-para-aqui-o-que-non-lles-vale-para-espana\/#breadcrumb","itemListElement":[{"@type":"ListItem","position":1,"name":"Portada","item":"https:\/\/ppdegalicia.com\/es\/"},{"@type":"ListItem","position":2,"name":"Feij\u00f3o pide dar o m\u00e1ximo ante os que queren para aqu\u00ed o que non lles vale para Espa\u00f1a"}]},{"@type":"WebSite","@id":"https:\/\/ppdegalicia.com\/es\/#website","url":"https:\/\/ppdegalicia.com\/es\/","name":"Partido Popular de Galicia","description":"Partido Popular de Galicia","publisher":{"@id":"https:\/\/ppdegalicia.com\/es\/#organization"},"alternateName":"PP de Galicia","potentialAction":[{"@type":"SearchAction","target":{"@type":"EntryPoint","urlTemplate":"https:\/\/ppdegalicia.com\/es\/?s={search_term_string}"},"query-input":{"@type":"PropertyValueSpecification","valueRequired":true,"valueName":"search_term_string"}}],"inLanguage":"es"},{"@type":"Organization","@id":"https:\/\/ppdegalicia.com\/es\/#organization","name":"Partido Popular de Galicia","alternateName":"PP de Galicia","url":"https:\/\/ppdegalicia.com\/es\/","logo":{"@type":"ImageObject","inLanguage":"es","@id":"https:\/\/ppdegalicia.com\/es\/#\/schema\/logo\/image\/","url":"https:\/\/ppdegalicia.com\/wp-content\/uploads\/2023\/04\/logoPP512.png","contentUrl":"https:\/\/ppdegalicia.com\/wp-content\/uploads\/2023\/04\/logoPP512.png","width":512,"height":512,"caption":"Partido Popular de Galicia"},"image":{"@id":"https:\/\/ppdegalicia.com\/es\/#\/schema\/logo\/image\/"},"sameAs":["https:\/\/www.instagram.com\/ppdegalicia\/","https:\/\/x.com\/ppdegalicia","https:\/\/www.tiktok.com\/@ppdegalicia","https:\/\/www.youtube.com\/user\/ppdegalicia"]},{"@type":"Person","@id":"https:\/\/ppdegalicia.com\/es\/#\/schema\/person\/d0f013b8388c980665d44009ab762960","name":"Super User","image":{"@type":"ImageObject","inLanguage":"es","@id":"https:\/\/secure.gravatar.com\/avatar\/1db852625ef4948f58d2739bfbc51e4b9bd5c93b8fa340b59fdb594ca0845645?s=96&d=mm&r=g","url":"https:\/\/secure.gravatar.com\/avatar\/1db852625ef4948f58d2739bfbc51e4b9bd5c93b8fa340b59fdb594ca0845645?s=96&d=mm&r=g","contentUrl":"https:\/\/secure.gravatar.com\/avatar\/1db852625ef4948f58d2739bfbc51e4b9bd5c93b8fa340b59fdb594ca0845645?s=96&d=mm&r=g","caption":"Super User"},"url":"https:\/\/ppdegalicia.com\/es\/author\/ppdegaliciagestion\/"}]}},"_links":{"self":[{"href":"https:\/\/ppdegalicia.com\/es\/wp-json\/wp\/v2\/posts\/51793","targetHints":{"allow":["GET"]}}],"collection":[{"href":"https:\/\/ppdegalicia.com\/es\/wp-json\/wp\/v2\/posts"}],"about":[{"href":"https:\/\/ppdegalicia.com\/es\/wp-json\/wp\/v2\/types\/post"}],"author":[{"embeddable":true,"href":"https:\/\/ppdegalicia.com\/es\/wp-json\/wp\/v2\/users\/37"}],"replies":[{"embeddable":true,"href":"https:\/\/ppdegalicia.com\/es\/wp-json\/wp\/v2\/comments?post=51793"}],"version-history":[{"count":0,"href":"https:\/\/ppdegalicia.com\/es\/wp-json\/wp\/v2\/posts\/51793\/revisions"}],"wp:attachment":[{"href":"https:\/\/ppdegalicia.com\/es\/wp-json\/wp\/v2\/media?parent=51793"}],"wp:term":[{"taxonomy":"category","embeddable":true,"href":"https:\/\/ppdegalicia.com\/es\/wp-json\/wp\/v2\/categories?post=51793"},{"taxonomy":"post_tag","embeddable":true,"href":"https:\/\/ppdegalicia.com\/es\/wp-json\/wp\/v2\/tags?post=51793"}],"curies":[{"name":"wp","href":"https:\/\/api.w.org\/{rel}","templated":true}]}}