{"id":51794,"date":"2016-03-13T17:00:00","date_gmt":"2016-03-13T15:00:00","guid":{"rendered":"https:\/\/ppdegalicia.com\/feijoo-di-que-a-renovacion-do-ppdeg-pon-ao-partido-en-mellor-situacion-que-en-2009\/"},"modified":"2016-03-13T17:00:00","modified_gmt":"2016-03-13T15:00:00","slug":"feijoo-di-que-a-renovacion-do-ppdeg-pon-ao-partido-en-mellor-situacion-que-en-2009","status":"publish","type":"post","link":"https:\/\/ppdegalicia.com\/es\/feijoo-di-que-a-renovacion-do-ppdeg-pon-ao-partido-en-mellor-situacion-que-en-2009\/","title":{"rendered":"Feij\u00f3o di que a renovaci\u00f3n do PPdeG pon ao partido en mellor situaci\u00f3n que en 2009"},"content":{"rendered":"<div style=\"text-align: justify;\"><b>Pontevedra, 13 de marzo de 2016.-<\/b> O presidente do PPdeG, Alberto N\u00fa\u00f1ez Feij\u00f3o, asegurou hoxe que a renovaci\u00f3n efectuada no partido tras os \u00faltimos congresos provinciais sit\u00faa a esta formaci\u00f3n en mellores condici\u00f3ns que en 2009 para obter unha vitoria electoral.<\/div>\n<div style=\"text-align: justify;\"><\/div>\n<div style=\"text-align: justify;\">As\u00ed se pronunciou durante a clausura do Congreso do PP de Pontevedra, no que Alfonso Rueda foi elixido novo presidente provincial e que culmina a renovaci\u00f3n do partido en todas as provincias galegas. Feij\u00f3o equiparou a situaci\u00f3n actual coa que hab\u00eda en 2009, na que \u201cse reparten sill\u00f3ns sen ter nin acordo nin votos\u201d.&nbsp;<\/div>\n<div style=\"text-align: justify;\"><\/div>\n<div style=\"text-align: justify;\">\u201cRecordo como en 2009 PSOE e nacionalistas xa se estaban a repartir os cargos sen que se produciran a\u00ednda as elecci\u00f3ns\u201d, asegurou, e subli\u00f1ou que non se deron conta de que esas elecci\u00f3ns as ti\u00f1an perdidas porque o PP comezou a ga\u00f1alas previamente, cando decidiu renovarse e unir as s\u00faas forzas no Congreso de renovaci\u00f3n de Manuel Fraga, en 2006.&nbsp;<\/div>\n<div style=\"text-align: justify;\"><\/div>\n<div style=\"text-align: justify;\">Como daquela, o presidente dos populares galegos asegurou que ao longo destas semanas viu un partido vivo e activo, e que por m\u00e1is que outros tapen os o\u00eddos e non queiran ver, o PP ten a voz dos 7,3 mill\u00f3ns de espa\u00f1ois que o votaron.&nbsp;<\/div>\n<div style=\"text-align: justify;\"><\/div>\n<div style=\"text-align: justify;\">Precisamente con motivo desta nova etapa que o PPdeG comeza con ilusi\u00f3n, o presidente dos populares galegos reivindicou unha pol\u00edtica para as persoas e con persoas con vocaci\u00f3n de servizo, fronte a aqueles que cren que \u201c\u00e9 m\u00e1is importante un tuit enxe\u00f1oso que un orzamento rigoroso\u201d. &nbsp;<\/div>\n<div style=\"text-align: justify;\"><\/div>\n<div style=\"text-align: justify;\">Nesta li\u00f1a, defendeu a pol\u00edtica na que a experiencia \u00e9 un valor, as\u00ed como unha pol\u00edtica responsable e que se poida tomar en serio, na que ga\u00f1ar non \u00e9 o mesmo que perder porque importa o que opina a xente, na que se exerce con humildade. \u201cE reivindico que quen mellor representa esa pol\u00edtica \u00e9 Mariano Rajoy\u201d, conclu\u00edu.&nbsp;<\/div>\n<div style=\"text-align: justify;\"><\/div>\n<div style=\"text-align: justify;\"><b>QUEN MELLOR REPRESENTA A PONTEVEDRA<\/b><\/div>\n<div style=\"text-align: justify;\">Feij\u00f3o trasladou o seu apoio ao presidente do PP porque, segundo enfatizou, \u00e9 o \u00fanico candidato que actuou con responsabilidade desde as elecci\u00f3ns xerais. Ademais dixo que Rajoy \u00e9 quen mellor poder\u00eda representar a marca de Pontevedra no mundo.<\/div>\n<div style=\"text-align: justify;\"><\/div>\n<div style=\"text-align: justify;\">No comportamento contrario, situou \u00e1s forzas pol\u00edticas que te\u00f1en o pa\u00eds parado porque non asumen o resultado das urnas e considerou que isto \u201co \u00fanico que ten de nova pol\u00edtica \u00e9 que nunca antes se dera tal nivel de irresponsabilidade\u201d.&nbsp;<\/div>\n<div style=\"text-align: justify;\"><\/div>\n<div style=\"text-align: justify;\">\u201cPasamos do fracaso sen precedentes de Pedro S\u00e1nchez nas urnas ao fracase sen precedentes de Pedro S\u00e1nchez na investidura\u201d, manifestou, e lamentou que parece que o terceiro fracaso que quere o candidato socialista sexa o de Espa\u00f1a. \u201cParece que queren que o seu fracaso sexa o de todo o pa\u00eds para ver se as\u00ed sacan proveito\u201d, resumiu, e solicitou que non se enroquen e permitan a Espa\u00f1a seguir adiante.&nbsp;<\/div>\n<div style=\"text-align: justify;\"><\/div>\n<div style=\"text-align: justify;\">Sobre o pacto entre PSOE e Ciudadanos, considerou que non \u00e9 un pacto de investidura nin de goberno, sen\u00f3n de non agresi\u00f3n, de bloqueo e de interese electoralista. \u201cDemostran que o pa\u00eds \u00e9 o de menos, e prep\u00e1ranse para as urnas\u201d, dixo, e a continuaci\u00f3n preguntouse para que, se estes partidos demostraron que o resultado das urnas lles d\u00e1 igual. \u201cDo PSOE poder\u00edamos esperalo, pero desde logo que Ciudadanos decepciona\u201d, trasladou.<\/div>\n<div style=\"text-align: justify;\"><b><br \/><\/b><\/div>\n<div style=\"text-align: justify;\"><b>RUEDA E LOUZ\u00c1N<\/b><\/div>\n<div style=\"text-align: justify;\">Feij\u00f3o tam\u00e9n felicitou ao PP de Pontevedra por ter escollido a Alfonso Rueda como novo presidente da formaci\u00f3n. Despois de recordar que tanto a vitoria electoral de 2009 como moitas outras non ser\u00edan posibles sen as s\u00faas achegas, considerou que o novo papel de Rueda \u00e9 un acerto, como o foron todas as responsabilidades anteriores que el lle encomendou, tanto como secretario xeral do PPdeG como conselleiro e vicepresidente da Xunta de Galicia.&nbsp;<\/div>\n<div style=\"text-align: justify;\"><\/div>\n<div style=\"text-align: justify;\">\u201cCumpriu coas expectativas e coas s\u00faas funci\u00f3ns\u201d, dixo e, tras recordar que Rueda foi o secretario xeral que m\u00e1is tempo estivo no seu cargo na nosa historia, asegurou que o PPdeG tam\u00e9n tivo nel a un \u201cbo tipo\u201d.&nbsp;<\/div>\n<div style=\"text-align: justify;\"><\/div>\n<div style=\"text-align: justify;\">Igualmente, tam\u00e9n reco\u00f1eceu o papel de Rafael Louz\u00e1n \u00e1 fronte do PP pontevedr\u00e9s ao longo dos \u00faltimos anos. As\u00ed, recordou que o azul do PPdeG estivo sempre nos mapas de Pontevedra en todas as elecci\u00f3ns, en ocasi\u00f3ns de xeito abrumador, e apuntou que tantas vitorias electorais se acadan con dedicaci\u00f3n e esforzo. Por iso, agradeceulle a Louz\u00e1n o seu traballo e a s\u00faa disposici\u00f3n permanente. \u201cFoi quen me abriu a porta dunhas listas electorais; sei onde estou e grazas a quen estou\u201d, engadiu.<\/div>\n<div style=\"text-align: justify;\"><\/div>\n<div><\/div>\n","protected":false},"excerpt":{"rendered":"<p>Pontevedra, 13 de marzo de 2016.- O presidente do PPdeG, Alberto N\u00fa\u00f1ez Feij\u00f3o, asegurou hoxe que a renovaci\u00f3n efectuada no partido tras os \u00faltimos congresos provinciais sit\u00faa a esta formaci\u00f3n en mellores condici\u00f3ns que en 2009 para obter unha vitoria electoral. As\u00ed se pronunciou durante a clausura do Congreso do PP de Pontevedra, no que [&hellip;]<\/p>\n","protected":false},"author":37,"featured_media":0,"comment_status":"open","ping_status":"open","sticky":false,"template":"","format":"standard","meta":{"_acf_changed":false,"footnotes":""},"categories":[1],"tags":[],"class_list":["post-51794","post","type-post","status-publish","format-standard","hentry","category-pp-de-galicia"],"acf":[],"yoast_head":"<!-- This site is optimized with the Yoast SEO plugin v27.3 - https:\/\/yoast.com\/product\/yoast-seo-wordpress\/ -->\n<title>Feij\u00f3o di que a renovaci\u00f3n do PPdeG pon ao partido en mellor situaci\u00f3n que en 2009 - PP de Galicia<\/title>\n<meta name=\"robots\" content=\"index, follow, max-snippet:-1, max-image-preview:large, max-video-preview:-1\" \/>\n<link rel=\"canonical\" href=\"https:\/\/ppdegalicia.com\/es\/feijoo-di-que-a-renovacion-do-ppdeg-pon-ao-partido-en-mellor-situacion-que-en-2009\/\" \/>\n<meta property=\"og:locale\" content=\"es_ES\" \/>\n<meta property=\"og:type\" content=\"article\" \/>\n<meta property=\"og:title\" content=\"Feij\u00f3o di que a renovaci\u00f3n do PPdeG pon ao partido en mellor situaci\u00f3n que en 2009 - PP de Galicia\" \/>\n<meta property=\"og:description\" content=\"Pontevedra, 13 de marzo de 2016.- O presidente do PPdeG, Alberto N\u00fa\u00f1ez Feij\u00f3o, asegurou hoxe que a renovaci\u00f3n efectuada no partido tras os \u00faltimos congresos provinciais sit\u00faa a esta formaci\u00f3n en mellores condici\u00f3ns que en 2009 para obter unha vitoria electoral. As\u00ed se pronunciou durante a clausura do Congreso do PP de Pontevedra, no que [&hellip;]\" \/>\n<meta property=\"og:url\" content=\"https:\/\/ppdegalicia.com\/es\/feijoo-di-que-a-renovacion-do-ppdeg-pon-ao-partido-en-mellor-situacion-que-en-2009\/\" \/>\n<meta property=\"og:site_name\" content=\"PP de Galicia\" \/>\n<meta property=\"article:publisher\" content=\"https:\/\/www.instagram.com\/ppdegalicia\/\" \/>\n<meta property=\"article:published_time\" content=\"2016-03-13T15:00:00+00:00\" \/>\n<meta name=\"author\" content=\"Super User\" \/>\n<meta name=\"twitter:card\" content=\"summary_large_image\" \/>\n<meta name=\"twitter:creator\" content=\"@ppdegalicia\" \/>\n<meta name=\"twitter:site\" content=\"@ppdegalicia\" \/>\n<meta name=\"twitter:label1\" content=\"Escrito por\" \/>\n\t<meta name=\"twitter:data1\" content=\"Super User\" \/>\n\t<meta name=\"twitter:label2\" content=\"Tiempo de lectura\" \/>\n\t<meta name=\"twitter:data2\" content=\"4 minutos\" \/>\n<script type=\"application\/ld+json\" class=\"yoast-schema-graph\">{\"@context\":\"https:\\\/\\\/schema.org\",\"@graph\":[{\"@type\":\"Article\",\"@id\":\"https:\\\/\\\/ppdegalicia.com\\\/es\\\/feijoo-di-que-a-renovacion-do-ppdeg-pon-ao-partido-en-mellor-situacion-que-en-2009\\\/#article\",\"isPartOf\":{\"@id\":\"https:\\\/\\\/ppdegalicia.com\\\/es\\\/feijoo-di-que-a-renovacion-do-ppdeg-pon-ao-partido-en-mellor-situacion-que-en-2009\\\/\"},\"author\":{\"name\":\"Super User\",\"@id\":\"https:\\\/\\\/ppdegalicia.com\\\/es\\\/#\\\/schema\\\/person\\\/d0f013b8388c980665d44009ab762960\"},\"headline\":\"Feij\u00f3o di que a renovaci\u00f3n do PPdeG pon ao partido en mellor situaci\u00f3n que en 2009\",\"datePublished\":\"2016-03-13T15:00:00+00:00\",\"mainEntityOfPage\":{\"@id\":\"https:\\\/\\\/ppdegalicia.com\\\/es\\\/feijoo-di-que-a-renovacion-do-ppdeg-pon-ao-partido-en-mellor-situacion-que-en-2009\\\/\"},\"wordCount\":806,\"commentCount\":0,\"publisher\":{\"@id\":\"https:\\\/\\\/ppdegalicia.com\\\/es\\\/#organization\"},\"articleSection\":[\"PP de Galicia\"],\"inLanguage\":\"es\",\"potentialAction\":[{\"@type\":\"CommentAction\",\"name\":\"Comment\",\"target\":[\"https:\\\/\\\/ppdegalicia.com\\\/es\\\/feijoo-di-que-a-renovacion-do-ppdeg-pon-ao-partido-en-mellor-situacion-que-en-2009\\\/#respond\"]}]},{\"@type\":\"WebPage\",\"@id\":\"https:\\\/\\\/ppdegalicia.com\\\/es\\\/feijoo-di-que-a-renovacion-do-ppdeg-pon-ao-partido-en-mellor-situacion-que-en-2009\\\/\",\"url\":\"https:\\\/\\\/ppdegalicia.com\\\/es\\\/feijoo-di-que-a-renovacion-do-ppdeg-pon-ao-partido-en-mellor-situacion-que-en-2009\\\/\",\"name\":\"Feij\u00f3o di que a renovaci\u00f3n do PPdeG pon ao partido en mellor situaci\u00f3n que en 2009 - PP de Galicia\",\"isPartOf\":{\"@id\":\"https:\\\/\\\/ppdegalicia.com\\\/es\\\/#website\"},\"datePublished\":\"2016-03-13T15:00:00+00:00\",\"breadcrumb\":{\"@id\":\"https:\\\/\\\/ppdegalicia.com\\\/es\\\/feijoo-di-que-a-renovacion-do-ppdeg-pon-ao-partido-en-mellor-situacion-que-en-2009\\\/#breadcrumb\"},\"inLanguage\":\"es\",\"potentialAction\":[{\"@type\":\"ReadAction\",\"target\":[\"https:\\\/\\\/ppdegalicia.com\\\/es\\\/feijoo-di-que-a-renovacion-do-ppdeg-pon-ao-partido-en-mellor-situacion-que-en-2009\\\/\"]}]},{\"@type\":\"BreadcrumbList\",\"@id\":\"https:\\\/\\\/ppdegalicia.com\\\/es\\\/feijoo-di-que-a-renovacion-do-ppdeg-pon-ao-partido-en-mellor-situacion-que-en-2009\\\/#breadcrumb\",\"itemListElement\":[{\"@type\":\"ListItem\",\"position\":1,\"name\":\"Portada\",\"item\":\"https:\\\/\\\/ppdegalicia.com\\\/es\\\/\"},{\"@type\":\"ListItem\",\"position\":2,\"name\":\"Feij\u00f3o di que a renovaci\u00f3n do PPdeG pon ao partido en mellor situaci\u00f3n que en 2009\"}]},{\"@type\":\"WebSite\",\"@id\":\"https:\\\/\\\/ppdegalicia.com\\\/es\\\/#website\",\"url\":\"https:\\\/\\\/ppdegalicia.com\\\/es\\\/\",\"name\":\"Partido Popular de Galicia\",\"description\":\"Partido Popular de Galicia\",\"publisher\":{\"@id\":\"https:\\\/\\\/ppdegalicia.com\\\/es\\\/#organization\"},\"alternateName\":\"PP de Galicia\",\"potentialAction\":[{\"@type\":\"SearchAction\",\"target\":{\"@type\":\"EntryPoint\",\"urlTemplate\":\"https:\\\/\\\/ppdegalicia.com\\\/es\\\/?s={search_term_string}\"},\"query-input\":{\"@type\":\"PropertyValueSpecification\",\"valueRequired\":true,\"valueName\":\"search_term_string\"}}],\"inLanguage\":\"es\"},{\"@type\":\"Organization\",\"@id\":\"https:\\\/\\\/ppdegalicia.com\\\/es\\\/#organization\",\"name\":\"Partido Popular de Galicia\",\"alternateName\":\"PP de Galicia\",\"url\":\"https:\\\/\\\/ppdegalicia.com\\\/es\\\/\",\"logo\":{\"@type\":\"ImageObject\",\"inLanguage\":\"es\",\"@id\":\"https:\\\/\\\/ppdegalicia.com\\\/es\\\/#\\\/schema\\\/logo\\\/image\\\/\",\"url\":\"https:\\\/\\\/ppdegalicia.com\\\/wp-content\\\/uploads\\\/2023\\\/04\\\/logoPP512.png\",\"contentUrl\":\"https:\\\/\\\/ppdegalicia.com\\\/wp-content\\\/uploads\\\/2023\\\/04\\\/logoPP512.png\",\"width\":512,\"height\":512,\"caption\":\"Partido Popular de Galicia\"},\"image\":{\"@id\":\"https:\\\/\\\/ppdegalicia.com\\\/es\\\/#\\\/schema\\\/logo\\\/image\\\/\"},\"sameAs\":[\"https:\\\/\\\/www.instagram.com\\\/ppdegalicia\\\/\",\"https:\\\/\\\/x.com\\\/ppdegalicia\",\"https:\\\/\\\/www.tiktok.com\\\/@ppdegalicia\",\"https:\\\/\\\/www.youtube.com\\\/user\\\/ppdegalicia\"]},{\"@type\":\"Person\",\"@id\":\"https:\\\/\\\/ppdegalicia.com\\\/es\\\/#\\\/schema\\\/person\\\/d0f013b8388c980665d44009ab762960\",\"name\":\"Super User\",\"image\":{\"@type\":\"ImageObject\",\"inLanguage\":\"es\",\"@id\":\"https:\\\/\\\/secure.gravatar.com\\\/avatar\\\/1db852625ef4948f58d2739bfbc51e4b9bd5c93b8fa340b59fdb594ca0845645?s=96&d=mm&r=g\",\"url\":\"https:\\\/\\\/secure.gravatar.com\\\/avatar\\\/1db852625ef4948f58d2739bfbc51e4b9bd5c93b8fa340b59fdb594ca0845645?s=96&d=mm&r=g\",\"contentUrl\":\"https:\\\/\\\/secure.gravatar.com\\\/avatar\\\/1db852625ef4948f58d2739bfbc51e4b9bd5c93b8fa340b59fdb594ca0845645?s=96&d=mm&r=g\",\"caption\":\"Super User\"},\"url\":\"https:\\\/\\\/ppdegalicia.com\\\/es\\\/author\\\/ppdegaliciagestion\\\/\"}]}<\/script>\n<!-- \/ Yoast SEO plugin. -->","yoast_head_json":{"title":"Feij\u00f3o di que a renovaci\u00f3n do PPdeG pon ao partido en mellor situaci\u00f3n que en 2009 - PP de Galicia","robots":{"index":"index","follow":"follow","max-snippet":"max-snippet:-1","max-image-preview":"max-image-preview:large","max-video-preview":"max-video-preview:-1"},"canonical":"https:\/\/ppdegalicia.com\/es\/feijoo-di-que-a-renovacion-do-ppdeg-pon-ao-partido-en-mellor-situacion-que-en-2009\/","og_locale":"es_ES","og_type":"article","og_title":"Feij\u00f3o di que a renovaci\u00f3n do PPdeG pon ao partido en mellor situaci\u00f3n que en 2009 - PP de Galicia","og_description":"Pontevedra, 13 de marzo de 2016.- O presidente do PPdeG, Alberto N\u00fa\u00f1ez Feij\u00f3o, asegurou hoxe que a renovaci\u00f3n efectuada no partido tras os \u00faltimos congresos provinciais sit\u00faa a esta formaci\u00f3n en mellores condici\u00f3ns que en 2009 para obter unha vitoria electoral. As\u00ed se pronunciou durante a clausura do Congreso do PP de Pontevedra, no que [&hellip;]","og_url":"https:\/\/ppdegalicia.com\/es\/feijoo-di-que-a-renovacion-do-ppdeg-pon-ao-partido-en-mellor-situacion-que-en-2009\/","og_site_name":"PP de Galicia","article_publisher":"https:\/\/www.instagram.com\/ppdegalicia\/","article_published_time":"2016-03-13T15:00:00+00:00","author":"Super User","twitter_card":"summary_large_image","twitter_creator":"@ppdegalicia","twitter_site":"@ppdegalicia","twitter_misc":{"Escrito por":"Super User","Tiempo de lectura":"4 minutos"},"schema":{"@context":"https:\/\/schema.org","@graph":[{"@type":"Article","@id":"https:\/\/ppdegalicia.com\/es\/feijoo-di-que-a-renovacion-do-ppdeg-pon-ao-partido-en-mellor-situacion-que-en-2009\/#article","isPartOf":{"@id":"https:\/\/ppdegalicia.com\/es\/feijoo-di-que-a-renovacion-do-ppdeg-pon-ao-partido-en-mellor-situacion-que-en-2009\/"},"author":{"name":"Super User","@id":"https:\/\/ppdegalicia.com\/es\/#\/schema\/person\/d0f013b8388c980665d44009ab762960"},"headline":"Feij\u00f3o di que a renovaci\u00f3n do PPdeG pon ao partido en mellor situaci\u00f3n que en 2009","datePublished":"2016-03-13T15:00:00+00:00","mainEntityOfPage":{"@id":"https:\/\/ppdegalicia.com\/es\/feijoo-di-que-a-renovacion-do-ppdeg-pon-ao-partido-en-mellor-situacion-que-en-2009\/"},"wordCount":806,"commentCount":0,"publisher":{"@id":"https:\/\/ppdegalicia.com\/es\/#organization"},"articleSection":["PP de Galicia"],"inLanguage":"es","potentialAction":[{"@type":"CommentAction","name":"Comment","target":["https:\/\/ppdegalicia.com\/es\/feijoo-di-que-a-renovacion-do-ppdeg-pon-ao-partido-en-mellor-situacion-que-en-2009\/#respond"]}]},{"@type":"WebPage","@id":"https:\/\/ppdegalicia.com\/es\/feijoo-di-que-a-renovacion-do-ppdeg-pon-ao-partido-en-mellor-situacion-que-en-2009\/","url":"https:\/\/ppdegalicia.com\/es\/feijoo-di-que-a-renovacion-do-ppdeg-pon-ao-partido-en-mellor-situacion-que-en-2009\/","name":"Feij\u00f3o di que a renovaci\u00f3n do PPdeG pon ao partido en mellor situaci\u00f3n que en 2009 - PP de Galicia","isPartOf":{"@id":"https:\/\/ppdegalicia.com\/es\/#website"},"datePublished":"2016-03-13T15:00:00+00:00","breadcrumb":{"@id":"https:\/\/ppdegalicia.com\/es\/feijoo-di-que-a-renovacion-do-ppdeg-pon-ao-partido-en-mellor-situacion-que-en-2009\/#breadcrumb"},"inLanguage":"es","potentialAction":[{"@type":"ReadAction","target":["https:\/\/ppdegalicia.com\/es\/feijoo-di-que-a-renovacion-do-ppdeg-pon-ao-partido-en-mellor-situacion-que-en-2009\/"]}]},{"@type":"BreadcrumbList","@id":"https:\/\/ppdegalicia.com\/es\/feijoo-di-que-a-renovacion-do-ppdeg-pon-ao-partido-en-mellor-situacion-que-en-2009\/#breadcrumb","itemListElement":[{"@type":"ListItem","position":1,"name":"Portada","item":"https:\/\/ppdegalicia.com\/es\/"},{"@type":"ListItem","position":2,"name":"Feij\u00f3o di que a renovaci\u00f3n do PPdeG pon ao partido en mellor situaci\u00f3n que en 2009"}]},{"@type":"WebSite","@id":"https:\/\/ppdegalicia.com\/es\/#website","url":"https:\/\/ppdegalicia.com\/es\/","name":"Partido Popular de Galicia","description":"Partido Popular de Galicia","publisher":{"@id":"https:\/\/ppdegalicia.com\/es\/#organization"},"alternateName":"PP de Galicia","potentialAction":[{"@type":"SearchAction","target":{"@type":"EntryPoint","urlTemplate":"https:\/\/ppdegalicia.com\/es\/?s={search_term_string}"},"query-input":{"@type":"PropertyValueSpecification","valueRequired":true,"valueName":"search_term_string"}}],"inLanguage":"es"},{"@type":"Organization","@id":"https:\/\/ppdegalicia.com\/es\/#organization","name":"Partido Popular de Galicia","alternateName":"PP de Galicia","url":"https:\/\/ppdegalicia.com\/es\/","logo":{"@type":"ImageObject","inLanguage":"es","@id":"https:\/\/ppdegalicia.com\/es\/#\/schema\/logo\/image\/","url":"https:\/\/ppdegalicia.com\/wp-content\/uploads\/2023\/04\/logoPP512.png","contentUrl":"https:\/\/ppdegalicia.com\/wp-content\/uploads\/2023\/04\/logoPP512.png","width":512,"height":512,"caption":"Partido Popular de Galicia"},"image":{"@id":"https:\/\/ppdegalicia.com\/es\/#\/schema\/logo\/image\/"},"sameAs":["https:\/\/www.instagram.com\/ppdegalicia\/","https:\/\/x.com\/ppdegalicia","https:\/\/www.tiktok.com\/@ppdegalicia","https:\/\/www.youtube.com\/user\/ppdegalicia"]},{"@type":"Person","@id":"https:\/\/ppdegalicia.com\/es\/#\/schema\/person\/d0f013b8388c980665d44009ab762960","name":"Super User","image":{"@type":"ImageObject","inLanguage":"es","@id":"https:\/\/secure.gravatar.com\/avatar\/1db852625ef4948f58d2739bfbc51e4b9bd5c93b8fa340b59fdb594ca0845645?s=96&d=mm&r=g","url":"https:\/\/secure.gravatar.com\/avatar\/1db852625ef4948f58d2739bfbc51e4b9bd5c93b8fa340b59fdb594ca0845645?s=96&d=mm&r=g","contentUrl":"https:\/\/secure.gravatar.com\/avatar\/1db852625ef4948f58d2739bfbc51e4b9bd5c93b8fa340b59fdb594ca0845645?s=96&d=mm&r=g","caption":"Super User"},"url":"https:\/\/ppdegalicia.com\/es\/author\/ppdegaliciagestion\/"}]}},"_links":{"self":[{"href":"https:\/\/ppdegalicia.com\/es\/wp-json\/wp\/v2\/posts\/51794","targetHints":{"allow":["GET"]}}],"collection":[{"href":"https:\/\/ppdegalicia.com\/es\/wp-json\/wp\/v2\/posts"}],"about":[{"href":"https:\/\/ppdegalicia.com\/es\/wp-json\/wp\/v2\/types\/post"}],"author":[{"embeddable":true,"href":"https:\/\/ppdegalicia.com\/es\/wp-json\/wp\/v2\/users\/37"}],"replies":[{"embeddable":true,"href":"https:\/\/ppdegalicia.com\/es\/wp-json\/wp\/v2\/comments?post=51794"}],"version-history":[{"count":0,"href":"https:\/\/ppdegalicia.com\/es\/wp-json\/wp\/v2\/posts\/51794\/revisions"}],"wp:attachment":[{"href":"https:\/\/ppdegalicia.com\/es\/wp-json\/wp\/v2\/media?parent=51794"}],"wp:term":[{"taxonomy":"category","embeddable":true,"href":"https:\/\/ppdegalicia.com\/es\/wp-json\/wp\/v2\/categories?post=51794"},{"taxonomy":"post_tag","embeddable":true,"href":"https:\/\/ppdegalicia.com\/es\/wp-json\/wp\/v2\/tags?post=51794"}],"curies":[{"name":"wp","href":"https:\/\/api.w.org\/{rel}","templated":true}]}}