{"id":51795,"date":"2016-03-15T13:26:30","date_gmt":"2016-03-15T11:26:30","guid":{"rendered":"https:\/\/ppdegalicia.com\/a-modificacion-da-lei-de-servizos-sociais-reconece-novos-dereitos-as-persoas-usuarias\/"},"modified":"2016-03-15T13:26:30","modified_gmt":"2016-03-15T11:26:30","slug":"a-modificacion-da-lei-de-servizos-sociais-reconece-novos-dereitos-as-persoas-usuarias","status":"publish","type":"post","link":"https:\/\/ppdegalicia.com\/es\/a-modificacion-da-lei-de-servizos-sociais-reconece-novos-dereitos-as-persoas-usuarias\/","title":{"rendered":"A modificaci\u00f3n da Lei de Servizos Sociais reco\u00f1ece novos dereitos \u00e1s persoas usuarias"},"content":{"rendered":"<p><b>MARTA RODR\u00cdGUEZ AFIRMA QUE A REFORMA DA LEI DE SERVIZOS SOCIAIS \u201cRECO\u00d1\u00c9CE OS DEREITOS DE LIBRE ELECCI\u00d3N, AO ARRAIGO \u00c1 CONTORNA SOCIAL E \u00c1 ATENCI\u00d3N PERSONALIZADA E INTEGRAL\u201d<\/b><\/p>\n<p><b><\/p>\n<p>\u00b7&nbsp;&nbsp; &nbsp;\u201cTr\u00e1tase dun documento aberto \u00e1s propostas dos grupos parlamentarios que melloren o texto orixinal e que permitan que saia adiante co maior respaldo\u201d, apuntou <\/b><\/p>\n<p>Santiago, 15 de marzo de 2016.- A portavoz de Asuntos Sociais do Grupo Popular, Marta Rodr\u00edguez Arias, afirmou hoxe que a trav\u00e9s da modificaci\u00f3n parcial da Lei de servizos sociais \u201creco\u00f1\u00e9cense por primeira vez unha serie de dereitos \u00e1s persoas usuarias, como o dereito da libre elecci\u00f3n, o dereito ao arraigo da persoa \u00e1 s\u00faa contorna social e o dereito \u00e1 atenci\u00f3n personalizada e integral\u201d. Esta modificaci\u00f3n proposta polo Grupo Popular, que hoxe iniciou a s\u00faa tramitaci\u00f3n parlamentaria coa aprobaci\u00f3n da s\u00faa toma en consideraci\u00f3n polo Pleno, introduce novos modelos de xesti\u00f3n: o concerto social, como sistema diferenciado da modalidade de concerto xeral; e os acordos marco coas entidades, promovendo a libre elecci\u00f3n das persoas usuarias.<\/p>\n<p>Rodr\u00edguez Arias lembrou que a Lei 13\/2008 de servizos sociais de Galicia regula no seu artigo 29 as formas de prestaci\u00f3n dos servizos sociais na Comunidade galega, establecendo que ser\u00e1n prestados polas administraci\u00f3ns p\u00fablicas directamente, ou de maneira indirecta a trav\u00e9s das diversas modalidades de contrataci\u00f3n da xesti\u00f3n de servizos p\u00fablicos establecidas na normativa reguladora dos contratos do sector p\u00fablico.<\/p>\n<p>\u201cPor\u00e9n, a Directiva europea 2014\/24 sobre contrataci\u00f3n p\u00fablica establece que os estados membros e os poderes p\u00fablicos te\u00f1en liberdade para organizar os servizos sociais, de maneira que non sexa necesario celebrar contratos p\u00fablicos sempre que dito sistema garanta a publicidade suficiente e se axuste aos principios de transparencia e non discriminaci\u00f3n\u201d, indicou a portavoz popular.<\/p>\n<p><b>ADIANTARSE \u00c1 LEXISLACI\u00d3N ESTATAL<\/b><\/p>\n<p>Deste xeito, esta directiva abre a posibilidade de que as administraci\u00f3ns p\u00fablicas adopten f\u00f3rmulas de organizaci\u00f3n da xesti\u00f3n dos servizos p\u00fablicos no \u00e1mbito dos servizos sociais distintos dos contidos na lexislaci\u00f3n contractual. \u201c\u00c1 espera de que o Estado traslade ao dereito espa\u00f1ol esta directiva, que deber\u00e1 traducirse nunha nova Lei de contratos do sector p\u00fablico, \u00e9 necesario establecer o concerto social mediante a modificaci\u00f3n da Lei de servizos sociais de Galicia\u201d, sinalou Rodr\u00edguez Arias.<\/p>\n<p>Esta modificaci\u00f3n xa foi levada a cabo noutras comunidades aut\u00f3nomas como Pa\u00eds Vasco, Baleares, Asturias e Murcia, que estableceron legalmente o concerto social como nova modalidade para a mellora da xesti\u00f3n dos servizos sociais de proximidade por parte das entidades non lucrativas de acci\u00f3n social.<\/p>\n<p><b>PRIORIDADE \u00c1S ENTIDADES SEN \u00c1NIMO DE LUCRO<\/b><\/p>\n<p>Marta Rodr\u00edguez explicou que esta reforma da Lei de servizos sociais establece o concerto social como modalidade contractual diferenciada do concerto xeral recollido na norma xeral de contratos do sector p\u00fablico. Neste sentido, apuntou que \u201cno establecemento destes concertos sociais atenderanse aos principios de atenci\u00f3n personalizada e integral, arraigo da persoa na contorna de atenci\u00f3n social e libre elecci\u00f3n da persoa usuaria\u201d. <\/p>\n<p>As\u00ed mesmo, engadiu que con estes concertos sociais as administraci\u00f3ns p\u00fablicas \u201cdar\u00e1n prioridade \u00e1s entidades sen \u00e1nimo de lucro, sempre que se garanta a libre concorrencia e os principios de igualdade de trato, de non discriminaci\u00f3n e de transparencia\u201d, ao tempo que establecer\u00e1n f\u00f3rmulas para garantir o mantemento da prestaci\u00f3n por parte das entidades que xa os vi\u00f1an prestando, \u201ccuesti\u00f3n que favorece a continuidade dos colectivos que traballan neste sector e contan con acreditada experiencia\u201d. <\/p>\n<p><b>ACORDOS MARCO PARA ATENDER A LIBRE ELECCI\u00d3N<\/b><\/p>\n<p>A reforma da Lei de servizos sociais tam\u00e9n incorpora a posibilidade de que as administraci\u00f3ns p\u00fablicas poidan asinar acordos marco con entidades sociais para a prestaci\u00f3n de determinados servizos sociais durante un per\u00edodo concreto de tempo. \u201cTr\u00e1tase dunha figura contractual prevista na normativa de contratos do sector p\u00fablico co obxectivo de atender, de forma prioritaria, a libre elecci\u00f3n da persoa destinataria do servizo de que se trate\u201d, explicou Marta Rodr\u00edguez.<\/p>\n<p>A portavoz popular subli\u00f1ou que esta proposici\u00f3n de Lei presentada polo Grupo Popular \u201cnace das aportaci\u00f3ns realizadas polo CERMI-Galicia\u201d e se trata dun \u201cdocumento aberto \u00e1s propostas dos grupos parlamentarios que melloren este texto orixinal e que permitan que saia adiante co maior respaldo posible\u201d.&nbsp; <\/p>\n","protected":false},"excerpt":{"rendered":"<p>MARTA RODR\u00cdGUEZ AFIRMA QUE A REFORMA DA LEI DE SERVIZOS SOCIAIS \u201cRECO\u00d1\u00c9CE OS DEREITOS DE LIBRE ELECCI\u00d3N, AO ARRAIGO \u00c1 CONTORNA SOCIAL E \u00c1 ATENCI\u00d3N PERSONALIZADA E INTEGRAL\u201d \u00b7&nbsp;&nbsp; &nbsp;\u201cTr\u00e1tase dun documento aberto \u00e1s propostas dos grupos parlamentarios que melloren o texto orixinal e que permitan que saia adiante co maior respaldo\u201d, apuntou Santiago, 15 [&hellip;]<\/p>\n","protected":false},"author":37,"featured_media":0,"comment_status":"open","ping_status":"open","sticky":false,"template":"","format":"standard","meta":{"_acf_changed":false,"footnotes":""},"categories":[1],"tags":[],"class_list":["post-51795","post","type-post","status-publish","format-standard","hentry","category-pp-de-galicia"],"acf":[],"yoast_head":"<!-- This site is optimized with the Yoast SEO plugin v27.3 - https:\/\/yoast.com\/product\/yoast-seo-wordpress\/ -->\n<title>A modificaci\u00f3n da Lei de Servizos Sociais reco\u00f1ece novos dereitos \u00e1s persoas usuarias - PP de Galicia<\/title>\n<meta name=\"robots\" content=\"index, follow, max-snippet:-1, max-image-preview:large, max-video-preview:-1\" \/>\n<link rel=\"canonical\" href=\"https:\/\/ppdegalicia.com\/es\/a-modificacion-da-lei-de-servizos-sociais-reconece-novos-dereitos-as-persoas-usuarias\/\" \/>\n<meta property=\"og:locale\" content=\"es_ES\" \/>\n<meta property=\"og:type\" content=\"article\" \/>\n<meta property=\"og:title\" content=\"A modificaci\u00f3n da Lei de Servizos Sociais reco\u00f1ece novos dereitos \u00e1s persoas usuarias - PP de Galicia\" \/>\n<meta property=\"og:description\" content=\"MARTA RODR\u00cdGUEZ AFIRMA QUE A REFORMA DA LEI DE SERVIZOS SOCIAIS \u201cRECO\u00d1\u00c9CE OS DEREITOS DE LIBRE ELECCI\u00d3N, AO ARRAIGO \u00c1 CONTORNA SOCIAL E \u00c1 ATENCI\u00d3N PERSONALIZADA E INTEGRAL\u201d \u00b7&nbsp;&nbsp; &nbsp;\u201cTr\u00e1tase dun documento aberto \u00e1s propostas dos grupos parlamentarios que melloren o texto orixinal e que permitan que saia adiante co maior respaldo\u201d, apuntou Santiago, 15 [&hellip;]\" \/>\n<meta property=\"og:url\" content=\"https:\/\/ppdegalicia.com\/es\/a-modificacion-da-lei-de-servizos-sociais-reconece-novos-dereitos-as-persoas-usuarias\/\" \/>\n<meta property=\"og:site_name\" content=\"PP de Galicia\" \/>\n<meta property=\"article:publisher\" content=\"https:\/\/www.instagram.com\/ppdegalicia\/\" \/>\n<meta property=\"article:published_time\" content=\"2016-03-15T11:26:30+00:00\" \/>\n<meta name=\"author\" content=\"Super User\" \/>\n<meta name=\"twitter:card\" content=\"summary_large_image\" \/>\n<meta name=\"twitter:creator\" content=\"@ppdegalicia\" \/>\n<meta name=\"twitter:site\" content=\"@ppdegalicia\" \/>\n<meta name=\"twitter:label1\" content=\"Escrito por\" \/>\n\t<meta name=\"twitter:data1\" content=\"Super User\" \/>\n\t<meta name=\"twitter:label2\" content=\"Tiempo de lectura\" \/>\n\t<meta name=\"twitter:data2\" content=\"4 minutos\" \/>\n<script type=\"application\/ld+json\" class=\"yoast-schema-graph\">{\"@context\":\"https:\\\/\\\/schema.org\",\"@graph\":[{\"@type\":\"Article\",\"@id\":\"https:\\\/\\\/ppdegalicia.com\\\/es\\\/a-modificacion-da-lei-de-servizos-sociais-reconece-novos-dereitos-as-persoas-usuarias\\\/#article\",\"isPartOf\":{\"@id\":\"https:\\\/\\\/ppdegalicia.com\\\/es\\\/a-modificacion-da-lei-de-servizos-sociais-reconece-novos-dereitos-as-persoas-usuarias\\\/\"},\"author\":{\"name\":\"Super User\",\"@id\":\"https:\\\/\\\/ppdegalicia.com\\\/es\\\/#\\\/schema\\\/person\\\/d0f013b8388c980665d44009ab762960\"},\"headline\":\"A modificaci\u00f3n da Lei de Servizos Sociais reco\u00f1ece novos dereitos \u00e1s persoas usuarias\",\"datePublished\":\"2016-03-15T11:26:30+00:00\",\"mainEntityOfPage\":{\"@id\":\"https:\\\/\\\/ppdegalicia.com\\\/es\\\/a-modificacion-da-lei-de-servizos-sociais-reconece-novos-dereitos-as-persoas-usuarias\\\/\"},\"wordCount\":761,\"commentCount\":0,\"publisher\":{\"@id\":\"https:\\\/\\\/ppdegalicia.com\\\/es\\\/#organization\"},\"articleSection\":[\"PP de Galicia\"],\"inLanguage\":\"es\",\"potentialAction\":[{\"@type\":\"CommentAction\",\"name\":\"Comment\",\"target\":[\"https:\\\/\\\/ppdegalicia.com\\\/es\\\/a-modificacion-da-lei-de-servizos-sociais-reconece-novos-dereitos-as-persoas-usuarias\\\/#respond\"]}]},{\"@type\":\"WebPage\",\"@id\":\"https:\\\/\\\/ppdegalicia.com\\\/es\\\/a-modificacion-da-lei-de-servizos-sociais-reconece-novos-dereitos-as-persoas-usuarias\\\/\",\"url\":\"https:\\\/\\\/ppdegalicia.com\\\/es\\\/a-modificacion-da-lei-de-servizos-sociais-reconece-novos-dereitos-as-persoas-usuarias\\\/\",\"name\":\"A modificaci\u00f3n da Lei de Servizos Sociais reco\u00f1ece novos dereitos \u00e1s persoas usuarias - PP de Galicia\",\"isPartOf\":{\"@id\":\"https:\\\/\\\/ppdegalicia.com\\\/es\\\/#website\"},\"datePublished\":\"2016-03-15T11:26:30+00:00\",\"breadcrumb\":{\"@id\":\"https:\\\/\\\/ppdegalicia.com\\\/es\\\/a-modificacion-da-lei-de-servizos-sociais-reconece-novos-dereitos-as-persoas-usuarias\\\/#breadcrumb\"},\"inLanguage\":\"es\",\"potentialAction\":[{\"@type\":\"ReadAction\",\"target\":[\"https:\\\/\\\/ppdegalicia.com\\\/es\\\/a-modificacion-da-lei-de-servizos-sociais-reconece-novos-dereitos-as-persoas-usuarias\\\/\"]}]},{\"@type\":\"BreadcrumbList\",\"@id\":\"https:\\\/\\\/ppdegalicia.com\\\/es\\\/a-modificacion-da-lei-de-servizos-sociais-reconece-novos-dereitos-as-persoas-usuarias\\\/#breadcrumb\",\"itemListElement\":[{\"@type\":\"ListItem\",\"position\":1,\"name\":\"Portada\",\"item\":\"https:\\\/\\\/ppdegalicia.com\\\/es\\\/\"},{\"@type\":\"ListItem\",\"position\":2,\"name\":\"A modificaci\u00f3n da Lei de Servizos Sociais reco\u00f1ece novos dereitos \u00e1s persoas usuarias\"}]},{\"@type\":\"WebSite\",\"@id\":\"https:\\\/\\\/ppdegalicia.com\\\/es\\\/#website\",\"url\":\"https:\\\/\\\/ppdegalicia.com\\\/es\\\/\",\"name\":\"Partido Popular de Galicia\",\"description\":\"Partido Popular de Galicia\",\"publisher\":{\"@id\":\"https:\\\/\\\/ppdegalicia.com\\\/es\\\/#organization\"},\"alternateName\":\"PP de Galicia\",\"potentialAction\":[{\"@type\":\"SearchAction\",\"target\":{\"@type\":\"EntryPoint\",\"urlTemplate\":\"https:\\\/\\\/ppdegalicia.com\\\/es\\\/?s={search_term_string}\"},\"query-input\":{\"@type\":\"PropertyValueSpecification\",\"valueRequired\":true,\"valueName\":\"search_term_string\"}}],\"inLanguage\":\"es\"},{\"@type\":\"Organization\",\"@id\":\"https:\\\/\\\/ppdegalicia.com\\\/es\\\/#organization\",\"name\":\"Partido Popular de Galicia\",\"alternateName\":\"PP de Galicia\",\"url\":\"https:\\\/\\\/ppdegalicia.com\\\/es\\\/\",\"logo\":{\"@type\":\"ImageObject\",\"inLanguage\":\"es\",\"@id\":\"https:\\\/\\\/ppdegalicia.com\\\/es\\\/#\\\/schema\\\/logo\\\/image\\\/\",\"url\":\"https:\\\/\\\/ppdegalicia.com\\\/wp-content\\\/uploads\\\/2023\\\/04\\\/logoPP512.png\",\"contentUrl\":\"https:\\\/\\\/ppdegalicia.com\\\/wp-content\\\/uploads\\\/2023\\\/04\\\/logoPP512.png\",\"width\":512,\"height\":512,\"caption\":\"Partido Popular de Galicia\"},\"image\":{\"@id\":\"https:\\\/\\\/ppdegalicia.com\\\/es\\\/#\\\/schema\\\/logo\\\/image\\\/\"},\"sameAs\":[\"https:\\\/\\\/www.instagram.com\\\/ppdegalicia\\\/\",\"https:\\\/\\\/x.com\\\/ppdegalicia\",\"https:\\\/\\\/www.tiktok.com\\\/@ppdegalicia\",\"https:\\\/\\\/www.youtube.com\\\/user\\\/ppdegalicia\"]},{\"@type\":\"Person\",\"@id\":\"https:\\\/\\\/ppdegalicia.com\\\/es\\\/#\\\/schema\\\/person\\\/d0f013b8388c980665d44009ab762960\",\"name\":\"Super User\",\"image\":{\"@type\":\"ImageObject\",\"inLanguage\":\"es\",\"@id\":\"https:\\\/\\\/secure.gravatar.com\\\/avatar\\\/1db852625ef4948f58d2739bfbc51e4b9bd5c93b8fa340b59fdb594ca0845645?s=96&d=mm&r=g\",\"url\":\"https:\\\/\\\/secure.gravatar.com\\\/avatar\\\/1db852625ef4948f58d2739bfbc51e4b9bd5c93b8fa340b59fdb594ca0845645?s=96&d=mm&r=g\",\"contentUrl\":\"https:\\\/\\\/secure.gravatar.com\\\/avatar\\\/1db852625ef4948f58d2739bfbc51e4b9bd5c93b8fa340b59fdb594ca0845645?s=96&d=mm&r=g\",\"caption\":\"Super User\"},\"url\":\"https:\\\/\\\/ppdegalicia.com\\\/es\\\/author\\\/ppdegaliciagestion\\\/\"}]}<\/script>\n<!-- \/ Yoast SEO plugin. -->","yoast_head_json":{"title":"A modificaci\u00f3n da Lei de Servizos Sociais reco\u00f1ece novos dereitos \u00e1s persoas usuarias - PP de Galicia","robots":{"index":"index","follow":"follow","max-snippet":"max-snippet:-1","max-image-preview":"max-image-preview:large","max-video-preview":"max-video-preview:-1"},"canonical":"https:\/\/ppdegalicia.com\/es\/a-modificacion-da-lei-de-servizos-sociais-reconece-novos-dereitos-as-persoas-usuarias\/","og_locale":"es_ES","og_type":"article","og_title":"A modificaci\u00f3n da Lei de Servizos Sociais reco\u00f1ece novos dereitos \u00e1s persoas usuarias - PP de Galicia","og_description":"MARTA RODR\u00cdGUEZ AFIRMA QUE A REFORMA DA LEI DE SERVIZOS SOCIAIS \u201cRECO\u00d1\u00c9CE OS DEREITOS DE LIBRE ELECCI\u00d3N, AO ARRAIGO \u00c1 CONTORNA SOCIAL E \u00c1 ATENCI\u00d3N PERSONALIZADA E INTEGRAL\u201d \u00b7&nbsp;&nbsp; &nbsp;\u201cTr\u00e1tase dun documento aberto \u00e1s propostas dos grupos parlamentarios que melloren o texto orixinal e que permitan que saia adiante co maior respaldo\u201d, apuntou Santiago, 15 [&hellip;]","og_url":"https:\/\/ppdegalicia.com\/es\/a-modificacion-da-lei-de-servizos-sociais-reconece-novos-dereitos-as-persoas-usuarias\/","og_site_name":"PP de Galicia","article_publisher":"https:\/\/www.instagram.com\/ppdegalicia\/","article_published_time":"2016-03-15T11:26:30+00:00","author":"Super User","twitter_card":"summary_large_image","twitter_creator":"@ppdegalicia","twitter_site":"@ppdegalicia","twitter_misc":{"Escrito por":"Super User","Tiempo de lectura":"4 minutos"},"schema":{"@context":"https:\/\/schema.org","@graph":[{"@type":"Article","@id":"https:\/\/ppdegalicia.com\/es\/a-modificacion-da-lei-de-servizos-sociais-reconece-novos-dereitos-as-persoas-usuarias\/#article","isPartOf":{"@id":"https:\/\/ppdegalicia.com\/es\/a-modificacion-da-lei-de-servizos-sociais-reconece-novos-dereitos-as-persoas-usuarias\/"},"author":{"name":"Super User","@id":"https:\/\/ppdegalicia.com\/es\/#\/schema\/person\/d0f013b8388c980665d44009ab762960"},"headline":"A modificaci\u00f3n da Lei de Servizos Sociais reco\u00f1ece novos dereitos \u00e1s persoas usuarias","datePublished":"2016-03-15T11:26:30+00:00","mainEntityOfPage":{"@id":"https:\/\/ppdegalicia.com\/es\/a-modificacion-da-lei-de-servizos-sociais-reconece-novos-dereitos-as-persoas-usuarias\/"},"wordCount":761,"commentCount":0,"publisher":{"@id":"https:\/\/ppdegalicia.com\/es\/#organization"},"articleSection":["PP de Galicia"],"inLanguage":"es","potentialAction":[{"@type":"CommentAction","name":"Comment","target":["https:\/\/ppdegalicia.com\/es\/a-modificacion-da-lei-de-servizos-sociais-reconece-novos-dereitos-as-persoas-usuarias\/#respond"]}]},{"@type":"WebPage","@id":"https:\/\/ppdegalicia.com\/es\/a-modificacion-da-lei-de-servizos-sociais-reconece-novos-dereitos-as-persoas-usuarias\/","url":"https:\/\/ppdegalicia.com\/es\/a-modificacion-da-lei-de-servizos-sociais-reconece-novos-dereitos-as-persoas-usuarias\/","name":"A modificaci\u00f3n da Lei de Servizos Sociais reco\u00f1ece novos dereitos \u00e1s persoas usuarias - PP de Galicia","isPartOf":{"@id":"https:\/\/ppdegalicia.com\/es\/#website"},"datePublished":"2016-03-15T11:26:30+00:00","breadcrumb":{"@id":"https:\/\/ppdegalicia.com\/es\/a-modificacion-da-lei-de-servizos-sociais-reconece-novos-dereitos-as-persoas-usuarias\/#breadcrumb"},"inLanguage":"es","potentialAction":[{"@type":"ReadAction","target":["https:\/\/ppdegalicia.com\/es\/a-modificacion-da-lei-de-servizos-sociais-reconece-novos-dereitos-as-persoas-usuarias\/"]}]},{"@type":"BreadcrumbList","@id":"https:\/\/ppdegalicia.com\/es\/a-modificacion-da-lei-de-servizos-sociais-reconece-novos-dereitos-as-persoas-usuarias\/#breadcrumb","itemListElement":[{"@type":"ListItem","position":1,"name":"Portada","item":"https:\/\/ppdegalicia.com\/es\/"},{"@type":"ListItem","position":2,"name":"A modificaci\u00f3n da Lei de Servizos Sociais reco\u00f1ece novos dereitos \u00e1s persoas usuarias"}]},{"@type":"WebSite","@id":"https:\/\/ppdegalicia.com\/es\/#website","url":"https:\/\/ppdegalicia.com\/es\/","name":"Partido Popular de Galicia","description":"Partido Popular de Galicia","publisher":{"@id":"https:\/\/ppdegalicia.com\/es\/#organization"},"alternateName":"PP de Galicia","potentialAction":[{"@type":"SearchAction","target":{"@type":"EntryPoint","urlTemplate":"https:\/\/ppdegalicia.com\/es\/?s={search_term_string}"},"query-input":{"@type":"PropertyValueSpecification","valueRequired":true,"valueName":"search_term_string"}}],"inLanguage":"es"},{"@type":"Organization","@id":"https:\/\/ppdegalicia.com\/es\/#organization","name":"Partido Popular de Galicia","alternateName":"PP de Galicia","url":"https:\/\/ppdegalicia.com\/es\/","logo":{"@type":"ImageObject","inLanguage":"es","@id":"https:\/\/ppdegalicia.com\/es\/#\/schema\/logo\/image\/","url":"https:\/\/ppdegalicia.com\/wp-content\/uploads\/2023\/04\/logoPP512.png","contentUrl":"https:\/\/ppdegalicia.com\/wp-content\/uploads\/2023\/04\/logoPP512.png","width":512,"height":512,"caption":"Partido Popular de Galicia"},"image":{"@id":"https:\/\/ppdegalicia.com\/es\/#\/schema\/logo\/image\/"},"sameAs":["https:\/\/www.instagram.com\/ppdegalicia\/","https:\/\/x.com\/ppdegalicia","https:\/\/www.tiktok.com\/@ppdegalicia","https:\/\/www.youtube.com\/user\/ppdegalicia"]},{"@type":"Person","@id":"https:\/\/ppdegalicia.com\/es\/#\/schema\/person\/d0f013b8388c980665d44009ab762960","name":"Super User","image":{"@type":"ImageObject","inLanguage":"es","@id":"https:\/\/secure.gravatar.com\/avatar\/1db852625ef4948f58d2739bfbc51e4b9bd5c93b8fa340b59fdb594ca0845645?s=96&d=mm&r=g","url":"https:\/\/secure.gravatar.com\/avatar\/1db852625ef4948f58d2739bfbc51e4b9bd5c93b8fa340b59fdb594ca0845645?s=96&d=mm&r=g","contentUrl":"https:\/\/secure.gravatar.com\/avatar\/1db852625ef4948f58d2739bfbc51e4b9bd5c93b8fa340b59fdb594ca0845645?s=96&d=mm&r=g","caption":"Super User"},"url":"https:\/\/ppdegalicia.com\/es\/author\/ppdegaliciagestion\/"}]}},"_links":{"self":[{"href":"https:\/\/ppdegalicia.com\/es\/wp-json\/wp\/v2\/posts\/51795","targetHints":{"allow":["GET"]}}],"collection":[{"href":"https:\/\/ppdegalicia.com\/es\/wp-json\/wp\/v2\/posts"}],"about":[{"href":"https:\/\/ppdegalicia.com\/es\/wp-json\/wp\/v2\/types\/post"}],"author":[{"embeddable":true,"href":"https:\/\/ppdegalicia.com\/es\/wp-json\/wp\/v2\/users\/37"}],"replies":[{"embeddable":true,"href":"https:\/\/ppdegalicia.com\/es\/wp-json\/wp\/v2\/comments?post=51795"}],"version-history":[{"count":0,"href":"https:\/\/ppdegalicia.com\/es\/wp-json\/wp\/v2\/posts\/51795\/revisions"}],"wp:attachment":[{"href":"https:\/\/ppdegalicia.com\/es\/wp-json\/wp\/v2\/media?parent=51795"}],"wp:term":[{"taxonomy":"category","embeddable":true,"href":"https:\/\/ppdegalicia.com\/es\/wp-json\/wp\/v2\/categories?post=51795"},{"taxonomy":"post_tag","embeddable":true,"href":"https:\/\/ppdegalicia.com\/es\/wp-json\/wp\/v2\/tags?post=51795"}],"curies":[{"name":"wp","href":"https:\/\/api.w.org\/{rel}","templated":true}]}}