{"id":51796,"date":"2016-03-16T15:07:08","date_gmt":"2016-03-16T13:07:08","guid":{"rendered":"https:\/\/ppdegalicia.com\/o-parlamento-aproba-demandar-a-alcadia-de-madrid-manter-a-rua-alvaro-cunqueiro\/"},"modified":"2016-03-16T15:07:08","modified_gmt":"2016-03-16T13:07:08","slug":"o-parlamento-aproba-demandar-a-alcadia-de-madrid-manter-a-rua-alvaro-cunqueiro","status":"publish","type":"post","link":"https:\/\/ppdegalicia.com\/es\/o-parlamento-aproba-demandar-a-alcadia-de-madrid-manter-a-rua-alvaro-cunqueiro\/","title":{"rendered":"O Parlamento aproba demandar \u00e1 Alcad\u00eda de Madrid manter a r\u00faa \u00c1lvaro Cunqueiro"},"content":{"rendered":"<p><b><\/p>\n<p>O PARLAMENTO APROBA, A PROPOSTA DO GRUPO POPULAR, DEMANDAR \u00c1 ALCALD\u00cdA DE MADRID O MANTEMENTO DA R\u00daA \u00c1LVARO CUNQUEIRO <\/b><\/p>\n<p><b><\/p>\n<p>\u00b7&nbsp;&nbsp; &nbsp;Tam\u00e9n se insta \u00e1s instituci\u00f3ns e entidades culturais de&nbsp; Galicia a honrar publicamente o traballo desenvolvido por Cunqueiro, ao tempo que se solicita ao Consello da Cultura elaborar un informe sobre a relevancia literaria deste escritor e a s\u00faa contribuci\u00f3n \u00e1 defensa e difusi\u00f3n da lingua e cultura galegas<\/b><\/p>\n<p><b><\/p>\n<p>\u00b7&nbsp;&nbsp; &nbsp;O portavoz de Cultura afirmou que retirar a r\u00faa \u201cser\u00eda un acto de intolerancia, revanchismo e cinismo intolerable, propio de listas negras e censura ideol\u00f3xica impropia da sociedade actual\u201d<\/b><\/p>\n<p>Santiago, 16 de marzo de 2016.- O Parlamento de Galicia aprobou hoxe a proposici\u00f3n non de lei do Grupo Popular, \u00e1 que se sumaron emendas do PSOE e do BNG, a trav\u00e9s da que se demanda \u00e1 Alcald\u00eda de Madrid o mantemento da r\u00faa en memoria de \u00c1lvaro Cunqueiro no rueiro desta cidade. As\u00ed mesmo, insta \u00e1s instituci\u00f3ns e entidades culturais de Galicia a honrar publicamente o traballo desenvolvido por \u00c1lvaro Cunqueiro, ao tempo que solicita ao Consello da Cultura Galega elaborar un informe sobre a relevancia literaria deste escritor e a s\u00faa contribuci\u00f3n \u00e1 defensa e difusi\u00f3n da lingua e cultura galegas.<\/p>\n<p>O portavoz de Cultura do Grupo Popular, Agust\u00edn Baamonde, considerou a \u00c1lvaro Cunqueiro como \u201cun grande da cultura de Galicia e de Espa\u00f1a, un home dunha obra tan grande, complexa e extraordinaria que ser\u00eda mellor pintalo que explicalo, porque far\u00eda falta un dicionario enteiro e a\u00ednda non chegar\u00eda\u201d.<\/p>\n<p>Baamonde lembrou que o feito de retirar a r\u00faa \u00c1lvaro Cunqueiro de Madrid \u201ca\u00ednda non est\u00e1 consumado, porque o propio Concello xa rompeu a s\u00faa relaci\u00f3n coa c\u00e1tedra da Universidade Complutense que elaborou o informe\u201d que relaciona ao escrito co franquismo.<\/p>\n<p>\u201cSer\u00eda un acto de intolerancia, revanchismo e cinismo intolerable, propio de listas negras e censura ideol\u00f3xica impropia da sociedade actual\u201d, sinalou o portavoz popular. Por este motivo, reclamou \u201crespecto para Cunqueiro e para Galicia\u201d, para o que \u201cinvoco a propia Lei de Memoria Hist\u00f3rica que defende o esp\u00edrito de respecto e non confrontaci\u00f3n\u201d.<\/p>\n<p><b><br \/>DECISI\u00d3N SEN FUNDAMENTO<\/b><\/p>\n<p><b><\/b><\/p>\n<p>Baamonde sinalou que a decisi\u00f3n de retirar a r\u00faa a \u00c1lvaro Cunqueiro \u201ccarece de fundamento porque basta con revisar a s\u00faa biograf\u00eda para ver que non tivo participaci\u00f3n activa na represi\u00f3n franquista e tam\u00e9n porque o reco\u00f1ecemento outorgado a Cunqueiro e outras persoas inclu\u00eddas nese listado non foi pola s\u00faa afiliaci\u00f3n franquista, sen\u00f3n polo valor inmenso da s\u00faa obra\u201d.<\/p>\n<p>\u201cA opini\u00f3n p\u00fablica outorgoulle o seu reco\u00f1ecemento e o levou a categor\u00eda de referente da cultura de Galicia e Espa\u00f1a e colocouno na historia\u201d, lembrou o portavoz popular, quen fixo referencia \u00e1 \u201cgran cantidade de rueiros e prazas que levan o seu nome, entre eles o novo hospital p\u00fablico de Vigo\u201d.<\/p>\n<p>Deste xeito, apuntou que \u201cquen \u00e9 capaz de concitar tal unanimidade e impacto na conciencia colectiva desta terra non pode ser denostado como franquista\u201d, ao tempo que salientou o seu papel galeguista e o dominio extraordinario tanto da lingua galega como da castel\u00e1\u201d. <\/p>\n","protected":false},"excerpt":{"rendered":"<p>O PARLAMENTO APROBA, A PROPOSTA DO GRUPO POPULAR, DEMANDAR \u00c1 ALCALD\u00cdA DE MADRID O MANTEMENTO DA R\u00daA \u00c1LVARO CUNQUEIRO \u00b7&nbsp;&nbsp; &nbsp;Tam\u00e9n se insta \u00e1s instituci\u00f3ns e entidades culturais de&nbsp; Galicia a honrar publicamente o traballo desenvolvido por Cunqueiro, ao tempo que se solicita ao Consello da Cultura elaborar un informe sobre a relevancia literaria deste [&hellip;]<\/p>\n","protected":false},"author":37,"featured_media":0,"comment_status":"open","ping_status":"open","sticky":false,"template":"","format":"standard","meta":{"_acf_changed":false,"footnotes":""},"categories":[1],"tags":[],"class_list":["post-51796","post","type-post","status-publish","format-standard","hentry","category-pp-de-galicia"],"acf":[],"yoast_head":"<!-- This site is optimized with the Yoast SEO plugin v27.3 - https:\/\/yoast.com\/product\/yoast-seo-wordpress\/ -->\n<title>O Parlamento aproba demandar \u00e1 Alcad\u00eda de Madrid manter a r\u00faa \u00c1lvaro Cunqueiro - PP de Galicia<\/title>\n<meta name=\"robots\" content=\"index, follow, max-snippet:-1, max-image-preview:large, max-video-preview:-1\" \/>\n<link rel=\"canonical\" href=\"https:\/\/ppdegalicia.com\/es\/o-parlamento-aproba-demandar-a-alcadia-de-madrid-manter-a-rua-alvaro-cunqueiro\/\" \/>\n<meta property=\"og:locale\" content=\"es_ES\" \/>\n<meta property=\"og:type\" content=\"article\" \/>\n<meta property=\"og:title\" content=\"O Parlamento aproba demandar \u00e1 Alcad\u00eda de Madrid manter a r\u00faa \u00c1lvaro Cunqueiro - PP de Galicia\" \/>\n<meta property=\"og:description\" content=\"O PARLAMENTO APROBA, A PROPOSTA DO GRUPO POPULAR, DEMANDAR \u00c1 ALCALD\u00cdA DE MADRID O MANTEMENTO DA R\u00daA \u00c1LVARO CUNQUEIRO \u00b7&nbsp;&nbsp; &nbsp;Tam\u00e9n se insta \u00e1s instituci\u00f3ns e entidades culturais de&nbsp; Galicia a honrar publicamente o traballo desenvolvido por Cunqueiro, ao tempo que se solicita ao Consello da Cultura elaborar un informe sobre a relevancia literaria deste [&hellip;]\" \/>\n<meta property=\"og:url\" content=\"https:\/\/ppdegalicia.com\/es\/o-parlamento-aproba-demandar-a-alcadia-de-madrid-manter-a-rua-alvaro-cunqueiro\/\" \/>\n<meta property=\"og:site_name\" content=\"PP de Galicia\" \/>\n<meta property=\"article:publisher\" content=\"https:\/\/www.instagram.com\/ppdegalicia\/\" \/>\n<meta property=\"article:published_time\" content=\"2016-03-16T13:07:08+00:00\" \/>\n<meta name=\"author\" content=\"Super User\" \/>\n<meta name=\"twitter:card\" content=\"summary_large_image\" \/>\n<meta name=\"twitter:creator\" content=\"@ppdegalicia\" \/>\n<meta name=\"twitter:site\" content=\"@ppdegalicia\" \/>\n<meta name=\"twitter:label1\" content=\"Escrito por\" \/>\n\t<meta name=\"twitter:data1\" content=\"Super User\" \/>\n\t<meta name=\"twitter:label2\" content=\"Tiempo de lectura\" \/>\n\t<meta name=\"twitter:data2\" content=\"3 minutos\" \/>\n<script type=\"application\/ld+json\" class=\"yoast-schema-graph\">{\"@context\":\"https:\\\/\\\/schema.org\",\"@graph\":[{\"@type\":\"Article\",\"@id\":\"https:\\\/\\\/ppdegalicia.com\\\/es\\\/o-parlamento-aproba-demandar-a-alcadia-de-madrid-manter-a-rua-alvaro-cunqueiro\\\/#article\",\"isPartOf\":{\"@id\":\"https:\\\/\\\/ppdegalicia.com\\\/es\\\/o-parlamento-aproba-demandar-a-alcadia-de-madrid-manter-a-rua-alvaro-cunqueiro\\\/\"},\"author\":{\"name\":\"Super User\",\"@id\":\"https:\\\/\\\/ppdegalicia.com\\\/es\\\/#\\\/schema\\\/person\\\/d0f013b8388c980665d44009ab762960\"},\"headline\":\"O Parlamento aproba demandar \u00e1 Alcad\u00eda de Madrid manter a r\u00faa \u00c1lvaro Cunqueiro\",\"datePublished\":\"2016-03-16T13:07:08+00:00\",\"mainEntityOfPage\":{\"@id\":\"https:\\\/\\\/ppdegalicia.com\\\/es\\\/o-parlamento-aproba-demandar-a-alcadia-de-madrid-manter-a-rua-alvaro-cunqueiro\\\/\"},\"wordCount\":565,\"commentCount\":0,\"publisher\":{\"@id\":\"https:\\\/\\\/ppdegalicia.com\\\/es\\\/#organization\"},\"articleSection\":[\"PP de Galicia\"],\"inLanguage\":\"es\",\"potentialAction\":[{\"@type\":\"CommentAction\",\"name\":\"Comment\",\"target\":[\"https:\\\/\\\/ppdegalicia.com\\\/es\\\/o-parlamento-aproba-demandar-a-alcadia-de-madrid-manter-a-rua-alvaro-cunqueiro\\\/#respond\"]}]},{\"@type\":\"WebPage\",\"@id\":\"https:\\\/\\\/ppdegalicia.com\\\/es\\\/o-parlamento-aproba-demandar-a-alcadia-de-madrid-manter-a-rua-alvaro-cunqueiro\\\/\",\"url\":\"https:\\\/\\\/ppdegalicia.com\\\/es\\\/o-parlamento-aproba-demandar-a-alcadia-de-madrid-manter-a-rua-alvaro-cunqueiro\\\/\",\"name\":\"O Parlamento aproba demandar \u00e1 Alcad\u00eda de Madrid manter a r\u00faa \u00c1lvaro Cunqueiro - PP de Galicia\",\"isPartOf\":{\"@id\":\"https:\\\/\\\/ppdegalicia.com\\\/es\\\/#website\"},\"datePublished\":\"2016-03-16T13:07:08+00:00\",\"breadcrumb\":{\"@id\":\"https:\\\/\\\/ppdegalicia.com\\\/es\\\/o-parlamento-aproba-demandar-a-alcadia-de-madrid-manter-a-rua-alvaro-cunqueiro\\\/#breadcrumb\"},\"inLanguage\":\"es\",\"potentialAction\":[{\"@type\":\"ReadAction\",\"target\":[\"https:\\\/\\\/ppdegalicia.com\\\/es\\\/o-parlamento-aproba-demandar-a-alcadia-de-madrid-manter-a-rua-alvaro-cunqueiro\\\/\"]}]},{\"@type\":\"BreadcrumbList\",\"@id\":\"https:\\\/\\\/ppdegalicia.com\\\/es\\\/o-parlamento-aproba-demandar-a-alcadia-de-madrid-manter-a-rua-alvaro-cunqueiro\\\/#breadcrumb\",\"itemListElement\":[{\"@type\":\"ListItem\",\"position\":1,\"name\":\"Portada\",\"item\":\"https:\\\/\\\/ppdegalicia.com\\\/es\\\/\"},{\"@type\":\"ListItem\",\"position\":2,\"name\":\"O Parlamento aproba demandar \u00e1 Alcad\u00eda de Madrid manter a r\u00faa \u00c1lvaro Cunqueiro\"}]},{\"@type\":\"WebSite\",\"@id\":\"https:\\\/\\\/ppdegalicia.com\\\/es\\\/#website\",\"url\":\"https:\\\/\\\/ppdegalicia.com\\\/es\\\/\",\"name\":\"Partido Popular de Galicia\",\"description\":\"Partido Popular de Galicia\",\"publisher\":{\"@id\":\"https:\\\/\\\/ppdegalicia.com\\\/es\\\/#organization\"},\"alternateName\":\"PP de Galicia\",\"potentialAction\":[{\"@type\":\"SearchAction\",\"target\":{\"@type\":\"EntryPoint\",\"urlTemplate\":\"https:\\\/\\\/ppdegalicia.com\\\/es\\\/?s={search_term_string}\"},\"query-input\":{\"@type\":\"PropertyValueSpecification\",\"valueRequired\":true,\"valueName\":\"search_term_string\"}}],\"inLanguage\":\"es\"},{\"@type\":\"Organization\",\"@id\":\"https:\\\/\\\/ppdegalicia.com\\\/es\\\/#organization\",\"name\":\"Partido Popular de Galicia\",\"alternateName\":\"PP de Galicia\",\"url\":\"https:\\\/\\\/ppdegalicia.com\\\/es\\\/\",\"logo\":{\"@type\":\"ImageObject\",\"inLanguage\":\"es\",\"@id\":\"https:\\\/\\\/ppdegalicia.com\\\/es\\\/#\\\/schema\\\/logo\\\/image\\\/\",\"url\":\"https:\\\/\\\/ppdegalicia.com\\\/wp-content\\\/uploads\\\/2023\\\/04\\\/logoPP512.png\",\"contentUrl\":\"https:\\\/\\\/ppdegalicia.com\\\/wp-content\\\/uploads\\\/2023\\\/04\\\/logoPP512.png\",\"width\":512,\"height\":512,\"caption\":\"Partido Popular de Galicia\"},\"image\":{\"@id\":\"https:\\\/\\\/ppdegalicia.com\\\/es\\\/#\\\/schema\\\/logo\\\/image\\\/\"},\"sameAs\":[\"https:\\\/\\\/www.instagram.com\\\/ppdegalicia\\\/\",\"https:\\\/\\\/x.com\\\/ppdegalicia\",\"https:\\\/\\\/www.tiktok.com\\\/@ppdegalicia\",\"https:\\\/\\\/www.youtube.com\\\/user\\\/ppdegalicia\"]},{\"@type\":\"Person\",\"@id\":\"https:\\\/\\\/ppdegalicia.com\\\/es\\\/#\\\/schema\\\/person\\\/d0f013b8388c980665d44009ab762960\",\"name\":\"Super User\",\"image\":{\"@type\":\"ImageObject\",\"inLanguage\":\"es\",\"@id\":\"https:\\\/\\\/secure.gravatar.com\\\/avatar\\\/1db852625ef4948f58d2739bfbc51e4b9bd5c93b8fa340b59fdb594ca0845645?s=96&d=mm&r=g\",\"url\":\"https:\\\/\\\/secure.gravatar.com\\\/avatar\\\/1db852625ef4948f58d2739bfbc51e4b9bd5c93b8fa340b59fdb594ca0845645?s=96&d=mm&r=g\",\"contentUrl\":\"https:\\\/\\\/secure.gravatar.com\\\/avatar\\\/1db852625ef4948f58d2739bfbc51e4b9bd5c93b8fa340b59fdb594ca0845645?s=96&d=mm&r=g\",\"caption\":\"Super User\"},\"url\":\"https:\\\/\\\/ppdegalicia.com\\\/es\\\/author\\\/ppdegaliciagestion\\\/\"}]}<\/script>\n<!-- \/ Yoast SEO plugin. -->","yoast_head_json":{"title":"O Parlamento aproba demandar \u00e1 Alcad\u00eda de Madrid manter a r\u00faa \u00c1lvaro Cunqueiro - PP de Galicia","robots":{"index":"index","follow":"follow","max-snippet":"max-snippet:-1","max-image-preview":"max-image-preview:large","max-video-preview":"max-video-preview:-1"},"canonical":"https:\/\/ppdegalicia.com\/es\/o-parlamento-aproba-demandar-a-alcadia-de-madrid-manter-a-rua-alvaro-cunqueiro\/","og_locale":"es_ES","og_type":"article","og_title":"O Parlamento aproba demandar \u00e1 Alcad\u00eda de Madrid manter a r\u00faa \u00c1lvaro Cunqueiro - PP de Galicia","og_description":"O PARLAMENTO APROBA, A PROPOSTA DO GRUPO POPULAR, DEMANDAR \u00c1 ALCALD\u00cdA DE MADRID O MANTEMENTO DA R\u00daA \u00c1LVARO CUNQUEIRO \u00b7&nbsp;&nbsp; &nbsp;Tam\u00e9n se insta \u00e1s instituci\u00f3ns e entidades culturais de&nbsp; Galicia a honrar publicamente o traballo desenvolvido por Cunqueiro, ao tempo que se solicita ao Consello da Cultura elaborar un informe sobre a relevancia literaria deste [&hellip;]","og_url":"https:\/\/ppdegalicia.com\/es\/o-parlamento-aproba-demandar-a-alcadia-de-madrid-manter-a-rua-alvaro-cunqueiro\/","og_site_name":"PP de Galicia","article_publisher":"https:\/\/www.instagram.com\/ppdegalicia\/","article_published_time":"2016-03-16T13:07:08+00:00","author":"Super User","twitter_card":"summary_large_image","twitter_creator":"@ppdegalicia","twitter_site":"@ppdegalicia","twitter_misc":{"Escrito por":"Super User","Tiempo de lectura":"3 minutos"},"schema":{"@context":"https:\/\/schema.org","@graph":[{"@type":"Article","@id":"https:\/\/ppdegalicia.com\/es\/o-parlamento-aproba-demandar-a-alcadia-de-madrid-manter-a-rua-alvaro-cunqueiro\/#article","isPartOf":{"@id":"https:\/\/ppdegalicia.com\/es\/o-parlamento-aproba-demandar-a-alcadia-de-madrid-manter-a-rua-alvaro-cunqueiro\/"},"author":{"name":"Super User","@id":"https:\/\/ppdegalicia.com\/es\/#\/schema\/person\/d0f013b8388c980665d44009ab762960"},"headline":"O Parlamento aproba demandar \u00e1 Alcad\u00eda de Madrid manter a r\u00faa \u00c1lvaro Cunqueiro","datePublished":"2016-03-16T13:07:08+00:00","mainEntityOfPage":{"@id":"https:\/\/ppdegalicia.com\/es\/o-parlamento-aproba-demandar-a-alcadia-de-madrid-manter-a-rua-alvaro-cunqueiro\/"},"wordCount":565,"commentCount":0,"publisher":{"@id":"https:\/\/ppdegalicia.com\/es\/#organization"},"articleSection":["PP de Galicia"],"inLanguage":"es","potentialAction":[{"@type":"CommentAction","name":"Comment","target":["https:\/\/ppdegalicia.com\/es\/o-parlamento-aproba-demandar-a-alcadia-de-madrid-manter-a-rua-alvaro-cunqueiro\/#respond"]}]},{"@type":"WebPage","@id":"https:\/\/ppdegalicia.com\/es\/o-parlamento-aproba-demandar-a-alcadia-de-madrid-manter-a-rua-alvaro-cunqueiro\/","url":"https:\/\/ppdegalicia.com\/es\/o-parlamento-aproba-demandar-a-alcadia-de-madrid-manter-a-rua-alvaro-cunqueiro\/","name":"O Parlamento aproba demandar \u00e1 Alcad\u00eda de Madrid manter a r\u00faa \u00c1lvaro Cunqueiro - PP de Galicia","isPartOf":{"@id":"https:\/\/ppdegalicia.com\/es\/#website"},"datePublished":"2016-03-16T13:07:08+00:00","breadcrumb":{"@id":"https:\/\/ppdegalicia.com\/es\/o-parlamento-aproba-demandar-a-alcadia-de-madrid-manter-a-rua-alvaro-cunqueiro\/#breadcrumb"},"inLanguage":"es","potentialAction":[{"@type":"ReadAction","target":["https:\/\/ppdegalicia.com\/es\/o-parlamento-aproba-demandar-a-alcadia-de-madrid-manter-a-rua-alvaro-cunqueiro\/"]}]},{"@type":"BreadcrumbList","@id":"https:\/\/ppdegalicia.com\/es\/o-parlamento-aproba-demandar-a-alcadia-de-madrid-manter-a-rua-alvaro-cunqueiro\/#breadcrumb","itemListElement":[{"@type":"ListItem","position":1,"name":"Portada","item":"https:\/\/ppdegalicia.com\/es\/"},{"@type":"ListItem","position":2,"name":"O Parlamento aproba demandar \u00e1 Alcad\u00eda de Madrid manter a r\u00faa \u00c1lvaro Cunqueiro"}]},{"@type":"WebSite","@id":"https:\/\/ppdegalicia.com\/es\/#website","url":"https:\/\/ppdegalicia.com\/es\/","name":"Partido Popular de Galicia","description":"Partido Popular de Galicia","publisher":{"@id":"https:\/\/ppdegalicia.com\/es\/#organization"},"alternateName":"PP de Galicia","potentialAction":[{"@type":"SearchAction","target":{"@type":"EntryPoint","urlTemplate":"https:\/\/ppdegalicia.com\/es\/?s={search_term_string}"},"query-input":{"@type":"PropertyValueSpecification","valueRequired":true,"valueName":"search_term_string"}}],"inLanguage":"es"},{"@type":"Organization","@id":"https:\/\/ppdegalicia.com\/es\/#organization","name":"Partido Popular de Galicia","alternateName":"PP de Galicia","url":"https:\/\/ppdegalicia.com\/es\/","logo":{"@type":"ImageObject","inLanguage":"es","@id":"https:\/\/ppdegalicia.com\/es\/#\/schema\/logo\/image\/","url":"https:\/\/ppdegalicia.com\/wp-content\/uploads\/2023\/04\/logoPP512.png","contentUrl":"https:\/\/ppdegalicia.com\/wp-content\/uploads\/2023\/04\/logoPP512.png","width":512,"height":512,"caption":"Partido Popular de Galicia"},"image":{"@id":"https:\/\/ppdegalicia.com\/es\/#\/schema\/logo\/image\/"},"sameAs":["https:\/\/www.instagram.com\/ppdegalicia\/","https:\/\/x.com\/ppdegalicia","https:\/\/www.tiktok.com\/@ppdegalicia","https:\/\/www.youtube.com\/user\/ppdegalicia"]},{"@type":"Person","@id":"https:\/\/ppdegalicia.com\/es\/#\/schema\/person\/d0f013b8388c980665d44009ab762960","name":"Super User","image":{"@type":"ImageObject","inLanguage":"es","@id":"https:\/\/secure.gravatar.com\/avatar\/1db852625ef4948f58d2739bfbc51e4b9bd5c93b8fa340b59fdb594ca0845645?s=96&d=mm&r=g","url":"https:\/\/secure.gravatar.com\/avatar\/1db852625ef4948f58d2739bfbc51e4b9bd5c93b8fa340b59fdb594ca0845645?s=96&d=mm&r=g","contentUrl":"https:\/\/secure.gravatar.com\/avatar\/1db852625ef4948f58d2739bfbc51e4b9bd5c93b8fa340b59fdb594ca0845645?s=96&d=mm&r=g","caption":"Super User"},"url":"https:\/\/ppdegalicia.com\/es\/author\/ppdegaliciagestion\/"}]}},"_links":{"self":[{"href":"https:\/\/ppdegalicia.com\/es\/wp-json\/wp\/v2\/posts\/51796","targetHints":{"allow":["GET"]}}],"collection":[{"href":"https:\/\/ppdegalicia.com\/es\/wp-json\/wp\/v2\/posts"}],"about":[{"href":"https:\/\/ppdegalicia.com\/es\/wp-json\/wp\/v2\/types\/post"}],"author":[{"embeddable":true,"href":"https:\/\/ppdegalicia.com\/es\/wp-json\/wp\/v2\/users\/37"}],"replies":[{"embeddable":true,"href":"https:\/\/ppdegalicia.com\/es\/wp-json\/wp\/v2\/comments?post=51796"}],"version-history":[{"count":0,"href":"https:\/\/ppdegalicia.com\/es\/wp-json\/wp\/v2\/posts\/51796\/revisions"}],"wp:attachment":[{"href":"https:\/\/ppdegalicia.com\/es\/wp-json\/wp\/v2\/media?parent=51796"}],"wp:term":[{"taxonomy":"category","embeddable":true,"href":"https:\/\/ppdegalicia.com\/es\/wp-json\/wp\/v2\/categories?post=51796"},{"taxonomy":"post_tag","embeddable":true,"href":"https:\/\/ppdegalicia.com\/es\/wp-json\/wp\/v2\/tags?post=51796"}],"curies":[{"name":"wp","href":"https:\/\/api.w.org\/{rel}","templated":true}]}}