{"id":51797,"date":"2016-03-17T10:26:58","date_gmt":"2016-03-17T08:26:58","guid":{"rendered":"https:\/\/ppdegalicia.com\/o-pleno-insta-a-xunta-a-presentar-os-datos-do-rexistro-galego-de-infarto-de-miocardio\/"},"modified":"2016-03-17T10:26:58","modified_gmt":"2016-03-17T08:26:58","slug":"o-pleno-insta-a-xunta-a-presentar-os-datos-do-rexistro-galego-de-infarto-de-miocardio","status":"publish","type":"post","link":"https:\/\/ppdegalicia.com\/es\/o-pleno-insta-a-xunta-a-presentar-os-datos-do-rexistro-galego-de-infarto-de-miocardio\/","title":{"rendered":"O pleno insta \u00e1 Xunta a presentar os datos do rexistro galego de infarto de miocardio"},"content":{"rendered":"<p><b>O PLENO APROBA INSTAR \u00c1 XUNTA A PRESENTAR NO PARLAMENTO OS DATOS DO REXISTRO \u00daNICO DE INFARTO AGUDO DE MIOCARDIO E AS CONCLUSI\u00d3NS EN BASE AOS MESMOS<\/b><\/p>\n<p><b><\/p>\n<p>\u00b7&nbsp;&nbsp; &nbsp;N\u00fa\u00f1ez Centeno subli\u00f1ou que Galicia \u201cconta cunha atenci\u00f3n cardiol\u00f3xica das m\u00e1is avanzadas de Espa\u00f1a, destacando a excelente capacitaci\u00f3n profesional, a dotaci\u00f3n tecnol\u00f3xica axeitada e completa, cunha boa distribuci\u00f3n xeogr\u00e1fica, e cunha organizaci\u00f3n rexionalizada e en rede\u201d<\/b><\/p>\n<p>Santiago, 16 de marzo de 2016.- O Parlamento de Galicia aprobou hoxe, logo dunha transacci\u00f3n entre o Grupo Popular e o Grupo Mixto, unha proposici\u00f3n non de lei a trav\u00e9s da que se insta \u00e1 Xunta de Galicia a presentar, antes do remate do pr\u00f3ximo mes de abril, os datos correspondentes ao rexistro galego de infarto agudo de miocardio (Regaliam), as conclusi\u00f3ns da Conseller\u00eda de Sanidade en base aos mesmos e as medidas oportunas que se precisen en funci\u00f3n dos resultados para a mellora da atenci\u00f3n das persoas enfermas.<\/p>\n<p>O portavoz de Sanidade do Grupo Popular, Aurelio N\u00fa\u00f1ez Centeno, lembrou que esta mesma ma\u00f1\u00e1 se presentaron os datos t\u00e9cnicos deste rexistro galego, pero \u201cseguimos a manter a nosa proposta para que a Conseller\u00eda presente neste parlamento os datos recollidos, a interpretaci\u00f3n dos mesmos e a valoraci\u00f3n dos posibles novos recursos necesarios para a atenci\u00f3n deste grupo de enfermos en funci\u00f3n dos resultados\u201d.<\/p>\n<p><b><br \/>NACEU DUNHA INICIATIVA PARLAMENTARIA<\/b><\/p>\n<p><b><\/b><\/p>\n<p>N\u00fa\u00f1ez Centeno recordou que o Regaliam nace logo da aprobaci\u00f3n no Parlamento o 3 de decembro de 2014 dunha iniciativa do Grupo Popular na que se instaba \u00e1 Xunta a elaborar un rexistro \u00fanico de \u00e1mbito galego que recollera toda a informaci\u00f3n sobre morbi-mortalidade en relaci\u00f3n co infarto agudo de miocardio. \u201cO principal obxectivo era trasladar \u00e1 cidadan\u00eda unha mensaxe clara e inequ\u00edvoca de que a atenci\u00f3n en toda Galicia \u00e9 moi boa en caso de infarto agudo de miocadio\u201d, apuntou.<\/p>\n<p>Neste sentido, o portavoz popular subli\u00f1ou que Galicia \u201cconta cunha atenci\u00f3n cardiol\u00f3xica no \u00e1mbito da cardiopat\u00eda isqu\u00e9mica das m\u00e1is avanzadas de Espa\u00f1a, destacando a excelente capacitaci\u00f3n profesional, unha dotaci\u00f3n tecnol\u00f3xica axeitada e completa, cunha boa distribuci\u00f3n xeogr\u00e1fica, e cunha organizaci\u00f3n rexionalizada e en rede, coincidindo coas recomendaci\u00f3ns das sociedades cient\u00edficas, entre elas a Sociedade Espa\u00f1ola de Cardiolox\u00eda\u201d.<\/p>\n<p><b>DATOS OBXECTIVOS E COMPARABLES<\/b><\/p>\n<p>Aurelio N\u00fa\u00f1ez manifestou que \u201cser\u00e1 moi importante valorar e comparar no Regaliam as cifras de falecemento en aqueles enfermos de infarto agudo de miocardio que superaron os 120 minutos entre o inicio da cl\u00ednica e a revascularizaci\u00f3n, as\u00ed como valorar as decisi\u00f3ns adecuadas para o control da evoluci\u00f3n posterior dos enfermos tratados despois deses 120 minutos\u201d. <\/p>\n<p>\u201cA s\u00faa supervivencia en anos, a s\u00faa calidade de vida ou a presenza de complicaci\u00f3ns derivadas do seu proceso inicial de infarto agudo de miocardio son datos importantes a avaliar\u201d, sinalou o portavoz popular.<\/p>\n<p>N\u00fa\u00f1ez Centeno afirmou que \u201cter un rexistro \u00fanico e cos mesmos par\u00e1metros permitir\u00e1 dispo\u00f1er de datos obxectivos e comparables de todas as \u00e1reas de sa\u00fade de Galicia para tomar decisi\u00f3ns sobre as necesidades reais de recursos humanos e materiais, as\u00ed como sobre a distribuci\u00f3n xeogr\u00e1fica dos mesmos, para unha atenci\u00f3n de calidade aos enfermos que sufran un infarto agudo de miocardio en Galicia\u201d.&nbsp; <\/p>\n","protected":false},"excerpt":{"rendered":"<p>O PLENO APROBA INSTAR \u00c1 XUNTA A PRESENTAR NO PARLAMENTO OS DATOS DO REXISTRO \u00daNICO DE INFARTO AGUDO DE MIOCARDIO E AS CONCLUSI\u00d3NS EN BASE AOS MESMOS \u00b7&nbsp;&nbsp; &nbsp;N\u00fa\u00f1ez Centeno subli\u00f1ou que Galicia \u201cconta cunha atenci\u00f3n cardiol\u00f3xica das m\u00e1is avanzadas de Espa\u00f1a, destacando a excelente capacitaci\u00f3n profesional, a dotaci\u00f3n tecnol\u00f3xica axeitada e completa, cunha boa [&hellip;]<\/p>\n","protected":false},"author":37,"featured_media":0,"comment_status":"open","ping_status":"open","sticky":false,"template":"","format":"standard","meta":{"_acf_changed":false,"footnotes":""},"categories":[1],"tags":[],"class_list":["post-51797","post","type-post","status-publish","format-standard","hentry","category-pp-de-galicia"],"acf":[],"yoast_head":"<!-- This site is optimized with the Yoast SEO plugin v27.3 - https:\/\/yoast.com\/product\/yoast-seo-wordpress\/ -->\n<title>O pleno insta \u00e1 Xunta a presentar os datos do rexistro galego de infarto de miocardio - PP de Galicia<\/title>\n<meta name=\"robots\" content=\"index, follow, max-snippet:-1, max-image-preview:large, max-video-preview:-1\" \/>\n<link rel=\"canonical\" href=\"https:\/\/ppdegalicia.com\/es\/o-pleno-insta-a-xunta-a-presentar-os-datos-do-rexistro-galego-de-infarto-de-miocardio\/\" \/>\n<meta property=\"og:locale\" content=\"es_ES\" \/>\n<meta property=\"og:type\" content=\"article\" \/>\n<meta property=\"og:title\" content=\"O pleno insta \u00e1 Xunta a presentar os datos do rexistro galego de infarto de miocardio - PP de Galicia\" \/>\n<meta property=\"og:description\" content=\"O PLENO APROBA INSTAR \u00c1 XUNTA A PRESENTAR NO PARLAMENTO OS DATOS DO REXISTRO \u00daNICO DE INFARTO AGUDO DE MIOCARDIO E AS CONCLUSI\u00d3NS EN BASE AOS MESMOS \u00b7&nbsp;&nbsp; &nbsp;N\u00fa\u00f1ez Centeno subli\u00f1ou que Galicia \u201cconta cunha atenci\u00f3n cardiol\u00f3xica das m\u00e1is avanzadas de Espa\u00f1a, destacando a excelente capacitaci\u00f3n profesional, a dotaci\u00f3n tecnol\u00f3xica axeitada e completa, cunha boa [&hellip;]\" \/>\n<meta property=\"og:url\" content=\"https:\/\/ppdegalicia.com\/es\/o-pleno-insta-a-xunta-a-presentar-os-datos-do-rexistro-galego-de-infarto-de-miocardio\/\" \/>\n<meta property=\"og:site_name\" content=\"PP de Galicia\" \/>\n<meta property=\"article:publisher\" content=\"https:\/\/www.instagram.com\/ppdegalicia\/\" \/>\n<meta property=\"article:published_time\" content=\"2016-03-17T08:26:58+00:00\" \/>\n<meta name=\"author\" content=\"Super User\" \/>\n<meta name=\"twitter:card\" content=\"summary_large_image\" \/>\n<meta name=\"twitter:creator\" content=\"@ppdegalicia\" \/>\n<meta name=\"twitter:site\" content=\"@ppdegalicia\" \/>\n<meta name=\"twitter:label1\" content=\"Escrito por\" \/>\n\t<meta name=\"twitter:data1\" content=\"Super User\" \/>\n\t<meta name=\"twitter:label2\" content=\"Tiempo de lectura\" \/>\n\t<meta name=\"twitter:data2\" content=\"3 minutos\" \/>\n<script type=\"application\/ld+json\" class=\"yoast-schema-graph\">{\"@context\":\"https:\\\/\\\/schema.org\",\"@graph\":[{\"@type\":\"Article\",\"@id\":\"https:\\\/\\\/ppdegalicia.com\\\/es\\\/o-pleno-insta-a-xunta-a-presentar-os-datos-do-rexistro-galego-de-infarto-de-miocardio\\\/#article\",\"isPartOf\":{\"@id\":\"https:\\\/\\\/ppdegalicia.com\\\/es\\\/o-pleno-insta-a-xunta-a-presentar-os-datos-do-rexistro-galego-de-infarto-de-miocardio\\\/\"},\"author\":{\"name\":\"Super User\",\"@id\":\"https:\\\/\\\/ppdegalicia.com\\\/es\\\/#\\\/schema\\\/person\\\/d0f013b8388c980665d44009ab762960\"},\"headline\":\"O pleno insta \u00e1 Xunta a presentar os datos do rexistro galego de infarto de miocardio\",\"datePublished\":\"2016-03-17T08:26:58+00:00\",\"mainEntityOfPage\":{\"@id\":\"https:\\\/\\\/ppdegalicia.com\\\/es\\\/o-pleno-insta-a-xunta-a-presentar-os-datos-do-rexistro-galego-de-infarto-de-miocardio\\\/\"},\"wordCount\":591,\"commentCount\":0,\"publisher\":{\"@id\":\"https:\\\/\\\/ppdegalicia.com\\\/es\\\/#organization\"},\"articleSection\":[\"PP de Galicia\"],\"inLanguage\":\"es\",\"potentialAction\":[{\"@type\":\"CommentAction\",\"name\":\"Comment\",\"target\":[\"https:\\\/\\\/ppdegalicia.com\\\/es\\\/o-pleno-insta-a-xunta-a-presentar-os-datos-do-rexistro-galego-de-infarto-de-miocardio\\\/#respond\"]}]},{\"@type\":\"WebPage\",\"@id\":\"https:\\\/\\\/ppdegalicia.com\\\/es\\\/o-pleno-insta-a-xunta-a-presentar-os-datos-do-rexistro-galego-de-infarto-de-miocardio\\\/\",\"url\":\"https:\\\/\\\/ppdegalicia.com\\\/es\\\/o-pleno-insta-a-xunta-a-presentar-os-datos-do-rexistro-galego-de-infarto-de-miocardio\\\/\",\"name\":\"O pleno insta \u00e1 Xunta a presentar os datos do rexistro galego de infarto de miocardio - PP de Galicia\",\"isPartOf\":{\"@id\":\"https:\\\/\\\/ppdegalicia.com\\\/es\\\/#website\"},\"datePublished\":\"2016-03-17T08:26:58+00:00\",\"breadcrumb\":{\"@id\":\"https:\\\/\\\/ppdegalicia.com\\\/es\\\/o-pleno-insta-a-xunta-a-presentar-os-datos-do-rexistro-galego-de-infarto-de-miocardio\\\/#breadcrumb\"},\"inLanguage\":\"es\",\"potentialAction\":[{\"@type\":\"ReadAction\",\"target\":[\"https:\\\/\\\/ppdegalicia.com\\\/es\\\/o-pleno-insta-a-xunta-a-presentar-os-datos-do-rexistro-galego-de-infarto-de-miocardio\\\/\"]}]},{\"@type\":\"BreadcrumbList\",\"@id\":\"https:\\\/\\\/ppdegalicia.com\\\/es\\\/o-pleno-insta-a-xunta-a-presentar-os-datos-do-rexistro-galego-de-infarto-de-miocardio\\\/#breadcrumb\",\"itemListElement\":[{\"@type\":\"ListItem\",\"position\":1,\"name\":\"Portada\",\"item\":\"https:\\\/\\\/ppdegalicia.com\\\/es\\\/\"},{\"@type\":\"ListItem\",\"position\":2,\"name\":\"O pleno insta \u00e1 Xunta a presentar os datos do rexistro galego de infarto de miocardio\"}]},{\"@type\":\"WebSite\",\"@id\":\"https:\\\/\\\/ppdegalicia.com\\\/es\\\/#website\",\"url\":\"https:\\\/\\\/ppdegalicia.com\\\/es\\\/\",\"name\":\"Partido Popular de Galicia\",\"description\":\"Partido Popular de Galicia\",\"publisher\":{\"@id\":\"https:\\\/\\\/ppdegalicia.com\\\/es\\\/#organization\"},\"alternateName\":\"PP de Galicia\",\"potentialAction\":[{\"@type\":\"SearchAction\",\"target\":{\"@type\":\"EntryPoint\",\"urlTemplate\":\"https:\\\/\\\/ppdegalicia.com\\\/es\\\/?s={search_term_string}\"},\"query-input\":{\"@type\":\"PropertyValueSpecification\",\"valueRequired\":true,\"valueName\":\"search_term_string\"}}],\"inLanguage\":\"es\"},{\"@type\":\"Organization\",\"@id\":\"https:\\\/\\\/ppdegalicia.com\\\/es\\\/#organization\",\"name\":\"Partido Popular de Galicia\",\"alternateName\":\"PP de Galicia\",\"url\":\"https:\\\/\\\/ppdegalicia.com\\\/es\\\/\",\"logo\":{\"@type\":\"ImageObject\",\"inLanguage\":\"es\",\"@id\":\"https:\\\/\\\/ppdegalicia.com\\\/es\\\/#\\\/schema\\\/logo\\\/image\\\/\",\"url\":\"https:\\\/\\\/ppdegalicia.com\\\/wp-content\\\/uploads\\\/2023\\\/04\\\/logoPP512.png\",\"contentUrl\":\"https:\\\/\\\/ppdegalicia.com\\\/wp-content\\\/uploads\\\/2023\\\/04\\\/logoPP512.png\",\"width\":512,\"height\":512,\"caption\":\"Partido Popular de Galicia\"},\"image\":{\"@id\":\"https:\\\/\\\/ppdegalicia.com\\\/es\\\/#\\\/schema\\\/logo\\\/image\\\/\"},\"sameAs\":[\"https:\\\/\\\/www.instagram.com\\\/ppdegalicia\\\/\",\"https:\\\/\\\/x.com\\\/ppdegalicia\",\"https:\\\/\\\/www.tiktok.com\\\/@ppdegalicia\",\"https:\\\/\\\/www.youtube.com\\\/user\\\/ppdegalicia\"]},{\"@type\":\"Person\",\"@id\":\"https:\\\/\\\/ppdegalicia.com\\\/es\\\/#\\\/schema\\\/person\\\/d0f013b8388c980665d44009ab762960\",\"name\":\"Super User\",\"image\":{\"@type\":\"ImageObject\",\"inLanguage\":\"es\",\"@id\":\"https:\\\/\\\/secure.gravatar.com\\\/avatar\\\/1db852625ef4948f58d2739bfbc51e4b9bd5c93b8fa340b59fdb594ca0845645?s=96&d=mm&r=g\",\"url\":\"https:\\\/\\\/secure.gravatar.com\\\/avatar\\\/1db852625ef4948f58d2739bfbc51e4b9bd5c93b8fa340b59fdb594ca0845645?s=96&d=mm&r=g\",\"contentUrl\":\"https:\\\/\\\/secure.gravatar.com\\\/avatar\\\/1db852625ef4948f58d2739bfbc51e4b9bd5c93b8fa340b59fdb594ca0845645?s=96&d=mm&r=g\",\"caption\":\"Super User\"},\"url\":\"https:\\\/\\\/ppdegalicia.com\\\/es\\\/author\\\/ppdegaliciagestion\\\/\"}]}<\/script>\n<!-- \/ Yoast SEO plugin. -->","yoast_head_json":{"title":"O pleno insta \u00e1 Xunta a presentar os datos do rexistro galego de infarto de miocardio - PP de Galicia","robots":{"index":"index","follow":"follow","max-snippet":"max-snippet:-1","max-image-preview":"max-image-preview:large","max-video-preview":"max-video-preview:-1"},"canonical":"https:\/\/ppdegalicia.com\/es\/o-pleno-insta-a-xunta-a-presentar-os-datos-do-rexistro-galego-de-infarto-de-miocardio\/","og_locale":"es_ES","og_type":"article","og_title":"O pleno insta \u00e1 Xunta a presentar os datos do rexistro galego de infarto de miocardio - PP de Galicia","og_description":"O PLENO APROBA INSTAR \u00c1 XUNTA A PRESENTAR NO PARLAMENTO OS DATOS DO REXISTRO \u00daNICO DE INFARTO AGUDO DE MIOCARDIO E AS CONCLUSI\u00d3NS EN BASE AOS MESMOS \u00b7&nbsp;&nbsp; &nbsp;N\u00fa\u00f1ez Centeno subli\u00f1ou que Galicia \u201cconta cunha atenci\u00f3n cardiol\u00f3xica das m\u00e1is avanzadas de Espa\u00f1a, destacando a excelente capacitaci\u00f3n profesional, a dotaci\u00f3n tecnol\u00f3xica axeitada e completa, cunha boa [&hellip;]","og_url":"https:\/\/ppdegalicia.com\/es\/o-pleno-insta-a-xunta-a-presentar-os-datos-do-rexistro-galego-de-infarto-de-miocardio\/","og_site_name":"PP de Galicia","article_publisher":"https:\/\/www.instagram.com\/ppdegalicia\/","article_published_time":"2016-03-17T08:26:58+00:00","author":"Super User","twitter_card":"summary_large_image","twitter_creator":"@ppdegalicia","twitter_site":"@ppdegalicia","twitter_misc":{"Escrito por":"Super User","Tiempo de lectura":"3 minutos"},"schema":{"@context":"https:\/\/schema.org","@graph":[{"@type":"Article","@id":"https:\/\/ppdegalicia.com\/es\/o-pleno-insta-a-xunta-a-presentar-os-datos-do-rexistro-galego-de-infarto-de-miocardio\/#article","isPartOf":{"@id":"https:\/\/ppdegalicia.com\/es\/o-pleno-insta-a-xunta-a-presentar-os-datos-do-rexistro-galego-de-infarto-de-miocardio\/"},"author":{"name":"Super User","@id":"https:\/\/ppdegalicia.com\/es\/#\/schema\/person\/d0f013b8388c980665d44009ab762960"},"headline":"O pleno insta \u00e1 Xunta a presentar os datos do rexistro galego de infarto de miocardio","datePublished":"2016-03-17T08:26:58+00:00","mainEntityOfPage":{"@id":"https:\/\/ppdegalicia.com\/es\/o-pleno-insta-a-xunta-a-presentar-os-datos-do-rexistro-galego-de-infarto-de-miocardio\/"},"wordCount":591,"commentCount":0,"publisher":{"@id":"https:\/\/ppdegalicia.com\/es\/#organization"},"articleSection":["PP de Galicia"],"inLanguage":"es","potentialAction":[{"@type":"CommentAction","name":"Comment","target":["https:\/\/ppdegalicia.com\/es\/o-pleno-insta-a-xunta-a-presentar-os-datos-do-rexistro-galego-de-infarto-de-miocardio\/#respond"]}]},{"@type":"WebPage","@id":"https:\/\/ppdegalicia.com\/es\/o-pleno-insta-a-xunta-a-presentar-os-datos-do-rexistro-galego-de-infarto-de-miocardio\/","url":"https:\/\/ppdegalicia.com\/es\/o-pleno-insta-a-xunta-a-presentar-os-datos-do-rexistro-galego-de-infarto-de-miocardio\/","name":"O pleno insta \u00e1 Xunta a presentar os datos do rexistro galego de infarto de miocardio - PP de Galicia","isPartOf":{"@id":"https:\/\/ppdegalicia.com\/es\/#website"},"datePublished":"2016-03-17T08:26:58+00:00","breadcrumb":{"@id":"https:\/\/ppdegalicia.com\/es\/o-pleno-insta-a-xunta-a-presentar-os-datos-do-rexistro-galego-de-infarto-de-miocardio\/#breadcrumb"},"inLanguage":"es","potentialAction":[{"@type":"ReadAction","target":["https:\/\/ppdegalicia.com\/es\/o-pleno-insta-a-xunta-a-presentar-os-datos-do-rexistro-galego-de-infarto-de-miocardio\/"]}]},{"@type":"BreadcrumbList","@id":"https:\/\/ppdegalicia.com\/es\/o-pleno-insta-a-xunta-a-presentar-os-datos-do-rexistro-galego-de-infarto-de-miocardio\/#breadcrumb","itemListElement":[{"@type":"ListItem","position":1,"name":"Portada","item":"https:\/\/ppdegalicia.com\/es\/"},{"@type":"ListItem","position":2,"name":"O pleno insta \u00e1 Xunta a presentar os datos do rexistro galego de infarto de miocardio"}]},{"@type":"WebSite","@id":"https:\/\/ppdegalicia.com\/es\/#website","url":"https:\/\/ppdegalicia.com\/es\/","name":"Partido Popular de Galicia","description":"Partido Popular de Galicia","publisher":{"@id":"https:\/\/ppdegalicia.com\/es\/#organization"},"alternateName":"PP de Galicia","potentialAction":[{"@type":"SearchAction","target":{"@type":"EntryPoint","urlTemplate":"https:\/\/ppdegalicia.com\/es\/?s={search_term_string}"},"query-input":{"@type":"PropertyValueSpecification","valueRequired":true,"valueName":"search_term_string"}}],"inLanguage":"es"},{"@type":"Organization","@id":"https:\/\/ppdegalicia.com\/es\/#organization","name":"Partido Popular de Galicia","alternateName":"PP de Galicia","url":"https:\/\/ppdegalicia.com\/es\/","logo":{"@type":"ImageObject","inLanguage":"es","@id":"https:\/\/ppdegalicia.com\/es\/#\/schema\/logo\/image\/","url":"https:\/\/ppdegalicia.com\/wp-content\/uploads\/2023\/04\/logoPP512.png","contentUrl":"https:\/\/ppdegalicia.com\/wp-content\/uploads\/2023\/04\/logoPP512.png","width":512,"height":512,"caption":"Partido Popular de Galicia"},"image":{"@id":"https:\/\/ppdegalicia.com\/es\/#\/schema\/logo\/image\/"},"sameAs":["https:\/\/www.instagram.com\/ppdegalicia\/","https:\/\/x.com\/ppdegalicia","https:\/\/www.tiktok.com\/@ppdegalicia","https:\/\/www.youtube.com\/user\/ppdegalicia"]},{"@type":"Person","@id":"https:\/\/ppdegalicia.com\/es\/#\/schema\/person\/d0f013b8388c980665d44009ab762960","name":"Super User","image":{"@type":"ImageObject","inLanguage":"es","@id":"https:\/\/secure.gravatar.com\/avatar\/1db852625ef4948f58d2739bfbc51e4b9bd5c93b8fa340b59fdb594ca0845645?s=96&d=mm&r=g","url":"https:\/\/secure.gravatar.com\/avatar\/1db852625ef4948f58d2739bfbc51e4b9bd5c93b8fa340b59fdb594ca0845645?s=96&d=mm&r=g","contentUrl":"https:\/\/secure.gravatar.com\/avatar\/1db852625ef4948f58d2739bfbc51e4b9bd5c93b8fa340b59fdb594ca0845645?s=96&d=mm&r=g","caption":"Super User"},"url":"https:\/\/ppdegalicia.com\/es\/author\/ppdegaliciagestion\/"}]}},"_links":{"self":[{"href":"https:\/\/ppdegalicia.com\/es\/wp-json\/wp\/v2\/posts\/51797","targetHints":{"allow":["GET"]}}],"collection":[{"href":"https:\/\/ppdegalicia.com\/es\/wp-json\/wp\/v2\/posts"}],"about":[{"href":"https:\/\/ppdegalicia.com\/es\/wp-json\/wp\/v2\/types\/post"}],"author":[{"embeddable":true,"href":"https:\/\/ppdegalicia.com\/es\/wp-json\/wp\/v2\/users\/37"}],"replies":[{"embeddable":true,"href":"https:\/\/ppdegalicia.com\/es\/wp-json\/wp\/v2\/comments?post=51797"}],"version-history":[{"count":0,"href":"https:\/\/ppdegalicia.com\/es\/wp-json\/wp\/v2\/posts\/51797\/revisions"}],"wp:attachment":[{"href":"https:\/\/ppdegalicia.com\/es\/wp-json\/wp\/v2\/media?parent=51797"}],"wp:term":[{"taxonomy":"category","embeddable":true,"href":"https:\/\/ppdegalicia.com\/es\/wp-json\/wp\/v2\/categories?post=51797"},{"taxonomy":"post_tag","embeddable":true,"href":"https:\/\/ppdegalicia.com\/es\/wp-json\/wp\/v2\/tags?post=51797"}],"curies":[{"name":"wp","href":"https:\/\/api.w.org\/{rel}","templated":true}]}}