{"id":51800,"date":"2016-03-17T17:57:37","date_gmt":"2016-03-17T15:57:37","guid":{"rendered":"https:\/\/ppdegalicia.com\/feijoo-avanza-que-a-xunta-valida-o-acordo-para-a-lei-da-area-metropolitana-de-vigo\/"},"modified":"2016-03-17T17:57:37","modified_gmt":"2016-03-17T15:57:37","slug":"feijoo-avanza-que-a-xunta-valida-o-acordo-para-a-lei-da-area-metropolitana-de-vigo","status":"publish","type":"post","link":"https:\/\/ppdegalicia.com\/es\/feijoo-avanza-que-a-xunta-valida-o-acordo-para-a-lei-da-area-metropolitana-de-vigo\/","title":{"rendered":"Feij\u00f3o avanza que A Xunta valida o acordo para a Lei da \u00c1rea Metropolitana de Vigo"},"content":{"rendered":"<div style=\"text-align: justify;\"><b>Santiago, 17 de marzo de 2016.-<\/b> O l\u00edder dos populares galegos, Alberto N\u00fa\u00f1ez Feij\u00f3o, sinalou hoxe que o Consello da Xunta validou o acordo definitivo para a posta en marcha da Lei da \u00c1rea Metropolitana de Vigo, que dotar\u00e1 aos 14 concellos que a compo\u00f1en dun instrumento \u00fatil e eficaz ao servizo dos cidad\u00e1ns.<\/div>\n<div style=\"text-align: justify;\"><\/div>\n<div style=\"text-align: justify;\">Logo de lembrar que o pasado mes de xullo acordou co alcalde de Vigo comezar as negociaci\u00f3ns para modificar a lei da \u00e1rea de 2012, Feij\u00f3o puxo en valor que apenas oito meses despois haxa un texto consensuado entre o Goberno galego e os 14 concellos. Do mesmo xeito, engadiu que este ser\u00e1 aprobado definitivamente polo Goberno galego en canto se cumpran os dous requisitos previamente pactados: a validaci\u00f3n por parte dos \u00f3rganos de goberno dos concellos do dito texto e a integraci\u00f3n do Concello de Vigo no plan de transporte metropolitano da Xunta.<\/div>\n<div style=\"text-align: justify;\"><\/div>\n<div style=\"text-align: justify;\">Con respecto a isto, Feij\u00f3o asegurou que a Xunta, pola s\u00faa banda, vai axilizar ao m\u00e1ximo os tr\u00e1mites administrativos e seguir\u00e1 mantendo o seu obxectivo de que, se os concellos cumpren, se poida remitir o texto inmediatamente ao Parlamento de xeito que sexa aprobado neste per\u00edodo de sesi\u00f3ns.<\/div>\n<div style=\"text-align: justify;\"><\/div>\n<div style=\"text-align: justify;\"><b>As principais cuesti\u00f3ns do borrador da lei<\/b><\/div>\n<div style=\"text-align: justify;\">Entre as principais cuesti\u00f3ns que se incl\u00faen no borrador da lei, o presidente destacou a incorporaci\u00f3n dun sistema de voto ponderado \u00e1 xunta de goberno metropolitana, en funci\u00f3n do n\u00famero de representantes dos distintos concellos e cun mecanismo de correcci\u00f3n para facelo m\u00e1is equilibrado.<\/div>\n<div style=\"text-align: justify;\"><\/div>\n<div style=\"text-align: justify;\">As\u00ed mesmo, fixo fincap\u00e9 tam\u00e9n na creaci\u00f3n dun comit\u00e9 de coordinaci\u00f3n en materia de transporte metropolitano, no que ter\u00e1n voz os 14 concellos e no que contar\u00e1n con voto a Xunta, o Concello de Vigo e un representante do resto dos municipios.<\/div>\n<div style=\"text-align: justify;\"><\/div>\n<div style=\"text-align: justify;\">Por outra banda, Feij\u00f3o sinalou que o borrador incl\u00fae un sistema de asunci\u00f3n de competencias e financiamento \u00e1xil e din\u00e1mico, ademais dun mecanismo tam\u00e9n sinxelo para os novos concellos que se incorporen a \u00e1rea, as\u00ed como para que alg\u00fan dos que est\u00e1 poida abandonala se voluntariamente as\u00ed o decide.<\/div>\n<div style=\"text-align: justify;\"><\/div>\n<div style=\"text-align: justify;\">En definitiva, segundo o mandatario, tr\u00e1tase dun texto que \u00e9 froito dun traballo que rematou en consenso e que reco\u00f1ece a posici\u00f3n de preeminencia do Concello de Vigo ao tempo que garante un exercicio dialogado dese liderado. Ademais, sit\u00faa a estes 14 concellos como un exemplo en materia de cooperaci\u00f3n e ofrece unha ferramenta \u00fatil para poder prestar mellores servizos aos seus veci\u00f1os.<\/div>\n","protected":false},"excerpt":{"rendered":"<p>Santiago, 17 de marzo de 2016.- O l\u00edder dos populares galegos, Alberto N\u00fa\u00f1ez Feij\u00f3o, sinalou hoxe que o Consello da Xunta validou o acordo definitivo para a posta en marcha da Lei da \u00c1rea Metropolitana de Vigo, que dotar\u00e1 aos 14 concellos que a compo\u00f1en dun instrumento \u00fatil e eficaz ao servizo dos cidad\u00e1ns. Logo [&hellip;]<\/p>\n","protected":false},"author":37,"featured_media":0,"comment_status":"open","ping_status":"open","sticky":false,"template":"","format":"standard","meta":{"_acf_changed":false,"footnotes":""},"categories":[1],"tags":[],"class_list":["post-51800","post","type-post","status-publish","format-standard","hentry","category-pp-de-galicia"],"acf":[],"yoast_head":"<!-- This site is optimized with the Yoast SEO plugin v27.3 - https:\/\/yoast.com\/product\/yoast-seo-wordpress\/ -->\n<title>Feij\u00f3o avanza que A Xunta valida o acordo para a Lei da \u00c1rea Metropolitana de Vigo - PP de Galicia<\/title>\n<meta name=\"robots\" content=\"index, follow, max-snippet:-1, max-image-preview:large, max-video-preview:-1\" \/>\n<link rel=\"canonical\" href=\"https:\/\/ppdegalicia.com\/es\/feijoo-avanza-que-a-xunta-valida-o-acordo-para-a-lei-da-area-metropolitana-de-vigo\/\" \/>\n<meta property=\"og:locale\" content=\"es_ES\" \/>\n<meta property=\"og:type\" content=\"article\" \/>\n<meta property=\"og:title\" content=\"Feij\u00f3o avanza que A Xunta valida o acordo para a Lei da \u00c1rea Metropolitana de Vigo - PP de Galicia\" \/>\n<meta property=\"og:description\" content=\"Santiago, 17 de marzo de 2016.- O l\u00edder dos populares galegos, Alberto N\u00fa\u00f1ez Feij\u00f3o, sinalou hoxe que o Consello da Xunta validou o acordo definitivo para a posta en marcha da Lei da \u00c1rea Metropolitana de Vigo, que dotar\u00e1 aos 14 concellos que a compo\u00f1en dun instrumento \u00fatil e eficaz ao servizo dos cidad\u00e1ns. Logo [&hellip;]\" \/>\n<meta property=\"og:url\" content=\"https:\/\/ppdegalicia.com\/es\/feijoo-avanza-que-a-xunta-valida-o-acordo-para-a-lei-da-area-metropolitana-de-vigo\/\" \/>\n<meta property=\"og:site_name\" content=\"PP de Galicia\" \/>\n<meta property=\"article:publisher\" content=\"https:\/\/www.instagram.com\/ppdegalicia\/\" \/>\n<meta property=\"article:published_time\" content=\"2016-03-17T15:57:37+00:00\" \/>\n<meta name=\"author\" content=\"Super User\" \/>\n<meta name=\"twitter:card\" content=\"summary_large_image\" \/>\n<meta name=\"twitter:creator\" content=\"@ppdegalicia\" \/>\n<meta name=\"twitter:site\" content=\"@ppdegalicia\" \/>\n<meta name=\"twitter:label1\" content=\"Escrito por\" \/>\n\t<meta name=\"twitter:data1\" content=\"Super User\" \/>\n\t<meta name=\"twitter:label2\" content=\"Tiempo de lectura\" \/>\n\t<meta name=\"twitter:data2\" content=\"2 minutos\" \/>\n<script type=\"application\/ld+json\" class=\"yoast-schema-graph\">{\"@context\":\"https:\\\/\\\/schema.org\",\"@graph\":[{\"@type\":\"Article\",\"@id\":\"https:\\\/\\\/ppdegalicia.com\\\/es\\\/feijoo-avanza-que-a-xunta-valida-o-acordo-para-a-lei-da-area-metropolitana-de-vigo\\\/#article\",\"isPartOf\":{\"@id\":\"https:\\\/\\\/ppdegalicia.com\\\/es\\\/feijoo-avanza-que-a-xunta-valida-o-acordo-para-a-lei-da-area-metropolitana-de-vigo\\\/\"},\"author\":{\"name\":\"Super User\",\"@id\":\"https:\\\/\\\/ppdegalicia.com\\\/es\\\/#\\\/schema\\\/person\\\/d0f013b8388c980665d44009ab762960\"},\"headline\":\"Feij\u00f3o avanza que A Xunta valida o acordo para a Lei da \u00c1rea Metropolitana de Vigo\",\"datePublished\":\"2016-03-17T15:57:37+00:00\",\"mainEntityOfPage\":{\"@id\":\"https:\\\/\\\/ppdegalicia.com\\\/es\\\/feijoo-avanza-que-a-xunta-valida-o-acordo-para-a-lei-da-area-metropolitana-de-vigo\\\/\"},\"wordCount\":450,\"commentCount\":0,\"publisher\":{\"@id\":\"https:\\\/\\\/ppdegalicia.com\\\/es\\\/#organization\"},\"articleSection\":[\"PP de Galicia\"],\"inLanguage\":\"es\",\"potentialAction\":[{\"@type\":\"CommentAction\",\"name\":\"Comment\",\"target\":[\"https:\\\/\\\/ppdegalicia.com\\\/es\\\/feijoo-avanza-que-a-xunta-valida-o-acordo-para-a-lei-da-area-metropolitana-de-vigo\\\/#respond\"]}]},{\"@type\":\"WebPage\",\"@id\":\"https:\\\/\\\/ppdegalicia.com\\\/es\\\/feijoo-avanza-que-a-xunta-valida-o-acordo-para-a-lei-da-area-metropolitana-de-vigo\\\/\",\"url\":\"https:\\\/\\\/ppdegalicia.com\\\/es\\\/feijoo-avanza-que-a-xunta-valida-o-acordo-para-a-lei-da-area-metropolitana-de-vigo\\\/\",\"name\":\"Feij\u00f3o avanza que A Xunta valida o acordo para a Lei da \u00c1rea Metropolitana de Vigo - PP de Galicia\",\"isPartOf\":{\"@id\":\"https:\\\/\\\/ppdegalicia.com\\\/es\\\/#website\"},\"datePublished\":\"2016-03-17T15:57:37+00:00\",\"breadcrumb\":{\"@id\":\"https:\\\/\\\/ppdegalicia.com\\\/es\\\/feijoo-avanza-que-a-xunta-valida-o-acordo-para-a-lei-da-area-metropolitana-de-vigo\\\/#breadcrumb\"},\"inLanguage\":\"es\",\"potentialAction\":[{\"@type\":\"ReadAction\",\"target\":[\"https:\\\/\\\/ppdegalicia.com\\\/es\\\/feijoo-avanza-que-a-xunta-valida-o-acordo-para-a-lei-da-area-metropolitana-de-vigo\\\/\"]}]},{\"@type\":\"BreadcrumbList\",\"@id\":\"https:\\\/\\\/ppdegalicia.com\\\/es\\\/feijoo-avanza-que-a-xunta-valida-o-acordo-para-a-lei-da-area-metropolitana-de-vigo\\\/#breadcrumb\",\"itemListElement\":[{\"@type\":\"ListItem\",\"position\":1,\"name\":\"Portada\",\"item\":\"https:\\\/\\\/ppdegalicia.com\\\/es\\\/\"},{\"@type\":\"ListItem\",\"position\":2,\"name\":\"Feij\u00f3o avanza que A Xunta valida o acordo para a Lei da \u00c1rea Metropolitana de Vigo\"}]},{\"@type\":\"WebSite\",\"@id\":\"https:\\\/\\\/ppdegalicia.com\\\/es\\\/#website\",\"url\":\"https:\\\/\\\/ppdegalicia.com\\\/es\\\/\",\"name\":\"Partido Popular de Galicia\",\"description\":\"Partido Popular de Galicia\",\"publisher\":{\"@id\":\"https:\\\/\\\/ppdegalicia.com\\\/es\\\/#organization\"},\"alternateName\":\"PP de Galicia\",\"potentialAction\":[{\"@type\":\"SearchAction\",\"target\":{\"@type\":\"EntryPoint\",\"urlTemplate\":\"https:\\\/\\\/ppdegalicia.com\\\/es\\\/?s={search_term_string}\"},\"query-input\":{\"@type\":\"PropertyValueSpecification\",\"valueRequired\":true,\"valueName\":\"search_term_string\"}}],\"inLanguage\":\"es\"},{\"@type\":\"Organization\",\"@id\":\"https:\\\/\\\/ppdegalicia.com\\\/es\\\/#organization\",\"name\":\"Partido Popular de Galicia\",\"alternateName\":\"PP de Galicia\",\"url\":\"https:\\\/\\\/ppdegalicia.com\\\/es\\\/\",\"logo\":{\"@type\":\"ImageObject\",\"inLanguage\":\"es\",\"@id\":\"https:\\\/\\\/ppdegalicia.com\\\/es\\\/#\\\/schema\\\/logo\\\/image\\\/\",\"url\":\"https:\\\/\\\/ppdegalicia.com\\\/wp-content\\\/uploads\\\/2023\\\/04\\\/logoPP512.png\",\"contentUrl\":\"https:\\\/\\\/ppdegalicia.com\\\/wp-content\\\/uploads\\\/2023\\\/04\\\/logoPP512.png\",\"width\":512,\"height\":512,\"caption\":\"Partido Popular de Galicia\"},\"image\":{\"@id\":\"https:\\\/\\\/ppdegalicia.com\\\/es\\\/#\\\/schema\\\/logo\\\/image\\\/\"},\"sameAs\":[\"https:\\\/\\\/www.instagram.com\\\/ppdegalicia\\\/\",\"https:\\\/\\\/x.com\\\/ppdegalicia\",\"https:\\\/\\\/www.tiktok.com\\\/@ppdegalicia\",\"https:\\\/\\\/www.youtube.com\\\/user\\\/ppdegalicia\"]},{\"@type\":\"Person\",\"@id\":\"https:\\\/\\\/ppdegalicia.com\\\/es\\\/#\\\/schema\\\/person\\\/d0f013b8388c980665d44009ab762960\",\"name\":\"Super User\",\"image\":{\"@type\":\"ImageObject\",\"inLanguage\":\"es\",\"@id\":\"https:\\\/\\\/secure.gravatar.com\\\/avatar\\\/1db852625ef4948f58d2739bfbc51e4b9bd5c93b8fa340b59fdb594ca0845645?s=96&d=mm&r=g\",\"url\":\"https:\\\/\\\/secure.gravatar.com\\\/avatar\\\/1db852625ef4948f58d2739bfbc51e4b9bd5c93b8fa340b59fdb594ca0845645?s=96&d=mm&r=g\",\"contentUrl\":\"https:\\\/\\\/secure.gravatar.com\\\/avatar\\\/1db852625ef4948f58d2739bfbc51e4b9bd5c93b8fa340b59fdb594ca0845645?s=96&d=mm&r=g\",\"caption\":\"Super User\"},\"url\":\"https:\\\/\\\/ppdegalicia.com\\\/es\\\/author\\\/ppdegaliciagestion\\\/\"}]}<\/script>\n<!-- \/ Yoast SEO plugin. -->","yoast_head_json":{"title":"Feij\u00f3o avanza que A Xunta valida o acordo para a Lei da \u00c1rea Metropolitana de Vigo - PP de Galicia","robots":{"index":"index","follow":"follow","max-snippet":"max-snippet:-1","max-image-preview":"max-image-preview:large","max-video-preview":"max-video-preview:-1"},"canonical":"https:\/\/ppdegalicia.com\/es\/feijoo-avanza-que-a-xunta-valida-o-acordo-para-a-lei-da-area-metropolitana-de-vigo\/","og_locale":"es_ES","og_type":"article","og_title":"Feij\u00f3o avanza que A Xunta valida o acordo para a Lei da \u00c1rea Metropolitana de Vigo - PP de Galicia","og_description":"Santiago, 17 de marzo de 2016.- O l\u00edder dos populares galegos, Alberto N\u00fa\u00f1ez Feij\u00f3o, sinalou hoxe que o Consello da Xunta validou o acordo definitivo para a posta en marcha da Lei da \u00c1rea Metropolitana de Vigo, que dotar\u00e1 aos 14 concellos que a compo\u00f1en dun instrumento \u00fatil e eficaz ao servizo dos cidad\u00e1ns. Logo [&hellip;]","og_url":"https:\/\/ppdegalicia.com\/es\/feijoo-avanza-que-a-xunta-valida-o-acordo-para-a-lei-da-area-metropolitana-de-vigo\/","og_site_name":"PP de Galicia","article_publisher":"https:\/\/www.instagram.com\/ppdegalicia\/","article_published_time":"2016-03-17T15:57:37+00:00","author":"Super User","twitter_card":"summary_large_image","twitter_creator":"@ppdegalicia","twitter_site":"@ppdegalicia","twitter_misc":{"Escrito por":"Super User","Tiempo de lectura":"2 minutos"},"schema":{"@context":"https:\/\/schema.org","@graph":[{"@type":"Article","@id":"https:\/\/ppdegalicia.com\/es\/feijoo-avanza-que-a-xunta-valida-o-acordo-para-a-lei-da-area-metropolitana-de-vigo\/#article","isPartOf":{"@id":"https:\/\/ppdegalicia.com\/es\/feijoo-avanza-que-a-xunta-valida-o-acordo-para-a-lei-da-area-metropolitana-de-vigo\/"},"author":{"name":"Super User","@id":"https:\/\/ppdegalicia.com\/es\/#\/schema\/person\/d0f013b8388c980665d44009ab762960"},"headline":"Feij\u00f3o avanza que A Xunta valida o acordo para a Lei da \u00c1rea Metropolitana de Vigo","datePublished":"2016-03-17T15:57:37+00:00","mainEntityOfPage":{"@id":"https:\/\/ppdegalicia.com\/es\/feijoo-avanza-que-a-xunta-valida-o-acordo-para-a-lei-da-area-metropolitana-de-vigo\/"},"wordCount":450,"commentCount":0,"publisher":{"@id":"https:\/\/ppdegalicia.com\/es\/#organization"},"articleSection":["PP de Galicia"],"inLanguage":"es","potentialAction":[{"@type":"CommentAction","name":"Comment","target":["https:\/\/ppdegalicia.com\/es\/feijoo-avanza-que-a-xunta-valida-o-acordo-para-a-lei-da-area-metropolitana-de-vigo\/#respond"]}]},{"@type":"WebPage","@id":"https:\/\/ppdegalicia.com\/es\/feijoo-avanza-que-a-xunta-valida-o-acordo-para-a-lei-da-area-metropolitana-de-vigo\/","url":"https:\/\/ppdegalicia.com\/es\/feijoo-avanza-que-a-xunta-valida-o-acordo-para-a-lei-da-area-metropolitana-de-vigo\/","name":"Feij\u00f3o avanza que A Xunta valida o acordo para a Lei da \u00c1rea Metropolitana de Vigo - PP de Galicia","isPartOf":{"@id":"https:\/\/ppdegalicia.com\/es\/#website"},"datePublished":"2016-03-17T15:57:37+00:00","breadcrumb":{"@id":"https:\/\/ppdegalicia.com\/es\/feijoo-avanza-que-a-xunta-valida-o-acordo-para-a-lei-da-area-metropolitana-de-vigo\/#breadcrumb"},"inLanguage":"es","potentialAction":[{"@type":"ReadAction","target":["https:\/\/ppdegalicia.com\/es\/feijoo-avanza-que-a-xunta-valida-o-acordo-para-a-lei-da-area-metropolitana-de-vigo\/"]}]},{"@type":"BreadcrumbList","@id":"https:\/\/ppdegalicia.com\/es\/feijoo-avanza-que-a-xunta-valida-o-acordo-para-a-lei-da-area-metropolitana-de-vigo\/#breadcrumb","itemListElement":[{"@type":"ListItem","position":1,"name":"Portada","item":"https:\/\/ppdegalicia.com\/es\/"},{"@type":"ListItem","position":2,"name":"Feij\u00f3o avanza que A Xunta valida o acordo para a Lei da \u00c1rea Metropolitana de Vigo"}]},{"@type":"WebSite","@id":"https:\/\/ppdegalicia.com\/es\/#website","url":"https:\/\/ppdegalicia.com\/es\/","name":"Partido Popular de Galicia","description":"Partido Popular de Galicia","publisher":{"@id":"https:\/\/ppdegalicia.com\/es\/#organization"},"alternateName":"PP de Galicia","potentialAction":[{"@type":"SearchAction","target":{"@type":"EntryPoint","urlTemplate":"https:\/\/ppdegalicia.com\/es\/?s={search_term_string}"},"query-input":{"@type":"PropertyValueSpecification","valueRequired":true,"valueName":"search_term_string"}}],"inLanguage":"es"},{"@type":"Organization","@id":"https:\/\/ppdegalicia.com\/es\/#organization","name":"Partido Popular de Galicia","alternateName":"PP de Galicia","url":"https:\/\/ppdegalicia.com\/es\/","logo":{"@type":"ImageObject","inLanguage":"es","@id":"https:\/\/ppdegalicia.com\/es\/#\/schema\/logo\/image\/","url":"https:\/\/ppdegalicia.com\/wp-content\/uploads\/2023\/04\/logoPP512.png","contentUrl":"https:\/\/ppdegalicia.com\/wp-content\/uploads\/2023\/04\/logoPP512.png","width":512,"height":512,"caption":"Partido Popular de Galicia"},"image":{"@id":"https:\/\/ppdegalicia.com\/es\/#\/schema\/logo\/image\/"},"sameAs":["https:\/\/www.instagram.com\/ppdegalicia\/","https:\/\/x.com\/ppdegalicia","https:\/\/www.tiktok.com\/@ppdegalicia","https:\/\/www.youtube.com\/user\/ppdegalicia"]},{"@type":"Person","@id":"https:\/\/ppdegalicia.com\/es\/#\/schema\/person\/d0f013b8388c980665d44009ab762960","name":"Super User","image":{"@type":"ImageObject","inLanguage":"es","@id":"https:\/\/secure.gravatar.com\/avatar\/1db852625ef4948f58d2739bfbc51e4b9bd5c93b8fa340b59fdb594ca0845645?s=96&d=mm&r=g","url":"https:\/\/secure.gravatar.com\/avatar\/1db852625ef4948f58d2739bfbc51e4b9bd5c93b8fa340b59fdb594ca0845645?s=96&d=mm&r=g","contentUrl":"https:\/\/secure.gravatar.com\/avatar\/1db852625ef4948f58d2739bfbc51e4b9bd5c93b8fa340b59fdb594ca0845645?s=96&d=mm&r=g","caption":"Super User"},"url":"https:\/\/ppdegalicia.com\/es\/author\/ppdegaliciagestion\/"}]}},"_links":{"self":[{"href":"https:\/\/ppdegalicia.com\/es\/wp-json\/wp\/v2\/posts\/51800","targetHints":{"allow":["GET"]}}],"collection":[{"href":"https:\/\/ppdegalicia.com\/es\/wp-json\/wp\/v2\/posts"}],"about":[{"href":"https:\/\/ppdegalicia.com\/es\/wp-json\/wp\/v2\/types\/post"}],"author":[{"embeddable":true,"href":"https:\/\/ppdegalicia.com\/es\/wp-json\/wp\/v2\/users\/37"}],"replies":[{"embeddable":true,"href":"https:\/\/ppdegalicia.com\/es\/wp-json\/wp\/v2\/comments?post=51800"}],"version-history":[{"count":0,"href":"https:\/\/ppdegalicia.com\/es\/wp-json\/wp\/v2\/posts\/51800\/revisions"}],"wp:attachment":[{"href":"https:\/\/ppdegalicia.com\/es\/wp-json\/wp\/v2\/media?parent=51800"}],"wp:term":[{"taxonomy":"category","embeddable":true,"href":"https:\/\/ppdegalicia.com\/es\/wp-json\/wp\/v2\/categories?post=51800"},{"taxonomy":"post_tag","embeddable":true,"href":"https:\/\/ppdegalicia.com\/es\/wp-json\/wp\/v2\/tags?post=51800"}],"curies":[{"name":"wp","href":"https:\/\/api.w.org\/{rel}","templated":true}]}}