{"id":51802,"date":"2016-03-21T14:38:30","date_gmt":"2016-03-21T12:38:30","guid":{"rendered":"https:\/\/ppdegalicia.com\/gpp-defendera-no-pleno-cambios-na-cotizacion-das-persoas-traballadoras-do-mar\/"},"modified":"2016-03-21T14:38:30","modified_gmt":"2016-03-21T12:38:30","slug":"gpp-defendera-no-pleno-cambios-na-cotizacion-das-persoas-traballadoras-do-mar","status":"publish","type":"post","link":"https:\/\/ppdegalicia.com\/es\/gpp-defendera-no-pleno-cambios-na-cotizacion-das-persoas-traballadoras-do-mar\/","title":{"rendered":"GPP defender\u00e1 no pleno cambios na cotizaci\u00f3n das persoas traballadoras do mar"},"content":{"rendered":"<p><b><br \/>O GRUPO POPULAR DEFENDER\u00c1 NO PLENO FACILITAR AOS TRABALLADORES DO MAR QUE POIDAN AUMENTAR VOLUNTARIAMENTE AS S\u00daAS BASES DE COTIZACI\u00d3N<\/b><\/p>\n<p><b><\/p>\n<p>\u00b7&nbsp;&nbsp; &nbsp;A sesi\u00f3n plenaria proceder\u00e1 ao debate para a aprobaci\u00f3n do proxecto de Lei de asistencia xur\u00eddica da administraci\u00f3n xeral da comunidade aut\u00f3noma e o debate de toma en consideraci\u00f3n do proxecto de Lei de coordinaci\u00f3n de polic\u00edas locais<\/b><\/p>\n<p><b><\/b><\/p>\n<p>Santiago, 21 de marzo de 2016.- O Grupo Popular defender\u00e1 na sesi\u00f3n plenaria da vindeira semana d\u00faas proposici\u00f3ns non de lei dirixidas a facilitar que os traballadores do mar poidan aumentar voluntariamente as s\u00faas bases de cotizaci\u00f3n e para solicitar ao Concello de A Coru\u00f1a a apertura do t\u00fanel do Parrote, xa que pasaron m\u00e1is de 100 d\u00edas desde a recepci\u00f3n das obras.<\/p>\n<p>A viceportavoz do Grupo Popular, Cristina Romero, explicou que \u201cos traballadores do mar carecen na actualidade da posibilidade, do mesmo xeito que os traballadores aut\u00f3nomos e do sector agrario, de incrementar voluntariamente as cotizaci\u00f3ns para que as pensi\u00f3ns que cobren no futuro sexan maiores\u201d. <\/p>\n<p><b>CAMBIOS NORMATIVOS<\/b><\/p>\n<p>Deste xeito, a trav\u00e9s dunha proposici\u00f3n non de lei, o Grupo Popular solicita que o Goberno central impulse os cambios normativos necesarios para mellorar o sistema de cotizaci\u00f3n e protecci\u00f3n sociolaboral das persoas traballadoras do mar, estudando co sector a posibilidade de establecer un sistema que permita aumentar voluntariamente as s\u00faas bases de cotizaci\u00f3n. <\/p>\n<p>A segunda das proposici\u00f3ns non de lei que defender\u00e1 o Grupo Popular ten como obxectivo a apertura do t\u00fanel do Parrote en A Coru\u00f1a, \u201cunha obra que foi informada favorablemente polos t\u00e9cnicos do Ministerio de Fomento asegurando que o tr\u00e1fico pod\u00eda circular polo mesmo, pero que a d\u00eda de hoxe o Concello de A Coru\u00f1a a\u00ednda non puxo data para a s\u00faa apertura\u201d. <\/p>\n<p>\u201cVan m\u00e1is de cen d\u00edas desde a data da recepci\u00f3n das obras e o t\u00fanel do Parrote segue pechado \u00e1 circulaci\u00f3n, provocando prexu\u00edzos e molestias de tr\u00e1fico a m\u00e1is de 40.000 veci\u00f1os e propietarios de comercios e locais de hostaler\u00eda\u201d, apuntou.<\/p>\n<p><b>DOUS PROXECTOS DE LEI<\/b><\/p>\n<p>Previamente a estas proposici\u00f3ns non de lei, a sesi\u00f3n plenaria dar\u00e1 comezo co debate para a s\u00faa aprobaci\u00f3n do proxecto de Lei de asistencia xur\u00eddica da administraci\u00f3n xeral da comunidade aut\u00f3noma e do seu sector p\u00fablico. \u201cEsperamos que a aceptaci\u00f3n que esta norma tivo en Comisi\u00f3n, onde sa\u00edu adiante sen ning\u00fan voto en contra, se mante\u00f1a en Pleno para reforzar&nbsp; os servizos xur\u00eddicos da Xunta na busca dun maior control da legalidade, da transparencia, da loita contra a corrupci\u00f3n e, en definitiva, dunha maior defensa dos dereitos dos cidad\u00e1ns\u201d, manifestou a viceportavoz popular.<\/p>\n<p>Cristina Romero apuntou que \u201co obxectivo da Xunta e do Grupo Popular \u00e9 que esta lei saia adiante co maior consenso posible para garantir a s\u00faa permanencia, ao tempo que sexa capaz de dar resposta \u00e1s necesidades de asesoramento, control e defensa que precise a administraci\u00f3n auton\u00f3mica, os seus entes e os seus empregados p\u00fablicos\u201d.<\/p>\n<p>A continuaci\u00f3n, procederase ao debate de toma en consideraci\u00f3n do proxecto de Lei de coordinaci\u00f3n de polic\u00edas locais de Galicia, que actualiza e adapta a normativa existente \u00e1s novas normativas vixentes, establecendo unha serie de cambios e axustes que permitan acadar un maior \u00edndice de eficacia na organizaci\u00f3n e estrutura dos cadros de persoal das polic\u00edas locais.<\/p>\n<p>Entre as medidas que incorpora este proxecto de Lei, Romero subli\u00f1ou a eliminaci\u00f3n do tope de idade dos 36 anos para acceder ao corpo de polic\u00eda local galego, as\u00ed como unha mellora nos procesos de cobertura de prazas de mandos, que facilita tanto a promoci\u00f3n interna, como a mobilidade con ascenso desde outros corpos.<\/p>\n<p>Por \u00faltimo, o Grupo Popular cuestionar\u00e1 ao Goberno sobre as consecuencias da sentenza do Tribunal Supremo que anula a pr\u00f3rroga das concesi\u00f3ns de transporte p\u00fablico interurbano en Galicia, as\u00ed como pola viabilidade dun cambio de modelo de xesti\u00f3n dos consorcios provinciais de bombeiros.<\/p>\n<p><b><br \/>DEMAGOXIA COA BANDEIRA EUROPEA<\/b><\/p>\n<p>Cuestionada sobre a decisi\u00f3n dalg\u00fans concellos de arriar a bandeira europea en repulsa polo pol\u00edtica europea sobre refuxiados, Cristina Romero manifestou que \u201cestamos en contra\u201d desta decisi\u00f3n e lembrou que existe un acordo un\u00e1nime no Congreso dos Deputados que defende que calquera actuaci\u00f3n debe respectar os dereitos dos solicitantes de asilo, a legalidade internacional e a europea. \u201cA isto sumouse o acordo razoable e sensato asinado a nivel europeo o pasado venres que garante o respecto rigoroso \u00e1 legalidade europea e internacional e a exclusi\u00f3n expresa de calquera tipo de expulsi\u00f3n colectiva\u201d, indicou.<\/p>\n<p>As\u00ed mesmo, a viceportavoz criticou \u201ca demagoxia coa que act\u00faan determinados grupos nacionalistas respecto desta situaci\u00f3n, xa que por un lado est\u00e1n a arriar a bandeira de Europa, pero por outra po\u00f1en as d\u00faas mans para recibir investimentos de Europa para as cidades onde gobernan\u201d. <\/p>\n","protected":false},"excerpt":{"rendered":"<p>O GRUPO POPULAR DEFENDER\u00c1 NO PLENO FACILITAR AOS TRABALLADORES DO MAR QUE POIDAN AUMENTAR VOLUNTARIAMENTE AS S\u00daAS BASES DE COTIZACI\u00d3N \u00b7&nbsp;&nbsp; &nbsp;A sesi\u00f3n plenaria proceder\u00e1 ao debate para a aprobaci\u00f3n do proxecto de Lei de asistencia xur\u00eddica da administraci\u00f3n xeral da comunidade aut\u00f3noma e o debate de toma en consideraci\u00f3n do proxecto de Lei de [&hellip;]<\/p>\n","protected":false},"author":37,"featured_media":0,"comment_status":"open","ping_status":"open","sticky":false,"template":"","format":"standard","meta":{"_acf_changed":false,"footnotes":""},"categories":[1],"tags":[],"class_list":["post-51802","post","type-post","status-publish","format-standard","hentry","category-pp-de-galicia"],"acf":[],"yoast_head":"<!-- This site is optimized with the Yoast SEO plugin v27.3 - https:\/\/yoast.com\/product\/yoast-seo-wordpress\/ -->\n<title>GPP defender\u00e1 no pleno cambios na cotizaci\u00f3n das persoas traballadoras do mar - PP de Galicia<\/title>\n<meta name=\"robots\" content=\"index, follow, max-snippet:-1, max-image-preview:large, max-video-preview:-1\" \/>\n<link rel=\"canonical\" href=\"https:\/\/ppdegalicia.com\/es\/gpp-defendera-no-pleno-cambios-na-cotizacion-das-persoas-traballadoras-do-mar\/\" \/>\n<meta property=\"og:locale\" content=\"es_ES\" \/>\n<meta property=\"og:type\" content=\"article\" \/>\n<meta property=\"og:title\" content=\"GPP defender\u00e1 no pleno cambios na cotizaci\u00f3n das persoas traballadoras do mar - PP de Galicia\" \/>\n<meta property=\"og:description\" content=\"O GRUPO POPULAR DEFENDER\u00c1 NO PLENO FACILITAR AOS TRABALLADORES DO MAR QUE POIDAN AUMENTAR VOLUNTARIAMENTE AS S\u00daAS BASES DE COTIZACI\u00d3N \u00b7&nbsp;&nbsp; &nbsp;A sesi\u00f3n plenaria proceder\u00e1 ao debate para a aprobaci\u00f3n do proxecto de Lei de asistencia xur\u00eddica da administraci\u00f3n xeral da comunidade aut\u00f3noma e o debate de toma en consideraci\u00f3n do proxecto de Lei de [&hellip;]\" \/>\n<meta property=\"og:url\" content=\"https:\/\/ppdegalicia.com\/es\/gpp-defendera-no-pleno-cambios-na-cotizacion-das-persoas-traballadoras-do-mar\/\" \/>\n<meta property=\"og:site_name\" content=\"PP de Galicia\" \/>\n<meta property=\"article:publisher\" content=\"https:\/\/www.instagram.com\/ppdegalicia\/\" \/>\n<meta property=\"article:published_time\" content=\"2016-03-21T12:38:30+00:00\" \/>\n<meta name=\"author\" content=\"Super User\" \/>\n<meta name=\"twitter:card\" content=\"summary_large_image\" \/>\n<meta name=\"twitter:creator\" content=\"@ppdegalicia\" \/>\n<meta name=\"twitter:site\" content=\"@ppdegalicia\" \/>\n<meta name=\"twitter:label1\" content=\"Escrito por\" \/>\n\t<meta name=\"twitter:data1\" content=\"Super User\" \/>\n\t<meta name=\"twitter:label2\" content=\"Tiempo de lectura\" \/>\n\t<meta name=\"twitter:data2\" content=\"4 minutos\" \/>\n<script type=\"application\/ld+json\" class=\"yoast-schema-graph\">{\"@context\":\"https:\\\/\\\/schema.org\",\"@graph\":[{\"@type\":\"Article\",\"@id\":\"https:\\\/\\\/ppdegalicia.com\\\/es\\\/gpp-defendera-no-pleno-cambios-na-cotizacion-das-persoas-traballadoras-do-mar\\\/#article\",\"isPartOf\":{\"@id\":\"https:\\\/\\\/ppdegalicia.com\\\/es\\\/gpp-defendera-no-pleno-cambios-na-cotizacion-das-persoas-traballadoras-do-mar\\\/\"},\"author\":{\"name\":\"Super User\",\"@id\":\"https:\\\/\\\/ppdegalicia.com\\\/es\\\/#\\\/schema\\\/person\\\/d0f013b8388c980665d44009ab762960\"},\"headline\":\"GPP defender\u00e1 no pleno cambios na cotizaci\u00f3n das persoas traballadoras do mar\",\"datePublished\":\"2016-03-21T12:38:30+00:00\",\"mainEntityOfPage\":{\"@id\":\"https:\\\/\\\/ppdegalicia.com\\\/es\\\/gpp-defendera-no-pleno-cambios-na-cotizacion-das-persoas-traballadoras-do-mar\\\/\"},\"wordCount\":879,\"commentCount\":0,\"publisher\":{\"@id\":\"https:\\\/\\\/ppdegalicia.com\\\/es\\\/#organization\"},\"articleSection\":[\"PP de Galicia\"],\"inLanguage\":\"es\",\"potentialAction\":[{\"@type\":\"CommentAction\",\"name\":\"Comment\",\"target\":[\"https:\\\/\\\/ppdegalicia.com\\\/es\\\/gpp-defendera-no-pleno-cambios-na-cotizacion-das-persoas-traballadoras-do-mar\\\/#respond\"]}]},{\"@type\":\"WebPage\",\"@id\":\"https:\\\/\\\/ppdegalicia.com\\\/es\\\/gpp-defendera-no-pleno-cambios-na-cotizacion-das-persoas-traballadoras-do-mar\\\/\",\"url\":\"https:\\\/\\\/ppdegalicia.com\\\/es\\\/gpp-defendera-no-pleno-cambios-na-cotizacion-das-persoas-traballadoras-do-mar\\\/\",\"name\":\"GPP defender\u00e1 no pleno cambios na cotizaci\u00f3n das persoas traballadoras do mar - PP de Galicia\",\"isPartOf\":{\"@id\":\"https:\\\/\\\/ppdegalicia.com\\\/es\\\/#website\"},\"datePublished\":\"2016-03-21T12:38:30+00:00\",\"breadcrumb\":{\"@id\":\"https:\\\/\\\/ppdegalicia.com\\\/es\\\/gpp-defendera-no-pleno-cambios-na-cotizacion-das-persoas-traballadoras-do-mar\\\/#breadcrumb\"},\"inLanguage\":\"es\",\"potentialAction\":[{\"@type\":\"ReadAction\",\"target\":[\"https:\\\/\\\/ppdegalicia.com\\\/es\\\/gpp-defendera-no-pleno-cambios-na-cotizacion-das-persoas-traballadoras-do-mar\\\/\"]}]},{\"@type\":\"BreadcrumbList\",\"@id\":\"https:\\\/\\\/ppdegalicia.com\\\/es\\\/gpp-defendera-no-pleno-cambios-na-cotizacion-das-persoas-traballadoras-do-mar\\\/#breadcrumb\",\"itemListElement\":[{\"@type\":\"ListItem\",\"position\":1,\"name\":\"Portada\",\"item\":\"https:\\\/\\\/ppdegalicia.com\\\/es\\\/\"},{\"@type\":\"ListItem\",\"position\":2,\"name\":\"GPP defender\u00e1 no pleno cambios na cotizaci\u00f3n das persoas traballadoras do mar\"}]},{\"@type\":\"WebSite\",\"@id\":\"https:\\\/\\\/ppdegalicia.com\\\/es\\\/#website\",\"url\":\"https:\\\/\\\/ppdegalicia.com\\\/es\\\/\",\"name\":\"Partido Popular de Galicia\",\"description\":\"Partido Popular de Galicia\",\"publisher\":{\"@id\":\"https:\\\/\\\/ppdegalicia.com\\\/es\\\/#organization\"},\"alternateName\":\"PP de Galicia\",\"potentialAction\":[{\"@type\":\"SearchAction\",\"target\":{\"@type\":\"EntryPoint\",\"urlTemplate\":\"https:\\\/\\\/ppdegalicia.com\\\/es\\\/?s={search_term_string}\"},\"query-input\":{\"@type\":\"PropertyValueSpecification\",\"valueRequired\":true,\"valueName\":\"search_term_string\"}}],\"inLanguage\":\"es\"},{\"@type\":\"Organization\",\"@id\":\"https:\\\/\\\/ppdegalicia.com\\\/es\\\/#organization\",\"name\":\"Partido Popular de Galicia\",\"alternateName\":\"PP de Galicia\",\"url\":\"https:\\\/\\\/ppdegalicia.com\\\/es\\\/\",\"logo\":{\"@type\":\"ImageObject\",\"inLanguage\":\"es\",\"@id\":\"https:\\\/\\\/ppdegalicia.com\\\/es\\\/#\\\/schema\\\/logo\\\/image\\\/\",\"url\":\"https:\\\/\\\/ppdegalicia.com\\\/wp-content\\\/uploads\\\/2023\\\/04\\\/logoPP512.png\",\"contentUrl\":\"https:\\\/\\\/ppdegalicia.com\\\/wp-content\\\/uploads\\\/2023\\\/04\\\/logoPP512.png\",\"width\":512,\"height\":512,\"caption\":\"Partido Popular de Galicia\"},\"image\":{\"@id\":\"https:\\\/\\\/ppdegalicia.com\\\/es\\\/#\\\/schema\\\/logo\\\/image\\\/\"},\"sameAs\":[\"https:\\\/\\\/www.instagram.com\\\/ppdegalicia\\\/\",\"https:\\\/\\\/x.com\\\/ppdegalicia\",\"https:\\\/\\\/www.tiktok.com\\\/@ppdegalicia\",\"https:\\\/\\\/www.youtube.com\\\/user\\\/ppdegalicia\"]},{\"@type\":\"Person\",\"@id\":\"https:\\\/\\\/ppdegalicia.com\\\/es\\\/#\\\/schema\\\/person\\\/d0f013b8388c980665d44009ab762960\",\"name\":\"Super User\",\"image\":{\"@type\":\"ImageObject\",\"inLanguage\":\"es\",\"@id\":\"https:\\\/\\\/secure.gravatar.com\\\/avatar\\\/1db852625ef4948f58d2739bfbc51e4b9bd5c93b8fa340b59fdb594ca0845645?s=96&d=mm&r=g\",\"url\":\"https:\\\/\\\/secure.gravatar.com\\\/avatar\\\/1db852625ef4948f58d2739bfbc51e4b9bd5c93b8fa340b59fdb594ca0845645?s=96&d=mm&r=g\",\"contentUrl\":\"https:\\\/\\\/secure.gravatar.com\\\/avatar\\\/1db852625ef4948f58d2739bfbc51e4b9bd5c93b8fa340b59fdb594ca0845645?s=96&d=mm&r=g\",\"caption\":\"Super User\"},\"url\":\"https:\\\/\\\/ppdegalicia.com\\\/es\\\/author\\\/ppdegaliciagestion\\\/\"}]}<\/script>\n<!-- \/ Yoast SEO plugin. -->","yoast_head_json":{"title":"GPP defender\u00e1 no pleno cambios na cotizaci\u00f3n das persoas traballadoras do mar - PP de Galicia","robots":{"index":"index","follow":"follow","max-snippet":"max-snippet:-1","max-image-preview":"max-image-preview:large","max-video-preview":"max-video-preview:-1"},"canonical":"https:\/\/ppdegalicia.com\/es\/gpp-defendera-no-pleno-cambios-na-cotizacion-das-persoas-traballadoras-do-mar\/","og_locale":"es_ES","og_type":"article","og_title":"GPP defender\u00e1 no pleno cambios na cotizaci\u00f3n das persoas traballadoras do mar - PP de Galicia","og_description":"O GRUPO POPULAR DEFENDER\u00c1 NO PLENO FACILITAR AOS TRABALLADORES DO MAR QUE POIDAN AUMENTAR VOLUNTARIAMENTE AS S\u00daAS BASES DE COTIZACI\u00d3N \u00b7&nbsp;&nbsp; &nbsp;A sesi\u00f3n plenaria proceder\u00e1 ao debate para a aprobaci\u00f3n do proxecto de Lei de asistencia xur\u00eddica da administraci\u00f3n xeral da comunidade aut\u00f3noma e o debate de toma en consideraci\u00f3n do proxecto de Lei de [&hellip;]","og_url":"https:\/\/ppdegalicia.com\/es\/gpp-defendera-no-pleno-cambios-na-cotizacion-das-persoas-traballadoras-do-mar\/","og_site_name":"PP de Galicia","article_publisher":"https:\/\/www.instagram.com\/ppdegalicia\/","article_published_time":"2016-03-21T12:38:30+00:00","author":"Super User","twitter_card":"summary_large_image","twitter_creator":"@ppdegalicia","twitter_site":"@ppdegalicia","twitter_misc":{"Escrito por":"Super User","Tiempo de lectura":"4 minutos"},"schema":{"@context":"https:\/\/schema.org","@graph":[{"@type":"Article","@id":"https:\/\/ppdegalicia.com\/es\/gpp-defendera-no-pleno-cambios-na-cotizacion-das-persoas-traballadoras-do-mar\/#article","isPartOf":{"@id":"https:\/\/ppdegalicia.com\/es\/gpp-defendera-no-pleno-cambios-na-cotizacion-das-persoas-traballadoras-do-mar\/"},"author":{"name":"Super User","@id":"https:\/\/ppdegalicia.com\/es\/#\/schema\/person\/d0f013b8388c980665d44009ab762960"},"headline":"GPP defender\u00e1 no pleno cambios na cotizaci\u00f3n das persoas traballadoras do mar","datePublished":"2016-03-21T12:38:30+00:00","mainEntityOfPage":{"@id":"https:\/\/ppdegalicia.com\/es\/gpp-defendera-no-pleno-cambios-na-cotizacion-das-persoas-traballadoras-do-mar\/"},"wordCount":879,"commentCount":0,"publisher":{"@id":"https:\/\/ppdegalicia.com\/es\/#organization"},"articleSection":["PP de Galicia"],"inLanguage":"es","potentialAction":[{"@type":"CommentAction","name":"Comment","target":["https:\/\/ppdegalicia.com\/es\/gpp-defendera-no-pleno-cambios-na-cotizacion-das-persoas-traballadoras-do-mar\/#respond"]}]},{"@type":"WebPage","@id":"https:\/\/ppdegalicia.com\/es\/gpp-defendera-no-pleno-cambios-na-cotizacion-das-persoas-traballadoras-do-mar\/","url":"https:\/\/ppdegalicia.com\/es\/gpp-defendera-no-pleno-cambios-na-cotizacion-das-persoas-traballadoras-do-mar\/","name":"GPP defender\u00e1 no pleno cambios na cotizaci\u00f3n das persoas traballadoras do mar - PP de Galicia","isPartOf":{"@id":"https:\/\/ppdegalicia.com\/es\/#website"},"datePublished":"2016-03-21T12:38:30+00:00","breadcrumb":{"@id":"https:\/\/ppdegalicia.com\/es\/gpp-defendera-no-pleno-cambios-na-cotizacion-das-persoas-traballadoras-do-mar\/#breadcrumb"},"inLanguage":"es","potentialAction":[{"@type":"ReadAction","target":["https:\/\/ppdegalicia.com\/es\/gpp-defendera-no-pleno-cambios-na-cotizacion-das-persoas-traballadoras-do-mar\/"]}]},{"@type":"BreadcrumbList","@id":"https:\/\/ppdegalicia.com\/es\/gpp-defendera-no-pleno-cambios-na-cotizacion-das-persoas-traballadoras-do-mar\/#breadcrumb","itemListElement":[{"@type":"ListItem","position":1,"name":"Portada","item":"https:\/\/ppdegalicia.com\/es\/"},{"@type":"ListItem","position":2,"name":"GPP defender\u00e1 no pleno cambios na cotizaci\u00f3n das persoas traballadoras do mar"}]},{"@type":"WebSite","@id":"https:\/\/ppdegalicia.com\/es\/#website","url":"https:\/\/ppdegalicia.com\/es\/","name":"Partido Popular de Galicia","description":"Partido Popular de Galicia","publisher":{"@id":"https:\/\/ppdegalicia.com\/es\/#organization"},"alternateName":"PP de Galicia","potentialAction":[{"@type":"SearchAction","target":{"@type":"EntryPoint","urlTemplate":"https:\/\/ppdegalicia.com\/es\/?s={search_term_string}"},"query-input":{"@type":"PropertyValueSpecification","valueRequired":true,"valueName":"search_term_string"}}],"inLanguage":"es"},{"@type":"Organization","@id":"https:\/\/ppdegalicia.com\/es\/#organization","name":"Partido Popular de Galicia","alternateName":"PP de Galicia","url":"https:\/\/ppdegalicia.com\/es\/","logo":{"@type":"ImageObject","inLanguage":"es","@id":"https:\/\/ppdegalicia.com\/es\/#\/schema\/logo\/image\/","url":"https:\/\/ppdegalicia.com\/wp-content\/uploads\/2023\/04\/logoPP512.png","contentUrl":"https:\/\/ppdegalicia.com\/wp-content\/uploads\/2023\/04\/logoPP512.png","width":512,"height":512,"caption":"Partido Popular de Galicia"},"image":{"@id":"https:\/\/ppdegalicia.com\/es\/#\/schema\/logo\/image\/"},"sameAs":["https:\/\/www.instagram.com\/ppdegalicia\/","https:\/\/x.com\/ppdegalicia","https:\/\/www.tiktok.com\/@ppdegalicia","https:\/\/www.youtube.com\/user\/ppdegalicia"]},{"@type":"Person","@id":"https:\/\/ppdegalicia.com\/es\/#\/schema\/person\/d0f013b8388c980665d44009ab762960","name":"Super User","image":{"@type":"ImageObject","inLanguage":"es","@id":"https:\/\/secure.gravatar.com\/avatar\/1db852625ef4948f58d2739bfbc51e4b9bd5c93b8fa340b59fdb594ca0845645?s=96&d=mm&r=g","url":"https:\/\/secure.gravatar.com\/avatar\/1db852625ef4948f58d2739bfbc51e4b9bd5c93b8fa340b59fdb594ca0845645?s=96&d=mm&r=g","contentUrl":"https:\/\/secure.gravatar.com\/avatar\/1db852625ef4948f58d2739bfbc51e4b9bd5c93b8fa340b59fdb594ca0845645?s=96&d=mm&r=g","caption":"Super User"},"url":"https:\/\/ppdegalicia.com\/es\/author\/ppdegaliciagestion\/"}]}},"_links":{"self":[{"href":"https:\/\/ppdegalicia.com\/es\/wp-json\/wp\/v2\/posts\/51802","targetHints":{"allow":["GET"]}}],"collection":[{"href":"https:\/\/ppdegalicia.com\/es\/wp-json\/wp\/v2\/posts"}],"about":[{"href":"https:\/\/ppdegalicia.com\/es\/wp-json\/wp\/v2\/types\/post"}],"author":[{"embeddable":true,"href":"https:\/\/ppdegalicia.com\/es\/wp-json\/wp\/v2\/users\/37"}],"replies":[{"embeddable":true,"href":"https:\/\/ppdegalicia.com\/es\/wp-json\/wp\/v2\/comments?post=51802"}],"version-history":[{"count":0,"href":"https:\/\/ppdegalicia.com\/es\/wp-json\/wp\/v2\/posts\/51802\/revisions"}],"wp:attachment":[{"href":"https:\/\/ppdegalicia.com\/es\/wp-json\/wp\/v2\/media?parent=51802"}],"wp:term":[{"taxonomy":"category","embeddable":true,"href":"https:\/\/ppdegalicia.com\/es\/wp-json\/wp\/v2\/categories?post=51802"},{"taxonomy":"post_tag","embeddable":true,"href":"https:\/\/ppdegalicia.com\/es\/wp-json\/wp\/v2\/tags?post=51802"}],"curies":[{"name":"wp","href":"https:\/\/api.w.org\/{rel}","templated":true}]}}