{"id":51823,"date":"2016-03-31T19:10:37","date_gmt":"2016-03-31T17:10:37","guid":{"rendered":"https:\/\/ppdegalicia.com\/feijoo-anuncia-licitacion-do-proxecto-basico-e-de-execucion-da-intermodal-da-coruna\/"},"modified":"2016-03-31T19:10:37","modified_gmt":"2016-03-31T17:10:37","slug":"feijoo-anuncia-licitacion-do-proxecto-basico-e-de-execucion-da-intermodal-da-coruna","status":"publish","type":"post","link":"https:\/\/ppdegalicia.com\/es\/feijoo-anuncia-licitacion-do-proxecto-basico-e-de-execucion-da-intermodal-da-coruna\/","title":{"rendered":"Feij\u00f3o anuncia licitaci\u00f3n do proxecto b\u00e1sico e de execuci\u00f3n da intermodal da Coru\u00f1a"},"content":{"rendered":"<div style=\"text-align: justify;\"><strong>Santiago, 31 de marzo de 2016.-<\/strong> O presidente do PPdeG, Alberto N&uacute;&ntilde;ez Feij&oacute;o, avanzou a licitaci&oacute;n do proxecto b&aacute;sico e de execuci&oacute;n da nova estaci&oacute;n intermodal da Coru&ntilde;a, que ter&aacute; &ldquo;un per&iacute;odo de entrega de doce meses&rdquo;. Este contrato ter&aacute; un importe de 600.000 euros, que ser&aacute; aboado integramente polo Goberno auton&oacute;mico, &ldquo;a&iacute;nda que as actuaci&oacute;ns van ser cofinanciadas polo Concello&rdquo;.<\/div>\n<div style=\"text-align: justify;\">&nbsp;<\/div>\n<div style=\"text-align: justify;\">Tr&aacute;tase da cuarta intermodal que a Xunta est&aacute; a fomentar en Galicia, dentro do esforzo por &ldquo;facer que os autobuses e os trens cheguen ao mesmo sitio e desde al&iacute; parta o transporte p&uacute;blico &aacute;s principais arterias da comunidade aut&oacute;noma&rdquo;, segundo dixo Feij&oacute;o. O proxecto construtivo da estaci&oacute;n intermodal de Vigo xa est&aacute; a ser redactado, mentres que nos casos de Ourense e Santiago este acaba de licitarse. Tal e como recordou o presidente, a Xunta ten consignados 34,4 mill&oacute;ns de euros, en parte procedentes de fondos europeos, para o fomento da intermodalidade.<\/div>\n<div style=\"text-align: justify;\">&nbsp;<\/div>\n<div style=\"text-align: justify;\">A nova estaci&oacute;n intermodal da Coru&ntilde;a vaise situar onde est&aacute; agora mesmo a estaci&oacute;n do tren de San Crist&oacute;bal e elevarase en altura ata a cota da avenida da Sardi&ntilde;eira. O edificio ter&aacute; tres plantas: na baixa estar&aacute;n os aparcadoiros e a plataforma ferroviaria; na primeira, trinta d&aacute;rsenas para autobuses interurbanos e, &aacute; altura da devandita avenida, unha praza p&uacute;blica e cinco d&aacute;rsenas para autobuses metropolitanos e 1.000 metros cadrados que se reservan para servizos varios.<\/div>\n<div style=\"text-align: justify;\"><strong>&nbsp;<\/strong><\/div>\n<div style=\"text-align: justify;\"><strong>Proxecto a tres bandas<\/strong><\/div>\n<div style=\"text-align: justify;\">&ldquo;Calculamos que a execuci&oacute;n do edificio ter&aacute; un custo de entre 17 e 18 mill&oacute;ns de euros &mdash;explicou o presidente&mdash;, dos cales a Xunta de Galicia pon 10 mill&oacute;ns e o Concello da Coru&ntilde;a os outros 7 ou 8, destinados a urbanizar a praza e facer os aparcadoiros&rdquo;. A esta cifra haber&iacute;a que sumar o custo dos accesos, que corresponde executar ao Concello.<\/div>\n<div style=\"text-align: justify;\">&nbsp;<\/div>\n<div style=\"text-align: justify;\">Por &uacute;ltimo, a ADIF corresponder&iacute;alle redactar os proxectos das obras da estaci&oacute;n ferroviaria, executalas e financialas, as&iacute; como ceder os terreos necesarios para que se execute a nova estaci&oacute;n. &ldquo;Deste xeito, finalizamos a licitaci&oacute;n dos proxectos construtivos de todas as estaci&oacute;ns intermodais&rdquo;, conclu&iacute;u Feij&oacute;o.<\/div>\n<div class=\"k2_video\">[iframe width=\u00bb600&#8243; height=\u00bb350&#8243; src=\u00bbhttps:\/\/www.youtube.com\/embed\/aYZAGTOW56Q\u00bb frameborder=\u00bb0&#8243; allowfullscreen ]<\/div>\n","protected":false},"excerpt":{"rendered":"<p>Santiago, 31 de marzo de 2016.- O presidente do PPdeG, Alberto N&uacute;&ntilde;ez Feij&oacute;o, avanzou a licitaci&oacute;n do proxecto b&aacute;sico e de execuci&oacute;n da nova estaci&oacute;n intermodal da Coru&ntilde;a, que ter&aacute; &ldquo;un per&iacute;odo de entrega de doce meses&rdquo;. Este contrato ter&aacute; un importe de 600.000 euros, que ser&aacute; aboado integramente polo Goberno auton&oacute;mico, &ldquo;a&iacute;nda que as [&hellip;]<\/p>\n","protected":false},"author":37,"featured_media":0,"comment_status":"open","ping_status":"open","sticky":false,"template":"","format":"standard","meta":{"_acf_changed":false,"footnotes":""},"categories":[1],"tags":[],"class_list":["post-51823","post","type-post","status-publish","format-standard","hentry","category-pp-de-galicia"],"acf":[],"yoast_head":"<!-- This site is optimized with the Yoast SEO plugin v27.3 - https:\/\/yoast.com\/product\/yoast-seo-wordpress\/ -->\n<title>Feij\u00f3o anuncia licitaci\u00f3n do proxecto b\u00e1sico e de execuci\u00f3n da intermodal da Coru\u00f1a - PP de Galicia<\/title>\n<meta name=\"robots\" content=\"index, follow, max-snippet:-1, max-image-preview:large, max-video-preview:-1\" \/>\n<link rel=\"canonical\" href=\"https:\/\/ppdegalicia.com\/es\/feijoo-anuncia-licitacion-do-proxecto-basico-e-de-execucion-da-intermodal-da-coruna\/\" \/>\n<meta property=\"og:locale\" content=\"es_ES\" \/>\n<meta property=\"og:type\" content=\"article\" \/>\n<meta property=\"og:title\" content=\"Feij\u00f3o anuncia licitaci\u00f3n do proxecto b\u00e1sico e de execuci\u00f3n da intermodal da Coru\u00f1a - PP de Galicia\" \/>\n<meta property=\"og:description\" content=\"Santiago, 31 de marzo de 2016.- O presidente do PPdeG, Alberto N&uacute;&ntilde;ez Feij&oacute;o, avanzou a licitaci&oacute;n do proxecto b&aacute;sico e de execuci&oacute;n da nova estaci&oacute;n intermodal da Coru&ntilde;a, que ter&aacute; &ldquo;un per&iacute;odo de entrega de doce meses&rdquo;. Este contrato ter&aacute; un importe de 600.000 euros, que ser&aacute; aboado integramente polo Goberno auton&oacute;mico, &ldquo;a&iacute;nda que as [&hellip;]\" \/>\n<meta property=\"og:url\" content=\"https:\/\/ppdegalicia.com\/es\/feijoo-anuncia-licitacion-do-proxecto-basico-e-de-execucion-da-intermodal-da-coruna\/\" \/>\n<meta property=\"og:site_name\" content=\"PP de Galicia\" \/>\n<meta property=\"article:publisher\" content=\"https:\/\/www.instagram.com\/ppdegalicia\/\" \/>\n<meta property=\"article:published_time\" content=\"2016-03-31T17:10:37+00:00\" \/>\n<meta name=\"author\" content=\"Super User\" \/>\n<meta name=\"twitter:card\" content=\"summary_large_image\" \/>\n<meta name=\"twitter:creator\" content=\"@ppdegalicia\" \/>\n<meta name=\"twitter:site\" content=\"@ppdegalicia\" \/>\n<meta name=\"twitter:label1\" content=\"Escrito por\" \/>\n\t<meta name=\"twitter:data1\" content=\"Super User\" \/>\n\t<meta name=\"twitter:label2\" content=\"Tiempo de lectura\" \/>\n\t<meta name=\"twitter:data2\" content=\"2 minutos\" \/>\n<script type=\"application\/ld+json\" class=\"yoast-schema-graph\">{\"@context\":\"https:\\\/\\\/schema.org\",\"@graph\":[{\"@type\":\"Article\",\"@id\":\"https:\\\/\\\/ppdegalicia.com\\\/es\\\/feijoo-anuncia-licitacion-do-proxecto-basico-e-de-execucion-da-intermodal-da-coruna\\\/#article\",\"isPartOf\":{\"@id\":\"https:\\\/\\\/ppdegalicia.com\\\/es\\\/feijoo-anuncia-licitacion-do-proxecto-basico-e-de-execucion-da-intermodal-da-coruna\\\/\"},\"author\":{\"name\":\"Super User\",\"@id\":\"https:\\\/\\\/ppdegalicia.com\\\/es\\\/#\\\/schema\\\/person\\\/d0f013b8388c980665d44009ab762960\"},\"headline\":\"Feij\u00f3o anuncia licitaci\u00f3n do proxecto b\u00e1sico e de execuci\u00f3n da intermodal da Coru\u00f1a\",\"datePublished\":\"2016-03-31T17:10:37+00:00\",\"mainEntityOfPage\":{\"@id\":\"https:\\\/\\\/ppdegalicia.com\\\/es\\\/feijoo-anuncia-licitacion-do-proxecto-basico-e-de-execucion-da-intermodal-da-coruna\\\/\"},\"wordCount\":468,\"commentCount\":0,\"publisher\":{\"@id\":\"https:\\\/\\\/ppdegalicia.com\\\/es\\\/#organization\"},\"articleSection\":[\"PP de Galicia\"],\"inLanguage\":\"es\",\"potentialAction\":[{\"@type\":\"CommentAction\",\"name\":\"Comment\",\"target\":[\"https:\\\/\\\/ppdegalicia.com\\\/es\\\/feijoo-anuncia-licitacion-do-proxecto-basico-e-de-execucion-da-intermodal-da-coruna\\\/#respond\"]}]},{\"@type\":\"WebPage\",\"@id\":\"https:\\\/\\\/ppdegalicia.com\\\/es\\\/feijoo-anuncia-licitacion-do-proxecto-basico-e-de-execucion-da-intermodal-da-coruna\\\/\",\"url\":\"https:\\\/\\\/ppdegalicia.com\\\/es\\\/feijoo-anuncia-licitacion-do-proxecto-basico-e-de-execucion-da-intermodal-da-coruna\\\/\",\"name\":\"Feij\u00f3o anuncia licitaci\u00f3n do proxecto b\u00e1sico e de execuci\u00f3n da intermodal da Coru\u00f1a - PP de Galicia\",\"isPartOf\":{\"@id\":\"https:\\\/\\\/ppdegalicia.com\\\/es\\\/#website\"},\"datePublished\":\"2016-03-31T17:10:37+00:00\",\"breadcrumb\":{\"@id\":\"https:\\\/\\\/ppdegalicia.com\\\/es\\\/feijoo-anuncia-licitacion-do-proxecto-basico-e-de-execucion-da-intermodal-da-coruna\\\/#breadcrumb\"},\"inLanguage\":\"es\",\"potentialAction\":[{\"@type\":\"ReadAction\",\"target\":[\"https:\\\/\\\/ppdegalicia.com\\\/es\\\/feijoo-anuncia-licitacion-do-proxecto-basico-e-de-execucion-da-intermodal-da-coruna\\\/\"]}]},{\"@type\":\"BreadcrumbList\",\"@id\":\"https:\\\/\\\/ppdegalicia.com\\\/es\\\/feijoo-anuncia-licitacion-do-proxecto-basico-e-de-execucion-da-intermodal-da-coruna\\\/#breadcrumb\",\"itemListElement\":[{\"@type\":\"ListItem\",\"position\":1,\"name\":\"Portada\",\"item\":\"https:\\\/\\\/ppdegalicia.com\\\/es\\\/\"},{\"@type\":\"ListItem\",\"position\":2,\"name\":\"Feij\u00f3o anuncia licitaci\u00f3n do proxecto b\u00e1sico e de execuci\u00f3n da intermodal da Coru\u00f1a\"}]},{\"@type\":\"WebSite\",\"@id\":\"https:\\\/\\\/ppdegalicia.com\\\/es\\\/#website\",\"url\":\"https:\\\/\\\/ppdegalicia.com\\\/es\\\/\",\"name\":\"Partido Popular de Galicia\",\"description\":\"Partido Popular de Galicia\",\"publisher\":{\"@id\":\"https:\\\/\\\/ppdegalicia.com\\\/es\\\/#organization\"},\"alternateName\":\"PP de Galicia\",\"potentialAction\":[{\"@type\":\"SearchAction\",\"target\":{\"@type\":\"EntryPoint\",\"urlTemplate\":\"https:\\\/\\\/ppdegalicia.com\\\/es\\\/?s={search_term_string}\"},\"query-input\":{\"@type\":\"PropertyValueSpecification\",\"valueRequired\":true,\"valueName\":\"search_term_string\"}}],\"inLanguage\":\"es\"},{\"@type\":\"Organization\",\"@id\":\"https:\\\/\\\/ppdegalicia.com\\\/es\\\/#organization\",\"name\":\"Partido Popular de Galicia\",\"alternateName\":\"PP de Galicia\",\"url\":\"https:\\\/\\\/ppdegalicia.com\\\/es\\\/\",\"logo\":{\"@type\":\"ImageObject\",\"inLanguage\":\"es\",\"@id\":\"https:\\\/\\\/ppdegalicia.com\\\/es\\\/#\\\/schema\\\/logo\\\/image\\\/\",\"url\":\"https:\\\/\\\/ppdegalicia.com\\\/wp-content\\\/uploads\\\/2023\\\/04\\\/logoPP512.png\",\"contentUrl\":\"https:\\\/\\\/ppdegalicia.com\\\/wp-content\\\/uploads\\\/2023\\\/04\\\/logoPP512.png\",\"width\":512,\"height\":512,\"caption\":\"Partido Popular de Galicia\"},\"image\":{\"@id\":\"https:\\\/\\\/ppdegalicia.com\\\/es\\\/#\\\/schema\\\/logo\\\/image\\\/\"},\"sameAs\":[\"https:\\\/\\\/www.instagram.com\\\/ppdegalicia\\\/\",\"https:\\\/\\\/x.com\\\/ppdegalicia\",\"https:\\\/\\\/www.tiktok.com\\\/@ppdegalicia\",\"https:\\\/\\\/www.youtube.com\\\/user\\\/ppdegalicia\"]},{\"@type\":\"Person\",\"@id\":\"https:\\\/\\\/ppdegalicia.com\\\/es\\\/#\\\/schema\\\/person\\\/d0f013b8388c980665d44009ab762960\",\"name\":\"Super User\",\"image\":{\"@type\":\"ImageObject\",\"inLanguage\":\"es\",\"@id\":\"https:\\\/\\\/secure.gravatar.com\\\/avatar\\\/1db852625ef4948f58d2739bfbc51e4b9bd5c93b8fa340b59fdb594ca0845645?s=96&d=mm&r=g\",\"url\":\"https:\\\/\\\/secure.gravatar.com\\\/avatar\\\/1db852625ef4948f58d2739bfbc51e4b9bd5c93b8fa340b59fdb594ca0845645?s=96&d=mm&r=g\",\"contentUrl\":\"https:\\\/\\\/secure.gravatar.com\\\/avatar\\\/1db852625ef4948f58d2739bfbc51e4b9bd5c93b8fa340b59fdb594ca0845645?s=96&d=mm&r=g\",\"caption\":\"Super User\"},\"url\":\"https:\\\/\\\/ppdegalicia.com\\\/es\\\/author\\\/ppdegaliciagestion\\\/\"}]}<\/script>\n<!-- \/ Yoast SEO plugin. -->","yoast_head_json":{"title":"Feij\u00f3o anuncia licitaci\u00f3n do proxecto b\u00e1sico e de execuci\u00f3n da intermodal da Coru\u00f1a - PP de Galicia","robots":{"index":"index","follow":"follow","max-snippet":"max-snippet:-1","max-image-preview":"max-image-preview:large","max-video-preview":"max-video-preview:-1"},"canonical":"https:\/\/ppdegalicia.com\/es\/feijoo-anuncia-licitacion-do-proxecto-basico-e-de-execucion-da-intermodal-da-coruna\/","og_locale":"es_ES","og_type":"article","og_title":"Feij\u00f3o anuncia licitaci\u00f3n do proxecto b\u00e1sico e de execuci\u00f3n da intermodal da Coru\u00f1a - PP de Galicia","og_description":"Santiago, 31 de marzo de 2016.- O presidente do PPdeG, Alberto N&uacute;&ntilde;ez Feij&oacute;o, avanzou a licitaci&oacute;n do proxecto b&aacute;sico e de execuci&oacute;n da nova estaci&oacute;n intermodal da Coru&ntilde;a, que ter&aacute; &ldquo;un per&iacute;odo de entrega de doce meses&rdquo;. Este contrato ter&aacute; un importe de 600.000 euros, que ser&aacute; aboado integramente polo Goberno auton&oacute;mico, &ldquo;a&iacute;nda que as [&hellip;]","og_url":"https:\/\/ppdegalicia.com\/es\/feijoo-anuncia-licitacion-do-proxecto-basico-e-de-execucion-da-intermodal-da-coruna\/","og_site_name":"PP de Galicia","article_publisher":"https:\/\/www.instagram.com\/ppdegalicia\/","article_published_time":"2016-03-31T17:10:37+00:00","author":"Super User","twitter_card":"summary_large_image","twitter_creator":"@ppdegalicia","twitter_site":"@ppdegalicia","twitter_misc":{"Escrito por":"Super User","Tiempo de lectura":"2 minutos"},"schema":{"@context":"https:\/\/schema.org","@graph":[{"@type":"Article","@id":"https:\/\/ppdegalicia.com\/es\/feijoo-anuncia-licitacion-do-proxecto-basico-e-de-execucion-da-intermodal-da-coruna\/#article","isPartOf":{"@id":"https:\/\/ppdegalicia.com\/es\/feijoo-anuncia-licitacion-do-proxecto-basico-e-de-execucion-da-intermodal-da-coruna\/"},"author":{"name":"Super User","@id":"https:\/\/ppdegalicia.com\/es\/#\/schema\/person\/d0f013b8388c980665d44009ab762960"},"headline":"Feij\u00f3o anuncia licitaci\u00f3n do proxecto b\u00e1sico e de execuci\u00f3n da intermodal da Coru\u00f1a","datePublished":"2016-03-31T17:10:37+00:00","mainEntityOfPage":{"@id":"https:\/\/ppdegalicia.com\/es\/feijoo-anuncia-licitacion-do-proxecto-basico-e-de-execucion-da-intermodal-da-coruna\/"},"wordCount":468,"commentCount":0,"publisher":{"@id":"https:\/\/ppdegalicia.com\/es\/#organization"},"articleSection":["PP de Galicia"],"inLanguage":"es","potentialAction":[{"@type":"CommentAction","name":"Comment","target":["https:\/\/ppdegalicia.com\/es\/feijoo-anuncia-licitacion-do-proxecto-basico-e-de-execucion-da-intermodal-da-coruna\/#respond"]}]},{"@type":"WebPage","@id":"https:\/\/ppdegalicia.com\/es\/feijoo-anuncia-licitacion-do-proxecto-basico-e-de-execucion-da-intermodal-da-coruna\/","url":"https:\/\/ppdegalicia.com\/es\/feijoo-anuncia-licitacion-do-proxecto-basico-e-de-execucion-da-intermodal-da-coruna\/","name":"Feij\u00f3o anuncia licitaci\u00f3n do proxecto b\u00e1sico e de execuci\u00f3n da intermodal da Coru\u00f1a - PP de Galicia","isPartOf":{"@id":"https:\/\/ppdegalicia.com\/es\/#website"},"datePublished":"2016-03-31T17:10:37+00:00","breadcrumb":{"@id":"https:\/\/ppdegalicia.com\/es\/feijoo-anuncia-licitacion-do-proxecto-basico-e-de-execucion-da-intermodal-da-coruna\/#breadcrumb"},"inLanguage":"es","potentialAction":[{"@type":"ReadAction","target":["https:\/\/ppdegalicia.com\/es\/feijoo-anuncia-licitacion-do-proxecto-basico-e-de-execucion-da-intermodal-da-coruna\/"]}]},{"@type":"BreadcrumbList","@id":"https:\/\/ppdegalicia.com\/es\/feijoo-anuncia-licitacion-do-proxecto-basico-e-de-execucion-da-intermodal-da-coruna\/#breadcrumb","itemListElement":[{"@type":"ListItem","position":1,"name":"Portada","item":"https:\/\/ppdegalicia.com\/es\/"},{"@type":"ListItem","position":2,"name":"Feij\u00f3o anuncia licitaci\u00f3n do proxecto b\u00e1sico e de execuci\u00f3n da intermodal da Coru\u00f1a"}]},{"@type":"WebSite","@id":"https:\/\/ppdegalicia.com\/es\/#website","url":"https:\/\/ppdegalicia.com\/es\/","name":"Partido Popular de Galicia","description":"Partido Popular de Galicia","publisher":{"@id":"https:\/\/ppdegalicia.com\/es\/#organization"},"alternateName":"PP de Galicia","potentialAction":[{"@type":"SearchAction","target":{"@type":"EntryPoint","urlTemplate":"https:\/\/ppdegalicia.com\/es\/?s={search_term_string}"},"query-input":{"@type":"PropertyValueSpecification","valueRequired":true,"valueName":"search_term_string"}}],"inLanguage":"es"},{"@type":"Organization","@id":"https:\/\/ppdegalicia.com\/es\/#organization","name":"Partido Popular de Galicia","alternateName":"PP de Galicia","url":"https:\/\/ppdegalicia.com\/es\/","logo":{"@type":"ImageObject","inLanguage":"es","@id":"https:\/\/ppdegalicia.com\/es\/#\/schema\/logo\/image\/","url":"https:\/\/ppdegalicia.com\/wp-content\/uploads\/2023\/04\/logoPP512.png","contentUrl":"https:\/\/ppdegalicia.com\/wp-content\/uploads\/2023\/04\/logoPP512.png","width":512,"height":512,"caption":"Partido Popular de Galicia"},"image":{"@id":"https:\/\/ppdegalicia.com\/es\/#\/schema\/logo\/image\/"},"sameAs":["https:\/\/www.instagram.com\/ppdegalicia\/","https:\/\/x.com\/ppdegalicia","https:\/\/www.tiktok.com\/@ppdegalicia","https:\/\/www.youtube.com\/user\/ppdegalicia"]},{"@type":"Person","@id":"https:\/\/ppdegalicia.com\/es\/#\/schema\/person\/d0f013b8388c980665d44009ab762960","name":"Super User","image":{"@type":"ImageObject","inLanguage":"es","@id":"https:\/\/secure.gravatar.com\/avatar\/1db852625ef4948f58d2739bfbc51e4b9bd5c93b8fa340b59fdb594ca0845645?s=96&d=mm&r=g","url":"https:\/\/secure.gravatar.com\/avatar\/1db852625ef4948f58d2739bfbc51e4b9bd5c93b8fa340b59fdb594ca0845645?s=96&d=mm&r=g","contentUrl":"https:\/\/secure.gravatar.com\/avatar\/1db852625ef4948f58d2739bfbc51e4b9bd5c93b8fa340b59fdb594ca0845645?s=96&d=mm&r=g","caption":"Super User"},"url":"https:\/\/ppdegalicia.com\/es\/author\/ppdegaliciagestion\/"}]}},"_links":{"self":[{"href":"https:\/\/ppdegalicia.com\/es\/wp-json\/wp\/v2\/posts\/51823","targetHints":{"allow":["GET"]}}],"collection":[{"href":"https:\/\/ppdegalicia.com\/es\/wp-json\/wp\/v2\/posts"}],"about":[{"href":"https:\/\/ppdegalicia.com\/es\/wp-json\/wp\/v2\/types\/post"}],"author":[{"embeddable":true,"href":"https:\/\/ppdegalicia.com\/es\/wp-json\/wp\/v2\/users\/37"}],"replies":[{"embeddable":true,"href":"https:\/\/ppdegalicia.com\/es\/wp-json\/wp\/v2\/comments?post=51823"}],"version-history":[{"count":0,"href":"https:\/\/ppdegalicia.com\/es\/wp-json\/wp\/v2\/posts\/51823\/revisions"}],"wp:attachment":[{"href":"https:\/\/ppdegalicia.com\/es\/wp-json\/wp\/v2\/media?parent=51823"}],"wp:term":[{"taxonomy":"category","embeddable":true,"href":"https:\/\/ppdegalicia.com\/es\/wp-json\/wp\/v2\/categories?post=51823"},{"taxonomy":"post_tag","embeddable":true,"href":"https:\/\/ppdegalicia.com\/es\/wp-json\/wp\/v2\/tags?post=51823"}],"curies":[{"name":"wp","href":"https:\/\/api.w.org\/{rel}","templated":true}]}}