{"id":51825,"date":"2016-04-01T14:22:31","date_gmt":"2016-04-01T12:22:31","guid":{"rendered":"https:\/\/ppdegalicia.com\/a-xunta-directiva-aprobara-data-prazos-e-manifestos-do-xvi-congreso-autonomico\/"},"modified":"2016-04-01T14:22:31","modified_gmt":"2016-04-01T12:22:31","slug":"a-xunta-directiva-aprobara-data-prazos-e-manifestos-do-xvi-congreso-autonomico","status":"publish","type":"post","link":"https:\/\/ppdegalicia.com\/es\/a-xunta-directiva-aprobara-data-prazos-e-manifestos-do-xvi-congreso-autonomico\/","title":{"rendered":"A Xunta directiva aprobar\u00e1 data, prazos e manifestos do XVI Congreso auton\u00f3mico"},"content":{"rendered":"<div style=\"text-align: justify;\"><b>Santiago de Compostela, 1 de abril de 2016.- <\/b>O voceiro dos populares galegos, Miguel Tellado, avanzou que a Xunta directiva do PPdeG aprobar\u00e1 ma\u00f1\u00e1 a data, os prazos, e os manifestos do XVI Congreso auton\u00f3mico do partido.<\/div>\n<div style=\"text-align: justify;\"><\/div>\n<div style=\"text-align: justify;\">O portavoz explicou que as datas que propor\u00e1 a actual direcci\u00f3n dos populares galegos para a celebraci\u00f3n do conclave \u2013e que posteriormente ter\u00e1 que ratificar a Xunta directiva- ser\u00e1 o fin de semana do 7 e 8 de maio na cidade de Ourense.<\/div>\n<div style=\"text-align: justify;\"><\/div>\n<div style=\"text-align: justify;\">As\u00ed mesmo, a idea dos populares \u00e9 elaborar dous manifestos titulados \u201cA Galicia de hoxe: o cami\u00f1o percorrido\u201d e \u201cA Galicia de ma\u00f1\u00e1: o cami\u00f1o por percorrer\u201d. Segundo apuntou o voceiro, o primeiro deles ter\u00eda como ponentes a \u00c1ngeles V\u00e1zquez, Mari Teijeiro, Cristina Romero, Nidia Ar\u00e9valo e Pedro Rojo; mentres o segundo ter\u00eda como ponentes a Mar\u00eda Ramallo, Edelmira Barreira, Teresa Egerique, Juan de Dios Ruano e Antonio Basanta.<\/div>\n<div style=\"text-align: justify;\"><\/div>\n<div style=\"text-align: justify;\">Ademais, estes dous documentos ir\u00edan acompa\u00f1ados doutro informe presentado polo secretario xeral, Alfonso Rueda, que ter\u00e1 por t\u00edtulo \u201cO partido de hoxe, o partido de ma\u00f1\u00e1\u201d.<\/div>\n<div style=\"text-align: justify;\"><\/div>\n<div style=\"text-align: justify;\">\u201cTr\u00e1tase de que o Congreso serva non s\u00f3 para elixir un novo equipo de direcci\u00f3n, sen\u00f3n para renovar ideas e pasar revista \u00e1 nosa xesti\u00f3n na Xunta dende que os galegos nos deron a s\u00faa confianza no 2009\u201d, engadiu Tellado ao tempo que afirmaba que, desta maneira, explicar\u00e1n como xestionaron ese caudal de confianza recibida e como trasladaron tam\u00e9n o apoio da s\u00faa militancia \u00e1 xesti\u00f3n do d\u00eda a d\u00eda da Xunta.<\/div>\n<div style=\"text-align: justify;\"><\/div>\n<div style=\"text-align: justify;\">Para o portavoz, o Congreso auton\u00f3mico permitir\u00e1 culminar un proceso de renovaci\u00f3n que comezaba fai sete meses coa aprobaci\u00f3n da ponencia pol\u00edtica do partido e que continuaron no \u00faltimo mes cos catro congresos provinciais nos que hab\u00eda un grado de renovaci\u00f3n do 75%.<\/div>\n<div style=\"text-align: justify;\"><\/div>\n<div style=\"text-align: justify;\">\u201cO congreso auton\u00f3mico tam\u00e9n nos ten que permitir fixar o eixo de actuaci\u00f3n para que a nova direcci\u00f3n do partido te\u00f1a como referente durante os pr\u00f3ximos anos cal ten que ser o cami\u00f1o a seguir para que o PPdeG siga sendo o primeiro partido de Galicia, sin\u00f3nimo de estabilidade e de bo Goberno e para manter a confianza dos galegos e seguir \u00e1 fronte da Xunta\u201d, aseguraba Tellado.<\/div>\n<div style=\"text-align: justify;\"><\/div>\n<div style=\"text-align: justify;\">O portavoz incidiu en que ser\u00e1 ma\u00f1\u00e1 cando a xunta directiva aprobe o calendario de datas, as\u00ed como os prazos de presentaci\u00f3n de candidaturas que, segundo a proposta da direcci\u00f3n e co obxectivo de favorecer a participaci\u00f3n, requirir\u00e1 na fase inicial de 90 firmas das 101.000 sinaturas posibles dos afiliados.&nbsp;<\/div>\n<div style=\"text-align: justify;\"><\/div>\n<div style=\"text-align: justify;\">Xa unha vez que a Xunta directiva se posicione e adopte as decisi\u00f3ns pertinentes, os populares dar\u00e1n a co\u00f1ecer de forma pormenorizada o calendario e regulamento do seu XVI Congreso auton\u00f3mico que, segundo Tellado, asumen con ilusi\u00f3n convencidos de que a renovaci\u00f3n permanente \u00e9 o que ten permitido ao partido sintonizar de forma continuada coa maior\u00eda dos galegos.<\/div>\n<div><\/div>\n","protected":false},"excerpt":{"rendered":"<p>Santiago de Compostela, 1 de abril de 2016.- O voceiro dos populares galegos, Miguel Tellado, avanzou que a Xunta directiva do PPdeG aprobar\u00e1 ma\u00f1\u00e1 a data, os prazos, e os manifestos do XVI Congreso auton\u00f3mico do partido. O portavoz explicou que as datas que propor\u00e1 a actual direcci\u00f3n dos populares galegos para a celebraci\u00f3n do [&hellip;]<\/p>\n","protected":false},"author":37,"featured_media":0,"comment_status":"open","ping_status":"open","sticky":false,"template":"","format":"standard","meta":{"_acf_changed":false,"footnotes":""},"categories":[1],"tags":[],"class_list":["post-51825","post","type-post","status-publish","format-standard","hentry","category-pp-de-galicia"],"acf":[],"yoast_head":"<!-- This site is optimized with the Yoast SEO plugin v27.3 - https:\/\/yoast.com\/product\/yoast-seo-wordpress\/ -->\n<title>A Xunta directiva aprobar\u00e1 data, prazos e manifestos do XVI Congreso auton\u00f3mico - PP de Galicia<\/title>\n<meta name=\"robots\" content=\"index, follow, max-snippet:-1, max-image-preview:large, max-video-preview:-1\" \/>\n<link rel=\"canonical\" href=\"https:\/\/ppdegalicia.com\/es\/a-xunta-directiva-aprobara-data-prazos-e-manifestos-do-xvi-congreso-autonomico\/\" \/>\n<meta property=\"og:locale\" content=\"es_ES\" \/>\n<meta property=\"og:type\" content=\"article\" \/>\n<meta property=\"og:title\" content=\"A Xunta directiva aprobar\u00e1 data, prazos e manifestos do XVI Congreso auton\u00f3mico - PP de Galicia\" \/>\n<meta property=\"og:description\" content=\"Santiago de Compostela, 1 de abril de 2016.- O voceiro dos populares galegos, Miguel Tellado, avanzou que a Xunta directiva do PPdeG aprobar\u00e1 ma\u00f1\u00e1 a data, os prazos, e os manifestos do XVI Congreso auton\u00f3mico do partido. O portavoz explicou que as datas que propor\u00e1 a actual direcci\u00f3n dos populares galegos para a celebraci\u00f3n do [&hellip;]\" \/>\n<meta property=\"og:url\" content=\"https:\/\/ppdegalicia.com\/es\/a-xunta-directiva-aprobara-data-prazos-e-manifestos-do-xvi-congreso-autonomico\/\" \/>\n<meta property=\"og:site_name\" content=\"PP de Galicia\" \/>\n<meta property=\"article:publisher\" content=\"https:\/\/www.instagram.com\/ppdegalicia\/\" \/>\n<meta property=\"article:published_time\" content=\"2016-04-01T12:22:31+00:00\" \/>\n<meta name=\"author\" content=\"Super User\" \/>\n<meta name=\"twitter:card\" content=\"summary_large_image\" \/>\n<meta name=\"twitter:creator\" content=\"@ppdegalicia\" \/>\n<meta name=\"twitter:site\" content=\"@ppdegalicia\" \/>\n<meta name=\"twitter:label1\" content=\"Escrito por\" \/>\n\t<meta name=\"twitter:data1\" content=\"Super User\" \/>\n\t<meta name=\"twitter:label2\" content=\"Tiempo de lectura\" \/>\n\t<meta name=\"twitter:data2\" content=\"3 minutos\" \/>\n<script type=\"application\/ld+json\" class=\"yoast-schema-graph\">{\"@context\":\"https:\\\/\\\/schema.org\",\"@graph\":[{\"@type\":\"Article\",\"@id\":\"https:\\\/\\\/ppdegalicia.com\\\/es\\\/a-xunta-directiva-aprobara-data-prazos-e-manifestos-do-xvi-congreso-autonomico\\\/#article\",\"isPartOf\":{\"@id\":\"https:\\\/\\\/ppdegalicia.com\\\/es\\\/a-xunta-directiva-aprobara-data-prazos-e-manifestos-do-xvi-congreso-autonomico\\\/\"},\"author\":{\"name\":\"Super User\",\"@id\":\"https:\\\/\\\/ppdegalicia.com\\\/es\\\/#\\\/schema\\\/person\\\/d0f013b8388c980665d44009ab762960\"},\"headline\":\"A Xunta directiva aprobar\u00e1 data, prazos e manifestos do XVI Congreso auton\u00f3mico\",\"datePublished\":\"2016-04-01T12:22:31+00:00\",\"mainEntityOfPage\":{\"@id\":\"https:\\\/\\\/ppdegalicia.com\\\/es\\\/a-xunta-directiva-aprobara-data-prazos-e-manifestos-do-xvi-congreso-autonomico\\\/\"},\"wordCount\":516,\"commentCount\":0,\"publisher\":{\"@id\":\"https:\\\/\\\/ppdegalicia.com\\\/es\\\/#organization\"},\"articleSection\":[\"PP de Galicia\"],\"inLanguage\":\"es\",\"potentialAction\":[{\"@type\":\"CommentAction\",\"name\":\"Comment\",\"target\":[\"https:\\\/\\\/ppdegalicia.com\\\/es\\\/a-xunta-directiva-aprobara-data-prazos-e-manifestos-do-xvi-congreso-autonomico\\\/#respond\"]}]},{\"@type\":\"WebPage\",\"@id\":\"https:\\\/\\\/ppdegalicia.com\\\/es\\\/a-xunta-directiva-aprobara-data-prazos-e-manifestos-do-xvi-congreso-autonomico\\\/\",\"url\":\"https:\\\/\\\/ppdegalicia.com\\\/es\\\/a-xunta-directiva-aprobara-data-prazos-e-manifestos-do-xvi-congreso-autonomico\\\/\",\"name\":\"A Xunta directiva aprobar\u00e1 data, prazos e manifestos do XVI Congreso auton\u00f3mico - PP de Galicia\",\"isPartOf\":{\"@id\":\"https:\\\/\\\/ppdegalicia.com\\\/es\\\/#website\"},\"datePublished\":\"2016-04-01T12:22:31+00:00\",\"breadcrumb\":{\"@id\":\"https:\\\/\\\/ppdegalicia.com\\\/es\\\/a-xunta-directiva-aprobara-data-prazos-e-manifestos-do-xvi-congreso-autonomico\\\/#breadcrumb\"},\"inLanguage\":\"es\",\"potentialAction\":[{\"@type\":\"ReadAction\",\"target\":[\"https:\\\/\\\/ppdegalicia.com\\\/es\\\/a-xunta-directiva-aprobara-data-prazos-e-manifestos-do-xvi-congreso-autonomico\\\/\"]}]},{\"@type\":\"BreadcrumbList\",\"@id\":\"https:\\\/\\\/ppdegalicia.com\\\/es\\\/a-xunta-directiva-aprobara-data-prazos-e-manifestos-do-xvi-congreso-autonomico\\\/#breadcrumb\",\"itemListElement\":[{\"@type\":\"ListItem\",\"position\":1,\"name\":\"Portada\",\"item\":\"https:\\\/\\\/ppdegalicia.com\\\/es\\\/\"},{\"@type\":\"ListItem\",\"position\":2,\"name\":\"A Xunta directiva aprobar\u00e1 data, prazos e manifestos do XVI Congreso auton\u00f3mico\"}]},{\"@type\":\"WebSite\",\"@id\":\"https:\\\/\\\/ppdegalicia.com\\\/es\\\/#website\",\"url\":\"https:\\\/\\\/ppdegalicia.com\\\/es\\\/\",\"name\":\"Partido Popular de Galicia\",\"description\":\"Partido Popular de Galicia\",\"publisher\":{\"@id\":\"https:\\\/\\\/ppdegalicia.com\\\/es\\\/#organization\"},\"alternateName\":\"PP de Galicia\",\"potentialAction\":[{\"@type\":\"SearchAction\",\"target\":{\"@type\":\"EntryPoint\",\"urlTemplate\":\"https:\\\/\\\/ppdegalicia.com\\\/es\\\/?s={search_term_string}\"},\"query-input\":{\"@type\":\"PropertyValueSpecification\",\"valueRequired\":true,\"valueName\":\"search_term_string\"}}],\"inLanguage\":\"es\"},{\"@type\":\"Organization\",\"@id\":\"https:\\\/\\\/ppdegalicia.com\\\/es\\\/#organization\",\"name\":\"Partido Popular de Galicia\",\"alternateName\":\"PP de Galicia\",\"url\":\"https:\\\/\\\/ppdegalicia.com\\\/es\\\/\",\"logo\":{\"@type\":\"ImageObject\",\"inLanguage\":\"es\",\"@id\":\"https:\\\/\\\/ppdegalicia.com\\\/es\\\/#\\\/schema\\\/logo\\\/image\\\/\",\"url\":\"https:\\\/\\\/ppdegalicia.com\\\/wp-content\\\/uploads\\\/2023\\\/04\\\/logoPP512.png\",\"contentUrl\":\"https:\\\/\\\/ppdegalicia.com\\\/wp-content\\\/uploads\\\/2023\\\/04\\\/logoPP512.png\",\"width\":512,\"height\":512,\"caption\":\"Partido Popular de Galicia\"},\"image\":{\"@id\":\"https:\\\/\\\/ppdegalicia.com\\\/es\\\/#\\\/schema\\\/logo\\\/image\\\/\"},\"sameAs\":[\"https:\\\/\\\/www.instagram.com\\\/ppdegalicia\\\/\",\"https:\\\/\\\/x.com\\\/ppdegalicia\",\"https:\\\/\\\/www.tiktok.com\\\/@ppdegalicia\",\"https:\\\/\\\/www.youtube.com\\\/user\\\/ppdegalicia\"]},{\"@type\":\"Person\",\"@id\":\"https:\\\/\\\/ppdegalicia.com\\\/es\\\/#\\\/schema\\\/person\\\/d0f013b8388c980665d44009ab762960\",\"name\":\"Super User\",\"image\":{\"@type\":\"ImageObject\",\"inLanguage\":\"es\",\"@id\":\"https:\\\/\\\/secure.gravatar.com\\\/avatar\\\/1db852625ef4948f58d2739bfbc51e4b9bd5c93b8fa340b59fdb594ca0845645?s=96&d=mm&r=g\",\"url\":\"https:\\\/\\\/secure.gravatar.com\\\/avatar\\\/1db852625ef4948f58d2739bfbc51e4b9bd5c93b8fa340b59fdb594ca0845645?s=96&d=mm&r=g\",\"contentUrl\":\"https:\\\/\\\/secure.gravatar.com\\\/avatar\\\/1db852625ef4948f58d2739bfbc51e4b9bd5c93b8fa340b59fdb594ca0845645?s=96&d=mm&r=g\",\"caption\":\"Super User\"},\"url\":\"https:\\\/\\\/ppdegalicia.com\\\/es\\\/author\\\/ppdegaliciagestion\\\/\"}]}<\/script>\n<!-- \/ Yoast SEO plugin. -->","yoast_head_json":{"title":"A Xunta directiva aprobar\u00e1 data, prazos e manifestos do XVI Congreso auton\u00f3mico - PP de Galicia","robots":{"index":"index","follow":"follow","max-snippet":"max-snippet:-1","max-image-preview":"max-image-preview:large","max-video-preview":"max-video-preview:-1"},"canonical":"https:\/\/ppdegalicia.com\/es\/a-xunta-directiva-aprobara-data-prazos-e-manifestos-do-xvi-congreso-autonomico\/","og_locale":"es_ES","og_type":"article","og_title":"A Xunta directiva aprobar\u00e1 data, prazos e manifestos do XVI Congreso auton\u00f3mico - PP de Galicia","og_description":"Santiago de Compostela, 1 de abril de 2016.- O voceiro dos populares galegos, Miguel Tellado, avanzou que a Xunta directiva do PPdeG aprobar\u00e1 ma\u00f1\u00e1 a data, os prazos, e os manifestos do XVI Congreso auton\u00f3mico do partido. O portavoz explicou que as datas que propor\u00e1 a actual direcci\u00f3n dos populares galegos para a celebraci\u00f3n do [&hellip;]","og_url":"https:\/\/ppdegalicia.com\/es\/a-xunta-directiva-aprobara-data-prazos-e-manifestos-do-xvi-congreso-autonomico\/","og_site_name":"PP de Galicia","article_publisher":"https:\/\/www.instagram.com\/ppdegalicia\/","article_published_time":"2016-04-01T12:22:31+00:00","author":"Super User","twitter_card":"summary_large_image","twitter_creator":"@ppdegalicia","twitter_site":"@ppdegalicia","twitter_misc":{"Escrito por":"Super User","Tiempo de lectura":"3 minutos"},"schema":{"@context":"https:\/\/schema.org","@graph":[{"@type":"Article","@id":"https:\/\/ppdegalicia.com\/es\/a-xunta-directiva-aprobara-data-prazos-e-manifestos-do-xvi-congreso-autonomico\/#article","isPartOf":{"@id":"https:\/\/ppdegalicia.com\/es\/a-xunta-directiva-aprobara-data-prazos-e-manifestos-do-xvi-congreso-autonomico\/"},"author":{"name":"Super User","@id":"https:\/\/ppdegalicia.com\/es\/#\/schema\/person\/d0f013b8388c980665d44009ab762960"},"headline":"A Xunta directiva aprobar\u00e1 data, prazos e manifestos do XVI Congreso auton\u00f3mico","datePublished":"2016-04-01T12:22:31+00:00","mainEntityOfPage":{"@id":"https:\/\/ppdegalicia.com\/es\/a-xunta-directiva-aprobara-data-prazos-e-manifestos-do-xvi-congreso-autonomico\/"},"wordCount":516,"commentCount":0,"publisher":{"@id":"https:\/\/ppdegalicia.com\/es\/#organization"},"articleSection":["PP de Galicia"],"inLanguage":"es","potentialAction":[{"@type":"CommentAction","name":"Comment","target":["https:\/\/ppdegalicia.com\/es\/a-xunta-directiva-aprobara-data-prazos-e-manifestos-do-xvi-congreso-autonomico\/#respond"]}]},{"@type":"WebPage","@id":"https:\/\/ppdegalicia.com\/es\/a-xunta-directiva-aprobara-data-prazos-e-manifestos-do-xvi-congreso-autonomico\/","url":"https:\/\/ppdegalicia.com\/es\/a-xunta-directiva-aprobara-data-prazos-e-manifestos-do-xvi-congreso-autonomico\/","name":"A Xunta directiva aprobar\u00e1 data, prazos e manifestos do XVI Congreso auton\u00f3mico - PP de Galicia","isPartOf":{"@id":"https:\/\/ppdegalicia.com\/es\/#website"},"datePublished":"2016-04-01T12:22:31+00:00","breadcrumb":{"@id":"https:\/\/ppdegalicia.com\/es\/a-xunta-directiva-aprobara-data-prazos-e-manifestos-do-xvi-congreso-autonomico\/#breadcrumb"},"inLanguage":"es","potentialAction":[{"@type":"ReadAction","target":["https:\/\/ppdegalicia.com\/es\/a-xunta-directiva-aprobara-data-prazos-e-manifestos-do-xvi-congreso-autonomico\/"]}]},{"@type":"BreadcrumbList","@id":"https:\/\/ppdegalicia.com\/es\/a-xunta-directiva-aprobara-data-prazos-e-manifestos-do-xvi-congreso-autonomico\/#breadcrumb","itemListElement":[{"@type":"ListItem","position":1,"name":"Portada","item":"https:\/\/ppdegalicia.com\/es\/"},{"@type":"ListItem","position":2,"name":"A Xunta directiva aprobar\u00e1 data, prazos e manifestos do XVI Congreso auton\u00f3mico"}]},{"@type":"WebSite","@id":"https:\/\/ppdegalicia.com\/es\/#website","url":"https:\/\/ppdegalicia.com\/es\/","name":"Partido Popular de Galicia","description":"Partido Popular de Galicia","publisher":{"@id":"https:\/\/ppdegalicia.com\/es\/#organization"},"alternateName":"PP de Galicia","potentialAction":[{"@type":"SearchAction","target":{"@type":"EntryPoint","urlTemplate":"https:\/\/ppdegalicia.com\/es\/?s={search_term_string}"},"query-input":{"@type":"PropertyValueSpecification","valueRequired":true,"valueName":"search_term_string"}}],"inLanguage":"es"},{"@type":"Organization","@id":"https:\/\/ppdegalicia.com\/es\/#organization","name":"Partido Popular de Galicia","alternateName":"PP de Galicia","url":"https:\/\/ppdegalicia.com\/es\/","logo":{"@type":"ImageObject","inLanguage":"es","@id":"https:\/\/ppdegalicia.com\/es\/#\/schema\/logo\/image\/","url":"https:\/\/ppdegalicia.com\/wp-content\/uploads\/2023\/04\/logoPP512.png","contentUrl":"https:\/\/ppdegalicia.com\/wp-content\/uploads\/2023\/04\/logoPP512.png","width":512,"height":512,"caption":"Partido Popular de Galicia"},"image":{"@id":"https:\/\/ppdegalicia.com\/es\/#\/schema\/logo\/image\/"},"sameAs":["https:\/\/www.instagram.com\/ppdegalicia\/","https:\/\/x.com\/ppdegalicia","https:\/\/www.tiktok.com\/@ppdegalicia","https:\/\/www.youtube.com\/user\/ppdegalicia"]},{"@type":"Person","@id":"https:\/\/ppdegalicia.com\/es\/#\/schema\/person\/d0f013b8388c980665d44009ab762960","name":"Super User","image":{"@type":"ImageObject","inLanguage":"es","@id":"https:\/\/secure.gravatar.com\/avatar\/1db852625ef4948f58d2739bfbc51e4b9bd5c93b8fa340b59fdb594ca0845645?s=96&d=mm&r=g","url":"https:\/\/secure.gravatar.com\/avatar\/1db852625ef4948f58d2739bfbc51e4b9bd5c93b8fa340b59fdb594ca0845645?s=96&d=mm&r=g","contentUrl":"https:\/\/secure.gravatar.com\/avatar\/1db852625ef4948f58d2739bfbc51e4b9bd5c93b8fa340b59fdb594ca0845645?s=96&d=mm&r=g","caption":"Super User"},"url":"https:\/\/ppdegalicia.com\/es\/author\/ppdegaliciagestion\/"}]}},"_links":{"self":[{"href":"https:\/\/ppdegalicia.com\/es\/wp-json\/wp\/v2\/posts\/51825","targetHints":{"allow":["GET"]}}],"collection":[{"href":"https:\/\/ppdegalicia.com\/es\/wp-json\/wp\/v2\/posts"}],"about":[{"href":"https:\/\/ppdegalicia.com\/es\/wp-json\/wp\/v2\/types\/post"}],"author":[{"embeddable":true,"href":"https:\/\/ppdegalicia.com\/es\/wp-json\/wp\/v2\/users\/37"}],"replies":[{"embeddable":true,"href":"https:\/\/ppdegalicia.com\/es\/wp-json\/wp\/v2\/comments?post=51825"}],"version-history":[{"count":0,"href":"https:\/\/ppdegalicia.com\/es\/wp-json\/wp\/v2\/posts\/51825\/revisions"}],"wp:attachment":[{"href":"https:\/\/ppdegalicia.com\/es\/wp-json\/wp\/v2\/media?parent=51825"}],"wp:term":[{"taxonomy":"category","embeddable":true,"href":"https:\/\/ppdegalicia.com\/es\/wp-json\/wp\/v2\/categories?post=51825"},{"taxonomy":"post_tag","embeddable":true,"href":"https:\/\/ppdegalicia.com\/es\/wp-json\/wp\/v2\/tags?post=51825"}],"curies":[{"name":"wp","href":"https:\/\/api.w.org\/{rel}","templated":true}]}}