{"id":51827,"date":"2016-04-03T13:31:39","date_gmt":"2016-04-03T11:31:39","guid":{"rendered":"https:\/\/ppdegalicia.com\/feijoo-galicia-e-a-mina-decision-a-mina-prioridade-e-a-mina-opcion\/"},"modified":"2016-04-03T13:31:39","modified_gmt":"2016-04-03T11:31:39","slug":"feijoo-galicia-e-a-mina-decision-a-mina-prioridade-e-a-mina-opcion","status":"publish","type":"post","link":"https:\/\/ppdegalicia.com\/es\/feijoo-galicia-e-a-mina-decision-a-mina-prioridade-e-a-mina-opcion\/","title":{"rendered":"Feij\u00f3o: \u201cGalicia \u00e9 a mi\u00f1a decisi\u00f3n, a mi\u00f1a prioridade e a mi\u00f1a opci\u00f3n\u201d"},"content":{"rendered":"<div style=\"text-align: justify;\"><b>Santiago de Compostela, 3 de abril de 2016.- <\/b>O l\u00edder dos populares galegos, Alberto N\u00fa\u00f1ez Feij\u00f3o, asegurou que Galicia \u00e9 a s\u00faa decisi\u00f3n, a s\u00faa prioridade e a s\u00faa opci\u00f3n e que a nosa comunidade foi o principal factor que inclinou a balanza na s\u00faa determinaci\u00f3n de presentarse outra vez a liderar o PPdeG. \u201cGalicia ser\u00e1 a dona do meu destino e a que decida que vai ser Alberto N\u00fa\u00f1ez Feij\u00f3o nos pr\u00f3ximos anos\u201d, dic\u00eda o dirixente nunha entrevista concedida \u00e1 Radio Galega esta ma\u00f1\u00e1.&nbsp;<\/div>\n<div style=\"text-align: justify;\"><\/div>\n<div style=\"text-align: justify;\">O mandatario popular subli\u00f1ou que, ao ser presidente da nosa comunidade, decatouse da importancia de ter un pobo como o noso, que sabe que o resultado do sacrificio sempre \u00e9 o \u00e9xito e viu que o cami\u00f1o que fixeron os populares nos \u00faltimos anos non foi de balde, sen\u00f3n que nos leva agora a ser unha autonom\u00eda solvente, respectada en Espa\u00f1a, que non necesita do di\u00f1eiro dos demais para chegar a fin de mes e cuxa econom\u00eda est\u00e1 crecendo. As\u00ed mesmo, Feij\u00f3o incidiu en que a s\u00faa posici\u00f3n pol\u00edtica, dende que se presentou no 2006 a presidente do partido, \u00e9 Galicia.<\/div>\n<div style=\"text-align: justify;\"><\/div>\n<div style=\"text-align: justify;\">Do mesmo xeito, reco\u00f1eceu que, pese a que seguir en pol\u00edtica non \u00e9 f\u00e1cil neste momento, \u201cprobablemente agora \u00e9 cando m\u00e1is aconsellable sexa para as persoas que temos interese e vocaci\u00f3n polo servizo p\u00fablico dar a batalla\u201d. Para o mandatario a opci\u00f3n \u00e9 \u201cnon abandonar un barco que est\u00e1 nunha forte marexada que \u00e9 a pol\u00edtica galega e espa\u00f1ola\u201d sen\u00f3n seguir trazando un rumbo que est\u00e1 marcado por d\u00faas grandes ideas: ter un proxecto para Galicia e garantir a estabilidade dese proxecto, algo que, tal e como afirmou, si ten o PPdeG.<\/div>\n<div style=\"text-align: justify;\"><\/div>\n<div style=\"text-align: justify;\">O presidente apuntou que, desde as elecci\u00f3ns municipais de 2015, cando viron que hab\u00eda unha desconfianza no ambito dos partidos pol\u00edticos e &nbsp;que xurd\u00edan movementos que naceron ao car\u00f3n da recesi\u00f3n e da desilusi\u00f3n, entenderon que ti\u00f1an que empezar a reaccionar. As\u00ed, fixeron unha ponencia no partido, un cambio no Goberno, melloraron as pol\u00edticas sociais, celebraron os congresos provincias e, \u201ctodo isto se desenvolveu conforme ao que pensabamos que era bo para o PPdeG para seguir servindo a Galicia\u201d, dixo Feij\u00f3o.<\/div>\n<div style=\"text-align: justify;\"><\/div>\n<div style=\"text-align: justify;\">Segundo indicou, foi precisamente tralo \u00faltimo congreso provincial de Pontevedra cando empezou a debuxar a decisi\u00f3n de continuar \u00e1 fronte do PPdeG, confirmando que est\u00e1 preparado se os seus compa\u00f1eiros as\u00ed o queren e que, \u201ca partir de a\u00ed o importante \u00e9 o que Galicia diga, se quere eu estou disposto\u201d, engadiu.<\/div>\n<div style=\"text-align: justify;\"><\/div>\n<div style=\"text-align: justify;\">Se ben o presidente reco\u00f1ece que ga\u00f1ar unhas elecci\u00f3ns por maior\u00eda absoluta vai ser moi dif\u00edcil, \u201cimos intentalo porque creo que Galicia xa est\u00e1 experimentando o que son cidades importantes con gobernos que non aproban os orzamentos, que non adoptan decisi\u00f3ns de goberno porque probablemente non saiban cales son as s\u00faas prioridades e, ademais, non son capaces de pactalas coa oposici\u00f3n\u201d. Segundo Feij\u00f3o, est\u00e1molo vendo non s\u00f3 en Galicia sen\u00f3n tam\u00e9n en Espa\u00f1a, onde non hai goberno nestes momentos e, por iso, insistiu en que \u201cn\u00f3s non debemos pasar por a\u00ed e cometer os erros que se cometen noutros lugares\u201d.&nbsp;<\/div>\n<div style=\"text-align: justify;\"><b><br \/><\/b><\/div>\n<div style=\"text-align: justify;\"><b>TERRA DE CRECEMENTO ECON\u00d3MICO E EMPREGO<\/b><\/div>\n<div style=\"text-align: justify;\">Na entrevista, o m\u00e1ximo dirixente do PPdeG, recordou que esta semana co\u00f1ec\u00edamos datos moi alentadores que amosan que a econom\u00eda galega crece m\u00e1is que nunca. Por este motivo, apunta que mereceu a pena todo o que os populares fixeron os \u00faltimos anos porque estamos ante un crecemento econ\u00f3mico e agora p\u00f3dese augurar seguir baixando o paro, que \u00e9 o principal problema de Espa\u00f1a e da nosa comunidade.&nbsp;<\/div>\n<div style=\"text-align: justify;\"><\/div>\n<div style=\"text-align: justify;\">\u201cQu\u00e9dannos catro anos para consolidar Galicia como unha terra de crecemento econ\u00f3mico e de emprego\u201d, asegurou Feij\u00f3o en referencia \u00e1 que ser\u00eda unha terceira lexislatura ao fronte da Xunta. Nesta li\u00f1a, subli\u00f1ou que, se ben agora hai cami\u00f1os despexados e tense ordenado o territorio bastante ben dende o punto de vista legal, a\u00ednda hai que acabar moitas cousas entre as que salientou seguir traballando polo sectores l\u00e1cteo e primairo, buscar rendabilidade no \u00e1mbito pesqueiro, finalizar as grandes infraestruturas, conseguir que o tren de alta velocidad estea aqu\u00ed, preparar o Xacobeo do 2021, ou continuar po\u00f1endo os cami\u00f1os de Santiago a disposici\u00f3n dos mill\u00f3ns de turistas que nos visitar\u00e1n \u2013agarda- a\u00ednda con maior intensidade.&nbsp;<\/div>\n<div style=\"text-align: justify;\"><\/div>\n<div><\/div>\n<div><\/div>\n","protected":false},"excerpt":{"rendered":"<p>Santiago de Compostela, 3 de abril de 2016.- O l\u00edder dos populares galegos, Alberto N\u00fa\u00f1ez Feij\u00f3o, asegurou que Galicia \u00e9 a s\u00faa decisi\u00f3n, a s\u00faa prioridade e a s\u00faa opci\u00f3n e que a nosa comunidade foi o principal factor que inclinou a balanza na s\u00faa determinaci\u00f3n de presentarse outra vez a liderar o PPdeG. \u201cGalicia [&hellip;]<\/p>\n","protected":false},"author":37,"featured_media":0,"comment_status":"open","ping_status":"open","sticky":false,"template":"","format":"standard","meta":{"_acf_changed":false,"footnotes":""},"categories":[1],"tags":[],"class_list":["post-51827","post","type-post","status-publish","format-standard","hentry","category-pp-de-galicia"],"acf":[],"yoast_head":"<!-- This site is optimized with the Yoast SEO plugin v27.3 - https:\/\/yoast.com\/product\/yoast-seo-wordpress\/ -->\n<title>Feij\u00f3o: \u201cGalicia \u00e9 a mi\u00f1a decisi\u00f3n, a mi\u00f1a prioridade e a mi\u00f1a opci\u00f3n\u201d - PP de Galicia<\/title>\n<meta name=\"robots\" content=\"index, follow, max-snippet:-1, max-image-preview:large, max-video-preview:-1\" \/>\n<link rel=\"canonical\" href=\"https:\/\/ppdegalicia.com\/es\/feijoo-galicia-e-a-mina-decision-a-mina-prioridade-e-a-mina-opcion\/\" \/>\n<meta property=\"og:locale\" content=\"es_ES\" \/>\n<meta property=\"og:type\" content=\"article\" \/>\n<meta property=\"og:title\" content=\"Feij\u00f3o: \u201cGalicia \u00e9 a mi\u00f1a decisi\u00f3n, a mi\u00f1a prioridade e a mi\u00f1a opci\u00f3n\u201d - PP de Galicia\" \/>\n<meta property=\"og:description\" content=\"Santiago de Compostela, 3 de abril de 2016.- O l\u00edder dos populares galegos, Alberto N\u00fa\u00f1ez Feij\u00f3o, asegurou que Galicia \u00e9 a s\u00faa decisi\u00f3n, a s\u00faa prioridade e a s\u00faa opci\u00f3n e que a nosa comunidade foi o principal factor que inclinou a balanza na s\u00faa determinaci\u00f3n de presentarse outra vez a liderar o PPdeG. \u201cGalicia [&hellip;]\" \/>\n<meta property=\"og:url\" content=\"https:\/\/ppdegalicia.com\/es\/feijoo-galicia-e-a-mina-decision-a-mina-prioridade-e-a-mina-opcion\/\" \/>\n<meta property=\"og:site_name\" content=\"PP de Galicia\" \/>\n<meta property=\"article:publisher\" content=\"https:\/\/www.instagram.com\/ppdegalicia\/\" \/>\n<meta property=\"article:published_time\" content=\"2016-04-03T11:31:39+00:00\" \/>\n<meta name=\"author\" content=\"Super User\" \/>\n<meta name=\"twitter:card\" content=\"summary_large_image\" \/>\n<meta name=\"twitter:creator\" content=\"@ppdegalicia\" \/>\n<meta name=\"twitter:site\" content=\"@ppdegalicia\" \/>\n<meta name=\"twitter:label1\" content=\"Escrito por\" \/>\n\t<meta name=\"twitter:data1\" content=\"Super User\" \/>\n\t<meta name=\"twitter:label2\" content=\"Tiempo de lectura\" \/>\n\t<meta name=\"twitter:data2\" content=\"4 minutos\" \/>\n<script type=\"application\/ld+json\" class=\"yoast-schema-graph\">{\"@context\":\"https:\\\/\\\/schema.org\",\"@graph\":[{\"@type\":\"Article\",\"@id\":\"https:\\\/\\\/ppdegalicia.com\\\/es\\\/feijoo-galicia-e-a-mina-decision-a-mina-prioridade-e-a-mina-opcion\\\/#article\",\"isPartOf\":{\"@id\":\"https:\\\/\\\/ppdegalicia.com\\\/es\\\/feijoo-galicia-e-a-mina-decision-a-mina-prioridade-e-a-mina-opcion\\\/\"},\"author\":{\"name\":\"Super User\",\"@id\":\"https:\\\/\\\/ppdegalicia.com\\\/es\\\/#\\\/schema\\\/person\\\/d0f013b8388c980665d44009ab762960\"},\"headline\":\"Feij\u00f3o: \u201cGalicia \u00e9 a mi\u00f1a decisi\u00f3n, a mi\u00f1a prioridade e a mi\u00f1a opci\u00f3n\u201d\",\"datePublished\":\"2016-04-03T11:31:39+00:00\",\"mainEntityOfPage\":{\"@id\":\"https:\\\/\\\/ppdegalicia.com\\\/es\\\/feijoo-galicia-e-a-mina-decision-a-mina-prioridade-e-a-mina-opcion\\\/\"},\"wordCount\":790,\"commentCount\":0,\"publisher\":{\"@id\":\"https:\\\/\\\/ppdegalicia.com\\\/es\\\/#organization\"},\"articleSection\":[\"PP de Galicia\"],\"inLanguage\":\"es\",\"potentialAction\":[{\"@type\":\"CommentAction\",\"name\":\"Comment\",\"target\":[\"https:\\\/\\\/ppdegalicia.com\\\/es\\\/feijoo-galicia-e-a-mina-decision-a-mina-prioridade-e-a-mina-opcion\\\/#respond\"]}]},{\"@type\":\"WebPage\",\"@id\":\"https:\\\/\\\/ppdegalicia.com\\\/es\\\/feijoo-galicia-e-a-mina-decision-a-mina-prioridade-e-a-mina-opcion\\\/\",\"url\":\"https:\\\/\\\/ppdegalicia.com\\\/es\\\/feijoo-galicia-e-a-mina-decision-a-mina-prioridade-e-a-mina-opcion\\\/\",\"name\":\"Feij\u00f3o: \u201cGalicia \u00e9 a mi\u00f1a decisi\u00f3n, a mi\u00f1a prioridade e a mi\u00f1a opci\u00f3n\u201d - PP de Galicia\",\"isPartOf\":{\"@id\":\"https:\\\/\\\/ppdegalicia.com\\\/es\\\/#website\"},\"datePublished\":\"2016-04-03T11:31:39+00:00\",\"breadcrumb\":{\"@id\":\"https:\\\/\\\/ppdegalicia.com\\\/es\\\/feijoo-galicia-e-a-mina-decision-a-mina-prioridade-e-a-mina-opcion\\\/#breadcrumb\"},\"inLanguage\":\"es\",\"potentialAction\":[{\"@type\":\"ReadAction\",\"target\":[\"https:\\\/\\\/ppdegalicia.com\\\/es\\\/feijoo-galicia-e-a-mina-decision-a-mina-prioridade-e-a-mina-opcion\\\/\"]}]},{\"@type\":\"BreadcrumbList\",\"@id\":\"https:\\\/\\\/ppdegalicia.com\\\/es\\\/feijoo-galicia-e-a-mina-decision-a-mina-prioridade-e-a-mina-opcion\\\/#breadcrumb\",\"itemListElement\":[{\"@type\":\"ListItem\",\"position\":1,\"name\":\"Portada\",\"item\":\"https:\\\/\\\/ppdegalicia.com\\\/es\\\/\"},{\"@type\":\"ListItem\",\"position\":2,\"name\":\"Feij\u00f3o: \u201cGalicia \u00e9 a mi\u00f1a decisi\u00f3n, a mi\u00f1a prioridade e a mi\u00f1a opci\u00f3n\u201d\"}]},{\"@type\":\"WebSite\",\"@id\":\"https:\\\/\\\/ppdegalicia.com\\\/es\\\/#website\",\"url\":\"https:\\\/\\\/ppdegalicia.com\\\/es\\\/\",\"name\":\"Partido Popular de Galicia\",\"description\":\"Partido Popular de Galicia\",\"publisher\":{\"@id\":\"https:\\\/\\\/ppdegalicia.com\\\/es\\\/#organization\"},\"alternateName\":\"PP de Galicia\",\"potentialAction\":[{\"@type\":\"SearchAction\",\"target\":{\"@type\":\"EntryPoint\",\"urlTemplate\":\"https:\\\/\\\/ppdegalicia.com\\\/es\\\/?s={search_term_string}\"},\"query-input\":{\"@type\":\"PropertyValueSpecification\",\"valueRequired\":true,\"valueName\":\"search_term_string\"}}],\"inLanguage\":\"es\"},{\"@type\":\"Organization\",\"@id\":\"https:\\\/\\\/ppdegalicia.com\\\/es\\\/#organization\",\"name\":\"Partido Popular de Galicia\",\"alternateName\":\"PP de Galicia\",\"url\":\"https:\\\/\\\/ppdegalicia.com\\\/es\\\/\",\"logo\":{\"@type\":\"ImageObject\",\"inLanguage\":\"es\",\"@id\":\"https:\\\/\\\/ppdegalicia.com\\\/es\\\/#\\\/schema\\\/logo\\\/image\\\/\",\"url\":\"https:\\\/\\\/ppdegalicia.com\\\/wp-content\\\/uploads\\\/2023\\\/04\\\/logoPP512.png\",\"contentUrl\":\"https:\\\/\\\/ppdegalicia.com\\\/wp-content\\\/uploads\\\/2023\\\/04\\\/logoPP512.png\",\"width\":512,\"height\":512,\"caption\":\"Partido Popular de Galicia\"},\"image\":{\"@id\":\"https:\\\/\\\/ppdegalicia.com\\\/es\\\/#\\\/schema\\\/logo\\\/image\\\/\"},\"sameAs\":[\"https:\\\/\\\/www.instagram.com\\\/ppdegalicia\\\/\",\"https:\\\/\\\/x.com\\\/ppdegalicia\",\"https:\\\/\\\/www.tiktok.com\\\/@ppdegalicia\",\"https:\\\/\\\/www.youtube.com\\\/user\\\/ppdegalicia\"]},{\"@type\":\"Person\",\"@id\":\"https:\\\/\\\/ppdegalicia.com\\\/es\\\/#\\\/schema\\\/person\\\/d0f013b8388c980665d44009ab762960\",\"name\":\"Super User\",\"image\":{\"@type\":\"ImageObject\",\"inLanguage\":\"es\",\"@id\":\"https:\\\/\\\/secure.gravatar.com\\\/avatar\\\/1db852625ef4948f58d2739bfbc51e4b9bd5c93b8fa340b59fdb594ca0845645?s=96&d=mm&r=g\",\"url\":\"https:\\\/\\\/secure.gravatar.com\\\/avatar\\\/1db852625ef4948f58d2739bfbc51e4b9bd5c93b8fa340b59fdb594ca0845645?s=96&d=mm&r=g\",\"contentUrl\":\"https:\\\/\\\/secure.gravatar.com\\\/avatar\\\/1db852625ef4948f58d2739bfbc51e4b9bd5c93b8fa340b59fdb594ca0845645?s=96&d=mm&r=g\",\"caption\":\"Super User\"},\"url\":\"https:\\\/\\\/ppdegalicia.com\\\/es\\\/author\\\/ppdegaliciagestion\\\/\"}]}<\/script>\n<!-- \/ Yoast SEO plugin. -->","yoast_head_json":{"title":"Feij\u00f3o: \u201cGalicia \u00e9 a mi\u00f1a decisi\u00f3n, a mi\u00f1a prioridade e a mi\u00f1a opci\u00f3n\u201d - PP de Galicia","robots":{"index":"index","follow":"follow","max-snippet":"max-snippet:-1","max-image-preview":"max-image-preview:large","max-video-preview":"max-video-preview:-1"},"canonical":"https:\/\/ppdegalicia.com\/es\/feijoo-galicia-e-a-mina-decision-a-mina-prioridade-e-a-mina-opcion\/","og_locale":"es_ES","og_type":"article","og_title":"Feij\u00f3o: \u201cGalicia \u00e9 a mi\u00f1a decisi\u00f3n, a mi\u00f1a prioridade e a mi\u00f1a opci\u00f3n\u201d - PP de Galicia","og_description":"Santiago de Compostela, 3 de abril de 2016.- O l\u00edder dos populares galegos, Alberto N\u00fa\u00f1ez Feij\u00f3o, asegurou que Galicia \u00e9 a s\u00faa decisi\u00f3n, a s\u00faa prioridade e a s\u00faa opci\u00f3n e que a nosa comunidade foi o principal factor que inclinou a balanza na s\u00faa determinaci\u00f3n de presentarse outra vez a liderar o PPdeG. \u201cGalicia [&hellip;]","og_url":"https:\/\/ppdegalicia.com\/es\/feijoo-galicia-e-a-mina-decision-a-mina-prioridade-e-a-mina-opcion\/","og_site_name":"PP de Galicia","article_publisher":"https:\/\/www.instagram.com\/ppdegalicia\/","article_published_time":"2016-04-03T11:31:39+00:00","author":"Super User","twitter_card":"summary_large_image","twitter_creator":"@ppdegalicia","twitter_site":"@ppdegalicia","twitter_misc":{"Escrito por":"Super User","Tiempo de lectura":"4 minutos"},"schema":{"@context":"https:\/\/schema.org","@graph":[{"@type":"Article","@id":"https:\/\/ppdegalicia.com\/es\/feijoo-galicia-e-a-mina-decision-a-mina-prioridade-e-a-mina-opcion\/#article","isPartOf":{"@id":"https:\/\/ppdegalicia.com\/es\/feijoo-galicia-e-a-mina-decision-a-mina-prioridade-e-a-mina-opcion\/"},"author":{"name":"Super User","@id":"https:\/\/ppdegalicia.com\/es\/#\/schema\/person\/d0f013b8388c980665d44009ab762960"},"headline":"Feij\u00f3o: \u201cGalicia \u00e9 a mi\u00f1a decisi\u00f3n, a mi\u00f1a prioridade e a mi\u00f1a opci\u00f3n\u201d","datePublished":"2016-04-03T11:31:39+00:00","mainEntityOfPage":{"@id":"https:\/\/ppdegalicia.com\/es\/feijoo-galicia-e-a-mina-decision-a-mina-prioridade-e-a-mina-opcion\/"},"wordCount":790,"commentCount":0,"publisher":{"@id":"https:\/\/ppdegalicia.com\/es\/#organization"},"articleSection":["PP de Galicia"],"inLanguage":"es","potentialAction":[{"@type":"CommentAction","name":"Comment","target":["https:\/\/ppdegalicia.com\/es\/feijoo-galicia-e-a-mina-decision-a-mina-prioridade-e-a-mina-opcion\/#respond"]}]},{"@type":"WebPage","@id":"https:\/\/ppdegalicia.com\/es\/feijoo-galicia-e-a-mina-decision-a-mina-prioridade-e-a-mina-opcion\/","url":"https:\/\/ppdegalicia.com\/es\/feijoo-galicia-e-a-mina-decision-a-mina-prioridade-e-a-mina-opcion\/","name":"Feij\u00f3o: \u201cGalicia \u00e9 a mi\u00f1a decisi\u00f3n, a mi\u00f1a prioridade e a mi\u00f1a opci\u00f3n\u201d - PP de Galicia","isPartOf":{"@id":"https:\/\/ppdegalicia.com\/es\/#website"},"datePublished":"2016-04-03T11:31:39+00:00","breadcrumb":{"@id":"https:\/\/ppdegalicia.com\/es\/feijoo-galicia-e-a-mina-decision-a-mina-prioridade-e-a-mina-opcion\/#breadcrumb"},"inLanguage":"es","potentialAction":[{"@type":"ReadAction","target":["https:\/\/ppdegalicia.com\/es\/feijoo-galicia-e-a-mina-decision-a-mina-prioridade-e-a-mina-opcion\/"]}]},{"@type":"BreadcrumbList","@id":"https:\/\/ppdegalicia.com\/es\/feijoo-galicia-e-a-mina-decision-a-mina-prioridade-e-a-mina-opcion\/#breadcrumb","itemListElement":[{"@type":"ListItem","position":1,"name":"Portada","item":"https:\/\/ppdegalicia.com\/es\/"},{"@type":"ListItem","position":2,"name":"Feij\u00f3o: \u201cGalicia \u00e9 a mi\u00f1a decisi\u00f3n, a mi\u00f1a prioridade e a mi\u00f1a opci\u00f3n\u201d"}]},{"@type":"WebSite","@id":"https:\/\/ppdegalicia.com\/es\/#website","url":"https:\/\/ppdegalicia.com\/es\/","name":"Partido Popular de Galicia","description":"Partido Popular de Galicia","publisher":{"@id":"https:\/\/ppdegalicia.com\/es\/#organization"},"alternateName":"PP de Galicia","potentialAction":[{"@type":"SearchAction","target":{"@type":"EntryPoint","urlTemplate":"https:\/\/ppdegalicia.com\/es\/?s={search_term_string}"},"query-input":{"@type":"PropertyValueSpecification","valueRequired":true,"valueName":"search_term_string"}}],"inLanguage":"es"},{"@type":"Organization","@id":"https:\/\/ppdegalicia.com\/es\/#organization","name":"Partido Popular de Galicia","alternateName":"PP de Galicia","url":"https:\/\/ppdegalicia.com\/es\/","logo":{"@type":"ImageObject","inLanguage":"es","@id":"https:\/\/ppdegalicia.com\/es\/#\/schema\/logo\/image\/","url":"https:\/\/ppdegalicia.com\/wp-content\/uploads\/2023\/04\/logoPP512.png","contentUrl":"https:\/\/ppdegalicia.com\/wp-content\/uploads\/2023\/04\/logoPP512.png","width":512,"height":512,"caption":"Partido Popular de Galicia"},"image":{"@id":"https:\/\/ppdegalicia.com\/es\/#\/schema\/logo\/image\/"},"sameAs":["https:\/\/www.instagram.com\/ppdegalicia\/","https:\/\/x.com\/ppdegalicia","https:\/\/www.tiktok.com\/@ppdegalicia","https:\/\/www.youtube.com\/user\/ppdegalicia"]},{"@type":"Person","@id":"https:\/\/ppdegalicia.com\/es\/#\/schema\/person\/d0f013b8388c980665d44009ab762960","name":"Super User","image":{"@type":"ImageObject","inLanguage":"es","@id":"https:\/\/secure.gravatar.com\/avatar\/1db852625ef4948f58d2739bfbc51e4b9bd5c93b8fa340b59fdb594ca0845645?s=96&d=mm&r=g","url":"https:\/\/secure.gravatar.com\/avatar\/1db852625ef4948f58d2739bfbc51e4b9bd5c93b8fa340b59fdb594ca0845645?s=96&d=mm&r=g","contentUrl":"https:\/\/secure.gravatar.com\/avatar\/1db852625ef4948f58d2739bfbc51e4b9bd5c93b8fa340b59fdb594ca0845645?s=96&d=mm&r=g","caption":"Super User"},"url":"https:\/\/ppdegalicia.com\/es\/author\/ppdegaliciagestion\/"}]}},"_links":{"self":[{"href":"https:\/\/ppdegalicia.com\/es\/wp-json\/wp\/v2\/posts\/51827","targetHints":{"allow":["GET"]}}],"collection":[{"href":"https:\/\/ppdegalicia.com\/es\/wp-json\/wp\/v2\/posts"}],"about":[{"href":"https:\/\/ppdegalicia.com\/es\/wp-json\/wp\/v2\/types\/post"}],"author":[{"embeddable":true,"href":"https:\/\/ppdegalicia.com\/es\/wp-json\/wp\/v2\/users\/37"}],"replies":[{"embeddable":true,"href":"https:\/\/ppdegalicia.com\/es\/wp-json\/wp\/v2\/comments?post=51827"}],"version-history":[{"count":0,"href":"https:\/\/ppdegalicia.com\/es\/wp-json\/wp\/v2\/posts\/51827\/revisions"}],"wp:attachment":[{"href":"https:\/\/ppdegalicia.com\/es\/wp-json\/wp\/v2\/media?parent=51827"}],"wp:term":[{"taxonomy":"category","embeddable":true,"href":"https:\/\/ppdegalicia.com\/es\/wp-json\/wp\/v2\/categories?post=51827"},{"taxonomy":"post_tag","embeddable":true,"href":"https:\/\/ppdegalicia.com\/es\/wp-json\/wp\/v2\/tags?post=51827"}],"curies":[{"name":"wp","href":"https:\/\/api.w.org\/{rel}","templated":true}]}}