{"id":51828,"date":"2016-04-04T17:18:59","date_gmt":"2016-04-04T15:18:59","guid":{"rendered":"https:\/\/ppdegalicia.com\/puy-traslada-a-satisfaccion-do-gpp-pola-candidatura-de-feijoo-a-presidencia-do-ppdeg\/"},"modified":"2016-04-04T17:18:59","modified_gmt":"2016-04-04T15:18:59","slug":"puy-traslada-a-satisfaccion-do-gpp-pola-candidatura-de-feijoo-a-presidencia-do-ppdeg","status":"publish","type":"post","link":"https:\/\/ppdegalicia.com\/es\/puy-traslada-a-satisfaccion-do-gpp-pola-candidatura-de-feijoo-a-presidencia-do-ppdeg\/","title":{"rendered":"Puy traslada a satisfacci\u00f3n do GPP pola candidatura de Feij\u00f3o \u00e1 presidencia do PPdeG"},"content":{"rendered":"<p><b>PEDRO PUY TRASLADA A \u201cSATISFACCI\u00d3N\u201d DO GRUPO POPULAR POLA DECISI\u00d3N DE FEIJ\u00d3O DE PRESENTAR A S\u00daA CANDIDATURA \u00c1 PRESIDENCIA DO PPDEG<\/b><\/p>\n<p><b><\/p>\n<p>\u00b7&nbsp;&nbsp; &nbsp;Fixo referencia ao calendario previsto do Congreso do PPdeG e ao traballo no Parlamento para afirmar que \u201cestamos traballando coa perspectiva de que as elecci\u00f3ns galegas sexan despois do ver\u00e1n, tendo sempre presente que a s\u00faa convocatoria \u00e9 unha competencia espec\u00edfica do Presidente\u201d <\/b><\/p>\n<p>Santiago, 4 de abril de 2016.- O portavoz do Grupo Popular, Pedro Puy, trasladou hoxe a \u201csatisfacci\u00f3n\u201d de todos os deputados deste grupo parlamentario pola decisi\u00f3n de Alberto N\u00fa\u00f1ez Feij\u00f3o de presentar a s\u00faa candidatura \u00e1 Presidencia do Partido Popular de Galicia \u00e9, por conseguinte, \u00e1 Xunta de Galicia. \u201cExiste un amplo consenso neste grupo de que se adoptou a mellor decisi\u00f3n para o conxunto do PPdeG\u201d, asegurou Puy, quen apuntou que servira para \u201cincentivar e seguir traballando porque queda moito por facer nun pa\u00eds con m\u00e1is de 230.000 desempregados pero que cami\u00f1a na senda correcta dun traballo que Feij\u00f3o ten encabezado nos \u00faltimos anos e que o PPdeG vai seguir impulsando\u201d.<\/p>\n<p>Pedro Puy manifestou que a convocatoria do Congreso extraordinario do Partido Popular de Galicia e a confirmaci\u00f3n da candidatura do Feij\u00f3o para a Presidencia do PPdeG \u00e9 a continuaci\u00f3n do&nbsp; \u201cprofundo proceso de reflexi\u00f3n e renovaci\u00f3n que se abriu no partido a ra\u00edz fundamentalmente do resultado das elecci\u00f3ns municipais\u201d.<\/p>\n<p>Neste sentido, indicou que este proceso deu comezo coa modificaci\u00f3n do Goberno galego e da prioridade das s\u00faas pol\u00edticas, centr\u00e1ndose e incrementando as dirixidas \u00e1 pol\u00edtica social; seguiu co debate das ideas no PPdeG a trav\u00e9s dunha ponencia pol\u00edtica; a renovaci\u00f3n das estruturas provinciais do PP en Galicia, coa substituci\u00f3n de tres dos catros presidentes; e rematar\u00e1 coa celebraci\u00f3n dun congreso extraordinario.<\/p>\n<p>\u201cA todo isto, s\u00famanse determinadas novas no \u00e1mbito econ\u00f3mico que tam\u00e9n son positivas para as pol\u00edticas desenvolvidas polo Partido Popular, como a concatenaci\u00f3n de cifras de crecemento, as\u00ed como que Galicia sexa unha das tres comunidades aut\u00f3nomas que cumpre os obxectivos de d\u00e9ficit; e o co\u00f1ecemento hoxe do descenso do n\u00famero de desempregados, nunha porcentaxe semellante \u00e1 media nacional\u201d, sinalou.<\/p>\n<p><b>COA PERSPECTIVA DE DESPOIS DO VER\u00c1N<\/b><\/p>\n<p>Cuestionado sobre a data de celebraci\u00f3n das elecci\u00f3ns auton\u00f3micas, Pedro Puy referiuse ao calendario previsto para a celebraci\u00f3n do Congreso do PPdeG e ao traballo que se est\u00e1 a levar adiante no Parlamento galego para apuntar que \u201ccon todas estas cuesti\u00f3ns estamos traballando na perspectiva de que as elecci\u00f3ns sexan despois do ver\u00e1n, pero tendo sempre presente que \u00e9 unha competencia moi especificamente atribu\u00edda ao Presidente da Xunta\u201d. <\/p>\n<p>En concreto, o portavoz popular dixo que nestes momentos no Parlamento estase tramitando o Plan Estrat\u00e9xico da Econom\u00eda de Galicia, un documento complexo que ten que ir ao Pleno; e est\u00e1n e tr\u00e1mite os proxectos de lei do patrimonio cultural, de econom\u00eda social, de coordinaci\u00f3n das polic\u00edas locais e a modificaci\u00f3n da Lei de servizos sociais. Ademais, estase tramitando a iniciativa lexislativa popular sobre a pobreza enerx\u00e9tica e o custo da enerx\u00eda en Galicia, ao tempo que o Goberno galego anunciou recentemente a tramitaci\u00f3n da Lei de espect\u00e1culos p\u00fablicos, a lei de protecci\u00f3n de animais dom\u00e9sticos e a lei de transporte por estrada de Galicia, \u00e1 que se sumar\u00e1 a aprobaci\u00f3n da Lei da \u00c1rea metropolitana de Vigo.<\/p>\n<p>\u201cQueda moito por facer e o proxecto do Partido Popular ten moito que aportar, aproveitando unha situaci\u00f3n in\u00e9dita en Espa\u00f1a como \u00e9 unha maior\u00eda s\u00f3lida e estable que, se ben trata de chegar a acordos coa oposici\u00f3n, ten capacidade para aprobar normas importantes para o futuro de Galicia\u201d, indicou.<\/p>\n<p>Pedro Puy tam\u00e9n valorou que Galicia te\u00f1a \u201cun calendario electoral diferenciado\u201d das elecci\u00f3ns nacionais, polo que \u201csalvo que haxa unha causa de extrema importancia, en principio estamos a traballar na perspectiva de que no caso de que haxa xerais non coincidan coas auton\u00f3micas\u201d. <\/p>\n","protected":false},"excerpt":{"rendered":"<p>PEDRO PUY TRASLADA A \u201cSATISFACCI\u00d3N\u201d DO GRUPO POPULAR POLA DECISI\u00d3N DE FEIJ\u00d3O DE PRESENTAR A S\u00daA CANDIDATURA \u00c1 PRESIDENCIA DO PPDEG \u00b7&nbsp;&nbsp; &nbsp;Fixo referencia ao calendario previsto do Congreso do PPdeG e ao traballo no Parlamento para afirmar que \u201cestamos traballando coa perspectiva de que as elecci\u00f3ns galegas sexan despois do ver\u00e1n, tendo sempre presente [&hellip;]<\/p>\n","protected":false},"author":37,"featured_media":0,"comment_status":"open","ping_status":"open","sticky":false,"template":"","format":"standard","meta":{"_acf_changed":false,"footnotes":""},"categories":[1],"tags":[],"class_list":["post-51828","post","type-post","status-publish","format-standard","hentry","category-pp-de-galicia"],"acf":[],"yoast_head":"<!-- This site is optimized with the Yoast SEO plugin v27.3 - https:\/\/yoast.com\/product\/yoast-seo-wordpress\/ -->\n<title>Puy traslada a satisfacci\u00f3n do GPP pola candidatura de Feij\u00f3o \u00e1 presidencia do PPdeG - PP de Galicia<\/title>\n<meta name=\"robots\" content=\"index, follow, max-snippet:-1, max-image-preview:large, max-video-preview:-1\" \/>\n<link rel=\"canonical\" href=\"https:\/\/ppdegalicia.com\/es\/puy-traslada-a-satisfaccion-do-gpp-pola-candidatura-de-feijoo-a-presidencia-do-ppdeg\/\" \/>\n<meta property=\"og:locale\" content=\"es_ES\" \/>\n<meta property=\"og:type\" content=\"article\" \/>\n<meta property=\"og:title\" content=\"Puy traslada a satisfacci\u00f3n do GPP pola candidatura de Feij\u00f3o \u00e1 presidencia do PPdeG - PP de Galicia\" \/>\n<meta property=\"og:description\" content=\"PEDRO PUY TRASLADA A \u201cSATISFACCI\u00d3N\u201d DO GRUPO POPULAR POLA DECISI\u00d3N DE FEIJ\u00d3O DE PRESENTAR A S\u00daA CANDIDATURA \u00c1 PRESIDENCIA DO PPDEG \u00b7&nbsp;&nbsp; &nbsp;Fixo referencia ao calendario previsto do Congreso do PPdeG e ao traballo no Parlamento para afirmar que \u201cestamos traballando coa perspectiva de que as elecci\u00f3ns galegas sexan despois do ver\u00e1n, tendo sempre presente [&hellip;]\" \/>\n<meta property=\"og:url\" content=\"https:\/\/ppdegalicia.com\/es\/puy-traslada-a-satisfaccion-do-gpp-pola-candidatura-de-feijoo-a-presidencia-do-ppdeg\/\" \/>\n<meta property=\"og:site_name\" content=\"PP de Galicia\" \/>\n<meta property=\"article:publisher\" content=\"https:\/\/www.instagram.com\/ppdegalicia\/\" \/>\n<meta property=\"article:published_time\" content=\"2016-04-04T15:18:59+00:00\" \/>\n<meta name=\"author\" content=\"Super User\" \/>\n<meta name=\"twitter:card\" content=\"summary_large_image\" \/>\n<meta name=\"twitter:creator\" content=\"@ppdegalicia\" \/>\n<meta name=\"twitter:site\" content=\"@ppdegalicia\" \/>\n<meta name=\"twitter:label1\" content=\"Escrito por\" \/>\n\t<meta name=\"twitter:data1\" content=\"Super User\" \/>\n\t<meta name=\"twitter:label2\" content=\"Tiempo de lectura\" \/>\n\t<meta name=\"twitter:data2\" content=\"4 minutos\" \/>\n<script type=\"application\/ld+json\" class=\"yoast-schema-graph\">{\"@context\":\"https:\\\/\\\/schema.org\",\"@graph\":[{\"@type\":\"Article\",\"@id\":\"https:\\\/\\\/ppdegalicia.com\\\/es\\\/puy-traslada-a-satisfaccion-do-gpp-pola-candidatura-de-feijoo-a-presidencia-do-ppdeg\\\/#article\",\"isPartOf\":{\"@id\":\"https:\\\/\\\/ppdegalicia.com\\\/es\\\/puy-traslada-a-satisfaccion-do-gpp-pola-candidatura-de-feijoo-a-presidencia-do-ppdeg\\\/\"},\"author\":{\"name\":\"Super User\",\"@id\":\"https:\\\/\\\/ppdegalicia.com\\\/es\\\/#\\\/schema\\\/person\\\/d0f013b8388c980665d44009ab762960\"},\"headline\":\"Puy traslada a satisfacci\u00f3n do GPP pola candidatura de Feij\u00f3o \u00e1 presidencia do PPdeG\",\"datePublished\":\"2016-04-04T15:18:59+00:00\",\"mainEntityOfPage\":{\"@id\":\"https:\\\/\\\/ppdegalicia.com\\\/es\\\/puy-traslada-a-satisfaccion-do-gpp-pola-candidatura-de-feijoo-a-presidencia-do-ppdeg\\\/\"},\"wordCount\":716,\"commentCount\":0,\"publisher\":{\"@id\":\"https:\\\/\\\/ppdegalicia.com\\\/es\\\/#organization\"},\"articleSection\":[\"PP de Galicia\"],\"inLanguage\":\"es\",\"potentialAction\":[{\"@type\":\"CommentAction\",\"name\":\"Comment\",\"target\":[\"https:\\\/\\\/ppdegalicia.com\\\/es\\\/puy-traslada-a-satisfaccion-do-gpp-pola-candidatura-de-feijoo-a-presidencia-do-ppdeg\\\/#respond\"]}]},{\"@type\":\"WebPage\",\"@id\":\"https:\\\/\\\/ppdegalicia.com\\\/es\\\/puy-traslada-a-satisfaccion-do-gpp-pola-candidatura-de-feijoo-a-presidencia-do-ppdeg\\\/\",\"url\":\"https:\\\/\\\/ppdegalicia.com\\\/es\\\/puy-traslada-a-satisfaccion-do-gpp-pola-candidatura-de-feijoo-a-presidencia-do-ppdeg\\\/\",\"name\":\"Puy traslada a satisfacci\u00f3n do GPP pola candidatura de Feij\u00f3o \u00e1 presidencia do PPdeG - PP de Galicia\",\"isPartOf\":{\"@id\":\"https:\\\/\\\/ppdegalicia.com\\\/es\\\/#website\"},\"datePublished\":\"2016-04-04T15:18:59+00:00\",\"breadcrumb\":{\"@id\":\"https:\\\/\\\/ppdegalicia.com\\\/es\\\/puy-traslada-a-satisfaccion-do-gpp-pola-candidatura-de-feijoo-a-presidencia-do-ppdeg\\\/#breadcrumb\"},\"inLanguage\":\"es\",\"potentialAction\":[{\"@type\":\"ReadAction\",\"target\":[\"https:\\\/\\\/ppdegalicia.com\\\/es\\\/puy-traslada-a-satisfaccion-do-gpp-pola-candidatura-de-feijoo-a-presidencia-do-ppdeg\\\/\"]}]},{\"@type\":\"BreadcrumbList\",\"@id\":\"https:\\\/\\\/ppdegalicia.com\\\/es\\\/puy-traslada-a-satisfaccion-do-gpp-pola-candidatura-de-feijoo-a-presidencia-do-ppdeg\\\/#breadcrumb\",\"itemListElement\":[{\"@type\":\"ListItem\",\"position\":1,\"name\":\"Portada\",\"item\":\"https:\\\/\\\/ppdegalicia.com\\\/es\\\/\"},{\"@type\":\"ListItem\",\"position\":2,\"name\":\"Puy traslada a satisfacci\u00f3n do GPP pola candidatura de Feij\u00f3o \u00e1 presidencia do PPdeG\"}]},{\"@type\":\"WebSite\",\"@id\":\"https:\\\/\\\/ppdegalicia.com\\\/es\\\/#website\",\"url\":\"https:\\\/\\\/ppdegalicia.com\\\/es\\\/\",\"name\":\"Partido Popular de Galicia\",\"description\":\"Partido Popular de Galicia\",\"publisher\":{\"@id\":\"https:\\\/\\\/ppdegalicia.com\\\/es\\\/#organization\"},\"alternateName\":\"PP de Galicia\",\"potentialAction\":[{\"@type\":\"SearchAction\",\"target\":{\"@type\":\"EntryPoint\",\"urlTemplate\":\"https:\\\/\\\/ppdegalicia.com\\\/es\\\/?s={search_term_string}\"},\"query-input\":{\"@type\":\"PropertyValueSpecification\",\"valueRequired\":true,\"valueName\":\"search_term_string\"}}],\"inLanguage\":\"es\"},{\"@type\":\"Organization\",\"@id\":\"https:\\\/\\\/ppdegalicia.com\\\/es\\\/#organization\",\"name\":\"Partido Popular de Galicia\",\"alternateName\":\"PP de Galicia\",\"url\":\"https:\\\/\\\/ppdegalicia.com\\\/es\\\/\",\"logo\":{\"@type\":\"ImageObject\",\"inLanguage\":\"es\",\"@id\":\"https:\\\/\\\/ppdegalicia.com\\\/es\\\/#\\\/schema\\\/logo\\\/image\\\/\",\"url\":\"https:\\\/\\\/ppdegalicia.com\\\/wp-content\\\/uploads\\\/2023\\\/04\\\/logoPP512.png\",\"contentUrl\":\"https:\\\/\\\/ppdegalicia.com\\\/wp-content\\\/uploads\\\/2023\\\/04\\\/logoPP512.png\",\"width\":512,\"height\":512,\"caption\":\"Partido Popular de Galicia\"},\"image\":{\"@id\":\"https:\\\/\\\/ppdegalicia.com\\\/es\\\/#\\\/schema\\\/logo\\\/image\\\/\"},\"sameAs\":[\"https:\\\/\\\/www.instagram.com\\\/ppdegalicia\\\/\",\"https:\\\/\\\/x.com\\\/ppdegalicia\",\"https:\\\/\\\/www.tiktok.com\\\/@ppdegalicia\",\"https:\\\/\\\/www.youtube.com\\\/user\\\/ppdegalicia\"]},{\"@type\":\"Person\",\"@id\":\"https:\\\/\\\/ppdegalicia.com\\\/es\\\/#\\\/schema\\\/person\\\/d0f013b8388c980665d44009ab762960\",\"name\":\"Super User\",\"image\":{\"@type\":\"ImageObject\",\"inLanguage\":\"es\",\"@id\":\"https:\\\/\\\/secure.gravatar.com\\\/avatar\\\/1db852625ef4948f58d2739bfbc51e4b9bd5c93b8fa340b59fdb594ca0845645?s=96&d=mm&r=g\",\"url\":\"https:\\\/\\\/secure.gravatar.com\\\/avatar\\\/1db852625ef4948f58d2739bfbc51e4b9bd5c93b8fa340b59fdb594ca0845645?s=96&d=mm&r=g\",\"contentUrl\":\"https:\\\/\\\/secure.gravatar.com\\\/avatar\\\/1db852625ef4948f58d2739bfbc51e4b9bd5c93b8fa340b59fdb594ca0845645?s=96&d=mm&r=g\",\"caption\":\"Super User\"},\"url\":\"https:\\\/\\\/ppdegalicia.com\\\/es\\\/author\\\/ppdegaliciagestion\\\/\"}]}<\/script>\n<!-- \/ Yoast SEO plugin. -->","yoast_head_json":{"title":"Puy traslada a satisfacci\u00f3n do GPP pola candidatura de Feij\u00f3o \u00e1 presidencia do PPdeG - PP de Galicia","robots":{"index":"index","follow":"follow","max-snippet":"max-snippet:-1","max-image-preview":"max-image-preview:large","max-video-preview":"max-video-preview:-1"},"canonical":"https:\/\/ppdegalicia.com\/es\/puy-traslada-a-satisfaccion-do-gpp-pola-candidatura-de-feijoo-a-presidencia-do-ppdeg\/","og_locale":"es_ES","og_type":"article","og_title":"Puy traslada a satisfacci\u00f3n do GPP pola candidatura de Feij\u00f3o \u00e1 presidencia do PPdeG - PP de Galicia","og_description":"PEDRO PUY TRASLADA A \u201cSATISFACCI\u00d3N\u201d DO GRUPO POPULAR POLA DECISI\u00d3N DE FEIJ\u00d3O DE PRESENTAR A S\u00daA CANDIDATURA \u00c1 PRESIDENCIA DO PPDEG \u00b7&nbsp;&nbsp; &nbsp;Fixo referencia ao calendario previsto do Congreso do PPdeG e ao traballo no Parlamento para afirmar que \u201cestamos traballando coa perspectiva de que as elecci\u00f3ns galegas sexan despois do ver\u00e1n, tendo sempre presente [&hellip;]","og_url":"https:\/\/ppdegalicia.com\/es\/puy-traslada-a-satisfaccion-do-gpp-pola-candidatura-de-feijoo-a-presidencia-do-ppdeg\/","og_site_name":"PP de Galicia","article_publisher":"https:\/\/www.instagram.com\/ppdegalicia\/","article_published_time":"2016-04-04T15:18:59+00:00","author":"Super User","twitter_card":"summary_large_image","twitter_creator":"@ppdegalicia","twitter_site":"@ppdegalicia","twitter_misc":{"Escrito por":"Super User","Tiempo de lectura":"4 minutos"},"schema":{"@context":"https:\/\/schema.org","@graph":[{"@type":"Article","@id":"https:\/\/ppdegalicia.com\/es\/puy-traslada-a-satisfaccion-do-gpp-pola-candidatura-de-feijoo-a-presidencia-do-ppdeg\/#article","isPartOf":{"@id":"https:\/\/ppdegalicia.com\/es\/puy-traslada-a-satisfaccion-do-gpp-pola-candidatura-de-feijoo-a-presidencia-do-ppdeg\/"},"author":{"name":"Super User","@id":"https:\/\/ppdegalicia.com\/es\/#\/schema\/person\/d0f013b8388c980665d44009ab762960"},"headline":"Puy traslada a satisfacci\u00f3n do GPP pola candidatura de Feij\u00f3o \u00e1 presidencia do PPdeG","datePublished":"2016-04-04T15:18:59+00:00","mainEntityOfPage":{"@id":"https:\/\/ppdegalicia.com\/es\/puy-traslada-a-satisfaccion-do-gpp-pola-candidatura-de-feijoo-a-presidencia-do-ppdeg\/"},"wordCount":716,"commentCount":0,"publisher":{"@id":"https:\/\/ppdegalicia.com\/es\/#organization"},"articleSection":["PP de Galicia"],"inLanguage":"es","potentialAction":[{"@type":"CommentAction","name":"Comment","target":["https:\/\/ppdegalicia.com\/es\/puy-traslada-a-satisfaccion-do-gpp-pola-candidatura-de-feijoo-a-presidencia-do-ppdeg\/#respond"]}]},{"@type":"WebPage","@id":"https:\/\/ppdegalicia.com\/es\/puy-traslada-a-satisfaccion-do-gpp-pola-candidatura-de-feijoo-a-presidencia-do-ppdeg\/","url":"https:\/\/ppdegalicia.com\/es\/puy-traslada-a-satisfaccion-do-gpp-pola-candidatura-de-feijoo-a-presidencia-do-ppdeg\/","name":"Puy traslada a satisfacci\u00f3n do GPP pola candidatura de Feij\u00f3o \u00e1 presidencia do PPdeG - PP de Galicia","isPartOf":{"@id":"https:\/\/ppdegalicia.com\/es\/#website"},"datePublished":"2016-04-04T15:18:59+00:00","breadcrumb":{"@id":"https:\/\/ppdegalicia.com\/es\/puy-traslada-a-satisfaccion-do-gpp-pola-candidatura-de-feijoo-a-presidencia-do-ppdeg\/#breadcrumb"},"inLanguage":"es","potentialAction":[{"@type":"ReadAction","target":["https:\/\/ppdegalicia.com\/es\/puy-traslada-a-satisfaccion-do-gpp-pola-candidatura-de-feijoo-a-presidencia-do-ppdeg\/"]}]},{"@type":"BreadcrumbList","@id":"https:\/\/ppdegalicia.com\/es\/puy-traslada-a-satisfaccion-do-gpp-pola-candidatura-de-feijoo-a-presidencia-do-ppdeg\/#breadcrumb","itemListElement":[{"@type":"ListItem","position":1,"name":"Portada","item":"https:\/\/ppdegalicia.com\/es\/"},{"@type":"ListItem","position":2,"name":"Puy traslada a satisfacci\u00f3n do GPP pola candidatura de Feij\u00f3o \u00e1 presidencia do PPdeG"}]},{"@type":"WebSite","@id":"https:\/\/ppdegalicia.com\/es\/#website","url":"https:\/\/ppdegalicia.com\/es\/","name":"Partido Popular de Galicia","description":"Partido Popular de Galicia","publisher":{"@id":"https:\/\/ppdegalicia.com\/es\/#organization"},"alternateName":"PP de Galicia","potentialAction":[{"@type":"SearchAction","target":{"@type":"EntryPoint","urlTemplate":"https:\/\/ppdegalicia.com\/es\/?s={search_term_string}"},"query-input":{"@type":"PropertyValueSpecification","valueRequired":true,"valueName":"search_term_string"}}],"inLanguage":"es"},{"@type":"Organization","@id":"https:\/\/ppdegalicia.com\/es\/#organization","name":"Partido Popular de Galicia","alternateName":"PP de Galicia","url":"https:\/\/ppdegalicia.com\/es\/","logo":{"@type":"ImageObject","inLanguage":"es","@id":"https:\/\/ppdegalicia.com\/es\/#\/schema\/logo\/image\/","url":"https:\/\/ppdegalicia.com\/wp-content\/uploads\/2023\/04\/logoPP512.png","contentUrl":"https:\/\/ppdegalicia.com\/wp-content\/uploads\/2023\/04\/logoPP512.png","width":512,"height":512,"caption":"Partido Popular de Galicia"},"image":{"@id":"https:\/\/ppdegalicia.com\/es\/#\/schema\/logo\/image\/"},"sameAs":["https:\/\/www.instagram.com\/ppdegalicia\/","https:\/\/x.com\/ppdegalicia","https:\/\/www.tiktok.com\/@ppdegalicia","https:\/\/www.youtube.com\/user\/ppdegalicia"]},{"@type":"Person","@id":"https:\/\/ppdegalicia.com\/es\/#\/schema\/person\/d0f013b8388c980665d44009ab762960","name":"Super User","image":{"@type":"ImageObject","inLanguage":"es","@id":"https:\/\/secure.gravatar.com\/avatar\/1db852625ef4948f58d2739bfbc51e4b9bd5c93b8fa340b59fdb594ca0845645?s=96&d=mm&r=g","url":"https:\/\/secure.gravatar.com\/avatar\/1db852625ef4948f58d2739bfbc51e4b9bd5c93b8fa340b59fdb594ca0845645?s=96&d=mm&r=g","contentUrl":"https:\/\/secure.gravatar.com\/avatar\/1db852625ef4948f58d2739bfbc51e4b9bd5c93b8fa340b59fdb594ca0845645?s=96&d=mm&r=g","caption":"Super User"},"url":"https:\/\/ppdegalicia.com\/es\/author\/ppdegaliciagestion\/"}]}},"_links":{"self":[{"href":"https:\/\/ppdegalicia.com\/es\/wp-json\/wp\/v2\/posts\/51828","targetHints":{"allow":["GET"]}}],"collection":[{"href":"https:\/\/ppdegalicia.com\/es\/wp-json\/wp\/v2\/posts"}],"about":[{"href":"https:\/\/ppdegalicia.com\/es\/wp-json\/wp\/v2\/types\/post"}],"author":[{"embeddable":true,"href":"https:\/\/ppdegalicia.com\/es\/wp-json\/wp\/v2\/users\/37"}],"replies":[{"embeddable":true,"href":"https:\/\/ppdegalicia.com\/es\/wp-json\/wp\/v2\/comments?post=51828"}],"version-history":[{"count":0,"href":"https:\/\/ppdegalicia.com\/es\/wp-json\/wp\/v2\/posts\/51828\/revisions"}],"wp:attachment":[{"href":"https:\/\/ppdegalicia.com\/es\/wp-json\/wp\/v2\/media?parent=51828"}],"wp:term":[{"taxonomy":"category","embeddable":true,"href":"https:\/\/ppdegalicia.com\/es\/wp-json\/wp\/v2\/categories?post=51828"},{"taxonomy":"post_tag","embeddable":true,"href":"https:\/\/ppdegalicia.com\/es\/wp-json\/wp\/v2\/tags?post=51828"}],"curies":[{"name":"wp","href":"https:\/\/api.w.org\/{rel}","templated":true}]}}