{"id":51834,"date":"2016-04-07T18:14:23","date_gmt":"2016-04-07T16:14:23","guid":{"rendered":"https:\/\/ppdegalicia.com\/feijoo-anuncia-unha-achega-de-66m-para-seguir-incrementando-medidas-de-conciliacion\/"},"modified":"2016-04-07T18:14:23","modified_gmt":"2016-04-07T16:14:23","slug":"feijoo-anuncia-unha-achega-de-66m-para-seguir-incrementando-medidas-de-conciliacion","status":"publish","type":"post","link":"https:\/\/ppdegalicia.com\/es\/feijoo-anuncia-unha-achega-de-66m-para-seguir-incrementando-medidas-de-conciliacion\/","title":{"rendered":"Feij\u00f3o anuncia unha achega de 66M\u20ac para seguir incrementando medidas de conciliaci\u00f3n"},"content":{"rendered":"<div style=\"text-align: justify;\"><b>Santiago, 7 de abril de 2016.- <\/b>O presidente do PPdeG, Alberto N\u00fa\u00f1ez Feij\u00f3o, avanzou hoxe unha achega de 66 mill\u00f3ns de euros para incrementar as medidas de conciliaci\u00f3n da vida familiar e laboral, que dean resposta a tres grandes retos: m\u00e1is e m\u00e1is diversos recursos de atenci\u00f3n aos nenos para que os seus pais poidan traballar; promover a conciliaci\u00f3n en determinados \u00e1mbitos, especialmente no \u00e1mbito empresarial; e que cada vez haxa unha maior concienciaci\u00f3n social que garanta a maior calidade de vida das familias.<\/div>\n<div style=\"text-align: justify;\"><\/div>\n<div style=\"text-align: justify;\">Nun primeiro termo, e no \u00e1mbito dos recursos, Feij\u00f3o afirmou que \u201cse chegar\u00e1 a un total de 22.316 prazas de garder\u00edas sostidas con fondos p\u00fablicos para o pr\u00f3ximo curso 2016-2017. \u201cIsto sup\u00f3n 1.871 novas prazas financiadas con fondos p\u00fablicos, \u00e9 dicir, un 9% m\u00e1is de prazas o pr\u00f3ximo curso que o curso actual. E, sup\u00f3n tam\u00e9n que Galicia supere a ratio recomendada pola UE que estaba no 33%, situ\u00e1ndonos no 37,3%\u201d, aseverou.<\/div>\n<div style=\"text-align: justify;\"><\/div>\n<div style=\"text-align: justify;\">Estas prazas estar\u00e1n \u00e1 disposici\u00f3n da poboaci\u00f3n a trav\u00e9s das escolas infant\u00eds de 0 a 3 anos, nas que se incl\u00faen a rede de escolas infant\u00eds dependente da Administraci\u00f3n auton\u00f3mica, que oferta 9.700 prazas en 166 centros; as 119 escolas infant\u00eds e puntos de atenci\u00f3n \u00e1 infancia de titularidade dos concellos nos que a Xunta contrib\u00fae ao seu financiamento; as 424 prazas concertadas en 23 centros privados; e as preto de 2.700 prazas nos 47 centros educativos dependentes de entidades de iniciativa social.<\/div>\n<div style=\"text-align: justify;\"><\/div>\n<div style=\"text-align: justify;\">As\u00ed mesmo, o mandatario afirmou que se por\u00e1 tam\u00e9n en funcionamento o Bono concilia, un programa de axudas econ\u00f3micas directas \u00e1s familias para colaborar no pago dunha praza de escola infantil naqueles casos que non a consigan nunha escola ou nun centro financiado con fondos p\u00fablicos, ou que residan nunha localidade na que non existen prazas p\u00fablicas. E do que se poder\u00e1n beneficiar arredor de 2.400 familias.<\/div>\n<div style=\"text-align: justify;\"><\/div>\n<div style=\"text-align: justify;\">Feij\u00f3o destacou ademais a posta en marcha de novos recursos e li\u00f1as de financiamento como o servizo de axuda no fogar infantil e o Bono coidado, as casas ni\u00f1o na contorna rural e escolas infant\u00eds en contornos empresariais.<\/div>\n<div style=\"text-align: justify;\"><\/div>\n<div style=\"text-align: justify;\"><b>Escolas infant\u00eds en contornos empresariais<\/b><\/div>\n<div style=\"text-align: justify;\">Sobre este \u00faltimo punto, o dirixente popular afirmou que a Xunta convocar\u00e1 subvenci\u00f3ns para financiar a construci\u00f3n de escolas infant\u00eds en pol\u00edgonos industriais, que ser\u00e1n xestionadas pola asociaci\u00f3n empresarial do pol\u00edgono. \u201cFinanciaremos unha escola infantil de tres unidades -41 prazas- en cada pol\u00edgono industrial que obte\u00f1a a subvenci\u00f3n\u201d, dixo, ao que engadiu que nos vindeiros anos 2016-2017 se espera financiar a posta en marcha de 7 escolas infant\u00eds destas caracter\u00edsticas.<\/div>\n<div style=\"text-align: justify;\"><\/div>\n<div style=\"text-align: justify;\">Neste obxectivo de implicar \u00e1s empresas na aposta pola conciliaci\u00f3n, Feij\u00f3o destacou a incorporaci\u00f3n de cl\u00e1usulas sociais en todas as licitaci\u00f3ns de contratos da Administraci\u00f3n auton\u00f3mica; \u201cde tal xeito que no caso de empate entre d\u00faas ofertas econ\u00f3micas de empresas que queiran prestar alg\u00fan tipo de contrataci\u00f3n na Xunta, ser\u00e1 motivo de desempate se esa empresa ten un plan de fomento de conciliaci\u00f3n dentro do seu cadro de persoal\u201d, precisou.<\/div>\n<div style=\"text-align: justify;\"><\/div>\n<div style=\"text-align: justify;\">O presidente afirmou que con todas estas medidas o obxectivo \u00e9 que Galicia sexa un lugar mellor para vivir, ter fillos e formar unha familia. E, nesta li\u00f1a explicou que todas elas forman parte do Programa de apoio \u00e1 natalidade e m\u00e1is concretamente \u00e1 iniciativa PAN Concilia.<\/div>\n","protected":false},"excerpt":{"rendered":"<p>Santiago, 7 de abril de 2016.- O presidente do PPdeG, Alberto N\u00fa\u00f1ez Feij\u00f3o, avanzou hoxe unha achega de 66 mill\u00f3ns de euros para incrementar as medidas de conciliaci\u00f3n da vida familiar e laboral, que dean resposta a tres grandes retos: m\u00e1is e m\u00e1is diversos recursos de atenci\u00f3n aos nenos para que os seus pais poidan [&hellip;]<\/p>\n","protected":false},"author":37,"featured_media":0,"comment_status":"open","ping_status":"open","sticky":false,"template":"","format":"standard","meta":{"_acf_changed":false,"footnotes":""},"categories":[1],"tags":[],"class_list":["post-51834","post","type-post","status-publish","format-standard","hentry","category-pp-de-galicia"],"acf":[],"yoast_head":"<!-- This site is optimized with the Yoast SEO plugin v27.3 - https:\/\/yoast.com\/product\/yoast-seo-wordpress\/ -->\n<title>Feij\u00f3o anuncia unha achega de 66M\u20ac para seguir incrementando medidas de conciliaci\u00f3n - PP de Galicia<\/title>\n<meta name=\"robots\" content=\"index, follow, max-snippet:-1, max-image-preview:large, max-video-preview:-1\" \/>\n<link rel=\"canonical\" href=\"https:\/\/ppdegalicia.com\/es\/feijoo-anuncia-unha-achega-de-66m-para-seguir-incrementando-medidas-de-conciliacion\/\" \/>\n<meta property=\"og:locale\" content=\"es_ES\" \/>\n<meta property=\"og:type\" content=\"article\" \/>\n<meta property=\"og:title\" content=\"Feij\u00f3o anuncia unha achega de 66M\u20ac para seguir incrementando medidas de conciliaci\u00f3n - PP de Galicia\" \/>\n<meta property=\"og:description\" content=\"Santiago, 7 de abril de 2016.- O presidente do PPdeG, Alberto N\u00fa\u00f1ez Feij\u00f3o, avanzou hoxe unha achega de 66 mill\u00f3ns de euros para incrementar as medidas de conciliaci\u00f3n da vida familiar e laboral, que dean resposta a tres grandes retos: m\u00e1is e m\u00e1is diversos recursos de atenci\u00f3n aos nenos para que os seus pais poidan [&hellip;]\" \/>\n<meta property=\"og:url\" content=\"https:\/\/ppdegalicia.com\/es\/feijoo-anuncia-unha-achega-de-66m-para-seguir-incrementando-medidas-de-conciliacion\/\" \/>\n<meta property=\"og:site_name\" content=\"PP de Galicia\" \/>\n<meta property=\"article:publisher\" content=\"https:\/\/www.instagram.com\/ppdegalicia\/\" \/>\n<meta property=\"article:published_time\" content=\"2016-04-07T16:14:23+00:00\" \/>\n<meta name=\"author\" content=\"Super User\" \/>\n<meta name=\"twitter:card\" content=\"summary_large_image\" \/>\n<meta name=\"twitter:creator\" content=\"@ppdegalicia\" \/>\n<meta name=\"twitter:site\" content=\"@ppdegalicia\" \/>\n<meta name=\"twitter:label1\" content=\"Escrito por\" \/>\n\t<meta name=\"twitter:data1\" content=\"Super User\" \/>\n\t<meta name=\"twitter:label2\" content=\"Tiempo de lectura\" \/>\n\t<meta name=\"twitter:data2\" content=\"3 minutos\" \/>\n<script type=\"application\/ld+json\" class=\"yoast-schema-graph\">{\"@context\":\"https:\\\/\\\/schema.org\",\"@graph\":[{\"@type\":\"Article\",\"@id\":\"https:\\\/\\\/ppdegalicia.com\\\/es\\\/feijoo-anuncia-unha-achega-de-66m-para-seguir-incrementando-medidas-de-conciliacion\\\/#article\",\"isPartOf\":{\"@id\":\"https:\\\/\\\/ppdegalicia.com\\\/es\\\/feijoo-anuncia-unha-achega-de-66m-para-seguir-incrementando-medidas-de-conciliacion\\\/\"},\"author\":{\"name\":\"Super User\",\"@id\":\"https:\\\/\\\/ppdegalicia.com\\\/es\\\/#\\\/schema\\\/person\\\/d0f013b8388c980665d44009ab762960\"},\"headline\":\"Feij\u00f3o anuncia unha achega de 66M\u20ac para seguir incrementando medidas de conciliaci\u00f3n\",\"datePublished\":\"2016-04-07T16:14:23+00:00\",\"mainEntityOfPage\":{\"@id\":\"https:\\\/\\\/ppdegalicia.com\\\/es\\\/feijoo-anuncia-unha-achega-de-66m-para-seguir-incrementando-medidas-de-conciliacion\\\/\"},\"wordCount\":594,\"commentCount\":0,\"publisher\":{\"@id\":\"https:\\\/\\\/ppdegalicia.com\\\/es\\\/#organization\"},\"articleSection\":[\"PP de Galicia\"],\"inLanguage\":\"es\",\"potentialAction\":[{\"@type\":\"CommentAction\",\"name\":\"Comment\",\"target\":[\"https:\\\/\\\/ppdegalicia.com\\\/es\\\/feijoo-anuncia-unha-achega-de-66m-para-seguir-incrementando-medidas-de-conciliacion\\\/#respond\"]}]},{\"@type\":\"WebPage\",\"@id\":\"https:\\\/\\\/ppdegalicia.com\\\/es\\\/feijoo-anuncia-unha-achega-de-66m-para-seguir-incrementando-medidas-de-conciliacion\\\/\",\"url\":\"https:\\\/\\\/ppdegalicia.com\\\/es\\\/feijoo-anuncia-unha-achega-de-66m-para-seguir-incrementando-medidas-de-conciliacion\\\/\",\"name\":\"Feij\u00f3o anuncia unha achega de 66M\u20ac para seguir incrementando medidas de conciliaci\u00f3n - PP de Galicia\",\"isPartOf\":{\"@id\":\"https:\\\/\\\/ppdegalicia.com\\\/es\\\/#website\"},\"datePublished\":\"2016-04-07T16:14:23+00:00\",\"breadcrumb\":{\"@id\":\"https:\\\/\\\/ppdegalicia.com\\\/es\\\/feijoo-anuncia-unha-achega-de-66m-para-seguir-incrementando-medidas-de-conciliacion\\\/#breadcrumb\"},\"inLanguage\":\"es\",\"potentialAction\":[{\"@type\":\"ReadAction\",\"target\":[\"https:\\\/\\\/ppdegalicia.com\\\/es\\\/feijoo-anuncia-unha-achega-de-66m-para-seguir-incrementando-medidas-de-conciliacion\\\/\"]}]},{\"@type\":\"BreadcrumbList\",\"@id\":\"https:\\\/\\\/ppdegalicia.com\\\/es\\\/feijoo-anuncia-unha-achega-de-66m-para-seguir-incrementando-medidas-de-conciliacion\\\/#breadcrumb\",\"itemListElement\":[{\"@type\":\"ListItem\",\"position\":1,\"name\":\"Portada\",\"item\":\"https:\\\/\\\/ppdegalicia.com\\\/es\\\/\"},{\"@type\":\"ListItem\",\"position\":2,\"name\":\"Feij\u00f3o anuncia unha achega de 66M\u20ac para seguir incrementando medidas de conciliaci\u00f3n\"}]},{\"@type\":\"WebSite\",\"@id\":\"https:\\\/\\\/ppdegalicia.com\\\/es\\\/#website\",\"url\":\"https:\\\/\\\/ppdegalicia.com\\\/es\\\/\",\"name\":\"Partido Popular de Galicia\",\"description\":\"Partido Popular de Galicia\",\"publisher\":{\"@id\":\"https:\\\/\\\/ppdegalicia.com\\\/es\\\/#organization\"},\"alternateName\":\"PP de Galicia\",\"potentialAction\":[{\"@type\":\"SearchAction\",\"target\":{\"@type\":\"EntryPoint\",\"urlTemplate\":\"https:\\\/\\\/ppdegalicia.com\\\/es\\\/?s={search_term_string}\"},\"query-input\":{\"@type\":\"PropertyValueSpecification\",\"valueRequired\":true,\"valueName\":\"search_term_string\"}}],\"inLanguage\":\"es\"},{\"@type\":\"Organization\",\"@id\":\"https:\\\/\\\/ppdegalicia.com\\\/es\\\/#organization\",\"name\":\"Partido Popular de Galicia\",\"alternateName\":\"PP de Galicia\",\"url\":\"https:\\\/\\\/ppdegalicia.com\\\/es\\\/\",\"logo\":{\"@type\":\"ImageObject\",\"inLanguage\":\"es\",\"@id\":\"https:\\\/\\\/ppdegalicia.com\\\/es\\\/#\\\/schema\\\/logo\\\/image\\\/\",\"url\":\"https:\\\/\\\/ppdegalicia.com\\\/wp-content\\\/uploads\\\/2023\\\/04\\\/logoPP512.png\",\"contentUrl\":\"https:\\\/\\\/ppdegalicia.com\\\/wp-content\\\/uploads\\\/2023\\\/04\\\/logoPP512.png\",\"width\":512,\"height\":512,\"caption\":\"Partido Popular de Galicia\"},\"image\":{\"@id\":\"https:\\\/\\\/ppdegalicia.com\\\/es\\\/#\\\/schema\\\/logo\\\/image\\\/\"},\"sameAs\":[\"https:\\\/\\\/www.instagram.com\\\/ppdegalicia\\\/\",\"https:\\\/\\\/x.com\\\/ppdegalicia\",\"https:\\\/\\\/www.tiktok.com\\\/@ppdegalicia\",\"https:\\\/\\\/www.youtube.com\\\/user\\\/ppdegalicia\"]},{\"@type\":\"Person\",\"@id\":\"https:\\\/\\\/ppdegalicia.com\\\/es\\\/#\\\/schema\\\/person\\\/d0f013b8388c980665d44009ab762960\",\"name\":\"Super User\",\"image\":{\"@type\":\"ImageObject\",\"inLanguage\":\"es\",\"@id\":\"https:\\\/\\\/secure.gravatar.com\\\/avatar\\\/1db852625ef4948f58d2739bfbc51e4b9bd5c93b8fa340b59fdb594ca0845645?s=96&d=mm&r=g\",\"url\":\"https:\\\/\\\/secure.gravatar.com\\\/avatar\\\/1db852625ef4948f58d2739bfbc51e4b9bd5c93b8fa340b59fdb594ca0845645?s=96&d=mm&r=g\",\"contentUrl\":\"https:\\\/\\\/secure.gravatar.com\\\/avatar\\\/1db852625ef4948f58d2739bfbc51e4b9bd5c93b8fa340b59fdb594ca0845645?s=96&d=mm&r=g\",\"caption\":\"Super User\"},\"url\":\"https:\\\/\\\/ppdegalicia.com\\\/es\\\/author\\\/ppdegaliciagestion\\\/\"}]}<\/script>\n<!-- \/ Yoast SEO plugin. -->","yoast_head_json":{"title":"Feij\u00f3o anuncia unha achega de 66M\u20ac para seguir incrementando medidas de conciliaci\u00f3n - PP de Galicia","robots":{"index":"index","follow":"follow","max-snippet":"max-snippet:-1","max-image-preview":"max-image-preview:large","max-video-preview":"max-video-preview:-1"},"canonical":"https:\/\/ppdegalicia.com\/es\/feijoo-anuncia-unha-achega-de-66m-para-seguir-incrementando-medidas-de-conciliacion\/","og_locale":"es_ES","og_type":"article","og_title":"Feij\u00f3o anuncia unha achega de 66M\u20ac para seguir incrementando medidas de conciliaci\u00f3n - PP de Galicia","og_description":"Santiago, 7 de abril de 2016.- O presidente do PPdeG, Alberto N\u00fa\u00f1ez Feij\u00f3o, avanzou hoxe unha achega de 66 mill\u00f3ns de euros para incrementar as medidas de conciliaci\u00f3n da vida familiar e laboral, que dean resposta a tres grandes retos: m\u00e1is e m\u00e1is diversos recursos de atenci\u00f3n aos nenos para que os seus pais poidan [&hellip;]","og_url":"https:\/\/ppdegalicia.com\/es\/feijoo-anuncia-unha-achega-de-66m-para-seguir-incrementando-medidas-de-conciliacion\/","og_site_name":"PP de Galicia","article_publisher":"https:\/\/www.instagram.com\/ppdegalicia\/","article_published_time":"2016-04-07T16:14:23+00:00","author":"Super User","twitter_card":"summary_large_image","twitter_creator":"@ppdegalicia","twitter_site":"@ppdegalicia","twitter_misc":{"Escrito por":"Super User","Tiempo de lectura":"3 minutos"},"schema":{"@context":"https:\/\/schema.org","@graph":[{"@type":"Article","@id":"https:\/\/ppdegalicia.com\/es\/feijoo-anuncia-unha-achega-de-66m-para-seguir-incrementando-medidas-de-conciliacion\/#article","isPartOf":{"@id":"https:\/\/ppdegalicia.com\/es\/feijoo-anuncia-unha-achega-de-66m-para-seguir-incrementando-medidas-de-conciliacion\/"},"author":{"name":"Super User","@id":"https:\/\/ppdegalicia.com\/es\/#\/schema\/person\/d0f013b8388c980665d44009ab762960"},"headline":"Feij\u00f3o anuncia unha achega de 66M\u20ac para seguir incrementando medidas de conciliaci\u00f3n","datePublished":"2016-04-07T16:14:23+00:00","mainEntityOfPage":{"@id":"https:\/\/ppdegalicia.com\/es\/feijoo-anuncia-unha-achega-de-66m-para-seguir-incrementando-medidas-de-conciliacion\/"},"wordCount":594,"commentCount":0,"publisher":{"@id":"https:\/\/ppdegalicia.com\/es\/#organization"},"articleSection":["PP de Galicia"],"inLanguage":"es","potentialAction":[{"@type":"CommentAction","name":"Comment","target":["https:\/\/ppdegalicia.com\/es\/feijoo-anuncia-unha-achega-de-66m-para-seguir-incrementando-medidas-de-conciliacion\/#respond"]}]},{"@type":"WebPage","@id":"https:\/\/ppdegalicia.com\/es\/feijoo-anuncia-unha-achega-de-66m-para-seguir-incrementando-medidas-de-conciliacion\/","url":"https:\/\/ppdegalicia.com\/es\/feijoo-anuncia-unha-achega-de-66m-para-seguir-incrementando-medidas-de-conciliacion\/","name":"Feij\u00f3o anuncia unha achega de 66M\u20ac para seguir incrementando medidas de conciliaci\u00f3n - PP de Galicia","isPartOf":{"@id":"https:\/\/ppdegalicia.com\/es\/#website"},"datePublished":"2016-04-07T16:14:23+00:00","breadcrumb":{"@id":"https:\/\/ppdegalicia.com\/es\/feijoo-anuncia-unha-achega-de-66m-para-seguir-incrementando-medidas-de-conciliacion\/#breadcrumb"},"inLanguage":"es","potentialAction":[{"@type":"ReadAction","target":["https:\/\/ppdegalicia.com\/es\/feijoo-anuncia-unha-achega-de-66m-para-seguir-incrementando-medidas-de-conciliacion\/"]}]},{"@type":"BreadcrumbList","@id":"https:\/\/ppdegalicia.com\/es\/feijoo-anuncia-unha-achega-de-66m-para-seguir-incrementando-medidas-de-conciliacion\/#breadcrumb","itemListElement":[{"@type":"ListItem","position":1,"name":"Portada","item":"https:\/\/ppdegalicia.com\/es\/"},{"@type":"ListItem","position":2,"name":"Feij\u00f3o anuncia unha achega de 66M\u20ac para seguir incrementando medidas de conciliaci\u00f3n"}]},{"@type":"WebSite","@id":"https:\/\/ppdegalicia.com\/es\/#website","url":"https:\/\/ppdegalicia.com\/es\/","name":"Partido Popular de Galicia","description":"Partido Popular de Galicia","publisher":{"@id":"https:\/\/ppdegalicia.com\/es\/#organization"},"alternateName":"PP de Galicia","potentialAction":[{"@type":"SearchAction","target":{"@type":"EntryPoint","urlTemplate":"https:\/\/ppdegalicia.com\/es\/?s={search_term_string}"},"query-input":{"@type":"PropertyValueSpecification","valueRequired":true,"valueName":"search_term_string"}}],"inLanguage":"es"},{"@type":"Organization","@id":"https:\/\/ppdegalicia.com\/es\/#organization","name":"Partido Popular de Galicia","alternateName":"PP de Galicia","url":"https:\/\/ppdegalicia.com\/es\/","logo":{"@type":"ImageObject","inLanguage":"es","@id":"https:\/\/ppdegalicia.com\/es\/#\/schema\/logo\/image\/","url":"https:\/\/ppdegalicia.com\/wp-content\/uploads\/2023\/04\/logoPP512.png","contentUrl":"https:\/\/ppdegalicia.com\/wp-content\/uploads\/2023\/04\/logoPP512.png","width":512,"height":512,"caption":"Partido Popular de Galicia"},"image":{"@id":"https:\/\/ppdegalicia.com\/es\/#\/schema\/logo\/image\/"},"sameAs":["https:\/\/www.instagram.com\/ppdegalicia\/","https:\/\/x.com\/ppdegalicia","https:\/\/www.tiktok.com\/@ppdegalicia","https:\/\/www.youtube.com\/user\/ppdegalicia"]},{"@type":"Person","@id":"https:\/\/ppdegalicia.com\/es\/#\/schema\/person\/d0f013b8388c980665d44009ab762960","name":"Super User","image":{"@type":"ImageObject","inLanguage":"es","@id":"https:\/\/secure.gravatar.com\/avatar\/1db852625ef4948f58d2739bfbc51e4b9bd5c93b8fa340b59fdb594ca0845645?s=96&d=mm&r=g","url":"https:\/\/secure.gravatar.com\/avatar\/1db852625ef4948f58d2739bfbc51e4b9bd5c93b8fa340b59fdb594ca0845645?s=96&d=mm&r=g","contentUrl":"https:\/\/secure.gravatar.com\/avatar\/1db852625ef4948f58d2739bfbc51e4b9bd5c93b8fa340b59fdb594ca0845645?s=96&d=mm&r=g","caption":"Super User"},"url":"https:\/\/ppdegalicia.com\/es\/author\/ppdegaliciagestion\/"}]}},"_links":{"self":[{"href":"https:\/\/ppdegalicia.com\/es\/wp-json\/wp\/v2\/posts\/51834","targetHints":{"allow":["GET"]}}],"collection":[{"href":"https:\/\/ppdegalicia.com\/es\/wp-json\/wp\/v2\/posts"}],"about":[{"href":"https:\/\/ppdegalicia.com\/es\/wp-json\/wp\/v2\/types\/post"}],"author":[{"embeddable":true,"href":"https:\/\/ppdegalicia.com\/es\/wp-json\/wp\/v2\/users\/37"}],"replies":[{"embeddable":true,"href":"https:\/\/ppdegalicia.com\/es\/wp-json\/wp\/v2\/comments?post=51834"}],"version-history":[{"count":0,"href":"https:\/\/ppdegalicia.com\/es\/wp-json\/wp\/v2\/posts\/51834\/revisions"}],"wp:attachment":[{"href":"https:\/\/ppdegalicia.com\/es\/wp-json\/wp\/v2\/media?parent=51834"}],"wp:term":[{"taxonomy":"category","embeddable":true,"href":"https:\/\/ppdegalicia.com\/es\/wp-json\/wp\/v2\/categories?post=51834"},{"taxonomy":"post_tag","embeddable":true,"href":"https:\/\/ppdegalicia.com\/es\/wp-json\/wp\/v2\/tags?post=51834"}],"curies":[{"name":"wp","href":"https:\/\/api.w.org\/{rel}","templated":true}]}}