{"id":51854,"date":"2016-05-07T21:03:02","date_gmt":"2016-05-07T19:03:02","guid":{"rendered":"https:\/\/ppdegalicia.com\/feijoo-pide-o-voto-para-a-sua-candidatura-coa-ilusion-do-primeiro-dia\/"},"modified":"2016-05-07T21:03:02","modified_gmt":"2016-05-07T19:03:02","slug":"feijoo-pide-o-voto-para-a-sua-candidatura-coa-ilusion-do-primeiro-dia","status":"publish","type":"post","link":"https:\/\/ppdegalicia.com\/es\/feijoo-pide-o-voto-para-a-sua-candidatura-coa-ilusion-do-primeiro-dia\/","title":{"rendered":"Feij\u00f3o pide o voto para a s\u00faa candidatura coa \u201cilusi\u00f3n do primeiro d\u00eda\u201d"},"content":{"rendered":"<div><font size=\"3\"><b>Ourense, 7 de maio de 2016.-.<\/b> Alberto N\u00fa\u00f1ez Feij\u00f3o pediu hoxe o voto para a s\u00faa candidatura \u00e1 Presidencia do PPdeG coa \u201cilusi\u00f3n do primeiro d\u00eda\u201d e o compromiso do m\u00e1ximo esforzo e implicaci\u00f3n por unha Galicia aberta e renovada onde te\u00f1en sitio todos os galegos. Compromiso que, como indicou, agarda tam\u00e9n por parte da militancia, \u201cporque \u2013incidiu- vos necesito\u201d.<\/font><\/div>\n<div><font size=\"3\"><br \/><\/font><\/div>\n<div><font size=\"3\">\u201cDou a cara e pido o voto dos militantes do PPdeG porque me sinto lexitimado para pedir o voto de todos os galegos\u201d, aseguraba o dirixente popular no marco do Congreso auton\u00f3mico dos populares galegos, onde destacou que se sent\u00eda igual de agradecido e ilusionado que hai dez anos, cando iniciou a s\u00faa etapa como presidente da formaci\u00f3n.<\/font><\/div>\n<div><font size=\"3\"><br \/><\/font><\/div>\n<div><font size=\"3\">Con respecto a isto, Feij\u00f3o sinalou que a principal diferenza entre a primeira vez que presentou a s\u00faa candidatura \u00e1 Presidencia do partido e a actual \u00e9 a fe que ten en que os populares van a lograr o que se propo\u00f1en: \u201cConvencido, en definitiva, de que, por moi dif\u00edcil que pareza, por terceira vez consecutiva imos volver gobernar Galicia, cos votos libres e democr\u00e1ticos dos galegos\u201d.&nbsp;<\/font><\/div>\n<div><font size=\"3\"><br \/><\/font><\/div>\n<div><font size=\"3\">Baixo a s\u00faa opini\u00f3n, no PPdeG hai futuro, como as\u00ed o demostra a nova xeraci\u00f3n de homes e mulleres que queren participar en pol\u00edtica e as galegas e galegos que, cando pensan en pol\u00edtica responsable, pensan \u201cneste partido que naceu en Galicia, no PPdeG\u201d.<\/font><\/div>\n<div><font size=\"3\"><br \/><\/font><\/div>\n<div><font size=\"3\">Neste senso, asegurou que volve a presentarse como candidato porque cree en Galicia e quere a Galicia; porque hai un equipo \u201cdisposto a ga\u00f1ar o partido\u201d; porque non lle gusta a pol\u00edtica actual e quere contribu\u00edr a mudala; e porque Galicia non a cambia por nada. Como sinalou, alg\u00fans dic\u00edan que \u201cnon estar\u00eda aqu\u00ed se pensara que vou perder. Pois que saquen as s\u00faas conclusi\u00f3ns porque hoxe volvo estar aqu\u00ed\u201d.<\/font><\/div>\n<div><font size=\"3\"><br \/><\/font><\/div>\n<div><font size=\"3\">SOBRE A OPOSICI\u00d3N<\/font><\/div>\n<div><font size=\"3\">Feij\u00f3o pediu aos populares desenvolver o seu propio modelo de pol\u00edtica porque noutros partidos non van atopar nada bo que os inspire, como sucede no PSOE, que quen se quere facer co control n\u00e9gase a dar a cara e busca desesperadamente a un candidato que se esnafre no seu lugar.<\/font><\/div>\n<div><font size=\"3\"><br \/><\/font><\/div>\n<div><font size=\"3\">Por outra banda, sinalou que Podemos e Ciudadanos tampouco poden ser fonte de inspiraci\u00f3n porque o PPdeG non queren que o controlen cun mando a distancia desde Madrid ou Barcelona.&nbsp;<\/font><\/div>\n<div><font size=\"3\"><br \/><\/font><\/div>\n<div><font size=\"3\">Pola contra, cre que no PPdeG hai un partido que co\u00f1ece Galicia e un candidato que da a cara porque cre nas posibilidades deste pa\u00eds e no proxecto que os populares poden ofrecerlle nos vindeiros catro anos.&nbsp;<\/font><\/div>\n<div><font size=\"3\"><br \/><\/font><\/div>\n<div><font size=\"3\">O PROXECTO DO PPdeG \u00c9 PARA TODOS &nbsp;<\/font><\/div>\n<div><font size=\"3\">Feij\u00f3o pediu aos militantes non s\u00f3 o voto para a s\u00faa candidatura sen\u00f3n tam\u00e9n o seu compromiso firme do m\u00e1ximo esforzo e da m\u00e1xima implicaci\u00f3n, posto que a s\u00faa forma de entender pol\u00edtica e a car\u00f3n das persoas que conforman o partido. Por iso, apuntou que non se presenta a este congreso para ser o comandante ante o que todos deben pechar os ollos e dicirlle \u2018si\u2019, sen\u00f3n como un militante de Galicia, aberto \u00e1s cr\u00edticas e ao servizo de todos.<\/font><\/div>\n<div><font size=\"3\"><br \/><\/font><\/div>\n<div><font size=\"3\">Nesta li\u00f1a, o candidato \u00e1 Presidencia do PPdeG asegurou que non se presenta contra ningu\u00e9n, sen\u00f3n a favor de todos: dos votantes do partido, dos que deixaron de darlle a s\u00faa confianza, dos que nunca o votaron, dos que est\u00e1n pensando en votalo por primeira vez e dos que nunca o votaron nin o votar\u00e1n.<\/font><\/div>\n<div><font size=\"3\"><br \/><\/font><\/div>\n<div><font size=\"3\">As\u00ed mesmo, sinalou que o PPdeG \u00e9 o partido que m\u00e1is se parece a Galicia e por iso aposta por un partido unido, porque non quere unha Galicia dividida; quere un partido que conta cos mozos, porque quere unha Galicia con futuro; quere un partido rural, porque Galicia naceu no rural e no mar; quere un partido que coida aos seus maiores, porque quere unha Galicia que non lle perda o respecto aos que fixeron posible todo o que somos; e quere un partido renovado para unha Galicia \u201cque se vaia renovando\u201d.<\/font><\/div>\n<div><font size=\"3\"><br \/><\/font><\/div>\n<div><font size=\"3\">LEMBRANZAS E AGRADECEMENTOS<\/font><\/div>\n<div><font size=\"3\">Feij\u00f3o tam\u00e9n aproveitou a s\u00faa intervenci\u00f3n para lembrar a d\u00faas persoas \u201c\u00e1s que lle debemos case todo o que \u00e9 este partido\u201d, que son Xerardo Fern\u00e1ndez Albor e Manuel Fraga Iribarne. Do mesmo xeito, agradeceu o traballo de todas as persoas que o acompa\u00f1aron desde os seus inicios no partido como son Alfonso Rueda, de quen asegurou que non s\u00f3 foi o secretario xeral con m\u00e1is tempo no cargo sen\u00f3n que, baixo o seu punto de vista, foi o mellor.&nbsp;<\/font><\/div>\n<div><\/div>\n","protected":false},"excerpt":{"rendered":"<p>Ourense, 7 de maio de 2016.-. Alberto N\u00fa\u00f1ez Feij\u00f3o pediu hoxe o voto para a s\u00faa candidatura \u00e1 Presidencia do PPdeG coa \u201cilusi\u00f3n do primeiro d\u00eda\u201d e o compromiso do m\u00e1ximo esforzo e implicaci\u00f3n por unha Galicia aberta e renovada onde te\u00f1en sitio todos os galegos. Compromiso que, como indicou, agarda tam\u00e9n por parte da [&hellip;]<\/p>\n","protected":false},"author":37,"featured_media":0,"comment_status":"open","ping_status":"open","sticky":false,"template":"","format":"standard","meta":{"_acf_changed":false,"footnotes":""},"categories":[1],"tags":[],"class_list":["post-51854","post","type-post","status-publish","format-standard","hentry","category-pp-de-galicia"],"acf":[],"yoast_head":"<!-- This site is optimized with the Yoast SEO plugin v27.3 - https:\/\/yoast.com\/product\/yoast-seo-wordpress\/ -->\n<title>Feij\u00f3o pide o voto para a s\u00faa candidatura coa \u201cilusi\u00f3n do primeiro d\u00eda\u201d - PP de Galicia<\/title>\n<meta name=\"robots\" content=\"index, follow, max-snippet:-1, max-image-preview:large, max-video-preview:-1\" \/>\n<link rel=\"canonical\" href=\"https:\/\/ppdegalicia.com\/es\/feijoo-pide-o-voto-para-a-sua-candidatura-coa-ilusion-do-primeiro-dia\/\" \/>\n<meta property=\"og:locale\" content=\"es_ES\" \/>\n<meta property=\"og:type\" content=\"article\" \/>\n<meta property=\"og:title\" content=\"Feij\u00f3o pide o voto para a s\u00faa candidatura coa \u201cilusi\u00f3n do primeiro d\u00eda\u201d - PP de Galicia\" \/>\n<meta property=\"og:description\" content=\"Ourense, 7 de maio de 2016.-. Alberto N\u00fa\u00f1ez Feij\u00f3o pediu hoxe o voto para a s\u00faa candidatura \u00e1 Presidencia do PPdeG coa \u201cilusi\u00f3n do primeiro d\u00eda\u201d e o compromiso do m\u00e1ximo esforzo e implicaci\u00f3n por unha Galicia aberta e renovada onde te\u00f1en sitio todos os galegos. Compromiso que, como indicou, agarda tam\u00e9n por parte da [&hellip;]\" \/>\n<meta property=\"og:url\" content=\"https:\/\/ppdegalicia.com\/es\/feijoo-pide-o-voto-para-a-sua-candidatura-coa-ilusion-do-primeiro-dia\/\" \/>\n<meta property=\"og:site_name\" content=\"PP de Galicia\" \/>\n<meta property=\"article:publisher\" content=\"https:\/\/www.instagram.com\/ppdegalicia\/\" \/>\n<meta property=\"article:published_time\" content=\"2016-05-07T19:03:02+00:00\" \/>\n<meta name=\"author\" content=\"Super User\" \/>\n<meta name=\"twitter:card\" content=\"summary_large_image\" \/>\n<meta name=\"twitter:creator\" content=\"@ppdegalicia\" \/>\n<meta name=\"twitter:site\" content=\"@ppdegalicia\" \/>\n<meta name=\"twitter:label1\" content=\"Escrito por\" \/>\n\t<meta name=\"twitter:data1\" content=\"Super User\" \/>\n\t<meta name=\"twitter:label2\" content=\"Tiempo de lectura\" \/>\n\t<meta name=\"twitter:data2\" content=\"4 minutos\" \/>\n<script type=\"application\/ld+json\" class=\"yoast-schema-graph\">{\"@context\":\"https:\\\/\\\/schema.org\",\"@graph\":[{\"@type\":\"Article\",\"@id\":\"https:\\\/\\\/ppdegalicia.com\\\/es\\\/feijoo-pide-o-voto-para-a-sua-candidatura-coa-ilusion-do-primeiro-dia\\\/#article\",\"isPartOf\":{\"@id\":\"https:\\\/\\\/ppdegalicia.com\\\/es\\\/feijoo-pide-o-voto-para-a-sua-candidatura-coa-ilusion-do-primeiro-dia\\\/\"},\"author\":{\"name\":\"Super User\",\"@id\":\"https:\\\/\\\/ppdegalicia.com\\\/es\\\/#\\\/schema\\\/person\\\/d0f013b8388c980665d44009ab762960\"},\"headline\":\"Feij\u00f3o pide o voto para a s\u00faa candidatura coa \u201cilusi\u00f3n do primeiro d\u00eda\u201d\",\"datePublished\":\"2016-05-07T19:03:02+00:00\",\"mainEntityOfPage\":{\"@id\":\"https:\\\/\\\/ppdegalicia.com\\\/es\\\/feijoo-pide-o-voto-para-a-sua-candidatura-coa-ilusion-do-primeiro-dia\\\/\"},\"wordCount\":817,\"commentCount\":0,\"publisher\":{\"@id\":\"https:\\\/\\\/ppdegalicia.com\\\/es\\\/#organization\"},\"articleSection\":[\"PP de Galicia\"],\"inLanguage\":\"es\",\"potentialAction\":[{\"@type\":\"CommentAction\",\"name\":\"Comment\",\"target\":[\"https:\\\/\\\/ppdegalicia.com\\\/es\\\/feijoo-pide-o-voto-para-a-sua-candidatura-coa-ilusion-do-primeiro-dia\\\/#respond\"]}]},{\"@type\":\"WebPage\",\"@id\":\"https:\\\/\\\/ppdegalicia.com\\\/es\\\/feijoo-pide-o-voto-para-a-sua-candidatura-coa-ilusion-do-primeiro-dia\\\/\",\"url\":\"https:\\\/\\\/ppdegalicia.com\\\/es\\\/feijoo-pide-o-voto-para-a-sua-candidatura-coa-ilusion-do-primeiro-dia\\\/\",\"name\":\"Feij\u00f3o pide o voto para a s\u00faa candidatura coa \u201cilusi\u00f3n do primeiro d\u00eda\u201d - PP de Galicia\",\"isPartOf\":{\"@id\":\"https:\\\/\\\/ppdegalicia.com\\\/es\\\/#website\"},\"datePublished\":\"2016-05-07T19:03:02+00:00\",\"breadcrumb\":{\"@id\":\"https:\\\/\\\/ppdegalicia.com\\\/es\\\/feijoo-pide-o-voto-para-a-sua-candidatura-coa-ilusion-do-primeiro-dia\\\/#breadcrumb\"},\"inLanguage\":\"es\",\"potentialAction\":[{\"@type\":\"ReadAction\",\"target\":[\"https:\\\/\\\/ppdegalicia.com\\\/es\\\/feijoo-pide-o-voto-para-a-sua-candidatura-coa-ilusion-do-primeiro-dia\\\/\"]}]},{\"@type\":\"BreadcrumbList\",\"@id\":\"https:\\\/\\\/ppdegalicia.com\\\/es\\\/feijoo-pide-o-voto-para-a-sua-candidatura-coa-ilusion-do-primeiro-dia\\\/#breadcrumb\",\"itemListElement\":[{\"@type\":\"ListItem\",\"position\":1,\"name\":\"Portada\",\"item\":\"https:\\\/\\\/ppdegalicia.com\\\/es\\\/\"},{\"@type\":\"ListItem\",\"position\":2,\"name\":\"Feij\u00f3o pide o voto para a s\u00faa candidatura coa \u201cilusi\u00f3n do primeiro d\u00eda\u201d\"}]},{\"@type\":\"WebSite\",\"@id\":\"https:\\\/\\\/ppdegalicia.com\\\/es\\\/#website\",\"url\":\"https:\\\/\\\/ppdegalicia.com\\\/es\\\/\",\"name\":\"Partido Popular de Galicia\",\"description\":\"Partido Popular de Galicia\",\"publisher\":{\"@id\":\"https:\\\/\\\/ppdegalicia.com\\\/es\\\/#organization\"},\"alternateName\":\"PP de Galicia\",\"potentialAction\":[{\"@type\":\"SearchAction\",\"target\":{\"@type\":\"EntryPoint\",\"urlTemplate\":\"https:\\\/\\\/ppdegalicia.com\\\/es\\\/?s={search_term_string}\"},\"query-input\":{\"@type\":\"PropertyValueSpecification\",\"valueRequired\":true,\"valueName\":\"search_term_string\"}}],\"inLanguage\":\"es\"},{\"@type\":\"Organization\",\"@id\":\"https:\\\/\\\/ppdegalicia.com\\\/es\\\/#organization\",\"name\":\"Partido Popular de Galicia\",\"alternateName\":\"PP de Galicia\",\"url\":\"https:\\\/\\\/ppdegalicia.com\\\/es\\\/\",\"logo\":{\"@type\":\"ImageObject\",\"inLanguage\":\"es\",\"@id\":\"https:\\\/\\\/ppdegalicia.com\\\/es\\\/#\\\/schema\\\/logo\\\/image\\\/\",\"url\":\"https:\\\/\\\/ppdegalicia.com\\\/wp-content\\\/uploads\\\/2023\\\/04\\\/logoPP512.png\",\"contentUrl\":\"https:\\\/\\\/ppdegalicia.com\\\/wp-content\\\/uploads\\\/2023\\\/04\\\/logoPP512.png\",\"width\":512,\"height\":512,\"caption\":\"Partido Popular de Galicia\"},\"image\":{\"@id\":\"https:\\\/\\\/ppdegalicia.com\\\/es\\\/#\\\/schema\\\/logo\\\/image\\\/\"},\"sameAs\":[\"https:\\\/\\\/www.instagram.com\\\/ppdegalicia\\\/\",\"https:\\\/\\\/x.com\\\/ppdegalicia\",\"https:\\\/\\\/www.tiktok.com\\\/@ppdegalicia\",\"https:\\\/\\\/www.youtube.com\\\/user\\\/ppdegalicia\"]},{\"@type\":\"Person\",\"@id\":\"https:\\\/\\\/ppdegalicia.com\\\/es\\\/#\\\/schema\\\/person\\\/d0f013b8388c980665d44009ab762960\",\"name\":\"Super User\",\"image\":{\"@type\":\"ImageObject\",\"inLanguage\":\"es\",\"@id\":\"https:\\\/\\\/secure.gravatar.com\\\/avatar\\\/1db852625ef4948f58d2739bfbc51e4b9bd5c93b8fa340b59fdb594ca0845645?s=96&d=mm&r=g\",\"url\":\"https:\\\/\\\/secure.gravatar.com\\\/avatar\\\/1db852625ef4948f58d2739bfbc51e4b9bd5c93b8fa340b59fdb594ca0845645?s=96&d=mm&r=g\",\"contentUrl\":\"https:\\\/\\\/secure.gravatar.com\\\/avatar\\\/1db852625ef4948f58d2739bfbc51e4b9bd5c93b8fa340b59fdb594ca0845645?s=96&d=mm&r=g\",\"caption\":\"Super User\"},\"url\":\"https:\\\/\\\/ppdegalicia.com\\\/es\\\/author\\\/ppdegaliciagestion\\\/\"}]}<\/script>\n<!-- \/ Yoast SEO plugin. -->","yoast_head_json":{"title":"Feij\u00f3o pide o voto para a s\u00faa candidatura coa \u201cilusi\u00f3n do primeiro d\u00eda\u201d - PP de Galicia","robots":{"index":"index","follow":"follow","max-snippet":"max-snippet:-1","max-image-preview":"max-image-preview:large","max-video-preview":"max-video-preview:-1"},"canonical":"https:\/\/ppdegalicia.com\/es\/feijoo-pide-o-voto-para-a-sua-candidatura-coa-ilusion-do-primeiro-dia\/","og_locale":"es_ES","og_type":"article","og_title":"Feij\u00f3o pide o voto para a s\u00faa candidatura coa \u201cilusi\u00f3n do primeiro d\u00eda\u201d - PP de Galicia","og_description":"Ourense, 7 de maio de 2016.-. Alberto N\u00fa\u00f1ez Feij\u00f3o pediu hoxe o voto para a s\u00faa candidatura \u00e1 Presidencia do PPdeG coa \u201cilusi\u00f3n do primeiro d\u00eda\u201d e o compromiso do m\u00e1ximo esforzo e implicaci\u00f3n por unha Galicia aberta e renovada onde te\u00f1en sitio todos os galegos. Compromiso que, como indicou, agarda tam\u00e9n por parte da [&hellip;]","og_url":"https:\/\/ppdegalicia.com\/es\/feijoo-pide-o-voto-para-a-sua-candidatura-coa-ilusion-do-primeiro-dia\/","og_site_name":"PP de Galicia","article_publisher":"https:\/\/www.instagram.com\/ppdegalicia\/","article_published_time":"2016-05-07T19:03:02+00:00","author":"Super User","twitter_card":"summary_large_image","twitter_creator":"@ppdegalicia","twitter_site":"@ppdegalicia","twitter_misc":{"Escrito por":"Super User","Tiempo de lectura":"4 minutos"},"schema":{"@context":"https:\/\/schema.org","@graph":[{"@type":"Article","@id":"https:\/\/ppdegalicia.com\/es\/feijoo-pide-o-voto-para-a-sua-candidatura-coa-ilusion-do-primeiro-dia\/#article","isPartOf":{"@id":"https:\/\/ppdegalicia.com\/es\/feijoo-pide-o-voto-para-a-sua-candidatura-coa-ilusion-do-primeiro-dia\/"},"author":{"name":"Super User","@id":"https:\/\/ppdegalicia.com\/es\/#\/schema\/person\/d0f013b8388c980665d44009ab762960"},"headline":"Feij\u00f3o pide o voto para a s\u00faa candidatura coa \u201cilusi\u00f3n do primeiro d\u00eda\u201d","datePublished":"2016-05-07T19:03:02+00:00","mainEntityOfPage":{"@id":"https:\/\/ppdegalicia.com\/es\/feijoo-pide-o-voto-para-a-sua-candidatura-coa-ilusion-do-primeiro-dia\/"},"wordCount":817,"commentCount":0,"publisher":{"@id":"https:\/\/ppdegalicia.com\/es\/#organization"},"articleSection":["PP de Galicia"],"inLanguage":"es","potentialAction":[{"@type":"CommentAction","name":"Comment","target":["https:\/\/ppdegalicia.com\/es\/feijoo-pide-o-voto-para-a-sua-candidatura-coa-ilusion-do-primeiro-dia\/#respond"]}]},{"@type":"WebPage","@id":"https:\/\/ppdegalicia.com\/es\/feijoo-pide-o-voto-para-a-sua-candidatura-coa-ilusion-do-primeiro-dia\/","url":"https:\/\/ppdegalicia.com\/es\/feijoo-pide-o-voto-para-a-sua-candidatura-coa-ilusion-do-primeiro-dia\/","name":"Feij\u00f3o pide o voto para a s\u00faa candidatura coa \u201cilusi\u00f3n do primeiro d\u00eda\u201d - PP de Galicia","isPartOf":{"@id":"https:\/\/ppdegalicia.com\/es\/#website"},"datePublished":"2016-05-07T19:03:02+00:00","breadcrumb":{"@id":"https:\/\/ppdegalicia.com\/es\/feijoo-pide-o-voto-para-a-sua-candidatura-coa-ilusion-do-primeiro-dia\/#breadcrumb"},"inLanguage":"es","potentialAction":[{"@type":"ReadAction","target":["https:\/\/ppdegalicia.com\/es\/feijoo-pide-o-voto-para-a-sua-candidatura-coa-ilusion-do-primeiro-dia\/"]}]},{"@type":"BreadcrumbList","@id":"https:\/\/ppdegalicia.com\/es\/feijoo-pide-o-voto-para-a-sua-candidatura-coa-ilusion-do-primeiro-dia\/#breadcrumb","itemListElement":[{"@type":"ListItem","position":1,"name":"Portada","item":"https:\/\/ppdegalicia.com\/es\/"},{"@type":"ListItem","position":2,"name":"Feij\u00f3o pide o voto para a s\u00faa candidatura coa \u201cilusi\u00f3n do primeiro d\u00eda\u201d"}]},{"@type":"WebSite","@id":"https:\/\/ppdegalicia.com\/es\/#website","url":"https:\/\/ppdegalicia.com\/es\/","name":"Partido Popular de Galicia","description":"Partido Popular de Galicia","publisher":{"@id":"https:\/\/ppdegalicia.com\/es\/#organization"},"alternateName":"PP de Galicia","potentialAction":[{"@type":"SearchAction","target":{"@type":"EntryPoint","urlTemplate":"https:\/\/ppdegalicia.com\/es\/?s={search_term_string}"},"query-input":{"@type":"PropertyValueSpecification","valueRequired":true,"valueName":"search_term_string"}}],"inLanguage":"es"},{"@type":"Organization","@id":"https:\/\/ppdegalicia.com\/es\/#organization","name":"Partido Popular de Galicia","alternateName":"PP de Galicia","url":"https:\/\/ppdegalicia.com\/es\/","logo":{"@type":"ImageObject","inLanguage":"es","@id":"https:\/\/ppdegalicia.com\/es\/#\/schema\/logo\/image\/","url":"https:\/\/ppdegalicia.com\/wp-content\/uploads\/2023\/04\/logoPP512.png","contentUrl":"https:\/\/ppdegalicia.com\/wp-content\/uploads\/2023\/04\/logoPP512.png","width":512,"height":512,"caption":"Partido Popular de Galicia"},"image":{"@id":"https:\/\/ppdegalicia.com\/es\/#\/schema\/logo\/image\/"},"sameAs":["https:\/\/www.instagram.com\/ppdegalicia\/","https:\/\/x.com\/ppdegalicia","https:\/\/www.tiktok.com\/@ppdegalicia","https:\/\/www.youtube.com\/user\/ppdegalicia"]},{"@type":"Person","@id":"https:\/\/ppdegalicia.com\/es\/#\/schema\/person\/d0f013b8388c980665d44009ab762960","name":"Super User","image":{"@type":"ImageObject","inLanguage":"es","@id":"https:\/\/secure.gravatar.com\/avatar\/1db852625ef4948f58d2739bfbc51e4b9bd5c93b8fa340b59fdb594ca0845645?s=96&d=mm&r=g","url":"https:\/\/secure.gravatar.com\/avatar\/1db852625ef4948f58d2739bfbc51e4b9bd5c93b8fa340b59fdb594ca0845645?s=96&d=mm&r=g","contentUrl":"https:\/\/secure.gravatar.com\/avatar\/1db852625ef4948f58d2739bfbc51e4b9bd5c93b8fa340b59fdb594ca0845645?s=96&d=mm&r=g","caption":"Super User"},"url":"https:\/\/ppdegalicia.com\/es\/author\/ppdegaliciagestion\/"}]}},"_links":{"self":[{"href":"https:\/\/ppdegalicia.com\/es\/wp-json\/wp\/v2\/posts\/51854","targetHints":{"allow":["GET"]}}],"collection":[{"href":"https:\/\/ppdegalicia.com\/es\/wp-json\/wp\/v2\/posts"}],"about":[{"href":"https:\/\/ppdegalicia.com\/es\/wp-json\/wp\/v2\/types\/post"}],"author":[{"embeddable":true,"href":"https:\/\/ppdegalicia.com\/es\/wp-json\/wp\/v2\/users\/37"}],"replies":[{"embeddable":true,"href":"https:\/\/ppdegalicia.com\/es\/wp-json\/wp\/v2\/comments?post=51854"}],"version-history":[{"count":0,"href":"https:\/\/ppdegalicia.com\/es\/wp-json\/wp\/v2\/posts\/51854\/revisions"}],"wp:attachment":[{"href":"https:\/\/ppdegalicia.com\/es\/wp-json\/wp\/v2\/media?parent=51854"}],"wp:term":[{"taxonomy":"category","embeddable":true,"href":"https:\/\/ppdegalicia.com\/es\/wp-json\/wp\/v2\/categories?post=51854"},{"taxonomy":"post_tag","embeddable":true,"href":"https:\/\/ppdegalicia.com\/es\/wp-json\/wp\/v2\/tags?post=51854"}],"curies":[{"name":"wp","href":"https:\/\/api.w.org\/{rel}","templated":true}]}}