{"id":51855,"date":"2016-05-07T19:27:17","date_gmt":"2016-05-07T17:27:17","guid":{"rendered":"https:\/\/ppdegalicia.com\/solvencia-estabilidade-e-blindaxe-dos-servizos-publicos-eixos-de-actuacion-do-ppdeg\/"},"modified":"2016-05-07T19:27:17","modified_gmt":"2016-05-07T17:27:17","slug":"solvencia-estabilidade-e-blindaxe-dos-servizos-publicos-eixos-de-actuacion-do-ppdeg","status":"publish","type":"post","link":"https:\/\/ppdegalicia.com\/es\/solvencia-estabilidade-e-blindaxe-dos-servizos-publicos-eixos-de-actuacion-do-ppdeg\/","title":{"rendered":"Solvencia, estabilidade e blindaxe dos servizos p\u00fablicos, eixos de actuaci\u00f3n do PPdeG"},"content":{"rendered":"<p><!--[if !mso]>\n\n\n<style>\nv\\:* {behavior:url(#default#VML);}\no\\:* {behavior:url(#default#VML);}\nw\\:* {behavior:url(#default#VML);}\n.shape {behavior:url(#default#VML);}\n<\/style>\n\n\n<![endif]--> <\/p>\n<p class=\"MsoNormal\" style=\"text-align: justify;\"><span lang=\"GL\" style=\"font-size: 16pt; font-family: &quot;Arial&quot;,&quot;sans-serif&quot;;\">Os populares presentan \u201cA Galicia<br \/>\nde hoxe: o cami\u00f1o percorrido\u201d, un balance do traballo realizado dende que<br \/>\nentraron no Goberno galego en 2009<\/span><\/p>\n<p class=\"MsoNormal\" style=\"text-align: justify;\"><span style=\"font-size: 16pt; font-family: &quot;Arial&quot;,&quot;sans-serif&quot;;\"> <\/span><\/p>\n<p class=\"MsoNormal\" style=\"text-align: justify;\"><b><span lang=\"GL\" style=\"font-size: 24pt; font-family: &quot;Arial&quot;,&quot;sans-serif&quot;;\">Solvencia, estabilidade e blindaxe dos servizos p\u00fablicos, eixos de<br \/>\nactuaci\u00f3n do PPdeG dende a Xunta de Galicia<\/span><\/b><\/p>\n<p class=\"MsoNormal\" style=\"text-align: justify;\"><span style=\"font-size: 24pt; font-family: &quot;Arial&quot;,&quot;sans-serif&quot;;\"> <\/span><\/p>\n<p class=\"MsoNormal\" style=\"margin-left: 36pt; text-align: justify; text-indent: -18pt;\"><span style=\"font-size: 16pt; font-family: Symbol;\"><span>\u00b7<span style=\"font: 7pt &quot;Times New Roman&quot;;\"> <\/span><\/span><\/span><span lang=\"GL\" style=\"font-size: 16pt; font-family: &quot;Arial&quot;,&quot;sans-serif&quot;;\">O<\/span><span lang=\"GL\" style=\"font-size: 16pt; font-family: &quot;Arial&quot;,&quot;sans-serif&quot;;\">s \u00faltimos datos dispo\u00f1ibles din que o paro rexistrado no \u00faltimo ano<br \/>\nreduciuse en m\u00e1is de 20.000 persoas, cun PIB que medra ao 3,2% e a un ritmo<br \/>\ncase in\u00e9dito<\/span><span style=\"font-size: 16pt; font-family: &quot;Arial&quot;,&quot;sans-serif&quot;;\"><\/span><\/p>\n<p class=\"MsoNormal\" style=\"margin-left: 36pt; text-align: justify;\"><span style=\"font-size: 16pt; font-family: &quot;Arial&quot;,&quot;sans-serif&quot;;\"> <\/span><\/p>\n<p class=\"MsoNormal\" style=\"margin-left: 36pt; text-align: justify; text-indent: -18pt;\"><span style=\"font-size: 16pt; font-family: Symbol;\"><span>\u00b7<span style=\"font: 7pt &quot;Times New Roman&quot;;\"> <\/span><\/span><\/span><span lang=\"GL\" style=\"font-size: 16pt; font-family: &quot;Arial&quot;,&quot;sans-serif&quot;;\">Dende o 2016,<br \/>\nestaremos entre as CCAA coa tributaci\u00f3n m\u00e1is baixa no IRPF e no Imposto sobre<br \/>\nSucesi\u00f3ns<\/span><span style=\"font-size: 16pt; font-family: &quot;Arial&quot;,&quot;sans-serif&quot;;\"><\/span><\/p>\n<p class=\"MsoNormal\" style=\"text-align: justify;\"><span style=\"font-size: 16pt; font-family: &quot;Arial&quot;,&quot;sans-serif&quot;;\"> <\/span><\/p>\n<p class=\"MsoNormal\" style=\"text-align: justify;\"><b><span style=\"font-size: 14pt; font-family: &quot;Arial&quot;,&quot;sans-serif&quot;;\">Ourense<\/span><\/b><b><span lang=\"GL\" style=\"font-size: 14pt; font-family: &quot;Arial&quot;,&quot;sans-serif&quot;;\">, 7 de maio de<br \/>\n2016.- <\/span><\/b><span lang=\"GL\" style=\"font-size: 14pt; font-family: &quot;Arial&quot;,&quot;sans-serif&quot;;\">O PPdeG foi quen de garantir coa s\u00faa xesti\u00f3n a solvencia e a estabilidade<br \/>\npara Galicia blindando os servizos p\u00fablicos esenciais e consolidando o<br \/>\ncrecemento. As\u00ed se pode comprobar no manifesto \u201cA Galicia de hoxe: o cami\u00f1o percorrido\u201d,<br \/>\nque os populares presentaron hoxe para facer balance sobre a situaci\u00f3n actual e<br \/>\nsobre todo o traballo realizado dende que o partido chegou \u00e1 Xunta en 2009.<\/span><\/p>\n<p class=\"MsoNormal\" style=\"text-align: justify;\"><span style=\"font-size: 14pt; font-family: &quot;Arial&quot;,&quot;sans-serif&quot;;\"> <\/span><\/p>\n<p class=\"MsoNormal\" style=\"text-align: justify;\"><span lang=\"GL\" style=\"font-size: 14pt; font-family: &quot;Arial&quot;,&quot;sans-serif&quot;;\">A blindaxe e o avance do gasto<br \/>\nsocial te\u00f1en sido a folla de ruta do Goberno do PPdeG co obxectivo de por en<br \/>\nmarcha os mecanismos necesarios para sa\u00edr da peor crise econ\u00f3mica dos \u00faltimos<br \/>\nanos e sen que iso levase parello ning\u00fan recorte nos servizos p\u00fablicos<br \/>\nesenciais: a sanidade, a educaci\u00f3n e o benestar.<\/span><\/p>\n<p class=\"MsoNormal\" style=\"text-align: justify;\"><span style=\"font-size: 14pt; font-family: &quot;Arial&quot;,&quot;sans-serif&quot;;\"> <\/span><\/p>\n<p class=\"MsoNormal\" style=\"text-align: justify;\"><span lang=\"GL\" style=\"font-size: 14pt; font-family: &quot;Arial&quot;,&quot;sans-serif&quot;;\">C\u00f3mpre salientar que a sanidade<br \/>\nna nosa comunidade \u00e9 p\u00fablica, sostible e garantida a pesar das dificultades<br \/>\necon\u00f3micas. As\u00ed mesmo, contamos cun sistema sanitario con mellores resultados<br \/>\npara a nosa cidadan\u00eda e <span style=\"background: white none repeat scroll 0% 0%;\">cumpriuse co obxectivo<br \/>\nde melloralo con mediadas como o desenvolvendo en toda Galicia da Xesti\u00f3n<br \/>\nIntegrada, dispo\u00f1endo dunha historia cl\u00ednica electr\u00f3nica e unha receita<br \/>\nelectr\u00f3nica que son unha referencia ou increment\u00e1ndose a actividade cir\u00farxica<br \/>\ndo Sergas. <\/span><\/span><\/p>\n<p class=\"MsoNormal\" style=\"text-align: justify;\"><span style=\"font-size: 14pt; font-family: &quot;Arial&quot;,&quot;sans-serif&quot;;\"> <\/span><\/p>\n<p class=\"MsoNormal\" style=\"text-align: justify;\"><span lang=\"GL\" style=\"font-size: 14pt; font-family: &quot;Arial&quot;,&quot;sans-serif&quot;; background: white none repeat scroll 0% 0%;\">Ademais,<br \/>\nmoderniz\u00e1ronse as instalaci\u00f3ns: equip\u00e1ronse e pux\u00e9ronse en funcionamento os<br \/>\nnovos hospitais de Lugo e Vigo, continuouse co Plan Director do Complexo<br \/>\nHospitalario de A Coru\u00f1a, iniciouse a ampliaci\u00f3n do Hospital do Saln\u00e9s e do<br \/>\nHospital de Ourense, actuouse en 36 centros de sa\u00fade, con outros nove en<br \/>\nconstruci\u00f3n, e m\u00e1is en proxecto. Deste xeito, en 2016 ser\u00e1n sete de cada dez<br \/>\ngalegos os que contar\u00e1n na s\u00faa \u00e1rea de influencia cun centro sanitario novo ou<br \/>\nrenovado.<\/span><\/p>\n<p class=\"MsoNormal\" style=\"text-align: justify;\"><span style=\"font-size: 14pt; font-family: &quot;Arial&quot;,&quot;sans-serif&quot;;\"> <\/span><\/p>\n<p class=\"MsoNormal\" style=\"text-align: justify;\"><span lang=\"GL\" style=\"font-size: 14pt; font-family: &quot;Arial&quot;,&quot;sans-serif&quot;;\">Xa no referente a educaci\u00f3n, as<br \/>\npol\u00edticas levadas a cabo polo PPdeG ao longo destes sete anos neste eido<br \/>\nsupuxeron unha aut\u00e9ntica transformaci\u00f3n do ensino en Galicia. E \u00e9 que o Goberno<br \/>\nde Feij\u00f3o ten apostado claramente e a todos os niveis pola educaci\u00f3n de<br \/>\ncalidade, como un servizo p\u00fablico fundamental na Comunidade Aut\u00f3noma. M\u00e1is<br \/>\ntecnolox\u00eda nas aulas, m\u00e1is centros pluriling\u00fces, taxas universitarias m\u00e1is<br \/>\nbaratas de Espa\u00f1a e novos equipamentos educativos son exemplos do interese do<br \/>\nPPdeG por protexer e mellorar o sistema educativo.<\/span><\/p>\n<p class=\"MsoNormal\" style=\"text-align: justify;\"><span style=\"font-size: 14pt; font-family: &quot;Arial&quot;,&quot;sans-serif&quot;;\"> <\/span><\/p>\n<p class=\"MsoNormal\" style=\"text-align: justify;\"><b><u><span style=\"font-size: 14pt; font-family: &quot;Arial&quot;,&quot;sans-serif&quot;;\">\u00c1 VANGARDA EN BENESTAR SOCIAL<\/span><\/u><\/b><\/p>\n<p class=\"MsoNormal\" style=\"text-align: justify;\"><span lang=\"GL\" style=\"font-size: 14pt; font-family: &quot;Arial&quot;,&quot;sans-serif&quot;; background: white none repeat scroll 0% 0%;\">Por outra banda,<br \/>\nen canto ao benestar social, hoxe podemos dicir que Galicia \u00e9 unhas as mellores<br \/>\nrexi\u00f3ns para vivir, con m\u00e1is e mellores servizos p\u00fablicos, onde a loita contra<br \/>\na pobreza e a desigualdade social \u00e9 un dos obxectivos prioritarios. Nese senso,<br \/>\nc\u00f3mpre destacar que agora as pol\u00edticas sociais contan cun 12% m\u00e1is de orzamento<br \/>\nque no ano 2015. <\/span><\/p>\n<p class=\"MsoNormal\" style=\"text-align: justify;\"><span style=\"font-size: 14pt; font-family: &quot;Arial&quot;,&quot;sans-serif&quot;;\"> <\/span><\/p>\n<p class=\"MsoNormal\" style=\"text-align: justify;\"><span lang=\"GL\" style=\"font-size: 14pt; font-family: &quot;Arial&quot;,&quot;sans-serif&quot;; background: white none repeat scroll 0% 0%;\">A este<br \/>\nincremento orzamentario c\u00f3mpre sumar as medidas inclu\u00eddas no Plan Social Contra<br \/>\na Desigualdade Econ\u00f3mica orientadas a outros colectivos vulnerables. Ademais,<br \/>\nimpuls\u00e1ronse novas iniciativas de fomento da natalidade ata converter Galicia<br \/>\nna comunidade con m\u00e1is axudas neste senso e avanzouse no eido da conciliaci\u00f3n<br \/>\nda vida laboral e familiar para facilitar a aqueles que te\u00f1an decidido ser pais<br \/>\nou nais.<\/span><\/p>\n<p class=\"MsoNormal\" style=\"text-align: justify;\"><span style=\"font-size: 14pt; font-family: &quot;Arial&quot;,&quot;sans-serif&quot;;\"> <\/span><\/p>\n<p class=\"MsoNormal\" style=\"text-align: justify;\"><span lang=\"GL\" style=\"font-size: 14pt; font-family: &quot;Arial&quot;,&quot;sans-serif&quot;; background: white none repeat scroll 0% 0%;\">As\u00ed mesmo, tam\u00e9n<br \/>\nse incrementaron as prazas de maiores e persoas con discapacidade, aprobouse a<br \/>\nLei de Accesibilidade e somos a primeira Comunidade que conta cunha carteira<br \/>\nespec\u00edfica para este colectivo. <\/span><\/p>\n<p class=\"MsoNormal\" style=\"text-align: justify;\"><span style=\"font-size: 14pt; font-family: &quot;Arial&quot;,&quot;sans-serif&quot;;\"> <\/span><\/p>\n<p class=\"MsoNormal\" style=\"text-align: justify;\"><span lang=\"GL\" style=\"font-size: 14pt; font-family: &quot;Arial&quot;,&quot;sans-serif&quot;;\">A mellora que se produciu na nosa<br \/>\neconom\u00eda permitiu que o Goberno galego se centrara na consolidaci\u00f3n do crecemento.<br \/>\nPrecisamente os datos do ano 2015 amosan esa tendencia, un ano no que Galicia<br \/>\ncreceu a un ritmo do 3,2% do PIB, o mellor dato dende o ano 2007. <a name=\"_GoBack\"><\/a><\/span><\/p>\n<p class=\"MsoNormal\" style=\"text-align: justify;\"><span style=\"font-size: 14pt; font-family: &quot;Arial&quot;,&quot;sans-serif&quot;;\"> <\/span><\/p>\n<p class=\"MsoNormal\" style=\"text-align: justify;\"><span lang=\"GL\" style=\"font-size: 14pt; font-family: &quot;Arial&quot;,&quot;sans-serif&quot;;\">As\u00ed mesmo, a nosa comunidade<br \/>\ncumpriu o obxectivo de d\u00e9ficit, sendo ademais a que m\u00e1is o ten reducido en 2015.<br \/>\nE \u00e9 que dende 2013, Galicia \u00e1 a segunda autonom\u00eda con menos d\u00e9ficit acumulado<br \/>\ne, grazas \u00e1 xesti\u00f3n da Xunta, evitou ter 3.000 mill\u00f3ns de euros m\u00e1is de d\u00e9beda.<\/span><\/p>\n<p class=\"MsoNormal\" style=\"text-align: justify;\"><span style=\"font-size: 14pt; font-family: &quot;Arial&quot;,&quot;sans-serif&quot;;\"> <\/span><\/p>\n<p class=\"MsoNormal\" style=\"text-align: justify;\"><span lang=\"GL\" style=\"font-size: 14pt; font-family: &quot;Arial&quot;,&quot;sans-serif&quot;;\">Precisamente pola mellora de<br \/>\ningresos, p\u00faidose levar a cabo a maior rebaixa fiscal da historia de Galicia e,<br \/>\ndende o 2016, estaremos entre as comunidades coa tributaci\u00f3n m\u00e1is baixa no IRPF<br \/>\ne no Imposto sobre Sucesi\u00f3ns. Unha estratexia que ademais se completou cunha<br \/>\npol\u00edtica de imposto cero no rural. <\/span><\/p>\n<p class=\"MsoNormal\" style=\"text-align: justify;\"><span style=\"font-size: 14pt; font-family: &quot;Arial&quot;,&quot;sans-serif&quot;;\"> <\/span><\/p>\n<p class=\"MsoNormal\" style=\"text-align: justify;\"><span lang=\"GL\" style=\"font-size: 14pt; font-family: &quot;Arial&quot;,&quot;sans-serif&quot;;\">As\u00ed<br \/>\nmesmo, o<\/span><span lang=\"GL\" style=\"font-size: 14pt; font-family: &quot;Arial&quot;,&quot;sans-serif&quot;;\">s \u00faltimos datos dispo\u00f1ibles din que o paro rexistrado no \u00faltimo ano<br \/>\nreduciuse en m\u00e1is de 20.000 persoas. E \u00e9 que en Galicia o paro rexistrado \u00e9<br \/>\nmenor que en 2015, pero tam\u00e9n menor que todos os anos anteriores, inclu\u00eddo<br \/>\n2010. <\/span><\/p>\n<p class=\"MsoNormal\" style=\"text-align: justify;\"><span style=\"font-size: 14pt; font-family: &quot;Arial&quot;,&quot;sans-serif&quot;;\"> <\/span><\/p>\n<p class=\"MsoNormal\" style=\"text-align: justify;\"><b><u><span style=\"font-size: 14pt; font-family: &quot;Arial&quot;,&quot;sans-serif&quot;;\">POL\u00cdTICAS ACTIVAS DE EMPREGO<\/span><\/u><\/b><\/p>\n<p class=\"MsoNormal\" style=\"text-align: justify;\"><span lang=\"GL\" style=\"font-size: 14pt; font-family: &quot;Arial&quot;,&quot;sans-serif&quot;;\">Neste cambio no mercado laboral ten<br \/>\nmoito que ver ter sido capaces de acometer as reformas necesarias para axudar<br \/>\n\u00e1s empresas cando estaban en dificultades e, ao mesmo tempo, seguir apostado<br \/>\npola modernizaci\u00f3n dos sectores produtivos para mellorar a s\u00faa competitividade.<br \/>\nAs\u00ed, foi fundamental seguir desenvolvendo pol\u00edticas activas de emprego co<br \/>\nobxectivo de ofrecer \u00e1s persoas sen traballo m\u00e1is e mellores ferramentas para<br \/>\nmellorar a s\u00faa empregabilidade.<\/span><\/p>\n<p class=\"MsoNormal\" style=\"text-align: justify;\"><span style=\"font-size: 14pt; font-family: &quot;Arial&quot;,&quot;sans-serif&quot;;\"> <\/span><\/p>\n<p class=\"MsoNormal\" style=\"text-align: justify;\"><span lang=\"GL\" style=\"font-size: 14pt; font-family: &quot;Arial&quot;,&quot;sans-serif&quot;;\">Precisamente neste contexto, a<br \/>\nXunta v\u00e9n de aprobar a <span>Axenda 20 para<b> <\/b>o emprego <\/span>que, con 900 mill\u00f3ns de euros, pretende impulsar o emprego<br \/>\nestable e de calidade para o novo modelo produtivo de Galicia, baseado no<br \/>\ncrecemento e no co\u00f1ecemento. <\/span><\/p>\n<p class=\"MsoNormal\" style=\"text-align: justify;\"><span style=\"font-size: 14pt; font-family: &quot;Arial&quot;,&quot;sans-serif&quot;;\"> <\/span><\/p>\n<p class=\"MsoNormal\" style=\"text-align: justify;\"><span lang=\"GL\" style=\"font-size: 14pt; font-family: &quot;Arial&quot;,&quot;sans-serif&quot;;\">Por<br \/>\noutra banda, o<\/span><span lang=\"GL\" style=\"font-size: 14pt; font-family: &quot;Arial&quot;,&quot;sans-serif&quot;;\"> Goberno do PPdeG tivo moi presente que para minimizar os efectos da crise<br \/>\ne para preparar a nosa comunidade para sacar vantaxes da situaci\u00f3n era<br \/>\nnecesario levar a cabo proxectos centrados no apoio aos sectores estrat\u00e9xicos<br \/>\nda nosa econom\u00eda. <\/span><\/p>\n<p class=\"MsoNormal\" style=\"text-align: justify;\"><span lang=\"GL\" style=\"font-size: 14pt; font-family: &quot;Arial&quot;,&quot;sans-serif&quot;;\">Nestes anos, non s\u00f3 se tomaron<br \/>\nmedidas de impulso econ\u00f3mico sen\u00f3n que se apostou polo impulso territorial a<br \/>\ntrav\u00e9s de acci\u00f3ns centradas en garantir un crecemento sostible a medio e longo<br \/>\nprazo. As\u00ed, a Xunta empe\u00f1ouse en facer de Galicia un territorio mellor<br \/>\nvertebrado e protexido.<\/span><\/p>\n<p class=\"MsoNormal\" style=\"text-align: justify;\"><span style=\"font-size: 14pt; font-family: &quot;Arial&quot;,&quot;sans-serif&quot;;\"> <\/span><\/p>\n<p class=\"MsoNormal\" style=\"text-align: justify;\"><span lang=\"GL\" style=\"font-size: 14pt; font-family: &quot;Arial&quot;,&quot;sans-serif&quot;;\">Neste<br \/>\nsentido,<b> <\/b><\/span><span lang=\"GL\" style=\"font-size: 14pt; font-family: &quot;Arial&quot;,&quot;sans-serif&quot;;\">Galicia pasou de 313 a 520 quil\u00f3metros de autoestradas,<span style=\"background: white none repeat scroll 0% 0%;\"> autov\u00edas<\/span> e v\u00edas r\u00e1pidas en servizo ao final<br \/>\ndesta Lexislatura, con eixos que vertebran a Comunidade, melloran a calidade de<br \/>\nvida e incrementan a seguridade. <\/span><\/p>\n<p class=\"MsoNormal\" style=\"text-align: justify;\"><span style=\"font-size: 14pt; font-family: &quot;Arial&quot;,&quot;sans-serif&quot;;\"> <\/span><\/p>\n<p class=\"MsoNormal\" style=\"text-align: justify;\"><span lang=\"GL\" style=\"font-size: 14pt; font-family: &quot;Arial&quot;,&quot;sans-serif&quot;;\">Tam\u00e9n se deu o impulso definitivo<br \/>\nao transporte metropolitano con plans en marcha na Coru\u00f1a, Ferrol, Santiago,<br \/>\nLugo e Vigo e o de Ourense moi avanzado, o que se traduce en 42 mill\u00f3ns de<br \/>\nviaxes subvencionadas, beneficiando a 65 concellos. \u00c9 dicir, un mill\u00f3n e medio<br \/>\nde galegos e galegas xa se benefician de descontos.<\/span><\/p>\n<p class=\"MsoNormal\" style=\"text-align: justify;\"><span style=\"font-size: 14pt; font-family: &quot;Arial&quot;,&quot;sans-serif&quot;;\"> <\/span><\/p>\n<p class=\"MsoNormal\" style=\"text-align: justify; background: white none repeat scroll 0% 0%;\"><span lang=\"GL\" style=\"font-size: 14pt; font-family: &quot;Arial&quot;,&quot;sans-serif&quot;;\">Debemos sumar a<br \/>\nestas medidas as encami\u00f1adas a impulsar a vertebraci\u00f3n tecnol\u00f3xica de Galicia<br \/>\ncomo a aprobaci\u00f3n do Plan de Banda Larga 2020 que permitir\u00e1 cobertura de ao menos<br \/>\n30 megas para toda a poboaci\u00f3n e de m\u00e1is de 100 megas para n\u00facleos de m\u00e1is de<br \/>\n500 habitantes, incrementando as\u00ed a calidade da conexi\u00f3n a Internet.<\/span><\/p>\n<p class=\"MsoNormal\" style=\"text-align: justify; background: white none repeat scroll 0% 0%;\"><span style=\"font-size: 14pt; font-family: &quot;Arial&quot;,&quot;sans-serif&quot;;\"> <\/span><\/p>\n<p class=\"MsoNormal\" style=\"text-align: justify;\"><span lang=\"GL\" style=\"font-size: 14pt; font-family: &quot;Arial&quot;,&quot;sans-serif&quot;;\">Xa para facer da comunidade un<br \/>\nterritorio m\u00e1is protexido, salienta a aprobaci\u00f3n dunha nova lei do Solo, <span style=\"background: white none repeat scroll 0% 0%;\">realizouse o maior investimento da historia da<br \/>\nComunidade destinando m\u00e1is de 1.000 mill\u00f3ns de euros a actuaci\u00f3ns de saneamento,<br \/>\ndepuraci\u00f3n e abastecemento; e deuse luz verde ao Plan Director da Rede Natura<br \/>\n2000, co que Galicia se situou \u00e1 cabeza no cumprimento da directiva de<br \/>\nh\u00e1bitats.<\/span><\/span><\/p>\n<p class=\"MsoNormal\" style=\"text-align: justify;\"><span lang=\"GL\" style=\"font-size: 14pt; font-family: &quot;Arial&quot;,&quot;sans-serif&quot;;\"> <\/span><\/p>\n<p class=\"MsoNormal\" style=\"text-align: justify;\"><span lang=\"GL\" style=\"font-size: 14pt; font-family: &quot;Arial&quot;,&quot;sans-serif&quot;;\">Durante esta etapa deuse tam\u00e9n cumprimento<br \/>\nao Decreto do pluriling\u00fcismo no ensino non universitario de Galicia que<br \/>\nrecuperou o equilibrio entre o galego e o castel\u00e1n ao tempo que introduciu o<br \/>\ningl\u00e9s. <\/span><\/p>\n<p class=\"MsoNormal\" style=\"text-align: justify;\"><span style=\"font-size: 14pt; font-family: &quot;Arial&quot;,&quot;sans-serif&quot;;\"> <\/span><\/p>\n<p class=\"MsoNormal\" style=\"text-align: justify;\"><span lang=\"GL\" style=\"font-size: 14pt; font-family: &quot;Arial&quot;,&quot;sans-serif&quot;;\">A Galicia de hoxe at\u00f3pase \u00e1s<br \/>\nportas dunha decisi\u00f3n transcendental, na que os galegos ter\u00e1n que elixir entre<br \/>\noptar por aventuras que cami\u00f1an cara \u00e1 inestabilidade, o retroceso e a falta de<br \/>\niniciativas ou seguir cami\u00f1ando pola senda das oportunidades que s\u00f3 ve\u00f1en da<br \/>\nman do Partido Popular de Galicia.<\/span><span style=\"font-size: 14pt; font-family: &quot;Arial&quot;,&quot;sans-serif&quot;;\"><\/span><\/p>\n<p class=\"MsoNormal\">\n<p> <!--[if gte mso 9]><xml>\n <o:OfficeDocumentSettings>\n  <o:PixelsPerInch>72<\/o:PixelsPerInch>\n  <o:TargetScreenSize>544x376<\/o:TargetScreenSize>\n <\/o:OfficeDocumentSettings>\n<\/xml><![endif]--><!--[if gte mso 9]><xml>\n <w:WordDocument>\n  <w:View>Normal<\/w:View>\n  <w:Zoom>0<\/w:Zoom>\n  <w:TrackMoves\/>\n  <w:TrackFormatting\/>\n  <w:HyphenationZone>21<\/w:HyphenationZone>\n  <w:PunctuationKerning\/>\n  <w:ValidateAgainstSchemas\/>\n  <w:SaveIfXMLInvalid>false<\/w:SaveIfXMLInvalid>\n  <w:IgnoreMixedContent>false<\/w:IgnoreMixedContent>\n  <w:AlwaysShowPlaceholderText>false<\/w:AlwaysShowPlaceholderText>\n  <w:DoNotPromoteQF\/>\n  <w:LidThemeOther>ES<\/w:LidThemeOther>\n  <w:LidThemeAsian>X-NONE<\/w:LidThemeAsian>\n  <w:LidThemeComplexScript>X-NONE<\/w:LidThemeComplexScript>\n  <w:Compatibility>\n   <w:BreakWrappedTables\/>\n   <w:SnapToGridInCell\/>\n   <w:WrapTextWithPunct\/>\n   <w:UseAsianBreakRules\/>\n   <w:DontGrowAutofit\/>\n   <w:SplitPgBreakAndParaMark\/>\n   <w:DontVertAlignCellWithSp\/>\n   <w:DontBreakConstrainedForcedTables\/>\n   <w:DontVertAlignInTxbx\/>\n   <w:Word11KerningPairs\/>\n   <w:CachedColBalance\/>\n  <\/w:Compatibility>\n  <w:DoNotOptimizeForBrowser\/>\n  <m:mathPr>\n   <m:mathFont m:val=\"Cambria Math\"\/>\n   <m:brkBin m:val=\"before\"\/>\n   <m:brkBinSub m:val=\"--\"\/>\n   <m:smallFrac m:val=\"off\"\/>\n   <m:dispDef\/>\n   <m:lMargin m:val=\"0\"\/>\n   <m:rMargin m:val=\"0\"\/>\n   <m:defJc m:val=\"centerGroup\"\/>\n   <m:wrapIndent m:val=\"1440\"\/>\n   <m:intLim m:val=\"subSup\"\/>\n   <m:naryLim m:val=\"undOvr\"\/>\n  <\/m:mathPr><\/w:WordDocument>\n<\/xml><![endif]--><!--[if gte mso 9]><xml>\n <w:LatentStyles DefLockedState=\"false\" DefUnhideWhenUsed=\"true\"\n  DefSemiHidden=\"true\" DefQFormat=\"false\" DefPriority=\"99\"\n  LatentStyleCount=\"267\">\n  <w:LsdException Locked=\"false\" Priority=\"0\" SemiHidden=\"false\"\n   UnhideWhenUsed=\"false\" QFormat=\"true\" Name=\"Normal\"\/>\n  <w:LsdException Locked=\"false\" Priority=\"9\" SemiHidden=\"false\"\n   UnhideWhenUsed=\"false\" QFormat=\"true\" Name=\"heading 1\"\/>\n  <w:LsdException Locked=\"false\" Priority=\"9\" QFormat=\"true\" Name=\"heading 2\"\/>\n  <w:LsdException Locked=\"false\" Priority=\"9\" QFormat=\"true\" Name=\"heading 3\"\/>\n  <w:LsdException Locked=\"false\" Priority=\"9\" QFormat=\"true\" Name=\"heading 4\"\/>\n  <w:LsdException Locked=\"false\" Priority=\"9\" QFormat=\"true\" Name=\"heading 5\"\/>\n  <w:LsdException Locked=\"false\" Priority=\"9\" QFormat=\"true\" Name=\"heading 6\"\/>\n  <w:LsdException Locked=\"false\" Priority=\"9\" QFormat=\"true\" Name=\"heading 7\"\/>\n  <w:LsdException Locked=\"false\" Priority=\"9\" QFormat=\"true\" Name=\"heading 8\"\/>\n  <w:LsdException Locked=\"false\" Priority=\"9\" QFormat=\"true\" Name=\"heading 9\"\/>\n  <w:LsdException Locked=\"false\" Priority=\"39\" Name=\"toc 1\"\/>\n  <w:LsdException Locked=\"false\" Priority=\"39\" Name=\"toc 2\"\/>\n  <w:LsdException Locked=\"false\" Priority=\"39\" Name=\"toc 3\"\/>\n  <w:LsdException Locked=\"false\" Priority=\"39\" Name=\"toc 4\"\/>\n  <w:LsdException Locked=\"false\" Priority=\"39\" Name=\"toc 5\"\/>\n  <w:LsdException Locked=\"false\" Priority=\"39\" Name=\"toc 6\"\/>\n  <w:LsdException Locked=\"false\" Priority=\"39\" Name=\"toc 7\"\/>\n  <w:LsdException Locked=\"false\" Priority=\"39\" Name=\"toc 8\"\/>\n  <w:LsdException Locked=\"false\" Priority=\"39\" Name=\"toc 9\"\/>\n  <w:LsdException Locked=\"false\" Priority=\"0\" Name=\"header\"\/>\n  <w:LsdException Locked=\"false\" Priority=\"0\" Name=\"footer\"\/>\n  <w:LsdException Locked=\"false\" Priority=\"35\" QFormat=\"true\" Name=\"caption\"\/>\n  <w:LsdException Locked=\"false\" Priority=\"10\" SemiHidden=\"false\"\n   UnhideWhenUsed=\"false\" QFormat=\"true\" Name=\"Title\"\/>\n  <w:LsdException Locked=\"false\" Priority=\"1\" Name=\"Default Paragraph Font\"\/>\n  <w:LsdException Locked=\"false\" Priority=\"11\" SemiHidden=\"false\"\n   UnhideWhenUsed=\"false\" QFormat=\"true\" Name=\"Subtitle\"\/>\n  <w:LsdException Locked=\"false\" Priority=\"22\" SemiHidden=\"false\"\n   UnhideWhenUsed=\"false\" QFormat=\"true\" Name=\"Strong\"\/>\n  <w:LsdException Locked=\"false\" Priority=\"20\" SemiHidden=\"false\"\n   UnhideWhenUsed=\"false\" QFormat=\"true\" Name=\"Emphasis\"\/>\n  <w:LsdException Locked=\"false\" Priority=\"59\" SemiHidden=\"false\"\n   UnhideWhenUsed=\"false\" Name=\"Table Grid\"\/>\n  <w:LsdException Locked=\"false\" UnhideWhenUsed=\"false\" Name=\"Placeholder Text\"\/>\n  <w:LsdException Locked=\"false\" Priority=\"1\" SemiHidden=\"false\"\n   UnhideWhenUsed=\"false\" QFormat=\"true\" Name=\"No Spacing\"\/>\n  <w:LsdException Locked=\"false\" Priority=\"60\" SemiHidden=\"false\"\n   UnhideWhenUsed=\"false\" Name=\"Light Shading\"\/>\n  <w:LsdException Locked=\"false\" Priority=\"61\" SemiHidden=\"false\"\n   UnhideWhenUsed=\"false\" Name=\"Light List\"\/>\n  <w:LsdException Locked=\"false\" Priority=\"62\" SemiHidden=\"false\"\n   UnhideWhenUsed=\"false\" Name=\"Light Grid\"\/>\n  <w:LsdException Locked=\"false\" Priority=\"63\" SemiHidden=\"false\"\n   UnhideWhenUsed=\"false\" Name=\"Medium Shading 1\"\/>\n  <w:LsdException Locked=\"false\" Priority=\"64\" SemiHidden=\"false\"\n   UnhideWhenUsed=\"false\" Name=\"Medium Shading 2\"\/>\n  <w:LsdException Locked=\"false\" Priority=\"65\" SemiHidden=\"false\"\n   UnhideWhenUsed=\"false\" Name=\"Medium List 1\"\/>\n  <w:LsdException Locked=\"false\" Priority=\"66\" SemiHidden=\"false\"\n   UnhideWhenUsed=\"false\" Name=\"Medium List 2\"\/>\n  <w:LsdException Locked=\"false\" Priority=\"67\" SemiHidden=\"false\"\n   UnhideWhenUsed=\"false\" Name=\"Medium Grid 1\"\/>\n  <w:LsdException Locked=\"false\" Priority=\"68\" SemiHidden=\"false\"\n   UnhideWhenUsed=\"false\" Name=\"Medium Grid 2\"\/>\n  <w:LsdException Locked=\"false\" Priority=\"69\" SemiHidden=\"false\"\n   UnhideWhenUsed=\"false\" Name=\"Medium Grid 3\"\/>\n  <w:LsdException Locked=\"false\" Priority=\"70\" SemiHidden=\"false\"\n   UnhideWhenUsed=\"false\" Name=\"Dark List\"\/>\n  <w:LsdException Locked=\"false\" Priority=\"71\" SemiHidden=\"false\"\n   UnhideWhenUsed=\"false\" Name=\"Colorful Shading\"\/>\n  <w:LsdException Locked=\"false\" Priority=\"72\" SemiHidden=\"false\"\n   UnhideWhenUsed=\"false\" Name=\"Colorful List\"\/>\n  <w:LsdException Locked=\"false\" Priority=\"73\" SemiHidden=\"false\"\n   UnhideWhenUsed=\"false\" Name=\"Colorful Grid\"\/>\n  <w:LsdException Locked=\"false\" Priority=\"60\" SemiHidden=\"false\"\n   UnhideWhenUsed=\"false\" Name=\"Light Shading Accent 1\"\/>\n  <w:LsdException Locked=\"false\" Priority=\"61\" SemiHidden=\"false\"\n   UnhideWhenUsed=\"false\" Name=\"Light List Accent 1\"\/>\n  <w:LsdException Locked=\"false\" Priority=\"62\" SemiHidden=\"false\"\n   UnhideWhenUsed=\"false\" Name=\"Light Grid Accent 1\"\/>\n  <w:LsdException Locked=\"false\" Priority=\"63\" SemiHidden=\"false\"\n   UnhideWhenUsed=\"false\" Name=\"Medium Shading 1 Accent 1\"\/>\n  <w:LsdException Locked=\"false\" Priority=\"64\" SemiHidden=\"false\"\n   UnhideWhenUsed=\"false\" Name=\"Medium Shading 2 Accent 1\"\/>\n  <w:LsdException Locked=\"false\" Priority=\"65\" SemiHidden=\"false\"\n   UnhideWhenUsed=\"false\" Name=\"Medium List 1 Accent 1\"\/>\n  <w:LsdException Locked=\"false\" UnhideWhenUsed=\"false\" Name=\"Revision\"\/>\n  <w:LsdException Locked=\"false\" Priority=\"34\" SemiHidden=\"false\"\n   UnhideWhenUsed=\"false\" QFormat=\"true\" Name=\"List Paragraph\"\/>\n  <w:LsdException Locked=\"false\" Priority=\"29\" SemiHidden=\"false\"\n   UnhideWhenUsed=\"false\" QFormat=\"true\" Name=\"Quote\"\/>\n  <w:LsdException Locked=\"false\" Priority=\"30\" SemiHidden=\"false\"\n   UnhideWhenUsed=\"false\" QFormat=\"true\" Name=\"Intense Quote\"\/>\n  <w:LsdException Locked=\"false\" Priority=\"66\" SemiHidden=\"false\"\n   UnhideWhenUsed=\"false\" Name=\"Medium List 2 Accent 1\"\/>\n  <w:LsdException Locked=\"false\" Priority=\"67\" SemiHidden=\"false\"\n   UnhideWhenUsed=\"false\" Name=\"Medium Grid 1 Accent 1\"\/>\n  <w:LsdException Locked=\"false\" Priority=\"68\" SemiHidden=\"false\"\n   UnhideWhenUsed=\"false\" Name=\"Medium Grid 2 Accent 1\"\/>\n  <w:LsdException Locked=\"false\" Priority=\"69\" SemiHidden=\"false\"\n   UnhideWhenUsed=\"false\" Name=\"Medium Grid 3 Accent 1\"\/>\n  <w:LsdException Locked=\"false\" Priority=\"70\" SemiHidden=\"false\"\n   UnhideWhenUsed=\"false\" Name=\"Dark List Accent 1\"\/>\n  <w:LsdException Locked=\"false\" Priority=\"71\" SemiHidden=\"false\"\n   UnhideWhenUsed=\"false\" Name=\"Colorful Shading Accent 1\"\/>\n  <w:LsdException Locked=\"false\" Priority=\"72\" SemiHidden=\"false\"\n   UnhideWhenUsed=\"false\" Name=\"Colorful List Accent 1\"\/>\n  <w:LsdException Locked=\"false\" Priority=\"73\" SemiHidden=\"false\"\n   UnhideWhenUsed=\"false\" Name=\"Colorful Grid Accent 1\"\/>\n  <w:LsdException Locked=\"false\" Priority=\"60\" SemiHidden=\"false\"\n   UnhideWhenUsed=\"false\" Name=\"Light Shading Accent 2\"\/>\n  <w:LsdException Locked=\"false\" Priority=\"61\" SemiHidden=\"false\"\n   UnhideWhenUsed=\"false\" Name=\"Light List Accent 2\"\/>\n  <w:LsdException Locked=\"false\" Priority=\"62\" SemiHidden=\"false\"\n   UnhideWhenUsed=\"false\" Name=\"Light Grid Accent 2\"\/>\n  <w:LsdException Locked=\"false\" Priority=\"63\" SemiHidden=\"false\"\n   UnhideWhenUsed=\"false\" Name=\"Medium Shading 1 Accent 2\"\/>\n  <w:LsdException Locked=\"false\" Priority=\"64\" SemiHidden=\"false\"\n   UnhideWhenUsed=\"false\" Name=\"Medium Shading 2 Accent 2\"\/>\n  <w:LsdException Locked=\"false\" Priority=\"65\" SemiHidden=\"false\"\n   UnhideWhenUsed=\"false\" Name=\"Medium List 1 Accent 2\"\/>\n  <w:LsdException Locked=\"false\" Priority=\"66\" SemiHidden=\"false\"\n   UnhideWhenUsed=\"false\" Name=\"Medium List 2 Accent 2\"\/>\n  <w:LsdException Locked=\"false\" Priority=\"67\" SemiHidden=\"false\"\n   UnhideWhenUsed=\"false\" Name=\"Medium Grid 1 Accent 2\"\/>\n  <w:LsdException Locked=\"false\" Priority=\"68\" SemiHidden=\"false\"\n   UnhideWhenUsed=\"false\" Name=\"Medium Grid 2 Accent 2\"\/>\n  <w:LsdException Locked=\"false\" Priority=\"69\" SemiHidden=\"false\"\n   UnhideWhenUsed=\"false\" Name=\"Medium Grid 3 Accent 2\"\/>\n  <w:LsdException Locked=\"false\" Priority=\"70\" SemiHidden=\"false\"\n   UnhideWhenUsed=\"false\" Name=\"Dark List Accent 2\"\/>\n  <w:LsdException Locked=\"false\" Priority=\"71\" SemiHidden=\"false\"\n   UnhideWhenUsed=\"false\" Name=\"Colorful Shading Accent 2\"\/>\n  <w:LsdException Locked=\"false\" Priority=\"72\" SemiHidden=\"false\"\n   UnhideWhenUsed=\"false\" Name=\"Colorful List Accent 2\"\/>\n  <w:LsdException Locked=\"false\" Priority=\"73\" SemiHidden=\"false\"\n   UnhideWhenUsed=\"false\" Name=\"Colorful Grid Accent 2\"\/>\n  <w:LsdException Locked=\"false\" Priority=\"60\" SemiHidden=\"false\"\n   UnhideWhenUsed=\"false\" Name=\"Light Shading Accent 3\"\/>\n  <w:LsdException Locked=\"false\" Priority=\"61\" SemiHidden=\"false\"\n   UnhideWhenUsed=\"false\" Name=\"Light List Accent 3\"\/>\n  <w:LsdException Locked=\"false\" Priority=\"62\" SemiHidden=\"false\"\n   UnhideWhenUsed=\"false\" Name=\"Light Grid Accent 3\"\/>\n  <w:LsdException Locked=\"false\" Priority=\"63\" SemiHidden=\"false\"\n   UnhideWhenUsed=\"false\" Name=\"Medium Shading 1 Accent 3\"\/>\n  <w:LsdException Locked=\"false\" Priority=\"64\" SemiHidden=\"false\"\n   UnhideWhenUsed=\"false\" Name=\"Medium Shading 2 Accent 3\"\/>\n  <w:LsdException Locked=\"false\" Priority=\"65\" SemiHidden=\"false\"\n   UnhideWhenUsed=\"false\" Name=\"Medium List 1 Accent 3\"\/>\n  <w:LsdException Locked=\"false\" Priority=\"66\" SemiHidden=\"false\"\n   UnhideWhenUsed=\"false\" Name=\"Medium List 2 Accent 3\"\/>\n  <w:LsdException Locked=\"false\" Priority=\"67\" SemiHidden=\"false\"\n   UnhideWhenUsed=\"false\" Name=\"Medium Grid 1 Accent 3\"\/>\n  <w:LsdException Locked=\"false\" Priority=\"68\" SemiHidden=\"false\"\n   UnhideWhenUsed=\"false\" Name=\"Medium Grid 2 Accent 3\"\/>\n  <w:LsdException Locked=\"false\" Priority=\"69\" SemiHidden=\"false\"\n   UnhideWhenUsed=\"false\" Name=\"Medium Grid 3 Accent 3\"\/>\n  <w:LsdException Locked=\"false\" Priority=\"70\" SemiHidden=\"false\"\n   UnhideWhenUsed=\"false\" Name=\"Dark List Accent 3\"\/>\n  <w:LsdException Locked=\"false\" Priority=\"71\" SemiHidden=\"false\"\n   UnhideWhenUsed=\"false\" Name=\"Colorful Shading Accent 3\"\/>\n  <w:LsdException Locked=\"false\" Priority=\"72\" SemiHidden=\"false\"\n   UnhideWhenUsed=\"false\" Name=\"Colorful List Accent 3\"\/>\n  <w:LsdException Locked=\"false\" Priority=\"73\" SemiHidden=\"false\"\n   UnhideWhenUsed=\"false\" Name=\"Colorful Grid Accent 3\"\/>\n  <w:LsdException Locked=\"false\" Priority=\"60\" SemiHidden=\"false\"\n   UnhideWhenUsed=\"false\" Name=\"Light Shading Accent 4\"\/>\n  <w:LsdException Locked=\"false\" Priority=\"61\" SemiHidden=\"false\"\n   UnhideWhenUsed=\"false\" Name=\"Light List Accent 4\"\/>\n  <w:LsdException Locked=\"false\" Priority=\"62\" SemiHidden=\"false\"\n   UnhideWhenUsed=\"false\" Name=\"Light Grid Accent 4\"\/>\n  <w:LsdException Locked=\"false\" Priority=\"63\" SemiHidden=\"false\"\n   UnhideWhenUsed=\"false\" Name=\"Medium Shading 1 Accent 4\"\/>\n  <w:LsdException Locked=\"false\" Priority=\"64\" SemiHidden=\"false\"\n   UnhideWhenUsed=\"false\" Name=\"Medium Shading 2 Accent 4\"\/>\n  <w:LsdException Locked=\"false\" Priority=\"65\" SemiHidden=\"false\"\n   UnhideWhenUsed=\"false\" Name=\"Medium List 1 Accent 4\"\/>\n  <w:LsdException Locked=\"false\" Priority=\"66\" SemiHidden=\"false\"\n   UnhideWhenUsed=\"false\" Name=\"Medium List 2 Accent 4\"\/>\n  <w:LsdException Locked=\"false\" Priority=\"67\" SemiHidden=\"false\"\n   UnhideWhenUsed=\"false\" Name=\"Medium Grid 1 Accent 4\"\/>\n  <w:LsdException Locked=\"false\" Priority=\"68\" SemiHidden=\"false\"\n   UnhideWhenUsed=\"false\" Name=\"Medium Grid 2 Accent 4\"\/>\n  <w:LsdException Locked=\"false\" Priority=\"69\" SemiHidden=\"false\"\n   UnhideWhenUsed=\"false\" Name=\"Medium Grid 3 Accent 4\"\/>\n  <w:LsdException Locked=\"false\" Priority=\"70\" SemiHidden=\"false\"\n   UnhideWhenUsed=\"false\" Name=\"Dark List Accent 4\"\/>\n  <w:LsdException Locked=\"false\" Priority=\"71\" SemiHidden=\"false\"\n   UnhideWhenUsed=\"false\" Name=\"Colorful Shading Accent 4\"\/>\n  <w:LsdException Locked=\"false\" Priority=\"72\" SemiHidden=\"false\"\n   UnhideWhenUsed=\"false\" Name=\"Colorful List Accent 4\"\/>\n  <w:LsdException Locked=\"false\" Priority=\"73\" SemiHidden=\"false\"\n   UnhideWhenUsed=\"false\" Name=\"Colorful Grid Accent 4\"\/>\n  <w:LsdException Locked=\"false\" Priority=\"60\" SemiHidden=\"false\"\n   UnhideWhenUsed=\"false\" Name=\"Light Shading Accent 5\"\/>\n  <w:LsdException Locked=\"false\" Priority=\"61\" SemiHidden=\"false\"\n   UnhideWhenUsed=\"false\" Name=\"Light List Accent 5\"\/>\n  <w:LsdException Locked=\"false\" Priority=\"62\" SemiHidden=\"false\"\n   UnhideWhenUsed=\"false\" Name=\"Light Grid Accent 5\"\/>\n  <w:LsdException Locked=\"false\" Priority=\"63\" SemiHidden=\"false\"\n   UnhideWhenUsed=\"false\" Name=\"Medium Shading 1 Accent 5\"\/>\n  <w:LsdException Locked=\"false\" Priority=\"64\" SemiHidden=\"false\"\n   UnhideWhenUsed=\"false\" Name=\"Medium Shading 2 Accent 5\"\/>\n  <w:LsdException Locked=\"false\" Priority=\"65\" SemiHidden=\"false\"\n   UnhideWhenUsed=\"false\" Name=\"Medium List 1 Accent 5\"\/>\n  <w:LsdException Locked=\"false\" Priority=\"66\" SemiHidden=\"false\"\n   UnhideWhenUsed=\"false\" Name=\"Medium List 2 Accent 5\"\/>\n  <w:LsdException Locked=\"false\" Priority=\"67\" SemiHidden=\"false\"\n   UnhideWhenUsed=\"false\" Name=\"Medium Grid 1 Accent 5\"\/>\n  <w:LsdException Locked=\"false\" Priority=\"68\" SemiHidden=\"false\"\n   UnhideWhenUsed=\"false\" Name=\"Medium Grid 2 Accent 5\"\/>\n  <w:LsdException Locked=\"false\" Priority=\"69\" SemiHidden=\"false\"\n   UnhideWhenUsed=\"false\" Name=\"Medium Grid 3 Accent 5\"\/>\n  <w:LsdException Locked=\"false\" Priority=\"70\" SemiHidden=\"false\"\n   UnhideWhenUsed=\"false\" Name=\"Dark List Accent 5\"\/>\n  <w:LsdException Locked=\"false\" Priority=\"71\" SemiHidden=\"false\"\n   UnhideWhenUsed=\"false\" Name=\"Colorful Shading Accent 5\"\/>\n  <w:LsdException Locked=\"false\" Priority=\"72\" SemiHidden=\"false\"\n   UnhideWhenUsed=\"false\" Name=\"Colorful List Accent 5\"\/>\n  <w:LsdException Locked=\"false\" Priority=\"73\" SemiHidden=\"false\"\n   UnhideWhenUsed=\"false\" Name=\"Colorful Grid Accent 5\"\/>\n  <w:LsdException Locked=\"false\" Priority=\"60\" SemiHidden=\"false\"\n   UnhideWhenUsed=\"false\" Name=\"Light Shading Accent 6\"\/>\n  <w:LsdException Locked=\"false\" Priority=\"61\" SemiHidden=\"false\"\n   UnhideWhenUsed=\"false\" Name=\"Light List Accent 6\"\/>\n  <w:LsdException Locked=\"false\" Priority=\"62\" SemiHidden=\"false\"\n   UnhideWhenUsed=\"false\" Name=\"Light Grid Accent 6\"\/>\n  <w:LsdException Locked=\"false\" Priority=\"63\" SemiHidden=\"false\"\n   UnhideWhenUsed=\"false\" Name=\"Medium Shading 1 Accent 6\"\/>\n  <w:LsdException Locked=\"false\" Priority=\"64\" SemiHidden=\"false\"\n   UnhideWhenUsed=\"false\" Name=\"Medium Shading 2 Accent 6\"\/>\n  <w:LsdException Locked=\"false\" Priority=\"65\" SemiHidden=\"false\"\n   UnhideWhenUsed=\"false\" Name=\"Medium List 1 Accent 6\"\/>\n  <w:LsdException Locked=\"false\" Priority=\"66\" SemiHidden=\"false\"\n   UnhideWhenUsed=\"false\" Name=\"Medium List 2 Accent 6\"\/>\n  <w:LsdException Locked=\"false\" Priority=\"67\" SemiHidden=\"false\"\n   UnhideWhenUsed=\"false\" Name=\"Medium Grid 1 Accent 6\"\/>\n  <w:LsdException Locked=\"false\" Priority=\"68\" SemiHidden=\"false\"\n   UnhideWhenUsed=\"false\" Name=\"Medium Grid 2 Accent 6\"\/>\n  <w:LsdException Locked=\"false\" Priority=\"69\" SemiHidden=\"false\"\n   UnhideWhenUsed=\"false\" Name=\"Medium Grid 3 Accent 6\"\/>\n  <w:LsdException Locked=\"false\" Priority=\"70\" SemiHidden=\"false\"\n   UnhideWhenUsed=\"false\" Name=\"Dark List Accent 6\"\/>\n  <w:LsdException Locked=\"false\" Priority=\"71\" SemiHidden=\"false\"\n   UnhideWhenUsed=\"false\" Name=\"Colorful Shading Accent 6\"\/>\n  <w:LsdException Locked=\"false\" Priority=\"72\" SemiHidden=\"false\"\n   UnhideWhenUsed=\"false\" Name=\"Colorful List Accent 6\"\/>\n  <w:LsdException Locked=\"false\" Priority=\"73\" SemiHidden=\"false\"\n   UnhideWhenUsed=\"false\" Name=\"Colorful Grid Accent 6\"\/>\n  <w:LsdException Locked=\"false\" Priority=\"19\" SemiHidden=\"false\"\n   UnhideWhenUsed=\"false\" QFormat=\"true\" Name=\"Subtle Emphasis\"\/>\n  <w:LsdException Locked=\"false\" Priority=\"21\" SemiHidden=\"false\"\n   UnhideWhenUsed=\"false\" QFormat=\"true\" Name=\"Intense Emphasis\"\/>\n  <w:LsdException Locked=\"false\" Priority=\"31\" SemiHidden=\"false\"\n   UnhideWhenUsed=\"false\" QFormat=\"true\" Name=\"Subtle Reference\"\/>\n  <w:LsdException Locked=\"false\" Priority=\"32\" SemiHidden=\"false\"\n   UnhideWhenUsed=\"false\" QFormat=\"true\" Name=\"Intense Reference\"\/>\n  <w:LsdException Locked=\"false\" Priority=\"33\" SemiHidden=\"false\"\n   UnhideWhenUsed=\"false\" QFormat=\"true\" Name=\"Book Title\"\/>\n  <w:LsdException Locked=\"false\" Priority=\"37\" Name=\"Bibliography\"\/>\n  <w:LsdException Locked=\"false\" Priority=\"39\" QFormat=\"true\" Name=\"TOC Heading\"\/>\n <\/w:LatentStyles>\n<\/xml><![endif]--><!--[if gte mso 10]>\n\n\n<style>\n \/* Style Definitions *\/\n table.MsoNormalTable\n\t{mso-style-name:\"Tabla normal\";\n\tmso-tstyle-rowband-size:0;\n\tmso-tstyle-colband-size:0;\n\tmso-style-noshow:yes;\n\tmso-style-priority:99;\n\tmso-style-qformat:yes;\n\tmso-style-parent:\"\";\n\tmso-padding-alt:0cm 5.4pt 0cm 5.4pt;\n\tmso-para-margin:0cm;\n\tmso-para-margin-bottom:.0001pt;\n\tmso-pagination:widow-orphan;\n\tfont-size:10.0pt;\n\tfont-family:\"Times New Roman\",\"serif\";}\n<\/style>\n\n\n<![endif]--><\/p>\n","protected":false},"excerpt":{"rendered":"<p>Os populares presentan \u201cA Galicia de hoxe: o cami\u00f1o percorrido\u201d, un balance do traballo realizado dende que entraron no Goberno galego en 2009 Solvencia, estabilidade e blindaxe dos servizos p\u00fablicos, eixos de actuaci\u00f3n do PPdeG dende a Xunta de Galicia \u00b7 Os \u00faltimos datos dispo\u00f1ibles din que o paro rexistrado no \u00faltimo ano reduciuse en [&hellip;]<\/p>\n","protected":false},"author":37,"featured_media":0,"comment_status":"open","ping_status":"open","sticky":false,"template":"","format":"standard","meta":{"_acf_changed":false,"footnotes":""},"categories":[1],"tags":[],"class_list":["post-51855","post","type-post","status-publish","format-standard","hentry","category-pp-de-galicia"],"acf":[],"yoast_head":"<!-- This site is optimized with the Yoast SEO plugin v27.3 - https:\/\/yoast.com\/product\/yoast-seo-wordpress\/ -->\n<title>Solvencia, estabilidade e blindaxe dos servizos p\u00fablicos, eixos de actuaci\u00f3n do PPdeG - PP de Galicia<\/title>\n<meta name=\"robots\" content=\"index, follow, max-snippet:-1, max-image-preview:large, max-video-preview:-1\" \/>\n<link rel=\"canonical\" href=\"https:\/\/ppdegalicia.com\/es\/solvencia-estabilidade-e-blindaxe-dos-servizos-publicos-eixos-de-actuacion-do-ppdeg\/\" \/>\n<meta property=\"og:locale\" content=\"es_ES\" \/>\n<meta property=\"og:type\" content=\"article\" \/>\n<meta property=\"og:title\" content=\"Solvencia, estabilidade e blindaxe dos servizos p\u00fablicos, eixos de actuaci\u00f3n do PPdeG - PP de Galicia\" \/>\n<meta property=\"og:description\" content=\"Os populares presentan \u201cA Galicia de hoxe: o cami\u00f1o percorrido\u201d, un balance do traballo realizado dende que entraron no Goberno galego en 2009 Solvencia, estabilidade e blindaxe dos servizos p\u00fablicos, eixos de actuaci\u00f3n do PPdeG dende a Xunta de Galicia \u00b7 Os \u00faltimos datos dispo\u00f1ibles din que o paro rexistrado no \u00faltimo ano reduciuse en [&hellip;]\" \/>\n<meta property=\"og:url\" content=\"https:\/\/ppdegalicia.com\/es\/solvencia-estabilidade-e-blindaxe-dos-servizos-publicos-eixos-de-actuacion-do-ppdeg\/\" \/>\n<meta property=\"og:site_name\" content=\"PP de Galicia\" \/>\n<meta property=\"article:publisher\" content=\"https:\/\/www.instagram.com\/ppdegalicia\/\" \/>\n<meta property=\"article:published_time\" content=\"2016-05-07T17:27:17+00:00\" \/>\n<meta name=\"author\" content=\"Super User\" \/>\n<meta name=\"twitter:card\" content=\"summary_large_image\" \/>\n<meta name=\"twitter:creator\" content=\"@ppdegalicia\" \/>\n<meta name=\"twitter:site\" content=\"@ppdegalicia\" \/>\n<meta name=\"twitter:label1\" content=\"Escrito por\" \/>\n\t<meta name=\"twitter:data1\" content=\"Super User\" \/>\n\t<meta name=\"twitter:label2\" content=\"Tiempo de lectura\" \/>\n\t<meta name=\"twitter:data2\" content=\"7 minutos\" \/>\n<script type=\"application\/ld+json\" class=\"yoast-schema-graph\">{\"@context\":\"https:\\\/\\\/schema.org\",\"@graph\":[{\"@type\":\"Article\",\"@id\":\"https:\\\/\\\/ppdegalicia.com\\\/es\\\/solvencia-estabilidade-e-blindaxe-dos-servizos-publicos-eixos-de-actuacion-do-ppdeg\\\/#article\",\"isPartOf\":{\"@id\":\"https:\\\/\\\/ppdegalicia.com\\\/es\\\/solvencia-estabilidade-e-blindaxe-dos-servizos-publicos-eixos-de-actuacion-do-ppdeg\\\/\"},\"author\":{\"name\":\"Super User\",\"@id\":\"https:\\\/\\\/ppdegalicia.com\\\/es\\\/#\\\/schema\\\/person\\\/d0f013b8388c980665d44009ab762960\"},\"headline\":\"Solvencia, estabilidade e blindaxe dos servizos p\u00fablicos, eixos de actuaci\u00f3n do PPdeG\",\"datePublished\":\"2016-05-07T17:27:17+00:00\",\"mainEntityOfPage\":{\"@id\":\"https:\\\/\\\/ppdegalicia.com\\\/es\\\/solvencia-estabilidade-e-blindaxe-dos-servizos-publicos-eixos-de-actuacion-do-ppdeg\\\/\"},\"wordCount\":1395,\"commentCount\":0,\"publisher\":{\"@id\":\"https:\\\/\\\/ppdegalicia.com\\\/es\\\/#organization\"},\"articleSection\":[\"PP de Galicia\"],\"inLanguage\":\"es\",\"potentialAction\":[{\"@type\":\"CommentAction\",\"name\":\"Comment\",\"target\":[\"https:\\\/\\\/ppdegalicia.com\\\/es\\\/solvencia-estabilidade-e-blindaxe-dos-servizos-publicos-eixos-de-actuacion-do-ppdeg\\\/#respond\"]}]},{\"@type\":\"WebPage\",\"@id\":\"https:\\\/\\\/ppdegalicia.com\\\/es\\\/solvencia-estabilidade-e-blindaxe-dos-servizos-publicos-eixos-de-actuacion-do-ppdeg\\\/\",\"url\":\"https:\\\/\\\/ppdegalicia.com\\\/es\\\/solvencia-estabilidade-e-blindaxe-dos-servizos-publicos-eixos-de-actuacion-do-ppdeg\\\/\",\"name\":\"Solvencia, estabilidade e blindaxe dos servizos p\u00fablicos, eixos de actuaci\u00f3n do PPdeG - PP de Galicia\",\"isPartOf\":{\"@id\":\"https:\\\/\\\/ppdegalicia.com\\\/es\\\/#website\"},\"datePublished\":\"2016-05-07T17:27:17+00:00\",\"breadcrumb\":{\"@id\":\"https:\\\/\\\/ppdegalicia.com\\\/es\\\/solvencia-estabilidade-e-blindaxe-dos-servizos-publicos-eixos-de-actuacion-do-ppdeg\\\/#breadcrumb\"},\"inLanguage\":\"es\",\"potentialAction\":[{\"@type\":\"ReadAction\",\"target\":[\"https:\\\/\\\/ppdegalicia.com\\\/es\\\/solvencia-estabilidade-e-blindaxe-dos-servizos-publicos-eixos-de-actuacion-do-ppdeg\\\/\"]}]},{\"@type\":\"BreadcrumbList\",\"@id\":\"https:\\\/\\\/ppdegalicia.com\\\/es\\\/solvencia-estabilidade-e-blindaxe-dos-servizos-publicos-eixos-de-actuacion-do-ppdeg\\\/#breadcrumb\",\"itemListElement\":[{\"@type\":\"ListItem\",\"position\":1,\"name\":\"Portada\",\"item\":\"https:\\\/\\\/ppdegalicia.com\\\/es\\\/\"},{\"@type\":\"ListItem\",\"position\":2,\"name\":\"Solvencia, estabilidade e blindaxe dos servizos p\u00fablicos, eixos de actuaci\u00f3n do PPdeG\"}]},{\"@type\":\"WebSite\",\"@id\":\"https:\\\/\\\/ppdegalicia.com\\\/es\\\/#website\",\"url\":\"https:\\\/\\\/ppdegalicia.com\\\/es\\\/\",\"name\":\"Partido Popular de Galicia\",\"description\":\"Partido Popular de Galicia\",\"publisher\":{\"@id\":\"https:\\\/\\\/ppdegalicia.com\\\/es\\\/#organization\"},\"alternateName\":\"PP de Galicia\",\"potentialAction\":[{\"@type\":\"SearchAction\",\"target\":{\"@type\":\"EntryPoint\",\"urlTemplate\":\"https:\\\/\\\/ppdegalicia.com\\\/es\\\/?s={search_term_string}\"},\"query-input\":{\"@type\":\"PropertyValueSpecification\",\"valueRequired\":true,\"valueName\":\"search_term_string\"}}],\"inLanguage\":\"es\"},{\"@type\":\"Organization\",\"@id\":\"https:\\\/\\\/ppdegalicia.com\\\/es\\\/#organization\",\"name\":\"Partido Popular de Galicia\",\"alternateName\":\"PP de Galicia\",\"url\":\"https:\\\/\\\/ppdegalicia.com\\\/es\\\/\",\"logo\":{\"@type\":\"ImageObject\",\"inLanguage\":\"es\",\"@id\":\"https:\\\/\\\/ppdegalicia.com\\\/es\\\/#\\\/schema\\\/logo\\\/image\\\/\",\"url\":\"https:\\\/\\\/ppdegalicia.com\\\/wp-content\\\/uploads\\\/2023\\\/04\\\/logoPP512.png\",\"contentUrl\":\"https:\\\/\\\/ppdegalicia.com\\\/wp-content\\\/uploads\\\/2023\\\/04\\\/logoPP512.png\",\"width\":512,\"height\":512,\"caption\":\"Partido Popular de Galicia\"},\"image\":{\"@id\":\"https:\\\/\\\/ppdegalicia.com\\\/es\\\/#\\\/schema\\\/logo\\\/image\\\/\"},\"sameAs\":[\"https:\\\/\\\/www.instagram.com\\\/ppdegalicia\\\/\",\"https:\\\/\\\/x.com\\\/ppdegalicia\",\"https:\\\/\\\/www.tiktok.com\\\/@ppdegalicia\",\"https:\\\/\\\/www.youtube.com\\\/user\\\/ppdegalicia\"]},{\"@type\":\"Person\",\"@id\":\"https:\\\/\\\/ppdegalicia.com\\\/es\\\/#\\\/schema\\\/person\\\/d0f013b8388c980665d44009ab762960\",\"name\":\"Super User\",\"image\":{\"@type\":\"ImageObject\",\"inLanguage\":\"es\",\"@id\":\"https:\\\/\\\/secure.gravatar.com\\\/avatar\\\/1db852625ef4948f58d2739bfbc51e4b9bd5c93b8fa340b59fdb594ca0845645?s=96&d=mm&r=g\",\"url\":\"https:\\\/\\\/secure.gravatar.com\\\/avatar\\\/1db852625ef4948f58d2739bfbc51e4b9bd5c93b8fa340b59fdb594ca0845645?s=96&d=mm&r=g\",\"contentUrl\":\"https:\\\/\\\/secure.gravatar.com\\\/avatar\\\/1db852625ef4948f58d2739bfbc51e4b9bd5c93b8fa340b59fdb594ca0845645?s=96&d=mm&r=g\",\"caption\":\"Super User\"},\"url\":\"https:\\\/\\\/ppdegalicia.com\\\/es\\\/author\\\/ppdegaliciagestion\\\/\"}]}<\/script>\n<!-- \/ Yoast SEO plugin. -->","yoast_head_json":{"title":"Solvencia, estabilidade e blindaxe dos servizos p\u00fablicos, eixos de actuaci\u00f3n do PPdeG - PP de Galicia","robots":{"index":"index","follow":"follow","max-snippet":"max-snippet:-1","max-image-preview":"max-image-preview:large","max-video-preview":"max-video-preview:-1"},"canonical":"https:\/\/ppdegalicia.com\/es\/solvencia-estabilidade-e-blindaxe-dos-servizos-publicos-eixos-de-actuacion-do-ppdeg\/","og_locale":"es_ES","og_type":"article","og_title":"Solvencia, estabilidade e blindaxe dos servizos p\u00fablicos, eixos de actuaci\u00f3n do PPdeG - PP de Galicia","og_description":"Os populares presentan \u201cA Galicia de hoxe: o cami\u00f1o percorrido\u201d, un balance do traballo realizado dende que entraron no Goberno galego en 2009 Solvencia, estabilidade e blindaxe dos servizos p\u00fablicos, eixos de actuaci\u00f3n do PPdeG dende a Xunta de Galicia \u00b7 Os \u00faltimos datos dispo\u00f1ibles din que o paro rexistrado no \u00faltimo ano reduciuse en [&hellip;]","og_url":"https:\/\/ppdegalicia.com\/es\/solvencia-estabilidade-e-blindaxe-dos-servizos-publicos-eixos-de-actuacion-do-ppdeg\/","og_site_name":"PP de Galicia","article_publisher":"https:\/\/www.instagram.com\/ppdegalicia\/","article_published_time":"2016-05-07T17:27:17+00:00","author":"Super User","twitter_card":"summary_large_image","twitter_creator":"@ppdegalicia","twitter_site":"@ppdegalicia","twitter_misc":{"Escrito por":"Super User","Tiempo de lectura":"7 minutos"},"schema":{"@context":"https:\/\/schema.org","@graph":[{"@type":"Article","@id":"https:\/\/ppdegalicia.com\/es\/solvencia-estabilidade-e-blindaxe-dos-servizos-publicos-eixos-de-actuacion-do-ppdeg\/#article","isPartOf":{"@id":"https:\/\/ppdegalicia.com\/es\/solvencia-estabilidade-e-blindaxe-dos-servizos-publicos-eixos-de-actuacion-do-ppdeg\/"},"author":{"name":"Super User","@id":"https:\/\/ppdegalicia.com\/es\/#\/schema\/person\/d0f013b8388c980665d44009ab762960"},"headline":"Solvencia, estabilidade e blindaxe dos servizos p\u00fablicos, eixos de actuaci\u00f3n do PPdeG","datePublished":"2016-05-07T17:27:17+00:00","mainEntityOfPage":{"@id":"https:\/\/ppdegalicia.com\/es\/solvencia-estabilidade-e-blindaxe-dos-servizos-publicos-eixos-de-actuacion-do-ppdeg\/"},"wordCount":1395,"commentCount":0,"publisher":{"@id":"https:\/\/ppdegalicia.com\/es\/#organization"},"articleSection":["PP de Galicia"],"inLanguage":"es","potentialAction":[{"@type":"CommentAction","name":"Comment","target":["https:\/\/ppdegalicia.com\/es\/solvencia-estabilidade-e-blindaxe-dos-servizos-publicos-eixos-de-actuacion-do-ppdeg\/#respond"]}]},{"@type":"WebPage","@id":"https:\/\/ppdegalicia.com\/es\/solvencia-estabilidade-e-blindaxe-dos-servizos-publicos-eixos-de-actuacion-do-ppdeg\/","url":"https:\/\/ppdegalicia.com\/es\/solvencia-estabilidade-e-blindaxe-dos-servizos-publicos-eixos-de-actuacion-do-ppdeg\/","name":"Solvencia, estabilidade e blindaxe dos servizos p\u00fablicos, eixos de actuaci\u00f3n do PPdeG - PP de Galicia","isPartOf":{"@id":"https:\/\/ppdegalicia.com\/es\/#website"},"datePublished":"2016-05-07T17:27:17+00:00","breadcrumb":{"@id":"https:\/\/ppdegalicia.com\/es\/solvencia-estabilidade-e-blindaxe-dos-servizos-publicos-eixos-de-actuacion-do-ppdeg\/#breadcrumb"},"inLanguage":"es","potentialAction":[{"@type":"ReadAction","target":["https:\/\/ppdegalicia.com\/es\/solvencia-estabilidade-e-blindaxe-dos-servizos-publicos-eixos-de-actuacion-do-ppdeg\/"]}]},{"@type":"BreadcrumbList","@id":"https:\/\/ppdegalicia.com\/es\/solvencia-estabilidade-e-blindaxe-dos-servizos-publicos-eixos-de-actuacion-do-ppdeg\/#breadcrumb","itemListElement":[{"@type":"ListItem","position":1,"name":"Portada","item":"https:\/\/ppdegalicia.com\/es\/"},{"@type":"ListItem","position":2,"name":"Solvencia, estabilidade e blindaxe dos servizos p\u00fablicos, eixos de actuaci\u00f3n do PPdeG"}]},{"@type":"WebSite","@id":"https:\/\/ppdegalicia.com\/es\/#website","url":"https:\/\/ppdegalicia.com\/es\/","name":"Partido Popular de Galicia","description":"Partido Popular de Galicia","publisher":{"@id":"https:\/\/ppdegalicia.com\/es\/#organization"},"alternateName":"PP de Galicia","potentialAction":[{"@type":"SearchAction","target":{"@type":"EntryPoint","urlTemplate":"https:\/\/ppdegalicia.com\/es\/?s={search_term_string}"},"query-input":{"@type":"PropertyValueSpecification","valueRequired":true,"valueName":"search_term_string"}}],"inLanguage":"es"},{"@type":"Organization","@id":"https:\/\/ppdegalicia.com\/es\/#organization","name":"Partido Popular de Galicia","alternateName":"PP de Galicia","url":"https:\/\/ppdegalicia.com\/es\/","logo":{"@type":"ImageObject","inLanguage":"es","@id":"https:\/\/ppdegalicia.com\/es\/#\/schema\/logo\/image\/","url":"https:\/\/ppdegalicia.com\/wp-content\/uploads\/2023\/04\/logoPP512.png","contentUrl":"https:\/\/ppdegalicia.com\/wp-content\/uploads\/2023\/04\/logoPP512.png","width":512,"height":512,"caption":"Partido Popular de Galicia"},"image":{"@id":"https:\/\/ppdegalicia.com\/es\/#\/schema\/logo\/image\/"},"sameAs":["https:\/\/www.instagram.com\/ppdegalicia\/","https:\/\/x.com\/ppdegalicia","https:\/\/www.tiktok.com\/@ppdegalicia","https:\/\/www.youtube.com\/user\/ppdegalicia"]},{"@type":"Person","@id":"https:\/\/ppdegalicia.com\/es\/#\/schema\/person\/d0f013b8388c980665d44009ab762960","name":"Super User","image":{"@type":"ImageObject","inLanguage":"es","@id":"https:\/\/secure.gravatar.com\/avatar\/1db852625ef4948f58d2739bfbc51e4b9bd5c93b8fa340b59fdb594ca0845645?s=96&d=mm&r=g","url":"https:\/\/secure.gravatar.com\/avatar\/1db852625ef4948f58d2739bfbc51e4b9bd5c93b8fa340b59fdb594ca0845645?s=96&d=mm&r=g","contentUrl":"https:\/\/secure.gravatar.com\/avatar\/1db852625ef4948f58d2739bfbc51e4b9bd5c93b8fa340b59fdb594ca0845645?s=96&d=mm&r=g","caption":"Super User"},"url":"https:\/\/ppdegalicia.com\/es\/author\/ppdegaliciagestion\/"}]}},"_links":{"self":[{"href":"https:\/\/ppdegalicia.com\/es\/wp-json\/wp\/v2\/posts\/51855","targetHints":{"allow":["GET"]}}],"collection":[{"href":"https:\/\/ppdegalicia.com\/es\/wp-json\/wp\/v2\/posts"}],"about":[{"href":"https:\/\/ppdegalicia.com\/es\/wp-json\/wp\/v2\/types\/post"}],"author":[{"embeddable":true,"href":"https:\/\/ppdegalicia.com\/es\/wp-json\/wp\/v2\/users\/37"}],"replies":[{"embeddable":true,"href":"https:\/\/ppdegalicia.com\/es\/wp-json\/wp\/v2\/comments?post=51855"}],"version-history":[{"count":0,"href":"https:\/\/ppdegalicia.com\/es\/wp-json\/wp\/v2\/posts\/51855\/revisions"}],"wp:attachment":[{"href":"https:\/\/ppdegalicia.com\/es\/wp-json\/wp\/v2\/media?parent=51855"}],"wp:term":[{"taxonomy":"category","embeddable":true,"href":"https:\/\/ppdegalicia.com\/es\/wp-json\/wp\/v2\/categories?post=51855"},{"taxonomy":"post_tag","embeddable":true,"href":"https:\/\/ppdegalicia.com\/es\/wp-json\/wp\/v2\/tags?post=51855"}],"curies":[{"name":"wp","href":"https:\/\/api.w.org\/{rel}","templated":true}]}}