{"id":51856,"date":"2016-05-07T20:16:32","date_gmt":"2016-05-07T18:16:32","guid":{"rendered":"https:\/\/ppdegalicia.com\/o-ppdeg-apostara-por-novas-rebaixas-fiscais-de-cara-ao-futuro\/"},"modified":"2016-05-07T20:16:32","modified_gmt":"2016-05-07T18:16:32","slug":"o-ppdeg-apostara-por-novas-rebaixas-fiscais-de-cara-ao-futuro","status":"publish","type":"post","link":"https:\/\/ppdegalicia.com\/es\/o-ppdeg-apostara-por-novas-rebaixas-fiscais-de-cara-ao-futuro\/","title":{"rendered":"O PPdeG apostar\u00e1 por novas rebaixas fiscais de cara ao futuro"},"content":{"rendered":"<div style=\"text-align: justify;\"><font size=\"3\"><b>Ourense, 7 de maio de 2016.-<\/b> O PPdeG impulsar\u00e1 un proxecto pol\u00edtico para Galicia renovado, coherente, realista e realizable para mellorar a calidade de vida dos galegos, abranguendo a todos os \u00e1mbitos de xesti\u00f3n, todos os colectivos e todos os territorios sen ning\u00fan tipo de exclusi\u00f3n.<\/font><\/div>\n<div style=\"text-align: justify;\"><font size=\"3\"><br \/><\/font><\/div>\n<div style=\"text-align: justify;\"><font size=\"3\">Segundo recolle o manifesto \u201cA Galicia do futuro: o cami\u00f1o por percorrer\u201d, os populares te\u00f1en agora a obriga de configurar un proxecto de futuro para o conxunto da cidadan\u00eda, que sexa inclusivo e que permita acadar un novo horizonte de oportunidades e de esperanza. Pero esa realidade debe ir acompa\u00f1ada de iniciativas e ideas renovadas, acordes cos novos desaf\u00edos que Galicia deber\u00e1 afrontar no horizonte de 2020.<\/font><\/div>\n<div style=\"text-align: justify;\"><font size=\"3\"><br \/><\/font><\/div>\n<div style=\"text-align: justify;\"><font size=\"3\">&nbsp;As\u00ed mesmo, fronte \u00e1s propostas excluintes, de curto percorrido, ou de escaso esp\u00edrito democr\u00e1tico, o PPdeG reitera a s\u00faa aposta de sempre polo galeguismo integrador e universal, que permitiu situar a Galicia entre as rexi\u00f3ns con maior autonom\u00eda de Europa, un galeguismo que tam\u00e9n enxalza e se enorgullece dos sinais de identidade que nos diferencian como pobo ao tempo que nos sentimos espa\u00f1ois e europeos.<\/font><\/div>\n<div style=\"text-align: justify;\"><font size=\"3\"><br \/><\/font><\/div>\n<div style=\"text-align: justify;\"><font size=\"3\">CRECEMENTO SOSTIDO ORIENTADO \u00c1S PERSOAS<\/font><\/div>\n<div style=\"text-align: justify;\"><font size=\"3\">Unha vez superadas as peores dificultades, \u00e9 o momento de afrontar a recuperaci\u00f3n econ\u00f3mica co obxectivo de acadar un crecemento sostido do 2,5% anual do PIB na segunda metade desta d\u00e9cada e reducir o desemprego na Comunidade a un 10%, o que ser\u00eda unha econom\u00eda ao servizo das persoas.<\/font><\/div>\n<div style=\"text-align: justify;\"><font size=\"3\"><br \/><\/font><\/div>\n<div style=\"text-align: justify;\"><font size=\"3\">Para iso, Galicia completar\u00e1 a consolidaci\u00f3n fiscal, cumprindo co obxectivo de estabilidade orzamentaria, reducindo a s\u00faa d\u00e9beda paulatinamente e facendo fronte \u00e1s s\u00faas obrigas e pagamentos a provedores con axilidade.<\/font><\/div>\n<div style=\"text-align: justify;\"><font size=\"3\"><br \/><\/font><\/div>\n<div style=\"text-align: justify;\"><font size=\"3\">Ademais, o conxunto da estratexia econ\u00f3mica orientarase \u00e1 mellora da renda das persoas, valorando novas posibles rebaixas de impostos en funci\u00f3n da evoluci\u00f3n dos ingresos da Comunidade Aut\u00f3noma.<\/font><\/div>\n<div style=\"text-align: justify;\"><font size=\"3\"><br \/><\/font><\/div>\n<div style=\"text-align: justify;\"><font size=\"3\">Por outra banda, os populares potenciar\u00e1n a innovaci\u00f3n e a internacionalizaci\u00f3n da empresa galega e promover\u00e1n a captaci\u00f3n de investimento estranxeiro. As\u00ed mesmo, farase unha aposta polo emprendemento, que anime a posta en marcha de novas iniciativas e oportunidades, xeradoras de riqueza e emprego, con acceso preferente de pemes e microempresas a pr\u00e9stamos e microcr\u00e9ditos bonificados.<\/font><\/div>\n<div style=\"text-align: justify;\"><font size=\"3\"><br \/><\/font><\/div>\n<div style=\"text-align: justify;\"><font size=\"3\">Xa en materia de infraestruturas, a segunda metade da presente d\u00e9cada caracterizarase pola construci\u00f3n das estaci\u00f3ns intermodais, tarefa que coincidir\u00e1 coa posta en servizo do AVE que comunique Galicia coa Meseta. Continuarase apostando pola vertebraci\u00f3n territorial e o fomento d mobilidade como elementos fundamentais na promoci\u00f3n da igualdade de oportunidades para todos a cidadan\u00eda e nese esforzo seguiremos impulsando o AVE, avanzando na integraci\u00f3n dentro da alta velocidade da provincia de Lugo e da comarca de Ferrolterra, a trav\u00e9s das li\u00f1as Ourense-Lugo e Ferrol-A Coru\u00f1a.<\/font><\/div>\n<div style=\"text-align: justify;\"><font size=\"3\"><br \/><\/font><\/div>\n<div style=\"text-align: justify;\"><font size=\"3\">C\u00f3mpre salientar que todas as propostas contempladas no ideario popular, sexan en materia de innovaci\u00f3n, de internacionalizaci\u00f3n, de apoio ao investimento ou de dotaci\u00f3n de infraestruturas, te\u00f1en un \u00fanico obxectivo final: a creaci\u00f3n de emprego, que debe ir da man do crecemento econ\u00f3mico para ofrecer postos de traballo estables e de calidade.<\/font><\/div>\n<div style=\"text-align: justify;\"><font size=\"3\"><br \/><\/font><\/div>\n<div style=\"text-align: justify;\"><font size=\"3\"><br \/><\/font><\/div>\n<div style=\"text-align: justify;\"><font size=\"3\">CENTRADOS NO BENESTAR<\/font><\/div>\n<div style=\"text-align: justify;\"><font size=\"3\">O PPdeG continuar\u00e1 traballando para blindar o sistema sanitario, e seguir\u00e1 defendendo a sanidade p\u00fablica con m\u00e1is tecnolox\u00eda, con mellores infraestructuras e con m\u00e1is prestaci\u00f3ns, sempre cun obxectivo claro: mellorar a sa\u00fade da cidadan\u00eda galega.<\/font><\/div>\n<div style=\"text-align: justify;\"><font size=\"3\"><br \/><\/font><\/div>\n<div style=\"text-align: justify;\"><font size=\"3\">O obxectivo \u00e9 constru\u00edr unha sanidade para as pr\u00f3ximas xeraci\u00f3ns, estable, segura, comprometida co benestar de todos e, responsable co uso dos recursos p\u00fablicos.<\/font><\/div>\n<div style=\"text-align: justify;\"><font size=\"3\"><br \/><\/font><\/div>\n<div style=\"text-align: justify;\"><font size=\"3\">As\u00ed mesmo, o PPdeG ten moi presente a calidade dos servizos sociais, e est\u00e1n convencidos de que a actuaci\u00f3n para os vindeiros anos transcorrer\u00e1 polos dous principais vieiros marcados nesta lexislatura: a loita contra a desigualdade social e a mudanza da tendencia demogr\u00e1fica.&nbsp;<\/font><\/div>\n<div style=\"text-align: justify;\"><font size=\"3\"><br \/><\/font><\/div>\n<div style=\"text-align: justify;\"><font size=\"3\">Para acadar ambicioso obxectivo de que Galicia sexa o mellor lugar onde nacer e onde vivir, os populares contan con d\u00faas ferramentas chave: a Nova Axenda Social e o Programa de Apoio \u00e1 Natalidade. Estas d\u00faas iniciativas, xunto coa aposta decidida do Goberno galego por consolidar os avances conseguidos na implantaci\u00f3n da Lei da Dependencia reforzando os servizos b\u00e1sicos e incorporando persoas usuarias ao sistema, ser\u00e1n os sinais de identidade da Galicia pr\u00f3spera, igualitaria e inclusiva que queremos para o futuro.<\/font><\/div>\n<div style=\"text-align: justify;\"><font size=\"3\"><br \/><\/font><\/div>\n<div style=\"text-align: justify;\"><font size=\"3\">OS SECTORES ESTRAT\u00c9XICOS<\/font><\/div>\n<div style=\"text-align: justify;\"><font size=\"3\">Entre os obxectivos do PPdeG at\u00f3pase continuar apoiando aos sectores estrat\u00e9xicos da econom\u00eda galega. Entre eles, destacan as iniciativas relacionadas co sector do mar, para o que os populares continuar\u00e1n traballando en Europa coa fin de facer valer as s\u00faas propostas da man do sector e para que o marco regulatorio comunitario desta actividade te\u00f1a en conta as particularidades e os retos deste medio en Galicia.<\/font><\/div>\n<div style=\"text-align: justify;\"><font size=\"3\"><br \/><\/font><\/div>\n<div style=\"text-align: justify;\"><font size=\"3\">No tocante ao Consello Galego de Pesca, pret\u00e9ndese facer del unha ferramenta que sirva para fincar os piares de cada norma que saia adiante no sector mar\u00edtimo-pesqueiro co obxectivo de conseguir un marco regulatorio sinxelo e aplicable.<\/font><\/div>\n<div style=\"text-align: justify;\"><font size=\"3\"><br \/><\/font><\/div>\n<div style=\"text-align: justify;\"><font size=\"3\">Ademais, continuarase traballando en v\u00edas que permitan o relevo xeracional e seguirase reforzando o papel da muller dentro deste eido.<\/font><\/div>\n<div style=\"text-align: justify;\"><font size=\"3\"><br \/><\/font><\/div>\n<div style=\"text-align: justify;\"><font size=\"3\">Tam\u00e9n se prestar\u00e1 especial atenci\u00f3n \u00e1 pesca de altura e gran altura e ao marisqueo, ao tempo que se afianzar\u00e1 a presenza dos nosos produtos nos eidos da transformaci\u00f3n e comercializaci\u00f3n, facendo o traballo entre todos os elos da cadea mar-industria.<\/font><\/div>\n<div style=\"text-align: justify;\"><font size=\"3\"><br \/><\/font><\/div>\n<div style=\"text-align: justify;\"><font size=\"3\">No que se refire ao medio rural, impulsarase o labor do PPdeG ao amparo do Plan de Desenvolvemento Rural 2014-2020 buscando fomentar a competitividade da agricultura galega mediante a modernizaci\u00f3n das explotaci\u00f3ns agr\u00edcolas e forestais, incorporando \u00e1 mocidade en explotaci\u00f3ns orientadas ao mercado, ordenado o territorio e mellorando, polo tanto, a produtividade da industria agroalimentaria e forestal. Todo co obxectivo prioritario de mellorar a calidade de vida da poboaci\u00f3n do rural, fomentando a creaci\u00f3n de emprego e a prestaci\u00f3n de servizos b\u00e1sicos que contrib\u00faan \u00e1 fixaci\u00f3n da poboaci\u00f3n neste medio.<\/font><\/div>\n<div style=\"text-align: justify;\"><font size=\"3\"><br \/><\/font><\/div>\n<div style=\"text-align: justify;\"><font size=\"3\">&nbsp;A EDUCACI\u00d3N PARA GA\u00d1AR O FUTURO<\/font><\/div>\n<div style=\"text-align: justify;\"><font size=\"3\">A mellora da educaci\u00f3n e o potenciamento da cultura galega constit\u00faen d\u00faas li\u00f1as estrat\u00e9xicas do PPdeG para os vindeiros anos.<\/font><\/div>\n<div style=\"text-align: justify;\"><font size=\"3\"><br \/><\/font><\/div>\n<div style=\"text-align: justify;\"><font size=\"3\">Para seguir mellorando en materia de educaci\u00f3n prec\u00edsase unha estabilidade normativa real, evitando as sucesivas remudas lexislativas, como as que se te\u00f1en producido ata o de agora. E ese estabilidade normativa pasa por contar cun Goberno estable e tal obxectivo s\u00f3 o pode garantir o Partido Popular co apoio maioritario da sociedade galega.<\/font><\/div>\n<div style=\"text-align: justify;\"><font size=\"3\"><br \/><\/font><\/div>\n<div style=\"text-align: justify;\"><font size=\"3\">Ademais, adaptarase a oferta da Formaci\u00f3n Profesional para que resulte m\u00e1is aca\u00edda \u00e1s demandas de cualificaci\u00f3n do noso sistema produtivo e apostarase por manter o apoio financeiro da Administraci\u00f3n auton\u00f3mica ao sistema universitario galego cun dobre obxectivo: mellorar a formaci\u00f3n superior da nosa mocidade e potenciar a investigaci\u00f3n.<\/font><\/div>\n<div style=\"text-align: justify;\"><font size=\"3\"><br \/><\/font><\/div>\n<div style=\"text-align: justify;\"><font size=\"3\">En definitiva, restan a\u00ednda moitas por facer para completar a tarefa iniciada polos populares hai sete anos cando chegaron \u00e1 Xunta pero quen mellor pode e sabe facelas \u00e9 o PPdeG, a \u00fanica forza pol\u00edtica capaz de garantir a estabilidade, a unidade, a seguridade e a previsibilidade que debe ofrecer un Goberno para mellorar a situaci\u00f3n dun pa\u00eds.<\/font><\/div>\n<div><\/div>\n","protected":false},"excerpt":{"rendered":"<p>Ourense, 7 de maio de 2016.- O PPdeG impulsar\u00e1 un proxecto pol\u00edtico para Galicia renovado, coherente, realista e realizable para mellorar a calidade de vida dos galegos, abranguendo a todos os \u00e1mbitos de xesti\u00f3n, todos os colectivos e todos os territorios sen ning\u00fan tipo de exclusi\u00f3n. Segundo recolle o manifesto \u201cA Galicia do futuro: o [&hellip;]<\/p>\n","protected":false},"author":37,"featured_media":0,"comment_status":"open","ping_status":"open","sticky":false,"template":"","format":"standard","meta":{"_acf_changed":false,"footnotes":""},"categories":[1],"tags":[],"class_list":["post-51856","post","type-post","status-publish","format-standard","hentry","category-pp-de-galicia"],"acf":[],"yoast_head":"<!-- This site is optimized with the Yoast SEO plugin v27.3 - https:\/\/yoast.com\/product\/yoast-seo-wordpress\/ -->\n<title>O PPdeG apostar\u00e1 por novas rebaixas fiscais de cara ao futuro - PP de Galicia<\/title>\n<meta name=\"robots\" content=\"index, follow, max-snippet:-1, max-image-preview:large, max-video-preview:-1\" \/>\n<link rel=\"canonical\" href=\"https:\/\/ppdegalicia.com\/es\/o-ppdeg-apostara-por-novas-rebaixas-fiscais-de-cara-ao-futuro\/\" \/>\n<meta property=\"og:locale\" content=\"es_ES\" \/>\n<meta property=\"og:type\" content=\"article\" \/>\n<meta property=\"og:title\" content=\"O PPdeG apostar\u00e1 por novas rebaixas fiscais de cara ao futuro - PP de Galicia\" \/>\n<meta property=\"og:description\" content=\"Ourense, 7 de maio de 2016.- O PPdeG impulsar\u00e1 un proxecto pol\u00edtico para Galicia renovado, coherente, realista e realizable para mellorar a calidade de vida dos galegos, abranguendo a todos os \u00e1mbitos de xesti\u00f3n, todos os colectivos e todos os territorios sen ning\u00fan tipo de exclusi\u00f3n. Segundo recolle o manifesto \u201cA Galicia do futuro: o [&hellip;]\" \/>\n<meta property=\"og:url\" content=\"https:\/\/ppdegalicia.com\/es\/o-ppdeg-apostara-por-novas-rebaixas-fiscais-de-cara-ao-futuro\/\" \/>\n<meta property=\"og:site_name\" content=\"PP de Galicia\" \/>\n<meta property=\"article:publisher\" content=\"https:\/\/www.instagram.com\/ppdegalicia\/\" \/>\n<meta property=\"article:published_time\" content=\"2016-05-07T18:16:32+00:00\" \/>\n<meta name=\"author\" content=\"Super User\" \/>\n<meta name=\"twitter:card\" content=\"summary_large_image\" \/>\n<meta name=\"twitter:creator\" content=\"@ppdegalicia\" \/>\n<meta name=\"twitter:site\" content=\"@ppdegalicia\" \/>\n<meta name=\"twitter:label1\" content=\"Escrito por\" \/>\n\t<meta name=\"twitter:data1\" content=\"Super User\" \/>\n\t<meta name=\"twitter:label2\" content=\"Tiempo de lectura\" \/>\n\t<meta name=\"twitter:data2\" content=\"6 minutos\" \/>\n<script type=\"application\/ld+json\" class=\"yoast-schema-graph\">{\"@context\":\"https:\\\/\\\/schema.org\",\"@graph\":[{\"@type\":\"Article\",\"@id\":\"https:\\\/\\\/ppdegalicia.com\\\/es\\\/o-ppdeg-apostara-por-novas-rebaixas-fiscais-de-cara-ao-futuro\\\/#article\",\"isPartOf\":{\"@id\":\"https:\\\/\\\/ppdegalicia.com\\\/es\\\/o-ppdeg-apostara-por-novas-rebaixas-fiscais-de-cara-ao-futuro\\\/\"},\"author\":{\"name\":\"Super User\",\"@id\":\"https:\\\/\\\/ppdegalicia.com\\\/es\\\/#\\\/schema\\\/person\\\/d0f013b8388c980665d44009ab762960\"},\"headline\":\"O PPdeG apostar\u00e1 por novas rebaixas fiscais de cara ao futuro\",\"datePublished\":\"2016-05-07T18:16:32+00:00\",\"mainEntityOfPage\":{\"@id\":\"https:\\\/\\\/ppdegalicia.com\\\/es\\\/o-ppdeg-apostara-por-novas-rebaixas-fiscais-de-cara-ao-futuro\\\/\"},\"wordCount\":1232,\"commentCount\":0,\"publisher\":{\"@id\":\"https:\\\/\\\/ppdegalicia.com\\\/es\\\/#organization\"},\"articleSection\":[\"PP de Galicia\"],\"inLanguage\":\"es\",\"potentialAction\":[{\"@type\":\"CommentAction\",\"name\":\"Comment\",\"target\":[\"https:\\\/\\\/ppdegalicia.com\\\/es\\\/o-ppdeg-apostara-por-novas-rebaixas-fiscais-de-cara-ao-futuro\\\/#respond\"]}]},{\"@type\":\"WebPage\",\"@id\":\"https:\\\/\\\/ppdegalicia.com\\\/es\\\/o-ppdeg-apostara-por-novas-rebaixas-fiscais-de-cara-ao-futuro\\\/\",\"url\":\"https:\\\/\\\/ppdegalicia.com\\\/es\\\/o-ppdeg-apostara-por-novas-rebaixas-fiscais-de-cara-ao-futuro\\\/\",\"name\":\"O PPdeG apostar\u00e1 por novas rebaixas fiscais de cara ao futuro - PP de Galicia\",\"isPartOf\":{\"@id\":\"https:\\\/\\\/ppdegalicia.com\\\/es\\\/#website\"},\"datePublished\":\"2016-05-07T18:16:32+00:00\",\"breadcrumb\":{\"@id\":\"https:\\\/\\\/ppdegalicia.com\\\/es\\\/o-ppdeg-apostara-por-novas-rebaixas-fiscais-de-cara-ao-futuro\\\/#breadcrumb\"},\"inLanguage\":\"es\",\"potentialAction\":[{\"@type\":\"ReadAction\",\"target\":[\"https:\\\/\\\/ppdegalicia.com\\\/es\\\/o-ppdeg-apostara-por-novas-rebaixas-fiscais-de-cara-ao-futuro\\\/\"]}]},{\"@type\":\"BreadcrumbList\",\"@id\":\"https:\\\/\\\/ppdegalicia.com\\\/es\\\/o-ppdeg-apostara-por-novas-rebaixas-fiscais-de-cara-ao-futuro\\\/#breadcrumb\",\"itemListElement\":[{\"@type\":\"ListItem\",\"position\":1,\"name\":\"Portada\",\"item\":\"https:\\\/\\\/ppdegalicia.com\\\/es\\\/\"},{\"@type\":\"ListItem\",\"position\":2,\"name\":\"O PPdeG apostar\u00e1 por novas rebaixas fiscais de cara ao futuro\"}]},{\"@type\":\"WebSite\",\"@id\":\"https:\\\/\\\/ppdegalicia.com\\\/es\\\/#website\",\"url\":\"https:\\\/\\\/ppdegalicia.com\\\/es\\\/\",\"name\":\"Partido Popular de Galicia\",\"description\":\"Partido Popular de Galicia\",\"publisher\":{\"@id\":\"https:\\\/\\\/ppdegalicia.com\\\/es\\\/#organization\"},\"alternateName\":\"PP de Galicia\",\"potentialAction\":[{\"@type\":\"SearchAction\",\"target\":{\"@type\":\"EntryPoint\",\"urlTemplate\":\"https:\\\/\\\/ppdegalicia.com\\\/es\\\/?s={search_term_string}\"},\"query-input\":{\"@type\":\"PropertyValueSpecification\",\"valueRequired\":true,\"valueName\":\"search_term_string\"}}],\"inLanguage\":\"es\"},{\"@type\":\"Organization\",\"@id\":\"https:\\\/\\\/ppdegalicia.com\\\/es\\\/#organization\",\"name\":\"Partido Popular de Galicia\",\"alternateName\":\"PP de Galicia\",\"url\":\"https:\\\/\\\/ppdegalicia.com\\\/es\\\/\",\"logo\":{\"@type\":\"ImageObject\",\"inLanguage\":\"es\",\"@id\":\"https:\\\/\\\/ppdegalicia.com\\\/es\\\/#\\\/schema\\\/logo\\\/image\\\/\",\"url\":\"https:\\\/\\\/ppdegalicia.com\\\/wp-content\\\/uploads\\\/2023\\\/04\\\/logoPP512.png\",\"contentUrl\":\"https:\\\/\\\/ppdegalicia.com\\\/wp-content\\\/uploads\\\/2023\\\/04\\\/logoPP512.png\",\"width\":512,\"height\":512,\"caption\":\"Partido Popular de Galicia\"},\"image\":{\"@id\":\"https:\\\/\\\/ppdegalicia.com\\\/es\\\/#\\\/schema\\\/logo\\\/image\\\/\"},\"sameAs\":[\"https:\\\/\\\/www.instagram.com\\\/ppdegalicia\\\/\",\"https:\\\/\\\/x.com\\\/ppdegalicia\",\"https:\\\/\\\/www.tiktok.com\\\/@ppdegalicia\",\"https:\\\/\\\/www.youtube.com\\\/user\\\/ppdegalicia\"]},{\"@type\":\"Person\",\"@id\":\"https:\\\/\\\/ppdegalicia.com\\\/es\\\/#\\\/schema\\\/person\\\/d0f013b8388c980665d44009ab762960\",\"name\":\"Super User\",\"image\":{\"@type\":\"ImageObject\",\"inLanguage\":\"es\",\"@id\":\"https:\\\/\\\/secure.gravatar.com\\\/avatar\\\/1db852625ef4948f58d2739bfbc51e4b9bd5c93b8fa340b59fdb594ca0845645?s=96&d=mm&r=g\",\"url\":\"https:\\\/\\\/secure.gravatar.com\\\/avatar\\\/1db852625ef4948f58d2739bfbc51e4b9bd5c93b8fa340b59fdb594ca0845645?s=96&d=mm&r=g\",\"contentUrl\":\"https:\\\/\\\/secure.gravatar.com\\\/avatar\\\/1db852625ef4948f58d2739bfbc51e4b9bd5c93b8fa340b59fdb594ca0845645?s=96&d=mm&r=g\",\"caption\":\"Super User\"},\"url\":\"https:\\\/\\\/ppdegalicia.com\\\/es\\\/author\\\/ppdegaliciagestion\\\/\"}]}<\/script>\n<!-- \/ Yoast SEO plugin. -->","yoast_head_json":{"title":"O PPdeG apostar\u00e1 por novas rebaixas fiscais de cara ao futuro - PP de Galicia","robots":{"index":"index","follow":"follow","max-snippet":"max-snippet:-1","max-image-preview":"max-image-preview:large","max-video-preview":"max-video-preview:-1"},"canonical":"https:\/\/ppdegalicia.com\/es\/o-ppdeg-apostara-por-novas-rebaixas-fiscais-de-cara-ao-futuro\/","og_locale":"es_ES","og_type":"article","og_title":"O PPdeG apostar\u00e1 por novas rebaixas fiscais de cara ao futuro - PP de Galicia","og_description":"Ourense, 7 de maio de 2016.- O PPdeG impulsar\u00e1 un proxecto pol\u00edtico para Galicia renovado, coherente, realista e realizable para mellorar a calidade de vida dos galegos, abranguendo a todos os \u00e1mbitos de xesti\u00f3n, todos os colectivos e todos os territorios sen ning\u00fan tipo de exclusi\u00f3n. Segundo recolle o manifesto \u201cA Galicia do futuro: o [&hellip;]","og_url":"https:\/\/ppdegalicia.com\/es\/o-ppdeg-apostara-por-novas-rebaixas-fiscais-de-cara-ao-futuro\/","og_site_name":"PP de Galicia","article_publisher":"https:\/\/www.instagram.com\/ppdegalicia\/","article_published_time":"2016-05-07T18:16:32+00:00","author":"Super User","twitter_card":"summary_large_image","twitter_creator":"@ppdegalicia","twitter_site":"@ppdegalicia","twitter_misc":{"Escrito por":"Super User","Tiempo de lectura":"6 minutos"},"schema":{"@context":"https:\/\/schema.org","@graph":[{"@type":"Article","@id":"https:\/\/ppdegalicia.com\/es\/o-ppdeg-apostara-por-novas-rebaixas-fiscais-de-cara-ao-futuro\/#article","isPartOf":{"@id":"https:\/\/ppdegalicia.com\/es\/o-ppdeg-apostara-por-novas-rebaixas-fiscais-de-cara-ao-futuro\/"},"author":{"name":"Super User","@id":"https:\/\/ppdegalicia.com\/es\/#\/schema\/person\/d0f013b8388c980665d44009ab762960"},"headline":"O PPdeG apostar\u00e1 por novas rebaixas fiscais de cara ao futuro","datePublished":"2016-05-07T18:16:32+00:00","mainEntityOfPage":{"@id":"https:\/\/ppdegalicia.com\/es\/o-ppdeg-apostara-por-novas-rebaixas-fiscais-de-cara-ao-futuro\/"},"wordCount":1232,"commentCount":0,"publisher":{"@id":"https:\/\/ppdegalicia.com\/es\/#organization"},"articleSection":["PP de Galicia"],"inLanguage":"es","potentialAction":[{"@type":"CommentAction","name":"Comment","target":["https:\/\/ppdegalicia.com\/es\/o-ppdeg-apostara-por-novas-rebaixas-fiscais-de-cara-ao-futuro\/#respond"]}]},{"@type":"WebPage","@id":"https:\/\/ppdegalicia.com\/es\/o-ppdeg-apostara-por-novas-rebaixas-fiscais-de-cara-ao-futuro\/","url":"https:\/\/ppdegalicia.com\/es\/o-ppdeg-apostara-por-novas-rebaixas-fiscais-de-cara-ao-futuro\/","name":"O PPdeG apostar\u00e1 por novas rebaixas fiscais de cara ao futuro - PP de Galicia","isPartOf":{"@id":"https:\/\/ppdegalicia.com\/es\/#website"},"datePublished":"2016-05-07T18:16:32+00:00","breadcrumb":{"@id":"https:\/\/ppdegalicia.com\/es\/o-ppdeg-apostara-por-novas-rebaixas-fiscais-de-cara-ao-futuro\/#breadcrumb"},"inLanguage":"es","potentialAction":[{"@type":"ReadAction","target":["https:\/\/ppdegalicia.com\/es\/o-ppdeg-apostara-por-novas-rebaixas-fiscais-de-cara-ao-futuro\/"]}]},{"@type":"BreadcrumbList","@id":"https:\/\/ppdegalicia.com\/es\/o-ppdeg-apostara-por-novas-rebaixas-fiscais-de-cara-ao-futuro\/#breadcrumb","itemListElement":[{"@type":"ListItem","position":1,"name":"Portada","item":"https:\/\/ppdegalicia.com\/es\/"},{"@type":"ListItem","position":2,"name":"O PPdeG apostar\u00e1 por novas rebaixas fiscais de cara ao futuro"}]},{"@type":"WebSite","@id":"https:\/\/ppdegalicia.com\/es\/#website","url":"https:\/\/ppdegalicia.com\/es\/","name":"Partido Popular de Galicia","description":"Partido Popular de Galicia","publisher":{"@id":"https:\/\/ppdegalicia.com\/es\/#organization"},"alternateName":"PP de Galicia","potentialAction":[{"@type":"SearchAction","target":{"@type":"EntryPoint","urlTemplate":"https:\/\/ppdegalicia.com\/es\/?s={search_term_string}"},"query-input":{"@type":"PropertyValueSpecification","valueRequired":true,"valueName":"search_term_string"}}],"inLanguage":"es"},{"@type":"Organization","@id":"https:\/\/ppdegalicia.com\/es\/#organization","name":"Partido Popular de Galicia","alternateName":"PP de Galicia","url":"https:\/\/ppdegalicia.com\/es\/","logo":{"@type":"ImageObject","inLanguage":"es","@id":"https:\/\/ppdegalicia.com\/es\/#\/schema\/logo\/image\/","url":"https:\/\/ppdegalicia.com\/wp-content\/uploads\/2023\/04\/logoPP512.png","contentUrl":"https:\/\/ppdegalicia.com\/wp-content\/uploads\/2023\/04\/logoPP512.png","width":512,"height":512,"caption":"Partido Popular de Galicia"},"image":{"@id":"https:\/\/ppdegalicia.com\/es\/#\/schema\/logo\/image\/"},"sameAs":["https:\/\/www.instagram.com\/ppdegalicia\/","https:\/\/x.com\/ppdegalicia","https:\/\/www.tiktok.com\/@ppdegalicia","https:\/\/www.youtube.com\/user\/ppdegalicia"]},{"@type":"Person","@id":"https:\/\/ppdegalicia.com\/es\/#\/schema\/person\/d0f013b8388c980665d44009ab762960","name":"Super User","image":{"@type":"ImageObject","inLanguage":"es","@id":"https:\/\/secure.gravatar.com\/avatar\/1db852625ef4948f58d2739bfbc51e4b9bd5c93b8fa340b59fdb594ca0845645?s=96&d=mm&r=g","url":"https:\/\/secure.gravatar.com\/avatar\/1db852625ef4948f58d2739bfbc51e4b9bd5c93b8fa340b59fdb594ca0845645?s=96&d=mm&r=g","contentUrl":"https:\/\/secure.gravatar.com\/avatar\/1db852625ef4948f58d2739bfbc51e4b9bd5c93b8fa340b59fdb594ca0845645?s=96&d=mm&r=g","caption":"Super User"},"url":"https:\/\/ppdegalicia.com\/es\/author\/ppdegaliciagestion\/"}]}},"_links":{"self":[{"href":"https:\/\/ppdegalicia.com\/es\/wp-json\/wp\/v2\/posts\/51856","targetHints":{"allow":["GET"]}}],"collection":[{"href":"https:\/\/ppdegalicia.com\/es\/wp-json\/wp\/v2\/posts"}],"about":[{"href":"https:\/\/ppdegalicia.com\/es\/wp-json\/wp\/v2\/types\/post"}],"author":[{"embeddable":true,"href":"https:\/\/ppdegalicia.com\/es\/wp-json\/wp\/v2\/users\/37"}],"replies":[{"embeddable":true,"href":"https:\/\/ppdegalicia.com\/es\/wp-json\/wp\/v2\/comments?post=51856"}],"version-history":[{"count":0,"href":"https:\/\/ppdegalicia.com\/es\/wp-json\/wp\/v2\/posts\/51856\/revisions"}],"wp:attachment":[{"href":"https:\/\/ppdegalicia.com\/es\/wp-json\/wp\/v2\/media?parent=51856"}],"wp:term":[{"taxonomy":"category","embeddable":true,"href":"https:\/\/ppdegalicia.com\/es\/wp-json\/wp\/v2\/categories?post=51856"},{"taxonomy":"post_tag","embeddable":true,"href":"https:\/\/ppdegalicia.com\/es\/wp-json\/wp\/v2\/tags?post=51856"}],"curies":[{"name":"wp","href":"https:\/\/api.w.org\/{rel}","templated":true}]}}