{"id":51866,"date":"2016-05-16T20:31:30","date_gmt":"2016-05-16T18:31:30","guid":{"rendered":"https:\/\/ppdegalicia.com\/feijoo-di-que-fronte-a-un-ppdeg-renovado-so-estan-os-partidos-que-non-fixeron-nada\/"},"modified":"2016-05-16T20:31:30","modified_gmt":"2016-05-16T18:31:30","slug":"feijoo-di-que-fronte-a-un-ppdeg-renovado-so-estan-os-partidos-que-non-fixeron-nada","status":"publish","type":"post","link":"https:\/\/ppdegalicia.com\/es\/feijoo-di-que-fronte-a-un-ppdeg-renovado-so-estan-os-partidos-que-non-fixeron-nada\/","title":{"rendered":"Feij\u00f3o di que fronte a un PPdeG renovado s\u00f3 est\u00e1n os partidos que non fixeron nada"},"content":{"rendered":"<div>Preside o primeiro Comit&eacute; Executivo tralo Congreso auton&oacute;mico, formado por un equipo cuxa taxa de renovaci&oacute;n &eacute; do 70%<\/div>\n<div>&nbsp;<\/div>\n<div><strong>Feij&oacute;o di que fronte a un PPdeG galeguista, reformista e renovado s&oacute; est&aacute;n os partidos que non fixeron nada nin por Galicia nin por Espa&ntilde;a<\/strong><\/div>\n<div>&nbsp;<\/div>\n<div>&bull;<span class=\"Apple-tab-span\" style=\"white-space: pre;\"> <\/span>Indica que os partidos non s&oacute; deber&iacute;an pedir o voto nas elecci&oacute;ns xerais sen&oacute;n tam&eacute;n perd&oacute;n por seren incapaces de dar coa soluci&oacute;n pol&iacute;tica que pediron os espa&ntilde;ois nas urnas<\/div>\n<div>&nbsp;<\/div>\n<div>&bull;<span class=\"Apple-tab-span\" style=\"white-space: pre;\"> <\/span>Asegura que a nosa comunidade quere uns pol&iacute;ticos que falen dos galegos e recorda que aqu&iacute; seguimos gobernando con estabilidade e tomando decisi&oacute;ns de transcendencia<\/div>\n<div><strong>&nbsp;<\/strong><\/div>\n<div><strong>Santiago de Compostela, 16 de maio de 2016.-<\/strong> O presidente dos populares galegos, Alberto N&uacute;&ntilde;ez Feij&oacute;o, asegurou que fronte a un PPdeG galeguista, reformista e renovado, s&oacute; podemos atopar ao o resto de partidos que non fixeron absolutamente nada nin por Galicia nin por Espa&ntilde;a nos &uacute;ltimos meses.<\/div>\n<div>&nbsp;<\/div>\n<div>Na primeira reuni&oacute;n do Comit&eacute; Executivo do partido trala celebraci&oacute;n do seu XVI Congreso auton&oacute;mico, o mandatario referiuse ao PSOE, a Podemos e a Ciudadanos, que exclu&iacute;ron ao PP e decidiron que &iacute;an tomar as riendas do futuro de Espa&ntilde;a. Nese sentido, apuntou que o que tivemos neste tempo foron cero avances e un pa&iacute;s paralizado nas s&uacute;as mans, o mesmo que sucedeu en varias cidades de coalici&oacute;ns PSOE e Podemos desde hai un ano.<\/div>\n<div>&nbsp;<\/div>\n<div>O dirixente indicou que estas actitudes aboc&aacute;ronnos a unhas novas elecci&oacute;ns xerais nas que tam&eacute;n haber&aacute; que afrontar a fartura da xente. E &eacute; que segundo Feij&oacute;o, nesta campa&ntilde;a, os partidos non s&oacute; deber&iacute;an pedir o voto aos espa&ntilde;ois sen&oacute;n tam&eacute;n perd&oacute;n por seren incapaces de dar coa soluci&oacute;n pol&iacute;tica que pediu a xente nas urnas.<\/div>\n<div>&nbsp;<\/div>\n<div><strong>POL&Iacute;TICA CON MAI&Uacute;SCULAS<\/strong><\/div>\n<div>O l&iacute;der do PPdeG contrapuxo o seu partido, o &uacute;nico que ten a Galicia no centro co obxectivo de mellorala, con aqueles que pasan o d&iacute;a enleados en intrigas internas ou conspirando contra vellos compa&ntilde;eiros para conseguir ser o vicepresidente dun Goberno de Podemos.&nbsp;<\/div>\n<div>&nbsp;<\/div>\n<div>As&iacute;, para Feij&oacute;o hai partidos que nos seus poucos meses de existencia non pararon de enganar a Galicia, conflu&iacute;ndo e reconflu&iacute;ndo, ali&aacute;ndose e enemiz&aacute;ndose, facendo pasar por complexas negociaci&oacute;ns o que en realidade se decidir&aacute; por un WhatsApp que sale Pablo Iglesias e chega &aacute;s Mareas.<\/div>\n<div>&nbsp;<\/div>\n<div>Pola contra, aseverou que os populares van de cara, son sinceros e te&ntilde;en a obriga de facer pol&iacute;tica con mai&uacute;sculas. &ldquo;Galicia non quere uns pol&iacute;ticos que falen de si mesmos. Galicia quere uns pol&iacute;ticos que falen dos galegos&rdquo;, apuntou.<\/div>\n<div>&nbsp;<\/div>\n<div>Por este motivo tam&eacute;n subli&ntilde;ou que a nosa comunidade non debe mesturarse coa situaci&oacute;n pola que pasa o pa&iacute;s, xa que aqu&iacute; seguimos gobernando con estabilidade.&nbsp;<\/div>\n<div>&nbsp;<\/div>\n<div>Nesta li&ntilde;a, Feij&oacute;o salientou que o PP prefire que ser xulgado polo seu traballo responsable. As&iacute;, destacou que mentres a irresponsabilidade hipoteca o futuro das novas xeraci&oacute;ns, a responsabilidade permite que Galicia invista no futuro dos nenos e da mocidade.&nbsp;<\/div>\n<div>&nbsp;<\/div>\n<div>Nese sentido, recordou que, ademais de ser unha comunidade que cumpriu o d&eacute;ficit, tam&eacute;n somos a que m&aacute;is axuda a pais e nais cando deciden ter un fillo; a que incrementa as prazas p&uacute;blicas de garder&iacute;a e pon en marcha medidas como as casas ni&ntilde;o ou o bono coidador; a que ten as taxas universitarias m&aacute;is baixas e incrementa o n&uacute;mero de becas; ou a que pode po&ntilde;er a gratuitade no transporte para os menores. Deste xeito, o presidente apuntaba que os que antes miraban para Galicia e se preguntaban &ldquo;por que fan iso?&rdquo; agora preg&uacute;ntanse &ldquo;por que non o fixemos n&oacute;s?&rdquo;.<\/div>\n<div>&nbsp;<\/div>\n<div><strong>PARTIDO GALEGUISTA<\/strong><\/div>\n<div>Na s&uacute;a intervenci&oacute;n, o presidente dixo que o PPdeG &eacute; un partido de maior&iacute;as, de goberno, dun pa&iacute;s e dun pobo. &ldquo;N&oacute;s somos o partido de Galicia&rdquo;, engadiu.<\/div>\n<div>&nbsp;<\/div>\n<div>Desta forma, Feij&oacute;o manifestou que mentres hai outros partidos que cren que Galicia &eacute; deles, os populares non se van apropiar nunca da nosa comunidade, xa que entenden que &eacute; de todos os galegos e estes te&ntilde;en dereito a sentila como queiran e en liberdade.&nbsp;<\/div>\n<div>&nbsp;<\/div>\n<div>\n<p>Ademais, asegurou que o PPdeG ten un discurso galeguista porque naceu aqu&iacute; para toda Espa&ntilde;a, &eacute; o primeiro partido de Galicia e leva anos xestionando os intereses dos galegos, aqueles dos que non se deber&iacute;a po&ntilde;er en cuesti&oacute;n o amor que senten pola s&uacute;a terra.&nbsp;<\/p>\n<p><strong>APOSTA POLA RENOVACI&Oacute;N E &nbsp;A TRANSFORMACI&Oacute;N<\/strong><\/p>\n<\/div>\n<div>&ldquo;N&oacute;s queremos seguir renovando Galicia, queremos seguir renovando o pa&iacute;s e para isto seguiremos traballando&rdquo;, afirmaba Feij&oacute;o durante o seu discurso.<\/div>\n<div>&nbsp;<\/div>\n<div>Nesta li&ntilde;a, recordou como foron renovando a confianza dos galegos en diferentes etapas para permitir que Galicia puidese avanzar ao tempo que puxo en valor que, agora, no novo comit&eacute; Executivo do PPdeG haxa unha taxa de renovaci&oacute;n do 70%.<\/div>\n<div>&nbsp;<\/div>\n<div>E &eacute; que segundo o presidente, o verdadeiro cambio &eacute; aquel que se consegue mirando cara a atr&aacute;s para aprender do que se fixo; conxugando experiencia e renovaci&oacute;n; e transformando pero non rompendo.<\/div>\n<div>&nbsp;<\/div>\n<div>&nbsp;<\/div>\n<div class=\"k2_video\">[iframe width=\u00bb600&#8243; height=\u00bb350&#8243; src=\u00bbhttps:\/\/www.youtube.com\/embed\/RrVpzUOrROQ\u00bb frameborder=\u00bb0&#8243; allowfullscreen ]<\/div>\n","protected":false},"excerpt":{"rendered":"<p>Preside o primeiro Comit&eacute; Executivo tralo Congreso auton&oacute;mico, formado por un equipo cuxa taxa de renovaci&oacute;n &eacute; do 70% &nbsp; Feij&oacute;o di que fronte a un PPdeG galeguista, reformista e renovado s&oacute; est&aacute;n os partidos que non fixeron nada nin por Galicia nin por Espa&ntilde;a &nbsp; &bull; Indica que os partidos non s&oacute; deber&iacute;an pedir [&hellip;]<\/p>\n","protected":false},"author":37,"featured_media":0,"comment_status":"open","ping_status":"open","sticky":false,"template":"","format":"standard","meta":{"_acf_changed":false,"footnotes":""},"categories":[1],"tags":[],"class_list":["post-51866","post","type-post","status-publish","format-standard","hentry","category-pp-de-galicia"],"acf":[],"yoast_head":"<!-- This site is optimized with the Yoast SEO plugin v27.3 - https:\/\/yoast.com\/product\/yoast-seo-wordpress\/ -->\n<title>Feij\u00f3o di que fronte a un PPdeG renovado s\u00f3 est\u00e1n os partidos que non fixeron nada - PP de Galicia<\/title>\n<meta name=\"robots\" content=\"index, follow, max-snippet:-1, max-image-preview:large, max-video-preview:-1\" \/>\n<link rel=\"canonical\" href=\"https:\/\/ppdegalicia.com\/es\/feijoo-di-que-fronte-a-un-ppdeg-renovado-so-estan-os-partidos-que-non-fixeron-nada\/\" \/>\n<meta property=\"og:locale\" content=\"es_ES\" \/>\n<meta property=\"og:type\" content=\"article\" \/>\n<meta property=\"og:title\" content=\"Feij\u00f3o di que fronte a un PPdeG renovado s\u00f3 est\u00e1n os partidos que non fixeron nada - PP de Galicia\" \/>\n<meta property=\"og:description\" content=\"Preside o primeiro Comit&eacute; Executivo tralo Congreso auton&oacute;mico, formado por un equipo cuxa taxa de renovaci&oacute;n &eacute; do 70% &nbsp; Feij&oacute;o di que fronte a un PPdeG galeguista, reformista e renovado s&oacute; est&aacute;n os partidos que non fixeron nada nin por Galicia nin por Espa&ntilde;a &nbsp; &bull; Indica que os partidos non s&oacute; deber&iacute;an pedir [&hellip;]\" \/>\n<meta property=\"og:url\" content=\"https:\/\/ppdegalicia.com\/es\/feijoo-di-que-fronte-a-un-ppdeg-renovado-so-estan-os-partidos-que-non-fixeron-nada\/\" \/>\n<meta property=\"og:site_name\" content=\"PP de Galicia\" \/>\n<meta property=\"article:publisher\" content=\"https:\/\/www.instagram.com\/ppdegalicia\/\" \/>\n<meta property=\"article:published_time\" content=\"2016-05-16T18:31:30+00:00\" \/>\n<meta name=\"author\" content=\"Super User\" \/>\n<meta name=\"twitter:card\" content=\"summary_large_image\" \/>\n<meta name=\"twitter:creator\" content=\"@ppdegalicia\" \/>\n<meta name=\"twitter:site\" content=\"@ppdegalicia\" \/>\n<meta name=\"twitter:label1\" content=\"Escrito por\" \/>\n\t<meta name=\"twitter:data1\" content=\"Super User\" \/>\n\t<meta name=\"twitter:label2\" content=\"Tiempo de lectura\" \/>\n\t<meta name=\"twitter:data2\" content=\"5 minutos\" \/>\n<script type=\"application\/ld+json\" class=\"yoast-schema-graph\">{\"@context\":\"https:\\\/\\\/schema.org\",\"@graph\":[{\"@type\":\"Article\",\"@id\":\"https:\\\/\\\/ppdegalicia.com\\\/es\\\/feijoo-di-que-fronte-a-un-ppdeg-renovado-so-estan-os-partidos-que-non-fixeron-nada\\\/#article\",\"isPartOf\":{\"@id\":\"https:\\\/\\\/ppdegalicia.com\\\/es\\\/feijoo-di-que-fronte-a-un-ppdeg-renovado-so-estan-os-partidos-que-non-fixeron-nada\\\/\"},\"author\":{\"name\":\"Super User\",\"@id\":\"https:\\\/\\\/ppdegalicia.com\\\/es\\\/#\\\/schema\\\/person\\\/d0f013b8388c980665d44009ab762960\"},\"headline\":\"Feij\u00f3o di que fronte a un PPdeG renovado s\u00f3 est\u00e1n os partidos que non fixeron nada\",\"datePublished\":\"2016-05-16T18:31:30+00:00\",\"mainEntityOfPage\":{\"@id\":\"https:\\\/\\\/ppdegalicia.com\\\/es\\\/feijoo-di-que-fronte-a-un-ppdeg-renovado-so-estan-os-partidos-que-non-fixeron-nada\\\/\"},\"wordCount\":1067,\"commentCount\":0,\"publisher\":{\"@id\":\"https:\\\/\\\/ppdegalicia.com\\\/es\\\/#organization\"},\"articleSection\":[\"PP de Galicia\"],\"inLanguage\":\"es\",\"potentialAction\":[{\"@type\":\"CommentAction\",\"name\":\"Comment\",\"target\":[\"https:\\\/\\\/ppdegalicia.com\\\/es\\\/feijoo-di-que-fronte-a-un-ppdeg-renovado-so-estan-os-partidos-que-non-fixeron-nada\\\/#respond\"]}]},{\"@type\":\"WebPage\",\"@id\":\"https:\\\/\\\/ppdegalicia.com\\\/es\\\/feijoo-di-que-fronte-a-un-ppdeg-renovado-so-estan-os-partidos-que-non-fixeron-nada\\\/\",\"url\":\"https:\\\/\\\/ppdegalicia.com\\\/es\\\/feijoo-di-que-fronte-a-un-ppdeg-renovado-so-estan-os-partidos-que-non-fixeron-nada\\\/\",\"name\":\"Feij\u00f3o di que fronte a un PPdeG renovado s\u00f3 est\u00e1n os partidos que non fixeron nada - PP de Galicia\",\"isPartOf\":{\"@id\":\"https:\\\/\\\/ppdegalicia.com\\\/es\\\/#website\"},\"datePublished\":\"2016-05-16T18:31:30+00:00\",\"breadcrumb\":{\"@id\":\"https:\\\/\\\/ppdegalicia.com\\\/es\\\/feijoo-di-que-fronte-a-un-ppdeg-renovado-so-estan-os-partidos-que-non-fixeron-nada\\\/#breadcrumb\"},\"inLanguage\":\"es\",\"potentialAction\":[{\"@type\":\"ReadAction\",\"target\":[\"https:\\\/\\\/ppdegalicia.com\\\/es\\\/feijoo-di-que-fronte-a-un-ppdeg-renovado-so-estan-os-partidos-que-non-fixeron-nada\\\/\"]}]},{\"@type\":\"BreadcrumbList\",\"@id\":\"https:\\\/\\\/ppdegalicia.com\\\/es\\\/feijoo-di-que-fronte-a-un-ppdeg-renovado-so-estan-os-partidos-que-non-fixeron-nada\\\/#breadcrumb\",\"itemListElement\":[{\"@type\":\"ListItem\",\"position\":1,\"name\":\"Portada\",\"item\":\"https:\\\/\\\/ppdegalicia.com\\\/es\\\/\"},{\"@type\":\"ListItem\",\"position\":2,\"name\":\"Feij\u00f3o di que fronte a un PPdeG renovado s\u00f3 est\u00e1n os partidos que non fixeron nada\"}]},{\"@type\":\"WebSite\",\"@id\":\"https:\\\/\\\/ppdegalicia.com\\\/es\\\/#website\",\"url\":\"https:\\\/\\\/ppdegalicia.com\\\/es\\\/\",\"name\":\"Partido Popular de Galicia\",\"description\":\"Partido Popular de Galicia\",\"publisher\":{\"@id\":\"https:\\\/\\\/ppdegalicia.com\\\/es\\\/#organization\"},\"alternateName\":\"PP de Galicia\",\"potentialAction\":[{\"@type\":\"SearchAction\",\"target\":{\"@type\":\"EntryPoint\",\"urlTemplate\":\"https:\\\/\\\/ppdegalicia.com\\\/es\\\/?s={search_term_string}\"},\"query-input\":{\"@type\":\"PropertyValueSpecification\",\"valueRequired\":true,\"valueName\":\"search_term_string\"}}],\"inLanguage\":\"es\"},{\"@type\":\"Organization\",\"@id\":\"https:\\\/\\\/ppdegalicia.com\\\/es\\\/#organization\",\"name\":\"Partido Popular de Galicia\",\"alternateName\":\"PP de Galicia\",\"url\":\"https:\\\/\\\/ppdegalicia.com\\\/es\\\/\",\"logo\":{\"@type\":\"ImageObject\",\"inLanguage\":\"es\",\"@id\":\"https:\\\/\\\/ppdegalicia.com\\\/es\\\/#\\\/schema\\\/logo\\\/image\\\/\",\"url\":\"https:\\\/\\\/ppdegalicia.com\\\/wp-content\\\/uploads\\\/2023\\\/04\\\/logoPP512.png\",\"contentUrl\":\"https:\\\/\\\/ppdegalicia.com\\\/wp-content\\\/uploads\\\/2023\\\/04\\\/logoPP512.png\",\"width\":512,\"height\":512,\"caption\":\"Partido Popular de Galicia\"},\"image\":{\"@id\":\"https:\\\/\\\/ppdegalicia.com\\\/es\\\/#\\\/schema\\\/logo\\\/image\\\/\"},\"sameAs\":[\"https:\\\/\\\/www.instagram.com\\\/ppdegalicia\\\/\",\"https:\\\/\\\/x.com\\\/ppdegalicia\",\"https:\\\/\\\/www.tiktok.com\\\/@ppdegalicia\",\"https:\\\/\\\/www.youtube.com\\\/user\\\/ppdegalicia\"]},{\"@type\":\"Person\",\"@id\":\"https:\\\/\\\/ppdegalicia.com\\\/es\\\/#\\\/schema\\\/person\\\/d0f013b8388c980665d44009ab762960\",\"name\":\"Super User\",\"image\":{\"@type\":\"ImageObject\",\"inLanguage\":\"es\",\"@id\":\"https:\\\/\\\/secure.gravatar.com\\\/avatar\\\/1db852625ef4948f58d2739bfbc51e4b9bd5c93b8fa340b59fdb594ca0845645?s=96&d=mm&r=g\",\"url\":\"https:\\\/\\\/secure.gravatar.com\\\/avatar\\\/1db852625ef4948f58d2739bfbc51e4b9bd5c93b8fa340b59fdb594ca0845645?s=96&d=mm&r=g\",\"contentUrl\":\"https:\\\/\\\/secure.gravatar.com\\\/avatar\\\/1db852625ef4948f58d2739bfbc51e4b9bd5c93b8fa340b59fdb594ca0845645?s=96&d=mm&r=g\",\"caption\":\"Super User\"},\"url\":\"https:\\\/\\\/ppdegalicia.com\\\/es\\\/author\\\/ppdegaliciagestion\\\/\"}]}<\/script>\n<!-- \/ Yoast SEO plugin. -->","yoast_head_json":{"title":"Feij\u00f3o di que fronte a un PPdeG renovado s\u00f3 est\u00e1n os partidos que non fixeron nada - PP de Galicia","robots":{"index":"index","follow":"follow","max-snippet":"max-snippet:-1","max-image-preview":"max-image-preview:large","max-video-preview":"max-video-preview:-1"},"canonical":"https:\/\/ppdegalicia.com\/es\/feijoo-di-que-fronte-a-un-ppdeg-renovado-so-estan-os-partidos-que-non-fixeron-nada\/","og_locale":"es_ES","og_type":"article","og_title":"Feij\u00f3o di que fronte a un PPdeG renovado s\u00f3 est\u00e1n os partidos que non fixeron nada - PP de Galicia","og_description":"Preside o primeiro Comit&eacute; Executivo tralo Congreso auton&oacute;mico, formado por un equipo cuxa taxa de renovaci&oacute;n &eacute; do 70% &nbsp; Feij&oacute;o di que fronte a un PPdeG galeguista, reformista e renovado s&oacute; est&aacute;n os partidos que non fixeron nada nin por Galicia nin por Espa&ntilde;a &nbsp; &bull; Indica que os partidos non s&oacute; deber&iacute;an pedir [&hellip;]","og_url":"https:\/\/ppdegalicia.com\/es\/feijoo-di-que-fronte-a-un-ppdeg-renovado-so-estan-os-partidos-que-non-fixeron-nada\/","og_site_name":"PP de Galicia","article_publisher":"https:\/\/www.instagram.com\/ppdegalicia\/","article_published_time":"2016-05-16T18:31:30+00:00","author":"Super User","twitter_card":"summary_large_image","twitter_creator":"@ppdegalicia","twitter_site":"@ppdegalicia","twitter_misc":{"Escrito por":"Super User","Tiempo de lectura":"5 minutos"},"schema":{"@context":"https:\/\/schema.org","@graph":[{"@type":"Article","@id":"https:\/\/ppdegalicia.com\/es\/feijoo-di-que-fronte-a-un-ppdeg-renovado-so-estan-os-partidos-que-non-fixeron-nada\/#article","isPartOf":{"@id":"https:\/\/ppdegalicia.com\/es\/feijoo-di-que-fronte-a-un-ppdeg-renovado-so-estan-os-partidos-que-non-fixeron-nada\/"},"author":{"name":"Super User","@id":"https:\/\/ppdegalicia.com\/es\/#\/schema\/person\/d0f013b8388c980665d44009ab762960"},"headline":"Feij\u00f3o di que fronte a un PPdeG renovado s\u00f3 est\u00e1n os partidos que non fixeron nada","datePublished":"2016-05-16T18:31:30+00:00","mainEntityOfPage":{"@id":"https:\/\/ppdegalicia.com\/es\/feijoo-di-que-fronte-a-un-ppdeg-renovado-so-estan-os-partidos-que-non-fixeron-nada\/"},"wordCount":1067,"commentCount":0,"publisher":{"@id":"https:\/\/ppdegalicia.com\/es\/#organization"},"articleSection":["PP de Galicia"],"inLanguage":"es","potentialAction":[{"@type":"CommentAction","name":"Comment","target":["https:\/\/ppdegalicia.com\/es\/feijoo-di-que-fronte-a-un-ppdeg-renovado-so-estan-os-partidos-que-non-fixeron-nada\/#respond"]}]},{"@type":"WebPage","@id":"https:\/\/ppdegalicia.com\/es\/feijoo-di-que-fronte-a-un-ppdeg-renovado-so-estan-os-partidos-que-non-fixeron-nada\/","url":"https:\/\/ppdegalicia.com\/es\/feijoo-di-que-fronte-a-un-ppdeg-renovado-so-estan-os-partidos-que-non-fixeron-nada\/","name":"Feij\u00f3o di que fronte a un PPdeG renovado s\u00f3 est\u00e1n os partidos que non fixeron nada - PP de Galicia","isPartOf":{"@id":"https:\/\/ppdegalicia.com\/es\/#website"},"datePublished":"2016-05-16T18:31:30+00:00","breadcrumb":{"@id":"https:\/\/ppdegalicia.com\/es\/feijoo-di-que-fronte-a-un-ppdeg-renovado-so-estan-os-partidos-que-non-fixeron-nada\/#breadcrumb"},"inLanguage":"es","potentialAction":[{"@type":"ReadAction","target":["https:\/\/ppdegalicia.com\/es\/feijoo-di-que-fronte-a-un-ppdeg-renovado-so-estan-os-partidos-que-non-fixeron-nada\/"]}]},{"@type":"BreadcrumbList","@id":"https:\/\/ppdegalicia.com\/es\/feijoo-di-que-fronte-a-un-ppdeg-renovado-so-estan-os-partidos-que-non-fixeron-nada\/#breadcrumb","itemListElement":[{"@type":"ListItem","position":1,"name":"Portada","item":"https:\/\/ppdegalicia.com\/es\/"},{"@type":"ListItem","position":2,"name":"Feij\u00f3o di que fronte a un PPdeG renovado s\u00f3 est\u00e1n os partidos que non fixeron nada"}]},{"@type":"WebSite","@id":"https:\/\/ppdegalicia.com\/es\/#website","url":"https:\/\/ppdegalicia.com\/es\/","name":"Partido Popular de Galicia","description":"Partido Popular de Galicia","publisher":{"@id":"https:\/\/ppdegalicia.com\/es\/#organization"},"alternateName":"PP de Galicia","potentialAction":[{"@type":"SearchAction","target":{"@type":"EntryPoint","urlTemplate":"https:\/\/ppdegalicia.com\/es\/?s={search_term_string}"},"query-input":{"@type":"PropertyValueSpecification","valueRequired":true,"valueName":"search_term_string"}}],"inLanguage":"es"},{"@type":"Organization","@id":"https:\/\/ppdegalicia.com\/es\/#organization","name":"Partido Popular de Galicia","alternateName":"PP de Galicia","url":"https:\/\/ppdegalicia.com\/es\/","logo":{"@type":"ImageObject","inLanguage":"es","@id":"https:\/\/ppdegalicia.com\/es\/#\/schema\/logo\/image\/","url":"https:\/\/ppdegalicia.com\/wp-content\/uploads\/2023\/04\/logoPP512.png","contentUrl":"https:\/\/ppdegalicia.com\/wp-content\/uploads\/2023\/04\/logoPP512.png","width":512,"height":512,"caption":"Partido Popular de Galicia"},"image":{"@id":"https:\/\/ppdegalicia.com\/es\/#\/schema\/logo\/image\/"},"sameAs":["https:\/\/www.instagram.com\/ppdegalicia\/","https:\/\/x.com\/ppdegalicia","https:\/\/www.tiktok.com\/@ppdegalicia","https:\/\/www.youtube.com\/user\/ppdegalicia"]},{"@type":"Person","@id":"https:\/\/ppdegalicia.com\/es\/#\/schema\/person\/d0f013b8388c980665d44009ab762960","name":"Super User","image":{"@type":"ImageObject","inLanguage":"es","@id":"https:\/\/secure.gravatar.com\/avatar\/1db852625ef4948f58d2739bfbc51e4b9bd5c93b8fa340b59fdb594ca0845645?s=96&d=mm&r=g","url":"https:\/\/secure.gravatar.com\/avatar\/1db852625ef4948f58d2739bfbc51e4b9bd5c93b8fa340b59fdb594ca0845645?s=96&d=mm&r=g","contentUrl":"https:\/\/secure.gravatar.com\/avatar\/1db852625ef4948f58d2739bfbc51e4b9bd5c93b8fa340b59fdb594ca0845645?s=96&d=mm&r=g","caption":"Super User"},"url":"https:\/\/ppdegalicia.com\/es\/author\/ppdegaliciagestion\/"}]}},"_links":{"self":[{"href":"https:\/\/ppdegalicia.com\/es\/wp-json\/wp\/v2\/posts\/51866","targetHints":{"allow":["GET"]}}],"collection":[{"href":"https:\/\/ppdegalicia.com\/es\/wp-json\/wp\/v2\/posts"}],"about":[{"href":"https:\/\/ppdegalicia.com\/es\/wp-json\/wp\/v2\/types\/post"}],"author":[{"embeddable":true,"href":"https:\/\/ppdegalicia.com\/es\/wp-json\/wp\/v2\/users\/37"}],"replies":[{"embeddable":true,"href":"https:\/\/ppdegalicia.com\/es\/wp-json\/wp\/v2\/comments?post=51866"}],"version-history":[{"count":0,"href":"https:\/\/ppdegalicia.com\/es\/wp-json\/wp\/v2\/posts\/51866\/revisions"}],"wp:attachment":[{"href":"https:\/\/ppdegalicia.com\/es\/wp-json\/wp\/v2\/media?parent=51866"}],"wp:term":[{"taxonomy":"category","embeddable":true,"href":"https:\/\/ppdegalicia.com\/es\/wp-json\/wp\/v2\/categories?post=51866"},{"taxonomy":"post_tag","embeddable":true,"href":"https:\/\/ppdegalicia.com\/es\/wp-json\/wp\/v2\/tags?post=51866"}],"curies":[{"name":"wp","href":"https:\/\/api.w.org\/{rel}","templated":true}]}}