{"id":51873,"date":"2016-05-20T17:17:08","date_gmt":"2016-05-20T15:17:08","guid":{"rendered":"https:\/\/ppdegalicia.com\/o-ppdeg-apostara-por-unha-campana-participativa-con-menos-moqueta-e-mais-beirarruas\/"},"modified":"2016-05-20T17:17:08","modified_gmt":"2016-05-20T15:17:08","slug":"o-ppdeg-apostara-por-unha-campana-participativa-con-menos-moqueta-e-mais-beirarruas","status":"publish","type":"post","link":"https:\/\/ppdegalicia.com\/es\/o-ppdeg-apostara-por-unha-campana-participativa-con-menos-moqueta-e-mais-beirarruas\/","title":{"rendered":"O PPdeG apostar\u00e1 por unha campa\u00f1a participativa con \u00abmenos moqueta e m\u00e1is beirarr\u00faas\u00bb"},"content":{"rendered":"<p class=\"Cuerpo\" style=\"text-align: justify;\"><strong style=\"font-family: Arial, sans-serif; font-size: medium;\">Santiago de Compostela, 20 de maio de 2016.-<\/strong><span style=\"font-family: Arial, sans-serif; font-size: medium;\"> O secretario do PPdeG e director de campa&ntilde;a para as vindeiras elecci&oacute;ns xerais, Miguel Tellado, asegurou que os populares far&aacute;n unha campa&ntilde;a que aposte por maiores f&oacute;rmulas de participaci&oacute;n, facendo menos m&iacute;tines, con m&aacute;is presenza na r&uacute;a, m&aacute;is conversa cos veci&ntilde;os, e con &ldquo;menos moqueta e m&aacute;is beirarr&uacute;as&rdquo;.&nbsp;<\/span><\/p>\n<p class=\"Cuerpo\" style=\"text-align: justify;\"><span style=\"font-family: Arial, sans-serif; font-size: medium;\">Tras presidir o primeiro Comit&eacute; de Campa&ntilde;a do PPdeG para os pr&oacute;ximos comicios nacionais, o dirixente admitiu que xa te&ntilde;en en marcha toda a maquinaria electoral do partido nas catro provincias para permitirlles sacar os resultados que merece o PPdeG, que &eacute; a primeira forza pol&iacute;tica na nosa comunidade.<\/span><\/p>\n<p class=\"Cuerpo\" style=\"text-align: justify;\"><span style=\"font-family: Arial, sans-serif; font-size: medium;\">Nesta li&ntilde;a, indicou que traballan no dese&ntilde;o dunha campa&ntilde;a que vai vir marcada polo clima xa que non &eacute; mesmo facer unhas elecci&oacute;ns en decembro que en xu&ntilde;o, podendo aproveitar as posibilidades climatol&oacute;xicas para sacar a campa&ntilde;a &aacute; r&uacute;a.&nbsp;<\/span><\/p>\n<p class=\"Cuerpo\" style=\"text-align: justify;\"><span style=\"font-family: Arial, sans-serif; font-size: medium;\">Tellado tam&eacute;n apuntou que os populares explicar&aacute;n nestes comicios cal &eacute; o seu proxecto de futuro para o pa&iacute;s e cales son os riscos que corre Espa&ntilde;a se cae en mans dun partido como Podemos ou dunha coalici&oacute;n -necesaria para evitar que goberne o PP- que estar&iacute;a formada polo partido de Pablo Iglesias, o PSOE e partidos separatistas e da esquerda m&aacute;is radical.<\/span><\/p>\n<p class=\"Cuerpo\" style=\"text-align: justify;\"><span style=\"font-family: Arial, sans-serif; font-size: medium;\">O dirixente afirmou que far&aacute;n unha campa&ntilde;a &ldquo;moi en positivo&rdquo;, ao tempo que explicaba que non ten sentido entrar na estratexia de crispaci&oacute;n que leva a cabo a oposici&oacute;n e que apelar&aacute;n &aacute; raz&oacute;n e a criterios obxectivos que &nbsp;demostran que o mellor para o noso pa&iacute;s &eacute; que contin&uacute;e habendo en Espa&ntilde;a un Goberno do PP.<\/span><\/p>\n<p class=\"Cuerpo\" style=\"text-align: justify;\"><span style=\"font-family: Arial, sans-serif; font-size: medium;\">No plano pol&iacute;tico, tam&eacute;n asegurou que estes ser&aacute;n uns comicios &nbsp;diferentes, xa que en decembro o enfrontamento era entre o PP e o PSOE pero, tralo ocorrido nos &uacute;ltimos meses, agora &nbsp;a polarizaci&oacute;n ser&aacute; entre o PP e Podemos. Nesa li&ntilde;a, tam&eacute;n engadiu que Podemos estalle pasando pola esquerda ao PSOE e que eles ser&aacute;n o eixo central da esquerda en lugar dos socialistas.<\/span><\/p>\n<p class=\"Cuerpo\" style=\"text-align: justify;\"><span style=\"font-family: Arial, sans-serif; font-size: medium;\">Por &uacute;ltimo, subli&ntilde;ou que asumen o reto co obxectivo irrenunciable de seguir sendo o primeiro partido de Galicia e o referente da maior&iacute;a dos galegos xa que &ldquo;s&oacute; o PP garante a estabilidade pol&iacute;tica e institucional que &eacute; o que precisamos para seguir crecendo no plano econ&oacute;mico e para seguir creando emprego, que &eacute; o que m&aacute;is preocupa &aacute; cidadan&iacute;a&rdquo;.<\/span><\/p>\n<p class=\"Cuerpo\" style=\"text-align: justify;\"><span style=\"font-family: Arial,sans-serif; font-size: medium;\"><\/span><\/p>\n<p class=\"Cuerpo\" style=\"text-align: justify;\"><span style=\"font-family: Arial,sans-serif; font-size: medium;\"><\/span><\/p>\n<p class=\"Cuerpo\" style=\"text-align: justify;\"><span style=\"font-family: Arial,sans-serif; font-size: medium;\"><\/span><\/p>\n<p class=\"Cuerpo\" style=\"text-align: justify;\"><span style=\"font-size: medium;\"><\/span><\/p>\n<p class=\"Cuerpo\" style=\"text-align: justify;\">&nbsp;<\/p>\n<p class=\"Cuerpo\" style=\"text-align: justify;\">&nbsp;<\/p>\n<div class=\"k2_video\">[iframe width=\u00bb600&#8243; height=\u00bb350&#8243; src=\u00bbhttps:\/\/www.youtube.com\/embed\/nRY_eRGDzPg\u00bb frameborder=\u00bb0&#8243; allowfullscreen ]<\/div>\n","protected":false},"excerpt":{"rendered":"<p>Santiago de Compostela, 20 de maio de 2016.- O secretario do PPdeG e director de campa&ntilde;a para as vindeiras elecci&oacute;ns xerais, Miguel Tellado, asegurou que os populares far&aacute;n unha campa&ntilde;a que aposte por maiores f&oacute;rmulas de participaci&oacute;n, facendo menos m&iacute;tines, con m&aacute;is presenza na r&uacute;a, m&aacute;is conversa cos veci&ntilde;os, e con &ldquo;menos moqueta e m&aacute;is [&hellip;]<\/p>\n","protected":false},"author":37,"featured_media":0,"comment_status":"open","ping_status":"open","sticky":false,"template":"","format":"standard","meta":{"_acf_changed":false,"footnotes":""},"categories":[1],"tags":[],"class_list":["post-51873","post","type-post","status-publish","format-standard","hentry","category-pp-de-galicia"],"acf":[],"yoast_head":"<!-- This site is optimized with the Yoast SEO plugin v27.3 - https:\/\/yoast.com\/product\/yoast-seo-wordpress\/ -->\n<title>O PPdeG apostar\u00e1 por unha campa\u00f1a participativa con &quot;menos moqueta e m\u00e1is beirarr\u00faas&quot; - PP de Galicia<\/title>\n<meta name=\"robots\" content=\"index, follow, max-snippet:-1, max-image-preview:large, max-video-preview:-1\" \/>\n<link rel=\"canonical\" href=\"https:\/\/ppdegalicia.com\/es\/o-ppdeg-apostara-por-unha-campana-participativa-con-menos-moqueta-e-mais-beirarruas\/\" \/>\n<meta property=\"og:locale\" content=\"es_ES\" \/>\n<meta property=\"og:type\" content=\"article\" \/>\n<meta property=\"og:title\" content=\"O PPdeG apostar\u00e1 por unha campa\u00f1a participativa con &quot;menos moqueta e m\u00e1is beirarr\u00faas&quot; - PP de Galicia\" \/>\n<meta property=\"og:description\" content=\"Santiago de Compostela, 20 de maio de 2016.- O secretario do PPdeG e director de campa&ntilde;a para as vindeiras elecci&oacute;ns xerais, Miguel Tellado, asegurou que os populares far&aacute;n unha campa&ntilde;a que aposte por maiores f&oacute;rmulas de participaci&oacute;n, facendo menos m&iacute;tines, con m&aacute;is presenza na r&uacute;a, m&aacute;is conversa cos veci&ntilde;os, e con &ldquo;menos moqueta e m&aacute;is [&hellip;]\" \/>\n<meta property=\"og:url\" content=\"https:\/\/ppdegalicia.com\/es\/o-ppdeg-apostara-por-unha-campana-participativa-con-menos-moqueta-e-mais-beirarruas\/\" \/>\n<meta property=\"og:site_name\" content=\"PP de Galicia\" \/>\n<meta property=\"article:publisher\" content=\"https:\/\/www.instagram.com\/ppdegalicia\/\" \/>\n<meta property=\"article:published_time\" content=\"2016-05-20T15:17:08+00:00\" \/>\n<meta name=\"author\" content=\"Super User\" \/>\n<meta name=\"twitter:card\" content=\"summary_large_image\" \/>\n<meta name=\"twitter:creator\" content=\"@ppdegalicia\" \/>\n<meta name=\"twitter:site\" content=\"@ppdegalicia\" \/>\n<meta name=\"twitter:label1\" content=\"Escrito por\" \/>\n\t<meta name=\"twitter:data1\" content=\"Super User\" \/>\n\t<meta name=\"twitter:label2\" content=\"Tiempo de lectura\" \/>\n\t<meta name=\"twitter:data2\" content=\"3 minutos\" \/>\n<script type=\"application\/ld+json\" class=\"yoast-schema-graph\">{\"@context\":\"https:\\\/\\\/schema.org\",\"@graph\":[{\"@type\":\"Article\",\"@id\":\"https:\\\/\\\/ppdegalicia.com\\\/es\\\/o-ppdeg-apostara-por-unha-campana-participativa-con-menos-moqueta-e-mais-beirarruas\\\/#article\",\"isPartOf\":{\"@id\":\"https:\\\/\\\/ppdegalicia.com\\\/es\\\/o-ppdeg-apostara-por-unha-campana-participativa-con-menos-moqueta-e-mais-beirarruas\\\/\"},\"author\":{\"name\":\"Super User\",\"@id\":\"https:\\\/\\\/ppdegalicia.com\\\/es\\\/#\\\/schema\\\/person\\\/d0f013b8388c980665d44009ab762960\"},\"headline\":\"O PPdeG apostar\u00e1 por unha campa\u00f1a participativa con \u00abmenos moqueta e m\u00e1is beirarr\u00faas\u00bb\",\"datePublished\":\"2016-05-20T15:17:08+00:00\",\"mainEntityOfPage\":{\"@id\":\"https:\\\/\\\/ppdegalicia.com\\\/es\\\/o-ppdeg-apostara-por-unha-campana-participativa-con-menos-moqueta-e-mais-beirarruas\\\/\"},\"wordCount\":542,\"commentCount\":0,\"publisher\":{\"@id\":\"https:\\\/\\\/ppdegalicia.com\\\/es\\\/#organization\"},\"articleSection\":[\"PP de Galicia\"],\"inLanguage\":\"es\",\"potentialAction\":[{\"@type\":\"CommentAction\",\"name\":\"Comment\",\"target\":[\"https:\\\/\\\/ppdegalicia.com\\\/es\\\/o-ppdeg-apostara-por-unha-campana-participativa-con-menos-moqueta-e-mais-beirarruas\\\/#respond\"]}]},{\"@type\":\"WebPage\",\"@id\":\"https:\\\/\\\/ppdegalicia.com\\\/es\\\/o-ppdeg-apostara-por-unha-campana-participativa-con-menos-moqueta-e-mais-beirarruas\\\/\",\"url\":\"https:\\\/\\\/ppdegalicia.com\\\/es\\\/o-ppdeg-apostara-por-unha-campana-participativa-con-menos-moqueta-e-mais-beirarruas\\\/\",\"name\":\"O PPdeG apostar\u00e1 por unha campa\u00f1a participativa con \\\"menos moqueta e m\u00e1is beirarr\u00faas\\\" - PP de Galicia\",\"isPartOf\":{\"@id\":\"https:\\\/\\\/ppdegalicia.com\\\/es\\\/#website\"},\"datePublished\":\"2016-05-20T15:17:08+00:00\",\"breadcrumb\":{\"@id\":\"https:\\\/\\\/ppdegalicia.com\\\/es\\\/o-ppdeg-apostara-por-unha-campana-participativa-con-menos-moqueta-e-mais-beirarruas\\\/#breadcrumb\"},\"inLanguage\":\"es\",\"potentialAction\":[{\"@type\":\"ReadAction\",\"target\":[\"https:\\\/\\\/ppdegalicia.com\\\/es\\\/o-ppdeg-apostara-por-unha-campana-participativa-con-menos-moqueta-e-mais-beirarruas\\\/\"]}]},{\"@type\":\"BreadcrumbList\",\"@id\":\"https:\\\/\\\/ppdegalicia.com\\\/es\\\/o-ppdeg-apostara-por-unha-campana-participativa-con-menos-moqueta-e-mais-beirarruas\\\/#breadcrumb\",\"itemListElement\":[{\"@type\":\"ListItem\",\"position\":1,\"name\":\"Portada\",\"item\":\"https:\\\/\\\/ppdegalicia.com\\\/es\\\/\"},{\"@type\":\"ListItem\",\"position\":2,\"name\":\"O PPdeG apostar\u00e1 por unha campa\u00f1a participativa con &#8220;menos moqueta e m\u00e1is beirarr\u00faas&#8221;\"}]},{\"@type\":\"WebSite\",\"@id\":\"https:\\\/\\\/ppdegalicia.com\\\/es\\\/#website\",\"url\":\"https:\\\/\\\/ppdegalicia.com\\\/es\\\/\",\"name\":\"Partido Popular de Galicia\",\"description\":\"Partido Popular de Galicia\",\"publisher\":{\"@id\":\"https:\\\/\\\/ppdegalicia.com\\\/es\\\/#organization\"},\"alternateName\":\"PP de Galicia\",\"potentialAction\":[{\"@type\":\"SearchAction\",\"target\":{\"@type\":\"EntryPoint\",\"urlTemplate\":\"https:\\\/\\\/ppdegalicia.com\\\/es\\\/?s={search_term_string}\"},\"query-input\":{\"@type\":\"PropertyValueSpecification\",\"valueRequired\":true,\"valueName\":\"search_term_string\"}}],\"inLanguage\":\"es\"},{\"@type\":\"Organization\",\"@id\":\"https:\\\/\\\/ppdegalicia.com\\\/es\\\/#organization\",\"name\":\"Partido Popular de Galicia\",\"alternateName\":\"PP de Galicia\",\"url\":\"https:\\\/\\\/ppdegalicia.com\\\/es\\\/\",\"logo\":{\"@type\":\"ImageObject\",\"inLanguage\":\"es\",\"@id\":\"https:\\\/\\\/ppdegalicia.com\\\/es\\\/#\\\/schema\\\/logo\\\/image\\\/\",\"url\":\"https:\\\/\\\/ppdegalicia.com\\\/wp-content\\\/uploads\\\/2023\\\/04\\\/logoPP512.png\",\"contentUrl\":\"https:\\\/\\\/ppdegalicia.com\\\/wp-content\\\/uploads\\\/2023\\\/04\\\/logoPP512.png\",\"width\":512,\"height\":512,\"caption\":\"Partido Popular de Galicia\"},\"image\":{\"@id\":\"https:\\\/\\\/ppdegalicia.com\\\/es\\\/#\\\/schema\\\/logo\\\/image\\\/\"},\"sameAs\":[\"https:\\\/\\\/www.instagram.com\\\/ppdegalicia\\\/\",\"https:\\\/\\\/x.com\\\/ppdegalicia\",\"https:\\\/\\\/www.tiktok.com\\\/@ppdegalicia\",\"https:\\\/\\\/www.youtube.com\\\/user\\\/ppdegalicia\"]},{\"@type\":\"Person\",\"@id\":\"https:\\\/\\\/ppdegalicia.com\\\/es\\\/#\\\/schema\\\/person\\\/d0f013b8388c980665d44009ab762960\",\"name\":\"Super User\",\"image\":{\"@type\":\"ImageObject\",\"inLanguage\":\"es\",\"@id\":\"https:\\\/\\\/secure.gravatar.com\\\/avatar\\\/1db852625ef4948f58d2739bfbc51e4b9bd5c93b8fa340b59fdb594ca0845645?s=96&d=mm&r=g\",\"url\":\"https:\\\/\\\/secure.gravatar.com\\\/avatar\\\/1db852625ef4948f58d2739bfbc51e4b9bd5c93b8fa340b59fdb594ca0845645?s=96&d=mm&r=g\",\"contentUrl\":\"https:\\\/\\\/secure.gravatar.com\\\/avatar\\\/1db852625ef4948f58d2739bfbc51e4b9bd5c93b8fa340b59fdb594ca0845645?s=96&d=mm&r=g\",\"caption\":\"Super User\"},\"url\":\"https:\\\/\\\/ppdegalicia.com\\\/es\\\/author\\\/ppdegaliciagestion\\\/\"}]}<\/script>\n<!-- \/ Yoast SEO plugin. -->","yoast_head_json":{"title":"O PPdeG apostar\u00e1 por unha campa\u00f1a participativa con \"menos moqueta e m\u00e1is beirarr\u00faas\" - PP de Galicia","robots":{"index":"index","follow":"follow","max-snippet":"max-snippet:-1","max-image-preview":"max-image-preview:large","max-video-preview":"max-video-preview:-1"},"canonical":"https:\/\/ppdegalicia.com\/es\/o-ppdeg-apostara-por-unha-campana-participativa-con-menos-moqueta-e-mais-beirarruas\/","og_locale":"es_ES","og_type":"article","og_title":"O PPdeG apostar\u00e1 por unha campa\u00f1a participativa con \"menos moqueta e m\u00e1is beirarr\u00faas\" - PP de Galicia","og_description":"Santiago de Compostela, 20 de maio de 2016.- O secretario do PPdeG e director de campa&ntilde;a para as vindeiras elecci&oacute;ns xerais, Miguel Tellado, asegurou que os populares far&aacute;n unha campa&ntilde;a que aposte por maiores f&oacute;rmulas de participaci&oacute;n, facendo menos m&iacute;tines, con m&aacute;is presenza na r&uacute;a, m&aacute;is conversa cos veci&ntilde;os, e con &ldquo;menos moqueta e m&aacute;is [&hellip;]","og_url":"https:\/\/ppdegalicia.com\/es\/o-ppdeg-apostara-por-unha-campana-participativa-con-menos-moqueta-e-mais-beirarruas\/","og_site_name":"PP de Galicia","article_publisher":"https:\/\/www.instagram.com\/ppdegalicia\/","article_published_time":"2016-05-20T15:17:08+00:00","author":"Super User","twitter_card":"summary_large_image","twitter_creator":"@ppdegalicia","twitter_site":"@ppdegalicia","twitter_misc":{"Escrito por":"Super User","Tiempo de lectura":"3 minutos"},"schema":{"@context":"https:\/\/schema.org","@graph":[{"@type":"Article","@id":"https:\/\/ppdegalicia.com\/es\/o-ppdeg-apostara-por-unha-campana-participativa-con-menos-moqueta-e-mais-beirarruas\/#article","isPartOf":{"@id":"https:\/\/ppdegalicia.com\/es\/o-ppdeg-apostara-por-unha-campana-participativa-con-menos-moqueta-e-mais-beirarruas\/"},"author":{"name":"Super User","@id":"https:\/\/ppdegalicia.com\/es\/#\/schema\/person\/d0f013b8388c980665d44009ab762960"},"headline":"O PPdeG apostar\u00e1 por unha campa\u00f1a participativa con \u00abmenos moqueta e m\u00e1is beirarr\u00faas\u00bb","datePublished":"2016-05-20T15:17:08+00:00","mainEntityOfPage":{"@id":"https:\/\/ppdegalicia.com\/es\/o-ppdeg-apostara-por-unha-campana-participativa-con-menos-moqueta-e-mais-beirarruas\/"},"wordCount":542,"commentCount":0,"publisher":{"@id":"https:\/\/ppdegalicia.com\/es\/#organization"},"articleSection":["PP de Galicia"],"inLanguage":"es","potentialAction":[{"@type":"CommentAction","name":"Comment","target":["https:\/\/ppdegalicia.com\/es\/o-ppdeg-apostara-por-unha-campana-participativa-con-menos-moqueta-e-mais-beirarruas\/#respond"]}]},{"@type":"WebPage","@id":"https:\/\/ppdegalicia.com\/es\/o-ppdeg-apostara-por-unha-campana-participativa-con-menos-moqueta-e-mais-beirarruas\/","url":"https:\/\/ppdegalicia.com\/es\/o-ppdeg-apostara-por-unha-campana-participativa-con-menos-moqueta-e-mais-beirarruas\/","name":"O PPdeG apostar\u00e1 por unha campa\u00f1a participativa con \"menos moqueta e m\u00e1is beirarr\u00faas\" - PP de Galicia","isPartOf":{"@id":"https:\/\/ppdegalicia.com\/es\/#website"},"datePublished":"2016-05-20T15:17:08+00:00","breadcrumb":{"@id":"https:\/\/ppdegalicia.com\/es\/o-ppdeg-apostara-por-unha-campana-participativa-con-menos-moqueta-e-mais-beirarruas\/#breadcrumb"},"inLanguage":"es","potentialAction":[{"@type":"ReadAction","target":["https:\/\/ppdegalicia.com\/es\/o-ppdeg-apostara-por-unha-campana-participativa-con-menos-moqueta-e-mais-beirarruas\/"]}]},{"@type":"BreadcrumbList","@id":"https:\/\/ppdegalicia.com\/es\/o-ppdeg-apostara-por-unha-campana-participativa-con-menos-moqueta-e-mais-beirarruas\/#breadcrumb","itemListElement":[{"@type":"ListItem","position":1,"name":"Portada","item":"https:\/\/ppdegalicia.com\/es\/"},{"@type":"ListItem","position":2,"name":"O PPdeG apostar\u00e1 por unha campa\u00f1a participativa con &#8220;menos moqueta e m\u00e1is beirarr\u00faas&#8221;"}]},{"@type":"WebSite","@id":"https:\/\/ppdegalicia.com\/es\/#website","url":"https:\/\/ppdegalicia.com\/es\/","name":"Partido Popular de Galicia","description":"Partido Popular de Galicia","publisher":{"@id":"https:\/\/ppdegalicia.com\/es\/#organization"},"alternateName":"PP de Galicia","potentialAction":[{"@type":"SearchAction","target":{"@type":"EntryPoint","urlTemplate":"https:\/\/ppdegalicia.com\/es\/?s={search_term_string}"},"query-input":{"@type":"PropertyValueSpecification","valueRequired":true,"valueName":"search_term_string"}}],"inLanguage":"es"},{"@type":"Organization","@id":"https:\/\/ppdegalicia.com\/es\/#organization","name":"Partido Popular de Galicia","alternateName":"PP de Galicia","url":"https:\/\/ppdegalicia.com\/es\/","logo":{"@type":"ImageObject","inLanguage":"es","@id":"https:\/\/ppdegalicia.com\/es\/#\/schema\/logo\/image\/","url":"https:\/\/ppdegalicia.com\/wp-content\/uploads\/2023\/04\/logoPP512.png","contentUrl":"https:\/\/ppdegalicia.com\/wp-content\/uploads\/2023\/04\/logoPP512.png","width":512,"height":512,"caption":"Partido Popular de Galicia"},"image":{"@id":"https:\/\/ppdegalicia.com\/es\/#\/schema\/logo\/image\/"},"sameAs":["https:\/\/www.instagram.com\/ppdegalicia\/","https:\/\/x.com\/ppdegalicia","https:\/\/www.tiktok.com\/@ppdegalicia","https:\/\/www.youtube.com\/user\/ppdegalicia"]},{"@type":"Person","@id":"https:\/\/ppdegalicia.com\/es\/#\/schema\/person\/d0f013b8388c980665d44009ab762960","name":"Super User","image":{"@type":"ImageObject","inLanguage":"es","@id":"https:\/\/secure.gravatar.com\/avatar\/1db852625ef4948f58d2739bfbc51e4b9bd5c93b8fa340b59fdb594ca0845645?s=96&d=mm&r=g","url":"https:\/\/secure.gravatar.com\/avatar\/1db852625ef4948f58d2739bfbc51e4b9bd5c93b8fa340b59fdb594ca0845645?s=96&d=mm&r=g","contentUrl":"https:\/\/secure.gravatar.com\/avatar\/1db852625ef4948f58d2739bfbc51e4b9bd5c93b8fa340b59fdb594ca0845645?s=96&d=mm&r=g","caption":"Super User"},"url":"https:\/\/ppdegalicia.com\/es\/author\/ppdegaliciagestion\/"}]}},"_links":{"self":[{"href":"https:\/\/ppdegalicia.com\/es\/wp-json\/wp\/v2\/posts\/51873","targetHints":{"allow":["GET"]}}],"collection":[{"href":"https:\/\/ppdegalicia.com\/es\/wp-json\/wp\/v2\/posts"}],"about":[{"href":"https:\/\/ppdegalicia.com\/es\/wp-json\/wp\/v2\/types\/post"}],"author":[{"embeddable":true,"href":"https:\/\/ppdegalicia.com\/es\/wp-json\/wp\/v2\/users\/37"}],"replies":[{"embeddable":true,"href":"https:\/\/ppdegalicia.com\/es\/wp-json\/wp\/v2\/comments?post=51873"}],"version-history":[{"count":0,"href":"https:\/\/ppdegalicia.com\/es\/wp-json\/wp\/v2\/posts\/51873\/revisions"}],"wp:attachment":[{"href":"https:\/\/ppdegalicia.com\/es\/wp-json\/wp\/v2\/media?parent=51873"}],"wp:term":[{"taxonomy":"category","embeddable":true,"href":"https:\/\/ppdegalicia.com\/es\/wp-json\/wp\/v2\/categories?post=51873"},{"taxonomy":"post_tag","embeddable":true,"href":"https:\/\/ppdegalicia.com\/es\/wp-json\/wp\/v2\/tags?post=51873"}],"curies":[{"name":"wp","href":"https:\/\/api.w.org\/{rel}","templated":true}]}}