{"id":51886,"date":"2016-06-01T17:33:02","date_gmt":"2016-06-01T15:33:02","guid":{"rendered":"https:\/\/ppdegalicia.com\/tellado-reune-ao-comite-redactor-do-programa-das-eleccions-autonomicas\/"},"modified":"2016-06-01T17:33:02","modified_gmt":"2016-06-01T15:33:02","slug":"tellado-reune-ao-comite-redactor-do-programa-das-eleccions-autonomicas","status":"publish","type":"post","link":"https:\/\/ppdegalicia.com\/es\/tellado-reune-ao-comite-redactor-do-programa-das-eleccions-autonomicas\/","title":{"rendered":"Tellado re\u00fane ao Comit\u00e9 redactor do programa das elecci\u00f3ns auton\u00f3micas"},"content":{"rendered":"<div style=\"text-align: justify;\">\n<p><b>Santiago de Compostela, 1 de xu\u00f1o de 2016.-<\/b> O secretario xeral dos populares galegos, Miguel Tellado, anunciou que o PPdeG puxo en marcha a s\u00faa maquinaria de cara \u00e1s vindeiras elecci\u00f3ns auton\u00f3micas e asegurou que xa est\u00e1n traballando nun programa electoral que ser\u00e1 \u201caberto para a nova etapa de consolidaci\u00f3n da recuperaci\u00f3n econ\u00f3mica e da creaci\u00f3n do emprego\u201d.<\/p>\n<p>O dirixente reuniuse esta ma\u00f1\u00e1 co amplo equipo redactor do programa electoral para as auton\u00f3micas e que est\u00e1 formado por representantes do grupo parlamentario, do novo Comit\u00e9 Executivo e por membros do Goberno auton\u00f3mico.<\/p>\n<\/p><\/div>\n<div style=\"text-align: justify;\">\n<p>\u201cPlantexamos elaborar un documento participativo que permita reunirnos con distintos colectivos para recoller propostas de entidades e tam\u00e9n de persoas a t\u00edtulo individual\u201d, apuntou.<\/p>\n<p>As\u00ed mesmo, Tellado indicou que pese a que no horizonte m\u00e1is inmediato est\u00e1 a celebraci\u00f3n das elecci\u00f3ns xerais, esa campa\u00f1a debe circular en paralelo \u00e1 preparaci\u00f3n das auton\u00f3micas, non podendo esperar ao 26-X para comezar a configurar a proposta que far\u00e1n aos galegos e que marcar\u00e1 a folla de ruta de Galicia dende ano 2016 ata o ano 2020.<\/p>\n<\/p><\/div>\n<div style=\"text-align: justify;\">\n<p>Nesta li\u00f1a, engadiu que empregar\u00e1n a experiencia dun Goberno que ven traballando ao longo dos \u00faltimos sete anos para recuperar a situaci\u00f3n da nosa comunidade e sacala da crise econ\u00f3mica. &nbsp;\u201cTr\u00e1tase de establecer as li\u00f1as de traballo futuras para consolidar a recuperaci\u00f3n que hoxe existe xa en Galicia e seguir avanzado nesa direcci\u00f3n\u201d, indicou.<\/p>\n<p>Ademais, Tellado dixo que o PPdeG ostenta unha dobre responsabilidade, a de representar \u00e1 xente que os vota defendendo o seu proxecto e a de garantir a estabilidade pol\u00edtica e institucional.<\/p>\n<\/p><\/div>\n<div style=\"text-align: justify;\">\u201cFronte a estabilidade que ofrece Alberto N\u00fa\u00f1ez Feij\u00f3o hai un c\u00famulo de partidos que non son quen de constitu\u00edrse de forma individual como unha alternativa de Goberno distinta ao PP\u201d, sentenciou.<\/div>\n<div><\/div>\n<div class=\"k2_video\">[iframe width=\u00bb600&#8243; height=\u00bb350&#8243; src=\u00bbhttps:\/\/www.youtube.com\/embed\/2kKIUAUn2uA\u00bb frameborder=\u00bb0&#8243; allowfullscreen ]<\/div>\n","protected":false},"excerpt":{"rendered":"<p>Santiago de Compostela, 1 de xu\u00f1o de 2016.- O secretario xeral dos populares galegos, Miguel Tellado, anunciou que o PPdeG puxo en marcha a s\u00faa maquinaria de cara \u00e1s vindeiras elecci\u00f3ns auton\u00f3micas e asegurou que xa est\u00e1n traballando nun programa electoral que ser\u00e1 \u201caberto para a nova etapa de consolidaci\u00f3n da recuperaci\u00f3n econ\u00f3mica e da [&hellip;]<\/p>\n","protected":false},"author":37,"featured_media":0,"comment_status":"open","ping_status":"open","sticky":false,"template":"","format":"standard","meta":{"_acf_changed":false,"footnotes":""},"categories":[1],"tags":[],"class_list":["post-51886","post","type-post","status-publish","format-standard","hentry","category-pp-de-galicia"],"acf":[],"yoast_head":"<!-- This site is optimized with the Yoast SEO plugin v27.3 - https:\/\/yoast.com\/product\/yoast-seo-wordpress\/ -->\n<title>Tellado re\u00fane ao Comit\u00e9 redactor do programa das elecci\u00f3ns auton\u00f3micas - PP de Galicia<\/title>\n<meta name=\"robots\" content=\"index, follow, max-snippet:-1, max-image-preview:large, max-video-preview:-1\" \/>\n<link rel=\"canonical\" href=\"https:\/\/ppdegalicia.com\/es\/tellado-reune-ao-comite-redactor-do-programa-das-eleccions-autonomicas\/\" \/>\n<meta property=\"og:locale\" content=\"es_ES\" \/>\n<meta property=\"og:type\" content=\"article\" \/>\n<meta property=\"og:title\" content=\"Tellado re\u00fane ao Comit\u00e9 redactor do programa das elecci\u00f3ns auton\u00f3micas - PP de Galicia\" \/>\n<meta property=\"og:description\" content=\"Santiago de Compostela, 1 de xu\u00f1o de 2016.- O secretario xeral dos populares galegos, Miguel Tellado, anunciou que o PPdeG puxo en marcha a s\u00faa maquinaria de cara \u00e1s vindeiras elecci\u00f3ns auton\u00f3micas e asegurou que xa est\u00e1n traballando nun programa electoral que ser\u00e1 \u201caberto para a nova etapa de consolidaci\u00f3n da recuperaci\u00f3n econ\u00f3mica e da [&hellip;]\" \/>\n<meta property=\"og:url\" content=\"https:\/\/ppdegalicia.com\/es\/tellado-reune-ao-comite-redactor-do-programa-das-eleccions-autonomicas\/\" \/>\n<meta property=\"og:site_name\" content=\"PP de Galicia\" \/>\n<meta property=\"article:publisher\" content=\"https:\/\/www.instagram.com\/ppdegalicia\/\" \/>\n<meta property=\"article:published_time\" content=\"2016-06-01T15:33:02+00:00\" \/>\n<meta name=\"author\" content=\"Super User\" \/>\n<meta name=\"twitter:card\" content=\"summary_large_image\" \/>\n<meta name=\"twitter:creator\" content=\"@ppdegalicia\" \/>\n<meta name=\"twitter:site\" content=\"@ppdegalicia\" \/>\n<meta name=\"twitter:label1\" content=\"Escrito por\" \/>\n\t<meta name=\"twitter:data1\" content=\"Super User\" \/>\n\t<meta name=\"twitter:label2\" content=\"Tiempo de lectura\" \/>\n\t<meta name=\"twitter:data2\" content=\"2 minutos\" \/>\n<script type=\"application\/ld+json\" class=\"yoast-schema-graph\">{\"@context\":\"https:\\\/\\\/schema.org\",\"@graph\":[{\"@type\":\"Article\",\"@id\":\"https:\\\/\\\/ppdegalicia.com\\\/es\\\/tellado-reune-ao-comite-redactor-do-programa-das-eleccions-autonomicas\\\/#article\",\"isPartOf\":{\"@id\":\"https:\\\/\\\/ppdegalicia.com\\\/es\\\/tellado-reune-ao-comite-redactor-do-programa-das-eleccions-autonomicas\\\/\"},\"author\":{\"name\":\"Super User\",\"@id\":\"https:\\\/\\\/ppdegalicia.com\\\/es\\\/#\\\/schema\\\/person\\\/d0f013b8388c980665d44009ab762960\"},\"headline\":\"Tellado re\u00fane ao Comit\u00e9 redactor do programa das elecci\u00f3ns auton\u00f3micas\",\"datePublished\":\"2016-06-01T15:33:02+00:00\",\"mainEntityOfPage\":{\"@id\":\"https:\\\/\\\/ppdegalicia.com\\\/es\\\/tellado-reune-ao-comite-redactor-do-programa-das-eleccions-autonomicas\\\/\"},\"wordCount\":346,\"commentCount\":0,\"publisher\":{\"@id\":\"https:\\\/\\\/ppdegalicia.com\\\/es\\\/#organization\"},\"articleSection\":[\"PP de Galicia\"],\"inLanguage\":\"es\",\"potentialAction\":[{\"@type\":\"CommentAction\",\"name\":\"Comment\",\"target\":[\"https:\\\/\\\/ppdegalicia.com\\\/es\\\/tellado-reune-ao-comite-redactor-do-programa-das-eleccions-autonomicas\\\/#respond\"]}]},{\"@type\":\"WebPage\",\"@id\":\"https:\\\/\\\/ppdegalicia.com\\\/es\\\/tellado-reune-ao-comite-redactor-do-programa-das-eleccions-autonomicas\\\/\",\"url\":\"https:\\\/\\\/ppdegalicia.com\\\/es\\\/tellado-reune-ao-comite-redactor-do-programa-das-eleccions-autonomicas\\\/\",\"name\":\"Tellado re\u00fane ao Comit\u00e9 redactor do programa das elecci\u00f3ns auton\u00f3micas - PP de Galicia\",\"isPartOf\":{\"@id\":\"https:\\\/\\\/ppdegalicia.com\\\/es\\\/#website\"},\"datePublished\":\"2016-06-01T15:33:02+00:00\",\"breadcrumb\":{\"@id\":\"https:\\\/\\\/ppdegalicia.com\\\/es\\\/tellado-reune-ao-comite-redactor-do-programa-das-eleccions-autonomicas\\\/#breadcrumb\"},\"inLanguage\":\"es\",\"potentialAction\":[{\"@type\":\"ReadAction\",\"target\":[\"https:\\\/\\\/ppdegalicia.com\\\/es\\\/tellado-reune-ao-comite-redactor-do-programa-das-eleccions-autonomicas\\\/\"]}]},{\"@type\":\"BreadcrumbList\",\"@id\":\"https:\\\/\\\/ppdegalicia.com\\\/es\\\/tellado-reune-ao-comite-redactor-do-programa-das-eleccions-autonomicas\\\/#breadcrumb\",\"itemListElement\":[{\"@type\":\"ListItem\",\"position\":1,\"name\":\"Portada\",\"item\":\"https:\\\/\\\/ppdegalicia.com\\\/es\\\/\"},{\"@type\":\"ListItem\",\"position\":2,\"name\":\"Tellado re\u00fane ao Comit\u00e9 redactor do programa das elecci\u00f3ns auton\u00f3micas\"}]},{\"@type\":\"WebSite\",\"@id\":\"https:\\\/\\\/ppdegalicia.com\\\/es\\\/#website\",\"url\":\"https:\\\/\\\/ppdegalicia.com\\\/es\\\/\",\"name\":\"Partido Popular de Galicia\",\"description\":\"Partido Popular de Galicia\",\"publisher\":{\"@id\":\"https:\\\/\\\/ppdegalicia.com\\\/es\\\/#organization\"},\"alternateName\":\"PP de Galicia\",\"potentialAction\":[{\"@type\":\"SearchAction\",\"target\":{\"@type\":\"EntryPoint\",\"urlTemplate\":\"https:\\\/\\\/ppdegalicia.com\\\/es\\\/?s={search_term_string}\"},\"query-input\":{\"@type\":\"PropertyValueSpecification\",\"valueRequired\":true,\"valueName\":\"search_term_string\"}}],\"inLanguage\":\"es\"},{\"@type\":\"Organization\",\"@id\":\"https:\\\/\\\/ppdegalicia.com\\\/es\\\/#organization\",\"name\":\"Partido Popular de Galicia\",\"alternateName\":\"PP de Galicia\",\"url\":\"https:\\\/\\\/ppdegalicia.com\\\/es\\\/\",\"logo\":{\"@type\":\"ImageObject\",\"inLanguage\":\"es\",\"@id\":\"https:\\\/\\\/ppdegalicia.com\\\/es\\\/#\\\/schema\\\/logo\\\/image\\\/\",\"url\":\"https:\\\/\\\/ppdegalicia.com\\\/wp-content\\\/uploads\\\/2023\\\/04\\\/logoPP512.png\",\"contentUrl\":\"https:\\\/\\\/ppdegalicia.com\\\/wp-content\\\/uploads\\\/2023\\\/04\\\/logoPP512.png\",\"width\":512,\"height\":512,\"caption\":\"Partido Popular de Galicia\"},\"image\":{\"@id\":\"https:\\\/\\\/ppdegalicia.com\\\/es\\\/#\\\/schema\\\/logo\\\/image\\\/\"},\"sameAs\":[\"https:\\\/\\\/www.instagram.com\\\/ppdegalicia\\\/\",\"https:\\\/\\\/x.com\\\/ppdegalicia\",\"https:\\\/\\\/www.tiktok.com\\\/@ppdegalicia\",\"https:\\\/\\\/www.youtube.com\\\/user\\\/ppdegalicia\"]},{\"@type\":\"Person\",\"@id\":\"https:\\\/\\\/ppdegalicia.com\\\/es\\\/#\\\/schema\\\/person\\\/d0f013b8388c980665d44009ab762960\",\"name\":\"Super User\",\"image\":{\"@type\":\"ImageObject\",\"inLanguage\":\"es\",\"@id\":\"https:\\\/\\\/secure.gravatar.com\\\/avatar\\\/1db852625ef4948f58d2739bfbc51e4b9bd5c93b8fa340b59fdb594ca0845645?s=96&d=mm&r=g\",\"url\":\"https:\\\/\\\/secure.gravatar.com\\\/avatar\\\/1db852625ef4948f58d2739bfbc51e4b9bd5c93b8fa340b59fdb594ca0845645?s=96&d=mm&r=g\",\"contentUrl\":\"https:\\\/\\\/secure.gravatar.com\\\/avatar\\\/1db852625ef4948f58d2739bfbc51e4b9bd5c93b8fa340b59fdb594ca0845645?s=96&d=mm&r=g\",\"caption\":\"Super User\"},\"url\":\"https:\\\/\\\/ppdegalicia.com\\\/es\\\/author\\\/ppdegaliciagestion\\\/\"}]}<\/script>\n<!-- \/ Yoast SEO plugin. -->","yoast_head_json":{"title":"Tellado re\u00fane ao Comit\u00e9 redactor do programa das elecci\u00f3ns auton\u00f3micas - PP de Galicia","robots":{"index":"index","follow":"follow","max-snippet":"max-snippet:-1","max-image-preview":"max-image-preview:large","max-video-preview":"max-video-preview:-1"},"canonical":"https:\/\/ppdegalicia.com\/es\/tellado-reune-ao-comite-redactor-do-programa-das-eleccions-autonomicas\/","og_locale":"es_ES","og_type":"article","og_title":"Tellado re\u00fane ao Comit\u00e9 redactor do programa das elecci\u00f3ns auton\u00f3micas - PP de Galicia","og_description":"Santiago de Compostela, 1 de xu\u00f1o de 2016.- O secretario xeral dos populares galegos, Miguel Tellado, anunciou que o PPdeG puxo en marcha a s\u00faa maquinaria de cara \u00e1s vindeiras elecci\u00f3ns auton\u00f3micas e asegurou que xa est\u00e1n traballando nun programa electoral que ser\u00e1 \u201caberto para a nova etapa de consolidaci\u00f3n da recuperaci\u00f3n econ\u00f3mica e da [&hellip;]","og_url":"https:\/\/ppdegalicia.com\/es\/tellado-reune-ao-comite-redactor-do-programa-das-eleccions-autonomicas\/","og_site_name":"PP de Galicia","article_publisher":"https:\/\/www.instagram.com\/ppdegalicia\/","article_published_time":"2016-06-01T15:33:02+00:00","author":"Super User","twitter_card":"summary_large_image","twitter_creator":"@ppdegalicia","twitter_site":"@ppdegalicia","twitter_misc":{"Escrito por":"Super User","Tiempo de lectura":"2 minutos"},"schema":{"@context":"https:\/\/schema.org","@graph":[{"@type":"Article","@id":"https:\/\/ppdegalicia.com\/es\/tellado-reune-ao-comite-redactor-do-programa-das-eleccions-autonomicas\/#article","isPartOf":{"@id":"https:\/\/ppdegalicia.com\/es\/tellado-reune-ao-comite-redactor-do-programa-das-eleccions-autonomicas\/"},"author":{"name":"Super User","@id":"https:\/\/ppdegalicia.com\/es\/#\/schema\/person\/d0f013b8388c980665d44009ab762960"},"headline":"Tellado re\u00fane ao Comit\u00e9 redactor do programa das elecci\u00f3ns auton\u00f3micas","datePublished":"2016-06-01T15:33:02+00:00","mainEntityOfPage":{"@id":"https:\/\/ppdegalicia.com\/es\/tellado-reune-ao-comite-redactor-do-programa-das-eleccions-autonomicas\/"},"wordCount":346,"commentCount":0,"publisher":{"@id":"https:\/\/ppdegalicia.com\/es\/#organization"},"articleSection":["PP de Galicia"],"inLanguage":"es","potentialAction":[{"@type":"CommentAction","name":"Comment","target":["https:\/\/ppdegalicia.com\/es\/tellado-reune-ao-comite-redactor-do-programa-das-eleccions-autonomicas\/#respond"]}]},{"@type":"WebPage","@id":"https:\/\/ppdegalicia.com\/es\/tellado-reune-ao-comite-redactor-do-programa-das-eleccions-autonomicas\/","url":"https:\/\/ppdegalicia.com\/es\/tellado-reune-ao-comite-redactor-do-programa-das-eleccions-autonomicas\/","name":"Tellado re\u00fane ao Comit\u00e9 redactor do programa das elecci\u00f3ns auton\u00f3micas - PP de Galicia","isPartOf":{"@id":"https:\/\/ppdegalicia.com\/es\/#website"},"datePublished":"2016-06-01T15:33:02+00:00","breadcrumb":{"@id":"https:\/\/ppdegalicia.com\/es\/tellado-reune-ao-comite-redactor-do-programa-das-eleccions-autonomicas\/#breadcrumb"},"inLanguage":"es","potentialAction":[{"@type":"ReadAction","target":["https:\/\/ppdegalicia.com\/es\/tellado-reune-ao-comite-redactor-do-programa-das-eleccions-autonomicas\/"]}]},{"@type":"BreadcrumbList","@id":"https:\/\/ppdegalicia.com\/es\/tellado-reune-ao-comite-redactor-do-programa-das-eleccions-autonomicas\/#breadcrumb","itemListElement":[{"@type":"ListItem","position":1,"name":"Portada","item":"https:\/\/ppdegalicia.com\/es\/"},{"@type":"ListItem","position":2,"name":"Tellado re\u00fane ao Comit\u00e9 redactor do programa das elecci\u00f3ns auton\u00f3micas"}]},{"@type":"WebSite","@id":"https:\/\/ppdegalicia.com\/es\/#website","url":"https:\/\/ppdegalicia.com\/es\/","name":"Partido Popular de Galicia","description":"Partido Popular de Galicia","publisher":{"@id":"https:\/\/ppdegalicia.com\/es\/#organization"},"alternateName":"PP de Galicia","potentialAction":[{"@type":"SearchAction","target":{"@type":"EntryPoint","urlTemplate":"https:\/\/ppdegalicia.com\/es\/?s={search_term_string}"},"query-input":{"@type":"PropertyValueSpecification","valueRequired":true,"valueName":"search_term_string"}}],"inLanguage":"es"},{"@type":"Organization","@id":"https:\/\/ppdegalicia.com\/es\/#organization","name":"Partido Popular de Galicia","alternateName":"PP de Galicia","url":"https:\/\/ppdegalicia.com\/es\/","logo":{"@type":"ImageObject","inLanguage":"es","@id":"https:\/\/ppdegalicia.com\/es\/#\/schema\/logo\/image\/","url":"https:\/\/ppdegalicia.com\/wp-content\/uploads\/2023\/04\/logoPP512.png","contentUrl":"https:\/\/ppdegalicia.com\/wp-content\/uploads\/2023\/04\/logoPP512.png","width":512,"height":512,"caption":"Partido Popular de Galicia"},"image":{"@id":"https:\/\/ppdegalicia.com\/es\/#\/schema\/logo\/image\/"},"sameAs":["https:\/\/www.instagram.com\/ppdegalicia\/","https:\/\/x.com\/ppdegalicia","https:\/\/www.tiktok.com\/@ppdegalicia","https:\/\/www.youtube.com\/user\/ppdegalicia"]},{"@type":"Person","@id":"https:\/\/ppdegalicia.com\/es\/#\/schema\/person\/d0f013b8388c980665d44009ab762960","name":"Super User","image":{"@type":"ImageObject","inLanguage":"es","@id":"https:\/\/secure.gravatar.com\/avatar\/1db852625ef4948f58d2739bfbc51e4b9bd5c93b8fa340b59fdb594ca0845645?s=96&d=mm&r=g","url":"https:\/\/secure.gravatar.com\/avatar\/1db852625ef4948f58d2739bfbc51e4b9bd5c93b8fa340b59fdb594ca0845645?s=96&d=mm&r=g","contentUrl":"https:\/\/secure.gravatar.com\/avatar\/1db852625ef4948f58d2739bfbc51e4b9bd5c93b8fa340b59fdb594ca0845645?s=96&d=mm&r=g","caption":"Super User"},"url":"https:\/\/ppdegalicia.com\/es\/author\/ppdegaliciagestion\/"}]}},"_links":{"self":[{"href":"https:\/\/ppdegalicia.com\/es\/wp-json\/wp\/v2\/posts\/51886","targetHints":{"allow":["GET"]}}],"collection":[{"href":"https:\/\/ppdegalicia.com\/es\/wp-json\/wp\/v2\/posts"}],"about":[{"href":"https:\/\/ppdegalicia.com\/es\/wp-json\/wp\/v2\/types\/post"}],"author":[{"embeddable":true,"href":"https:\/\/ppdegalicia.com\/es\/wp-json\/wp\/v2\/users\/37"}],"replies":[{"embeddable":true,"href":"https:\/\/ppdegalicia.com\/es\/wp-json\/wp\/v2\/comments?post=51886"}],"version-history":[{"count":0,"href":"https:\/\/ppdegalicia.com\/es\/wp-json\/wp\/v2\/posts\/51886\/revisions"}],"wp:attachment":[{"href":"https:\/\/ppdegalicia.com\/es\/wp-json\/wp\/v2\/media?parent=51886"}],"wp:term":[{"taxonomy":"category","embeddable":true,"href":"https:\/\/ppdegalicia.com\/es\/wp-json\/wp\/v2\/categories?post=51886"},{"taxonomy":"post_tag","embeddable":true,"href":"https:\/\/ppdegalicia.com\/es\/wp-json\/wp\/v2\/tags?post=51886"}],"curies":[{"name":"wp","href":"https:\/\/api.w.org\/{rel}","templated":true}]}}