{"id":51912,"date":"2016-06-12T21:20:19","date_gmt":"2016-06-12T19:20:19","guid":{"rendered":"https:\/\/ppdegalicia.com\/feijoo-sinala-que-o-pp-e-a-unica-via-segura-para-a-moderacion-e-o-goberno\/"},"modified":"2016-06-12T21:20:19","modified_gmt":"2016-06-12T19:20:19","slug":"feijoo-sinala-que-o-pp-e-a-unica-via-segura-para-a-moderacion-e-o-goberno","status":"publish","type":"post","link":"https:\/\/ppdegalicia.com\/es\/feijoo-sinala-que-o-pp-e-a-unica-via-segura-para-a-moderacion-e-o-goberno\/","title":{"rendered":"Feij\u00f3o sinala que o PP \u00e9 a \u00fanica v\u00eda segura para a moderaci\u00f3n e o goberno"},"content":{"rendered":"<div>Salienta que o voto que empeza no PSOE tam&eacute;n pode acabar en Podemos pola v&iacute;a do pacto<\/div>\n<div>&nbsp;<\/div>\n<div><strong>Feij&oacute;o sinala que o PP &eacute; a &uacute;nica v&iacute;a segura para a moderaci&oacute;n e o goberno e di que os votos a Ciudadanos en Galicia deron escanos ao populismo<\/strong><\/div>\n<div>&nbsp;<\/div>\n<div>&bull;<span class=\"Apple-tab-span\" style=\"white-space: pre;\"> <\/span>Asegura que a Podemos non lle interesa o pa&iacute;s, que non te&ntilde;en proxecto para Espa&ntilde;a e que presentan un programa que s&oacute; vale para gobernar seis meses<\/div>\n<div>&nbsp;<\/div>\n<div>&bull;<span class=\"Apple-tab-span\" style=\"white-space: pre;\"> <\/span>Apunta que culpar ao partido que ga&ntilde;a elecci&oacute;ns de que non hai goberno ou que se diga que se ten que ir o candidato ga&ntilde;ador &nbsp;&ldquo;&eacute; a democracia ao rev&eacute;s&rdquo;<\/div>\n<div><strong>&nbsp;<\/strong><\/div>\n<div><strong>Monforte, 12 de xu&ntilde;o de 2016.- <\/strong>O presidente do PPdeG, Alberto N&uacute;&ntilde;ez Feij&oacute;o, sinalou que o voto ao Partido Popular &eacute; a &uacute;nica v&iacute;a segura para que haxa moderaci&oacute;n e goberno.<\/div>\n<div>&nbsp;<\/div>\n<div>O dirixente, que participou nun mitin en Monforte acompa&ntilde;ado polos candidatos &aacute;s Cortes pola provincia de Lugo, Jos&eacute; Manuel Barreiro e Joaqu&iacute;n Garc&iacute;a D&iacute;ez, e pola presidenta provincial, Elena Candia; dixo que a alternativa ao goberno dos populares co que crece Espa&ntilde;a non &eacute; outro goberno sen&oacute;n o populismo, &ldquo;que non ten ning&uacute;n interese en gobernar sen&oacute;n en enganar&rdquo;.<\/div>\n<div>&nbsp;<\/div>\n<div>Do mesmo xeito, tam&eacute;n incidiu en que os votos a Ciudadanos en Galicia non serven para dar escanos a esta formaci&oacute;n, lembrando como en Lugo, Ourense ou Pontevedra todos eses apoios transform&aacute;ronse en m&aacute;is escanos para as Mareas de Podemos.<\/div>\n<div>&nbsp;<\/div>\n<div>Tal e como explicou, o voto que comeza en Ciudadanos pode rematar no partido de Pablo Iglesias polo sistema de reparto de escanos, as&iacute; como o que empeza no PSOE tam&eacute;n pode acabar en Podemos pola v&iacute;a do pacto. Ante isto, insistiu en que o que empeza no PP remata no propio PP e na creaci&oacute;n de emprego, nunha pol&iacute;tica econ&oacute;mica e nun goberno.<\/div>\n<div>&nbsp;<\/div>\n<div>As&iacute; mesmo, o dirixente incidiu en que a Podemos non lle interesa o pa&iacute;s porque s&oacute; est&aacute;n interesados en eles mesmos, non te&ntilde;en proxecto para Espa&ntilde;a e presentan un programa que &ldquo;como moito vale para gobernar seis meses&rdquo;.&nbsp;<\/div>\n<div>&nbsp;<\/div>\n<div>O presidente tam&eacute;n lembrou que esta &eacute; a primeira vez que ocorre que os que perderon as elecci&oacute;ns bloquean o pa&iacute;s, recordando que &ldquo;votar &eacute; o &uacute;nico que non nos poden quitar nin bloquear&rdquo;.<\/div>\n<div>&nbsp;<\/div>\n<div>Nesa li&ntilde;a, admitiu que, tras estes &uacute;ltimos meses con Espa&ntilde;a en mans do PSOE, de Ciudadanos, de Podemos e dos nacionalistas, comprobamos que estes partidos non son quen nin de repartirse os cargos e que, cando aos populares se lles nega a posibilidade de gobernar hai desgoberno, divisi&oacute;n e actos s&oacute; para os medios de comunicaci&oacute;n.<\/div>\n<div>&nbsp;<\/div>\n<div>Por outra parte, tam&eacute;n fixo fincap&eacute; en que se o PP non ga&ntilde;a os comicios si vai facilitar que gobernen os vencedores, &ldquo;porque hai que aceptar as reglas do xogo, aceptando que o que perde ten que estar na oposici&oacute;n e o que ga&ntilde;a no goberno&rdquo;. Nese senso, engadiu que culpar ao partido que ga&ntilde;a elecci&oacute;ns de que non hai goberno ou que se diga que se ten que ir o candidato ga&ntilde;ador &ldquo;&eacute; a democracia ao rev&eacute;s&rdquo;.<\/div>\n<div>&nbsp;<\/div>\n<div>Feij&oacute;o asegurou que agora temos a opci&oacute;n de votar libremente a aqueles que cremos que poden solucionar mellor os problemas do pa&iacute;s. E &eacute; que, segundo apuntou, os populistas, que nunca gobernaron nin solucionaron nada, din que te&ntilde;en soluci&oacute;n para todo dedic&aacute;ndose exclusivamente a falar pero non a facer.<\/div>\n<div>&nbsp;<\/div>\n<div>Por este motivo, o presidente salientou que, se o voto se divide non haber&aacute; goberno. &ldquo;N&oacute;s non estamos aqu&iacute; para gobernar seis meses sen&oacute;n para sacar a Espa&ntilde;a da crise econ&oacute;mica&rdquo;, sentenciou.<\/div>\n<div>&nbsp;<\/div>\n<div class=\"k2_video\">[iframe width=\u00bb600&#8243; height=\u00bb350&#8243; src=\u00bbhttps:\/\/www.youtube.com\/embed\/dXH813qsL2Q\u00bb frameborder=\u00bb0&#8243; allowfullscreen ]<\/div>\n","protected":false},"excerpt":{"rendered":"<p>Salienta que o voto que empeza no PSOE tam&eacute;n pode acabar en Podemos pola v&iacute;a do pacto &nbsp; Feij&oacute;o sinala que o PP &eacute; a &uacute;nica v&iacute;a segura para a moderaci&oacute;n e o goberno e di que os votos a Ciudadanos en Galicia deron escanos ao populismo &nbsp; &bull; Asegura que a Podemos non lle [&hellip;]<\/p>\n","protected":false},"author":37,"featured_media":0,"comment_status":"open","ping_status":"open","sticky":false,"template":"","format":"standard","meta":{"_acf_changed":false,"footnotes":""},"categories":[1],"tags":[],"class_list":["post-51912","post","type-post","status-publish","format-standard","hentry","category-pp-de-galicia"],"acf":[],"yoast_head":"<!-- This site is optimized with the Yoast SEO plugin v27.3 - https:\/\/yoast.com\/product\/yoast-seo-wordpress\/ -->\n<title>Feij\u00f3o sinala que o PP \u00e9 a \u00fanica v\u00eda segura para a moderaci\u00f3n e o goberno - PP de Galicia<\/title>\n<meta name=\"robots\" content=\"index, follow, max-snippet:-1, max-image-preview:large, max-video-preview:-1\" \/>\n<link rel=\"canonical\" href=\"https:\/\/ppdegalicia.com\/es\/feijoo-sinala-que-o-pp-e-a-unica-via-segura-para-a-moderacion-e-o-goberno\/\" \/>\n<meta property=\"og:locale\" content=\"es_ES\" \/>\n<meta property=\"og:type\" content=\"article\" \/>\n<meta property=\"og:title\" content=\"Feij\u00f3o sinala que o PP \u00e9 a \u00fanica v\u00eda segura para a moderaci\u00f3n e o goberno - PP de Galicia\" \/>\n<meta property=\"og:description\" content=\"Salienta que o voto que empeza no PSOE tam&eacute;n pode acabar en Podemos pola v&iacute;a do pacto &nbsp; Feij&oacute;o sinala que o PP &eacute; a &uacute;nica v&iacute;a segura para a moderaci&oacute;n e o goberno e di que os votos a Ciudadanos en Galicia deron escanos ao populismo &nbsp; &bull; Asegura que a Podemos non lle [&hellip;]\" \/>\n<meta property=\"og:url\" content=\"https:\/\/ppdegalicia.com\/es\/feijoo-sinala-que-o-pp-e-a-unica-via-segura-para-a-moderacion-e-o-goberno\/\" \/>\n<meta property=\"og:site_name\" content=\"PP de Galicia\" \/>\n<meta property=\"article:publisher\" content=\"https:\/\/www.instagram.com\/ppdegalicia\/\" \/>\n<meta property=\"article:published_time\" content=\"2016-06-12T19:20:19+00:00\" \/>\n<meta name=\"author\" content=\"Super User\" \/>\n<meta name=\"twitter:card\" content=\"summary_large_image\" \/>\n<meta name=\"twitter:creator\" content=\"@ppdegalicia\" \/>\n<meta name=\"twitter:site\" content=\"@ppdegalicia\" \/>\n<meta name=\"twitter:label1\" content=\"Escrito por\" \/>\n\t<meta name=\"twitter:data1\" content=\"Super User\" \/>\n\t<meta name=\"twitter:label2\" content=\"Tiempo de lectura\" \/>\n\t<meta name=\"twitter:data2\" content=\"4 minutos\" \/>\n<script type=\"application\/ld+json\" class=\"yoast-schema-graph\">{\"@context\":\"https:\\\/\\\/schema.org\",\"@graph\":[{\"@type\":\"Article\",\"@id\":\"https:\\\/\\\/ppdegalicia.com\\\/es\\\/feijoo-sinala-que-o-pp-e-a-unica-via-segura-para-a-moderacion-e-o-goberno\\\/#article\",\"isPartOf\":{\"@id\":\"https:\\\/\\\/ppdegalicia.com\\\/es\\\/feijoo-sinala-que-o-pp-e-a-unica-via-segura-para-a-moderacion-e-o-goberno\\\/\"},\"author\":{\"name\":\"Super User\",\"@id\":\"https:\\\/\\\/ppdegalicia.com\\\/es\\\/#\\\/schema\\\/person\\\/d0f013b8388c980665d44009ab762960\"},\"headline\":\"Feij\u00f3o sinala que o PP \u00e9 a \u00fanica v\u00eda segura para a moderaci\u00f3n e o goberno\",\"datePublished\":\"2016-06-12T19:20:19+00:00\",\"mainEntityOfPage\":{\"@id\":\"https:\\\/\\\/ppdegalicia.com\\\/es\\\/feijoo-sinala-que-o-pp-e-a-unica-via-segura-para-a-moderacion-e-o-goberno\\\/\"},\"wordCount\":788,\"commentCount\":0,\"publisher\":{\"@id\":\"https:\\\/\\\/ppdegalicia.com\\\/es\\\/#organization\"},\"articleSection\":[\"PP de Galicia\"],\"inLanguage\":\"es\",\"potentialAction\":[{\"@type\":\"CommentAction\",\"name\":\"Comment\",\"target\":[\"https:\\\/\\\/ppdegalicia.com\\\/es\\\/feijoo-sinala-que-o-pp-e-a-unica-via-segura-para-a-moderacion-e-o-goberno\\\/#respond\"]}]},{\"@type\":\"WebPage\",\"@id\":\"https:\\\/\\\/ppdegalicia.com\\\/es\\\/feijoo-sinala-que-o-pp-e-a-unica-via-segura-para-a-moderacion-e-o-goberno\\\/\",\"url\":\"https:\\\/\\\/ppdegalicia.com\\\/es\\\/feijoo-sinala-que-o-pp-e-a-unica-via-segura-para-a-moderacion-e-o-goberno\\\/\",\"name\":\"Feij\u00f3o sinala que o PP \u00e9 a \u00fanica v\u00eda segura para a moderaci\u00f3n e o goberno - PP de Galicia\",\"isPartOf\":{\"@id\":\"https:\\\/\\\/ppdegalicia.com\\\/es\\\/#website\"},\"datePublished\":\"2016-06-12T19:20:19+00:00\",\"breadcrumb\":{\"@id\":\"https:\\\/\\\/ppdegalicia.com\\\/es\\\/feijoo-sinala-que-o-pp-e-a-unica-via-segura-para-a-moderacion-e-o-goberno\\\/#breadcrumb\"},\"inLanguage\":\"es\",\"potentialAction\":[{\"@type\":\"ReadAction\",\"target\":[\"https:\\\/\\\/ppdegalicia.com\\\/es\\\/feijoo-sinala-que-o-pp-e-a-unica-via-segura-para-a-moderacion-e-o-goberno\\\/\"]}]},{\"@type\":\"BreadcrumbList\",\"@id\":\"https:\\\/\\\/ppdegalicia.com\\\/es\\\/feijoo-sinala-que-o-pp-e-a-unica-via-segura-para-a-moderacion-e-o-goberno\\\/#breadcrumb\",\"itemListElement\":[{\"@type\":\"ListItem\",\"position\":1,\"name\":\"Portada\",\"item\":\"https:\\\/\\\/ppdegalicia.com\\\/es\\\/\"},{\"@type\":\"ListItem\",\"position\":2,\"name\":\"Feij\u00f3o sinala que o PP \u00e9 a \u00fanica v\u00eda segura para a moderaci\u00f3n e o goberno\"}]},{\"@type\":\"WebSite\",\"@id\":\"https:\\\/\\\/ppdegalicia.com\\\/es\\\/#website\",\"url\":\"https:\\\/\\\/ppdegalicia.com\\\/es\\\/\",\"name\":\"Partido Popular de Galicia\",\"description\":\"Partido Popular de Galicia\",\"publisher\":{\"@id\":\"https:\\\/\\\/ppdegalicia.com\\\/es\\\/#organization\"},\"alternateName\":\"PP de Galicia\",\"potentialAction\":[{\"@type\":\"SearchAction\",\"target\":{\"@type\":\"EntryPoint\",\"urlTemplate\":\"https:\\\/\\\/ppdegalicia.com\\\/es\\\/?s={search_term_string}\"},\"query-input\":{\"@type\":\"PropertyValueSpecification\",\"valueRequired\":true,\"valueName\":\"search_term_string\"}}],\"inLanguage\":\"es\"},{\"@type\":\"Organization\",\"@id\":\"https:\\\/\\\/ppdegalicia.com\\\/es\\\/#organization\",\"name\":\"Partido Popular de Galicia\",\"alternateName\":\"PP de Galicia\",\"url\":\"https:\\\/\\\/ppdegalicia.com\\\/es\\\/\",\"logo\":{\"@type\":\"ImageObject\",\"inLanguage\":\"es\",\"@id\":\"https:\\\/\\\/ppdegalicia.com\\\/es\\\/#\\\/schema\\\/logo\\\/image\\\/\",\"url\":\"https:\\\/\\\/ppdegalicia.com\\\/wp-content\\\/uploads\\\/2023\\\/04\\\/logoPP512.png\",\"contentUrl\":\"https:\\\/\\\/ppdegalicia.com\\\/wp-content\\\/uploads\\\/2023\\\/04\\\/logoPP512.png\",\"width\":512,\"height\":512,\"caption\":\"Partido Popular de Galicia\"},\"image\":{\"@id\":\"https:\\\/\\\/ppdegalicia.com\\\/es\\\/#\\\/schema\\\/logo\\\/image\\\/\"},\"sameAs\":[\"https:\\\/\\\/www.instagram.com\\\/ppdegalicia\\\/\",\"https:\\\/\\\/x.com\\\/ppdegalicia\",\"https:\\\/\\\/www.tiktok.com\\\/@ppdegalicia\",\"https:\\\/\\\/www.youtube.com\\\/user\\\/ppdegalicia\"]},{\"@type\":\"Person\",\"@id\":\"https:\\\/\\\/ppdegalicia.com\\\/es\\\/#\\\/schema\\\/person\\\/d0f013b8388c980665d44009ab762960\",\"name\":\"Super User\",\"image\":{\"@type\":\"ImageObject\",\"inLanguage\":\"es\",\"@id\":\"https:\\\/\\\/secure.gravatar.com\\\/avatar\\\/1db852625ef4948f58d2739bfbc51e4b9bd5c93b8fa340b59fdb594ca0845645?s=96&d=mm&r=g\",\"url\":\"https:\\\/\\\/secure.gravatar.com\\\/avatar\\\/1db852625ef4948f58d2739bfbc51e4b9bd5c93b8fa340b59fdb594ca0845645?s=96&d=mm&r=g\",\"contentUrl\":\"https:\\\/\\\/secure.gravatar.com\\\/avatar\\\/1db852625ef4948f58d2739bfbc51e4b9bd5c93b8fa340b59fdb594ca0845645?s=96&d=mm&r=g\",\"caption\":\"Super User\"},\"url\":\"https:\\\/\\\/ppdegalicia.com\\\/es\\\/author\\\/ppdegaliciagestion\\\/\"}]}<\/script>\n<!-- \/ Yoast SEO plugin. -->","yoast_head_json":{"title":"Feij\u00f3o sinala que o PP \u00e9 a \u00fanica v\u00eda segura para a moderaci\u00f3n e o goberno - PP de Galicia","robots":{"index":"index","follow":"follow","max-snippet":"max-snippet:-1","max-image-preview":"max-image-preview:large","max-video-preview":"max-video-preview:-1"},"canonical":"https:\/\/ppdegalicia.com\/es\/feijoo-sinala-que-o-pp-e-a-unica-via-segura-para-a-moderacion-e-o-goberno\/","og_locale":"es_ES","og_type":"article","og_title":"Feij\u00f3o sinala que o PP \u00e9 a \u00fanica v\u00eda segura para a moderaci\u00f3n e o goberno - PP de Galicia","og_description":"Salienta que o voto que empeza no PSOE tam&eacute;n pode acabar en Podemos pola v&iacute;a do pacto &nbsp; Feij&oacute;o sinala que o PP &eacute; a &uacute;nica v&iacute;a segura para a moderaci&oacute;n e o goberno e di que os votos a Ciudadanos en Galicia deron escanos ao populismo &nbsp; &bull; Asegura que a Podemos non lle [&hellip;]","og_url":"https:\/\/ppdegalicia.com\/es\/feijoo-sinala-que-o-pp-e-a-unica-via-segura-para-a-moderacion-e-o-goberno\/","og_site_name":"PP de Galicia","article_publisher":"https:\/\/www.instagram.com\/ppdegalicia\/","article_published_time":"2016-06-12T19:20:19+00:00","author":"Super User","twitter_card":"summary_large_image","twitter_creator":"@ppdegalicia","twitter_site":"@ppdegalicia","twitter_misc":{"Escrito por":"Super User","Tiempo de lectura":"4 minutos"},"schema":{"@context":"https:\/\/schema.org","@graph":[{"@type":"Article","@id":"https:\/\/ppdegalicia.com\/es\/feijoo-sinala-que-o-pp-e-a-unica-via-segura-para-a-moderacion-e-o-goberno\/#article","isPartOf":{"@id":"https:\/\/ppdegalicia.com\/es\/feijoo-sinala-que-o-pp-e-a-unica-via-segura-para-a-moderacion-e-o-goberno\/"},"author":{"name":"Super User","@id":"https:\/\/ppdegalicia.com\/es\/#\/schema\/person\/d0f013b8388c980665d44009ab762960"},"headline":"Feij\u00f3o sinala que o PP \u00e9 a \u00fanica v\u00eda segura para a moderaci\u00f3n e o goberno","datePublished":"2016-06-12T19:20:19+00:00","mainEntityOfPage":{"@id":"https:\/\/ppdegalicia.com\/es\/feijoo-sinala-que-o-pp-e-a-unica-via-segura-para-a-moderacion-e-o-goberno\/"},"wordCount":788,"commentCount":0,"publisher":{"@id":"https:\/\/ppdegalicia.com\/es\/#organization"},"articleSection":["PP de Galicia"],"inLanguage":"es","potentialAction":[{"@type":"CommentAction","name":"Comment","target":["https:\/\/ppdegalicia.com\/es\/feijoo-sinala-que-o-pp-e-a-unica-via-segura-para-a-moderacion-e-o-goberno\/#respond"]}]},{"@type":"WebPage","@id":"https:\/\/ppdegalicia.com\/es\/feijoo-sinala-que-o-pp-e-a-unica-via-segura-para-a-moderacion-e-o-goberno\/","url":"https:\/\/ppdegalicia.com\/es\/feijoo-sinala-que-o-pp-e-a-unica-via-segura-para-a-moderacion-e-o-goberno\/","name":"Feij\u00f3o sinala que o PP \u00e9 a \u00fanica v\u00eda segura para a moderaci\u00f3n e o goberno - PP de Galicia","isPartOf":{"@id":"https:\/\/ppdegalicia.com\/es\/#website"},"datePublished":"2016-06-12T19:20:19+00:00","breadcrumb":{"@id":"https:\/\/ppdegalicia.com\/es\/feijoo-sinala-que-o-pp-e-a-unica-via-segura-para-a-moderacion-e-o-goberno\/#breadcrumb"},"inLanguage":"es","potentialAction":[{"@type":"ReadAction","target":["https:\/\/ppdegalicia.com\/es\/feijoo-sinala-que-o-pp-e-a-unica-via-segura-para-a-moderacion-e-o-goberno\/"]}]},{"@type":"BreadcrumbList","@id":"https:\/\/ppdegalicia.com\/es\/feijoo-sinala-que-o-pp-e-a-unica-via-segura-para-a-moderacion-e-o-goberno\/#breadcrumb","itemListElement":[{"@type":"ListItem","position":1,"name":"Portada","item":"https:\/\/ppdegalicia.com\/es\/"},{"@type":"ListItem","position":2,"name":"Feij\u00f3o sinala que o PP \u00e9 a \u00fanica v\u00eda segura para a moderaci\u00f3n e o goberno"}]},{"@type":"WebSite","@id":"https:\/\/ppdegalicia.com\/es\/#website","url":"https:\/\/ppdegalicia.com\/es\/","name":"Partido Popular de Galicia","description":"Partido Popular de Galicia","publisher":{"@id":"https:\/\/ppdegalicia.com\/es\/#organization"},"alternateName":"PP de Galicia","potentialAction":[{"@type":"SearchAction","target":{"@type":"EntryPoint","urlTemplate":"https:\/\/ppdegalicia.com\/es\/?s={search_term_string}"},"query-input":{"@type":"PropertyValueSpecification","valueRequired":true,"valueName":"search_term_string"}}],"inLanguage":"es"},{"@type":"Organization","@id":"https:\/\/ppdegalicia.com\/es\/#organization","name":"Partido Popular de Galicia","alternateName":"PP de Galicia","url":"https:\/\/ppdegalicia.com\/es\/","logo":{"@type":"ImageObject","inLanguage":"es","@id":"https:\/\/ppdegalicia.com\/es\/#\/schema\/logo\/image\/","url":"https:\/\/ppdegalicia.com\/wp-content\/uploads\/2023\/04\/logoPP512.png","contentUrl":"https:\/\/ppdegalicia.com\/wp-content\/uploads\/2023\/04\/logoPP512.png","width":512,"height":512,"caption":"Partido Popular de Galicia"},"image":{"@id":"https:\/\/ppdegalicia.com\/es\/#\/schema\/logo\/image\/"},"sameAs":["https:\/\/www.instagram.com\/ppdegalicia\/","https:\/\/x.com\/ppdegalicia","https:\/\/www.tiktok.com\/@ppdegalicia","https:\/\/www.youtube.com\/user\/ppdegalicia"]},{"@type":"Person","@id":"https:\/\/ppdegalicia.com\/es\/#\/schema\/person\/d0f013b8388c980665d44009ab762960","name":"Super User","image":{"@type":"ImageObject","inLanguage":"es","@id":"https:\/\/secure.gravatar.com\/avatar\/1db852625ef4948f58d2739bfbc51e4b9bd5c93b8fa340b59fdb594ca0845645?s=96&d=mm&r=g","url":"https:\/\/secure.gravatar.com\/avatar\/1db852625ef4948f58d2739bfbc51e4b9bd5c93b8fa340b59fdb594ca0845645?s=96&d=mm&r=g","contentUrl":"https:\/\/secure.gravatar.com\/avatar\/1db852625ef4948f58d2739bfbc51e4b9bd5c93b8fa340b59fdb594ca0845645?s=96&d=mm&r=g","caption":"Super User"},"url":"https:\/\/ppdegalicia.com\/es\/author\/ppdegaliciagestion\/"}]}},"_links":{"self":[{"href":"https:\/\/ppdegalicia.com\/es\/wp-json\/wp\/v2\/posts\/51912","targetHints":{"allow":["GET"]}}],"collection":[{"href":"https:\/\/ppdegalicia.com\/es\/wp-json\/wp\/v2\/posts"}],"about":[{"href":"https:\/\/ppdegalicia.com\/es\/wp-json\/wp\/v2\/types\/post"}],"author":[{"embeddable":true,"href":"https:\/\/ppdegalicia.com\/es\/wp-json\/wp\/v2\/users\/37"}],"replies":[{"embeddable":true,"href":"https:\/\/ppdegalicia.com\/es\/wp-json\/wp\/v2\/comments?post=51912"}],"version-history":[{"count":0,"href":"https:\/\/ppdegalicia.com\/es\/wp-json\/wp\/v2\/posts\/51912\/revisions"}],"wp:attachment":[{"href":"https:\/\/ppdegalicia.com\/es\/wp-json\/wp\/v2\/media?parent=51912"}],"wp:term":[{"taxonomy":"category","embeddable":true,"href":"https:\/\/ppdegalicia.com\/es\/wp-json\/wp\/v2\/categories?post=51912"},{"taxonomy":"post_tag","embeddable":true,"href":"https:\/\/ppdegalicia.com\/es\/wp-json\/wp\/v2\/tags?post=51912"}],"curies":[{"name":"wp","href":"https:\/\/api.w.org\/{rel}","templated":true}]}}