{"id":51917,"date":"2016-06-16T10:22:51","date_gmt":"2016-06-16T08:22:51","guid":{"rendered":"https:\/\/ppdegalicia.com\/feijoo-de-ir-tanto-contra-o-pp-foiselles-a-man-e-o-que-estan-e-en-contra-de-espana\/"},"modified":"2016-06-16T10:22:51","modified_gmt":"2016-06-16T08:22:51","slug":"feijoo-de-ir-tanto-contra-o-pp-foiselles-a-man-e-o-que-estan-e-en-contra-de-espana","status":"publish","type":"post","link":"https:\/\/ppdegalicia.com\/es\/feijoo-de-ir-tanto-contra-o-pp-foiselles-a-man-e-o-que-estan-e-en-contra-de-espana\/","title":{"rendered":"Feij\u00f3o: \u201cDe ir tanto contra o PP f\u00f3iselles a man e o que est\u00e1n \u00e9 en contra de Espa\u00f1a\u00bb"},"content":{"rendered":"<div>O presidente do PPdeG, Alberto N&uacute;&ntilde;ez Feij&oacute;o, asegurou que s&oacute; hai un voto co que volveu a creaci&oacute;n do emprego a Espa&ntilde;a e ao naval galego: o voto ao PP.<\/div>\n<div>&nbsp;<\/div>\n<div>Segundo admitiu o dirixente popular, non hai goberno alternativo ao PP e, por iso, cando o resto de partidos perden, bloquean, non propo&ntilde;en e van &aacute; contra. &ldquo;O seu voto &eacute; contraproducente&rdquo;, engadiu.<\/div>\n<div>&nbsp;<\/div>\n<div>Durante un mitin celebrado en Ferrol e no que estivo acompa&ntilde;ado polo presidente local, Jos&eacute; Manuel Rey, polo candidato ao Congreso, Juan Juncal, e polo presidente provincial, Diego Calvo; Feij&oacute;o insistiu en que votar a Ciudadanos non ten sentido e &eacute; contraproducente ata para os votantes deste partido, xa que pode acabar transform&aacute;ndose nun voto &aacute;s Mareas de Podemos. &ldquo;O voto a Ciudadanos non suma, o voto a Ciudadanos resta&rdquo;, engadiu.<\/div>\n<div>&nbsp;<\/div>\n<div>As&iacute; mesmo, fixo fincap&eacute; en que &ldquo;o m&aacute;is contraproducente para Galicia &eacute; o voto a Podemos&rdquo;. Segundo indicou, eles din ser &ldquo;os da xente&rdquo; pero o primeiro que fan no Congreso &eacute; pedir un referendum en Galicia, para que nos dividamos entre n&oacute;s e te&ntilde;amos que escoller entre ser ou galegos ou espa&ntilde;ois.&nbsp;<\/div>\n<div>&nbsp;<\/div>\n<div>Do mesmo xeito, recordou tam&eacute;n que din querer un estatus diferente para Catalu&ntilde;a e o Pa&iacute;s Vasco, algo que, segundo asegurou Feij&oacute;o, non pagaremos os galegos, &ldquo;xa que n&oacute;s non pagaremos os privilexios doutras comunidades aut&oacute;nomas&rdquo;.<\/div>\n<div>&nbsp;<\/div>\n<div>Ademais, o l&iacute;der do PPdeG puxo en valor o esforzo que custou suprimir en Galicia o imposto de Sucesi&oacute;ns, un tributo que Podemos quere restaurar pero que o presidente asegurou que o PP non vai permitir.<\/div>\n<div>&nbsp;<\/div>\n<div>Se isto fose pouco, &nbsp;lembrou que Podemos tam&eacute;n se amosa en contra do naval, contra Reganosa, contra a factor&iacute;a PSA, contra o aer&oacute;dromo de Rozas e mesmo contra o AVE, que consideran &ldquo;dos ricos&rdquo;. &ldquo;De ir tanto en contra do PP e de ir tanto en contra Feij&oacute;o, f&oacute;iselles a man e o que est&aacute;n &eacute; en contra de Espa&ntilde;a&rdquo;, precisou.<\/div>\n<div>&nbsp;<\/div>\n<div>Por todos estes motivos, o dirixente pediu o voto para que si haxa un goberno &uacute;til que sirva ao espa&ntilde;ois ante os que empregaron o voto da cidadan&iacute;a en que non servira para nada.&nbsp;<\/div>\n<div>&nbsp;<\/div>\n<div>&ldquo;Fronte a un partido reformista est&aacute; o inmobilismo&rdquo;, indicou Feij&oacute;o incidindo en que a irresponsabilidade trae consigo unhas novas elecci&oacute;ns, mentres a responsabilidade, como a que demostrou ter o PP, sempre da resultados.<\/div>\n<div>&nbsp;<\/div>\n<div>&ldquo;Hoxe estamos mellor que cando chegamos ao Goberno en 2012 e en 2009&rdquo;, incidiu Feij&oacute;o mentres salientaba que, durante o par&oacute;n en Espa&ntilde;a, Galicia seguiu funcionando.&nbsp;<\/div>\n<div>&nbsp;<\/div>\n<div>Ademais, tam&eacute;n fixo fincap&eacute; en que o que non pode ocorrer &eacute; que o presidente do pa&iacute;s sexa o perdedor das elecci&oacute;ns e que o xefe da oposici&oacute;n sexa o vencedor dos comicios. As&iacute;, apuntou que Espa&ntilde;a xa perdeu seis meses e, por este motivo, pediu non dispersar o voto para lograr ga&ntilde;ar con contundencia e poder ter un goberno.&nbsp;<\/div>\n<div>&nbsp;<\/div>\n<div class=\"k2_video\">[iframe width=\u00bb600&#8243; height=\u00bb350&#8243; src=\u00bbhttps:\/\/www.youtube.com\/embed\/Zup3LAEEFQ8&#8243; frameborder=\u00bb0&#8243; allowfullscreen ]<\/div>\n","protected":false},"excerpt":{"rendered":"<p>O presidente do PPdeG, Alberto N&uacute;&ntilde;ez Feij&oacute;o, asegurou que s&oacute; hai un voto co que volveu a creaci&oacute;n do emprego a Espa&ntilde;a e ao naval galego: o voto ao PP. &nbsp; Segundo admitiu o dirixente popular, non hai goberno alternativo ao PP e, por iso, cando o resto de partidos perden, bloquean, non propo&ntilde;en e [&hellip;]<\/p>\n","protected":false},"author":37,"featured_media":0,"comment_status":"open","ping_status":"open","sticky":false,"template":"","format":"standard","meta":{"_acf_changed":false,"footnotes":""},"categories":[1],"tags":[],"class_list":["post-51917","post","type-post","status-publish","format-standard","hentry","category-pp-de-galicia"],"acf":[],"yoast_head":"<!-- This site is optimized with the Yoast SEO plugin v27.3 - https:\/\/yoast.com\/product\/yoast-seo-wordpress\/ -->\n<title>Feij\u00f3o: \u201cDe ir tanto contra o PP f\u00f3iselles a man e o que est\u00e1n \u00e9 en contra de Espa\u00f1a&quot; - PP de Galicia<\/title>\n<meta name=\"robots\" content=\"index, follow, max-snippet:-1, max-image-preview:large, max-video-preview:-1\" \/>\n<link rel=\"canonical\" href=\"https:\/\/ppdegalicia.com\/es\/feijoo-de-ir-tanto-contra-o-pp-foiselles-a-man-e-o-que-estan-e-en-contra-de-espana\/\" \/>\n<meta property=\"og:locale\" content=\"es_ES\" \/>\n<meta property=\"og:type\" content=\"article\" \/>\n<meta property=\"og:title\" content=\"Feij\u00f3o: \u201cDe ir tanto contra o PP f\u00f3iselles a man e o que est\u00e1n \u00e9 en contra de Espa\u00f1a&quot; - PP de Galicia\" \/>\n<meta property=\"og:description\" content=\"O presidente do PPdeG, Alberto N&uacute;&ntilde;ez Feij&oacute;o, asegurou que s&oacute; hai un voto co que volveu a creaci&oacute;n do emprego a Espa&ntilde;a e ao naval galego: o voto ao PP. &nbsp; Segundo admitiu o dirixente popular, non hai goberno alternativo ao PP e, por iso, cando o resto de partidos perden, bloquean, non propo&ntilde;en e [&hellip;]\" \/>\n<meta property=\"og:url\" content=\"https:\/\/ppdegalicia.com\/es\/feijoo-de-ir-tanto-contra-o-pp-foiselles-a-man-e-o-que-estan-e-en-contra-de-espana\/\" \/>\n<meta property=\"og:site_name\" content=\"PP de Galicia\" \/>\n<meta property=\"article:publisher\" content=\"https:\/\/www.instagram.com\/ppdegalicia\/\" \/>\n<meta property=\"article:published_time\" content=\"2016-06-16T08:22:51+00:00\" \/>\n<meta name=\"author\" content=\"Super User\" \/>\n<meta name=\"twitter:card\" content=\"summary_large_image\" \/>\n<meta name=\"twitter:creator\" content=\"@ppdegalicia\" \/>\n<meta name=\"twitter:site\" content=\"@ppdegalicia\" \/>\n<meta name=\"twitter:label1\" content=\"Escrito por\" \/>\n\t<meta name=\"twitter:data1\" content=\"Super User\" \/>\n\t<meta name=\"twitter:label2\" content=\"Tiempo de lectura\" \/>\n\t<meta name=\"twitter:data2\" content=\"3 minutos\" \/>\n<script type=\"application\/ld+json\" class=\"yoast-schema-graph\">{\"@context\":\"https:\\\/\\\/schema.org\",\"@graph\":[{\"@type\":\"Article\",\"@id\":\"https:\\\/\\\/ppdegalicia.com\\\/es\\\/feijoo-de-ir-tanto-contra-o-pp-foiselles-a-man-e-o-que-estan-e-en-contra-de-espana\\\/#article\",\"isPartOf\":{\"@id\":\"https:\\\/\\\/ppdegalicia.com\\\/es\\\/feijoo-de-ir-tanto-contra-o-pp-foiselles-a-man-e-o-que-estan-e-en-contra-de-espana\\\/\"},\"author\":{\"name\":\"Super User\",\"@id\":\"https:\\\/\\\/ppdegalicia.com\\\/es\\\/#\\\/schema\\\/person\\\/d0f013b8388c980665d44009ab762960\"},\"headline\":\"Feij\u00f3o: \u201cDe ir tanto contra o PP f\u00f3iselles a man e o que est\u00e1n \u00e9 en contra de Espa\u00f1a\u00bb\",\"datePublished\":\"2016-06-16T08:22:51+00:00\",\"mainEntityOfPage\":{\"@id\":\"https:\\\/\\\/ppdegalicia.com\\\/es\\\/feijoo-de-ir-tanto-contra-o-pp-foiselles-a-man-e-o-que-estan-e-en-contra-de-espana\\\/\"},\"wordCount\":630,\"commentCount\":0,\"publisher\":{\"@id\":\"https:\\\/\\\/ppdegalicia.com\\\/es\\\/#organization\"},\"articleSection\":[\"PP de Galicia\"],\"inLanguage\":\"es\",\"potentialAction\":[{\"@type\":\"CommentAction\",\"name\":\"Comment\",\"target\":[\"https:\\\/\\\/ppdegalicia.com\\\/es\\\/feijoo-de-ir-tanto-contra-o-pp-foiselles-a-man-e-o-que-estan-e-en-contra-de-espana\\\/#respond\"]}]},{\"@type\":\"WebPage\",\"@id\":\"https:\\\/\\\/ppdegalicia.com\\\/es\\\/feijoo-de-ir-tanto-contra-o-pp-foiselles-a-man-e-o-que-estan-e-en-contra-de-espana\\\/\",\"url\":\"https:\\\/\\\/ppdegalicia.com\\\/es\\\/feijoo-de-ir-tanto-contra-o-pp-foiselles-a-man-e-o-que-estan-e-en-contra-de-espana\\\/\",\"name\":\"Feij\u00f3o: \u201cDe ir tanto contra o PP f\u00f3iselles a man e o que est\u00e1n \u00e9 en contra de Espa\u00f1a\\\" - PP de Galicia\",\"isPartOf\":{\"@id\":\"https:\\\/\\\/ppdegalicia.com\\\/es\\\/#website\"},\"datePublished\":\"2016-06-16T08:22:51+00:00\",\"breadcrumb\":{\"@id\":\"https:\\\/\\\/ppdegalicia.com\\\/es\\\/feijoo-de-ir-tanto-contra-o-pp-foiselles-a-man-e-o-que-estan-e-en-contra-de-espana\\\/#breadcrumb\"},\"inLanguage\":\"es\",\"potentialAction\":[{\"@type\":\"ReadAction\",\"target\":[\"https:\\\/\\\/ppdegalicia.com\\\/es\\\/feijoo-de-ir-tanto-contra-o-pp-foiselles-a-man-e-o-que-estan-e-en-contra-de-espana\\\/\"]}]},{\"@type\":\"BreadcrumbList\",\"@id\":\"https:\\\/\\\/ppdegalicia.com\\\/es\\\/feijoo-de-ir-tanto-contra-o-pp-foiselles-a-man-e-o-que-estan-e-en-contra-de-espana\\\/#breadcrumb\",\"itemListElement\":[{\"@type\":\"ListItem\",\"position\":1,\"name\":\"Portada\",\"item\":\"https:\\\/\\\/ppdegalicia.com\\\/es\\\/\"},{\"@type\":\"ListItem\",\"position\":2,\"name\":\"Feij\u00f3o: \u201cDe ir tanto contra o PP f\u00f3iselles a man e o que est\u00e1n \u00e9 en contra de Espa\u00f1a&#8221;\"}]},{\"@type\":\"WebSite\",\"@id\":\"https:\\\/\\\/ppdegalicia.com\\\/es\\\/#website\",\"url\":\"https:\\\/\\\/ppdegalicia.com\\\/es\\\/\",\"name\":\"Partido Popular de Galicia\",\"description\":\"Partido Popular de Galicia\",\"publisher\":{\"@id\":\"https:\\\/\\\/ppdegalicia.com\\\/es\\\/#organization\"},\"alternateName\":\"PP de Galicia\",\"potentialAction\":[{\"@type\":\"SearchAction\",\"target\":{\"@type\":\"EntryPoint\",\"urlTemplate\":\"https:\\\/\\\/ppdegalicia.com\\\/es\\\/?s={search_term_string}\"},\"query-input\":{\"@type\":\"PropertyValueSpecification\",\"valueRequired\":true,\"valueName\":\"search_term_string\"}}],\"inLanguage\":\"es\"},{\"@type\":\"Organization\",\"@id\":\"https:\\\/\\\/ppdegalicia.com\\\/es\\\/#organization\",\"name\":\"Partido Popular de Galicia\",\"alternateName\":\"PP de Galicia\",\"url\":\"https:\\\/\\\/ppdegalicia.com\\\/es\\\/\",\"logo\":{\"@type\":\"ImageObject\",\"inLanguage\":\"es\",\"@id\":\"https:\\\/\\\/ppdegalicia.com\\\/es\\\/#\\\/schema\\\/logo\\\/image\\\/\",\"url\":\"https:\\\/\\\/ppdegalicia.com\\\/wp-content\\\/uploads\\\/2023\\\/04\\\/logoPP512.png\",\"contentUrl\":\"https:\\\/\\\/ppdegalicia.com\\\/wp-content\\\/uploads\\\/2023\\\/04\\\/logoPP512.png\",\"width\":512,\"height\":512,\"caption\":\"Partido Popular de Galicia\"},\"image\":{\"@id\":\"https:\\\/\\\/ppdegalicia.com\\\/es\\\/#\\\/schema\\\/logo\\\/image\\\/\"},\"sameAs\":[\"https:\\\/\\\/www.instagram.com\\\/ppdegalicia\\\/\",\"https:\\\/\\\/x.com\\\/ppdegalicia\",\"https:\\\/\\\/www.tiktok.com\\\/@ppdegalicia\",\"https:\\\/\\\/www.youtube.com\\\/user\\\/ppdegalicia\"]},{\"@type\":\"Person\",\"@id\":\"https:\\\/\\\/ppdegalicia.com\\\/es\\\/#\\\/schema\\\/person\\\/d0f013b8388c980665d44009ab762960\",\"name\":\"Super User\",\"image\":{\"@type\":\"ImageObject\",\"inLanguage\":\"es\",\"@id\":\"https:\\\/\\\/secure.gravatar.com\\\/avatar\\\/1db852625ef4948f58d2739bfbc51e4b9bd5c93b8fa340b59fdb594ca0845645?s=96&d=mm&r=g\",\"url\":\"https:\\\/\\\/secure.gravatar.com\\\/avatar\\\/1db852625ef4948f58d2739bfbc51e4b9bd5c93b8fa340b59fdb594ca0845645?s=96&d=mm&r=g\",\"contentUrl\":\"https:\\\/\\\/secure.gravatar.com\\\/avatar\\\/1db852625ef4948f58d2739bfbc51e4b9bd5c93b8fa340b59fdb594ca0845645?s=96&d=mm&r=g\",\"caption\":\"Super User\"},\"url\":\"https:\\\/\\\/ppdegalicia.com\\\/es\\\/author\\\/ppdegaliciagestion\\\/\"}]}<\/script>\n<!-- \/ Yoast SEO plugin. -->","yoast_head_json":{"title":"Feij\u00f3o: \u201cDe ir tanto contra o PP f\u00f3iselles a man e o que est\u00e1n \u00e9 en contra de Espa\u00f1a\" - PP de Galicia","robots":{"index":"index","follow":"follow","max-snippet":"max-snippet:-1","max-image-preview":"max-image-preview:large","max-video-preview":"max-video-preview:-1"},"canonical":"https:\/\/ppdegalicia.com\/es\/feijoo-de-ir-tanto-contra-o-pp-foiselles-a-man-e-o-que-estan-e-en-contra-de-espana\/","og_locale":"es_ES","og_type":"article","og_title":"Feij\u00f3o: \u201cDe ir tanto contra o PP f\u00f3iselles a man e o que est\u00e1n \u00e9 en contra de Espa\u00f1a\" - PP de Galicia","og_description":"O presidente do PPdeG, Alberto N&uacute;&ntilde;ez Feij&oacute;o, asegurou que s&oacute; hai un voto co que volveu a creaci&oacute;n do emprego a Espa&ntilde;a e ao naval galego: o voto ao PP. &nbsp; Segundo admitiu o dirixente popular, non hai goberno alternativo ao PP e, por iso, cando o resto de partidos perden, bloquean, non propo&ntilde;en e [&hellip;]","og_url":"https:\/\/ppdegalicia.com\/es\/feijoo-de-ir-tanto-contra-o-pp-foiselles-a-man-e-o-que-estan-e-en-contra-de-espana\/","og_site_name":"PP de Galicia","article_publisher":"https:\/\/www.instagram.com\/ppdegalicia\/","article_published_time":"2016-06-16T08:22:51+00:00","author":"Super User","twitter_card":"summary_large_image","twitter_creator":"@ppdegalicia","twitter_site":"@ppdegalicia","twitter_misc":{"Escrito por":"Super User","Tiempo de lectura":"3 minutos"},"schema":{"@context":"https:\/\/schema.org","@graph":[{"@type":"Article","@id":"https:\/\/ppdegalicia.com\/es\/feijoo-de-ir-tanto-contra-o-pp-foiselles-a-man-e-o-que-estan-e-en-contra-de-espana\/#article","isPartOf":{"@id":"https:\/\/ppdegalicia.com\/es\/feijoo-de-ir-tanto-contra-o-pp-foiselles-a-man-e-o-que-estan-e-en-contra-de-espana\/"},"author":{"name":"Super User","@id":"https:\/\/ppdegalicia.com\/es\/#\/schema\/person\/d0f013b8388c980665d44009ab762960"},"headline":"Feij\u00f3o: \u201cDe ir tanto contra o PP f\u00f3iselles a man e o que est\u00e1n \u00e9 en contra de Espa\u00f1a\u00bb","datePublished":"2016-06-16T08:22:51+00:00","mainEntityOfPage":{"@id":"https:\/\/ppdegalicia.com\/es\/feijoo-de-ir-tanto-contra-o-pp-foiselles-a-man-e-o-que-estan-e-en-contra-de-espana\/"},"wordCount":630,"commentCount":0,"publisher":{"@id":"https:\/\/ppdegalicia.com\/es\/#organization"},"articleSection":["PP de Galicia"],"inLanguage":"es","potentialAction":[{"@type":"CommentAction","name":"Comment","target":["https:\/\/ppdegalicia.com\/es\/feijoo-de-ir-tanto-contra-o-pp-foiselles-a-man-e-o-que-estan-e-en-contra-de-espana\/#respond"]}]},{"@type":"WebPage","@id":"https:\/\/ppdegalicia.com\/es\/feijoo-de-ir-tanto-contra-o-pp-foiselles-a-man-e-o-que-estan-e-en-contra-de-espana\/","url":"https:\/\/ppdegalicia.com\/es\/feijoo-de-ir-tanto-contra-o-pp-foiselles-a-man-e-o-que-estan-e-en-contra-de-espana\/","name":"Feij\u00f3o: \u201cDe ir tanto contra o PP f\u00f3iselles a man e o que est\u00e1n \u00e9 en contra de Espa\u00f1a\" - PP de Galicia","isPartOf":{"@id":"https:\/\/ppdegalicia.com\/es\/#website"},"datePublished":"2016-06-16T08:22:51+00:00","breadcrumb":{"@id":"https:\/\/ppdegalicia.com\/es\/feijoo-de-ir-tanto-contra-o-pp-foiselles-a-man-e-o-que-estan-e-en-contra-de-espana\/#breadcrumb"},"inLanguage":"es","potentialAction":[{"@type":"ReadAction","target":["https:\/\/ppdegalicia.com\/es\/feijoo-de-ir-tanto-contra-o-pp-foiselles-a-man-e-o-que-estan-e-en-contra-de-espana\/"]}]},{"@type":"BreadcrumbList","@id":"https:\/\/ppdegalicia.com\/es\/feijoo-de-ir-tanto-contra-o-pp-foiselles-a-man-e-o-que-estan-e-en-contra-de-espana\/#breadcrumb","itemListElement":[{"@type":"ListItem","position":1,"name":"Portada","item":"https:\/\/ppdegalicia.com\/es\/"},{"@type":"ListItem","position":2,"name":"Feij\u00f3o: \u201cDe ir tanto contra o PP f\u00f3iselles a man e o que est\u00e1n \u00e9 en contra de Espa\u00f1a&#8221;"}]},{"@type":"WebSite","@id":"https:\/\/ppdegalicia.com\/es\/#website","url":"https:\/\/ppdegalicia.com\/es\/","name":"Partido Popular de Galicia","description":"Partido Popular de Galicia","publisher":{"@id":"https:\/\/ppdegalicia.com\/es\/#organization"},"alternateName":"PP de Galicia","potentialAction":[{"@type":"SearchAction","target":{"@type":"EntryPoint","urlTemplate":"https:\/\/ppdegalicia.com\/es\/?s={search_term_string}"},"query-input":{"@type":"PropertyValueSpecification","valueRequired":true,"valueName":"search_term_string"}}],"inLanguage":"es"},{"@type":"Organization","@id":"https:\/\/ppdegalicia.com\/es\/#organization","name":"Partido Popular de Galicia","alternateName":"PP de Galicia","url":"https:\/\/ppdegalicia.com\/es\/","logo":{"@type":"ImageObject","inLanguage":"es","@id":"https:\/\/ppdegalicia.com\/es\/#\/schema\/logo\/image\/","url":"https:\/\/ppdegalicia.com\/wp-content\/uploads\/2023\/04\/logoPP512.png","contentUrl":"https:\/\/ppdegalicia.com\/wp-content\/uploads\/2023\/04\/logoPP512.png","width":512,"height":512,"caption":"Partido Popular de Galicia"},"image":{"@id":"https:\/\/ppdegalicia.com\/es\/#\/schema\/logo\/image\/"},"sameAs":["https:\/\/www.instagram.com\/ppdegalicia\/","https:\/\/x.com\/ppdegalicia","https:\/\/www.tiktok.com\/@ppdegalicia","https:\/\/www.youtube.com\/user\/ppdegalicia"]},{"@type":"Person","@id":"https:\/\/ppdegalicia.com\/es\/#\/schema\/person\/d0f013b8388c980665d44009ab762960","name":"Super User","image":{"@type":"ImageObject","inLanguage":"es","@id":"https:\/\/secure.gravatar.com\/avatar\/1db852625ef4948f58d2739bfbc51e4b9bd5c93b8fa340b59fdb594ca0845645?s=96&d=mm&r=g","url":"https:\/\/secure.gravatar.com\/avatar\/1db852625ef4948f58d2739bfbc51e4b9bd5c93b8fa340b59fdb594ca0845645?s=96&d=mm&r=g","contentUrl":"https:\/\/secure.gravatar.com\/avatar\/1db852625ef4948f58d2739bfbc51e4b9bd5c93b8fa340b59fdb594ca0845645?s=96&d=mm&r=g","caption":"Super User"},"url":"https:\/\/ppdegalicia.com\/es\/author\/ppdegaliciagestion\/"}]}},"_links":{"self":[{"href":"https:\/\/ppdegalicia.com\/es\/wp-json\/wp\/v2\/posts\/51917","targetHints":{"allow":["GET"]}}],"collection":[{"href":"https:\/\/ppdegalicia.com\/es\/wp-json\/wp\/v2\/posts"}],"about":[{"href":"https:\/\/ppdegalicia.com\/es\/wp-json\/wp\/v2\/types\/post"}],"author":[{"embeddable":true,"href":"https:\/\/ppdegalicia.com\/es\/wp-json\/wp\/v2\/users\/37"}],"replies":[{"embeddable":true,"href":"https:\/\/ppdegalicia.com\/es\/wp-json\/wp\/v2\/comments?post=51917"}],"version-history":[{"count":0,"href":"https:\/\/ppdegalicia.com\/es\/wp-json\/wp\/v2\/posts\/51917\/revisions"}],"wp:attachment":[{"href":"https:\/\/ppdegalicia.com\/es\/wp-json\/wp\/v2\/media?parent=51917"}],"wp:term":[{"taxonomy":"category","embeddable":true,"href":"https:\/\/ppdegalicia.com\/es\/wp-json\/wp\/v2\/categories?post=51917"},{"taxonomy":"post_tag","embeddable":true,"href":"https:\/\/ppdegalicia.com\/es\/wp-json\/wp\/v2\/tags?post=51917"}],"curies":[{"name":"wp","href":"https:\/\/api.w.org\/{rel}","templated":true}]}}