{"id":51943,"date":"2016-07-01T13:52:13","date_gmt":"2016-07-01T11:52:13","guid":{"rendered":"https:\/\/ppdegalicia.com\/fronte-aos-que-estan-euforicos-na-sua-derrota-nos-mantemonos-prudentes-na-vitoria\/"},"modified":"2016-07-01T13:52:13","modified_gmt":"2016-07-01T11:52:13","slug":"fronte-aos-que-estan-euforicos-na-sua-derrota-nos-mantemonos-prudentes-na-vitoria","status":"publish","type":"post","link":"https:\/\/ppdegalicia.com\/es\/fronte-aos-que-estan-euforicos-na-sua-derrota-nos-mantemonos-prudentes-na-vitoria\/","title":{"rendered":"\u201cFronte aos que est\u00e1n euf\u00f3ricos na s\u00faa derrota, n\u00f3s mant\u00e9monos prudentes na vitoria\u00bb"},"content":{"rendered":"<div>\n<p>O secretario xeral do PPdeG asume o rol de director de campa&ntilde;a coa consciencia de que &ldquo;nada est&aacute; ga&ntilde;ado&rdquo;<\/p>\n<p><strong>Tellado fuxe de triunfalismos: &ldquo;Fronte aos que est&aacute;n euf&oacute;ricos na s&uacute;a derrota, n&oacute;s mant&eacute;monos prudentes na nosa vitoria&rdquo;<\/strong><\/p>\n<\/div>\n<div>&bull;<span class=\"Apple-tab-span\" style=\"white-space: pre;\"> <\/span>Ve nos resultados unha &ldquo;oportunidade&rdquo; que os votantes lle dan ao PPdeG para &ldquo;seguir mellorando&rdquo; e para &ldquo;non relaxarse&rdquo; nin caer na &ldquo;soberbia que afundiu aos nosos rivais&rdquo;<\/div>\n<div>&nbsp;<\/div>\n<div>&bull;<span class=\"Apple-tab-span\" style=\"white-space: pre;\"> <\/span>Lembra que, cos resultados do domingo en auton&oacute;micas, poder&iacute;a darse un bloqueo &ldquo;que privase aos galegos dun goberno estable&rdquo;&nbsp;<\/div>\n<div>&nbsp;<\/div>\n<div><strong>Santiago de Compostela, 1 de xullo de 2016.-<\/strong> O secretario xeral dos populares galegos, Miguel Tellado, resumiu hoxe o contido do Comit&eacute; de Direcci&oacute;n celebrado onte na sede auton&oacute;mica do partido e no que se analizaron os resultados das elecci&oacute;ns xerais do pasado domingo e se tomaron as primeiras decisi&oacute;ns para preparar as elecci&oacute;ns auton&oacute;micas do pr&oacute;ximo outono.<\/div>\n<div>&nbsp;<\/div>\n<div>No referente ao primeiro, Tellado lembrou que o domingo o PPdeG &ldquo;conseguiu convencer a 40.000 votantes m&aacute;is que nas elecci&oacute;ns de decembro&rdquo;, unha suba que, en termos porcentuais est&aacute; por riba da suba media do PP no conxunto do Estado.<\/div>\n<div>&nbsp;<\/div>\n<div>En contraste, os partidos da oposici&oacute;n no seu conxunto perderon m&aacute;is de 100.000 votos respecto a decembro. &ldquo;Estamos falando dunha perda de 583 votos ao d&iacute;a nestes &uacute;ltimos seis meses&rdquo;, salientou Tellado.<\/div>\n<div>&nbsp;<\/div>\n<div>O n&uacute;mero dous do PPdeG destacou que estes resultados permitiron aos populares galegos &ldquo;enviar d&uacute;as deputadas m&aacute;is ao Congreso&rdquo;, chegando aos 12 deputados.<\/div>\n<div>Por&eacute;n, o secretario xeral fixo unha chamada a evitar a autocomplacencia: &ldquo;a diferenza de outros partidos que est&aacute;n euf&oacute;ricos na s&uacute;a derrota n&oacute;s mant&eacute;monos fr&iacute;os e prudentes na nosa vitoria&rdquo;, resolveu.<\/div>\n<div>&nbsp;<\/div>\n<div><strong>AUTOCR&Iacute;TICA<\/strong><\/div>\n<div>&nbsp;<\/div>\n<div>Tellado quixo lembrar que &ldquo;o cami&ntilde;o da prudencia e da autocr&iacute;tica ten sido a chave da nosa mellora&rdquo; e fixo un chamamento a continualo para poder seguir medrando.<\/div>\n<div>&nbsp;<\/div>\n<div>Neste sentido, o secretario xeral destacou que este cambio de tendencia v&eacute;n motivado pola autocr&iacute;tica comezada despois dos resultados dunhas europeas e dunhas municipais que &ldquo;tam&eacute;n ga&ntilde;amos, pero cuns resultados que consideramos moi por debaixo dos nosos obxectivos&rdquo;.<\/div>\n<div>&nbsp;<\/div>\n<div>Tras isto, rememorou, o PPdeG tomou &ldquo;decisi&oacute;ns para reverter este proceso&rdquo; e reforzar &ldquo;os que estaban a ser os nosos puntos d&eacute;biles&rdquo;, entre as que destacou o proceso de renovaci&oacute;n provincial e auton&oacute;mico, as iniciativas para achegar o partido &aacute; cidadan&iacute;a mediante a Ponencia Pol&iacute;tica presentada fai un ano ou o reforzo dende o goberno galego dos aspectos nos que os votantes esix&iacute;an cambios: rexeneraci&oacute;n pol&iacute;tica, a trav&eacute;s do Programa de Impulso Democr&aacute;tico e benestar social a trav&eacute;s do Plan de Loita contra a Desigualdade Econ&oacute;mica.&nbsp;<\/div>\n<div>&nbsp;<\/div>\n<div>Tellado considerou que os resultados do domingo avalan que ese proceso &ldquo;deu resultado&rdquo; ao comezar a &ldquo;recuperar votos&rdquo;. Sen embargo, alertou de que este cambio de tendencia &ldquo;non nos pode po&ntilde;er nunha nube nin facer crer que todo esta feito&rdquo;.<\/div>\n<div>&nbsp;<\/div>\n<div>O secretario xeral do PPdeG fixo un chamamento a entender este incremento dos apoios como &ldquo;unha sinal de que vamos no bo cami&ntilde;o e, ao mesmo tempo, un est&iacute;mulo para non relaxarse e seguir mellorando as eivas que detectamos no proceso de autocr&iacute;tica&rdquo;.<\/div>\n<div>&nbsp;<\/div>\n<div>&ldquo;A autocr&iacute;tica salvounos a n&oacute;s e a soberbia afundiu aos novos rivais&rdquo;, destacou Tellado para argumentar que os resultados electorais non poden levar ao PPdeG &aacute; autocomplacencia que levou &ldquo;a alg&uacute;n dos nosos rivais pol&iacute;ticos, como as Mareas, a levarse un batacazo&rdquo;.<\/div>\n<div>&nbsp;<\/div>\n<div>\n<p>Tras analizar o resultado das xerais, o secretario xeral do PPdeG relatou que o Comit&eacute; de Direcci&oacute;n de onte centrouse &ldquo;no proceso de preparaci&oacute;n das elecci&oacute;ns auton&oacute;micas de outono&rdquo;.<\/p>\n<p><strong>&ldquo;NADA EST&Aacute; GA&Ntilde;ADO&rdquo;<\/strong><\/p>\n<\/div>\n<div>\n<p>Tellado lembrou que este proceso xa comezara coa designaci&oacute;n do equipo redactor do programa liderado por Pedro Puy e coa constituci&oacute;n das comisi&oacute;ns sectoriais destinadas a escoitar voces externas en determinadas &aacute;reas pero que onte completouse coa designaci&oacute;n do Comit&eacute; de Campa&ntilde;a que el mesmo dirixir&aacute;.<\/p>\n<p>Ese Comit&eacute; dese&ntilde;ar&aacute; unha campa&ntilde;a &ldquo;de contacto directo e de proximidade&rdquo;, semellante &aacute; desenvolvida nestas xerais. &ldquo;Do mesmo xeito que aprendemos dos erros, tam&eacute;n aprendemos dos acertos&rdquo;, afirmou Tellado, que considerou esa campa&ntilde;a &ldquo;de escoitar m&aacute;is que de falar&rdquo; un dos grandes acertos da campa&ntilde;a das xerais.<\/p>\n<\/div>\n<div>Nese sentido, avanzou que o candidato do PPdeG iniciar&aacute; a partir da vindeira semana &ldquo;unha intensa axenda de partido&rdquo; a p&eacute; de r&uacute;a.<\/div>\n<div>\n<p>O n&uacute;mero dous dos populares galegos fuxiu de triunfalismos ao lembrar que os resultados do domingo &ldquo;a&iacute;nda non est&aacute;n ao nivel das &uacute;ltimas auton&oacute;micas&rdquo; e poder&iacute;an levar, de repetirse en outono, a un &ldquo;bloqueo que privase aos galegos dun goberno estable&rdquo;.<\/p>\n<p>Tellado resaltou a vantaxe organizativa coa que o PPdeG inicia a carreira electoral ao ter candidato designado, equipo redactor do programa en marcha e comit&eacute; de campa&ntilde;a nomeado mentres en fronte &ldquo;temos ou candidatos sen organizaci&oacute;ns ou organizaci&oacute;ns sen candidato&rdquo;.<\/p>\n<\/div>\n<div>\n<p>As&iacute;, chamou a aproveitar esa vantaxe para comezar a traballar no reto &ldquo;complicad&iacute;simo&rdquo; de que &ldquo;Feij&oacute;o sexa o &uacute;nico presidente con estabilidade parlamentaria en toda Espa&ntilde;a&rdquo;.<\/p>\n<p>&ldquo;Concentrar o voto en Feij&oacute;o &eacute; o &uacute;nico xeito de ter un goberno serio e estable en Galicia&rdquo; pero para iso &ldquo;queda moito por facer&rdquo; e &ldquo;nada est&aacute; ga&ntilde;ado&rdquo;, remarcou.<\/p>\n<\/div>\n<div>&nbsp;<\/div>\n<div class=\"k2_video\">[iframe width=\u00bb600&#8243; height=\u00bb350&#8243; src=\u00bbhttps:\/\/www.youtube.com\/embed\/_R2ZN3JYKVo\u00bb frameborder=\u00bb0&#8243; allowfullscreen ]<\/div>\n","protected":false},"excerpt":{"rendered":"<p>O secretario xeral do PPdeG asume o rol de director de campa&ntilde;a coa consciencia de que &ldquo;nada est&aacute; ga&ntilde;ado&rdquo; Tellado fuxe de triunfalismos: &ldquo;Fronte aos que est&aacute;n euf&oacute;ricos na s&uacute;a derrota, n&oacute;s mant&eacute;monos prudentes na nosa vitoria&rdquo; &bull; Ve nos resultados unha &ldquo;oportunidade&rdquo; que os votantes lle dan ao PPdeG para &ldquo;seguir mellorando&rdquo; e para [&hellip;]<\/p>\n","protected":false},"author":37,"featured_media":0,"comment_status":"open","ping_status":"open","sticky":false,"template":"","format":"standard","meta":{"_acf_changed":false,"footnotes":""},"categories":[1],"tags":[],"class_list":["post-51943","post","type-post","status-publish","format-standard","hentry","category-pp-de-galicia"],"acf":[],"yoast_head":"<!-- This site is optimized with the Yoast SEO plugin v27.3 - https:\/\/yoast.com\/product\/yoast-seo-wordpress\/ -->\n<title>\u201cFronte aos que est\u00e1n euf\u00f3ricos na s\u00faa derrota, n\u00f3s mant\u00e9monos prudentes na vitoria&quot; - PP de Galicia<\/title>\n<meta name=\"robots\" content=\"index, follow, max-snippet:-1, max-image-preview:large, max-video-preview:-1\" \/>\n<link rel=\"canonical\" href=\"https:\/\/ppdegalicia.com\/es\/fronte-aos-que-estan-euforicos-na-sua-derrota-nos-mantemonos-prudentes-na-vitoria\/\" \/>\n<meta property=\"og:locale\" content=\"es_ES\" \/>\n<meta property=\"og:type\" content=\"article\" \/>\n<meta property=\"og:title\" content=\"\u201cFronte aos que est\u00e1n euf\u00f3ricos na s\u00faa derrota, n\u00f3s mant\u00e9monos prudentes na vitoria&quot; - PP de Galicia\" \/>\n<meta property=\"og:description\" content=\"O secretario xeral do PPdeG asume o rol de director de campa&ntilde;a coa consciencia de que &ldquo;nada est&aacute; ga&ntilde;ado&rdquo; Tellado fuxe de triunfalismos: &ldquo;Fronte aos que est&aacute;n euf&oacute;ricos na s&uacute;a derrota, n&oacute;s mant&eacute;monos prudentes na nosa vitoria&rdquo; &bull; Ve nos resultados unha &ldquo;oportunidade&rdquo; que os votantes lle dan ao PPdeG para &ldquo;seguir mellorando&rdquo; e para [&hellip;]\" \/>\n<meta property=\"og:url\" content=\"https:\/\/ppdegalicia.com\/es\/fronte-aos-que-estan-euforicos-na-sua-derrota-nos-mantemonos-prudentes-na-vitoria\/\" \/>\n<meta property=\"og:site_name\" content=\"PP de Galicia\" \/>\n<meta property=\"article:publisher\" content=\"https:\/\/www.instagram.com\/ppdegalicia\/\" \/>\n<meta property=\"article:published_time\" content=\"2016-07-01T11:52:13+00:00\" \/>\n<meta name=\"author\" content=\"Super User\" \/>\n<meta name=\"twitter:card\" content=\"summary_large_image\" \/>\n<meta name=\"twitter:creator\" content=\"@ppdegalicia\" \/>\n<meta name=\"twitter:site\" content=\"@ppdegalicia\" \/>\n<meta name=\"twitter:label1\" content=\"Escrito por\" \/>\n\t<meta name=\"twitter:data1\" content=\"Super User\" \/>\n\t<meta name=\"twitter:label2\" content=\"Tiempo de lectura\" \/>\n\t<meta name=\"twitter:data2\" content=\"6 minutos\" \/>\n<script type=\"application\/ld+json\" class=\"yoast-schema-graph\">{\"@context\":\"https:\\\/\\\/schema.org\",\"@graph\":[{\"@type\":\"Article\",\"@id\":\"https:\\\/\\\/ppdegalicia.com\\\/es\\\/fronte-aos-que-estan-euforicos-na-sua-derrota-nos-mantemonos-prudentes-na-vitoria\\\/#article\",\"isPartOf\":{\"@id\":\"https:\\\/\\\/ppdegalicia.com\\\/es\\\/fronte-aos-que-estan-euforicos-na-sua-derrota-nos-mantemonos-prudentes-na-vitoria\\\/\"},\"author\":{\"name\":\"Super User\",\"@id\":\"https:\\\/\\\/ppdegalicia.com\\\/es\\\/#\\\/schema\\\/person\\\/d0f013b8388c980665d44009ab762960\"},\"headline\":\"\u201cFronte aos que est\u00e1n euf\u00f3ricos na s\u00faa derrota, n\u00f3s mant\u00e9monos prudentes na vitoria\u00bb\",\"datePublished\":\"2016-07-01T11:52:13+00:00\",\"mainEntityOfPage\":{\"@id\":\"https:\\\/\\\/ppdegalicia.com\\\/es\\\/fronte-aos-que-estan-euforicos-na-sua-derrota-nos-mantemonos-prudentes-na-vitoria\\\/\"},\"wordCount\":1143,\"commentCount\":0,\"publisher\":{\"@id\":\"https:\\\/\\\/ppdegalicia.com\\\/es\\\/#organization\"},\"articleSection\":[\"PP de Galicia\"],\"inLanguage\":\"es\",\"potentialAction\":[{\"@type\":\"CommentAction\",\"name\":\"Comment\",\"target\":[\"https:\\\/\\\/ppdegalicia.com\\\/es\\\/fronte-aos-que-estan-euforicos-na-sua-derrota-nos-mantemonos-prudentes-na-vitoria\\\/#respond\"]}]},{\"@type\":\"WebPage\",\"@id\":\"https:\\\/\\\/ppdegalicia.com\\\/es\\\/fronte-aos-que-estan-euforicos-na-sua-derrota-nos-mantemonos-prudentes-na-vitoria\\\/\",\"url\":\"https:\\\/\\\/ppdegalicia.com\\\/es\\\/fronte-aos-que-estan-euforicos-na-sua-derrota-nos-mantemonos-prudentes-na-vitoria\\\/\",\"name\":\"\u201cFronte aos que est\u00e1n euf\u00f3ricos na s\u00faa derrota, n\u00f3s mant\u00e9monos prudentes na vitoria\\\" - PP de Galicia\",\"isPartOf\":{\"@id\":\"https:\\\/\\\/ppdegalicia.com\\\/es\\\/#website\"},\"datePublished\":\"2016-07-01T11:52:13+00:00\",\"breadcrumb\":{\"@id\":\"https:\\\/\\\/ppdegalicia.com\\\/es\\\/fronte-aos-que-estan-euforicos-na-sua-derrota-nos-mantemonos-prudentes-na-vitoria\\\/#breadcrumb\"},\"inLanguage\":\"es\",\"potentialAction\":[{\"@type\":\"ReadAction\",\"target\":[\"https:\\\/\\\/ppdegalicia.com\\\/es\\\/fronte-aos-que-estan-euforicos-na-sua-derrota-nos-mantemonos-prudentes-na-vitoria\\\/\"]}]},{\"@type\":\"BreadcrumbList\",\"@id\":\"https:\\\/\\\/ppdegalicia.com\\\/es\\\/fronte-aos-que-estan-euforicos-na-sua-derrota-nos-mantemonos-prudentes-na-vitoria\\\/#breadcrumb\",\"itemListElement\":[{\"@type\":\"ListItem\",\"position\":1,\"name\":\"Portada\",\"item\":\"https:\\\/\\\/ppdegalicia.com\\\/es\\\/\"},{\"@type\":\"ListItem\",\"position\":2,\"name\":\"\u201cFronte aos que est\u00e1n euf\u00f3ricos na s\u00faa derrota, n\u00f3s mant\u00e9monos prudentes na vitoria&#8221;\"}]},{\"@type\":\"WebSite\",\"@id\":\"https:\\\/\\\/ppdegalicia.com\\\/es\\\/#website\",\"url\":\"https:\\\/\\\/ppdegalicia.com\\\/es\\\/\",\"name\":\"Partido Popular de Galicia\",\"description\":\"Partido Popular de Galicia\",\"publisher\":{\"@id\":\"https:\\\/\\\/ppdegalicia.com\\\/es\\\/#organization\"},\"alternateName\":\"PP de Galicia\",\"potentialAction\":[{\"@type\":\"SearchAction\",\"target\":{\"@type\":\"EntryPoint\",\"urlTemplate\":\"https:\\\/\\\/ppdegalicia.com\\\/es\\\/?s={search_term_string}\"},\"query-input\":{\"@type\":\"PropertyValueSpecification\",\"valueRequired\":true,\"valueName\":\"search_term_string\"}}],\"inLanguage\":\"es\"},{\"@type\":\"Organization\",\"@id\":\"https:\\\/\\\/ppdegalicia.com\\\/es\\\/#organization\",\"name\":\"Partido Popular de Galicia\",\"alternateName\":\"PP de Galicia\",\"url\":\"https:\\\/\\\/ppdegalicia.com\\\/es\\\/\",\"logo\":{\"@type\":\"ImageObject\",\"inLanguage\":\"es\",\"@id\":\"https:\\\/\\\/ppdegalicia.com\\\/es\\\/#\\\/schema\\\/logo\\\/image\\\/\",\"url\":\"https:\\\/\\\/ppdegalicia.com\\\/wp-content\\\/uploads\\\/2023\\\/04\\\/logoPP512.png\",\"contentUrl\":\"https:\\\/\\\/ppdegalicia.com\\\/wp-content\\\/uploads\\\/2023\\\/04\\\/logoPP512.png\",\"width\":512,\"height\":512,\"caption\":\"Partido Popular de Galicia\"},\"image\":{\"@id\":\"https:\\\/\\\/ppdegalicia.com\\\/es\\\/#\\\/schema\\\/logo\\\/image\\\/\"},\"sameAs\":[\"https:\\\/\\\/www.instagram.com\\\/ppdegalicia\\\/\",\"https:\\\/\\\/x.com\\\/ppdegalicia\",\"https:\\\/\\\/www.tiktok.com\\\/@ppdegalicia\",\"https:\\\/\\\/www.youtube.com\\\/user\\\/ppdegalicia\"]},{\"@type\":\"Person\",\"@id\":\"https:\\\/\\\/ppdegalicia.com\\\/es\\\/#\\\/schema\\\/person\\\/d0f013b8388c980665d44009ab762960\",\"name\":\"Super User\",\"image\":{\"@type\":\"ImageObject\",\"inLanguage\":\"es\",\"@id\":\"https:\\\/\\\/secure.gravatar.com\\\/avatar\\\/1db852625ef4948f58d2739bfbc51e4b9bd5c93b8fa340b59fdb594ca0845645?s=96&d=mm&r=g\",\"url\":\"https:\\\/\\\/secure.gravatar.com\\\/avatar\\\/1db852625ef4948f58d2739bfbc51e4b9bd5c93b8fa340b59fdb594ca0845645?s=96&d=mm&r=g\",\"contentUrl\":\"https:\\\/\\\/secure.gravatar.com\\\/avatar\\\/1db852625ef4948f58d2739bfbc51e4b9bd5c93b8fa340b59fdb594ca0845645?s=96&d=mm&r=g\",\"caption\":\"Super User\"},\"url\":\"https:\\\/\\\/ppdegalicia.com\\\/es\\\/author\\\/ppdegaliciagestion\\\/\"}]}<\/script>\n<!-- \/ Yoast SEO plugin. -->","yoast_head_json":{"title":"\u201cFronte aos que est\u00e1n euf\u00f3ricos na s\u00faa derrota, n\u00f3s mant\u00e9monos prudentes na vitoria\" - PP de Galicia","robots":{"index":"index","follow":"follow","max-snippet":"max-snippet:-1","max-image-preview":"max-image-preview:large","max-video-preview":"max-video-preview:-1"},"canonical":"https:\/\/ppdegalicia.com\/es\/fronte-aos-que-estan-euforicos-na-sua-derrota-nos-mantemonos-prudentes-na-vitoria\/","og_locale":"es_ES","og_type":"article","og_title":"\u201cFronte aos que est\u00e1n euf\u00f3ricos na s\u00faa derrota, n\u00f3s mant\u00e9monos prudentes na vitoria\" - PP de Galicia","og_description":"O secretario xeral do PPdeG asume o rol de director de campa&ntilde;a coa consciencia de que &ldquo;nada est&aacute; ga&ntilde;ado&rdquo; Tellado fuxe de triunfalismos: &ldquo;Fronte aos que est&aacute;n euf&oacute;ricos na s&uacute;a derrota, n&oacute;s mant&eacute;monos prudentes na nosa vitoria&rdquo; &bull; Ve nos resultados unha &ldquo;oportunidade&rdquo; que os votantes lle dan ao PPdeG para &ldquo;seguir mellorando&rdquo; e para [&hellip;]","og_url":"https:\/\/ppdegalicia.com\/es\/fronte-aos-que-estan-euforicos-na-sua-derrota-nos-mantemonos-prudentes-na-vitoria\/","og_site_name":"PP de Galicia","article_publisher":"https:\/\/www.instagram.com\/ppdegalicia\/","article_published_time":"2016-07-01T11:52:13+00:00","author":"Super User","twitter_card":"summary_large_image","twitter_creator":"@ppdegalicia","twitter_site":"@ppdegalicia","twitter_misc":{"Escrito por":"Super User","Tiempo de lectura":"6 minutos"},"schema":{"@context":"https:\/\/schema.org","@graph":[{"@type":"Article","@id":"https:\/\/ppdegalicia.com\/es\/fronte-aos-que-estan-euforicos-na-sua-derrota-nos-mantemonos-prudentes-na-vitoria\/#article","isPartOf":{"@id":"https:\/\/ppdegalicia.com\/es\/fronte-aos-que-estan-euforicos-na-sua-derrota-nos-mantemonos-prudentes-na-vitoria\/"},"author":{"name":"Super User","@id":"https:\/\/ppdegalicia.com\/es\/#\/schema\/person\/d0f013b8388c980665d44009ab762960"},"headline":"\u201cFronte aos que est\u00e1n euf\u00f3ricos na s\u00faa derrota, n\u00f3s mant\u00e9monos prudentes na vitoria\u00bb","datePublished":"2016-07-01T11:52:13+00:00","mainEntityOfPage":{"@id":"https:\/\/ppdegalicia.com\/es\/fronte-aos-que-estan-euforicos-na-sua-derrota-nos-mantemonos-prudentes-na-vitoria\/"},"wordCount":1143,"commentCount":0,"publisher":{"@id":"https:\/\/ppdegalicia.com\/es\/#organization"},"articleSection":["PP de Galicia"],"inLanguage":"es","potentialAction":[{"@type":"CommentAction","name":"Comment","target":["https:\/\/ppdegalicia.com\/es\/fronte-aos-que-estan-euforicos-na-sua-derrota-nos-mantemonos-prudentes-na-vitoria\/#respond"]}]},{"@type":"WebPage","@id":"https:\/\/ppdegalicia.com\/es\/fronte-aos-que-estan-euforicos-na-sua-derrota-nos-mantemonos-prudentes-na-vitoria\/","url":"https:\/\/ppdegalicia.com\/es\/fronte-aos-que-estan-euforicos-na-sua-derrota-nos-mantemonos-prudentes-na-vitoria\/","name":"\u201cFronte aos que est\u00e1n euf\u00f3ricos na s\u00faa derrota, n\u00f3s mant\u00e9monos prudentes na vitoria\" - PP de Galicia","isPartOf":{"@id":"https:\/\/ppdegalicia.com\/es\/#website"},"datePublished":"2016-07-01T11:52:13+00:00","breadcrumb":{"@id":"https:\/\/ppdegalicia.com\/es\/fronte-aos-que-estan-euforicos-na-sua-derrota-nos-mantemonos-prudentes-na-vitoria\/#breadcrumb"},"inLanguage":"es","potentialAction":[{"@type":"ReadAction","target":["https:\/\/ppdegalicia.com\/es\/fronte-aos-que-estan-euforicos-na-sua-derrota-nos-mantemonos-prudentes-na-vitoria\/"]}]},{"@type":"BreadcrumbList","@id":"https:\/\/ppdegalicia.com\/es\/fronte-aos-que-estan-euforicos-na-sua-derrota-nos-mantemonos-prudentes-na-vitoria\/#breadcrumb","itemListElement":[{"@type":"ListItem","position":1,"name":"Portada","item":"https:\/\/ppdegalicia.com\/es\/"},{"@type":"ListItem","position":2,"name":"\u201cFronte aos que est\u00e1n euf\u00f3ricos na s\u00faa derrota, n\u00f3s mant\u00e9monos prudentes na vitoria&#8221;"}]},{"@type":"WebSite","@id":"https:\/\/ppdegalicia.com\/es\/#website","url":"https:\/\/ppdegalicia.com\/es\/","name":"Partido Popular de Galicia","description":"Partido Popular de Galicia","publisher":{"@id":"https:\/\/ppdegalicia.com\/es\/#organization"},"alternateName":"PP de Galicia","potentialAction":[{"@type":"SearchAction","target":{"@type":"EntryPoint","urlTemplate":"https:\/\/ppdegalicia.com\/es\/?s={search_term_string}"},"query-input":{"@type":"PropertyValueSpecification","valueRequired":true,"valueName":"search_term_string"}}],"inLanguage":"es"},{"@type":"Organization","@id":"https:\/\/ppdegalicia.com\/es\/#organization","name":"Partido Popular de Galicia","alternateName":"PP de Galicia","url":"https:\/\/ppdegalicia.com\/es\/","logo":{"@type":"ImageObject","inLanguage":"es","@id":"https:\/\/ppdegalicia.com\/es\/#\/schema\/logo\/image\/","url":"https:\/\/ppdegalicia.com\/wp-content\/uploads\/2023\/04\/logoPP512.png","contentUrl":"https:\/\/ppdegalicia.com\/wp-content\/uploads\/2023\/04\/logoPP512.png","width":512,"height":512,"caption":"Partido Popular de Galicia"},"image":{"@id":"https:\/\/ppdegalicia.com\/es\/#\/schema\/logo\/image\/"},"sameAs":["https:\/\/www.instagram.com\/ppdegalicia\/","https:\/\/x.com\/ppdegalicia","https:\/\/www.tiktok.com\/@ppdegalicia","https:\/\/www.youtube.com\/user\/ppdegalicia"]},{"@type":"Person","@id":"https:\/\/ppdegalicia.com\/es\/#\/schema\/person\/d0f013b8388c980665d44009ab762960","name":"Super User","image":{"@type":"ImageObject","inLanguage":"es","@id":"https:\/\/secure.gravatar.com\/avatar\/1db852625ef4948f58d2739bfbc51e4b9bd5c93b8fa340b59fdb594ca0845645?s=96&d=mm&r=g","url":"https:\/\/secure.gravatar.com\/avatar\/1db852625ef4948f58d2739bfbc51e4b9bd5c93b8fa340b59fdb594ca0845645?s=96&d=mm&r=g","contentUrl":"https:\/\/secure.gravatar.com\/avatar\/1db852625ef4948f58d2739bfbc51e4b9bd5c93b8fa340b59fdb594ca0845645?s=96&d=mm&r=g","caption":"Super User"},"url":"https:\/\/ppdegalicia.com\/es\/author\/ppdegaliciagestion\/"}]}},"_links":{"self":[{"href":"https:\/\/ppdegalicia.com\/es\/wp-json\/wp\/v2\/posts\/51943","targetHints":{"allow":["GET"]}}],"collection":[{"href":"https:\/\/ppdegalicia.com\/es\/wp-json\/wp\/v2\/posts"}],"about":[{"href":"https:\/\/ppdegalicia.com\/es\/wp-json\/wp\/v2\/types\/post"}],"author":[{"embeddable":true,"href":"https:\/\/ppdegalicia.com\/es\/wp-json\/wp\/v2\/users\/37"}],"replies":[{"embeddable":true,"href":"https:\/\/ppdegalicia.com\/es\/wp-json\/wp\/v2\/comments?post=51943"}],"version-history":[{"count":0,"href":"https:\/\/ppdegalicia.com\/es\/wp-json\/wp\/v2\/posts\/51943\/revisions"}],"wp:attachment":[{"href":"https:\/\/ppdegalicia.com\/es\/wp-json\/wp\/v2\/media?parent=51943"}],"wp:term":[{"taxonomy":"category","embeddable":true,"href":"https:\/\/ppdegalicia.com\/es\/wp-json\/wp\/v2\/categories?post=51943"},{"taxonomy":"post_tag","embeddable":true,"href":"https:\/\/ppdegalicia.com\/es\/wp-json\/wp\/v2\/tags?post=51943"}],"curies":[{"name":"wp","href":"https:\/\/api.w.org\/{rel}","templated":true}]}}