{"id":51950,"date":"2016-07-08T13:41:10","date_gmt":"2016-07-08T11:41:10","guid":{"rendered":"https:\/\/ppdegalicia.com\/feijoo-saira-a-rua-no-veran-para-consultar-aos-galegos-sobre-a-galicia-que-ti-queres\/"},"modified":"2016-07-08T13:41:10","modified_gmt":"2016-07-08T11:41:10","slug":"feijoo-saira-a-rua-no-veran-para-consultar-aos-galegos-sobre-a-galicia-que-ti-queres","status":"publish","type":"post","link":"https:\/\/ppdegalicia.com\/es\/feijoo-saira-a-rua-no-veran-para-consultar-aos-galegos-sobre-a-galicia-que-ti-queres\/","title":{"rendered":"Feij\u00f3o sair\u00e1 \u00e1 r\u00faa no ver\u00e1n para consultar aos galegos sobre\u00bbA Galicia que ti queres\u00bb"},"content":{"rendered":"<p>&nbsp;<\/p>\n<p>Feij&oacute;o sair&aacute; &aacute; r&uacute;a no ver&aacute;n para consultar a cada galego sobre &ldquo;A Galicia que ti queres&rdquo;<\/p>\n<p>&middot;&nbsp;&nbsp;&nbsp; O candidato do PPdeG visitar&aacute; concellos e parroquias de toda Galicia acompa&ntilde;ado dun banco no que conversar coa cidadan&iacute;a e dunha urna para recibir propostas<\/p>\n<p>&middot;&nbsp;&nbsp;&nbsp; A xira ser&aacute; complementada con instrumentos tecnol&oacute;xicos de escoita: ademais do whatsapp xa existente, Feij&oacute;o contar&aacute; cunha conta de twitter e cunha web propias<\/p>\n<p>Santiago de Compostela, 8 de xullo de 2016.- O secretario xeral dos populares galegos, Miguel Tellado, presentou hoxe na sede auton&oacute;mica de partido a ruta &ldquo;A Galicia que ti queres&rdquo;, coa que o PPdeG busca estar &ldquo;de volta na r&uacute;a&rdquo; e &ldquo;en primeira persoa&rdquo;.<\/p>\n<p>Para isto, o presidente e candidato do PPdeG &aacute;s elecci&oacute;ns auton&oacute;micas, Alberto N&uacute;&ntilde;ez Feij&oacute;o, percorrer&aacute; Galicia este ver&aacute;n para, segundo Tellado, &ldquo;poder falar en persoa cos galegos e coas galegas&rdquo;.<\/p>\n<p>Farao acompa&ntilde;ado dun banco que actuar&aacute; como faladoiro, &ldquo;un espazo de conversa de ti a ti entre Feij&oacute;o e os galegos&rdquo;, e dunha urna na que as persoas poder&aacute;n depositar propostas que definan &ldquo;o que esperan de n&oacute;s como partido e como goberno&rdquo;.<\/p>\n<p>Tellado considera que ser&aacute; un xeito de &ldquo;facer part&iacute;cipes aos galegos e as galegas do programa electoral que queremos desenvolver se Galicia mant&eacute;n a s&uacute;a confianza en Feij&oacute;o&rdquo;.<\/p>\n<p>Ser&aacute; un mecanismo complementario &aacute;s reuni&oacute;ns con colectivos que comezar&aacute;n a efectuar os membros do equipo redactor do programa coordinado por Pedro Puy.<\/p>\n<p>Os encontros de Feij&oacute;o coa cidadan&iacute;a comezaron onte mesmo en Carral e continuar&aacute;n hoxe no Savi&ntilde;ao e ma&ntilde;&aacute; en Combarro e Sanxenxo e se efectuar&aacute;n sen convocatoria &aacute; prensa. &ldquo;Regresamos &aacute; r&uacute;a sen intermediarios&rdquo;, explicou Tellado, destacando que &ldquo;A idea non &eacute; sa&iacute;r nos medios sen&oacute;n recuperar o contacto informal e natural coa cidadan&iacute;a&rdquo;.<\/p>\n<p><strong>#FEIJOOENCAMI&Ntilde;O<\/strong><\/p>\n<p>O n&uacute;mero dous do PPdeG inseriu estes encontros na pol&iacute;tica de recuperaci&oacute;n do contacto directo coa xente que se marcou dende a aprobaci&oacute;n no pasado outubro da Ponencia Pol&iacute;tica coordinada por Jos&eacute; Manuel Rey.<\/p>\n<p>Tellado destacou esta &ldquo;renovaci&oacute;n de actitudes&rdquo; emprendida tras os insatisfactorios resultados das municipais como unha das claves da recuperaci&oacute;n de apoios experimentada nos &uacute;ltimos meses: &ldquo;Melloramos en decembro a porcentaxe de votos de maio e melloramos en xu&ntilde;o a porcentaxe de votos de decembro&rdquo;, salientou Tellado.<\/p>\n<p>As&iacute;, a partir de agora dous novos elementos de escoita cidad&aacute; se unir&aacute;n &aacute; conta de whatsapp creada trala aprobaci&oacute;n da ponencia pol&iacute;tica.<\/p>\n<p>Un ser&aacute; a conta de twitter @feijoogalicia que ser&aacute; unha forma de interlocuci&oacute;n directa do candidato coa cidadan&iacute;a. &ldquo;Un nome sinxelo&rdquo;, apuntou Tellado, que une a Feij&oacute;o e a Galicia como dous elementos indisolubles.<\/p>\n<p>O outro elemento ser&aacute; a web do candidato www.feijoo.gal en marcha dende hoxe mesmo e que, tal e como explicou Tellado, &ldquo;ser&aacute; unha fiestra m&aacute;is coa que mostrar a Galicia o que pensamos pero tam&eacute;n coa que recoller achegas, ideas e suxesti&oacute;ns&rdquo;.<\/p>\n<p>O eslogan ou hashtag que ter&aacute;n en com&uacute;n todas estas iniciativas ser&aacute; #FeijooEnCami&ntilde;o. Simboliza, segundo o secretario xeral do PPdeG &ldquo;que estamos no proceso de conseguir algo: que Galicia volva a confiar en n&oacute;s como partido m&aacute;is representativo e nun l&iacute;der indiscutido e indiscutible como &eacute; Alberto N&uacute;&ntilde;ez Feij&oacute;o&rdquo;. &ldquo;Feij&oacute;o elixiu Galicia porque Galicia o elixiu a el ata en d&uacute;as ocasi&oacute;ns&rdquo;, pechou Tellado.<\/p>\n<div class=\"k2_video\">[iframe width=\u00bb600&#8243; height=\u00bb350&#8243; src=\u00bbhttps:\/\/www.youtube.com\/embed\/sg5r2Y6w08M\u00bb frameborder=\u00bb0&#8243; allowfullscreen ]<\/div>\n","protected":false},"excerpt":{"rendered":"<p>&nbsp; Feij&oacute;o sair&aacute; &aacute; r&uacute;a no ver&aacute;n para consultar a cada galego sobre &ldquo;A Galicia que ti queres&rdquo; &middot;&nbsp;&nbsp;&nbsp; O candidato do PPdeG visitar&aacute; concellos e parroquias de toda Galicia acompa&ntilde;ado dun banco no que conversar coa cidadan&iacute;a e dunha urna para recibir propostas &middot;&nbsp;&nbsp;&nbsp; A xira ser&aacute; complementada con instrumentos tecnol&oacute;xicos de escoita: ademais [&hellip;]<\/p>\n","protected":false},"author":37,"featured_media":0,"comment_status":"open","ping_status":"open","sticky":false,"template":"","format":"standard","meta":{"_acf_changed":false,"footnotes":""},"categories":[1],"tags":[],"class_list":["post-51950","post","type-post","status-publish","format-standard","hentry","category-pp-de-galicia"],"acf":[],"yoast_head":"<!-- This site is optimized with the Yoast SEO plugin v27.3 - https:\/\/yoast.com\/product\/yoast-seo-wordpress\/ -->\n<title>Feij\u00f3o sair\u00e1 \u00e1 r\u00faa no ver\u00e1n para consultar aos galegos sobre&quot;A Galicia que ti queres&quot; - PP de Galicia<\/title>\n<meta name=\"robots\" content=\"index, follow, max-snippet:-1, max-image-preview:large, max-video-preview:-1\" \/>\n<link rel=\"canonical\" href=\"https:\/\/ppdegalicia.com\/es\/feijoo-saira-a-rua-no-veran-para-consultar-aos-galegos-sobre-a-galicia-que-ti-queres\/\" \/>\n<meta property=\"og:locale\" content=\"es_ES\" \/>\n<meta property=\"og:type\" content=\"article\" \/>\n<meta property=\"og:title\" content=\"Feij\u00f3o sair\u00e1 \u00e1 r\u00faa no ver\u00e1n para consultar aos galegos sobre&quot;A Galicia que ti queres&quot; - PP de Galicia\" \/>\n<meta property=\"og:description\" content=\"&nbsp; Feij&oacute;o sair&aacute; &aacute; r&uacute;a no ver&aacute;n para consultar a cada galego sobre &ldquo;A Galicia que ti queres&rdquo; &middot;&nbsp;&nbsp;&nbsp; O candidato do PPdeG visitar&aacute; concellos e parroquias de toda Galicia acompa&ntilde;ado dun banco no que conversar coa cidadan&iacute;a e dunha urna para recibir propostas &middot;&nbsp;&nbsp;&nbsp; A xira ser&aacute; complementada con instrumentos tecnol&oacute;xicos de escoita: ademais [&hellip;]\" \/>\n<meta property=\"og:url\" content=\"https:\/\/ppdegalicia.com\/es\/feijoo-saira-a-rua-no-veran-para-consultar-aos-galegos-sobre-a-galicia-que-ti-queres\/\" \/>\n<meta property=\"og:site_name\" content=\"PP de Galicia\" \/>\n<meta property=\"article:publisher\" content=\"https:\/\/www.instagram.com\/ppdegalicia\/\" \/>\n<meta property=\"article:published_time\" content=\"2016-07-08T11:41:10+00:00\" \/>\n<meta name=\"author\" content=\"Super User\" \/>\n<meta name=\"twitter:card\" content=\"summary_large_image\" \/>\n<meta name=\"twitter:creator\" content=\"@ppdegalicia\" \/>\n<meta name=\"twitter:site\" content=\"@ppdegalicia\" \/>\n<meta name=\"twitter:label1\" content=\"Escrito por\" \/>\n\t<meta name=\"twitter:data1\" content=\"Super User\" \/>\n\t<meta name=\"twitter:label2\" content=\"Tiempo de lectura\" \/>\n\t<meta name=\"twitter:data2\" content=\"4 minutos\" \/>\n<script type=\"application\/ld+json\" class=\"yoast-schema-graph\">{\"@context\":\"https:\\\/\\\/schema.org\",\"@graph\":[{\"@type\":\"Article\",\"@id\":\"https:\\\/\\\/ppdegalicia.com\\\/es\\\/feijoo-saira-a-rua-no-veran-para-consultar-aos-galegos-sobre-a-galicia-que-ti-queres\\\/#article\",\"isPartOf\":{\"@id\":\"https:\\\/\\\/ppdegalicia.com\\\/es\\\/feijoo-saira-a-rua-no-veran-para-consultar-aos-galegos-sobre-a-galicia-que-ti-queres\\\/\"},\"author\":{\"name\":\"Super User\",\"@id\":\"https:\\\/\\\/ppdegalicia.com\\\/es\\\/#\\\/schema\\\/person\\\/d0f013b8388c980665d44009ab762960\"},\"headline\":\"Feij\u00f3o sair\u00e1 \u00e1 r\u00faa no ver\u00e1n para consultar aos galegos sobre\u00bbA Galicia que ti queres\u00bb\",\"datePublished\":\"2016-07-08T11:41:10+00:00\",\"mainEntityOfPage\":{\"@id\":\"https:\\\/\\\/ppdegalicia.com\\\/es\\\/feijoo-saira-a-rua-no-veran-para-consultar-aos-galegos-sobre-a-galicia-que-ti-queres\\\/\"},\"wordCount\":755,\"commentCount\":0,\"publisher\":{\"@id\":\"https:\\\/\\\/ppdegalicia.com\\\/es\\\/#organization\"},\"articleSection\":[\"PP de Galicia\"],\"inLanguage\":\"es\",\"potentialAction\":[{\"@type\":\"CommentAction\",\"name\":\"Comment\",\"target\":[\"https:\\\/\\\/ppdegalicia.com\\\/es\\\/feijoo-saira-a-rua-no-veran-para-consultar-aos-galegos-sobre-a-galicia-que-ti-queres\\\/#respond\"]}]},{\"@type\":\"WebPage\",\"@id\":\"https:\\\/\\\/ppdegalicia.com\\\/es\\\/feijoo-saira-a-rua-no-veran-para-consultar-aos-galegos-sobre-a-galicia-que-ti-queres\\\/\",\"url\":\"https:\\\/\\\/ppdegalicia.com\\\/es\\\/feijoo-saira-a-rua-no-veran-para-consultar-aos-galegos-sobre-a-galicia-que-ti-queres\\\/\",\"name\":\"Feij\u00f3o sair\u00e1 \u00e1 r\u00faa no ver\u00e1n para consultar aos galegos sobre\\\"A Galicia que ti queres\\\" - PP de Galicia\",\"isPartOf\":{\"@id\":\"https:\\\/\\\/ppdegalicia.com\\\/es\\\/#website\"},\"datePublished\":\"2016-07-08T11:41:10+00:00\",\"breadcrumb\":{\"@id\":\"https:\\\/\\\/ppdegalicia.com\\\/es\\\/feijoo-saira-a-rua-no-veran-para-consultar-aos-galegos-sobre-a-galicia-que-ti-queres\\\/#breadcrumb\"},\"inLanguage\":\"es\",\"potentialAction\":[{\"@type\":\"ReadAction\",\"target\":[\"https:\\\/\\\/ppdegalicia.com\\\/es\\\/feijoo-saira-a-rua-no-veran-para-consultar-aos-galegos-sobre-a-galicia-que-ti-queres\\\/\"]}]},{\"@type\":\"BreadcrumbList\",\"@id\":\"https:\\\/\\\/ppdegalicia.com\\\/es\\\/feijoo-saira-a-rua-no-veran-para-consultar-aos-galegos-sobre-a-galicia-que-ti-queres\\\/#breadcrumb\",\"itemListElement\":[{\"@type\":\"ListItem\",\"position\":1,\"name\":\"Portada\",\"item\":\"https:\\\/\\\/ppdegalicia.com\\\/es\\\/\"},{\"@type\":\"ListItem\",\"position\":2,\"name\":\"Feij\u00f3o sair\u00e1 \u00e1 r\u00faa no ver\u00e1n para consultar aos galegos sobre&#8221;A Galicia que ti queres&#8221;\"}]},{\"@type\":\"WebSite\",\"@id\":\"https:\\\/\\\/ppdegalicia.com\\\/es\\\/#website\",\"url\":\"https:\\\/\\\/ppdegalicia.com\\\/es\\\/\",\"name\":\"Partido Popular de Galicia\",\"description\":\"Partido Popular de Galicia\",\"publisher\":{\"@id\":\"https:\\\/\\\/ppdegalicia.com\\\/es\\\/#organization\"},\"alternateName\":\"PP de Galicia\",\"potentialAction\":[{\"@type\":\"SearchAction\",\"target\":{\"@type\":\"EntryPoint\",\"urlTemplate\":\"https:\\\/\\\/ppdegalicia.com\\\/es\\\/?s={search_term_string}\"},\"query-input\":{\"@type\":\"PropertyValueSpecification\",\"valueRequired\":true,\"valueName\":\"search_term_string\"}}],\"inLanguage\":\"es\"},{\"@type\":\"Organization\",\"@id\":\"https:\\\/\\\/ppdegalicia.com\\\/es\\\/#organization\",\"name\":\"Partido Popular de Galicia\",\"alternateName\":\"PP de Galicia\",\"url\":\"https:\\\/\\\/ppdegalicia.com\\\/es\\\/\",\"logo\":{\"@type\":\"ImageObject\",\"inLanguage\":\"es\",\"@id\":\"https:\\\/\\\/ppdegalicia.com\\\/es\\\/#\\\/schema\\\/logo\\\/image\\\/\",\"url\":\"https:\\\/\\\/ppdegalicia.com\\\/wp-content\\\/uploads\\\/2023\\\/04\\\/logoPP512.png\",\"contentUrl\":\"https:\\\/\\\/ppdegalicia.com\\\/wp-content\\\/uploads\\\/2023\\\/04\\\/logoPP512.png\",\"width\":512,\"height\":512,\"caption\":\"Partido Popular de Galicia\"},\"image\":{\"@id\":\"https:\\\/\\\/ppdegalicia.com\\\/es\\\/#\\\/schema\\\/logo\\\/image\\\/\"},\"sameAs\":[\"https:\\\/\\\/www.instagram.com\\\/ppdegalicia\\\/\",\"https:\\\/\\\/x.com\\\/ppdegalicia\",\"https:\\\/\\\/www.tiktok.com\\\/@ppdegalicia\",\"https:\\\/\\\/www.youtube.com\\\/user\\\/ppdegalicia\"]},{\"@type\":\"Person\",\"@id\":\"https:\\\/\\\/ppdegalicia.com\\\/es\\\/#\\\/schema\\\/person\\\/d0f013b8388c980665d44009ab762960\",\"name\":\"Super User\",\"image\":{\"@type\":\"ImageObject\",\"inLanguage\":\"es\",\"@id\":\"https:\\\/\\\/secure.gravatar.com\\\/avatar\\\/1db852625ef4948f58d2739bfbc51e4b9bd5c93b8fa340b59fdb594ca0845645?s=96&d=mm&r=g\",\"url\":\"https:\\\/\\\/secure.gravatar.com\\\/avatar\\\/1db852625ef4948f58d2739bfbc51e4b9bd5c93b8fa340b59fdb594ca0845645?s=96&d=mm&r=g\",\"contentUrl\":\"https:\\\/\\\/secure.gravatar.com\\\/avatar\\\/1db852625ef4948f58d2739bfbc51e4b9bd5c93b8fa340b59fdb594ca0845645?s=96&d=mm&r=g\",\"caption\":\"Super User\"},\"url\":\"https:\\\/\\\/ppdegalicia.com\\\/es\\\/author\\\/ppdegaliciagestion\\\/\"}]}<\/script>\n<!-- \/ Yoast SEO plugin. -->","yoast_head_json":{"title":"Feij\u00f3o sair\u00e1 \u00e1 r\u00faa no ver\u00e1n para consultar aos galegos sobre\"A Galicia que ti queres\" - PP de Galicia","robots":{"index":"index","follow":"follow","max-snippet":"max-snippet:-1","max-image-preview":"max-image-preview:large","max-video-preview":"max-video-preview:-1"},"canonical":"https:\/\/ppdegalicia.com\/es\/feijoo-saira-a-rua-no-veran-para-consultar-aos-galegos-sobre-a-galicia-que-ti-queres\/","og_locale":"es_ES","og_type":"article","og_title":"Feij\u00f3o sair\u00e1 \u00e1 r\u00faa no ver\u00e1n para consultar aos galegos sobre\"A Galicia que ti queres\" - PP de Galicia","og_description":"&nbsp; Feij&oacute;o sair&aacute; &aacute; r&uacute;a no ver&aacute;n para consultar a cada galego sobre &ldquo;A Galicia que ti queres&rdquo; &middot;&nbsp;&nbsp;&nbsp; O candidato do PPdeG visitar&aacute; concellos e parroquias de toda Galicia acompa&ntilde;ado dun banco no que conversar coa cidadan&iacute;a e dunha urna para recibir propostas &middot;&nbsp;&nbsp;&nbsp; A xira ser&aacute; complementada con instrumentos tecnol&oacute;xicos de escoita: ademais [&hellip;]","og_url":"https:\/\/ppdegalicia.com\/es\/feijoo-saira-a-rua-no-veran-para-consultar-aos-galegos-sobre-a-galicia-que-ti-queres\/","og_site_name":"PP de Galicia","article_publisher":"https:\/\/www.instagram.com\/ppdegalicia\/","article_published_time":"2016-07-08T11:41:10+00:00","author":"Super User","twitter_card":"summary_large_image","twitter_creator":"@ppdegalicia","twitter_site":"@ppdegalicia","twitter_misc":{"Escrito por":"Super User","Tiempo de lectura":"4 minutos"},"schema":{"@context":"https:\/\/schema.org","@graph":[{"@type":"Article","@id":"https:\/\/ppdegalicia.com\/es\/feijoo-saira-a-rua-no-veran-para-consultar-aos-galegos-sobre-a-galicia-que-ti-queres\/#article","isPartOf":{"@id":"https:\/\/ppdegalicia.com\/es\/feijoo-saira-a-rua-no-veran-para-consultar-aos-galegos-sobre-a-galicia-que-ti-queres\/"},"author":{"name":"Super User","@id":"https:\/\/ppdegalicia.com\/es\/#\/schema\/person\/d0f013b8388c980665d44009ab762960"},"headline":"Feij\u00f3o sair\u00e1 \u00e1 r\u00faa no ver\u00e1n para consultar aos galegos sobre\u00bbA Galicia que ti queres\u00bb","datePublished":"2016-07-08T11:41:10+00:00","mainEntityOfPage":{"@id":"https:\/\/ppdegalicia.com\/es\/feijoo-saira-a-rua-no-veran-para-consultar-aos-galegos-sobre-a-galicia-que-ti-queres\/"},"wordCount":755,"commentCount":0,"publisher":{"@id":"https:\/\/ppdegalicia.com\/es\/#organization"},"articleSection":["PP de Galicia"],"inLanguage":"es","potentialAction":[{"@type":"CommentAction","name":"Comment","target":["https:\/\/ppdegalicia.com\/es\/feijoo-saira-a-rua-no-veran-para-consultar-aos-galegos-sobre-a-galicia-que-ti-queres\/#respond"]}]},{"@type":"WebPage","@id":"https:\/\/ppdegalicia.com\/es\/feijoo-saira-a-rua-no-veran-para-consultar-aos-galegos-sobre-a-galicia-que-ti-queres\/","url":"https:\/\/ppdegalicia.com\/es\/feijoo-saira-a-rua-no-veran-para-consultar-aos-galegos-sobre-a-galicia-que-ti-queres\/","name":"Feij\u00f3o sair\u00e1 \u00e1 r\u00faa no ver\u00e1n para consultar aos galegos sobre\"A Galicia que ti queres\" - PP de Galicia","isPartOf":{"@id":"https:\/\/ppdegalicia.com\/es\/#website"},"datePublished":"2016-07-08T11:41:10+00:00","breadcrumb":{"@id":"https:\/\/ppdegalicia.com\/es\/feijoo-saira-a-rua-no-veran-para-consultar-aos-galegos-sobre-a-galicia-que-ti-queres\/#breadcrumb"},"inLanguage":"es","potentialAction":[{"@type":"ReadAction","target":["https:\/\/ppdegalicia.com\/es\/feijoo-saira-a-rua-no-veran-para-consultar-aos-galegos-sobre-a-galicia-que-ti-queres\/"]}]},{"@type":"BreadcrumbList","@id":"https:\/\/ppdegalicia.com\/es\/feijoo-saira-a-rua-no-veran-para-consultar-aos-galegos-sobre-a-galicia-que-ti-queres\/#breadcrumb","itemListElement":[{"@type":"ListItem","position":1,"name":"Portada","item":"https:\/\/ppdegalicia.com\/es\/"},{"@type":"ListItem","position":2,"name":"Feij\u00f3o sair\u00e1 \u00e1 r\u00faa no ver\u00e1n para consultar aos galegos sobre&#8221;A Galicia que ti queres&#8221;"}]},{"@type":"WebSite","@id":"https:\/\/ppdegalicia.com\/es\/#website","url":"https:\/\/ppdegalicia.com\/es\/","name":"Partido Popular de Galicia","description":"Partido Popular de Galicia","publisher":{"@id":"https:\/\/ppdegalicia.com\/es\/#organization"},"alternateName":"PP de Galicia","potentialAction":[{"@type":"SearchAction","target":{"@type":"EntryPoint","urlTemplate":"https:\/\/ppdegalicia.com\/es\/?s={search_term_string}"},"query-input":{"@type":"PropertyValueSpecification","valueRequired":true,"valueName":"search_term_string"}}],"inLanguage":"es"},{"@type":"Organization","@id":"https:\/\/ppdegalicia.com\/es\/#organization","name":"Partido Popular de Galicia","alternateName":"PP de Galicia","url":"https:\/\/ppdegalicia.com\/es\/","logo":{"@type":"ImageObject","inLanguage":"es","@id":"https:\/\/ppdegalicia.com\/es\/#\/schema\/logo\/image\/","url":"https:\/\/ppdegalicia.com\/wp-content\/uploads\/2023\/04\/logoPP512.png","contentUrl":"https:\/\/ppdegalicia.com\/wp-content\/uploads\/2023\/04\/logoPP512.png","width":512,"height":512,"caption":"Partido Popular de Galicia"},"image":{"@id":"https:\/\/ppdegalicia.com\/es\/#\/schema\/logo\/image\/"},"sameAs":["https:\/\/www.instagram.com\/ppdegalicia\/","https:\/\/x.com\/ppdegalicia","https:\/\/www.tiktok.com\/@ppdegalicia","https:\/\/www.youtube.com\/user\/ppdegalicia"]},{"@type":"Person","@id":"https:\/\/ppdegalicia.com\/es\/#\/schema\/person\/d0f013b8388c980665d44009ab762960","name":"Super User","image":{"@type":"ImageObject","inLanguage":"es","@id":"https:\/\/secure.gravatar.com\/avatar\/1db852625ef4948f58d2739bfbc51e4b9bd5c93b8fa340b59fdb594ca0845645?s=96&d=mm&r=g","url":"https:\/\/secure.gravatar.com\/avatar\/1db852625ef4948f58d2739bfbc51e4b9bd5c93b8fa340b59fdb594ca0845645?s=96&d=mm&r=g","contentUrl":"https:\/\/secure.gravatar.com\/avatar\/1db852625ef4948f58d2739bfbc51e4b9bd5c93b8fa340b59fdb594ca0845645?s=96&d=mm&r=g","caption":"Super User"},"url":"https:\/\/ppdegalicia.com\/es\/author\/ppdegaliciagestion\/"}]}},"_links":{"self":[{"href":"https:\/\/ppdegalicia.com\/es\/wp-json\/wp\/v2\/posts\/51950","targetHints":{"allow":["GET"]}}],"collection":[{"href":"https:\/\/ppdegalicia.com\/es\/wp-json\/wp\/v2\/posts"}],"about":[{"href":"https:\/\/ppdegalicia.com\/es\/wp-json\/wp\/v2\/types\/post"}],"author":[{"embeddable":true,"href":"https:\/\/ppdegalicia.com\/es\/wp-json\/wp\/v2\/users\/37"}],"replies":[{"embeddable":true,"href":"https:\/\/ppdegalicia.com\/es\/wp-json\/wp\/v2\/comments?post=51950"}],"version-history":[{"count":0,"href":"https:\/\/ppdegalicia.com\/es\/wp-json\/wp\/v2\/posts\/51950\/revisions"}],"wp:attachment":[{"href":"https:\/\/ppdegalicia.com\/es\/wp-json\/wp\/v2\/media?parent=51950"}],"wp:term":[{"taxonomy":"category","embeddable":true,"href":"https:\/\/ppdegalicia.com\/es\/wp-json\/wp\/v2\/categories?post=51950"},{"taxonomy":"post_tag","embeddable":true,"href":"https:\/\/ppdegalicia.com\/es\/wp-json\/wp\/v2\/tags?post=51950"}],"curies":[{"name":"wp","href":"https:\/\/api.w.org\/{rel}","templated":true}]}}