{"id":51951,"date":"2016-07-11T17:37:44","date_gmt":"2016-07-11T15:37:44","guid":{"rendered":"https:\/\/ppdegalicia.com\/puy-destaca-que-ningunha-das-leis-do-pleno-de-mana-tivo-voto-en-contra-en-comision\/"},"modified":"2016-07-11T17:37:44","modified_gmt":"2016-07-11T15:37:44","slug":"puy-destaca-que-ningunha-das-leis-do-pleno-de-mana-tivo-voto-en-contra-en-comision","status":"publish","type":"post","link":"https:\/\/ppdegalicia.com\/es\/puy-destaca-que-ningunha-das-leis-do-pleno-de-mana-tivo-voto-en-contra-en-comision\/","title":{"rendered":"Puy destaca que ningunha das leis do pleno de ma\u00f1\u00e1 tivo voto en contra en comisi\u00f3n"},"content":{"rendered":"<p><b>Esta situaci\u00f3n \u201cdemostra que o PP ofrece estabilidade institucional, ao tempo que di\u00e1logo coa oposici\u00f3n\u201d, asegura o portavoz popular<\/b><\/p>\n<p><b><\/p>\n<p>PEDRO PUY DESTACA QUE NINGUNHA DAS LEIS QUE MA\u00d1\u00c1 SE APROBAR\u00c1N NO PLENO TIVO VOTO EN CONTRA NO SEU DEBATE EN COMISI\u00d3N <\/b><\/p>\n<p>Santiago, 11 de xullo de 2016.- O portavoz do Grupo Popular, Pedro Puy, salientou hoxe que todos os textos lexislativos que ma\u00f1\u00e1 se debater\u00e1n para a s\u00faa aprobaci\u00f3n en Pleno \u201cchegan sen ning\u00fan voto en contra en Comisi\u00f3n, o que demostra que o PP ofrece estabilidade institucional, ao tempo que di\u00e1logo coa oposici\u00f3n\u201d. <\/p>\n<p>Pedro Puy informou que o Pleno elixir\u00e1 ma\u00f1\u00e1 aos tres senadores en representaci\u00f3n da Comunidade galega, dos que dous corresponden ao Partido Popular: Juan Manuel Jim\u00e9nez Mor\u00e1n e Fernando Carlos Rodr\u00edguez P\u00e9rez. As\u00ed mesmo, designarase aos novos membros do Consello Social da Universidade de A Coru\u00f1a, que por parte do Grupo Popular proponse a Luis Ramiro D\u00edaz L\u00f3pez, presidente da empresa de enerx\u00edas renovables Vectia, S.L.; Luis Felipe Llamas G\u00f3mez, director da refiner\u00eda de Repsol en A Coru\u00f1a; e o letrado e asesor concursal Jaime Fern\u00e1ndez-Obanza Carro.<\/p>\n<p>Ademais da comparecencia da Valedora do Pobo para dar conta do seu informe anual correspondente a 2015, a sesi\u00f3n plenaria ter\u00e1 un marcado car\u00e1cter lexislativo, co debate e votaci\u00f3n definitiva de seis proxectos lexislativos: o proxecto de Lei polo que se modifica a Lei da \u00e1rea metropolitana de Vigo; o proxecto de lei de creaci\u00f3n do Colexio Oficial de Terapeutas Ocupacionais de Galicia; o proxecto de Lei de creaci\u00f3n dos colexios provinciais de economistas por fusi\u00f3n dos colexios de titulares mercant\u00eds e de economistas existentes na Comunidade galega; o proxecto de Lei do Plan galego de estat\u00edstica 2017-2021; a proposici\u00f3n de lei (impulsada polo Grupo Popular) de medidas urxentes para a actualizaci\u00f3n do sistema de transporte p\u00fablico de Galicia; e a proposici\u00f3n de modificaci\u00f3n da Lei galega para a prevenci\u00f3n e o tratamento integral da violencia de x\u00e9nero.<\/p>\n<p>Ademais, o Grupo Popular defender\u00e1 d\u00faas proposici\u00f3ns non de lei. Unha primeira, a trav\u00e9s da que se demanda a adhesi\u00f3n do Concello de Vigo ao Programa de vivendas baleiras da Xunta, de xeito que aquelas vivendas desocupadas se destinen a alugueiro social; e unha segunda para que a Xunta estenda progresivamente a plataforma E-Sa\u00fade a toda a cidadan\u00eda galega, a trav\u00e9s da que calquera galego poder\u00e1 acceder por procedementos inform\u00e1ticos a servizos e contidos sanitarios personalizados.<\/p>\n<p><b>INFORME INCONTROVERTIDO SOBRE O ACCIDENTE <\/b><\/p>\n<p>Cuestionado sobre o informe da Comisi\u00f3n Europea respecto da investigaci\u00f3n do accidente de Angrois, Pedro Puy reiterou que \u201ctanto as familias das v\u00edtimas, como os seus achegados e o conxunto da sociedade te\u00f1en dereito a un informe incontrovertido sobre as causas do accidente\u201d, polo que amosou a disposici\u00f3n do PPdeG \u201ca falar e acordar\u201d no Parlamento galego neste sentido.<\/p>\n<p>\u201cO sentir xeral do Grupo Popular \u00e9 que tanto as v\u00edtimas como o conxunto da sociedade te\u00f1en dereito a saber a verdade e que exista un informe t\u00e9cnico incontrovertido, polo que todo o que sexa cami\u00f1ar cara a ese informe estamos dispostos a apoialo\u201d, manifestou.<\/p>\n<p>Respecto da solicitude de creaci\u00f3n dunha comisi\u00f3n de investigaci\u00f3n sobre o accidente de Angrois no Parlamento galego, o portavoz popular lembrou que ningunha das C\u00e1maras auton\u00f3micas ten competencia para controlar a altos cargos ou membros da Administraci\u00f3n do Estado, polo que \u201cnon \u00e9 o lugar adecuado nin operativo para facer unha comisi\u00f3n de investigaci\u00f3n na que non comparecer\u00edan ning\u00fan dos responsables da infraestrutura, da li\u00f1a ou do servizo\u201d. \u201cCremos que con estes temas non se debe xogar, polo que debe facerse al\u00ed onde reside a capacidade e a competencia de controlar aos altos cargos do Estado\u201d, apuntou. <\/p>\n","protected":false},"excerpt":{"rendered":"<p>Esta situaci\u00f3n \u201cdemostra que o PP ofrece estabilidade institucional, ao tempo que di\u00e1logo coa oposici\u00f3n\u201d, asegura o portavoz popular PEDRO PUY DESTACA QUE NINGUNHA DAS LEIS QUE MA\u00d1\u00c1 SE APROBAR\u00c1N NO PLENO TIVO VOTO EN CONTRA NO SEU DEBATE EN COMISI\u00d3N Santiago, 11 de xullo de 2016.- O portavoz do Grupo Popular, Pedro Puy, salientou [&hellip;]<\/p>\n","protected":false},"author":37,"featured_media":0,"comment_status":"open","ping_status":"open","sticky":false,"template":"","format":"standard","meta":{"_acf_changed":false,"footnotes":""},"categories":[1],"tags":[],"class_list":["post-51951","post","type-post","status-publish","format-standard","hentry","category-pp-de-galicia"],"acf":[],"yoast_head":"<!-- This site is optimized with the Yoast SEO plugin v27.3 - https:\/\/yoast.com\/product\/yoast-seo-wordpress\/ -->\n<title>Puy destaca que ningunha das leis do pleno de ma\u00f1\u00e1 tivo voto en contra en comisi\u00f3n - PP de Galicia<\/title>\n<meta name=\"robots\" content=\"index, follow, max-snippet:-1, max-image-preview:large, max-video-preview:-1\" \/>\n<link rel=\"canonical\" href=\"https:\/\/ppdegalicia.com\/es\/puy-destaca-que-ningunha-das-leis-do-pleno-de-mana-tivo-voto-en-contra-en-comision\/\" \/>\n<meta property=\"og:locale\" content=\"es_ES\" \/>\n<meta property=\"og:type\" content=\"article\" \/>\n<meta property=\"og:title\" content=\"Puy destaca que ningunha das leis do pleno de ma\u00f1\u00e1 tivo voto en contra en comisi\u00f3n - PP de Galicia\" \/>\n<meta property=\"og:description\" content=\"Esta situaci\u00f3n \u201cdemostra que o PP ofrece estabilidade institucional, ao tempo que di\u00e1logo coa oposici\u00f3n\u201d, asegura o portavoz popular PEDRO PUY DESTACA QUE NINGUNHA DAS LEIS QUE MA\u00d1\u00c1 SE APROBAR\u00c1N NO PLENO TIVO VOTO EN CONTRA NO SEU DEBATE EN COMISI\u00d3N Santiago, 11 de xullo de 2016.- O portavoz do Grupo Popular, Pedro Puy, salientou [&hellip;]\" \/>\n<meta property=\"og:url\" content=\"https:\/\/ppdegalicia.com\/es\/puy-destaca-que-ningunha-das-leis-do-pleno-de-mana-tivo-voto-en-contra-en-comision\/\" \/>\n<meta property=\"og:site_name\" content=\"PP de Galicia\" \/>\n<meta property=\"article:publisher\" content=\"https:\/\/www.instagram.com\/ppdegalicia\/\" \/>\n<meta property=\"article:published_time\" content=\"2016-07-11T15:37:44+00:00\" \/>\n<meta name=\"author\" content=\"Super User\" \/>\n<meta name=\"twitter:card\" content=\"summary_large_image\" \/>\n<meta name=\"twitter:creator\" content=\"@ppdegalicia\" \/>\n<meta name=\"twitter:site\" content=\"@ppdegalicia\" \/>\n<meta name=\"twitter:label1\" content=\"Escrito por\" \/>\n\t<meta name=\"twitter:data1\" content=\"Super User\" \/>\n\t<meta name=\"twitter:label2\" content=\"Tiempo de lectura\" \/>\n\t<meta name=\"twitter:data2\" content=\"3 minutos\" \/>\n<script type=\"application\/ld+json\" class=\"yoast-schema-graph\">{\"@context\":\"https:\\\/\\\/schema.org\",\"@graph\":[{\"@type\":\"Article\",\"@id\":\"https:\\\/\\\/ppdegalicia.com\\\/es\\\/puy-destaca-que-ningunha-das-leis-do-pleno-de-mana-tivo-voto-en-contra-en-comision\\\/#article\",\"isPartOf\":{\"@id\":\"https:\\\/\\\/ppdegalicia.com\\\/es\\\/puy-destaca-que-ningunha-das-leis-do-pleno-de-mana-tivo-voto-en-contra-en-comision\\\/\"},\"author\":{\"name\":\"Super User\",\"@id\":\"https:\\\/\\\/ppdegalicia.com\\\/es\\\/#\\\/schema\\\/person\\\/d0f013b8388c980665d44009ab762960\"},\"headline\":\"Puy destaca que ningunha das leis do pleno de ma\u00f1\u00e1 tivo voto en contra en comisi\u00f3n\",\"datePublished\":\"2016-07-11T15:37:44+00:00\",\"mainEntityOfPage\":{\"@id\":\"https:\\\/\\\/ppdegalicia.com\\\/es\\\/puy-destaca-que-ningunha-das-leis-do-pleno-de-mana-tivo-voto-en-contra-en-comision\\\/\"},\"wordCount\":683,\"commentCount\":0,\"publisher\":{\"@id\":\"https:\\\/\\\/ppdegalicia.com\\\/es\\\/#organization\"},\"articleSection\":[\"PP de Galicia\"],\"inLanguage\":\"es\",\"potentialAction\":[{\"@type\":\"CommentAction\",\"name\":\"Comment\",\"target\":[\"https:\\\/\\\/ppdegalicia.com\\\/es\\\/puy-destaca-que-ningunha-das-leis-do-pleno-de-mana-tivo-voto-en-contra-en-comision\\\/#respond\"]}]},{\"@type\":\"WebPage\",\"@id\":\"https:\\\/\\\/ppdegalicia.com\\\/es\\\/puy-destaca-que-ningunha-das-leis-do-pleno-de-mana-tivo-voto-en-contra-en-comision\\\/\",\"url\":\"https:\\\/\\\/ppdegalicia.com\\\/es\\\/puy-destaca-que-ningunha-das-leis-do-pleno-de-mana-tivo-voto-en-contra-en-comision\\\/\",\"name\":\"Puy destaca que ningunha das leis do pleno de ma\u00f1\u00e1 tivo voto en contra en comisi\u00f3n - PP de Galicia\",\"isPartOf\":{\"@id\":\"https:\\\/\\\/ppdegalicia.com\\\/es\\\/#website\"},\"datePublished\":\"2016-07-11T15:37:44+00:00\",\"breadcrumb\":{\"@id\":\"https:\\\/\\\/ppdegalicia.com\\\/es\\\/puy-destaca-que-ningunha-das-leis-do-pleno-de-mana-tivo-voto-en-contra-en-comision\\\/#breadcrumb\"},\"inLanguage\":\"es\",\"potentialAction\":[{\"@type\":\"ReadAction\",\"target\":[\"https:\\\/\\\/ppdegalicia.com\\\/es\\\/puy-destaca-que-ningunha-das-leis-do-pleno-de-mana-tivo-voto-en-contra-en-comision\\\/\"]}]},{\"@type\":\"BreadcrumbList\",\"@id\":\"https:\\\/\\\/ppdegalicia.com\\\/es\\\/puy-destaca-que-ningunha-das-leis-do-pleno-de-mana-tivo-voto-en-contra-en-comision\\\/#breadcrumb\",\"itemListElement\":[{\"@type\":\"ListItem\",\"position\":1,\"name\":\"Portada\",\"item\":\"https:\\\/\\\/ppdegalicia.com\\\/es\\\/\"},{\"@type\":\"ListItem\",\"position\":2,\"name\":\"Puy destaca que ningunha das leis do pleno de ma\u00f1\u00e1 tivo voto en contra en comisi\u00f3n\"}]},{\"@type\":\"WebSite\",\"@id\":\"https:\\\/\\\/ppdegalicia.com\\\/es\\\/#website\",\"url\":\"https:\\\/\\\/ppdegalicia.com\\\/es\\\/\",\"name\":\"Partido Popular de Galicia\",\"description\":\"Partido Popular de Galicia\",\"publisher\":{\"@id\":\"https:\\\/\\\/ppdegalicia.com\\\/es\\\/#organization\"},\"alternateName\":\"PP de Galicia\",\"potentialAction\":[{\"@type\":\"SearchAction\",\"target\":{\"@type\":\"EntryPoint\",\"urlTemplate\":\"https:\\\/\\\/ppdegalicia.com\\\/es\\\/?s={search_term_string}\"},\"query-input\":{\"@type\":\"PropertyValueSpecification\",\"valueRequired\":true,\"valueName\":\"search_term_string\"}}],\"inLanguage\":\"es\"},{\"@type\":\"Organization\",\"@id\":\"https:\\\/\\\/ppdegalicia.com\\\/es\\\/#organization\",\"name\":\"Partido Popular de Galicia\",\"alternateName\":\"PP de Galicia\",\"url\":\"https:\\\/\\\/ppdegalicia.com\\\/es\\\/\",\"logo\":{\"@type\":\"ImageObject\",\"inLanguage\":\"es\",\"@id\":\"https:\\\/\\\/ppdegalicia.com\\\/es\\\/#\\\/schema\\\/logo\\\/image\\\/\",\"url\":\"https:\\\/\\\/ppdegalicia.com\\\/wp-content\\\/uploads\\\/2023\\\/04\\\/logoPP512.png\",\"contentUrl\":\"https:\\\/\\\/ppdegalicia.com\\\/wp-content\\\/uploads\\\/2023\\\/04\\\/logoPP512.png\",\"width\":512,\"height\":512,\"caption\":\"Partido Popular de Galicia\"},\"image\":{\"@id\":\"https:\\\/\\\/ppdegalicia.com\\\/es\\\/#\\\/schema\\\/logo\\\/image\\\/\"},\"sameAs\":[\"https:\\\/\\\/www.instagram.com\\\/ppdegalicia\\\/\",\"https:\\\/\\\/x.com\\\/ppdegalicia\",\"https:\\\/\\\/www.tiktok.com\\\/@ppdegalicia\",\"https:\\\/\\\/www.youtube.com\\\/user\\\/ppdegalicia\"]},{\"@type\":\"Person\",\"@id\":\"https:\\\/\\\/ppdegalicia.com\\\/es\\\/#\\\/schema\\\/person\\\/d0f013b8388c980665d44009ab762960\",\"name\":\"Super User\",\"image\":{\"@type\":\"ImageObject\",\"inLanguage\":\"es\",\"@id\":\"https:\\\/\\\/secure.gravatar.com\\\/avatar\\\/1db852625ef4948f58d2739bfbc51e4b9bd5c93b8fa340b59fdb594ca0845645?s=96&d=mm&r=g\",\"url\":\"https:\\\/\\\/secure.gravatar.com\\\/avatar\\\/1db852625ef4948f58d2739bfbc51e4b9bd5c93b8fa340b59fdb594ca0845645?s=96&d=mm&r=g\",\"contentUrl\":\"https:\\\/\\\/secure.gravatar.com\\\/avatar\\\/1db852625ef4948f58d2739bfbc51e4b9bd5c93b8fa340b59fdb594ca0845645?s=96&d=mm&r=g\",\"caption\":\"Super User\"},\"url\":\"https:\\\/\\\/ppdegalicia.com\\\/es\\\/author\\\/ppdegaliciagestion\\\/\"}]}<\/script>\n<!-- \/ Yoast SEO plugin. -->","yoast_head_json":{"title":"Puy destaca que ningunha das leis do pleno de ma\u00f1\u00e1 tivo voto en contra en comisi\u00f3n - PP de Galicia","robots":{"index":"index","follow":"follow","max-snippet":"max-snippet:-1","max-image-preview":"max-image-preview:large","max-video-preview":"max-video-preview:-1"},"canonical":"https:\/\/ppdegalicia.com\/es\/puy-destaca-que-ningunha-das-leis-do-pleno-de-mana-tivo-voto-en-contra-en-comision\/","og_locale":"es_ES","og_type":"article","og_title":"Puy destaca que ningunha das leis do pleno de ma\u00f1\u00e1 tivo voto en contra en comisi\u00f3n - PP de Galicia","og_description":"Esta situaci\u00f3n \u201cdemostra que o PP ofrece estabilidade institucional, ao tempo que di\u00e1logo coa oposici\u00f3n\u201d, asegura o portavoz popular PEDRO PUY DESTACA QUE NINGUNHA DAS LEIS QUE MA\u00d1\u00c1 SE APROBAR\u00c1N NO PLENO TIVO VOTO EN CONTRA NO SEU DEBATE EN COMISI\u00d3N Santiago, 11 de xullo de 2016.- O portavoz do Grupo Popular, Pedro Puy, salientou [&hellip;]","og_url":"https:\/\/ppdegalicia.com\/es\/puy-destaca-que-ningunha-das-leis-do-pleno-de-mana-tivo-voto-en-contra-en-comision\/","og_site_name":"PP de Galicia","article_publisher":"https:\/\/www.instagram.com\/ppdegalicia\/","article_published_time":"2016-07-11T15:37:44+00:00","author":"Super User","twitter_card":"summary_large_image","twitter_creator":"@ppdegalicia","twitter_site":"@ppdegalicia","twitter_misc":{"Escrito por":"Super User","Tiempo de lectura":"3 minutos"},"schema":{"@context":"https:\/\/schema.org","@graph":[{"@type":"Article","@id":"https:\/\/ppdegalicia.com\/es\/puy-destaca-que-ningunha-das-leis-do-pleno-de-mana-tivo-voto-en-contra-en-comision\/#article","isPartOf":{"@id":"https:\/\/ppdegalicia.com\/es\/puy-destaca-que-ningunha-das-leis-do-pleno-de-mana-tivo-voto-en-contra-en-comision\/"},"author":{"name":"Super User","@id":"https:\/\/ppdegalicia.com\/es\/#\/schema\/person\/d0f013b8388c980665d44009ab762960"},"headline":"Puy destaca que ningunha das leis do pleno de ma\u00f1\u00e1 tivo voto en contra en comisi\u00f3n","datePublished":"2016-07-11T15:37:44+00:00","mainEntityOfPage":{"@id":"https:\/\/ppdegalicia.com\/es\/puy-destaca-que-ningunha-das-leis-do-pleno-de-mana-tivo-voto-en-contra-en-comision\/"},"wordCount":683,"commentCount":0,"publisher":{"@id":"https:\/\/ppdegalicia.com\/es\/#organization"},"articleSection":["PP de Galicia"],"inLanguage":"es","potentialAction":[{"@type":"CommentAction","name":"Comment","target":["https:\/\/ppdegalicia.com\/es\/puy-destaca-que-ningunha-das-leis-do-pleno-de-mana-tivo-voto-en-contra-en-comision\/#respond"]}]},{"@type":"WebPage","@id":"https:\/\/ppdegalicia.com\/es\/puy-destaca-que-ningunha-das-leis-do-pleno-de-mana-tivo-voto-en-contra-en-comision\/","url":"https:\/\/ppdegalicia.com\/es\/puy-destaca-que-ningunha-das-leis-do-pleno-de-mana-tivo-voto-en-contra-en-comision\/","name":"Puy destaca que ningunha das leis do pleno de ma\u00f1\u00e1 tivo voto en contra en comisi\u00f3n - PP de Galicia","isPartOf":{"@id":"https:\/\/ppdegalicia.com\/es\/#website"},"datePublished":"2016-07-11T15:37:44+00:00","breadcrumb":{"@id":"https:\/\/ppdegalicia.com\/es\/puy-destaca-que-ningunha-das-leis-do-pleno-de-mana-tivo-voto-en-contra-en-comision\/#breadcrumb"},"inLanguage":"es","potentialAction":[{"@type":"ReadAction","target":["https:\/\/ppdegalicia.com\/es\/puy-destaca-que-ningunha-das-leis-do-pleno-de-mana-tivo-voto-en-contra-en-comision\/"]}]},{"@type":"BreadcrumbList","@id":"https:\/\/ppdegalicia.com\/es\/puy-destaca-que-ningunha-das-leis-do-pleno-de-mana-tivo-voto-en-contra-en-comision\/#breadcrumb","itemListElement":[{"@type":"ListItem","position":1,"name":"Portada","item":"https:\/\/ppdegalicia.com\/es\/"},{"@type":"ListItem","position":2,"name":"Puy destaca que ningunha das leis do pleno de ma\u00f1\u00e1 tivo voto en contra en comisi\u00f3n"}]},{"@type":"WebSite","@id":"https:\/\/ppdegalicia.com\/es\/#website","url":"https:\/\/ppdegalicia.com\/es\/","name":"Partido Popular de Galicia","description":"Partido Popular de Galicia","publisher":{"@id":"https:\/\/ppdegalicia.com\/es\/#organization"},"alternateName":"PP de Galicia","potentialAction":[{"@type":"SearchAction","target":{"@type":"EntryPoint","urlTemplate":"https:\/\/ppdegalicia.com\/es\/?s={search_term_string}"},"query-input":{"@type":"PropertyValueSpecification","valueRequired":true,"valueName":"search_term_string"}}],"inLanguage":"es"},{"@type":"Organization","@id":"https:\/\/ppdegalicia.com\/es\/#organization","name":"Partido Popular de Galicia","alternateName":"PP de Galicia","url":"https:\/\/ppdegalicia.com\/es\/","logo":{"@type":"ImageObject","inLanguage":"es","@id":"https:\/\/ppdegalicia.com\/es\/#\/schema\/logo\/image\/","url":"https:\/\/ppdegalicia.com\/wp-content\/uploads\/2023\/04\/logoPP512.png","contentUrl":"https:\/\/ppdegalicia.com\/wp-content\/uploads\/2023\/04\/logoPP512.png","width":512,"height":512,"caption":"Partido Popular de Galicia"},"image":{"@id":"https:\/\/ppdegalicia.com\/es\/#\/schema\/logo\/image\/"},"sameAs":["https:\/\/www.instagram.com\/ppdegalicia\/","https:\/\/x.com\/ppdegalicia","https:\/\/www.tiktok.com\/@ppdegalicia","https:\/\/www.youtube.com\/user\/ppdegalicia"]},{"@type":"Person","@id":"https:\/\/ppdegalicia.com\/es\/#\/schema\/person\/d0f013b8388c980665d44009ab762960","name":"Super User","image":{"@type":"ImageObject","inLanguage":"es","@id":"https:\/\/secure.gravatar.com\/avatar\/1db852625ef4948f58d2739bfbc51e4b9bd5c93b8fa340b59fdb594ca0845645?s=96&d=mm&r=g","url":"https:\/\/secure.gravatar.com\/avatar\/1db852625ef4948f58d2739bfbc51e4b9bd5c93b8fa340b59fdb594ca0845645?s=96&d=mm&r=g","contentUrl":"https:\/\/secure.gravatar.com\/avatar\/1db852625ef4948f58d2739bfbc51e4b9bd5c93b8fa340b59fdb594ca0845645?s=96&d=mm&r=g","caption":"Super User"},"url":"https:\/\/ppdegalicia.com\/es\/author\/ppdegaliciagestion\/"}]}},"_links":{"self":[{"href":"https:\/\/ppdegalicia.com\/es\/wp-json\/wp\/v2\/posts\/51951","targetHints":{"allow":["GET"]}}],"collection":[{"href":"https:\/\/ppdegalicia.com\/es\/wp-json\/wp\/v2\/posts"}],"about":[{"href":"https:\/\/ppdegalicia.com\/es\/wp-json\/wp\/v2\/types\/post"}],"author":[{"embeddable":true,"href":"https:\/\/ppdegalicia.com\/es\/wp-json\/wp\/v2\/users\/37"}],"replies":[{"embeddable":true,"href":"https:\/\/ppdegalicia.com\/es\/wp-json\/wp\/v2\/comments?post=51951"}],"version-history":[{"count":0,"href":"https:\/\/ppdegalicia.com\/es\/wp-json\/wp\/v2\/posts\/51951\/revisions"}],"wp:attachment":[{"href":"https:\/\/ppdegalicia.com\/es\/wp-json\/wp\/v2\/media?parent=51951"}],"wp:term":[{"taxonomy":"category","embeddable":true,"href":"https:\/\/ppdegalicia.com\/es\/wp-json\/wp\/v2\/categories?post=51951"},{"taxonomy":"post_tag","embeddable":true,"href":"https:\/\/ppdegalicia.com\/es\/wp-json\/wp\/v2\/tags?post=51951"}],"curies":[{"name":"wp","href":"https:\/\/api.w.org\/{rel}","templated":true}]}}