{"id":51975,"date":"2020-02-04T18:45:30","date_gmt":"2020-02-04T16:45:30","guid":{"rendered":"https:\/\/ppdegalicia.com\/o-grupo-popular-salienta-que-o-sergas-xa-finalizou-o-puxo-en-marcha-o-98-8-das-medidas-a-curto-prazo-do-plan-galego-de-atencion-primaria\/"},"modified":"2020-02-04T18:45:30","modified_gmt":"2020-02-04T16:45:30","slug":"o-grupo-popular-salienta-que-o-sergas-xa-finalizou-o-puxo-en-marcha-o-98-8-das-medidas-a-curto-prazo-do-plan-galego-de-atencion-primaria","status":"publish","type":"post","link":"https:\/\/ppdegalicia.com\/es\/o-grupo-popular-salienta-que-o-sergas-xa-finalizou-o-puxo-en-marcha-o-98-8-das-medidas-a-curto-prazo-do-plan-galego-de-atencion-primaria\/","title":{"rendered":"O Grupo Popular salienta que o Sergas xa finalizou o puxo en marcha o 98,8% das medidas a curto prazo do Plan Galego de Atenci\u00f3n Primaria"},"content":{"rendered":"<p>Santiago, 4 de febreiro de 2020.- A deputada do Grupo Popular Encarna Amigo salientou hoxe no Parlamento que \u201co 98,8 por cento das acci\u00f3ns a curto prazo comprometidas polo Servizo Galego de Sa\u00fade dentro do Plan Galego de Atenci\u00f3n Primaria 2019-2021 xa est\u00e1n finalizadas ou en marcha\u201d.<\/p>\n<p><!--more--><\/p>\n<p>\u201cAs cr\u00edticas que fai a oposici\u00f3n \u00e1 sanidade p\u00fablica non son m\u00e1is que unha escusa para tratar de desprestixiar a un goberno que traballa e avanza no benestar das persoas que viven en Galicia\u201d, sinalou.<\/p>\n<p>&nbsp;<\/p>\n<p>&nbsp;<\/p>\n<p>Encarna Amigo incidiu que \u201cos servizos p\u00fablicos son unha clara prioridade, e mostra disto \u00e9 a sanidade galega, \u00e1 que a Xunta dedica na actualidade m\u00e1is do 41 por cento do seu orzamento\u201d. Neste sentido, salientou que o Sergas conta con m\u00e1is de 38.000 traballadores, o que sup\u00f3n 1.544 profesionais m\u00e1is que hai dez anos.<\/p>\n<p>&nbsp;<\/p>\n<p><strong>ANALIZAR E DETECTAR CAMBIOS<\/strong><\/p>\n<p>&nbsp;<\/p>\n<p>\u201cO Sergas foi quen de analizar e detectar que eran precisos cambios na atenci\u00f3n primaria sanitaria que se presta en Galicia e, conxuntamente con expertos, chegou a acordos con sociedades cient\u00edficas, colexios m\u00e9dicos e sindicatos para asinar, finalmente, o Plan Galego de Atenci\u00f3n Primaria 2019-2021\u201d, sinalou.<\/p>\n<p>&nbsp;<\/p>\n<p>As\u00ed mesmo, a deputada popular dixo que a Lei de sa\u00fade, \u201c\u00e1 que os grupos da oposici\u00f3n votaron en contra, representa unha blindaxe para os hospitais comarcais, ao crear os distritos sanitarios permitindo ga\u00f1ar en equidade e proporcionando servizos complexos nestes centros, evitando desprazamentos aos pacientes e achegando a atenci\u00f3n aos seus lugares de residencia\u201d.<\/p>\n<p>&nbsp;<\/p>\n<p>Respecto das listas de espera, Encarna Amigo indicou que a oposici\u00f3n critica \u201cos datos que publica o Goberno galego, pero supo\u00f1o que se fiar\u00e1n dos que ofrece o Ministerio de Sanidade, onde no seu \u00faltimo informe Galicia figura como a cuarta comunidade aut\u00f3noma con mellores datos\u201d.<\/p>\n","protected":false},"excerpt":{"rendered":"<p>Santiago, 4 de febreiro de 2020.- A deputada do Grupo Popular Encarna Amigo salientou hoxe no Parlamento que \u201co 98,8 por cento das acci\u00f3ns a curto prazo comprometidas polo Servizo Galego de Sa\u00fade dentro do Plan Galego de Atenci\u00f3n Primaria 2019-2021 xa est\u00e1n finalizadas ou en marcha\u201d.<\/p>\n","protected":false},"author":37,"featured_media":0,"comment_status":"open","ping_status":"open","sticky":false,"template":"","format":"standard","meta":{"_acf_changed":false,"footnotes":""},"categories":[1],"tags":[],"class_list":["post-51975","post","type-post","status-publish","format-standard","hentry","category-pp-de-galicia"],"acf":[],"yoast_head":"<!-- This site is optimized with the Yoast SEO plugin v27.3 - https:\/\/yoast.com\/product\/yoast-seo-wordpress\/ -->\n<title>O Grupo Popular salienta que o Sergas xa finalizou o puxo en marcha o 98,8% das medidas a curto prazo do Plan Galego de Atenci\u00f3n Primaria - PP de Galicia<\/title>\n<meta name=\"robots\" content=\"index, follow, max-snippet:-1, max-image-preview:large, max-video-preview:-1\" \/>\n<link rel=\"canonical\" href=\"https:\/\/ppdegalicia.com\/es\/o-grupo-popular-salienta-que-o-sergas-xa-finalizou-o-puxo-en-marcha-o-98-8-das-medidas-a-curto-prazo-do-plan-galego-de-atencion-primaria\/\" \/>\n<meta property=\"og:locale\" content=\"es_ES\" \/>\n<meta property=\"og:type\" content=\"article\" \/>\n<meta property=\"og:title\" content=\"O Grupo Popular salienta que o Sergas xa finalizou o puxo en marcha o 98,8% das medidas a curto prazo do Plan Galego de Atenci\u00f3n Primaria - PP de Galicia\" \/>\n<meta property=\"og:description\" content=\"Santiago, 4 de febreiro de 2020.- A deputada do Grupo Popular Encarna Amigo salientou hoxe no Parlamento que \u201co 98,8 por cento das acci\u00f3ns a curto prazo comprometidas polo Servizo Galego de Sa\u00fade dentro do Plan Galego de Atenci\u00f3n Primaria 2019-2021 xa est\u00e1n finalizadas ou en marcha\u201d.\" \/>\n<meta property=\"og:url\" content=\"https:\/\/ppdegalicia.com\/es\/o-grupo-popular-salienta-que-o-sergas-xa-finalizou-o-puxo-en-marcha-o-98-8-das-medidas-a-curto-prazo-do-plan-galego-de-atencion-primaria\/\" \/>\n<meta property=\"og:site_name\" content=\"PP de Galicia\" \/>\n<meta property=\"article:publisher\" content=\"https:\/\/www.instagram.com\/ppdegalicia\/\" \/>\n<meta property=\"article:published_time\" content=\"2020-02-04T16:45:30+00:00\" \/>\n<meta name=\"author\" content=\"Super User\" \/>\n<meta name=\"twitter:card\" content=\"summary_large_image\" \/>\n<meta name=\"twitter:creator\" content=\"@ppdegalicia\" \/>\n<meta name=\"twitter:site\" content=\"@ppdegalicia\" \/>\n<meta name=\"twitter:label1\" content=\"Escrito por\" \/>\n\t<meta name=\"twitter:data1\" content=\"Super User\" \/>\n\t<meta name=\"twitter:label2\" content=\"Tiempo de lectura\" \/>\n\t<meta name=\"twitter:data2\" content=\"2 minutos\" \/>\n<script type=\"application\/ld+json\" class=\"yoast-schema-graph\">{\"@context\":\"https:\\\/\\\/schema.org\",\"@graph\":[{\"@type\":\"Article\",\"@id\":\"https:\\\/\\\/ppdegalicia.com\\\/es\\\/o-grupo-popular-salienta-que-o-sergas-xa-finalizou-o-puxo-en-marcha-o-98-8-das-medidas-a-curto-prazo-do-plan-galego-de-atencion-primaria\\\/#article\",\"isPartOf\":{\"@id\":\"https:\\\/\\\/ppdegalicia.com\\\/es\\\/o-grupo-popular-salienta-que-o-sergas-xa-finalizou-o-puxo-en-marcha-o-98-8-das-medidas-a-curto-prazo-do-plan-galego-de-atencion-primaria\\\/\"},\"author\":{\"name\":\"Super User\",\"@id\":\"https:\\\/\\\/ppdegalicia.com\\\/es\\\/#\\\/schema\\\/person\\\/d0f013b8388c980665d44009ab762960\"},\"headline\":\"O Grupo Popular salienta que o Sergas xa finalizou o puxo en marcha o 98,8% das medidas a curto prazo do Plan Galego de Atenci\u00f3n Primaria\",\"datePublished\":\"2020-02-04T16:45:30+00:00\",\"mainEntityOfPage\":{\"@id\":\"https:\\\/\\\/ppdegalicia.com\\\/es\\\/o-grupo-popular-salienta-que-o-sergas-xa-finalizou-o-puxo-en-marcha-o-98-8-das-medidas-a-curto-prazo-do-plan-galego-de-atencion-primaria\\\/\"},\"wordCount\":336,\"commentCount\":0,\"publisher\":{\"@id\":\"https:\\\/\\\/ppdegalicia.com\\\/es\\\/#organization\"},\"articleSection\":[\"PP de Galicia\"],\"inLanguage\":\"es\",\"potentialAction\":[{\"@type\":\"CommentAction\",\"name\":\"Comment\",\"target\":[\"https:\\\/\\\/ppdegalicia.com\\\/es\\\/o-grupo-popular-salienta-que-o-sergas-xa-finalizou-o-puxo-en-marcha-o-98-8-das-medidas-a-curto-prazo-do-plan-galego-de-atencion-primaria\\\/#respond\"]}]},{\"@type\":\"WebPage\",\"@id\":\"https:\\\/\\\/ppdegalicia.com\\\/es\\\/o-grupo-popular-salienta-que-o-sergas-xa-finalizou-o-puxo-en-marcha-o-98-8-das-medidas-a-curto-prazo-do-plan-galego-de-atencion-primaria\\\/\",\"url\":\"https:\\\/\\\/ppdegalicia.com\\\/es\\\/o-grupo-popular-salienta-que-o-sergas-xa-finalizou-o-puxo-en-marcha-o-98-8-das-medidas-a-curto-prazo-do-plan-galego-de-atencion-primaria\\\/\",\"name\":\"O Grupo Popular salienta que o Sergas xa finalizou o puxo en marcha o 98,8% das medidas a curto prazo do Plan Galego de Atenci\u00f3n Primaria - PP de Galicia\",\"isPartOf\":{\"@id\":\"https:\\\/\\\/ppdegalicia.com\\\/es\\\/#website\"},\"datePublished\":\"2020-02-04T16:45:30+00:00\",\"breadcrumb\":{\"@id\":\"https:\\\/\\\/ppdegalicia.com\\\/es\\\/o-grupo-popular-salienta-que-o-sergas-xa-finalizou-o-puxo-en-marcha-o-98-8-das-medidas-a-curto-prazo-do-plan-galego-de-atencion-primaria\\\/#breadcrumb\"},\"inLanguage\":\"es\",\"potentialAction\":[{\"@type\":\"ReadAction\",\"target\":[\"https:\\\/\\\/ppdegalicia.com\\\/es\\\/o-grupo-popular-salienta-que-o-sergas-xa-finalizou-o-puxo-en-marcha-o-98-8-das-medidas-a-curto-prazo-do-plan-galego-de-atencion-primaria\\\/\"]}]},{\"@type\":\"BreadcrumbList\",\"@id\":\"https:\\\/\\\/ppdegalicia.com\\\/es\\\/o-grupo-popular-salienta-que-o-sergas-xa-finalizou-o-puxo-en-marcha-o-98-8-das-medidas-a-curto-prazo-do-plan-galego-de-atencion-primaria\\\/#breadcrumb\",\"itemListElement\":[{\"@type\":\"ListItem\",\"position\":1,\"name\":\"Portada\",\"item\":\"https:\\\/\\\/ppdegalicia.com\\\/es\\\/\"},{\"@type\":\"ListItem\",\"position\":2,\"name\":\"O Grupo Popular salienta que o Sergas xa finalizou o puxo en marcha o 98,8% das medidas a curto prazo do Plan Galego de Atenci\u00f3n Primaria\"}]},{\"@type\":\"WebSite\",\"@id\":\"https:\\\/\\\/ppdegalicia.com\\\/es\\\/#website\",\"url\":\"https:\\\/\\\/ppdegalicia.com\\\/es\\\/\",\"name\":\"Partido Popular de Galicia\",\"description\":\"Partido Popular de Galicia\",\"publisher\":{\"@id\":\"https:\\\/\\\/ppdegalicia.com\\\/es\\\/#organization\"},\"alternateName\":\"PP de Galicia\",\"potentialAction\":[{\"@type\":\"SearchAction\",\"target\":{\"@type\":\"EntryPoint\",\"urlTemplate\":\"https:\\\/\\\/ppdegalicia.com\\\/es\\\/?s={search_term_string}\"},\"query-input\":{\"@type\":\"PropertyValueSpecification\",\"valueRequired\":true,\"valueName\":\"search_term_string\"}}],\"inLanguage\":\"es\"},{\"@type\":\"Organization\",\"@id\":\"https:\\\/\\\/ppdegalicia.com\\\/es\\\/#organization\",\"name\":\"Partido Popular de Galicia\",\"alternateName\":\"PP de Galicia\",\"url\":\"https:\\\/\\\/ppdegalicia.com\\\/es\\\/\",\"logo\":{\"@type\":\"ImageObject\",\"inLanguage\":\"es\",\"@id\":\"https:\\\/\\\/ppdegalicia.com\\\/es\\\/#\\\/schema\\\/logo\\\/image\\\/\",\"url\":\"https:\\\/\\\/ppdegalicia.com\\\/wp-content\\\/uploads\\\/2023\\\/04\\\/logoPP512.png\",\"contentUrl\":\"https:\\\/\\\/ppdegalicia.com\\\/wp-content\\\/uploads\\\/2023\\\/04\\\/logoPP512.png\",\"width\":512,\"height\":512,\"caption\":\"Partido Popular de Galicia\"},\"image\":{\"@id\":\"https:\\\/\\\/ppdegalicia.com\\\/es\\\/#\\\/schema\\\/logo\\\/image\\\/\"},\"sameAs\":[\"https:\\\/\\\/www.instagram.com\\\/ppdegalicia\\\/\",\"https:\\\/\\\/x.com\\\/ppdegalicia\",\"https:\\\/\\\/www.tiktok.com\\\/@ppdegalicia\",\"https:\\\/\\\/www.youtube.com\\\/user\\\/ppdegalicia\"]},{\"@type\":\"Person\",\"@id\":\"https:\\\/\\\/ppdegalicia.com\\\/es\\\/#\\\/schema\\\/person\\\/d0f013b8388c980665d44009ab762960\",\"name\":\"Super User\",\"image\":{\"@type\":\"ImageObject\",\"inLanguage\":\"es\",\"@id\":\"https:\\\/\\\/secure.gravatar.com\\\/avatar\\\/1db852625ef4948f58d2739bfbc51e4b9bd5c93b8fa340b59fdb594ca0845645?s=96&d=mm&r=g\",\"url\":\"https:\\\/\\\/secure.gravatar.com\\\/avatar\\\/1db852625ef4948f58d2739bfbc51e4b9bd5c93b8fa340b59fdb594ca0845645?s=96&d=mm&r=g\",\"contentUrl\":\"https:\\\/\\\/secure.gravatar.com\\\/avatar\\\/1db852625ef4948f58d2739bfbc51e4b9bd5c93b8fa340b59fdb594ca0845645?s=96&d=mm&r=g\",\"caption\":\"Super User\"},\"url\":\"https:\\\/\\\/ppdegalicia.com\\\/es\\\/author\\\/ppdegaliciagestion\\\/\"}]}<\/script>\n<!-- \/ Yoast SEO plugin. -->","yoast_head_json":{"title":"O Grupo Popular salienta que o Sergas xa finalizou o puxo en marcha o 98,8% das medidas a curto prazo do Plan Galego de Atenci\u00f3n Primaria - PP de Galicia","robots":{"index":"index","follow":"follow","max-snippet":"max-snippet:-1","max-image-preview":"max-image-preview:large","max-video-preview":"max-video-preview:-1"},"canonical":"https:\/\/ppdegalicia.com\/es\/o-grupo-popular-salienta-que-o-sergas-xa-finalizou-o-puxo-en-marcha-o-98-8-das-medidas-a-curto-prazo-do-plan-galego-de-atencion-primaria\/","og_locale":"es_ES","og_type":"article","og_title":"O Grupo Popular salienta que o Sergas xa finalizou o puxo en marcha o 98,8% das medidas a curto prazo do Plan Galego de Atenci\u00f3n Primaria - PP de Galicia","og_description":"Santiago, 4 de febreiro de 2020.- A deputada do Grupo Popular Encarna Amigo salientou hoxe no Parlamento que \u201co 98,8 por cento das acci\u00f3ns a curto prazo comprometidas polo Servizo Galego de Sa\u00fade dentro do Plan Galego de Atenci\u00f3n Primaria 2019-2021 xa est\u00e1n finalizadas ou en marcha\u201d.","og_url":"https:\/\/ppdegalicia.com\/es\/o-grupo-popular-salienta-que-o-sergas-xa-finalizou-o-puxo-en-marcha-o-98-8-das-medidas-a-curto-prazo-do-plan-galego-de-atencion-primaria\/","og_site_name":"PP de Galicia","article_publisher":"https:\/\/www.instagram.com\/ppdegalicia\/","article_published_time":"2020-02-04T16:45:30+00:00","author":"Super User","twitter_card":"summary_large_image","twitter_creator":"@ppdegalicia","twitter_site":"@ppdegalicia","twitter_misc":{"Escrito por":"Super User","Tiempo de lectura":"2 minutos"},"schema":{"@context":"https:\/\/schema.org","@graph":[{"@type":"Article","@id":"https:\/\/ppdegalicia.com\/es\/o-grupo-popular-salienta-que-o-sergas-xa-finalizou-o-puxo-en-marcha-o-98-8-das-medidas-a-curto-prazo-do-plan-galego-de-atencion-primaria\/#article","isPartOf":{"@id":"https:\/\/ppdegalicia.com\/es\/o-grupo-popular-salienta-que-o-sergas-xa-finalizou-o-puxo-en-marcha-o-98-8-das-medidas-a-curto-prazo-do-plan-galego-de-atencion-primaria\/"},"author":{"name":"Super User","@id":"https:\/\/ppdegalicia.com\/es\/#\/schema\/person\/d0f013b8388c980665d44009ab762960"},"headline":"O Grupo Popular salienta que o Sergas xa finalizou o puxo en marcha o 98,8% das medidas a curto prazo do Plan Galego de Atenci\u00f3n Primaria","datePublished":"2020-02-04T16:45:30+00:00","mainEntityOfPage":{"@id":"https:\/\/ppdegalicia.com\/es\/o-grupo-popular-salienta-que-o-sergas-xa-finalizou-o-puxo-en-marcha-o-98-8-das-medidas-a-curto-prazo-do-plan-galego-de-atencion-primaria\/"},"wordCount":336,"commentCount":0,"publisher":{"@id":"https:\/\/ppdegalicia.com\/es\/#organization"},"articleSection":["PP de Galicia"],"inLanguage":"es","potentialAction":[{"@type":"CommentAction","name":"Comment","target":["https:\/\/ppdegalicia.com\/es\/o-grupo-popular-salienta-que-o-sergas-xa-finalizou-o-puxo-en-marcha-o-98-8-das-medidas-a-curto-prazo-do-plan-galego-de-atencion-primaria\/#respond"]}]},{"@type":"WebPage","@id":"https:\/\/ppdegalicia.com\/es\/o-grupo-popular-salienta-que-o-sergas-xa-finalizou-o-puxo-en-marcha-o-98-8-das-medidas-a-curto-prazo-do-plan-galego-de-atencion-primaria\/","url":"https:\/\/ppdegalicia.com\/es\/o-grupo-popular-salienta-que-o-sergas-xa-finalizou-o-puxo-en-marcha-o-98-8-das-medidas-a-curto-prazo-do-plan-galego-de-atencion-primaria\/","name":"O Grupo Popular salienta que o Sergas xa finalizou o puxo en marcha o 98,8% das medidas a curto prazo do Plan Galego de Atenci\u00f3n Primaria - PP de Galicia","isPartOf":{"@id":"https:\/\/ppdegalicia.com\/es\/#website"},"datePublished":"2020-02-04T16:45:30+00:00","breadcrumb":{"@id":"https:\/\/ppdegalicia.com\/es\/o-grupo-popular-salienta-que-o-sergas-xa-finalizou-o-puxo-en-marcha-o-98-8-das-medidas-a-curto-prazo-do-plan-galego-de-atencion-primaria\/#breadcrumb"},"inLanguage":"es","potentialAction":[{"@type":"ReadAction","target":["https:\/\/ppdegalicia.com\/es\/o-grupo-popular-salienta-que-o-sergas-xa-finalizou-o-puxo-en-marcha-o-98-8-das-medidas-a-curto-prazo-do-plan-galego-de-atencion-primaria\/"]}]},{"@type":"BreadcrumbList","@id":"https:\/\/ppdegalicia.com\/es\/o-grupo-popular-salienta-que-o-sergas-xa-finalizou-o-puxo-en-marcha-o-98-8-das-medidas-a-curto-prazo-do-plan-galego-de-atencion-primaria\/#breadcrumb","itemListElement":[{"@type":"ListItem","position":1,"name":"Portada","item":"https:\/\/ppdegalicia.com\/es\/"},{"@type":"ListItem","position":2,"name":"O Grupo Popular salienta que o Sergas xa finalizou o puxo en marcha o 98,8% das medidas a curto prazo do Plan Galego de Atenci\u00f3n Primaria"}]},{"@type":"WebSite","@id":"https:\/\/ppdegalicia.com\/es\/#website","url":"https:\/\/ppdegalicia.com\/es\/","name":"Partido Popular de Galicia","description":"Partido Popular de Galicia","publisher":{"@id":"https:\/\/ppdegalicia.com\/es\/#organization"},"alternateName":"PP de Galicia","potentialAction":[{"@type":"SearchAction","target":{"@type":"EntryPoint","urlTemplate":"https:\/\/ppdegalicia.com\/es\/?s={search_term_string}"},"query-input":{"@type":"PropertyValueSpecification","valueRequired":true,"valueName":"search_term_string"}}],"inLanguage":"es"},{"@type":"Organization","@id":"https:\/\/ppdegalicia.com\/es\/#organization","name":"Partido Popular de Galicia","alternateName":"PP de Galicia","url":"https:\/\/ppdegalicia.com\/es\/","logo":{"@type":"ImageObject","inLanguage":"es","@id":"https:\/\/ppdegalicia.com\/es\/#\/schema\/logo\/image\/","url":"https:\/\/ppdegalicia.com\/wp-content\/uploads\/2023\/04\/logoPP512.png","contentUrl":"https:\/\/ppdegalicia.com\/wp-content\/uploads\/2023\/04\/logoPP512.png","width":512,"height":512,"caption":"Partido Popular de Galicia"},"image":{"@id":"https:\/\/ppdegalicia.com\/es\/#\/schema\/logo\/image\/"},"sameAs":["https:\/\/www.instagram.com\/ppdegalicia\/","https:\/\/x.com\/ppdegalicia","https:\/\/www.tiktok.com\/@ppdegalicia","https:\/\/www.youtube.com\/user\/ppdegalicia"]},{"@type":"Person","@id":"https:\/\/ppdegalicia.com\/es\/#\/schema\/person\/d0f013b8388c980665d44009ab762960","name":"Super User","image":{"@type":"ImageObject","inLanguage":"es","@id":"https:\/\/secure.gravatar.com\/avatar\/1db852625ef4948f58d2739bfbc51e4b9bd5c93b8fa340b59fdb594ca0845645?s=96&d=mm&r=g","url":"https:\/\/secure.gravatar.com\/avatar\/1db852625ef4948f58d2739bfbc51e4b9bd5c93b8fa340b59fdb594ca0845645?s=96&d=mm&r=g","contentUrl":"https:\/\/secure.gravatar.com\/avatar\/1db852625ef4948f58d2739bfbc51e4b9bd5c93b8fa340b59fdb594ca0845645?s=96&d=mm&r=g","caption":"Super User"},"url":"https:\/\/ppdegalicia.com\/es\/author\/ppdegaliciagestion\/"}]}},"_links":{"self":[{"href":"https:\/\/ppdegalicia.com\/es\/wp-json\/wp\/v2\/posts\/51975","targetHints":{"allow":["GET"]}}],"collection":[{"href":"https:\/\/ppdegalicia.com\/es\/wp-json\/wp\/v2\/posts"}],"about":[{"href":"https:\/\/ppdegalicia.com\/es\/wp-json\/wp\/v2\/types\/post"}],"author":[{"embeddable":true,"href":"https:\/\/ppdegalicia.com\/es\/wp-json\/wp\/v2\/users\/37"}],"replies":[{"embeddable":true,"href":"https:\/\/ppdegalicia.com\/es\/wp-json\/wp\/v2\/comments?post=51975"}],"version-history":[{"count":0,"href":"https:\/\/ppdegalicia.com\/es\/wp-json\/wp\/v2\/posts\/51975\/revisions"}],"wp:attachment":[{"href":"https:\/\/ppdegalicia.com\/es\/wp-json\/wp\/v2\/media?parent=51975"}],"wp:term":[{"taxonomy":"category","embeddable":true,"href":"https:\/\/ppdegalicia.com\/es\/wp-json\/wp\/v2\/categories?post=51975"},{"taxonomy":"post_tag","embeddable":true,"href":"https:\/\/ppdegalicia.com\/es\/wp-json\/wp\/v2\/tags?post=51975"}],"curies":[{"name":"wp","href":"https:\/\/api.w.org\/{rel}","templated":true}]}}