{"id":51994,"date":"2020-02-14T12:06:30","date_gmt":"2020-02-14T10:06:30","guid":{"rendered":"https:\/\/ppdegalicia.com\/tellado-en-madrid-hai-constituido-un-multipartito-de-psoe-podemos-e-bng-no-que-ninguen-defende-os-intereses-de-galicia\/"},"modified":"2020-02-14T12:06:30","modified_gmt":"2020-02-14T10:06:30","slug":"tellado-en-madrid-hai-constituido-un-multipartito-de-psoe-podemos-e-bng-no-que-ninguen-defende-os-intereses-de-galicia","status":"publish","type":"post","link":"https:\/\/ppdegalicia.com\/es\/tellado-en-madrid-hai-constituido-un-multipartito-de-psoe-podemos-e-bng-no-que-ninguen-defende-os-intereses-de-galicia\/","title":{"rendered":"Tellado: \u201cEn Madrid hai constitu\u00eddo un multipartito de PSOE, Podemos e BNG no que ningu\u00e9n defende os intereses de Galicia\u201d"},"content":{"rendered":"<p><img fetchpriority=\"high\" decoding=\"async\" class=\" size-full wp-image-51993\" src=\"https:\/\/ppdegalicia.com\/wp-content\/uploads\/2020\/02\/148bf6a78b98601704d4f14fd5fd8d34.jpg\" alt=\"\" width=\"600\" height=\"416\" srcset=\"https:\/\/ppdegalicia.com\/wp-content\/uploads\/2020\/02\/148bf6a78b98601704d4f14fd5fd8d34.jpg 600w, https:\/\/ppdegalicia.com\/wp-content\/uploads\/2020\/02\/148bf6a78b98601704d4f14fd5fd8d34-300x208.jpg 300w\" sizes=\"(max-width: 600px) 100vw, 600px\" \/><\/p>\n<p><span style=\"text-decoration: underline;\">14, febreiro, 2020.<\/span> O secretario xeral do PPdeG, Miguel Tellado, asegurou que en Madrid hai constitu\u00eddo un multipartito de PSOE, Podemos e BNG no que ningu\u00e9n defende os intereses de Galicia. \u201cSe ese \u00e9 o modelo que queren traer \u00e1 Xunta, os galegos xa deben saber o que poden agardar deles\u201d, precisou.<\/p>\n<p><!--more--><\/p>\n<p>\u00a0<\/p>\n<p>Como recordou, esta semana vot\u00e1ronse no Congreso e no Senado d\u00faas iniciativas para reclamar ao Goberno central que pague \u00e1s Comunidades os 2.500 mill\u00f3ns de euros que lle debe polo IVE polo ano 2017, dos que a Galicia lle corresponden m\u00e1is de 200 mill\u00f3ns. Lamentablemente, a iniciativa presentada polo Grupo Popular non contou co apoio das formaci\u00f3ns pol\u00edticas con representaci\u00f3n na C\u00e1mara galega: o PSOE votou en contra, cando en Galicia decidiu absterse; e o BNG e Podemos fixeron o mesmo, malia que votaron a favor desta devoluci\u00f3n na Comunidade. \u00a0<\/p>\n<p>\u00a0<\/p>\n<p>\u201cEste cambio de posici\u00f3n respecto da posici\u00f3n fixada polo Parlamento de xeito case un\u00e1nime e sen votos en contra \u00e9 absolutamente inadmisible\u201d, afirmou mentres reco\u00f1ec\u00eda que contaban con que o PSdeG e os deputados de Podemos Galicia cambiasen de postura con respecto ao IVE e acabasen votando en contra dos intereses da Comunidade. Sen embargo, subli\u00f1ou que o cambio de opini\u00f3n do BNG s\u00f3 se pode entender dentro da s\u00faa estratexia de sempre: aparentar ser combativos, pero acabar aplaudindo todo o que fai o PSOE.<\/p>\n<p>\u00a0<\/p>\n<p><strong><span style=\"text-decoration: underline;\">NON XOGAR COA INDUSTRIA ELECTROINTENSIVA<\/span><\/strong><\/p>\n<p>Por outra banda, referiuse \u00e1 desconformidade que comparten coa Xunta as empresas electrointensivas galegas e os seus traballadores polo Estatuto aprobado polo Goberno central, xa que non soluciona os seus problemas. \u201cGalicia non precisa aprobar un Estatuto sen m\u00e1is, o que precisa son medidas efectivas que solucionen o problema e rebaixen o prezo da electricidade\u201d, engadiu confirmando que os populares est\u00e1n dispostos \u00e1 sa\u00edr \u00e1 r\u00faa para defender aos traballadores da nosa industria electrointensiva.<\/p>\n<p>\u00a0<\/p>\n<p>Segundo reco\u00f1eceu, as medidas que incl\u00fae non logran rebaixar o prezo el\u00e9ctrico ata os 35-40 euros por Megavatio\/hora e, polo tanto, non permiten \u00e1 nosa industria competir en igualdade de condici\u00f3ns co resto de Europa. \u201cNon entendemos por que o Goberno de S\u00e1nchez decide obviar todas as propostas presentadas desde Galicia\u201d, dixo facendo referencia \u00e1 incorporaci\u00f3n da categor\u00eda dos consumidores hiperelectrointensivos, aos descontos nas peaxes de transporte, \u00e1 compensaci\u00f3n do imposto de xeraci\u00f3n e \u00e1 supresi\u00f3n do c\u00e9ntimo verde ao carb\u00f3n.<\/p>\n<p>\u00a0<\/p>\n<p>Ademais, sinalou que o Executivo central tam\u00e9n decidiu incrementar o n\u00famero de posibles empresas beneficiarias de 119 a 600, un aumento que favorece sobre todo a Catalu\u00f1a e o Pa\u00eds Vasco e prexudica \u00e1 industria que consume m\u00e1is electricidade, como \u00e9 o caso de Galicia.<\/p>\n<p>\u00a0<\/p>\n<p>\u201cO Goberno non pode seguir xogando coa industria electrointensiva galega, co presente e o futuro 5.000 familias que dependen dela, e non pode empregar tam\u00e9n a industria para contentar aos seus socios\u201d, manifestou engadindo que S\u00e1nchez debe tomar algunha decisi\u00f3n que busque solucionar os problemas de Galicia e que non s\u00f3 estea pensada para seguir sobrevivindo politicamente.<\/p>\n<p>\u00a0<\/p>\n<p><strong><span style=\"text-decoration: underline;\">UN PARTIDO ACTIVADO, MOBILIZADO E ILUSIONADO<\/span><\/strong><\/p>\n<p>Por \u00faltimo, Tellado falou do acto que os populares desenvolver\u00e1n este s\u00e1bado en Vigo no que celebrar\u00e1n a proclamaci\u00f3n oficial de Alberto N\u00fa\u00f1ez Feij\u00f3o como candidato do PP \u00e1 Xunta de Galicia.<\/p>\n<p>\u00a0<\/p>\n<p>Como apuntou, ser\u00e1 un evento masivo que contar\u00e1 con cerca dun milleiro de persoas e que dar\u00e1 testemu\u00f1o de que o partido est\u00e1 m\u00e1is activado, mobilizado e ilusionado que nunca para conseguir a cuarta maior\u00eda absoluta coa que seguirlle dando a Galicia a estabilidade e o crecemento que merece e que necesita.\u00a0<\/p>\n","protected":false},"excerpt":{"rendered":"<p>14, febreiro, 2020. O secretario xeral do PPdeG, Miguel Tellado, asegurou que en Madrid hai constitu\u00eddo un multipartito de PSOE, Podemos e BNG no que ningu\u00e9n defende os intereses de Galicia. \u201cSe ese \u00e9 o modelo que queren traer \u00e1 Xunta, os galegos xa deben saber o que poden agardar deles\u201d, precisou.<\/p>\n","protected":false},"author":37,"featured_media":51993,"comment_status":"open","ping_status":"open","sticky":false,"template":"","format":"standard","meta":{"_acf_changed":false,"footnotes":""},"categories":[1],"tags":[],"class_list":["post-51994","post","type-post","status-publish","format-standard","has-post-thumbnail","hentry","category-pp-de-galicia"],"acf":[],"yoast_head":"<!-- This site is optimized with the Yoast SEO plugin v27.3 - https:\/\/yoast.com\/product\/yoast-seo-wordpress\/ -->\n<title>Tellado: \u201cEn Madrid hai constitu\u00eddo un multipartito de PSOE, Podemos e BNG no que ningu\u00e9n defende os intereses de Galicia\u201d - PP de Galicia<\/title>\n<meta name=\"robots\" content=\"index, follow, max-snippet:-1, max-image-preview:large, max-video-preview:-1\" \/>\n<link rel=\"canonical\" href=\"https:\/\/ppdegalicia.com\/es\/tellado-en-madrid-hai-constituido-un-multipartito-de-psoe-podemos-e-bng-no-que-ninguen-defende-os-intereses-de-galicia\/\" \/>\n<meta property=\"og:locale\" content=\"es_ES\" \/>\n<meta property=\"og:type\" content=\"article\" \/>\n<meta property=\"og:title\" content=\"Tellado: \u201cEn Madrid hai constitu\u00eddo un multipartito de PSOE, Podemos e BNG no que ningu\u00e9n defende os intereses de Galicia\u201d - PP de Galicia\" \/>\n<meta property=\"og:description\" content=\"14, febreiro, 2020. O secretario xeral do PPdeG, Miguel Tellado, asegurou que en Madrid hai constitu\u00eddo un multipartito de PSOE, Podemos e BNG no que ningu\u00e9n defende os intereses de Galicia. \u201cSe ese \u00e9 o modelo que queren traer \u00e1 Xunta, os galegos xa deben saber o que poden agardar deles\u201d, precisou.\" \/>\n<meta property=\"og:url\" content=\"https:\/\/ppdegalicia.com\/es\/tellado-en-madrid-hai-constituido-un-multipartito-de-psoe-podemos-e-bng-no-que-ninguen-defende-os-intereses-de-galicia\/\" \/>\n<meta property=\"og:site_name\" content=\"PP de Galicia\" \/>\n<meta property=\"article:publisher\" content=\"https:\/\/www.instagram.com\/ppdegalicia\/\" \/>\n<meta property=\"article:published_time\" content=\"2020-02-14T10:06:30+00:00\" \/>\n<meta property=\"og:image\" content=\"https:\/\/ppdegalicia.com\/wp-content\/uploads\/2020\/02\/148bf6a78b98601704d4f14fd5fd8d34.jpg\" \/>\n\t<meta property=\"og:image:width\" content=\"600\" \/>\n\t<meta property=\"og:image:height\" content=\"416\" \/>\n\t<meta property=\"og:image:type\" content=\"image\/jpeg\" \/>\n<meta name=\"author\" content=\"Super User\" \/>\n<meta name=\"twitter:card\" content=\"summary_large_image\" \/>\n<meta name=\"twitter:creator\" content=\"@ppdegalicia\" \/>\n<meta name=\"twitter:site\" content=\"@ppdegalicia\" \/>\n<meta name=\"twitter:label1\" content=\"Escrito por\" \/>\n\t<meta name=\"twitter:data1\" content=\"Super User\" \/>\n\t<meta name=\"twitter:label2\" content=\"Tiempo de lectura\" \/>\n\t<meta name=\"twitter:data2\" content=\"3 minutos\" \/>\n<script type=\"application\/ld+json\" class=\"yoast-schema-graph\">{\"@context\":\"https:\\\/\\\/schema.org\",\"@graph\":[{\"@type\":\"Article\",\"@id\":\"https:\\\/\\\/ppdegalicia.com\\\/es\\\/tellado-en-madrid-hai-constituido-un-multipartito-de-psoe-podemos-e-bng-no-que-ninguen-defende-os-intereses-de-galicia\\\/#article\",\"isPartOf\":{\"@id\":\"https:\\\/\\\/ppdegalicia.com\\\/es\\\/tellado-en-madrid-hai-constituido-un-multipartito-de-psoe-podemos-e-bng-no-que-ninguen-defende-os-intereses-de-galicia\\\/\"},\"author\":{\"name\":\"Super User\",\"@id\":\"https:\\\/\\\/ppdegalicia.com\\\/es\\\/#\\\/schema\\\/person\\\/d0f013b8388c980665d44009ab762960\"},\"headline\":\"Tellado: \u201cEn Madrid hai constitu\u00eddo un multipartito de PSOE, Podemos e BNG no que ningu\u00e9n defende os intereses de Galicia\u201d\",\"datePublished\":\"2020-02-14T10:06:30+00:00\",\"mainEntityOfPage\":{\"@id\":\"https:\\\/\\\/ppdegalicia.com\\\/es\\\/tellado-en-madrid-hai-constituido-un-multipartito-de-psoe-podemos-e-bng-no-que-ninguen-defende-os-intereses-de-galicia\\\/\"},\"wordCount\":634,\"commentCount\":0,\"publisher\":{\"@id\":\"https:\\\/\\\/ppdegalicia.com\\\/es\\\/#organization\"},\"image\":{\"@id\":\"https:\\\/\\\/ppdegalicia.com\\\/es\\\/tellado-en-madrid-hai-constituido-un-multipartito-de-psoe-podemos-e-bng-no-que-ninguen-defende-os-intereses-de-galicia\\\/#primaryimage\"},\"thumbnailUrl\":\"https:\\\/\\\/ppdegalicia.com\\\/wp-content\\\/uploads\\\/2020\\\/02\\\/148bf6a78b98601704d4f14fd5fd8d34.jpg\",\"articleSection\":[\"PP de Galicia\"],\"inLanguage\":\"es\",\"potentialAction\":[{\"@type\":\"CommentAction\",\"name\":\"Comment\",\"target\":[\"https:\\\/\\\/ppdegalicia.com\\\/es\\\/tellado-en-madrid-hai-constituido-un-multipartito-de-psoe-podemos-e-bng-no-que-ninguen-defende-os-intereses-de-galicia\\\/#respond\"]}]},{\"@type\":\"WebPage\",\"@id\":\"https:\\\/\\\/ppdegalicia.com\\\/es\\\/tellado-en-madrid-hai-constituido-un-multipartito-de-psoe-podemos-e-bng-no-que-ninguen-defende-os-intereses-de-galicia\\\/\",\"url\":\"https:\\\/\\\/ppdegalicia.com\\\/es\\\/tellado-en-madrid-hai-constituido-un-multipartito-de-psoe-podemos-e-bng-no-que-ninguen-defende-os-intereses-de-galicia\\\/\",\"name\":\"Tellado: \u201cEn Madrid hai constitu\u00eddo un multipartito de PSOE, Podemos e BNG no que ningu\u00e9n defende os intereses de Galicia\u201d - PP de Galicia\",\"isPartOf\":{\"@id\":\"https:\\\/\\\/ppdegalicia.com\\\/es\\\/#website\"},\"primaryImageOfPage\":{\"@id\":\"https:\\\/\\\/ppdegalicia.com\\\/es\\\/tellado-en-madrid-hai-constituido-un-multipartito-de-psoe-podemos-e-bng-no-que-ninguen-defende-os-intereses-de-galicia\\\/#primaryimage\"},\"image\":{\"@id\":\"https:\\\/\\\/ppdegalicia.com\\\/es\\\/tellado-en-madrid-hai-constituido-un-multipartito-de-psoe-podemos-e-bng-no-que-ninguen-defende-os-intereses-de-galicia\\\/#primaryimage\"},\"thumbnailUrl\":\"https:\\\/\\\/ppdegalicia.com\\\/wp-content\\\/uploads\\\/2020\\\/02\\\/148bf6a78b98601704d4f14fd5fd8d34.jpg\",\"datePublished\":\"2020-02-14T10:06:30+00:00\",\"breadcrumb\":{\"@id\":\"https:\\\/\\\/ppdegalicia.com\\\/es\\\/tellado-en-madrid-hai-constituido-un-multipartito-de-psoe-podemos-e-bng-no-que-ninguen-defende-os-intereses-de-galicia\\\/#breadcrumb\"},\"inLanguage\":\"es\",\"potentialAction\":[{\"@type\":\"ReadAction\",\"target\":[\"https:\\\/\\\/ppdegalicia.com\\\/es\\\/tellado-en-madrid-hai-constituido-un-multipartito-de-psoe-podemos-e-bng-no-que-ninguen-defende-os-intereses-de-galicia\\\/\"]}]},{\"@type\":\"ImageObject\",\"inLanguage\":\"es\",\"@id\":\"https:\\\/\\\/ppdegalicia.com\\\/es\\\/tellado-en-madrid-hai-constituido-un-multipartito-de-psoe-podemos-e-bng-no-que-ninguen-defende-os-intereses-de-galicia\\\/#primaryimage\",\"url\":\"https:\\\/\\\/ppdegalicia.com\\\/wp-content\\\/uploads\\\/2020\\\/02\\\/148bf6a78b98601704d4f14fd5fd8d34.jpg\",\"contentUrl\":\"https:\\\/\\\/ppdegalicia.com\\\/wp-content\\\/uploads\\\/2020\\\/02\\\/148bf6a78b98601704d4f14fd5fd8d34.jpg\",\"width\":600,\"height\":416},{\"@type\":\"BreadcrumbList\",\"@id\":\"https:\\\/\\\/ppdegalicia.com\\\/es\\\/tellado-en-madrid-hai-constituido-un-multipartito-de-psoe-podemos-e-bng-no-que-ninguen-defende-os-intereses-de-galicia\\\/#breadcrumb\",\"itemListElement\":[{\"@type\":\"ListItem\",\"position\":1,\"name\":\"Portada\",\"item\":\"https:\\\/\\\/ppdegalicia.com\\\/es\\\/\"},{\"@type\":\"ListItem\",\"position\":2,\"name\":\"Tellado: \u201cEn Madrid hai constitu\u00eddo un multipartito de PSOE, Podemos e BNG no que ningu\u00e9n defende os intereses de Galicia\u201d\"}]},{\"@type\":\"WebSite\",\"@id\":\"https:\\\/\\\/ppdegalicia.com\\\/es\\\/#website\",\"url\":\"https:\\\/\\\/ppdegalicia.com\\\/es\\\/\",\"name\":\"Partido Popular de Galicia\",\"description\":\"Partido Popular de Galicia\",\"publisher\":{\"@id\":\"https:\\\/\\\/ppdegalicia.com\\\/es\\\/#organization\"},\"alternateName\":\"PP de Galicia\",\"potentialAction\":[{\"@type\":\"SearchAction\",\"target\":{\"@type\":\"EntryPoint\",\"urlTemplate\":\"https:\\\/\\\/ppdegalicia.com\\\/es\\\/?s={search_term_string}\"},\"query-input\":{\"@type\":\"PropertyValueSpecification\",\"valueRequired\":true,\"valueName\":\"search_term_string\"}}],\"inLanguage\":\"es\"},{\"@type\":\"Organization\",\"@id\":\"https:\\\/\\\/ppdegalicia.com\\\/es\\\/#organization\",\"name\":\"Partido Popular de Galicia\",\"alternateName\":\"PP de Galicia\",\"url\":\"https:\\\/\\\/ppdegalicia.com\\\/es\\\/\",\"logo\":{\"@type\":\"ImageObject\",\"inLanguage\":\"es\",\"@id\":\"https:\\\/\\\/ppdegalicia.com\\\/es\\\/#\\\/schema\\\/logo\\\/image\\\/\",\"url\":\"https:\\\/\\\/ppdegalicia.com\\\/wp-content\\\/uploads\\\/2023\\\/04\\\/logoPP512.png\",\"contentUrl\":\"https:\\\/\\\/ppdegalicia.com\\\/wp-content\\\/uploads\\\/2023\\\/04\\\/logoPP512.png\",\"width\":512,\"height\":512,\"caption\":\"Partido Popular de Galicia\"},\"image\":{\"@id\":\"https:\\\/\\\/ppdegalicia.com\\\/es\\\/#\\\/schema\\\/logo\\\/image\\\/\"},\"sameAs\":[\"https:\\\/\\\/www.instagram.com\\\/ppdegalicia\\\/\",\"https:\\\/\\\/x.com\\\/ppdegalicia\",\"https:\\\/\\\/www.tiktok.com\\\/@ppdegalicia\",\"https:\\\/\\\/www.youtube.com\\\/user\\\/ppdegalicia\"]},{\"@type\":\"Person\",\"@id\":\"https:\\\/\\\/ppdegalicia.com\\\/es\\\/#\\\/schema\\\/person\\\/d0f013b8388c980665d44009ab762960\",\"name\":\"Super User\",\"image\":{\"@type\":\"ImageObject\",\"inLanguage\":\"es\",\"@id\":\"https:\\\/\\\/secure.gravatar.com\\\/avatar\\\/1db852625ef4948f58d2739bfbc51e4b9bd5c93b8fa340b59fdb594ca0845645?s=96&d=mm&r=g\",\"url\":\"https:\\\/\\\/secure.gravatar.com\\\/avatar\\\/1db852625ef4948f58d2739bfbc51e4b9bd5c93b8fa340b59fdb594ca0845645?s=96&d=mm&r=g\",\"contentUrl\":\"https:\\\/\\\/secure.gravatar.com\\\/avatar\\\/1db852625ef4948f58d2739bfbc51e4b9bd5c93b8fa340b59fdb594ca0845645?s=96&d=mm&r=g\",\"caption\":\"Super User\"},\"url\":\"https:\\\/\\\/ppdegalicia.com\\\/es\\\/author\\\/ppdegaliciagestion\\\/\"}]}<\/script>\n<!-- \/ Yoast SEO plugin. -->","yoast_head_json":{"title":"Tellado: \u201cEn Madrid hai constitu\u00eddo un multipartito de PSOE, Podemos e BNG no que ningu\u00e9n defende os intereses de Galicia\u201d - PP de Galicia","robots":{"index":"index","follow":"follow","max-snippet":"max-snippet:-1","max-image-preview":"max-image-preview:large","max-video-preview":"max-video-preview:-1"},"canonical":"https:\/\/ppdegalicia.com\/es\/tellado-en-madrid-hai-constituido-un-multipartito-de-psoe-podemos-e-bng-no-que-ninguen-defende-os-intereses-de-galicia\/","og_locale":"es_ES","og_type":"article","og_title":"Tellado: \u201cEn Madrid hai constitu\u00eddo un multipartito de PSOE, Podemos e BNG no que ningu\u00e9n defende os intereses de Galicia\u201d - PP de Galicia","og_description":"14, febreiro, 2020. O secretario xeral do PPdeG, Miguel Tellado, asegurou que en Madrid hai constitu\u00eddo un multipartito de PSOE, Podemos e BNG no que ningu\u00e9n defende os intereses de Galicia. \u201cSe ese \u00e9 o modelo que queren traer \u00e1 Xunta, os galegos xa deben saber o que poden agardar deles\u201d, precisou.","og_url":"https:\/\/ppdegalicia.com\/es\/tellado-en-madrid-hai-constituido-un-multipartito-de-psoe-podemos-e-bng-no-que-ninguen-defende-os-intereses-de-galicia\/","og_site_name":"PP de Galicia","article_publisher":"https:\/\/www.instagram.com\/ppdegalicia\/","article_published_time":"2020-02-14T10:06:30+00:00","og_image":[{"width":600,"height":416,"url":"https:\/\/ppdegalicia.com\/wp-content\/uploads\/2020\/02\/148bf6a78b98601704d4f14fd5fd8d34.jpg","type":"image\/jpeg"}],"author":"Super User","twitter_card":"summary_large_image","twitter_creator":"@ppdegalicia","twitter_site":"@ppdegalicia","twitter_misc":{"Escrito por":"Super User","Tiempo de lectura":"3 minutos"},"schema":{"@context":"https:\/\/schema.org","@graph":[{"@type":"Article","@id":"https:\/\/ppdegalicia.com\/es\/tellado-en-madrid-hai-constituido-un-multipartito-de-psoe-podemos-e-bng-no-que-ninguen-defende-os-intereses-de-galicia\/#article","isPartOf":{"@id":"https:\/\/ppdegalicia.com\/es\/tellado-en-madrid-hai-constituido-un-multipartito-de-psoe-podemos-e-bng-no-que-ninguen-defende-os-intereses-de-galicia\/"},"author":{"name":"Super User","@id":"https:\/\/ppdegalicia.com\/es\/#\/schema\/person\/d0f013b8388c980665d44009ab762960"},"headline":"Tellado: \u201cEn Madrid hai constitu\u00eddo un multipartito de PSOE, Podemos e BNG no que ningu\u00e9n defende os intereses de Galicia\u201d","datePublished":"2020-02-14T10:06:30+00:00","mainEntityOfPage":{"@id":"https:\/\/ppdegalicia.com\/es\/tellado-en-madrid-hai-constituido-un-multipartito-de-psoe-podemos-e-bng-no-que-ninguen-defende-os-intereses-de-galicia\/"},"wordCount":634,"commentCount":0,"publisher":{"@id":"https:\/\/ppdegalicia.com\/es\/#organization"},"image":{"@id":"https:\/\/ppdegalicia.com\/es\/tellado-en-madrid-hai-constituido-un-multipartito-de-psoe-podemos-e-bng-no-que-ninguen-defende-os-intereses-de-galicia\/#primaryimage"},"thumbnailUrl":"https:\/\/ppdegalicia.com\/wp-content\/uploads\/2020\/02\/148bf6a78b98601704d4f14fd5fd8d34.jpg","articleSection":["PP de Galicia"],"inLanguage":"es","potentialAction":[{"@type":"CommentAction","name":"Comment","target":["https:\/\/ppdegalicia.com\/es\/tellado-en-madrid-hai-constituido-un-multipartito-de-psoe-podemos-e-bng-no-que-ninguen-defende-os-intereses-de-galicia\/#respond"]}]},{"@type":"WebPage","@id":"https:\/\/ppdegalicia.com\/es\/tellado-en-madrid-hai-constituido-un-multipartito-de-psoe-podemos-e-bng-no-que-ninguen-defende-os-intereses-de-galicia\/","url":"https:\/\/ppdegalicia.com\/es\/tellado-en-madrid-hai-constituido-un-multipartito-de-psoe-podemos-e-bng-no-que-ninguen-defende-os-intereses-de-galicia\/","name":"Tellado: \u201cEn Madrid hai constitu\u00eddo un multipartito de PSOE, Podemos e BNG no que ningu\u00e9n defende os intereses de Galicia\u201d - PP de Galicia","isPartOf":{"@id":"https:\/\/ppdegalicia.com\/es\/#website"},"primaryImageOfPage":{"@id":"https:\/\/ppdegalicia.com\/es\/tellado-en-madrid-hai-constituido-un-multipartito-de-psoe-podemos-e-bng-no-que-ninguen-defende-os-intereses-de-galicia\/#primaryimage"},"image":{"@id":"https:\/\/ppdegalicia.com\/es\/tellado-en-madrid-hai-constituido-un-multipartito-de-psoe-podemos-e-bng-no-que-ninguen-defende-os-intereses-de-galicia\/#primaryimage"},"thumbnailUrl":"https:\/\/ppdegalicia.com\/wp-content\/uploads\/2020\/02\/148bf6a78b98601704d4f14fd5fd8d34.jpg","datePublished":"2020-02-14T10:06:30+00:00","breadcrumb":{"@id":"https:\/\/ppdegalicia.com\/es\/tellado-en-madrid-hai-constituido-un-multipartito-de-psoe-podemos-e-bng-no-que-ninguen-defende-os-intereses-de-galicia\/#breadcrumb"},"inLanguage":"es","potentialAction":[{"@type":"ReadAction","target":["https:\/\/ppdegalicia.com\/es\/tellado-en-madrid-hai-constituido-un-multipartito-de-psoe-podemos-e-bng-no-que-ninguen-defende-os-intereses-de-galicia\/"]}]},{"@type":"ImageObject","inLanguage":"es","@id":"https:\/\/ppdegalicia.com\/es\/tellado-en-madrid-hai-constituido-un-multipartito-de-psoe-podemos-e-bng-no-que-ninguen-defende-os-intereses-de-galicia\/#primaryimage","url":"https:\/\/ppdegalicia.com\/wp-content\/uploads\/2020\/02\/148bf6a78b98601704d4f14fd5fd8d34.jpg","contentUrl":"https:\/\/ppdegalicia.com\/wp-content\/uploads\/2020\/02\/148bf6a78b98601704d4f14fd5fd8d34.jpg","width":600,"height":416},{"@type":"BreadcrumbList","@id":"https:\/\/ppdegalicia.com\/es\/tellado-en-madrid-hai-constituido-un-multipartito-de-psoe-podemos-e-bng-no-que-ninguen-defende-os-intereses-de-galicia\/#breadcrumb","itemListElement":[{"@type":"ListItem","position":1,"name":"Portada","item":"https:\/\/ppdegalicia.com\/es\/"},{"@type":"ListItem","position":2,"name":"Tellado: \u201cEn Madrid hai constitu\u00eddo un multipartito de PSOE, Podemos e BNG no que ningu\u00e9n defende os intereses de Galicia\u201d"}]},{"@type":"WebSite","@id":"https:\/\/ppdegalicia.com\/es\/#website","url":"https:\/\/ppdegalicia.com\/es\/","name":"Partido Popular de Galicia","description":"Partido Popular de Galicia","publisher":{"@id":"https:\/\/ppdegalicia.com\/es\/#organization"},"alternateName":"PP de Galicia","potentialAction":[{"@type":"SearchAction","target":{"@type":"EntryPoint","urlTemplate":"https:\/\/ppdegalicia.com\/es\/?s={search_term_string}"},"query-input":{"@type":"PropertyValueSpecification","valueRequired":true,"valueName":"search_term_string"}}],"inLanguage":"es"},{"@type":"Organization","@id":"https:\/\/ppdegalicia.com\/es\/#organization","name":"Partido Popular de Galicia","alternateName":"PP de Galicia","url":"https:\/\/ppdegalicia.com\/es\/","logo":{"@type":"ImageObject","inLanguage":"es","@id":"https:\/\/ppdegalicia.com\/es\/#\/schema\/logo\/image\/","url":"https:\/\/ppdegalicia.com\/wp-content\/uploads\/2023\/04\/logoPP512.png","contentUrl":"https:\/\/ppdegalicia.com\/wp-content\/uploads\/2023\/04\/logoPP512.png","width":512,"height":512,"caption":"Partido Popular de Galicia"},"image":{"@id":"https:\/\/ppdegalicia.com\/es\/#\/schema\/logo\/image\/"},"sameAs":["https:\/\/www.instagram.com\/ppdegalicia\/","https:\/\/x.com\/ppdegalicia","https:\/\/www.tiktok.com\/@ppdegalicia","https:\/\/www.youtube.com\/user\/ppdegalicia"]},{"@type":"Person","@id":"https:\/\/ppdegalicia.com\/es\/#\/schema\/person\/d0f013b8388c980665d44009ab762960","name":"Super User","image":{"@type":"ImageObject","inLanguage":"es","@id":"https:\/\/secure.gravatar.com\/avatar\/1db852625ef4948f58d2739bfbc51e4b9bd5c93b8fa340b59fdb594ca0845645?s=96&d=mm&r=g","url":"https:\/\/secure.gravatar.com\/avatar\/1db852625ef4948f58d2739bfbc51e4b9bd5c93b8fa340b59fdb594ca0845645?s=96&d=mm&r=g","contentUrl":"https:\/\/secure.gravatar.com\/avatar\/1db852625ef4948f58d2739bfbc51e4b9bd5c93b8fa340b59fdb594ca0845645?s=96&d=mm&r=g","caption":"Super User"},"url":"https:\/\/ppdegalicia.com\/es\/author\/ppdegaliciagestion\/"}]}},"_links":{"self":[{"href":"https:\/\/ppdegalicia.com\/es\/wp-json\/wp\/v2\/posts\/51994","targetHints":{"allow":["GET"]}}],"collection":[{"href":"https:\/\/ppdegalicia.com\/es\/wp-json\/wp\/v2\/posts"}],"about":[{"href":"https:\/\/ppdegalicia.com\/es\/wp-json\/wp\/v2\/types\/post"}],"author":[{"embeddable":true,"href":"https:\/\/ppdegalicia.com\/es\/wp-json\/wp\/v2\/users\/37"}],"replies":[{"embeddable":true,"href":"https:\/\/ppdegalicia.com\/es\/wp-json\/wp\/v2\/comments?post=51994"}],"version-history":[{"count":0,"href":"https:\/\/ppdegalicia.com\/es\/wp-json\/wp\/v2\/posts\/51994\/revisions"}],"wp:featuredmedia":[{"embeddable":true,"href":"https:\/\/ppdegalicia.com\/es\/wp-json\/wp\/v2\/media\/51993"}],"wp:attachment":[{"href":"https:\/\/ppdegalicia.com\/es\/wp-json\/wp\/v2\/media?parent=51994"}],"wp:term":[{"taxonomy":"category","embeddable":true,"href":"https:\/\/ppdegalicia.com\/es\/wp-json\/wp\/v2\/categories?post=51994"},{"taxonomy":"post_tag","embeddable":true,"href":"https:\/\/ppdegalicia.com\/es\/wp-json\/wp\/v2\/tags?post=51994"}],"curies":[{"name":"wp","href":"https:\/\/api.w.org\/{rel}","templated":true}]}}