{"id":52011,"date":"2020-01-16T12:23:54","date_gmt":"2020-01-16T10:23:54","guid":{"rendered":"https:\/\/ppdegalicia.com\/o-ppdeg-demanda-un-programa-autonomico-para-a-retirada-do-amianto-e-que-o-goberno-de-espana-facilite-o-financiamento-destas-actuacions\/"},"modified":"2020-01-16T12:23:54","modified_gmt":"2020-01-16T10:23:54","slug":"o-ppdeg-demanda-un-programa-autonomico-para-a-retirada-do-amianto-e-que-o-goberno-de-espana-facilite-o-financiamento-destas-actuacions","status":"publish","type":"post","link":"https:\/\/ppdegalicia.com\/es\/o-ppdeg-demanda-un-programa-autonomico-para-a-retirada-do-amianto-e-que-o-goberno-de-espana-facilite-o-financiamento-destas-actuacions\/","title":{"rendered":"O PPdeG demanda un programa auton\u00f3mico para a retirada do amianto e que o Goberno de Espa\u00f1a facilite o financiamento destas actuaci\u00f3ns"},"content":{"rendered":"<p><strong>Santiago, 16 de xaneiro de 2020.-<\/strong> O portavoz de Sanidade do Grupo Popular, Aurelio N\u00fa\u00f1ez Centeno, demandou hoxe no Parlamento que a Xunta elabore un programa auton\u00f3mico para a retirada do amianto, ao tempo que o Goberno de Espa\u00f1a po\u00f1a en marcha un programa nacional para a erradicaci\u00f3n deste material que facilite o financiamento das actuaci\u00f3ns, en consonancia cos obxectivos establecidos pola Uni\u00f3n Europea.<\/p>\n<p><!--more--><\/p>\n<p>&nbsp;<\/p>\n<p>Aurelio N\u00fa\u00f1ez lembrou que en Espa\u00f1a \u201cest\u00e1 prohibida a comercializaci\u00f3n do amianto ou asbesto desde 2002, adiant\u00e1ndose \u00e1s datas fixadas pola Uni\u00f3n Europea e a maior\u00eda dos pa\u00edses da nosa contorna\u201d.<\/p>\n<p>&nbsp;<\/p>\n<p><strong>INCIDENCIA S\u00d3 CANDO \u00c9 INHALADO<\/strong><\/p>\n<p>&nbsp;<\/p>\n<p>As\u00ed mesmo, explicou que \u201ca incidencia de enfermidades relacionadas coa exposici\u00f3n natural ao asbesto que se encontra no aire que respiramos consid\u00e9rase inapreciable, porque s\u00f3 produce danos cando \u00e9 inhalado e non por inxesti\u00f3n ou contacto\u201d.<\/p>\n<p>\u201cHoxe non hai empresas que traballen con amianto, polo que o problema v\u00e9n das demolici\u00f3ns ou renovaci\u00f3ns de edificios ou vivendas nos que se utilizaron materiais que conti\u00f1an amianto, que deben ser realizadas por empresas autorizadas e con persoal adestrado e dotado de todas as medidas de seguridade para evitar problemas de sa\u00fade derivados deses traballos\u201d, apuntou.<\/p>\n<p>O portavoz popular subli\u00f1ou que \u201ca existencia de amianto nun edificio non xera por si s\u00f3 ning\u00fan risco para os traballadores ou veci\u00f1os, xa que mentres non se manipule ou se dane o material non se produce liberaci\u00f3n de fibras\u201d.<\/p>\n<p>Para rematar, N\u00fa\u00f1ez Centeno recordou que a actual ministra de Traballo asumiu como prioridade do seu departamento combater os accidentes ou enfermidades laborais, polo que lamentou que os grupos da oposici\u00f3n non apoiaran esta emenda \u201cpara que o Goberno de Espa\u00f1a po\u00f1a os medios para colaborar na resoluci\u00f3n desta cuesti\u00f3n tan sensible e dificilmente asumible economicamente polas comunidades aut\u00f3nomas\u201d.<\/p>\n","protected":false},"excerpt":{"rendered":"<p>Santiago, 16 de xaneiro de 2020.- O portavoz de Sanidade do Grupo Popular, Aurelio N\u00fa\u00f1ez Centeno, demandou hoxe no Parlamento que a Xunta elabore un programa auton\u00f3mico para a retirada do amianto, ao tempo que o Goberno de Espa\u00f1a po\u00f1a en marcha un programa nacional para a erradicaci\u00f3n deste material que facilite o financiamento das [&hellip;]<\/p>\n","protected":false},"author":37,"featured_media":0,"comment_status":"open","ping_status":"open","sticky":false,"template":"","format":"standard","meta":{"_acf_changed":false,"footnotes":""},"categories":[1],"tags":[],"class_list":["post-52011","post","type-post","status-publish","format-standard","hentry","category-pp-de-galicia"],"acf":[],"yoast_head":"<!-- This site is optimized with the Yoast SEO plugin v27.3 - https:\/\/yoast.com\/product\/yoast-seo-wordpress\/ -->\n<title>O PPdeG demanda un programa auton\u00f3mico para a retirada do amianto e que o Goberno de Espa\u00f1a facilite o financiamento destas actuaci\u00f3ns - PP de Galicia<\/title>\n<meta name=\"robots\" content=\"index, follow, max-snippet:-1, max-image-preview:large, max-video-preview:-1\" \/>\n<link rel=\"canonical\" href=\"https:\/\/ppdegalicia.com\/es\/o-ppdeg-demanda-un-programa-autonomico-para-a-retirada-do-amianto-e-que-o-goberno-de-espana-facilite-o-financiamento-destas-actuacions\/\" \/>\n<meta property=\"og:locale\" content=\"es_ES\" \/>\n<meta property=\"og:type\" content=\"article\" \/>\n<meta property=\"og:title\" content=\"O PPdeG demanda un programa auton\u00f3mico para a retirada do amianto e que o Goberno de Espa\u00f1a facilite o financiamento destas actuaci\u00f3ns - PP de Galicia\" \/>\n<meta property=\"og:description\" content=\"Santiago, 16 de xaneiro de 2020.- O portavoz de Sanidade do Grupo Popular, Aurelio N\u00fa\u00f1ez Centeno, demandou hoxe no Parlamento que a Xunta elabore un programa auton\u00f3mico para a retirada do amianto, ao tempo que o Goberno de Espa\u00f1a po\u00f1a en marcha un programa nacional para a erradicaci\u00f3n deste material que facilite o financiamento das [&hellip;]\" \/>\n<meta property=\"og:url\" content=\"https:\/\/ppdegalicia.com\/es\/o-ppdeg-demanda-un-programa-autonomico-para-a-retirada-do-amianto-e-que-o-goberno-de-espana-facilite-o-financiamento-destas-actuacions\/\" \/>\n<meta property=\"og:site_name\" content=\"PP de Galicia\" \/>\n<meta property=\"article:publisher\" content=\"https:\/\/www.instagram.com\/ppdegalicia\/\" \/>\n<meta property=\"article:published_time\" content=\"2020-01-16T10:23:54+00:00\" \/>\n<meta name=\"author\" content=\"Super User\" \/>\n<meta name=\"twitter:card\" content=\"summary_large_image\" \/>\n<meta name=\"twitter:creator\" content=\"@ppdegalicia\" \/>\n<meta name=\"twitter:site\" content=\"@ppdegalicia\" \/>\n<meta name=\"twitter:label1\" content=\"Escrito por\" \/>\n\t<meta name=\"twitter:data1\" content=\"Super User\" \/>\n\t<meta name=\"twitter:label2\" content=\"Tiempo de lectura\" \/>\n\t<meta name=\"twitter:data2\" content=\"2 minutos\" \/>\n<script type=\"application\/ld+json\" class=\"yoast-schema-graph\">{\"@context\":\"https:\\\/\\\/schema.org\",\"@graph\":[{\"@type\":\"Article\",\"@id\":\"https:\\\/\\\/ppdegalicia.com\\\/es\\\/o-ppdeg-demanda-un-programa-autonomico-para-a-retirada-do-amianto-e-que-o-goberno-de-espana-facilite-o-financiamento-destas-actuacions\\\/#article\",\"isPartOf\":{\"@id\":\"https:\\\/\\\/ppdegalicia.com\\\/es\\\/o-ppdeg-demanda-un-programa-autonomico-para-a-retirada-do-amianto-e-que-o-goberno-de-espana-facilite-o-financiamento-destas-actuacions\\\/\"},\"author\":{\"name\":\"Super User\",\"@id\":\"https:\\\/\\\/ppdegalicia.com\\\/es\\\/#\\\/schema\\\/person\\\/d0f013b8388c980665d44009ab762960\"},\"headline\":\"O PPdeG demanda un programa auton\u00f3mico para a retirada do amianto e que o Goberno de Espa\u00f1a facilite o financiamento destas actuaci\u00f3ns\",\"datePublished\":\"2020-01-16T10:23:54+00:00\",\"mainEntityOfPage\":{\"@id\":\"https:\\\/\\\/ppdegalicia.com\\\/es\\\/o-ppdeg-demanda-un-programa-autonomico-para-a-retirada-do-amianto-e-que-o-goberno-de-espana-facilite-o-financiamento-destas-actuacions\\\/\"},\"wordCount\":349,\"commentCount\":0,\"publisher\":{\"@id\":\"https:\\\/\\\/ppdegalicia.com\\\/es\\\/#organization\"},\"articleSection\":[\"PP de Galicia\"],\"inLanguage\":\"es\",\"potentialAction\":[{\"@type\":\"CommentAction\",\"name\":\"Comment\",\"target\":[\"https:\\\/\\\/ppdegalicia.com\\\/es\\\/o-ppdeg-demanda-un-programa-autonomico-para-a-retirada-do-amianto-e-que-o-goberno-de-espana-facilite-o-financiamento-destas-actuacions\\\/#respond\"]}]},{\"@type\":\"WebPage\",\"@id\":\"https:\\\/\\\/ppdegalicia.com\\\/es\\\/o-ppdeg-demanda-un-programa-autonomico-para-a-retirada-do-amianto-e-que-o-goberno-de-espana-facilite-o-financiamento-destas-actuacions\\\/\",\"url\":\"https:\\\/\\\/ppdegalicia.com\\\/es\\\/o-ppdeg-demanda-un-programa-autonomico-para-a-retirada-do-amianto-e-que-o-goberno-de-espana-facilite-o-financiamento-destas-actuacions\\\/\",\"name\":\"O PPdeG demanda un programa auton\u00f3mico para a retirada do amianto e que o Goberno de Espa\u00f1a facilite o financiamento destas actuaci\u00f3ns - PP de Galicia\",\"isPartOf\":{\"@id\":\"https:\\\/\\\/ppdegalicia.com\\\/es\\\/#website\"},\"datePublished\":\"2020-01-16T10:23:54+00:00\",\"breadcrumb\":{\"@id\":\"https:\\\/\\\/ppdegalicia.com\\\/es\\\/o-ppdeg-demanda-un-programa-autonomico-para-a-retirada-do-amianto-e-que-o-goberno-de-espana-facilite-o-financiamento-destas-actuacions\\\/#breadcrumb\"},\"inLanguage\":\"es\",\"potentialAction\":[{\"@type\":\"ReadAction\",\"target\":[\"https:\\\/\\\/ppdegalicia.com\\\/es\\\/o-ppdeg-demanda-un-programa-autonomico-para-a-retirada-do-amianto-e-que-o-goberno-de-espana-facilite-o-financiamento-destas-actuacions\\\/\"]}]},{\"@type\":\"BreadcrumbList\",\"@id\":\"https:\\\/\\\/ppdegalicia.com\\\/es\\\/o-ppdeg-demanda-un-programa-autonomico-para-a-retirada-do-amianto-e-que-o-goberno-de-espana-facilite-o-financiamento-destas-actuacions\\\/#breadcrumb\",\"itemListElement\":[{\"@type\":\"ListItem\",\"position\":1,\"name\":\"Portada\",\"item\":\"https:\\\/\\\/ppdegalicia.com\\\/es\\\/\"},{\"@type\":\"ListItem\",\"position\":2,\"name\":\"O PPdeG demanda un programa auton\u00f3mico para a retirada do amianto e que o Goberno de Espa\u00f1a facilite o financiamento destas actuaci\u00f3ns\"}]},{\"@type\":\"WebSite\",\"@id\":\"https:\\\/\\\/ppdegalicia.com\\\/es\\\/#website\",\"url\":\"https:\\\/\\\/ppdegalicia.com\\\/es\\\/\",\"name\":\"Partido Popular de Galicia\",\"description\":\"Partido Popular de Galicia\",\"publisher\":{\"@id\":\"https:\\\/\\\/ppdegalicia.com\\\/es\\\/#organization\"},\"alternateName\":\"PP de Galicia\",\"potentialAction\":[{\"@type\":\"SearchAction\",\"target\":{\"@type\":\"EntryPoint\",\"urlTemplate\":\"https:\\\/\\\/ppdegalicia.com\\\/es\\\/?s={search_term_string}\"},\"query-input\":{\"@type\":\"PropertyValueSpecification\",\"valueRequired\":true,\"valueName\":\"search_term_string\"}}],\"inLanguage\":\"es\"},{\"@type\":\"Organization\",\"@id\":\"https:\\\/\\\/ppdegalicia.com\\\/es\\\/#organization\",\"name\":\"Partido Popular de Galicia\",\"alternateName\":\"PP de Galicia\",\"url\":\"https:\\\/\\\/ppdegalicia.com\\\/es\\\/\",\"logo\":{\"@type\":\"ImageObject\",\"inLanguage\":\"es\",\"@id\":\"https:\\\/\\\/ppdegalicia.com\\\/es\\\/#\\\/schema\\\/logo\\\/image\\\/\",\"url\":\"https:\\\/\\\/ppdegalicia.com\\\/wp-content\\\/uploads\\\/2023\\\/04\\\/logoPP512.png\",\"contentUrl\":\"https:\\\/\\\/ppdegalicia.com\\\/wp-content\\\/uploads\\\/2023\\\/04\\\/logoPP512.png\",\"width\":512,\"height\":512,\"caption\":\"Partido Popular de Galicia\"},\"image\":{\"@id\":\"https:\\\/\\\/ppdegalicia.com\\\/es\\\/#\\\/schema\\\/logo\\\/image\\\/\"},\"sameAs\":[\"https:\\\/\\\/www.instagram.com\\\/ppdegalicia\\\/\",\"https:\\\/\\\/x.com\\\/ppdegalicia\",\"https:\\\/\\\/www.tiktok.com\\\/@ppdegalicia\",\"https:\\\/\\\/www.youtube.com\\\/user\\\/ppdegalicia\"]},{\"@type\":\"Person\",\"@id\":\"https:\\\/\\\/ppdegalicia.com\\\/es\\\/#\\\/schema\\\/person\\\/d0f013b8388c980665d44009ab762960\",\"name\":\"Super User\",\"image\":{\"@type\":\"ImageObject\",\"inLanguage\":\"es\",\"@id\":\"https:\\\/\\\/secure.gravatar.com\\\/avatar\\\/1db852625ef4948f58d2739bfbc51e4b9bd5c93b8fa340b59fdb594ca0845645?s=96&d=mm&r=g\",\"url\":\"https:\\\/\\\/secure.gravatar.com\\\/avatar\\\/1db852625ef4948f58d2739bfbc51e4b9bd5c93b8fa340b59fdb594ca0845645?s=96&d=mm&r=g\",\"contentUrl\":\"https:\\\/\\\/secure.gravatar.com\\\/avatar\\\/1db852625ef4948f58d2739bfbc51e4b9bd5c93b8fa340b59fdb594ca0845645?s=96&d=mm&r=g\",\"caption\":\"Super User\"},\"url\":\"https:\\\/\\\/ppdegalicia.com\\\/es\\\/author\\\/ppdegaliciagestion\\\/\"}]}<\/script>\n<!-- \/ Yoast SEO plugin. -->","yoast_head_json":{"title":"O PPdeG demanda un programa auton\u00f3mico para a retirada do amianto e que o Goberno de Espa\u00f1a facilite o financiamento destas actuaci\u00f3ns - PP de Galicia","robots":{"index":"index","follow":"follow","max-snippet":"max-snippet:-1","max-image-preview":"max-image-preview:large","max-video-preview":"max-video-preview:-1"},"canonical":"https:\/\/ppdegalicia.com\/es\/o-ppdeg-demanda-un-programa-autonomico-para-a-retirada-do-amianto-e-que-o-goberno-de-espana-facilite-o-financiamento-destas-actuacions\/","og_locale":"es_ES","og_type":"article","og_title":"O PPdeG demanda un programa auton\u00f3mico para a retirada do amianto e que o Goberno de Espa\u00f1a facilite o financiamento destas actuaci\u00f3ns - PP de Galicia","og_description":"Santiago, 16 de xaneiro de 2020.- O portavoz de Sanidade do Grupo Popular, Aurelio N\u00fa\u00f1ez Centeno, demandou hoxe no Parlamento que a Xunta elabore un programa auton\u00f3mico para a retirada do amianto, ao tempo que o Goberno de Espa\u00f1a po\u00f1a en marcha un programa nacional para a erradicaci\u00f3n deste material que facilite o financiamento das [&hellip;]","og_url":"https:\/\/ppdegalicia.com\/es\/o-ppdeg-demanda-un-programa-autonomico-para-a-retirada-do-amianto-e-que-o-goberno-de-espana-facilite-o-financiamento-destas-actuacions\/","og_site_name":"PP de Galicia","article_publisher":"https:\/\/www.instagram.com\/ppdegalicia\/","article_published_time":"2020-01-16T10:23:54+00:00","author":"Super User","twitter_card":"summary_large_image","twitter_creator":"@ppdegalicia","twitter_site":"@ppdegalicia","twitter_misc":{"Escrito por":"Super User","Tiempo de lectura":"2 minutos"},"schema":{"@context":"https:\/\/schema.org","@graph":[{"@type":"Article","@id":"https:\/\/ppdegalicia.com\/es\/o-ppdeg-demanda-un-programa-autonomico-para-a-retirada-do-amianto-e-que-o-goberno-de-espana-facilite-o-financiamento-destas-actuacions\/#article","isPartOf":{"@id":"https:\/\/ppdegalicia.com\/es\/o-ppdeg-demanda-un-programa-autonomico-para-a-retirada-do-amianto-e-que-o-goberno-de-espana-facilite-o-financiamento-destas-actuacions\/"},"author":{"name":"Super User","@id":"https:\/\/ppdegalicia.com\/es\/#\/schema\/person\/d0f013b8388c980665d44009ab762960"},"headline":"O PPdeG demanda un programa auton\u00f3mico para a retirada do amianto e que o Goberno de Espa\u00f1a facilite o financiamento destas actuaci\u00f3ns","datePublished":"2020-01-16T10:23:54+00:00","mainEntityOfPage":{"@id":"https:\/\/ppdegalicia.com\/es\/o-ppdeg-demanda-un-programa-autonomico-para-a-retirada-do-amianto-e-que-o-goberno-de-espana-facilite-o-financiamento-destas-actuacions\/"},"wordCount":349,"commentCount":0,"publisher":{"@id":"https:\/\/ppdegalicia.com\/es\/#organization"},"articleSection":["PP de Galicia"],"inLanguage":"es","potentialAction":[{"@type":"CommentAction","name":"Comment","target":["https:\/\/ppdegalicia.com\/es\/o-ppdeg-demanda-un-programa-autonomico-para-a-retirada-do-amianto-e-que-o-goberno-de-espana-facilite-o-financiamento-destas-actuacions\/#respond"]}]},{"@type":"WebPage","@id":"https:\/\/ppdegalicia.com\/es\/o-ppdeg-demanda-un-programa-autonomico-para-a-retirada-do-amianto-e-que-o-goberno-de-espana-facilite-o-financiamento-destas-actuacions\/","url":"https:\/\/ppdegalicia.com\/es\/o-ppdeg-demanda-un-programa-autonomico-para-a-retirada-do-amianto-e-que-o-goberno-de-espana-facilite-o-financiamento-destas-actuacions\/","name":"O PPdeG demanda un programa auton\u00f3mico para a retirada do amianto e que o Goberno de Espa\u00f1a facilite o financiamento destas actuaci\u00f3ns - PP de Galicia","isPartOf":{"@id":"https:\/\/ppdegalicia.com\/es\/#website"},"datePublished":"2020-01-16T10:23:54+00:00","breadcrumb":{"@id":"https:\/\/ppdegalicia.com\/es\/o-ppdeg-demanda-un-programa-autonomico-para-a-retirada-do-amianto-e-que-o-goberno-de-espana-facilite-o-financiamento-destas-actuacions\/#breadcrumb"},"inLanguage":"es","potentialAction":[{"@type":"ReadAction","target":["https:\/\/ppdegalicia.com\/es\/o-ppdeg-demanda-un-programa-autonomico-para-a-retirada-do-amianto-e-que-o-goberno-de-espana-facilite-o-financiamento-destas-actuacions\/"]}]},{"@type":"BreadcrumbList","@id":"https:\/\/ppdegalicia.com\/es\/o-ppdeg-demanda-un-programa-autonomico-para-a-retirada-do-amianto-e-que-o-goberno-de-espana-facilite-o-financiamento-destas-actuacions\/#breadcrumb","itemListElement":[{"@type":"ListItem","position":1,"name":"Portada","item":"https:\/\/ppdegalicia.com\/es\/"},{"@type":"ListItem","position":2,"name":"O PPdeG demanda un programa auton\u00f3mico para a retirada do amianto e que o Goberno de Espa\u00f1a facilite o financiamento destas actuaci\u00f3ns"}]},{"@type":"WebSite","@id":"https:\/\/ppdegalicia.com\/es\/#website","url":"https:\/\/ppdegalicia.com\/es\/","name":"Partido Popular de Galicia","description":"Partido Popular de Galicia","publisher":{"@id":"https:\/\/ppdegalicia.com\/es\/#organization"},"alternateName":"PP de Galicia","potentialAction":[{"@type":"SearchAction","target":{"@type":"EntryPoint","urlTemplate":"https:\/\/ppdegalicia.com\/es\/?s={search_term_string}"},"query-input":{"@type":"PropertyValueSpecification","valueRequired":true,"valueName":"search_term_string"}}],"inLanguage":"es"},{"@type":"Organization","@id":"https:\/\/ppdegalicia.com\/es\/#organization","name":"Partido Popular de Galicia","alternateName":"PP de Galicia","url":"https:\/\/ppdegalicia.com\/es\/","logo":{"@type":"ImageObject","inLanguage":"es","@id":"https:\/\/ppdegalicia.com\/es\/#\/schema\/logo\/image\/","url":"https:\/\/ppdegalicia.com\/wp-content\/uploads\/2023\/04\/logoPP512.png","contentUrl":"https:\/\/ppdegalicia.com\/wp-content\/uploads\/2023\/04\/logoPP512.png","width":512,"height":512,"caption":"Partido Popular de Galicia"},"image":{"@id":"https:\/\/ppdegalicia.com\/es\/#\/schema\/logo\/image\/"},"sameAs":["https:\/\/www.instagram.com\/ppdegalicia\/","https:\/\/x.com\/ppdegalicia","https:\/\/www.tiktok.com\/@ppdegalicia","https:\/\/www.youtube.com\/user\/ppdegalicia"]},{"@type":"Person","@id":"https:\/\/ppdegalicia.com\/es\/#\/schema\/person\/d0f013b8388c980665d44009ab762960","name":"Super User","image":{"@type":"ImageObject","inLanguage":"es","@id":"https:\/\/secure.gravatar.com\/avatar\/1db852625ef4948f58d2739bfbc51e4b9bd5c93b8fa340b59fdb594ca0845645?s=96&d=mm&r=g","url":"https:\/\/secure.gravatar.com\/avatar\/1db852625ef4948f58d2739bfbc51e4b9bd5c93b8fa340b59fdb594ca0845645?s=96&d=mm&r=g","contentUrl":"https:\/\/secure.gravatar.com\/avatar\/1db852625ef4948f58d2739bfbc51e4b9bd5c93b8fa340b59fdb594ca0845645?s=96&d=mm&r=g","caption":"Super User"},"url":"https:\/\/ppdegalicia.com\/es\/author\/ppdegaliciagestion\/"}]}},"_links":{"self":[{"href":"https:\/\/ppdegalicia.com\/es\/wp-json\/wp\/v2\/posts\/52011","targetHints":{"allow":["GET"]}}],"collection":[{"href":"https:\/\/ppdegalicia.com\/es\/wp-json\/wp\/v2\/posts"}],"about":[{"href":"https:\/\/ppdegalicia.com\/es\/wp-json\/wp\/v2\/types\/post"}],"author":[{"embeddable":true,"href":"https:\/\/ppdegalicia.com\/es\/wp-json\/wp\/v2\/users\/37"}],"replies":[{"embeddable":true,"href":"https:\/\/ppdegalicia.com\/es\/wp-json\/wp\/v2\/comments?post=52011"}],"version-history":[{"count":0,"href":"https:\/\/ppdegalicia.com\/es\/wp-json\/wp\/v2\/posts\/52011\/revisions"}],"wp:attachment":[{"href":"https:\/\/ppdegalicia.com\/es\/wp-json\/wp\/v2\/media?parent=52011"}],"wp:term":[{"taxonomy":"category","embeddable":true,"href":"https:\/\/ppdegalicia.com\/es\/wp-json\/wp\/v2\/categories?post=52011"},{"taxonomy":"post_tag","embeddable":true,"href":"https:\/\/ppdegalicia.com\/es\/wp-json\/wp\/v2\/tags?post=52011"}],"curies":[{"name":"wp","href":"https:\/\/api.w.org\/{rel}","templated":true}]}}