{"id":52015,"date":"2020-01-17T13:14:13","date_gmt":"2020-01-17T11:14:13","guid":{"rendered":"https:\/\/ppdegalicia.com\/tellado-cre-que-a-ue-acreditou-que-o-goberno-socialista-mentiu-sobre-a-chegada-do-ave-a-comunidade\/"},"modified":"2020-01-17T13:14:13","modified_gmt":"2020-01-17T11:14:13","slug":"tellado-cre-que-a-ue-acreditou-que-o-goberno-socialista-mentiu-sobre-a-chegada-do-ave-a-comunidade","status":"publish","type":"post","link":"https:\/\/ppdegalicia.com\/es\/tellado-cre-que-a-ue-acreditou-que-o-goberno-socialista-mentiu-sobre-a-chegada-do-ave-a-comunidade\/","title":{"rendered":"Tellado cre que a UE acreditou que o Goberno socialista mentiu sobre a chegada do AVE \u00e1 Comunidade"},"content":{"rendered":"<p><span style=\"text-decoration: underline;\">17, xaneiro, 2020.<\/span> O secretario xeral do PPdeG, Miguel Tellado, cre que a Uni\u00f3n Europea acreditou que o Goberno socialista mentiu sobre a chegada do AVE a Galicia, xa que grazas a UE co\u00f1eceuse que hai tramos que non van estar operativos ata 2022 e \u201ccon sorte\u201d. \u201cNin Pedro S\u00e1nchez, nin o ministro de Fomento, nin a presidenta de ADIF, nin o delegado do Goberno en Galicia &nbsp;foron quen de ter a valent\u00eda de dicirlle \u00e1 cara aos galegos a verdade\u00bb, incidiu.<\/p>\n<p><!--more--><\/p>\n<p>&nbsp;<\/p>\n<p>Segundo apuntou, o desprezo co que est\u00e1 tratando o Ministerio de Fomento a Galicia e ao seu tren pode resumirse en tres asuntos: o retraso e falta de transparencia con respecto \u00e1 chegada do AVE, as constantes incidencias na li\u00f1a Ourense-Lugo e a decisi\u00f3n de deixar sen servizo de venda de billetes presencial a oito estaci\u00f3ns ferroviarias da nosa Comunidade.<\/p>\n<p>&nbsp;<\/p>\n<p>No que respecta a incumprir o calendario prometido -o AVE ti\u00f1a que estar funcionando en probas a finais de 2019-, Tellado resaltou que desde o Ministerio de Fomento nunca se quixo dar unha resposta clara e concreta sobre cal \u00e9 a nova data de remate das obras e posta en funcionamento do servizo. Nese senso, manifestou que desde a Xunta e desde o PPdeG o \u00fanico que reclamaron foi claridade \u00e1 hora de saber se o AVE a Galicia \u00eda estar funcionando no Xacobeo 2021: \u201cQuer\u00edamos saber se Galicia poder\u00eda ter en 2021 o mesmo que tivo Sevilla para a s\u00faa Expo \u201892.&nbsp; 29 anos antes\u201d, engadiu.<\/p>\n<p>&nbsp;<\/p>\n<p>\u201cNestes meses os socialistas insult\u00e1ronnos e acus\u00e1ronnos de deslealdade, dixeron que cumprir\u00edan cos prazos dados e acabaron ocultando a realidade. Unha vez m\u00e1is, quedou claro que eles ment\u00edan e desde a Xunta e o Partido Popular dic\u00edamos a verdade\u201d, insistiu o n\u00famero dous do PPdeG.<\/p>\n<p>&nbsp;<\/p>\n<p>Por outra banda, sobre o tren Ourense-Lugo, explicou que o Goberno galego v\u00e9n demandando \u00e1 administraci\u00f3n responsable do transporte ferroviario en Galicia que tome de xeito inmediato medidas que solucionen os actuais problemas detectados e permitan previr novos incidentes. \u201cEntendemos que os cidad\u00e1ns te\u00f1en dereito a ver garantidos uns servizos de transporte ferroviario de calidade e fiables, e por ese motivo resulta imprescindible tanto blindar o seu futuro como asegurar o seu correcto funcionamento no d\u00eda a d\u00eda\u201d, dixo.<\/p>\n<p>&nbsp;<\/p>\n<p>As\u00ed mesmo, recordou que a Xunta xa expresou que est\u00e1 a facer un seguimento dos incidentes -cada vez m\u00e1is regulares- e que lle trasladou a Renfe a necesidade de que realice unha actuaci\u00f3n decidida, que implique un impulso para a revisi\u00f3n do material rodante e a s\u00faa renovaci\u00f3n progresiva.<\/p>\n<p>&nbsp;<\/p>\n<p>Ademais, sobre a decisi\u00f3n de deixar sen servizo de venda de billetes presencial a oito estaci\u00f3ns da Comunidade, amosou a total oposici\u00f3n do PPdeG ante a intenci\u00f3n declarada do Executivo central para que, ao cabo do tempo, a \u00fanica alternativa presencial sexa adquirir o billete a trav\u00e9s de Correos, que lle aplica un suplemento do 5% ao prezo -un novo encarecemento xa que a principios de ano Renfe subiu os prezos nun m\u00ednimo dun 1%, en funci\u00f3n do traxecto-.<\/p>\n<p>&nbsp;<\/p>\n<p>Ante isto, Tellado subli\u00f1ou que o PP presentar\u00e1 moci\u00f3ns en todos os concellos afectados para que o Goberno rectifique esta decisi\u00f3n. \u201cOs galegos merecen uns servizos ferroviarios de calidade \u00e1 altura do s\u00e9culo XXI; un tren de alta velocidade, coma o que outros lugares de Espa\u00f1a levan d\u00e9cadas desfrutando; uns servizos de cercan\u00edas dignos e que non acumulen incidencias; e unha venda de billetes que non se encareza sobre a doutras zonas por decisi\u00f3ns pol\u00edticas\u201d, indicou aclarando que o que non merecemos \u00e9 un Executivo socialista \u201cque trata as s\u00faas infraestruturas b\u00e1sicas con este desprezo\u201d.<\/p>\n<p>&nbsp;<\/p>\n<p><strong><span style=\"text-decoration: underline;\"><\/span><\/strong><\/p>\n<p><strong><span style=\"text-decoration: underline;\">UN EVENTO CRUCIAL<\/span><\/strong><\/p>\n<p>Durante a s\u00faa comparecencia en rolda de prensa, o secretario xeral tam\u00e9n avanzou que o PPdeG celebrar\u00e1 o vindeiro s\u00e1bado 25 de xaneiro unha reuni\u00f3n da s\u00faa Interparlamentaria. Como sinalou, este ser\u00e1 un evento que os populares consideran crucial de cara a \u201ccoordinar a acci\u00f3n pol\u00edtica dos grupos nas catro c\u00e1maras e defender os intereses de Galicia ante un Goberno central que deixou moi claro que os ten nun plano m\u00e1is que secundario\u201d.&nbsp;<\/p>\n<p>&nbsp;<\/p>\n<p><strong><span style=\"text-decoration: underline;\">APOIO \u00c1 INDUSTRIA ELECTROINTENSIVA<\/span><\/strong><\/p>\n<p>Por \u00faltimo, Tellado anunciou que os populares galegos estar\u00e1n presentes na manifestaci\u00f3n da industria electrointensiva que ter\u00e1 lugar en Madrid o vindeiro m\u00e9rcores para apoiar as reivindicaci\u00f3ns dos seus traballadores.<\/p>\n<p>&nbsp;<\/p>\n<p>Neste sentido, afirmou que, xa pasada a \u00e9poca na que o Goberno central estaba en funci\u00f3ns e agora que xa conseguiron o \u00fanico obxectivo polo que traballaban, que era facer a&nbsp; S\u00e1nchez presidente; \u201cxa non hai escusas\u201d para non atender as demandas da industria electrointensiva galega, da que dependen moitos postos de traballo na nosa Comunidade.<\/p>\n","protected":false},"excerpt":{"rendered":"<p>17, xaneiro, 2020. O secretario xeral do PPdeG, Miguel Tellado, cre que a Uni\u00f3n Europea acreditou que o Goberno socialista mentiu sobre a chegada do AVE a Galicia, xa que grazas a UE co\u00f1eceuse que hai tramos que non van estar operativos ata 2022 e \u201ccon sorte\u201d. \u201cNin Pedro S\u00e1nchez, nin o ministro de Fomento, [&hellip;]<\/p>\n","protected":false},"author":37,"featured_media":0,"comment_status":"open","ping_status":"open","sticky":false,"template":"","format":"standard","meta":{"_acf_changed":false,"footnotes":""},"categories":[1],"tags":[],"class_list":["post-52015","post","type-post","status-publish","format-standard","hentry","category-pp-de-galicia"],"acf":[],"yoast_head":"<!-- This site is optimized with the Yoast SEO plugin v27.3 - https:\/\/yoast.com\/product\/yoast-seo-wordpress\/ -->\n<title>Tellado cre que a UE acreditou que o Goberno socialista mentiu sobre a chegada do AVE \u00e1 Comunidade - PP de Galicia<\/title>\n<meta name=\"robots\" content=\"index, follow, max-snippet:-1, max-image-preview:large, max-video-preview:-1\" \/>\n<link rel=\"canonical\" href=\"https:\/\/ppdegalicia.com\/es\/tellado-cre-que-a-ue-acreditou-que-o-goberno-socialista-mentiu-sobre-a-chegada-do-ave-a-comunidade\/\" \/>\n<meta property=\"og:locale\" content=\"es_ES\" \/>\n<meta property=\"og:type\" content=\"article\" \/>\n<meta property=\"og:title\" content=\"Tellado cre que a UE acreditou que o Goberno socialista mentiu sobre a chegada do AVE \u00e1 Comunidade - PP de Galicia\" \/>\n<meta property=\"og:description\" content=\"17, xaneiro, 2020. O secretario xeral do PPdeG, Miguel Tellado, cre que a Uni\u00f3n Europea acreditou que o Goberno socialista mentiu sobre a chegada do AVE a Galicia, xa que grazas a UE co\u00f1eceuse que hai tramos que non van estar operativos ata 2022 e \u201ccon sorte\u201d. \u201cNin Pedro S\u00e1nchez, nin o ministro de Fomento, [&hellip;]\" \/>\n<meta property=\"og:url\" content=\"https:\/\/ppdegalicia.com\/es\/tellado-cre-que-a-ue-acreditou-que-o-goberno-socialista-mentiu-sobre-a-chegada-do-ave-a-comunidade\/\" \/>\n<meta property=\"og:site_name\" content=\"PP de Galicia\" \/>\n<meta property=\"article:publisher\" content=\"https:\/\/www.instagram.com\/ppdegalicia\/\" \/>\n<meta property=\"article:published_time\" content=\"2020-01-17T11:14:13+00:00\" \/>\n<meta name=\"author\" content=\"Super User\" \/>\n<meta name=\"twitter:card\" content=\"summary_large_image\" \/>\n<meta name=\"twitter:creator\" content=\"@ppdegalicia\" \/>\n<meta name=\"twitter:site\" content=\"@ppdegalicia\" \/>\n<meta name=\"twitter:label1\" content=\"Escrito por\" \/>\n\t<meta name=\"twitter:data1\" content=\"Super User\" \/>\n\t<meta name=\"twitter:label2\" content=\"Tiempo de lectura\" \/>\n\t<meta name=\"twitter:data2\" content=\"4 minutos\" \/>\n<script type=\"application\/ld+json\" class=\"yoast-schema-graph\">{\"@context\":\"https:\\\/\\\/schema.org\",\"@graph\":[{\"@type\":\"Article\",\"@id\":\"https:\\\/\\\/ppdegalicia.com\\\/es\\\/tellado-cre-que-a-ue-acreditou-que-o-goberno-socialista-mentiu-sobre-a-chegada-do-ave-a-comunidade\\\/#article\",\"isPartOf\":{\"@id\":\"https:\\\/\\\/ppdegalicia.com\\\/es\\\/tellado-cre-que-a-ue-acreditou-que-o-goberno-socialista-mentiu-sobre-a-chegada-do-ave-a-comunidade\\\/\"},\"author\":{\"name\":\"Super User\",\"@id\":\"https:\\\/\\\/ppdegalicia.com\\\/es\\\/#\\\/schema\\\/person\\\/d0f013b8388c980665d44009ab762960\"},\"headline\":\"Tellado cre que a UE acreditou que o Goberno socialista mentiu sobre a chegada do AVE \u00e1 Comunidade\",\"datePublished\":\"2020-01-17T11:14:13+00:00\",\"mainEntityOfPage\":{\"@id\":\"https:\\\/\\\/ppdegalicia.com\\\/es\\\/tellado-cre-que-a-ue-acreditou-que-o-goberno-socialista-mentiu-sobre-a-chegada-do-ave-a-comunidade\\\/\"},\"wordCount\":837,\"commentCount\":0,\"publisher\":{\"@id\":\"https:\\\/\\\/ppdegalicia.com\\\/es\\\/#organization\"},\"articleSection\":[\"PP de Galicia\"],\"inLanguage\":\"es\",\"potentialAction\":[{\"@type\":\"CommentAction\",\"name\":\"Comment\",\"target\":[\"https:\\\/\\\/ppdegalicia.com\\\/es\\\/tellado-cre-que-a-ue-acreditou-que-o-goberno-socialista-mentiu-sobre-a-chegada-do-ave-a-comunidade\\\/#respond\"]}]},{\"@type\":\"WebPage\",\"@id\":\"https:\\\/\\\/ppdegalicia.com\\\/es\\\/tellado-cre-que-a-ue-acreditou-que-o-goberno-socialista-mentiu-sobre-a-chegada-do-ave-a-comunidade\\\/\",\"url\":\"https:\\\/\\\/ppdegalicia.com\\\/es\\\/tellado-cre-que-a-ue-acreditou-que-o-goberno-socialista-mentiu-sobre-a-chegada-do-ave-a-comunidade\\\/\",\"name\":\"Tellado cre que a UE acreditou que o Goberno socialista mentiu sobre a chegada do AVE \u00e1 Comunidade - PP de Galicia\",\"isPartOf\":{\"@id\":\"https:\\\/\\\/ppdegalicia.com\\\/es\\\/#website\"},\"datePublished\":\"2020-01-17T11:14:13+00:00\",\"breadcrumb\":{\"@id\":\"https:\\\/\\\/ppdegalicia.com\\\/es\\\/tellado-cre-que-a-ue-acreditou-que-o-goberno-socialista-mentiu-sobre-a-chegada-do-ave-a-comunidade\\\/#breadcrumb\"},\"inLanguage\":\"es\",\"potentialAction\":[{\"@type\":\"ReadAction\",\"target\":[\"https:\\\/\\\/ppdegalicia.com\\\/es\\\/tellado-cre-que-a-ue-acreditou-que-o-goberno-socialista-mentiu-sobre-a-chegada-do-ave-a-comunidade\\\/\"]}]},{\"@type\":\"BreadcrumbList\",\"@id\":\"https:\\\/\\\/ppdegalicia.com\\\/es\\\/tellado-cre-que-a-ue-acreditou-que-o-goberno-socialista-mentiu-sobre-a-chegada-do-ave-a-comunidade\\\/#breadcrumb\",\"itemListElement\":[{\"@type\":\"ListItem\",\"position\":1,\"name\":\"Portada\",\"item\":\"https:\\\/\\\/ppdegalicia.com\\\/es\\\/\"},{\"@type\":\"ListItem\",\"position\":2,\"name\":\"Tellado cre que a UE acreditou que o Goberno socialista mentiu sobre a chegada do AVE \u00e1 Comunidade\"}]},{\"@type\":\"WebSite\",\"@id\":\"https:\\\/\\\/ppdegalicia.com\\\/es\\\/#website\",\"url\":\"https:\\\/\\\/ppdegalicia.com\\\/es\\\/\",\"name\":\"Partido Popular de Galicia\",\"description\":\"Partido Popular de Galicia\",\"publisher\":{\"@id\":\"https:\\\/\\\/ppdegalicia.com\\\/es\\\/#organization\"},\"alternateName\":\"PP de Galicia\",\"potentialAction\":[{\"@type\":\"SearchAction\",\"target\":{\"@type\":\"EntryPoint\",\"urlTemplate\":\"https:\\\/\\\/ppdegalicia.com\\\/es\\\/?s={search_term_string}\"},\"query-input\":{\"@type\":\"PropertyValueSpecification\",\"valueRequired\":true,\"valueName\":\"search_term_string\"}}],\"inLanguage\":\"es\"},{\"@type\":\"Organization\",\"@id\":\"https:\\\/\\\/ppdegalicia.com\\\/es\\\/#organization\",\"name\":\"Partido Popular de Galicia\",\"alternateName\":\"PP de Galicia\",\"url\":\"https:\\\/\\\/ppdegalicia.com\\\/es\\\/\",\"logo\":{\"@type\":\"ImageObject\",\"inLanguage\":\"es\",\"@id\":\"https:\\\/\\\/ppdegalicia.com\\\/es\\\/#\\\/schema\\\/logo\\\/image\\\/\",\"url\":\"https:\\\/\\\/ppdegalicia.com\\\/wp-content\\\/uploads\\\/2023\\\/04\\\/logoPP512.png\",\"contentUrl\":\"https:\\\/\\\/ppdegalicia.com\\\/wp-content\\\/uploads\\\/2023\\\/04\\\/logoPP512.png\",\"width\":512,\"height\":512,\"caption\":\"Partido Popular de Galicia\"},\"image\":{\"@id\":\"https:\\\/\\\/ppdegalicia.com\\\/es\\\/#\\\/schema\\\/logo\\\/image\\\/\"},\"sameAs\":[\"https:\\\/\\\/www.instagram.com\\\/ppdegalicia\\\/\",\"https:\\\/\\\/x.com\\\/ppdegalicia\",\"https:\\\/\\\/www.tiktok.com\\\/@ppdegalicia\",\"https:\\\/\\\/www.youtube.com\\\/user\\\/ppdegalicia\"]},{\"@type\":\"Person\",\"@id\":\"https:\\\/\\\/ppdegalicia.com\\\/es\\\/#\\\/schema\\\/person\\\/d0f013b8388c980665d44009ab762960\",\"name\":\"Super User\",\"image\":{\"@type\":\"ImageObject\",\"inLanguage\":\"es\",\"@id\":\"https:\\\/\\\/secure.gravatar.com\\\/avatar\\\/1db852625ef4948f58d2739bfbc51e4b9bd5c93b8fa340b59fdb594ca0845645?s=96&d=mm&r=g\",\"url\":\"https:\\\/\\\/secure.gravatar.com\\\/avatar\\\/1db852625ef4948f58d2739bfbc51e4b9bd5c93b8fa340b59fdb594ca0845645?s=96&d=mm&r=g\",\"contentUrl\":\"https:\\\/\\\/secure.gravatar.com\\\/avatar\\\/1db852625ef4948f58d2739bfbc51e4b9bd5c93b8fa340b59fdb594ca0845645?s=96&d=mm&r=g\",\"caption\":\"Super User\"},\"url\":\"https:\\\/\\\/ppdegalicia.com\\\/es\\\/author\\\/ppdegaliciagestion\\\/\"}]}<\/script>\n<!-- \/ Yoast SEO plugin. -->","yoast_head_json":{"title":"Tellado cre que a UE acreditou que o Goberno socialista mentiu sobre a chegada do AVE \u00e1 Comunidade - PP de Galicia","robots":{"index":"index","follow":"follow","max-snippet":"max-snippet:-1","max-image-preview":"max-image-preview:large","max-video-preview":"max-video-preview:-1"},"canonical":"https:\/\/ppdegalicia.com\/es\/tellado-cre-que-a-ue-acreditou-que-o-goberno-socialista-mentiu-sobre-a-chegada-do-ave-a-comunidade\/","og_locale":"es_ES","og_type":"article","og_title":"Tellado cre que a UE acreditou que o Goberno socialista mentiu sobre a chegada do AVE \u00e1 Comunidade - PP de Galicia","og_description":"17, xaneiro, 2020. O secretario xeral do PPdeG, Miguel Tellado, cre que a Uni\u00f3n Europea acreditou que o Goberno socialista mentiu sobre a chegada do AVE a Galicia, xa que grazas a UE co\u00f1eceuse que hai tramos que non van estar operativos ata 2022 e \u201ccon sorte\u201d. \u201cNin Pedro S\u00e1nchez, nin o ministro de Fomento, [&hellip;]","og_url":"https:\/\/ppdegalicia.com\/es\/tellado-cre-que-a-ue-acreditou-que-o-goberno-socialista-mentiu-sobre-a-chegada-do-ave-a-comunidade\/","og_site_name":"PP de Galicia","article_publisher":"https:\/\/www.instagram.com\/ppdegalicia\/","article_published_time":"2020-01-17T11:14:13+00:00","author":"Super User","twitter_card":"summary_large_image","twitter_creator":"@ppdegalicia","twitter_site":"@ppdegalicia","twitter_misc":{"Escrito por":"Super User","Tiempo de lectura":"4 minutos"},"schema":{"@context":"https:\/\/schema.org","@graph":[{"@type":"Article","@id":"https:\/\/ppdegalicia.com\/es\/tellado-cre-que-a-ue-acreditou-que-o-goberno-socialista-mentiu-sobre-a-chegada-do-ave-a-comunidade\/#article","isPartOf":{"@id":"https:\/\/ppdegalicia.com\/es\/tellado-cre-que-a-ue-acreditou-que-o-goberno-socialista-mentiu-sobre-a-chegada-do-ave-a-comunidade\/"},"author":{"name":"Super User","@id":"https:\/\/ppdegalicia.com\/es\/#\/schema\/person\/d0f013b8388c980665d44009ab762960"},"headline":"Tellado cre que a UE acreditou que o Goberno socialista mentiu sobre a chegada do AVE \u00e1 Comunidade","datePublished":"2020-01-17T11:14:13+00:00","mainEntityOfPage":{"@id":"https:\/\/ppdegalicia.com\/es\/tellado-cre-que-a-ue-acreditou-que-o-goberno-socialista-mentiu-sobre-a-chegada-do-ave-a-comunidade\/"},"wordCount":837,"commentCount":0,"publisher":{"@id":"https:\/\/ppdegalicia.com\/es\/#organization"},"articleSection":["PP de Galicia"],"inLanguage":"es","potentialAction":[{"@type":"CommentAction","name":"Comment","target":["https:\/\/ppdegalicia.com\/es\/tellado-cre-que-a-ue-acreditou-que-o-goberno-socialista-mentiu-sobre-a-chegada-do-ave-a-comunidade\/#respond"]}]},{"@type":"WebPage","@id":"https:\/\/ppdegalicia.com\/es\/tellado-cre-que-a-ue-acreditou-que-o-goberno-socialista-mentiu-sobre-a-chegada-do-ave-a-comunidade\/","url":"https:\/\/ppdegalicia.com\/es\/tellado-cre-que-a-ue-acreditou-que-o-goberno-socialista-mentiu-sobre-a-chegada-do-ave-a-comunidade\/","name":"Tellado cre que a UE acreditou que o Goberno socialista mentiu sobre a chegada do AVE \u00e1 Comunidade - PP de Galicia","isPartOf":{"@id":"https:\/\/ppdegalicia.com\/es\/#website"},"datePublished":"2020-01-17T11:14:13+00:00","breadcrumb":{"@id":"https:\/\/ppdegalicia.com\/es\/tellado-cre-que-a-ue-acreditou-que-o-goberno-socialista-mentiu-sobre-a-chegada-do-ave-a-comunidade\/#breadcrumb"},"inLanguage":"es","potentialAction":[{"@type":"ReadAction","target":["https:\/\/ppdegalicia.com\/es\/tellado-cre-que-a-ue-acreditou-que-o-goberno-socialista-mentiu-sobre-a-chegada-do-ave-a-comunidade\/"]}]},{"@type":"BreadcrumbList","@id":"https:\/\/ppdegalicia.com\/es\/tellado-cre-que-a-ue-acreditou-que-o-goberno-socialista-mentiu-sobre-a-chegada-do-ave-a-comunidade\/#breadcrumb","itemListElement":[{"@type":"ListItem","position":1,"name":"Portada","item":"https:\/\/ppdegalicia.com\/es\/"},{"@type":"ListItem","position":2,"name":"Tellado cre que a UE acreditou que o Goberno socialista mentiu sobre a chegada do AVE \u00e1 Comunidade"}]},{"@type":"WebSite","@id":"https:\/\/ppdegalicia.com\/es\/#website","url":"https:\/\/ppdegalicia.com\/es\/","name":"Partido Popular de Galicia","description":"Partido Popular de Galicia","publisher":{"@id":"https:\/\/ppdegalicia.com\/es\/#organization"},"alternateName":"PP de Galicia","potentialAction":[{"@type":"SearchAction","target":{"@type":"EntryPoint","urlTemplate":"https:\/\/ppdegalicia.com\/es\/?s={search_term_string}"},"query-input":{"@type":"PropertyValueSpecification","valueRequired":true,"valueName":"search_term_string"}}],"inLanguage":"es"},{"@type":"Organization","@id":"https:\/\/ppdegalicia.com\/es\/#organization","name":"Partido Popular de Galicia","alternateName":"PP de Galicia","url":"https:\/\/ppdegalicia.com\/es\/","logo":{"@type":"ImageObject","inLanguage":"es","@id":"https:\/\/ppdegalicia.com\/es\/#\/schema\/logo\/image\/","url":"https:\/\/ppdegalicia.com\/wp-content\/uploads\/2023\/04\/logoPP512.png","contentUrl":"https:\/\/ppdegalicia.com\/wp-content\/uploads\/2023\/04\/logoPP512.png","width":512,"height":512,"caption":"Partido Popular de Galicia"},"image":{"@id":"https:\/\/ppdegalicia.com\/es\/#\/schema\/logo\/image\/"},"sameAs":["https:\/\/www.instagram.com\/ppdegalicia\/","https:\/\/x.com\/ppdegalicia","https:\/\/www.tiktok.com\/@ppdegalicia","https:\/\/www.youtube.com\/user\/ppdegalicia"]},{"@type":"Person","@id":"https:\/\/ppdegalicia.com\/es\/#\/schema\/person\/d0f013b8388c980665d44009ab762960","name":"Super User","image":{"@type":"ImageObject","inLanguage":"es","@id":"https:\/\/secure.gravatar.com\/avatar\/1db852625ef4948f58d2739bfbc51e4b9bd5c93b8fa340b59fdb594ca0845645?s=96&d=mm&r=g","url":"https:\/\/secure.gravatar.com\/avatar\/1db852625ef4948f58d2739bfbc51e4b9bd5c93b8fa340b59fdb594ca0845645?s=96&d=mm&r=g","contentUrl":"https:\/\/secure.gravatar.com\/avatar\/1db852625ef4948f58d2739bfbc51e4b9bd5c93b8fa340b59fdb594ca0845645?s=96&d=mm&r=g","caption":"Super User"},"url":"https:\/\/ppdegalicia.com\/es\/author\/ppdegaliciagestion\/"}]}},"_links":{"self":[{"href":"https:\/\/ppdegalicia.com\/es\/wp-json\/wp\/v2\/posts\/52015","targetHints":{"allow":["GET"]}}],"collection":[{"href":"https:\/\/ppdegalicia.com\/es\/wp-json\/wp\/v2\/posts"}],"about":[{"href":"https:\/\/ppdegalicia.com\/es\/wp-json\/wp\/v2\/types\/post"}],"author":[{"embeddable":true,"href":"https:\/\/ppdegalicia.com\/es\/wp-json\/wp\/v2\/users\/37"}],"replies":[{"embeddable":true,"href":"https:\/\/ppdegalicia.com\/es\/wp-json\/wp\/v2\/comments?post=52015"}],"version-history":[{"count":0,"href":"https:\/\/ppdegalicia.com\/es\/wp-json\/wp\/v2\/posts\/52015\/revisions"}],"wp:attachment":[{"href":"https:\/\/ppdegalicia.com\/es\/wp-json\/wp\/v2\/media?parent=52015"}],"wp:term":[{"taxonomy":"category","embeddable":true,"href":"https:\/\/ppdegalicia.com\/es\/wp-json\/wp\/v2\/categories?post=52015"},{"taxonomy":"post_tag","embeddable":true,"href":"https:\/\/ppdegalicia.com\/es\/wp-json\/wp\/v2\/tags?post=52015"}],"curies":[{"name":"wp","href":"https:\/\/api.w.org\/{rel}","templated":true}]}}