{"id":52016,"date":"2020-01-17T13:30:25","date_gmt":"2020-01-17T11:30:25","guid":{"rendered":"https:\/\/ppdegalicia.com\/o-parlamento-demanda-que-xunta-e-concello-colaboren-para-a-cesion-do-uso-da-loxa-vella-de-camarinas-unha-vez-sexa-solicitado-pola-entidade-local\/"},"modified":"2020-01-17T13:30:25","modified_gmt":"2020-01-17T11:30:25","slug":"o-parlamento-demanda-que-xunta-e-concello-colaboren-para-a-cesion-do-uso-da-loxa-vella-de-camarinas-unha-vez-sexa-solicitado-pola-entidade-local","status":"publish","type":"post","link":"https:\/\/ppdegalicia.com\/es\/o-parlamento-demanda-que-xunta-e-concello-colaboren-para-a-cesion-do-uso-da-loxa-vella-de-camarinas-unha-vez-sexa-solicitado-pola-entidade-local\/","title":{"rendered":"O Parlamento demanda que Xunta e Concello colaboren para a cesi\u00f3n do uso da loxa vella de Camari\u00f1as, unha vez sexa solicitado pola entidade local"},"content":{"rendered":"<p><strong>Santiago, 17 de xaneiro de 2020.-<\/strong> O Parlamento de Galicia aprobou hoxe, logo dunha transacci\u00f3n entre o Grupo Popular e o Grupo Socialista, unha proposici\u00f3n non de lei a trav\u00e9s da que se insta ao Goberno galego a colaborar co Concello de Camari\u00f1as para chegar a unha cesi\u00f3n de uso do edificio da lonxa vella, unha vez que a entidade local faga a solicitude preceptiva.<\/p>\n<p><!--more--><\/p>\n<p>&nbsp;<\/p>\n<p>Fern\u00e1ndez Prado manifestou que \u201ca d\u00eda de hoxe non existe ningunha solicitude por escrito presentada polo Concello de Camari\u00f1as na que se pida a transferencia da titularidade da antiga loxa\u201d. Neste sentido, apuntou que \u201cnon \u00e9 posible transferir a titularidade do edificio xa que se atopa ao final do peirao, actualmente con uso pesqueiro, polo que est\u00e1 inmerso dentro da actividade portuaria e non se da a circunstancia de atoparse integrado no tecido urbano da localidade\u201d.<\/p>\n<p>Por\u00e9n, o deputado popular apuntou que \u201ca alcaldesa de Camari\u00f1as \u00e9 co\u00f1ecedora, logo da reuni\u00f3n que mantivo coa presidenta de Portos de Galicia, da disposici\u00f3n da Xunta de ceder o uso do edificio da antiga lonxa ao Concello, cesi\u00f3n que se far\u00eda a trav\u00e9s dunha concesi\u00f3n logo da solicitude expresa por parte municipal para usos autorizados pola vixente lei portuaria\u201d.<\/p>\n","protected":false},"excerpt":{"rendered":"<p>Santiago, 17 de xaneiro de 2020.- O Parlamento de Galicia aprobou hoxe, logo dunha transacci\u00f3n entre o Grupo Popular e o Grupo Socialista, unha proposici\u00f3n non de lei a trav\u00e9s da que se insta ao Goberno galego a colaborar co Concello de Camari\u00f1as para chegar a unha cesi\u00f3n de uso do edificio da lonxa vella, [&hellip;]<\/p>\n","protected":false},"author":37,"featured_media":0,"comment_status":"open","ping_status":"open","sticky":false,"template":"","format":"standard","meta":{"_acf_changed":false,"footnotes":""},"categories":[1],"tags":[],"class_list":["post-52016","post","type-post","status-publish","format-standard","hentry","category-pp-de-galicia"],"acf":[],"yoast_head":"<!-- This site is optimized with the Yoast SEO plugin v27.3 - https:\/\/yoast.com\/product\/yoast-seo-wordpress\/ -->\n<title>O Parlamento demanda que Xunta e Concello colaboren para a cesi\u00f3n do uso da loxa vella de Camari\u00f1as, unha vez sexa solicitado pola entidade local - PP de Galicia<\/title>\n<meta name=\"robots\" content=\"index, follow, max-snippet:-1, max-image-preview:large, max-video-preview:-1\" \/>\n<link rel=\"canonical\" href=\"https:\/\/ppdegalicia.com\/es\/o-parlamento-demanda-que-xunta-e-concello-colaboren-para-a-cesion-do-uso-da-loxa-vella-de-camarinas-unha-vez-sexa-solicitado-pola-entidade-local\/\" \/>\n<meta property=\"og:locale\" content=\"es_ES\" \/>\n<meta property=\"og:type\" content=\"article\" \/>\n<meta property=\"og:title\" content=\"O Parlamento demanda que Xunta e Concello colaboren para a cesi\u00f3n do uso da loxa vella de Camari\u00f1as, unha vez sexa solicitado pola entidade local - PP de Galicia\" \/>\n<meta property=\"og:description\" content=\"Santiago, 17 de xaneiro de 2020.- O Parlamento de Galicia aprobou hoxe, logo dunha transacci\u00f3n entre o Grupo Popular e o Grupo Socialista, unha proposici\u00f3n non de lei a trav\u00e9s da que se insta ao Goberno galego a colaborar co Concello de Camari\u00f1as para chegar a unha cesi\u00f3n de uso do edificio da lonxa vella, [&hellip;]\" \/>\n<meta property=\"og:url\" content=\"https:\/\/ppdegalicia.com\/es\/o-parlamento-demanda-que-xunta-e-concello-colaboren-para-a-cesion-do-uso-da-loxa-vella-de-camarinas-unha-vez-sexa-solicitado-pola-entidade-local\/\" \/>\n<meta property=\"og:site_name\" content=\"PP de Galicia\" \/>\n<meta property=\"article:publisher\" content=\"https:\/\/www.instagram.com\/ppdegalicia\/\" \/>\n<meta property=\"article:published_time\" content=\"2020-01-17T11:30:25+00:00\" \/>\n<meta name=\"author\" content=\"Super User\" \/>\n<meta name=\"twitter:card\" content=\"summary_large_image\" \/>\n<meta name=\"twitter:creator\" content=\"@ppdegalicia\" \/>\n<meta name=\"twitter:site\" content=\"@ppdegalicia\" \/>\n<meta name=\"twitter:label1\" content=\"Escrito por\" \/>\n\t<meta name=\"twitter:data1\" content=\"Super User\" \/>\n\t<meta name=\"twitter:label2\" content=\"Tiempo de lectura\" \/>\n\t<meta name=\"twitter:data2\" content=\"1 minuto\" \/>\n<script type=\"application\/ld+json\" class=\"yoast-schema-graph\">{\"@context\":\"https:\\\/\\\/schema.org\",\"@graph\":[{\"@type\":\"Article\",\"@id\":\"https:\\\/\\\/ppdegalicia.com\\\/es\\\/o-parlamento-demanda-que-xunta-e-concello-colaboren-para-a-cesion-do-uso-da-loxa-vella-de-camarinas-unha-vez-sexa-solicitado-pola-entidade-local\\\/#article\",\"isPartOf\":{\"@id\":\"https:\\\/\\\/ppdegalicia.com\\\/es\\\/o-parlamento-demanda-que-xunta-e-concello-colaboren-para-a-cesion-do-uso-da-loxa-vella-de-camarinas-unha-vez-sexa-solicitado-pola-entidade-local\\\/\"},\"author\":{\"name\":\"Super User\",\"@id\":\"https:\\\/\\\/ppdegalicia.com\\\/es\\\/#\\\/schema\\\/person\\\/d0f013b8388c980665d44009ab762960\"},\"headline\":\"O Parlamento demanda que Xunta e Concello colaboren para a cesi\u00f3n do uso da loxa vella de Camari\u00f1as, unha vez sexa solicitado pola entidade local\",\"datePublished\":\"2020-01-17T11:30:25+00:00\",\"mainEntityOfPage\":{\"@id\":\"https:\\\/\\\/ppdegalicia.com\\\/es\\\/o-parlamento-demanda-que-xunta-e-concello-colaboren-para-a-cesion-do-uso-da-loxa-vella-de-camarinas-unha-vez-sexa-solicitado-pola-entidade-local\\\/\"},\"wordCount\":243,\"commentCount\":0,\"publisher\":{\"@id\":\"https:\\\/\\\/ppdegalicia.com\\\/es\\\/#organization\"},\"articleSection\":[\"PP de Galicia\"],\"inLanguage\":\"es\",\"potentialAction\":[{\"@type\":\"CommentAction\",\"name\":\"Comment\",\"target\":[\"https:\\\/\\\/ppdegalicia.com\\\/es\\\/o-parlamento-demanda-que-xunta-e-concello-colaboren-para-a-cesion-do-uso-da-loxa-vella-de-camarinas-unha-vez-sexa-solicitado-pola-entidade-local\\\/#respond\"]}]},{\"@type\":\"WebPage\",\"@id\":\"https:\\\/\\\/ppdegalicia.com\\\/es\\\/o-parlamento-demanda-que-xunta-e-concello-colaboren-para-a-cesion-do-uso-da-loxa-vella-de-camarinas-unha-vez-sexa-solicitado-pola-entidade-local\\\/\",\"url\":\"https:\\\/\\\/ppdegalicia.com\\\/es\\\/o-parlamento-demanda-que-xunta-e-concello-colaboren-para-a-cesion-do-uso-da-loxa-vella-de-camarinas-unha-vez-sexa-solicitado-pola-entidade-local\\\/\",\"name\":\"O Parlamento demanda que Xunta e Concello colaboren para a cesi\u00f3n do uso da loxa vella de Camari\u00f1as, unha vez sexa solicitado pola entidade local - PP de Galicia\",\"isPartOf\":{\"@id\":\"https:\\\/\\\/ppdegalicia.com\\\/es\\\/#website\"},\"datePublished\":\"2020-01-17T11:30:25+00:00\",\"breadcrumb\":{\"@id\":\"https:\\\/\\\/ppdegalicia.com\\\/es\\\/o-parlamento-demanda-que-xunta-e-concello-colaboren-para-a-cesion-do-uso-da-loxa-vella-de-camarinas-unha-vez-sexa-solicitado-pola-entidade-local\\\/#breadcrumb\"},\"inLanguage\":\"es\",\"potentialAction\":[{\"@type\":\"ReadAction\",\"target\":[\"https:\\\/\\\/ppdegalicia.com\\\/es\\\/o-parlamento-demanda-que-xunta-e-concello-colaboren-para-a-cesion-do-uso-da-loxa-vella-de-camarinas-unha-vez-sexa-solicitado-pola-entidade-local\\\/\"]}]},{\"@type\":\"BreadcrumbList\",\"@id\":\"https:\\\/\\\/ppdegalicia.com\\\/es\\\/o-parlamento-demanda-que-xunta-e-concello-colaboren-para-a-cesion-do-uso-da-loxa-vella-de-camarinas-unha-vez-sexa-solicitado-pola-entidade-local\\\/#breadcrumb\",\"itemListElement\":[{\"@type\":\"ListItem\",\"position\":1,\"name\":\"Portada\",\"item\":\"https:\\\/\\\/ppdegalicia.com\\\/es\\\/\"},{\"@type\":\"ListItem\",\"position\":2,\"name\":\"O Parlamento demanda que Xunta e Concello colaboren para a cesi\u00f3n do uso da loxa vella de Camari\u00f1as, unha vez sexa solicitado pola entidade local\"}]},{\"@type\":\"WebSite\",\"@id\":\"https:\\\/\\\/ppdegalicia.com\\\/es\\\/#website\",\"url\":\"https:\\\/\\\/ppdegalicia.com\\\/es\\\/\",\"name\":\"Partido Popular de Galicia\",\"description\":\"Partido Popular de Galicia\",\"publisher\":{\"@id\":\"https:\\\/\\\/ppdegalicia.com\\\/es\\\/#organization\"},\"alternateName\":\"PP de Galicia\",\"potentialAction\":[{\"@type\":\"SearchAction\",\"target\":{\"@type\":\"EntryPoint\",\"urlTemplate\":\"https:\\\/\\\/ppdegalicia.com\\\/es\\\/?s={search_term_string}\"},\"query-input\":{\"@type\":\"PropertyValueSpecification\",\"valueRequired\":true,\"valueName\":\"search_term_string\"}}],\"inLanguage\":\"es\"},{\"@type\":\"Organization\",\"@id\":\"https:\\\/\\\/ppdegalicia.com\\\/es\\\/#organization\",\"name\":\"Partido Popular de Galicia\",\"alternateName\":\"PP de Galicia\",\"url\":\"https:\\\/\\\/ppdegalicia.com\\\/es\\\/\",\"logo\":{\"@type\":\"ImageObject\",\"inLanguage\":\"es\",\"@id\":\"https:\\\/\\\/ppdegalicia.com\\\/es\\\/#\\\/schema\\\/logo\\\/image\\\/\",\"url\":\"https:\\\/\\\/ppdegalicia.com\\\/wp-content\\\/uploads\\\/2023\\\/04\\\/logoPP512.png\",\"contentUrl\":\"https:\\\/\\\/ppdegalicia.com\\\/wp-content\\\/uploads\\\/2023\\\/04\\\/logoPP512.png\",\"width\":512,\"height\":512,\"caption\":\"Partido Popular de Galicia\"},\"image\":{\"@id\":\"https:\\\/\\\/ppdegalicia.com\\\/es\\\/#\\\/schema\\\/logo\\\/image\\\/\"},\"sameAs\":[\"https:\\\/\\\/www.instagram.com\\\/ppdegalicia\\\/\",\"https:\\\/\\\/x.com\\\/ppdegalicia\",\"https:\\\/\\\/www.tiktok.com\\\/@ppdegalicia\",\"https:\\\/\\\/www.youtube.com\\\/user\\\/ppdegalicia\"]},{\"@type\":\"Person\",\"@id\":\"https:\\\/\\\/ppdegalicia.com\\\/es\\\/#\\\/schema\\\/person\\\/d0f013b8388c980665d44009ab762960\",\"name\":\"Super User\",\"image\":{\"@type\":\"ImageObject\",\"inLanguage\":\"es\",\"@id\":\"https:\\\/\\\/secure.gravatar.com\\\/avatar\\\/1db852625ef4948f58d2739bfbc51e4b9bd5c93b8fa340b59fdb594ca0845645?s=96&d=mm&r=g\",\"url\":\"https:\\\/\\\/secure.gravatar.com\\\/avatar\\\/1db852625ef4948f58d2739bfbc51e4b9bd5c93b8fa340b59fdb594ca0845645?s=96&d=mm&r=g\",\"contentUrl\":\"https:\\\/\\\/secure.gravatar.com\\\/avatar\\\/1db852625ef4948f58d2739bfbc51e4b9bd5c93b8fa340b59fdb594ca0845645?s=96&d=mm&r=g\",\"caption\":\"Super User\"},\"url\":\"https:\\\/\\\/ppdegalicia.com\\\/es\\\/author\\\/ppdegaliciagestion\\\/\"}]}<\/script>\n<!-- \/ Yoast SEO plugin. -->","yoast_head_json":{"title":"O Parlamento demanda que Xunta e Concello colaboren para a cesi\u00f3n do uso da loxa vella de Camari\u00f1as, unha vez sexa solicitado pola entidade local - PP de Galicia","robots":{"index":"index","follow":"follow","max-snippet":"max-snippet:-1","max-image-preview":"max-image-preview:large","max-video-preview":"max-video-preview:-1"},"canonical":"https:\/\/ppdegalicia.com\/es\/o-parlamento-demanda-que-xunta-e-concello-colaboren-para-a-cesion-do-uso-da-loxa-vella-de-camarinas-unha-vez-sexa-solicitado-pola-entidade-local\/","og_locale":"es_ES","og_type":"article","og_title":"O Parlamento demanda que Xunta e Concello colaboren para a cesi\u00f3n do uso da loxa vella de Camari\u00f1as, unha vez sexa solicitado pola entidade local - PP de Galicia","og_description":"Santiago, 17 de xaneiro de 2020.- O Parlamento de Galicia aprobou hoxe, logo dunha transacci\u00f3n entre o Grupo Popular e o Grupo Socialista, unha proposici\u00f3n non de lei a trav\u00e9s da que se insta ao Goberno galego a colaborar co Concello de Camari\u00f1as para chegar a unha cesi\u00f3n de uso do edificio da lonxa vella, [&hellip;]","og_url":"https:\/\/ppdegalicia.com\/es\/o-parlamento-demanda-que-xunta-e-concello-colaboren-para-a-cesion-do-uso-da-loxa-vella-de-camarinas-unha-vez-sexa-solicitado-pola-entidade-local\/","og_site_name":"PP de Galicia","article_publisher":"https:\/\/www.instagram.com\/ppdegalicia\/","article_published_time":"2020-01-17T11:30:25+00:00","author":"Super User","twitter_card":"summary_large_image","twitter_creator":"@ppdegalicia","twitter_site":"@ppdegalicia","twitter_misc":{"Escrito por":"Super User","Tiempo de lectura":"1 minuto"},"schema":{"@context":"https:\/\/schema.org","@graph":[{"@type":"Article","@id":"https:\/\/ppdegalicia.com\/es\/o-parlamento-demanda-que-xunta-e-concello-colaboren-para-a-cesion-do-uso-da-loxa-vella-de-camarinas-unha-vez-sexa-solicitado-pola-entidade-local\/#article","isPartOf":{"@id":"https:\/\/ppdegalicia.com\/es\/o-parlamento-demanda-que-xunta-e-concello-colaboren-para-a-cesion-do-uso-da-loxa-vella-de-camarinas-unha-vez-sexa-solicitado-pola-entidade-local\/"},"author":{"name":"Super User","@id":"https:\/\/ppdegalicia.com\/es\/#\/schema\/person\/d0f013b8388c980665d44009ab762960"},"headline":"O Parlamento demanda que Xunta e Concello colaboren para a cesi\u00f3n do uso da loxa vella de Camari\u00f1as, unha vez sexa solicitado pola entidade local","datePublished":"2020-01-17T11:30:25+00:00","mainEntityOfPage":{"@id":"https:\/\/ppdegalicia.com\/es\/o-parlamento-demanda-que-xunta-e-concello-colaboren-para-a-cesion-do-uso-da-loxa-vella-de-camarinas-unha-vez-sexa-solicitado-pola-entidade-local\/"},"wordCount":243,"commentCount":0,"publisher":{"@id":"https:\/\/ppdegalicia.com\/es\/#organization"},"articleSection":["PP de Galicia"],"inLanguage":"es","potentialAction":[{"@type":"CommentAction","name":"Comment","target":["https:\/\/ppdegalicia.com\/es\/o-parlamento-demanda-que-xunta-e-concello-colaboren-para-a-cesion-do-uso-da-loxa-vella-de-camarinas-unha-vez-sexa-solicitado-pola-entidade-local\/#respond"]}]},{"@type":"WebPage","@id":"https:\/\/ppdegalicia.com\/es\/o-parlamento-demanda-que-xunta-e-concello-colaboren-para-a-cesion-do-uso-da-loxa-vella-de-camarinas-unha-vez-sexa-solicitado-pola-entidade-local\/","url":"https:\/\/ppdegalicia.com\/es\/o-parlamento-demanda-que-xunta-e-concello-colaboren-para-a-cesion-do-uso-da-loxa-vella-de-camarinas-unha-vez-sexa-solicitado-pola-entidade-local\/","name":"O Parlamento demanda que Xunta e Concello colaboren para a cesi\u00f3n do uso da loxa vella de Camari\u00f1as, unha vez sexa solicitado pola entidade local - PP de Galicia","isPartOf":{"@id":"https:\/\/ppdegalicia.com\/es\/#website"},"datePublished":"2020-01-17T11:30:25+00:00","breadcrumb":{"@id":"https:\/\/ppdegalicia.com\/es\/o-parlamento-demanda-que-xunta-e-concello-colaboren-para-a-cesion-do-uso-da-loxa-vella-de-camarinas-unha-vez-sexa-solicitado-pola-entidade-local\/#breadcrumb"},"inLanguage":"es","potentialAction":[{"@type":"ReadAction","target":["https:\/\/ppdegalicia.com\/es\/o-parlamento-demanda-que-xunta-e-concello-colaboren-para-a-cesion-do-uso-da-loxa-vella-de-camarinas-unha-vez-sexa-solicitado-pola-entidade-local\/"]}]},{"@type":"BreadcrumbList","@id":"https:\/\/ppdegalicia.com\/es\/o-parlamento-demanda-que-xunta-e-concello-colaboren-para-a-cesion-do-uso-da-loxa-vella-de-camarinas-unha-vez-sexa-solicitado-pola-entidade-local\/#breadcrumb","itemListElement":[{"@type":"ListItem","position":1,"name":"Portada","item":"https:\/\/ppdegalicia.com\/es\/"},{"@type":"ListItem","position":2,"name":"O Parlamento demanda que Xunta e Concello colaboren para a cesi\u00f3n do uso da loxa vella de Camari\u00f1as, unha vez sexa solicitado pola entidade local"}]},{"@type":"WebSite","@id":"https:\/\/ppdegalicia.com\/es\/#website","url":"https:\/\/ppdegalicia.com\/es\/","name":"Partido Popular de Galicia","description":"Partido Popular de Galicia","publisher":{"@id":"https:\/\/ppdegalicia.com\/es\/#organization"},"alternateName":"PP de Galicia","potentialAction":[{"@type":"SearchAction","target":{"@type":"EntryPoint","urlTemplate":"https:\/\/ppdegalicia.com\/es\/?s={search_term_string}"},"query-input":{"@type":"PropertyValueSpecification","valueRequired":true,"valueName":"search_term_string"}}],"inLanguage":"es"},{"@type":"Organization","@id":"https:\/\/ppdegalicia.com\/es\/#organization","name":"Partido Popular de Galicia","alternateName":"PP de Galicia","url":"https:\/\/ppdegalicia.com\/es\/","logo":{"@type":"ImageObject","inLanguage":"es","@id":"https:\/\/ppdegalicia.com\/es\/#\/schema\/logo\/image\/","url":"https:\/\/ppdegalicia.com\/wp-content\/uploads\/2023\/04\/logoPP512.png","contentUrl":"https:\/\/ppdegalicia.com\/wp-content\/uploads\/2023\/04\/logoPP512.png","width":512,"height":512,"caption":"Partido Popular de Galicia"},"image":{"@id":"https:\/\/ppdegalicia.com\/es\/#\/schema\/logo\/image\/"},"sameAs":["https:\/\/www.instagram.com\/ppdegalicia\/","https:\/\/x.com\/ppdegalicia","https:\/\/www.tiktok.com\/@ppdegalicia","https:\/\/www.youtube.com\/user\/ppdegalicia"]},{"@type":"Person","@id":"https:\/\/ppdegalicia.com\/es\/#\/schema\/person\/d0f013b8388c980665d44009ab762960","name":"Super User","image":{"@type":"ImageObject","inLanguage":"es","@id":"https:\/\/secure.gravatar.com\/avatar\/1db852625ef4948f58d2739bfbc51e4b9bd5c93b8fa340b59fdb594ca0845645?s=96&d=mm&r=g","url":"https:\/\/secure.gravatar.com\/avatar\/1db852625ef4948f58d2739bfbc51e4b9bd5c93b8fa340b59fdb594ca0845645?s=96&d=mm&r=g","contentUrl":"https:\/\/secure.gravatar.com\/avatar\/1db852625ef4948f58d2739bfbc51e4b9bd5c93b8fa340b59fdb594ca0845645?s=96&d=mm&r=g","caption":"Super User"},"url":"https:\/\/ppdegalicia.com\/es\/author\/ppdegaliciagestion\/"}]}},"_links":{"self":[{"href":"https:\/\/ppdegalicia.com\/es\/wp-json\/wp\/v2\/posts\/52016","targetHints":{"allow":["GET"]}}],"collection":[{"href":"https:\/\/ppdegalicia.com\/es\/wp-json\/wp\/v2\/posts"}],"about":[{"href":"https:\/\/ppdegalicia.com\/es\/wp-json\/wp\/v2\/types\/post"}],"author":[{"embeddable":true,"href":"https:\/\/ppdegalicia.com\/es\/wp-json\/wp\/v2\/users\/37"}],"replies":[{"embeddable":true,"href":"https:\/\/ppdegalicia.com\/es\/wp-json\/wp\/v2\/comments?post=52016"}],"version-history":[{"count":0,"href":"https:\/\/ppdegalicia.com\/es\/wp-json\/wp\/v2\/posts\/52016\/revisions"}],"wp:attachment":[{"href":"https:\/\/ppdegalicia.com\/es\/wp-json\/wp\/v2\/media?parent=52016"}],"wp:term":[{"taxonomy":"category","embeddable":true,"href":"https:\/\/ppdegalicia.com\/es\/wp-json\/wp\/v2\/categories?post=52016"},{"taxonomy":"post_tag","embeddable":true,"href":"https:\/\/ppdegalicia.com\/es\/wp-json\/wp\/v2\/tags?post=52016"}],"curies":[{"name":"wp","href":"https:\/\/api.w.org\/{rel}","templated":true}]}}