{"id":52021,"date":"2020-01-22T13:07:49","date_gmt":"2020-01-22T11:07:49","guid":{"rendered":"https:\/\/ppdegalicia.com\/paula-prado-critica-que-o-goberno-central-aproveite-os-cartos-dos-galegos-para-maquillar-o-seu-deficit-e-atender-os-seus-gastos-extraordinarios\/"},"modified":"2020-01-22T13:07:49","modified_gmt":"2020-01-22T11:07:49","slug":"paula-prado-critica-que-o-goberno-central-aproveite-os-cartos-dos-galegos-para-maquillar-o-seu-deficit-e-atender-os-seus-gastos-extraordinarios","status":"publish","type":"post","link":"https:\/\/ppdegalicia.com\/es\/paula-prado-critica-que-o-goberno-central-aproveite-os-cartos-dos-galegos-para-maquillar-o-seu-deficit-e-atender-os-seus-gastos-extraordinarios\/","title":{"rendered":"Paula Prado critica que o Goberno central \u201caproveite os cartos dos galegos para maquillar o seu d\u00e9ficit e atender os seus gastos extraordinarios\u201d"},"content":{"rendered":"<p style=\"text-align: justify;\"><strong>Santiago, 22 de xaneiro de 2020.-<\/strong> A viceportavoz do Grupo Popular, Paula Prado, criticou hoxe que a negativa do Goberno de Pedro S\u00e1nchez a pagar a d\u00e9beda de 370 mill\u00f3ns de euros que ten con Galicia responde a que \u201caproveita os cartos de todos os galegos para maquillar o seu d\u00e9ficit, pagar favores a outras comunidades af\u00edns que lle renden pleites\u00eda ou para atender os seus gastos extraordinarios\u201d. \u201cGustar\u00edanos saber que pensan os socialistas galegos deste roubo, porque ser\u00eda unha traiz\u00f3n a Galicia que apoiaran esta decisi\u00f3n que pon os intereses do PSOE por enriba dos intereses e necesidades dos galegos\u201d, apuntou.<\/p>\n<p><!--more--><\/p>\n<p style=\"text-align: justify;\">&nbsp;<\/p>\n<p style=\"text-align: justify;\">Paula Prado cualificou de \u201cintolerable que o Goberno de Pedro S\u00e1nchez se negue a devolver aos galegos os 370 mill\u00f3ns que nos debe, especialmente os 200 mill\u00f3ns do IVE de 2017 que a ministra persoalmente xa se comprometeu a pagalos na entrevista que mantivo co Presidente da Xunta en agosto de 2018\u201d. \u201c\u00c9 un goberno mentireiro e falso, empe\u00f1ado en boicotear ao Goberno galego, comezando porque non se cumpran os compromisos que temos cos galegos para despois criticar que non se cobren as necesidades que demandan os galegos\u201d.<\/p>\n<p style=\"text-align: justify;\">A viceportavoz popular demandou aos socialistas galegos, especialmente ao seu secretario xeral, o se\u00f1or Gonzalo Caballero, \u201cque se pronuncien sobre este roubo a Galicia\u201d, porque considerou \u201cunha traiz\u00f3n que apoiaran esta decisi\u00f3n de non pagar a d\u00e9beda de 370 mill\u00f3ns\u201d.<\/p>\n<p style=\"text-align: justify;\">&nbsp;<\/p>\n<p style=\"text-align: justify;\"><strong>TODOS OS MECANISMOS PARA RECLAMAR<\/strong><\/p>\n<p style=\"text-align: justify;\">&nbsp;<\/p>\n<p style=\"text-align: justify;\">As\u00ed mesmo, criticou tanto a Podemos como ao BNG, \u201cque tanto est\u00e1n a vanagloriarse do seu acordo para apoiar o Goberno de Pedro S\u00e1nchez, pero que en ning\u00fan caso puxeron por diante o pago desta d\u00e9beda con Galicia que cubrir\u00eda moitas necesidades e servizos p\u00fablicos\u201d. \u201cSe tanta influencia te\u00f1en no novo Goberno socialista e comunista deber\u00edan ser os primeiros en pedir o pago desta d\u00e9beda e po\u00f1erse do lado do Goberno galego na defensa dos intereses de Galicia e non os seus intereses partidistas\u201d.<\/p>\n<p style=\"text-align: justify;\">Prado respaldou que o Goberno galego \u201cpo\u00f1a en marcha todos os mecanismos que sexan precisos para reclamar esta d\u00e9beda\u201d e incidiu na necesidade de que o Goberno de Espa\u00f1a convoque o Consello Xeral de Pol\u00edtica Fiscal e Financeira, \u201cque hai m\u00e1is de ano e medio que non se re\u00fane e que se se tivera convocado no ano 2019 puido debater al\u00ed esta devoluci\u00f3n\u201d.<\/p>\n","protected":false},"excerpt":{"rendered":"<p>Santiago, 22 de xaneiro de 2020.- A viceportavoz do Grupo Popular, Paula Prado, criticou hoxe que a negativa do Goberno de Pedro S\u00e1nchez a pagar a d\u00e9beda de 370 mill\u00f3ns de euros que ten con Galicia responde a que \u201caproveita os cartos de todos os galegos para maquillar o seu d\u00e9ficit, pagar favores a outras [&hellip;]<\/p>\n","protected":false},"author":37,"featured_media":0,"comment_status":"open","ping_status":"open","sticky":false,"template":"","format":"standard","meta":{"_acf_changed":false,"footnotes":""},"categories":[1],"tags":[],"class_list":["post-52021","post","type-post","status-publish","format-standard","hentry","category-pp-de-galicia"],"acf":[],"yoast_head":"<!-- This site is optimized with the Yoast SEO plugin v27.3 - https:\/\/yoast.com\/product\/yoast-seo-wordpress\/ -->\n<title>Paula Prado critica que o Goberno central \u201caproveite os cartos dos galegos para maquillar o seu d\u00e9ficit e atender os seus gastos extraordinarios\u201d - PP de Galicia<\/title>\n<meta name=\"robots\" content=\"index, follow, max-snippet:-1, max-image-preview:large, max-video-preview:-1\" \/>\n<link rel=\"canonical\" href=\"https:\/\/ppdegalicia.com\/es\/paula-prado-critica-que-o-goberno-central-aproveite-os-cartos-dos-galegos-para-maquillar-o-seu-deficit-e-atender-os-seus-gastos-extraordinarios\/\" \/>\n<meta property=\"og:locale\" content=\"es_ES\" \/>\n<meta property=\"og:type\" content=\"article\" \/>\n<meta property=\"og:title\" content=\"Paula Prado critica que o Goberno central \u201caproveite os cartos dos galegos para maquillar o seu d\u00e9ficit e atender os seus gastos extraordinarios\u201d - PP de Galicia\" \/>\n<meta property=\"og:description\" content=\"Santiago, 22 de xaneiro de 2020.- A viceportavoz do Grupo Popular, Paula Prado, criticou hoxe que a negativa do Goberno de Pedro S\u00e1nchez a pagar a d\u00e9beda de 370 mill\u00f3ns de euros que ten con Galicia responde a que \u201caproveita os cartos de todos os galegos para maquillar o seu d\u00e9ficit, pagar favores a outras [&hellip;]\" \/>\n<meta property=\"og:url\" content=\"https:\/\/ppdegalicia.com\/es\/paula-prado-critica-que-o-goberno-central-aproveite-os-cartos-dos-galegos-para-maquillar-o-seu-deficit-e-atender-os-seus-gastos-extraordinarios\/\" \/>\n<meta property=\"og:site_name\" content=\"PP de Galicia\" \/>\n<meta property=\"article:publisher\" content=\"https:\/\/www.instagram.com\/ppdegalicia\/\" \/>\n<meta property=\"article:published_time\" content=\"2020-01-22T11:07:49+00:00\" \/>\n<meta name=\"author\" content=\"Super User\" \/>\n<meta name=\"twitter:card\" content=\"summary_large_image\" \/>\n<meta name=\"twitter:creator\" content=\"@ppdegalicia\" \/>\n<meta name=\"twitter:site\" content=\"@ppdegalicia\" \/>\n<meta name=\"twitter:label1\" content=\"Escrito por\" \/>\n\t<meta name=\"twitter:data1\" content=\"Super User\" \/>\n\t<meta name=\"twitter:label2\" content=\"Tiempo de lectura\" \/>\n\t<meta name=\"twitter:data2\" content=\"2 minutos\" \/>\n<script type=\"application\/ld+json\" class=\"yoast-schema-graph\">{\"@context\":\"https:\\\/\\\/schema.org\",\"@graph\":[{\"@type\":\"Article\",\"@id\":\"https:\\\/\\\/ppdegalicia.com\\\/es\\\/paula-prado-critica-que-o-goberno-central-aproveite-os-cartos-dos-galegos-para-maquillar-o-seu-deficit-e-atender-os-seus-gastos-extraordinarios\\\/#article\",\"isPartOf\":{\"@id\":\"https:\\\/\\\/ppdegalicia.com\\\/es\\\/paula-prado-critica-que-o-goberno-central-aproveite-os-cartos-dos-galegos-para-maquillar-o-seu-deficit-e-atender-os-seus-gastos-extraordinarios\\\/\"},\"author\":{\"name\":\"Super User\",\"@id\":\"https:\\\/\\\/ppdegalicia.com\\\/es\\\/#\\\/schema\\\/person\\\/d0f013b8388c980665d44009ab762960\"},\"headline\":\"Paula Prado critica que o Goberno central \u201caproveite os cartos dos galegos para maquillar o seu d\u00e9ficit e atender os seus gastos extraordinarios\u201d\",\"datePublished\":\"2020-01-22T11:07:49+00:00\",\"mainEntityOfPage\":{\"@id\":\"https:\\\/\\\/ppdegalicia.com\\\/es\\\/paula-prado-critica-que-o-goberno-central-aproveite-os-cartos-dos-galegos-para-maquillar-o-seu-deficit-e-atender-os-seus-gastos-extraordinarios\\\/\"},\"wordCount\":436,\"commentCount\":0,\"publisher\":{\"@id\":\"https:\\\/\\\/ppdegalicia.com\\\/es\\\/#organization\"},\"articleSection\":[\"PP de Galicia\"],\"inLanguage\":\"es\",\"potentialAction\":[{\"@type\":\"CommentAction\",\"name\":\"Comment\",\"target\":[\"https:\\\/\\\/ppdegalicia.com\\\/es\\\/paula-prado-critica-que-o-goberno-central-aproveite-os-cartos-dos-galegos-para-maquillar-o-seu-deficit-e-atender-os-seus-gastos-extraordinarios\\\/#respond\"]}]},{\"@type\":\"WebPage\",\"@id\":\"https:\\\/\\\/ppdegalicia.com\\\/es\\\/paula-prado-critica-que-o-goberno-central-aproveite-os-cartos-dos-galegos-para-maquillar-o-seu-deficit-e-atender-os-seus-gastos-extraordinarios\\\/\",\"url\":\"https:\\\/\\\/ppdegalicia.com\\\/es\\\/paula-prado-critica-que-o-goberno-central-aproveite-os-cartos-dos-galegos-para-maquillar-o-seu-deficit-e-atender-os-seus-gastos-extraordinarios\\\/\",\"name\":\"Paula Prado critica que o Goberno central \u201caproveite os cartos dos galegos para maquillar o seu d\u00e9ficit e atender os seus gastos extraordinarios\u201d - PP de Galicia\",\"isPartOf\":{\"@id\":\"https:\\\/\\\/ppdegalicia.com\\\/es\\\/#website\"},\"datePublished\":\"2020-01-22T11:07:49+00:00\",\"breadcrumb\":{\"@id\":\"https:\\\/\\\/ppdegalicia.com\\\/es\\\/paula-prado-critica-que-o-goberno-central-aproveite-os-cartos-dos-galegos-para-maquillar-o-seu-deficit-e-atender-os-seus-gastos-extraordinarios\\\/#breadcrumb\"},\"inLanguage\":\"es\",\"potentialAction\":[{\"@type\":\"ReadAction\",\"target\":[\"https:\\\/\\\/ppdegalicia.com\\\/es\\\/paula-prado-critica-que-o-goberno-central-aproveite-os-cartos-dos-galegos-para-maquillar-o-seu-deficit-e-atender-os-seus-gastos-extraordinarios\\\/\"]}]},{\"@type\":\"BreadcrumbList\",\"@id\":\"https:\\\/\\\/ppdegalicia.com\\\/es\\\/paula-prado-critica-que-o-goberno-central-aproveite-os-cartos-dos-galegos-para-maquillar-o-seu-deficit-e-atender-os-seus-gastos-extraordinarios\\\/#breadcrumb\",\"itemListElement\":[{\"@type\":\"ListItem\",\"position\":1,\"name\":\"Portada\",\"item\":\"https:\\\/\\\/ppdegalicia.com\\\/es\\\/\"},{\"@type\":\"ListItem\",\"position\":2,\"name\":\"Paula Prado critica que o Goberno central \u201caproveite os cartos dos galegos para maquillar o seu d\u00e9ficit e atender os seus gastos extraordinarios\u201d\"}]},{\"@type\":\"WebSite\",\"@id\":\"https:\\\/\\\/ppdegalicia.com\\\/es\\\/#website\",\"url\":\"https:\\\/\\\/ppdegalicia.com\\\/es\\\/\",\"name\":\"Partido Popular de Galicia\",\"description\":\"Partido Popular de Galicia\",\"publisher\":{\"@id\":\"https:\\\/\\\/ppdegalicia.com\\\/es\\\/#organization\"},\"alternateName\":\"PP de Galicia\",\"potentialAction\":[{\"@type\":\"SearchAction\",\"target\":{\"@type\":\"EntryPoint\",\"urlTemplate\":\"https:\\\/\\\/ppdegalicia.com\\\/es\\\/?s={search_term_string}\"},\"query-input\":{\"@type\":\"PropertyValueSpecification\",\"valueRequired\":true,\"valueName\":\"search_term_string\"}}],\"inLanguage\":\"es\"},{\"@type\":\"Organization\",\"@id\":\"https:\\\/\\\/ppdegalicia.com\\\/es\\\/#organization\",\"name\":\"Partido Popular de Galicia\",\"alternateName\":\"PP de Galicia\",\"url\":\"https:\\\/\\\/ppdegalicia.com\\\/es\\\/\",\"logo\":{\"@type\":\"ImageObject\",\"inLanguage\":\"es\",\"@id\":\"https:\\\/\\\/ppdegalicia.com\\\/es\\\/#\\\/schema\\\/logo\\\/image\\\/\",\"url\":\"https:\\\/\\\/ppdegalicia.com\\\/wp-content\\\/uploads\\\/2023\\\/04\\\/logoPP512.png\",\"contentUrl\":\"https:\\\/\\\/ppdegalicia.com\\\/wp-content\\\/uploads\\\/2023\\\/04\\\/logoPP512.png\",\"width\":512,\"height\":512,\"caption\":\"Partido Popular de Galicia\"},\"image\":{\"@id\":\"https:\\\/\\\/ppdegalicia.com\\\/es\\\/#\\\/schema\\\/logo\\\/image\\\/\"},\"sameAs\":[\"https:\\\/\\\/www.instagram.com\\\/ppdegalicia\\\/\",\"https:\\\/\\\/x.com\\\/ppdegalicia\",\"https:\\\/\\\/www.tiktok.com\\\/@ppdegalicia\",\"https:\\\/\\\/www.youtube.com\\\/user\\\/ppdegalicia\"]},{\"@type\":\"Person\",\"@id\":\"https:\\\/\\\/ppdegalicia.com\\\/es\\\/#\\\/schema\\\/person\\\/d0f013b8388c980665d44009ab762960\",\"name\":\"Super User\",\"image\":{\"@type\":\"ImageObject\",\"inLanguage\":\"es\",\"@id\":\"https:\\\/\\\/secure.gravatar.com\\\/avatar\\\/1db852625ef4948f58d2739bfbc51e4b9bd5c93b8fa340b59fdb594ca0845645?s=96&d=mm&r=g\",\"url\":\"https:\\\/\\\/secure.gravatar.com\\\/avatar\\\/1db852625ef4948f58d2739bfbc51e4b9bd5c93b8fa340b59fdb594ca0845645?s=96&d=mm&r=g\",\"contentUrl\":\"https:\\\/\\\/secure.gravatar.com\\\/avatar\\\/1db852625ef4948f58d2739bfbc51e4b9bd5c93b8fa340b59fdb594ca0845645?s=96&d=mm&r=g\",\"caption\":\"Super User\"},\"url\":\"https:\\\/\\\/ppdegalicia.com\\\/es\\\/author\\\/ppdegaliciagestion\\\/\"}]}<\/script>\n<!-- \/ Yoast SEO plugin. -->","yoast_head_json":{"title":"Paula Prado critica que o Goberno central \u201caproveite os cartos dos galegos para maquillar o seu d\u00e9ficit e atender os seus gastos extraordinarios\u201d - PP de Galicia","robots":{"index":"index","follow":"follow","max-snippet":"max-snippet:-1","max-image-preview":"max-image-preview:large","max-video-preview":"max-video-preview:-1"},"canonical":"https:\/\/ppdegalicia.com\/es\/paula-prado-critica-que-o-goberno-central-aproveite-os-cartos-dos-galegos-para-maquillar-o-seu-deficit-e-atender-os-seus-gastos-extraordinarios\/","og_locale":"es_ES","og_type":"article","og_title":"Paula Prado critica que o Goberno central \u201caproveite os cartos dos galegos para maquillar o seu d\u00e9ficit e atender os seus gastos extraordinarios\u201d - PP de Galicia","og_description":"Santiago, 22 de xaneiro de 2020.- A viceportavoz do Grupo Popular, Paula Prado, criticou hoxe que a negativa do Goberno de Pedro S\u00e1nchez a pagar a d\u00e9beda de 370 mill\u00f3ns de euros que ten con Galicia responde a que \u201caproveita os cartos de todos os galegos para maquillar o seu d\u00e9ficit, pagar favores a outras [&hellip;]","og_url":"https:\/\/ppdegalicia.com\/es\/paula-prado-critica-que-o-goberno-central-aproveite-os-cartos-dos-galegos-para-maquillar-o-seu-deficit-e-atender-os-seus-gastos-extraordinarios\/","og_site_name":"PP de Galicia","article_publisher":"https:\/\/www.instagram.com\/ppdegalicia\/","article_published_time":"2020-01-22T11:07:49+00:00","author":"Super User","twitter_card":"summary_large_image","twitter_creator":"@ppdegalicia","twitter_site":"@ppdegalicia","twitter_misc":{"Escrito por":"Super User","Tiempo de lectura":"2 minutos"},"schema":{"@context":"https:\/\/schema.org","@graph":[{"@type":"Article","@id":"https:\/\/ppdegalicia.com\/es\/paula-prado-critica-que-o-goberno-central-aproveite-os-cartos-dos-galegos-para-maquillar-o-seu-deficit-e-atender-os-seus-gastos-extraordinarios\/#article","isPartOf":{"@id":"https:\/\/ppdegalicia.com\/es\/paula-prado-critica-que-o-goberno-central-aproveite-os-cartos-dos-galegos-para-maquillar-o-seu-deficit-e-atender-os-seus-gastos-extraordinarios\/"},"author":{"name":"Super User","@id":"https:\/\/ppdegalicia.com\/es\/#\/schema\/person\/d0f013b8388c980665d44009ab762960"},"headline":"Paula Prado critica que o Goberno central \u201caproveite os cartos dos galegos para maquillar o seu d\u00e9ficit e atender os seus gastos extraordinarios\u201d","datePublished":"2020-01-22T11:07:49+00:00","mainEntityOfPage":{"@id":"https:\/\/ppdegalicia.com\/es\/paula-prado-critica-que-o-goberno-central-aproveite-os-cartos-dos-galegos-para-maquillar-o-seu-deficit-e-atender-os-seus-gastos-extraordinarios\/"},"wordCount":436,"commentCount":0,"publisher":{"@id":"https:\/\/ppdegalicia.com\/es\/#organization"},"articleSection":["PP de Galicia"],"inLanguage":"es","potentialAction":[{"@type":"CommentAction","name":"Comment","target":["https:\/\/ppdegalicia.com\/es\/paula-prado-critica-que-o-goberno-central-aproveite-os-cartos-dos-galegos-para-maquillar-o-seu-deficit-e-atender-os-seus-gastos-extraordinarios\/#respond"]}]},{"@type":"WebPage","@id":"https:\/\/ppdegalicia.com\/es\/paula-prado-critica-que-o-goberno-central-aproveite-os-cartos-dos-galegos-para-maquillar-o-seu-deficit-e-atender-os-seus-gastos-extraordinarios\/","url":"https:\/\/ppdegalicia.com\/es\/paula-prado-critica-que-o-goberno-central-aproveite-os-cartos-dos-galegos-para-maquillar-o-seu-deficit-e-atender-os-seus-gastos-extraordinarios\/","name":"Paula Prado critica que o Goberno central \u201caproveite os cartos dos galegos para maquillar o seu d\u00e9ficit e atender os seus gastos extraordinarios\u201d - PP de Galicia","isPartOf":{"@id":"https:\/\/ppdegalicia.com\/es\/#website"},"datePublished":"2020-01-22T11:07:49+00:00","breadcrumb":{"@id":"https:\/\/ppdegalicia.com\/es\/paula-prado-critica-que-o-goberno-central-aproveite-os-cartos-dos-galegos-para-maquillar-o-seu-deficit-e-atender-os-seus-gastos-extraordinarios\/#breadcrumb"},"inLanguage":"es","potentialAction":[{"@type":"ReadAction","target":["https:\/\/ppdegalicia.com\/es\/paula-prado-critica-que-o-goberno-central-aproveite-os-cartos-dos-galegos-para-maquillar-o-seu-deficit-e-atender-os-seus-gastos-extraordinarios\/"]}]},{"@type":"BreadcrumbList","@id":"https:\/\/ppdegalicia.com\/es\/paula-prado-critica-que-o-goberno-central-aproveite-os-cartos-dos-galegos-para-maquillar-o-seu-deficit-e-atender-os-seus-gastos-extraordinarios\/#breadcrumb","itemListElement":[{"@type":"ListItem","position":1,"name":"Portada","item":"https:\/\/ppdegalicia.com\/es\/"},{"@type":"ListItem","position":2,"name":"Paula Prado critica que o Goberno central \u201caproveite os cartos dos galegos para maquillar o seu d\u00e9ficit e atender os seus gastos extraordinarios\u201d"}]},{"@type":"WebSite","@id":"https:\/\/ppdegalicia.com\/es\/#website","url":"https:\/\/ppdegalicia.com\/es\/","name":"Partido Popular de Galicia","description":"Partido Popular de Galicia","publisher":{"@id":"https:\/\/ppdegalicia.com\/es\/#organization"},"alternateName":"PP de Galicia","potentialAction":[{"@type":"SearchAction","target":{"@type":"EntryPoint","urlTemplate":"https:\/\/ppdegalicia.com\/es\/?s={search_term_string}"},"query-input":{"@type":"PropertyValueSpecification","valueRequired":true,"valueName":"search_term_string"}}],"inLanguage":"es"},{"@type":"Organization","@id":"https:\/\/ppdegalicia.com\/es\/#organization","name":"Partido Popular de Galicia","alternateName":"PP de Galicia","url":"https:\/\/ppdegalicia.com\/es\/","logo":{"@type":"ImageObject","inLanguage":"es","@id":"https:\/\/ppdegalicia.com\/es\/#\/schema\/logo\/image\/","url":"https:\/\/ppdegalicia.com\/wp-content\/uploads\/2023\/04\/logoPP512.png","contentUrl":"https:\/\/ppdegalicia.com\/wp-content\/uploads\/2023\/04\/logoPP512.png","width":512,"height":512,"caption":"Partido Popular de Galicia"},"image":{"@id":"https:\/\/ppdegalicia.com\/es\/#\/schema\/logo\/image\/"},"sameAs":["https:\/\/www.instagram.com\/ppdegalicia\/","https:\/\/x.com\/ppdegalicia","https:\/\/www.tiktok.com\/@ppdegalicia","https:\/\/www.youtube.com\/user\/ppdegalicia"]},{"@type":"Person","@id":"https:\/\/ppdegalicia.com\/es\/#\/schema\/person\/d0f013b8388c980665d44009ab762960","name":"Super User","image":{"@type":"ImageObject","inLanguage":"es","@id":"https:\/\/secure.gravatar.com\/avatar\/1db852625ef4948f58d2739bfbc51e4b9bd5c93b8fa340b59fdb594ca0845645?s=96&d=mm&r=g","url":"https:\/\/secure.gravatar.com\/avatar\/1db852625ef4948f58d2739bfbc51e4b9bd5c93b8fa340b59fdb594ca0845645?s=96&d=mm&r=g","contentUrl":"https:\/\/secure.gravatar.com\/avatar\/1db852625ef4948f58d2739bfbc51e4b9bd5c93b8fa340b59fdb594ca0845645?s=96&d=mm&r=g","caption":"Super User"},"url":"https:\/\/ppdegalicia.com\/es\/author\/ppdegaliciagestion\/"}]}},"_links":{"self":[{"href":"https:\/\/ppdegalicia.com\/es\/wp-json\/wp\/v2\/posts\/52021","targetHints":{"allow":["GET"]}}],"collection":[{"href":"https:\/\/ppdegalicia.com\/es\/wp-json\/wp\/v2\/posts"}],"about":[{"href":"https:\/\/ppdegalicia.com\/es\/wp-json\/wp\/v2\/types\/post"}],"author":[{"embeddable":true,"href":"https:\/\/ppdegalicia.com\/es\/wp-json\/wp\/v2\/users\/37"}],"replies":[{"embeddable":true,"href":"https:\/\/ppdegalicia.com\/es\/wp-json\/wp\/v2\/comments?post=52021"}],"version-history":[{"count":0,"href":"https:\/\/ppdegalicia.com\/es\/wp-json\/wp\/v2\/posts\/52021\/revisions"}],"wp:attachment":[{"href":"https:\/\/ppdegalicia.com\/es\/wp-json\/wp\/v2\/media?parent=52021"}],"wp:term":[{"taxonomy":"category","embeddable":true,"href":"https:\/\/ppdegalicia.com\/es\/wp-json\/wp\/v2\/categories?post=52021"},{"taxonomy":"post_tag","embeddable":true,"href":"https:\/\/ppdegalicia.com\/es\/wp-json\/wp\/v2\/tags?post=52021"}],"curies":[{"name":"wp","href":"https:\/\/api.w.org\/{rel}","templated":true}]}}