{"id":52030,"date":"2020-01-29T08:29:32","date_gmt":"2020-01-29T06:29:32","guid":{"rendered":"https:\/\/ppdegalicia.com\/o-grupo-popular-asegura-que-nunca-pactara-contra-o-pluralismo-politico-os-dereitos-das-mulleres-e-contra-os-intereses-de-galicia\/"},"modified":"2020-01-29T08:29:32","modified_gmt":"2020-01-29T06:29:32","slug":"o-grupo-popular-asegura-que-nunca-pactara-contra-o-pluralismo-politico-os-dereitos-das-mulleres-e-contra-os-intereses-de-galicia","status":"publish","type":"post","link":"https:\/\/ppdegalicia.com\/es\/o-grupo-popular-asegura-que-nunca-pactara-contra-o-pluralismo-politico-os-dereitos-das-mulleres-e-contra-os-intereses-de-galicia\/","title":{"rendered":"O Grupo Popular asegura que \u201cnunca pactar\u00e1 contra o pluralismo pol\u00edtico, os dereitos das mulleres e contra os intereses de Galicia\u201d"},"content":{"rendered":"<p>Santiago, 29 de xaneiro de 2020.- O deputado do Grupo Popular Alberto Pazos asegurou hoxe no Parlamento que \u201co PPdeG nunca pactar\u00e1 contra o pluralismo pol\u00edtico, nunca pactar\u00e1 contra os dereitos das mulleres e nunca pactar\u00e1 contra os intereses de Galicia\u201d. \u201cGalicia \u00e9 unha terra de xente sensata e o problema do fascismo s\u00f3 habita nas cabezas dos representantes dos grupos da oposici\u00f3n\u201d, sinalou.<\/p>\n<p><!--more--><\/p>\n<p>&nbsp;<\/p>\n<p>Alberto Pazos manifestou que o PPdeG \u201c\u00e9 o partido que m\u00e1is se parece aos galegos, un partido de centro, moderado, tolerante e a \u00fanica esperanza para que Galicia se mante\u00f1a alonxada de extremismos de calquera tipo\u201d. Neste sentido, apuntou que \u201cos extremistas son outros: aqueles que descualifican a calquera que discrepe con eles\u201d.<\/p>\n<p>&nbsp;<\/p>\n<p><strong>CABALO DE TROIA<\/strong><\/p>\n<p>&nbsp;<\/p>\n<p>\u201cVOX \u00e9 o cabalo de troia que necesitan os grupos da oposici\u00f3n para gobernar en Galicia, e se chegara o caso estar\u00edan dispostos a pactar con esta formaci\u00f3n pol\u00edtica para gobernar, do mesmo xeito que pactaron cos todos aqueles cos que xuraron que non \u00edan pactar\u201d, dixo o deputado popular. Deste xeito, indicou que \u201cse prestan a converterse no altavoz pol\u00edtico dese partido, para darlle visibilidade coa \u00fanica esperanza de que prive ao PPdeG de gobernar na Comunidade galega\u201d.<\/p>\n<p>&nbsp;<\/p>\n<p>Para rematar, Pazos afirmou que \u201co problema do fascismo en Galicia habita s\u00f3 nas cabezas dos representantes dos grupos da oposici\u00f3n\u201d e, retomando unha vi\u00f1eta de Xaqu\u00edn Mar\u00edn, sinalou que \u201ccanto m\u00e1is nazi \u00e9 un, m\u00e1is nazis pensa que ten arredor\u201d.<\/p>\n","protected":false},"excerpt":{"rendered":"<p>Santiago, 29 de xaneiro de 2020.- O deputado do Grupo Popular Alberto Pazos asegurou hoxe no Parlamento que \u201co PPdeG nunca pactar\u00e1 contra o pluralismo pol\u00edtico, nunca pactar\u00e1 contra os dereitos das mulleres e nunca pactar\u00e1 contra os intereses de Galicia\u201d. \u201cGalicia \u00e9 unha terra de xente sensata e o problema do fascismo s\u00f3 habita [&hellip;]<\/p>\n","protected":false},"author":37,"featured_media":0,"comment_status":"open","ping_status":"open","sticky":false,"template":"","format":"standard","meta":{"_acf_changed":false,"footnotes":""},"categories":[1],"tags":[],"class_list":["post-52030","post","type-post","status-publish","format-standard","hentry","category-pp-de-galicia"],"acf":[],"yoast_head":"<!-- This site is optimized with the Yoast SEO plugin v27.3 - https:\/\/yoast.com\/product\/yoast-seo-wordpress\/ -->\n<title>O Grupo Popular asegura que \u201cnunca pactar\u00e1 contra o pluralismo pol\u00edtico, os dereitos das mulleres e contra os intereses de Galicia\u201d - PP de Galicia<\/title>\n<meta name=\"robots\" content=\"index, follow, max-snippet:-1, max-image-preview:large, max-video-preview:-1\" \/>\n<link rel=\"canonical\" href=\"https:\/\/ppdegalicia.com\/es\/o-grupo-popular-asegura-que-nunca-pactara-contra-o-pluralismo-politico-os-dereitos-das-mulleres-e-contra-os-intereses-de-galicia\/\" \/>\n<meta property=\"og:locale\" content=\"es_ES\" \/>\n<meta property=\"og:type\" content=\"article\" \/>\n<meta property=\"og:title\" content=\"O Grupo Popular asegura que \u201cnunca pactar\u00e1 contra o pluralismo pol\u00edtico, os dereitos das mulleres e contra os intereses de Galicia\u201d - PP de Galicia\" \/>\n<meta property=\"og:description\" content=\"Santiago, 29 de xaneiro de 2020.- O deputado do Grupo Popular Alberto Pazos asegurou hoxe no Parlamento que \u201co PPdeG nunca pactar\u00e1 contra o pluralismo pol\u00edtico, nunca pactar\u00e1 contra os dereitos das mulleres e nunca pactar\u00e1 contra os intereses de Galicia\u201d. \u201cGalicia \u00e9 unha terra de xente sensata e o problema do fascismo s\u00f3 habita [&hellip;]\" \/>\n<meta property=\"og:url\" content=\"https:\/\/ppdegalicia.com\/es\/o-grupo-popular-asegura-que-nunca-pactara-contra-o-pluralismo-politico-os-dereitos-das-mulleres-e-contra-os-intereses-de-galicia\/\" \/>\n<meta property=\"og:site_name\" content=\"PP de Galicia\" \/>\n<meta property=\"article:publisher\" content=\"https:\/\/www.instagram.com\/ppdegalicia\/\" \/>\n<meta property=\"article:published_time\" content=\"2020-01-29T06:29:32+00:00\" \/>\n<meta name=\"author\" content=\"Super User\" \/>\n<meta name=\"twitter:card\" content=\"summary_large_image\" \/>\n<meta name=\"twitter:creator\" content=\"@ppdegalicia\" \/>\n<meta name=\"twitter:site\" content=\"@ppdegalicia\" \/>\n<meta name=\"twitter:label1\" content=\"Escrito por\" \/>\n\t<meta name=\"twitter:data1\" content=\"Super User\" \/>\n\t<meta name=\"twitter:label2\" content=\"Tiempo de lectura\" \/>\n\t<meta name=\"twitter:data2\" content=\"1 minuto\" \/>\n<script type=\"application\/ld+json\" class=\"yoast-schema-graph\">{\"@context\":\"https:\\\/\\\/schema.org\",\"@graph\":[{\"@type\":\"Article\",\"@id\":\"https:\\\/\\\/ppdegalicia.com\\\/es\\\/o-grupo-popular-asegura-que-nunca-pactara-contra-o-pluralismo-politico-os-dereitos-das-mulleres-e-contra-os-intereses-de-galicia\\\/#article\",\"isPartOf\":{\"@id\":\"https:\\\/\\\/ppdegalicia.com\\\/es\\\/o-grupo-popular-asegura-que-nunca-pactara-contra-o-pluralismo-politico-os-dereitos-das-mulleres-e-contra-os-intereses-de-galicia\\\/\"},\"author\":{\"name\":\"Super User\",\"@id\":\"https:\\\/\\\/ppdegalicia.com\\\/es\\\/#\\\/schema\\\/person\\\/d0f013b8388c980665d44009ab762960\"},\"headline\":\"O Grupo Popular asegura que \u201cnunca pactar\u00e1 contra o pluralismo pol\u00edtico, os dereitos das mulleres e contra os intereses de Galicia\u201d\",\"datePublished\":\"2020-01-29T06:29:32+00:00\",\"mainEntityOfPage\":{\"@id\":\"https:\\\/\\\/ppdegalicia.com\\\/es\\\/o-grupo-popular-asegura-que-nunca-pactara-contra-o-pluralismo-politico-os-dereitos-das-mulleres-e-contra-os-intereses-de-galicia\\\/\"},\"wordCount\":276,\"commentCount\":0,\"publisher\":{\"@id\":\"https:\\\/\\\/ppdegalicia.com\\\/es\\\/#organization\"},\"articleSection\":[\"PP de Galicia\"],\"inLanguage\":\"es\",\"potentialAction\":[{\"@type\":\"CommentAction\",\"name\":\"Comment\",\"target\":[\"https:\\\/\\\/ppdegalicia.com\\\/es\\\/o-grupo-popular-asegura-que-nunca-pactara-contra-o-pluralismo-politico-os-dereitos-das-mulleres-e-contra-os-intereses-de-galicia\\\/#respond\"]}]},{\"@type\":\"WebPage\",\"@id\":\"https:\\\/\\\/ppdegalicia.com\\\/es\\\/o-grupo-popular-asegura-que-nunca-pactara-contra-o-pluralismo-politico-os-dereitos-das-mulleres-e-contra-os-intereses-de-galicia\\\/\",\"url\":\"https:\\\/\\\/ppdegalicia.com\\\/es\\\/o-grupo-popular-asegura-que-nunca-pactara-contra-o-pluralismo-politico-os-dereitos-das-mulleres-e-contra-os-intereses-de-galicia\\\/\",\"name\":\"O Grupo Popular asegura que \u201cnunca pactar\u00e1 contra o pluralismo pol\u00edtico, os dereitos das mulleres e contra os intereses de Galicia\u201d - PP de Galicia\",\"isPartOf\":{\"@id\":\"https:\\\/\\\/ppdegalicia.com\\\/es\\\/#website\"},\"datePublished\":\"2020-01-29T06:29:32+00:00\",\"breadcrumb\":{\"@id\":\"https:\\\/\\\/ppdegalicia.com\\\/es\\\/o-grupo-popular-asegura-que-nunca-pactara-contra-o-pluralismo-politico-os-dereitos-das-mulleres-e-contra-os-intereses-de-galicia\\\/#breadcrumb\"},\"inLanguage\":\"es\",\"potentialAction\":[{\"@type\":\"ReadAction\",\"target\":[\"https:\\\/\\\/ppdegalicia.com\\\/es\\\/o-grupo-popular-asegura-que-nunca-pactara-contra-o-pluralismo-politico-os-dereitos-das-mulleres-e-contra-os-intereses-de-galicia\\\/\"]}]},{\"@type\":\"BreadcrumbList\",\"@id\":\"https:\\\/\\\/ppdegalicia.com\\\/es\\\/o-grupo-popular-asegura-que-nunca-pactara-contra-o-pluralismo-politico-os-dereitos-das-mulleres-e-contra-os-intereses-de-galicia\\\/#breadcrumb\",\"itemListElement\":[{\"@type\":\"ListItem\",\"position\":1,\"name\":\"Portada\",\"item\":\"https:\\\/\\\/ppdegalicia.com\\\/es\\\/\"},{\"@type\":\"ListItem\",\"position\":2,\"name\":\"O Grupo Popular asegura que \u201cnunca pactar\u00e1 contra o pluralismo pol\u00edtico, os dereitos das mulleres e contra os intereses de Galicia\u201d\"}]},{\"@type\":\"WebSite\",\"@id\":\"https:\\\/\\\/ppdegalicia.com\\\/es\\\/#website\",\"url\":\"https:\\\/\\\/ppdegalicia.com\\\/es\\\/\",\"name\":\"Partido Popular de Galicia\",\"description\":\"Partido Popular de Galicia\",\"publisher\":{\"@id\":\"https:\\\/\\\/ppdegalicia.com\\\/es\\\/#organization\"},\"alternateName\":\"PP de Galicia\",\"potentialAction\":[{\"@type\":\"SearchAction\",\"target\":{\"@type\":\"EntryPoint\",\"urlTemplate\":\"https:\\\/\\\/ppdegalicia.com\\\/es\\\/?s={search_term_string}\"},\"query-input\":{\"@type\":\"PropertyValueSpecification\",\"valueRequired\":true,\"valueName\":\"search_term_string\"}}],\"inLanguage\":\"es\"},{\"@type\":\"Organization\",\"@id\":\"https:\\\/\\\/ppdegalicia.com\\\/es\\\/#organization\",\"name\":\"Partido Popular de Galicia\",\"alternateName\":\"PP de Galicia\",\"url\":\"https:\\\/\\\/ppdegalicia.com\\\/es\\\/\",\"logo\":{\"@type\":\"ImageObject\",\"inLanguage\":\"es\",\"@id\":\"https:\\\/\\\/ppdegalicia.com\\\/es\\\/#\\\/schema\\\/logo\\\/image\\\/\",\"url\":\"https:\\\/\\\/ppdegalicia.com\\\/wp-content\\\/uploads\\\/2023\\\/04\\\/logoPP512.png\",\"contentUrl\":\"https:\\\/\\\/ppdegalicia.com\\\/wp-content\\\/uploads\\\/2023\\\/04\\\/logoPP512.png\",\"width\":512,\"height\":512,\"caption\":\"Partido Popular de Galicia\"},\"image\":{\"@id\":\"https:\\\/\\\/ppdegalicia.com\\\/es\\\/#\\\/schema\\\/logo\\\/image\\\/\"},\"sameAs\":[\"https:\\\/\\\/www.instagram.com\\\/ppdegalicia\\\/\",\"https:\\\/\\\/x.com\\\/ppdegalicia\",\"https:\\\/\\\/www.tiktok.com\\\/@ppdegalicia\",\"https:\\\/\\\/www.youtube.com\\\/user\\\/ppdegalicia\"]},{\"@type\":\"Person\",\"@id\":\"https:\\\/\\\/ppdegalicia.com\\\/es\\\/#\\\/schema\\\/person\\\/d0f013b8388c980665d44009ab762960\",\"name\":\"Super User\",\"image\":{\"@type\":\"ImageObject\",\"inLanguage\":\"es\",\"@id\":\"https:\\\/\\\/secure.gravatar.com\\\/avatar\\\/1db852625ef4948f58d2739bfbc51e4b9bd5c93b8fa340b59fdb594ca0845645?s=96&d=mm&r=g\",\"url\":\"https:\\\/\\\/secure.gravatar.com\\\/avatar\\\/1db852625ef4948f58d2739bfbc51e4b9bd5c93b8fa340b59fdb594ca0845645?s=96&d=mm&r=g\",\"contentUrl\":\"https:\\\/\\\/secure.gravatar.com\\\/avatar\\\/1db852625ef4948f58d2739bfbc51e4b9bd5c93b8fa340b59fdb594ca0845645?s=96&d=mm&r=g\",\"caption\":\"Super User\"},\"url\":\"https:\\\/\\\/ppdegalicia.com\\\/es\\\/author\\\/ppdegaliciagestion\\\/\"}]}<\/script>\n<!-- \/ Yoast SEO plugin. -->","yoast_head_json":{"title":"O Grupo Popular asegura que \u201cnunca pactar\u00e1 contra o pluralismo pol\u00edtico, os dereitos das mulleres e contra os intereses de Galicia\u201d - PP de Galicia","robots":{"index":"index","follow":"follow","max-snippet":"max-snippet:-1","max-image-preview":"max-image-preview:large","max-video-preview":"max-video-preview:-1"},"canonical":"https:\/\/ppdegalicia.com\/es\/o-grupo-popular-asegura-que-nunca-pactara-contra-o-pluralismo-politico-os-dereitos-das-mulleres-e-contra-os-intereses-de-galicia\/","og_locale":"es_ES","og_type":"article","og_title":"O Grupo Popular asegura que \u201cnunca pactar\u00e1 contra o pluralismo pol\u00edtico, os dereitos das mulleres e contra os intereses de Galicia\u201d - PP de Galicia","og_description":"Santiago, 29 de xaneiro de 2020.- O deputado do Grupo Popular Alberto Pazos asegurou hoxe no Parlamento que \u201co PPdeG nunca pactar\u00e1 contra o pluralismo pol\u00edtico, nunca pactar\u00e1 contra os dereitos das mulleres e nunca pactar\u00e1 contra os intereses de Galicia\u201d. \u201cGalicia \u00e9 unha terra de xente sensata e o problema do fascismo s\u00f3 habita [&hellip;]","og_url":"https:\/\/ppdegalicia.com\/es\/o-grupo-popular-asegura-que-nunca-pactara-contra-o-pluralismo-politico-os-dereitos-das-mulleres-e-contra-os-intereses-de-galicia\/","og_site_name":"PP de Galicia","article_publisher":"https:\/\/www.instagram.com\/ppdegalicia\/","article_published_time":"2020-01-29T06:29:32+00:00","author":"Super User","twitter_card":"summary_large_image","twitter_creator":"@ppdegalicia","twitter_site":"@ppdegalicia","twitter_misc":{"Escrito por":"Super User","Tiempo de lectura":"1 minuto"},"schema":{"@context":"https:\/\/schema.org","@graph":[{"@type":"Article","@id":"https:\/\/ppdegalicia.com\/es\/o-grupo-popular-asegura-que-nunca-pactara-contra-o-pluralismo-politico-os-dereitos-das-mulleres-e-contra-os-intereses-de-galicia\/#article","isPartOf":{"@id":"https:\/\/ppdegalicia.com\/es\/o-grupo-popular-asegura-que-nunca-pactara-contra-o-pluralismo-politico-os-dereitos-das-mulleres-e-contra-os-intereses-de-galicia\/"},"author":{"name":"Super User","@id":"https:\/\/ppdegalicia.com\/es\/#\/schema\/person\/d0f013b8388c980665d44009ab762960"},"headline":"O Grupo Popular asegura que \u201cnunca pactar\u00e1 contra o pluralismo pol\u00edtico, os dereitos das mulleres e contra os intereses de Galicia\u201d","datePublished":"2020-01-29T06:29:32+00:00","mainEntityOfPage":{"@id":"https:\/\/ppdegalicia.com\/es\/o-grupo-popular-asegura-que-nunca-pactara-contra-o-pluralismo-politico-os-dereitos-das-mulleres-e-contra-os-intereses-de-galicia\/"},"wordCount":276,"commentCount":0,"publisher":{"@id":"https:\/\/ppdegalicia.com\/es\/#organization"},"articleSection":["PP de Galicia"],"inLanguage":"es","potentialAction":[{"@type":"CommentAction","name":"Comment","target":["https:\/\/ppdegalicia.com\/es\/o-grupo-popular-asegura-que-nunca-pactara-contra-o-pluralismo-politico-os-dereitos-das-mulleres-e-contra-os-intereses-de-galicia\/#respond"]}]},{"@type":"WebPage","@id":"https:\/\/ppdegalicia.com\/es\/o-grupo-popular-asegura-que-nunca-pactara-contra-o-pluralismo-politico-os-dereitos-das-mulleres-e-contra-os-intereses-de-galicia\/","url":"https:\/\/ppdegalicia.com\/es\/o-grupo-popular-asegura-que-nunca-pactara-contra-o-pluralismo-politico-os-dereitos-das-mulleres-e-contra-os-intereses-de-galicia\/","name":"O Grupo Popular asegura que \u201cnunca pactar\u00e1 contra o pluralismo pol\u00edtico, os dereitos das mulleres e contra os intereses de Galicia\u201d - PP de Galicia","isPartOf":{"@id":"https:\/\/ppdegalicia.com\/es\/#website"},"datePublished":"2020-01-29T06:29:32+00:00","breadcrumb":{"@id":"https:\/\/ppdegalicia.com\/es\/o-grupo-popular-asegura-que-nunca-pactara-contra-o-pluralismo-politico-os-dereitos-das-mulleres-e-contra-os-intereses-de-galicia\/#breadcrumb"},"inLanguage":"es","potentialAction":[{"@type":"ReadAction","target":["https:\/\/ppdegalicia.com\/es\/o-grupo-popular-asegura-que-nunca-pactara-contra-o-pluralismo-politico-os-dereitos-das-mulleres-e-contra-os-intereses-de-galicia\/"]}]},{"@type":"BreadcrumbList","@id":"https:\/\/ppdegalicia.com\/es\/o-grupo-popular-asegura-que-nunca-pactara-contra-o-pluralismo-politico-os-dereitos-das-mulleres-e-contra-os-intereses-de-galicia\/#breadcrumb","itemListElement":[{"@type":"ListItem","position":1,"name":"Portada","item":"https:\/\/ppdegalicia.com\/es\/"},{"@type":"ListItem","position":2,"name":"O Grupo Popular asegura que \u201cnunca pactar\u00e1 contra o pluralismo pol\u00edtico, os dereitos das mulleres e contra os intereses de Galicia\u201d"}]},{"@type":"WebSite","@id":"https:\/\/ppdegalicia.com\/es\/#website","url":"https:\/\/ppdegalicia.com\/es\/","name":"Partido Popular de Galicia","description":"Partido Popular de Galicia","publisher":{"@id":"https:\/\/ppdegalicia.com\/es\/#organization"},"alternateName":"PP de Galicia","potentialAction":[{"@type":"SearchAction","target":{"@type":"EntryPoint","urlTemplate":"https:\/\/ppdegalicia.com\/es\/?s={search_term_string}"},"query-input":{"@type":"PropertyValueSpecification","valueRequired":true,"valueName":"search_term_string"}}],"inLanguage":"es"},{"@type":"Organization","@id":"https:\/\/ppdegalicia.com\/es\/#organization","name":"Partido Popular de Galicia","alternateName":"PP de Galicia","url":"https:\/\/ppdegalicia.com\/es\/","logo":{"@type":"ImageObject","inLanguage":"es","@id":"https:\/\/ppdegalicia.com\/es\/#\/schema\/logo\/image\/","url":"https:\/\/ppdegalicia.com\/wp-content\/uploads\/2023\/04\/logoPP512.png","contentUrl":"https:\/\/ppdegalicia.com\/wp-content\/uploads\/2023\/04\/logoPP512.png","width":512,"height":512,"caption":"Partido Popular de Galicia"},"image":{"@id":"https:\/\/ppdegalicia.com\/es\/#\/schema\/logo\/image\/"},"sameAs":["https:\/\/www.instagram.com\/ppdegalicia\/","https:\/\/x.com\/ppdegalicia","https:\/\/www.tiktok.com\/@ppdegalicia","https:\/\/www.youtube.com\/user\/ppdegalicia"]},{"@type":"Person","@id":"https:\/\/ppdegalicia.com\/es\/#\/schema\/person\/d0f013b8388c980665d44009ab762960","name":"Super User","image":{"@type":"ImageObject","inLanguage":"es","@id":"https:\/\/secure.gravatar.com\/avatar\/1db852625ef4948f58d2739bfbc51e4b9bd5c93b8fa340b59fdb594ca0845645?s=96&d=mm&r=g","url":"https:\/\/secure.gravatar.com\/avatar\/1db852625ef4948f58d2739bfbc51e4b9bd5c93b8fa340b59fdb594ca0845645?s=96&d=mm&r=g","contentUrl":"https:\/\/secure.gravatar.com\/avatar\/1db852625ef4948f58d2739bfbc51e4b9bd5c93b8fa340b59fdb594ca0845645?s=96&d=mm&r=g","caption":"Super User"},"url":"https:\/\/ppdegalicia.com\/es\/author\/ppdegaliciagestion\/"}]}},"_links":{"self":[{"href":"https:\/\/ppdegalicia.com\/es\/wp-json\/wp\/v2\/posts\/52030","targetHints":{"allow":["GET"]}}],"collection":[{"href":"https:\/\/ppdegalicia.com\/es\/wp-json\/wp\/v2\/posts"}],"about":[{"href":"https:\/\/ppdegalicia.com\/es\/wp-json\/wp\/v2\/types\/post"}],"author":[{"embeddable":true,"href":"https:\/\/ppdegalicia.com\/es\/wp-json\/wp\/v2\/users\/37"}],"replies":[{"embeddable":true,"href":"https:\/\/ppdegalicia.com\/es\/wp-json\/wp\/v2\/comments?post=52030"}],"version-history":[{"count":0,"href":"https:\/\/ppdegalicia.com\/es\/wp-json\/wp\/v2\/posts\/52030\/revisions"}],"wp:attachment":[{"href":"https:\/\/ppdegalicia.com\/es\/wp-json\/wp\/v2\/media?parent=52030"}],"wp:term":[{"taxonomy":"category","embeddable":true,"href":"https:\/\/ppdegalicia.com\/es\/wp-json\/wp\/v2\/categories?post=52030"},{"taxonomy":"post_tag","embeddable":true,"href":"https:\/\/ppdegalicia.com\/es\/wp-json\/wp\/v2\/tags?post=52030"}],"curies":[{"name":"wp","href":"https:\/\/api.w.org\/{rel}","templated":true}]}}