{"id":52046,"date":"2018-12-18T18:22:18","date_gmt":"2018-12-18T16:22:18","guid":{"rendered":"https:\/\/ppdegalicia.com\/o-ppdeg-considera-irresponsable-modificar-a-lei-de-medios-publicos-mentres-o-consello-de-administracion-da-crtvg-avanza-no-cumprimento\/"},"modified":"2018-12-18T18:22:18","modified_gmt":"2018-12-18T16:22:18","slug":"o-ppdeg-considera-irresponsable-modificar-a-lei-de-medios-publicos-mentres-o-consello-de-administracion-da-crtvg-avanza-no-cumprimento","status":"publish","type":"post","link":"https:\/\/ppdegalicia.com\/es\/o-ppdeg-considera-irresponsable-modificar-a-lei-de-medios-publicos-mentres-o-consello-de-administracion-da-crtvg-avanza-no-cumprimento\/","title":{"rendered":"O PPdeG considera \u201cirresponsable\u201d modificar a lei de medios p\u00fablicos mentres o Consello de Administraci\u00f3n da CRTVG avanza no cumprimento"},"content":{"rendered":"<div>Santiago, 18 de decembro de 2018.- A deputada do Grupo Popular Raquel Arias defendeu hoxe a necesidade de que a Corporaci\u00f3n Radio Televisi\u00f3n de Galicia \u201csiga implementando\u201d a lei 9\/2011 de 9 de novembro de Medios P\u00fablicos de Comunicaci\u00f3n Audiovisual fronte \u00e1 petici\u00f3n do Grupo do BNG de reformar dita normativa.&nbsp;<br \/>\n<!--more-->\n<\/div>\n<div>&nbsp;<\/div>\n<div>&nbsp; Deste xeito, considerou \u201cirresponsable\u201d a solicitude de modificaci\u00f3n dos nacionalistas, xusto despois de que o mesmo consello rematase as conversas cos sindicatos para a redacci\u00f3n do Estatuto Profesional e a creaci\u00f3n do Consello de Informativos.<\/div>\n<div>&nbsp;<\/div>\n<p>&nbsp;<\/p>\n<div>De feito, todos os grupos da oposici\u00f3n ve\u00f1en reclamando precisamente a elaboraci\u00f3n dese estatuto e a constituci\u00f3n do Consello de Informativos, tal e como se contempla no artigo 36 da lei. \u201cResulta incoherente que pidan o desenvolvemento \u00edntegro e urxente dunha lei que agora queren reformar coa mesma urxencia\u201d, explicou Arias, quen engadiu que \u201ccon estes vaiv\u00e9ns o que reflexan \u00e9 pouca credibilidade e moito oportunismo\u201d.<\/div>\n<div>&nbsp;<\/div>\n<div>&nbsp;<\/div>\n<p>&nbsp;<\/p>\n<div><strong>AS CADEIRAS, NON O FUTURO<\/strong><\/div>\n<div>&nbsp;<\/div>\n<div>&nbsp;<\/div>\n<p>&nbsp;<\/p>\n<div>\u201cO que lles interesa realmente non \u00e9 o cumprimento efectivo da lexislaci\u00f3n, sen\u00f3n ocupar as cadeiras\u201d, manifestou Arias, xa que na s\u00faa iniciativa \u201cs\u00f3 falan dos postos, e non lle dedican nin unha frase aos grandes retos da CRTVG para os pr\u00f3ximos anos, como a incidencia do novo dividendo dixital, as novas formas de consumo ou a competencia das plataformas dixitais\u201d.&nbsp;<\/div>\n<div>&nbsp;<\/div>\n<div>&nbsp;<\/div>\n<p>&nbsp;<\/p>\n<div>Na s\u00faa intervenci\u00f3n, a deputada popular preguntoulle aos nacionalistas \u201cque \u00e9 exactamente o que non lles gusta do Consello de Administraci\u00f3n actual\u201d, un \u00f3rgano que foi elixido por maior\u00eda reforzada do Parlamento, que est\u00e1 tomando as decisi\u00f3ns de calado por consenso e que \u00e9 paritario na s\u00faa composici\u00f3n, algo que segundo Arias \u201cvai ser moi dif\u00edcil de cumprir no futuro Consello de RTVE, con s\u00f3 4 mulleres entre os 20 aspirantes\u201d. \u201cAo mellor o que lles molesta \u00e9 que non lles tocou estar no momento da negociaci\u00f3n\u201d, matizou.<\/div>\n<div>&nbsp;<\/div>\n<p>&nbsp;<\/p>\n<p>&nbsp;<\/p>\n<div>Raquel Arias lembrou, ademais, que a lei 9\/2011 de Medios P\u00fablicos de Comunicaci\u00f3n Audiovisual de Galicia, consensuada e aprobada no seu momento coa maior\u00eda do Parlamento, ter\u00e1 que ser modificada previsiblemente para adaptar a corporaci\u00f3n \u00e1 directiva europea en materia de servizos audiovisuais.<\/div>\n<div>&nbsp;<\/div>\n<div>&nbsp;<\/div>\n<p>A parlamentaria contrapuxo o funcionamento da CRTVG con outras canles p\u00fablicas. \u201cUnha corporaci\u00f3n coas contas saneadas, a mellor dotada tecnoloxicamente de Europa, e cuns excelentes datos de audiencia que demostran o seguimento e o apoio dos galegos e das galegas\u201d.&nbsp;&nbsp;<\/p>\n","protected":false},"excerpt":{"rendered":"<p>Santiago, 18 de decembro de 2018.- A deputada do Grupo Popular Raquel Arias defendeu hoxe a necesidade de que a Corporaci\u00f3n Radio Televisi\u00f3n de Galicia \u201csiga implementando\u201d a lei 9\/2011 de 9 de novembro de Medios P\u00fablicos de Comunicaci\u00f3n Audiovisual fronte \u00e1 petici\u00f3n do Grupo do BNG de reformar dita normativa.&nbsp;<\/p>\n","protected":false},"author":37,"featured_media":0,"comment_status":"open","ping_status":"open","sticky":false,"template":"","format":"standard","meta":{"_acf_changed":false,"footnotes":""},"categories":[1],"tags":[],"class_list":["post-52046","post","type-post","status-publish","format-standard","hentry","category-pp-de-galicia"],"acf":[],"yoast_head":"<!-- This site is optimized with the Yoast SEO plugin v27.3 - https:\/\/yoast.com\/product\/yoast-seo-wordpress\/ -->\n<title>O PPdeG considera \u201cirresponsable\u201d modificar a lei de medios p\u00fablicos mentres o Consello de Administraci\u00f3n da CRTVG avanza no cumprimento - PP de Galicia<\/title>\n<meta name=\"robots\" content=\"index, follow, max-snippet:-1, max-image-preview:large, max-video-preview:-1\" \/>\n<link rel=\"canonical\" href=\"https:\/\/ppdegalicia.com\/es\/o-ppdeg-considera-irresponsable-modificar-a-lei-de-medios-publicos-mentres-o-consello-de-administracion-da-crtvg-avanza-no-cumprimento\/\" \/>\n<meta property=\"og:locale\" content=\"es_ES\" \/>\n<meta property=\"og:type\" content=\"article\" \/>\n<meta property=\"og:title\" content=\"O PPdeG considera \u201cirresponsable\u201d modificar a lei de medios p\u00fablicos mentres o Consello de Administraci\u00f3n da CRTVG avanza no cumprimento - PP de Galicia\" \/>\n<meta property=\"og:description\" content=\"Santiago, 18 de decembro de 2018.- A deputada do Grupo Popular Raquel Arias defendeu hoxe a necesidade de que a Corporaci\u00f3n Radio Televisi\u00f3n de Galicia \u201csiga implementando\u201d a lei 9\/2011 de 9 de novembro de Medios P\u00fablicos de Comunicaci\u00f3n Audiovisual fronte \u00e1 petici\u00f3n do Grupo do BNG de reformar dita normativa.&nbsp;\" \/>\n<meta property=\"og:url\" content=\"https:\/\/ppdegalicia.com\/es\/o-ppdeg-considera-irresponsable-modificar-a-lei-de-medios-publicos-mentres-o-consello-de-administracion-da-crtvg-avanza-no-cumprimento\/\" \/>\n<meta property=\"og:site_name\" content=\"PP de Galicia\" \/>\n<meta property=\"article:publisher\" content=\"https:\/\/www.instagram.com\/ppdegalicia\/\" \/>\n<meta property=\"article:published_time\" content=\"2018-12-18T16:22:18+00:00\" \/>\n<meta name=\"author\" content=\"Super User\" \/>\n<meta name=\"twitter:card\" content=\"summary_large_image\" \/>\n<meta name=\"twitter:creator\" content=\"@ppdegalicia\" \/>\n<meta name=\"twitter:site\" content=\"@ppdegalicia\" \/>\n<meta name=\"twitter:label1\" content=\"Escrito por\" \/>\n\t<meta name=\"twitter:data1\" content=\"Super User\" \/>\n\t<meta name=\"twitter:label2\" content=\"Tiempo de lectura\" \/>\n\t<meta name=\"twitter:data2\" content=\"2 minutos\" \/>\n<script type=\"application\/ld+json\" class=\"yoast-schema-graph\">{\"@context\":\"https:\\\/\\\/schema.org\",\"@graph\":[{\"@type\":\"Article\",\"@id\":\"https:\\\/\\\/ppdegalicia.com\\\/es\\\/o-ppdeg-considera-irresponsable-modificar-a-lei-de-medios-publicos-mentres-o-consello-de-administracion-da-crtvg-avanza-no-cumprimento\\\/#article\",\"isPartOf\":{\"@id\":\"https:\\\/\\\/ppdegalicia.com\\\/es\\\/o-ppdeg-considera-irresponsable-modificar-a-lei-de-medios-publicos-mentres-o-consello-de-administracion-da-crtvg-avanza-no-cumprimento\\\/\"},\"author\":{\"name\":\"Super User\",\"@id\":\"https:\\\/\\\/ppdegalicia.com\\\/es\\\/#\\\/schema\\\/person\\\/d0f013b8388c980665d44009ab762960\"},\"headline\":\"O PPdeG considera \u201cirresponsable\u201d modificar a lei de medios p\u00fablicos mentres o Consello de Administraci\u00f3n da CRTVG avanza no cumprimento\",\"datePublished\":\"2018-12-18T16:22:18+00:00\",\"mainEntityOfPage\":{\"@id\":\"https:\\\/\\\/ppdegalicia.com\\\/es\\\/o-ppdeg-considera-irresponsable-modificar-a-lei-de-medios-publicos-mentres-o-consello-de-administracion-da-crtvg-avanza-no-cumprimento\\\/\"},\"wordCount\":451,\"commentCount\":0,\"publisher\":{\"@id\":\"https:\\\/\\\/ppdegalicia.com\\\/es\\\/#organization\"},\"articleSection\":[\"PP de Galicia\"],\"inLanguage\":\"es\",\"potentialAction\":[{\"@type\":\"CommentAction\",\"name\":\"Comment\",\"target\":[\"https:\\\/\\\/ppdegalicia.com\\\/es\\\/o-ppdeg-considera-irresponsable-modificar-a-lei-de-medios-publicos-mentres-o-consello-de-administracion-da-crtvg-avanza-no-cumprimento\\\/#respond\"]}]},{\"@type\":\"WebPage\",\"@id\":\"https:\\\/\\\/ppdegalicia.com\\\/es\\\/o-ppdeg-considera-irresponsable-modificar-a-lei-de-medios-publicos-mentres-o-consello-de-administracion-da-crtvg-avanza-no-cumprimento\\\/\",\"url\":\"https:\\\/\\\/ppdegalicia.com\\\/es\\\/o-ppdeg-considera-irresponsable-modificar-a-lei-de-medios-publicos-mentres-o-consello-de-administracion-da-crtvg-avanza-no-cumprimento\\\/\",\"name\":\"O PPdeG considera \u201cirresponsable\u201d modificar a lei de medios p\u00fablicos mentres o Consello de Administraci\u00f3n da CRTVG avanza no cumprimento - PP de Galicia\",\"isPartOf\":{\"@id\":\"https:\\\/\\\/ppdegalicia.com\\\/es\\\/#website\"},\"datePublished\":\"2018-12-18T16:22:18+00:00\",\"breadcrumb\":{\"@id\":\"https:\\\/\\\/ppdegalicia.com\\\/es\\\/o-ppdeg-considera-irresponsable-modificar-a-lei-de-medios-publicos-mentres-o-consello-de-administracion-da-crtvg-avanza-no-cumprimento\\\/#breadcrumb\"},\"inLanguage\":\"es\",\"potentialAction\":[{\"@type\":\"ReadAction\",\"target\":[\"https:\\\/\\\/ppdegalicia.com\\\/es\\\/o-ppdeg-considera-irresponsable-modificar-a-lei-de-medios-publicos-mentres-o-consello-de-administracion-da-crtvg-avanza-no-cumprimento\\\/\"]}]},{\"@type\":\"BreadcrumbList\",\"@id\":\"https:\\\/\\\/ppdegalicia.com\\\/es\\\/o-ppdeg-considera-irresponsable-modificar-a-lei-de-medios-publicos-mentres-o-consello-de-administracion-da-crtvg-avanza-no-cumprimento\\\/#breadcrumb\",\"itemListElement\":[{\"@type\":\"ListItem\",\"position\":1,\"name\":\"Portada\",\"item\":\"https:\\\/\\\/ppdegalicia.com\\\/es\\\/\"},{\"@type\":\"ListItem\",\"position\":2,\"name\":\"O PPdeG considera \u201cirresponsable\u201d modificar a lei de medios p\u00fablicos mentres o Consello de Administraci\u00f3n da CRTVG avanza no cumprimento\"}]},{\"@type\":\"WebSite\",\"@id\":\"https:\\\/\\\/ppdegalicia.com\\\/es\\\/#website\",\"url\":\"https:\\\/\\\/ppdegalicia.com\\\/es\\\/\",\"name\":\"Partido Popular de Galicia\",\"description\":\"Partido Popular de Galicia\",\"publisher\":{\"@id\":\"https:\\\/\\\/ppdegalicia.com\\\/es\\\/#organization\"},\"alternateName\":\"PP de Galicia\",\"potentialAction\":[{\"@type\":\"SearchAction\",\"target\":{\"@type\":\"EntryPoint\",\"urlTemplate\":\"https:\\\/\\\/ppdegalicia.com\\\/es\\\/?s={search_term_string}\"},\"query-input\":{\"@type\":\"PropertyValueSpecification\",\"valueRequired\":true,\"valueName\":\"search_term_string\"}}],\"inLanguage\":\"es\"},{\"@type\":\"Organization\",\"@id\":\"https:\\\/\\\/ppdegalicia.com\\\/es\\\/#organization\",\"name\":\"Partido Popular de Galicia\",\"alternateName\":\"PP de Galicia\",\"url\":\"https:\\\/\\\/ppdegalicia.com\\\/es\\\/\",\"logo\":{\"@type\":\"ImageObject\",\"inLanguage\":\"es\",\"@id\":\"https:\\\/\\\/ppdegalicia.com\\\/es\\\/#\\\/schema\\\/logo\\\/image\\\/\",\"url\":\"https:\\\/\\\/ppdegalicia.com\\\/wp-content\\\/uploads\\\/2023\\\/04\\\/logoPP512.png\",\"contentUrl\":\"https:\\\/\\\/ppdegalicia.com\\\/wp-content\\\/uploads\\\/2023\\\/04\\\/logoPP512.png\",\"width\":512,\"height\":512,\"caption\":\"Partido Popular de Galicia\"},\"image\":{\"@id\":\"https:\\\/\\\/ppdegalicia.com\\\/es\\\/#\\\/schema\\\/logo\\\/image\\\/\"},\"sameAs\":[\"https:\\\/\\\/www.instagram.com\\\/ppdegalicia\\\/\",\"https:\\\/\\\/x.com\\\/ppdegalicia\",\"https:\\\/\\\/www.tiktok.com\\\/@ppdegalicia\",\"https:\\\/\\\/www.youtube.com\\\/user\\\/ppdegalicia\"]},{\"@type\":\"Person\",\"@id\":\"https:\\\/\\\/ppdegalicia.com\\\/es\\\/#\\\/schema\\\/person\\\/d0f013b8388c980665d44009ab762960\",\"name\":\"Super User\",\"image\":{\"@type\":\"ImageObject\",\"inLanguage\":\"es\",\"@id\":\"https:\\\/\\\/secure.gravatar.com\\\/avatar\\\/1db852625ef4948f58d2739bfbc51e4b9bd5c93b8fa340b59fdb594ca0845645?s=96&d=mm&r=g\",\"url\":\"https:\\\/\\\/secure.gravatar.com\\\/avatar\\\/1db852625ef4948f58d2739bfbc51e4b9bd5c93b8fa340b59fdb594ca0845645?s=96&d=mm&r=g\",\"contentUrl\":\"https:\\\/\\\/secure.gravatar.com\\\/avatar\\\/1db852625ef4948f58d2739bfbc51e4b9bd5c93b8fa340b59fdb594ca0845645?s=96&d=mm&r=g\",\"caption\":\"Super User\"},\"url\":\"https:\\\/\\\/ppdegalicia.com\\\/es\\\/author\\\/ppdegaliciagestion\\\/\"}]}<\/script>\n<!-- \/ Yoast SEO plugin. -->","yoast_head_json":{"title":"O PPdeG considera \u201cirresponsable\u201d modificar a lei de medios p\u00fablicos mentres o Consello de Administraci\u00f3n da CRTVG avanza no cumprimento - PP de Galicia","robots":{"index":"index","follow":"follow","max-snippet":"max-snippet:-1","max-image-preview":"max-image-preview:large","max-video-preview":"max-video-preview:-1"},"canonical":"https:\/\/ppdegalicia.com\/es\/o-ppdeg-considera-irresponsable-modificar-a-lei-de-medios-publicos-mentres-o-consello-de-administracion-da-crtvg-avanza-no-cumprimento\/","og_locale":"es_ES","og_type":"article","og_title":"O PPdeG considera \u201cirresponsable\u201d modificar a lei de medios p\u00fablicos mentres o Consello de Administraci\u00f3n da CRTVG avanza no cumprimento - PP de Galicia","og_description":"Santiago, 18 de decembro de 2018.- A deputada do Grupo Popular Raquel Arias defendeu hoxe a necesidade de que a Corporaci\u00f3n Radio Televisi\u00f3n de Galicia \u201csiga implementando\u201d a lei 9\/2011 de 9 de novembro de Medios P\u00fablicos de Comunicaci\u00f3n Audiovisual fronte \u00e1 petici\u00f3n do Grupo do BNG de reformar dita normativa.&nbsp;","og_url":"https:\/\/ppdegalicia.com\/es\/o-ppdeg-considera-irresponsable-modificar-a-lei-de-medios-publicos-mentres-o-consello-de-administracion-da-crtvg-avanza-no-cumprimento\/","og_site_name":"PP de Galicia","article_publisher":"https:\/\/www.instagram.com\/ppdegalicia\/","article_published_time":"2018-12-18T16:22:18+00:00","author":"Super User","twitter_card":"summary_large_image","twitter_creator":"@ppdegalicia","twitter_site":"@ppdegalicia","twitter_misc":{"Escrito por":"Super User","Tiempo de lectura":"2 minutos"},"schema":{"@context":"https:\/\/schema.org","@graph":[{"@type":"Article","@id":"https:\/\/ppdegalicia.com\/es\/o-ppdeg-considera-irresponsable-modificar-a-lei-de-medios-publicos-mentres-o-consello-de-administracion-da-crtvg-avanza-no-cumprimento\/#article","isPartOf":{"@id":"https:\/\/ppdegalicia.com\/es\/o-ppdeg-considera-irresponsable-modificar-a-lei-de-medios-publicos-mentres-o-consello-de-administracion-da-crtvg-avanza-no-cumprimento\/"},"author":{"name":"Super User","@id":"https:\/\/ppdegalicia.com\/es\/#\/schema\/person\/d0f013b8388c980665d44009ab762960"},"headline":"O PPdeG considera \u201cirresponsable\u201d modificar a lei de medios p\u00fablicos mentres o Consello de Administraci\u00f3n da CRTVG avanza no cumprimento","datePublished":"2018-12-18T16:22:18+00:00","mainEntityOfPage":{"@id":"https:\/\/ppdegalicia.com\/es\/o-ppdeg-considera-irresponsable-modificar-a-lei-de-medios-publicos-mentres-o-consello-de-administracion-da-crtvg-avanza-no-cumprimento\/"},"wordCount":451,"commentCount":0,"publisher":{"@id":"https:\/\/ppdegalicia.com\/es\/#organization"},"articleSection":["PP de Galicia"],"inLanguage":"es","potentialAction":[{"@type":"CommentAction","name":"Comment","target":["https:\/\/ppdegalicia.com\/es\/o-ppdeg-considera-irresponsable-modificar-a-lei-de-medios-publicos-mentres-o-consello-de-administracion-da-crtvg-avanza-no-cumprimento\/#respond"]}]},{"@type":"WebPage","@id":"https:\/\/ppdegalicia.com\/es\/o-ppdeg-considera-irresponsable-modificar-a-lei-de-medios-publicos-mentres-o-consello-de-administracion-da-crtvg-avanza-no-cumprimento\/","url":"https:\/\/ppdegalicia.com\/es\/o-ppdeg-considera-irresponsable-modificar-a-lei-de-medios-publicos-mentres-o-consello-de-administracion-da-crtvg-avanza-no-cumprimento\/","name":"O PPdeG considera \u201cirresponsable\u201d modificar a lei de medios p\u00fablicos mentres o Consello de Administraci\u00f3n da CRTVG avanza no cumprimento - PP de Galicia","isPartOf":{"@id":"https:\/\/ppdegalicia.com\/es\/#website"},"datePublished":"2018-12-18T16:22:18+00:00","breadcrumb":{"@id":"https:\/\/ppdegalicia.com\/es\/o-ppdeg-considera-irresponsable-modificar-a-lei-de-medios-publicos-mentres-o-consello-de-administracion-da-crtvg-avanza-no-cumprimento\/#breadcrumb"},"inLanguage":"es","potentialAction":[{"@type":"ReadAction","target":["https:\/\/ppdegalicia.com\/es\/o-ppdeg-considera-irresponsable-modificar-a-lei-de-medios-publicos-mentres-o-consello-de-administracion-da-crtvg-avanza-no-cumprimento\/"]}]},{"@type":"BreadcrumbList","@id":"https:\/\/ppdegalicia.com\/es\/o-ppdeg-considera-irresponsable-modificar-a-lei-de-medios-publicos-mentres-o-consello-de-administracion-da-crtvg-avanza-no-cumprimento\/#breadcrumb","itemListElement":[{"@type":"ListItem","position":1,"name":"Portada","item":"https:\/\/ppdegalicia.com\/es\/"},{"@type":"ListItem","position":2,"name":"O PPdeG considera \u201cirresponsable\u201d modificar a lei de medios p\u00fablicos mentres o Consello de Administraci\u00f3n da CRTVG avanza no cumprimento"}]},{"@type":"WebSite","@id":"https:\/\/ppdegalicia.com\/es\/#website","url":"https:\/\/ppdegalicia.com\/es\/","name":"Partido Popular de Galicia","description":"Partido Popular de Galicia","publisher":{"@id":"https:\/\/ppdegalicia.com\/es\/#organization"},"alternateName":"PP de Galicia","potentialAction":[{"@type":"SearchAction","target":{"@type":"EntryPoint","urlTemplate":"https:\/\/ppdegalicia.com\/es\/?s={search_term_string}"},"query-input":{"@type":"PropertyValueSpecification","valueRequired":true,"valueName":"search_term_string"}}],"inLanguage":"es"},{"@type":"Organization","@id":"https:\/\/ppdegalicia.com\/es\/#organization","name":"Partido Popular de Galicia","alternateName":"PP de Galicia","url":"https:\/\/ppdegalicia.com\/es\/","logo":{"@type":"ImageObject","inLanguage":"es","@id":"https:\/\/ppdegalicia.com\/es\/#\/schema\/logo\/image\/","url":"https:\/\/ppdegalicia.com\/wp-content\/uploads\/2023\/04\/logoPP512.png","contentUrl":"https:\/\/ppdegalicia.com\/wp-content\/uploads\/2023\/04\/logoPP512.png","width":512,"height":512,"caption":"Partido Popular de Galicia"},"image":{"@id":"https:\/\/ppdegalicia.com\/es\/#\/schema\/logo\/image\/"},"sameAs":["https:\/\/www.instagram.com\/ppdegalicia\/","https:\/\/x.com\/ppdegalicia","https:\/\/www.tiktok.com\/@ppdegalicia","https:\/\/www.youtube.com\/user\/ppdegalicia"]},{"@type":"Person","@id":"https:\/\/ppdegalicia.com\/es\/#\/schema\/person\/d0f013b8388c980665d44009ab762960","name":"Super User","image":{"@type":"ImageObject","inLanguage":"es","@id":"https:\/\/secure.gravatar.com\/avatar\/1db852625ef4948f58d2739bfbc51e4b9bd5c93b8fa340b59fdb594ca0845645?s=96&d=mm&r=g","url":"https:\/\/secure.gravatar.com\/avatar\/1db852625ef4948f58d2739bfbc51e4b9bd5c93b8fa340b59fdb594ca0845645?s=96&d=mm&r=g","contentUrl":"https:\/\/secure.gravatar.com\/avatar\/1db852625ef4948f58d2739bfbc51e4b9bd5c93b8fa340b59fdb594ca0845645?s=96&d=mm&r=g","caption":"Super User"},"url":"https:\/\/ppdegalicia.com\/es\/author\/ppdegaliciagestion\/"}]}},"_links":{"self":[{"href":"https:\/\/ppdegalicia.com\/es\/wp-json\/wp\/v2\/posts\/52046","targetHints":{"allow":["GET"]}}],"collection":[{"href":"https:\/\/ppdegalicia.com\/es\/wp-json\/wp\/v2\/posts"}],"about":[{"href":"https:\/\/ppdegalicia.com\/es\/wp-json\/wp\/v2\/types\/post"}],"author":[{"embeddable":true,"href":"https:\/\/ppdegalicia.com\/es\/wp-json\/wp\/v2\/users\/37"}],"replies":[{"embeddable":true,"href":"https:\/\/ppdegalicia.com\/es\/wp-json\/wp\/v2\/comments?post=52046"}],"version-history":[{"count":0,"href":"https:\/\/ppdegalicia.com\/es\/wp-json\/wp\/v2\/posts\/52046\/revisions"}],"wp:attachment":[{"href":"https:\/\/ppdegalicia.com\/es\/wp-json\/wp\/v2\/media?parent=52046"}],"wp:term":[{"taxonomy":"category","embeddable":true,"href":"https:\/\/ppdegalicia.com\/es\/wp-json\/wp\/v2\/categories?post=52046"},{"taxonomy":"post_tag","embeddable":true,"href":"https:\/\/ppdegalicia.com\/es\/wp-json\/wp\/v2\/tags?post=52046"}],"curies":[{"name":"wp","href":"https:\/\/api.w.org\/{rel}","templated":true}]}}