{"id":52079,"date":"2019-12-11T11:54:52","date_gmt":"2019-12-11T09:54:52","guid":{"rendered":"https:\/\/ppdegalicia.com\/o-ppdeg-lamenta-que-a-situacion-de-alcoa-empeora-dia-a-dia-e-de-non-tomar-medidas-o-goberno-central-a-nova-poxa-sera-a-antesala-do-seu-peche\/"},"modified":"2019-12-11T11:54:52","modified_gmt":"2019-12-11T09:54:52","slug":"o-ppdeg-lamenta-que-a-situacion-de-alcoa-empeora-dia-a-dia-e-de-non-tomar-medidas-o-goberno-central-a-nova-poxa-sera-a-antesala-do-seu-peche","status":"publish","type":"post","link":"https:\/\/ppdegalicia.com\/es\/o-ppdeg-lamenta-que-a-situacion-de-alcoa-empeora-dia-a-dia-e-de-non-tomar-medidas-o-goberno-central-a-nova-poxa-sera-a-antesala-do-seu-peche\/","title":{"rendered":"O PPdeG lamenta que a situaci\u00f3n de Alcoa empeora d\u00eda a d\u00eda e, de non tomar medidas o Goberno central, a nova poxa ser\u00e1 a antesala do seu peche"},"content":{"rendered":"<p>Santiago, 11 de decembro de 2019.- A portavoz de Enerx\u00eda do Grupo Popular, Marta N\u00f3voa, lamentou hoxe no Parlamento que \u201co Goberno socialista de Pedro S\u00e1nchez empeora d\u00eda a d\u00eda a situaci\u00f3n de Alcoa\u201d e sinalou que, de non aprobar o novo estatuto para as empresas electrointensivas, \u201ca nova poxa de interrumpibilidade convocada para a metade de 2020 ser\u00e1 a antesala do peche desta empresa\u201d.<\/p>\n<p><!--more--><\/p>\n<p>&nbsp;<\/p>\n<p>Marta N\u00f3voa afirmou que \u201cest\u00e1 claro que o Goberno socialista non ten interese en ofrecer soluci\u00f3ns e ningunha estabilidade \u00e1s empresas electrointensivas\u201d. \u201cNon aproban o estatuto, nin sequera ensinan o que din ter feito, e convocan unha poxa de interrumpibilidade para a metade do vindeiro ano de 1.000 megavatios, cando antes eran 2.400, eliminando por completo ademais os bloques de 40 megavatios e permitindo s\u00f3 poxar polos bloques de 5 megavatios, o que sup\u00f3n un agravio para os grandes consumidores de enerx\u00eda\u201d, indicou.<\/p>\n<p>&nbsp;<\/p>\n<p>\u201cIrremediablemente, Galicia vai recibir menos fondos: dunha media de 150 mill\u00f3ns de euros que recib\u00eda, agora o Goberno central destina para seis meses s\u00f3 60 mill\u00f3ns de euros para toda Espa\u00f1a\u201d, concretou a portavoz popular. As\u00ed mesmo, subli\u00f1ou que \u201ccando gobernaba Mariano Rajoy Alcoa recib\u00eda 94,4 mill\u00f3ns de euros ao ano, mentres que co actual Goberno socialista s\u00f3 chega a 42,4 mill\u00f3ns de euros\u201d.<\/p>\n<p>&nbsp;<\/p>\n<p><strong>MEDIDAS NA LI\u00d1A DO ACORDADO CON TRABALLADORES E SECTOR<\/strong><\/p>\n<p>&nbsp;<\/p>\n<p>N\u00f3voa incidiu que \u201cdespois de m\u00e1is de un ano que o prometeran, seguimos necesitando que se aprobe o estatuto para as empresas electrointensivas, e que vaia na li\u00f1a que indicaron os traballadores e o sector desta industria, de forma que se consiga situar o prezo da electricidade entre 35 e 40 euros por megavatio\u201d.<\/p>\n<p>&nbsp;<\/p>\n<p>\u201cAdemais, te\u00f1en que convocar a mesa industrial e que se incl\u00faa aos traballadores, tal e como xa temos solicitado desde este Parlamento, adoptando as medidas recollidas no documento enviado polo Goberno galego e tam\u00e9n ratificado nesta C\u00e1mara\u201d, apuntou.<\/p>\n","protected":false},"excerpt":{"rendered":"<p>Santiago, 11 de decembro de 2019.- A portavoz de Enerx\u00eda do Grupo Popular, Marta N\u00f3voa, lamentou hoxe no Parlamento que \u201co Goberno socialista de Pedro S\u00e1nchez empeora d\u00eda a d\u00eda a situaci\u00f3n de Alcoa\u201d e sinalou que, de non aprobar o novo estatuto para as empresas electrointensivas, \u201ca nova poxa de interrumpibilidade convocada para a [&hellip;]<\/p>\n","protected":false},"author":37,"featured_media":0,"comment_status":"open","ping_status":"open","sticky":false,"template":"","format":"standard","meta":{"_acf_changed":false,"footnotes":""},"categories":[1],"tags":[],"class_list":["post-52079","post","type-post","status-publish","format-standard","hentry","category-pp-de-galicia"],"acf":[],"yoast_head":"<!-- This site is optimized with the Yoast SEO plugin v27.3 - https:\/\/yoast.com\/product\/yoast-seo-wordpress\/ -->\n<title>O PPdeG lamenta que a situaci\u00f3n de Alcoa empeora d\u00eda a d\u00eda e, de non tomar medidas o Goberno central, a nova poxa ser\u00e1 a antesala do seu peche - PP de Galicia<\/title>\n<meta name=\"robots\" content=\"index, follow, max-snippet:-1, max-image-preview:large, max-video-preview:-1\" \/>\n<link rel=\"canonical\" href=\"https:\/\/ppdegalicia.com\/es\/o-ppdeg-lamenta-que-a-situacion-de-alcoa-empeora-dia-a-dia-e-de-non-tomar-medidas-o-goberno-central-a-nova-poxa-sera-a-antesala-do-seu-peche\/\" \/>\n<meta property=\"og:locale\" content=\"es_ES\" \/>\n<meta property=\"og:type\" content=\"article\" \/>\n<meta property=\"og:title\" content=\"O PPdeG lamenta que a situaci\u00f3n de Alcoa empeora d\u00eda a d\u00eda e, de non tomar medidas o Goberno central, a nova poxa ser\u00e1 a antesala do seu peche - PP de Galicia\" \/>\n<meta property=\"og:description\" content=\"Santiago, 11 de decembro de 2019.- A portavoz de Enerx\u00eda do Grupo Popular, Marta N\u00f3voa, lamentou hoxe no Parlamento que \u201co Goberno socialista de Pedro S\u00e1nchez empeora d\u00eda a d\u00eda a situaci\u00f3n de Alcoa\u201d e sinalou que, de non aprobar o novo estatuto para as empresas electrointensivas, \u201ca nova poxa de interrumpibilidade convocada para a [&hellip;]\" \/>\n<meta property=\"og:url\" content=\"https:\/\/ppdegalicia.com\/es\/o-ppdeg-lamenta-que-a-situacion-de-alcoa-empeora-dia-a-dia-e-de-non-tomar-medidas-o-goberno-central-a-nova-poxa-sera-a-antesala-do-seu-peche\/\" \/>\n<meta property=\"og:site_name\" content=\"PP de Galicia\" \/>\n<meta property=\"article:publisher\" content=\"https:\/\/www.instagram.com\/ppdegalicia\/\" \/>\n<meta property=\"article:published_time\" content=\"2019-12-11T09:54:52+00:00\" \/>\n<meta name=\"author\" content=\"Super User\" \/>\n<meta name=\"twitter:card\" content=\"summary_large_image\" \/>\n<meta name=\"twitter:creator\" content=\"@ppdegalicia\" \/>\n<meta name=\"twitter:site\" content=\"@ppdegalicia\" \/>\n<meta name=\"twitter:label1\" content=\"Escrito por\" \/>\n\t<meta name=\"twitter:data1\" content=\"Super User\" \/>\n\t<meta name=\"twitter:label2\" content=\"Tiempo de lectura\" \/>\n\t<meta name=\"twitter:data2\" content=\"2 minutos\" \/>\n<script type=\"application\/ld+json\" class=\"yoast-schema-graph\">{\"@context\":\"https:\\\/\\\/schema.org\",\"@graph\":[{\"@type\":\"Article\",\"@id\":\"https:\\\/\\\/ppdegalicia.com\\\/es\\\/o-ppdeg-lamenta-que-a-situacion-de-alcoa-empeora-dia-a-dia-e-de-non-tomar-medidas-o-goberno-central-a-nova-poxa-sera-a-antesala-do-seu-peche\\\/#article\",\"isPartOf\":{\"@id\":\"https:\\\/\\\/ppdegalicia.com\\\/es\\\/o-ppdeg-lamenta-que-a-situacion-de-alcoa-empeora-dia-a-dia-e-de-non-tomar-medidas-o-goberno-central-a-nova-poxa-sera-a-antesala-do-seu-peche\\\/\"},\"author\":{\"name\":\"Super User\",\"@id\":\"https:\\\/\\\/ppdegalicia.com\\\/es\\\/#\\\/schema\\\/person\\\/d0f013b8388c980665d44009ab762960\"},\"headline\":\"O PPdeG lamenta que a situaci\u00f3n de Alcoa empeora d\u00eda a d\u00eda e, de non tomar medidas o Goberno central, a nova poxa ser\u00e1 a antesala do seu peche\",\"datePublished\":\"2019-12-11T09:54:52+00:00\",\"mainEntityOfPage\":{\"@id\":\"https:\\\/\\\/ppdegalicia.com\\\/es\\\/o-ppdeg-lamenta-que-a-situacion-de-alcoa-empeora-dia-a-dia-e-de-non-tomar-medidas-o-goberno-central-a-nova-poxa-sera-a-antesala-do-seu-peche\\\/\"},\"wordCount\":364,\"commentCount\":0,\"publisher\":{\"@id\":\"https:\\\/\\\/ppdegalicia.com\\\/es\\\/#organization\"},\"articleSection\":[\"PP de Galicia\"],\"inLanguage\":\"es\",\"potentialAction\":[{\"@type\":\"CommentAction\",\"name\":\"Comment\",\"target\":[\"https:\\\/\\\/ppdegalicia.com\\\/es\\\/o-ppdeg-lamenta-que-a-situacion-de-alcoa-empeora-dia-a-dia-e-de-non-tomar-medidas-o-goberno-central-a-nova-poxa-sera-a-antesala-do-seu-peche\\\/#respond\"]}]},{\"@type\":\"WebPage\",\"@id\":\"https:\\\/\\\/ppdegalicia.com\\\/es\\\/o-ppdeg-lamenta-que-a-situacion-de-alcoa-empeora-dia-a-dia-e-de-non-tomar-medidas-o-goberno-central-a-nova-poxa-sera-a-antesala-do-seu-peche\\\/\",\"url\":\"https:\\\/\\\/ppdegalicia.com\\\/es\\\/o-ppdeg-lamenta-que-a-situacion-de-alcoa-empeora-dia-a-dia-e-de-non-tomar-medidas-o-goberno-central-a-nova-poxa-sera-a-antesala-do-seu-peche\\\/\",\"name\":\"O PPdeG lamenta que a situaci\u00f3n de Alcoa empeora d\u00eda a d\u00eda e, de non tomar medidas o Goberno central, a nova poxa ser\u00e1 a antesala do seu peche - PP de Galicia\",\"isPartOf\":{\"@id\":\"https:\\\/\\\/ppdegalicia.com\\\/es\\\/#website\"},\"datePublished\":\"2019-12-11T09:54:52+00:00\",\"breadcrumb\":{\"@id\":\"https:\\\/\\\/ppdegalicia.com\\\/es\\\/o-ppdeg-lamenta-que-a-situacion-de-alcoa-empeora-dia-a-dia-e-de-non-tomar-medidas-o-goberno-central-a-nova-poxa-sera-a-antesala-do-seu-peche\\\/#breadcrumb\"},\"inLanguage\":\"es\",\"potentialAction\":[{\"@type\":\"ReadAction\",\"target\":[\"https:\\\/\\\/ppdegalicia.com\\\/es\\\/o-ppdeg-lamenta-que-a-situacion-de-alcoa-empeora-dia-a-dia-e-de-non-tomar-medidas-o-goberno-central-a-nova-poxa-sera-a-antesala-do-seu-peche\\\/\"]}]},{\"@type\":\"BreadcrumbList\",\"@id\":\"https:\\\/\\\/ppdegalicia.com\\\/es\\\/o-ppdeg-lamenta-que-a-situacion-de-alcoa-empeora-dia-a-dia-e-de-non-tomar-medidas-o-goberno-central-a-nova-poxa-sera-a-antesala-do-seu-peche\\\/#breadcrumb\",\"itemListElement\":[{\"@type\":\"ListItem\",\"position\":1,\"name\":\"Portada\",\"item\":\"https:\\\/\\\/ppdegalicia.com\\\/es\\\/\"},{\"@type\":\"ListItem\",\"position\":2,\"name\":\"O PPdeG lamenta que a situaci\u00f3n de Alcoa empeora d\u00eda a d\u00eda e, de non tomar medidas o Goberno central, a nova poxa ser\u00e1 a antesala do seu peche\"}]},{\"@type\":\"WebSite\",\"@id\":\"https:\\\/\\\/ppdegalicia.com\\\/es\\\/#website\",\"url\":\"https:\\\/\\\/ppdegalicia.com\\\/es\\\/\",\"name\":\"Partido Popular de Galicia\",\"description\":\"Partido Popular de Galicia\",\"publisher\":{\"@id\":\"https:\\\/\\\/ppdegalicia.com\\\/es\\\/#organization\"},\"alternateName\":\"PP de Galicia\",\"potentialAction\":[{\"@type\":\"SearchAction\",\"target\":{\"@type\":\"EntryPoint\",\"urlTemplate\":\"https:\\\/\\\/ppdegalicia.com\\\/es\\\/?s={search_term_string}\"},\"query-input\":{\"@type\":\"PropertyValueSpecification\",\"valueRequired\":true,\"valueName\":\"search_term_string\"}}],\"inLanguage\":\"es\"},{\"@type\":\"Organization\",\"@id\":\"https:\\\/\\\/ppdegalicia.com\\\/es\\\/#organization\",\"name\":\"Partido Popular de Galicia\",\"alternateName\":\"PP de Galicia\",\"url\":\"https:\\\/\\\/ppdegalicia.com\\\/es\\\/\",\"logo\":{\"@type\":\"ImageObject\",\"inLanguage\":\"es\",\"@id\":\"https:\\\/\\\/ppdegalicia.com\\\/es\\\/#\\\/schema\\\/logo\\\/image\\\/\",\"url\":\"https:\\\/\\\/ppdegalicia.com\\\/wp-content\\\/uploads\\\/2023\\\/04\\\/logoPP512.png\",\"contentUrl\":\"https:\\\/\\\/ppdegalicia.com\\\/wp-content\\\/uploads\\\/2023\\\/04\\\/logoPP512.png\",\"width\":512,\"height\":512,\"caption\":\"Partido Popular de Galicia\"},\"image\":{\"@id\":\"https:\\\/\\\/ppdegalicia.com\\\/es\\\/#\\\/schema\\\/logo\\\/image\\\/\"},\"sameAs\":[\"https:\\\/\\\/www.instagram.com\\\/ppdegalicia\\\/\",\"https:\\\/\\\/x.com\\\/ppdegalicia\",\"https:\\\/\\\/www.tiktok.com\\\/@ppdegalicia\",\"https:\\\/\\\/www.youtube.com\\\/user\\\/ppdegalicia\"]},{\"@type\":\"Person\",\"@id\":\"https:\\\/\\\/ppdegalicia.com\\\/es\\\/#\\\/schema\\\/person\\\/d0f013b8388c980665d44009ab762960\",\"name\":\"Super User\",\"image\":{\"@type\":\"ImageObject\",\"inLanguage\":\"es\",\"@id\":\"https:\\\/\\\/secure.gravatar.com\\\/avatar\\\/1db852625ef4948f58d2739bfbc51e4b9bd5c93b8fa340b59fdb594ca0845645?s=96&d=mm&r=g\",\"url\":\"https:\\\/\\\/secure.gravatar.com\\\/avatar\\\/1db852625ef4948f58d2739bfbc51e4b9bd5c93b8fa340b59fdb594ca0845645?s=96&d=mm&r=g\",\"contentUrl\":\"https:\\\/\\\/secure.gravatar.com\\\/avatar\\\/1db852625ef4948f58d2739bfbc51e4b9bd5c93b8fa340b59fdb594ca0845645?s=96&d=mm&r=g\",\"caption\":\"Super User\"},\"url\":\"https:\\\/\\\/ppdegalicia.com\\\/es\\\/author\\\/ppdegaliciagestion\\\/\"}]}<\/script>\n<!-- \/ Yoast SEO plugin. -->","yoast_head_json":{"title":"O PPdeG lamenta que a situaci\u00f3n de Alcoa empeora d\u00eda a d\u00eda e, de non tomar medidas o Goberno central, a nova poxa ser\u00e1 a antesala do seu peche - PP de Galicia","robots":{"index":"index","follow":"follow","max-snippet":"max-snippet:-1","max-image-preview":"max-image-preview:large","max-video-preview":"max-video-preview:-1"},"canonical":"https:\/\/ppdegalicia.com\/es\/o-ppdeg-lamenta-que-a-situacion-de-alcoa-empeora-dia-a-dia-e-de-non-tomar-medidas-o-goberno-central-a-nova-poxa-sera-a-antesala-do-seu-peche\/","og_locale":"es_ES","og_type":"article","og_title":"O PPdeG lamenta que a situaci\u00f3n de Alcoa empeora d\u00eda a d\u00eda e, de non tomar medidas o Goberno central, a nova poxa ser\u00e1 a antesala do seu peche - PP de Galicia","og_description":"Santiago, 11 de decembro de 2019.- A portavoz de Enerx\u00eda do Grupo Popular, Marta N\u00f3voa, lamentou hoxe no Parlamento que \u201co Goberno socialista de Pedro S\u00e1nchez empeora d\u00eda a d\u00eda a situaci\u00f3n de Alcoa\u201d e sinalou que, de non aprobar o novo estatuto para as empresas electrointensivas, \u201ca nova poxa de interrumpibilidade convocada para a [&hellip;]","og_url":"https:\/\/ppdegalicia.com\/es\/o-ppdeg-lamenta-que-a-situacion-de-alcoa-empeora-dia-a-dia-e-de-non-tomar-medidas-o-goberno-central-a-nova-poxa-sera-a-antesala-do-seu-peche\/","og_site_name":"PP de Galicia","article_publisher":"https:\/\/www.instagram.com\/ppdegalicia\/","article_published_time":"2019-12-11T09:54:52+00:00","author":"Super User","twitter_card":"summary_large_image","twitter_creator":"@ppdegalicia","twitter_site":"@ppdegalicia","twitter_misc":{"Escrito por":"Super User","Tiempo de lectura":"2 minutos"},"schema":{"@context":"https:\/\/schema.org","@graph":[{"@type":"Article","@id":"https:\/\/ppdegalicia.com\/es\/o-ppdeg-lamenta-que-a-situacion-de-alcoa-empeora-dia-a-dia-e-de-non-tomar-medidas-o-goberno-central-a-nova-poxa-sera-a-antesala-do-seu-peche\/#article","isPartOf":{"@id":"https:\/\/ppdegalicia.com\/es\/o-ppdeg-lamenta-que-a-situacion-de-alcoa-empeora-dia-a-dia-e-de-non-tomar-medidas-o-goberno-central-a-nova-poxa-sera-a-antesala-do-seu-peche\/"},"author":{"name":"Super User","@id":"https:\/\/ppdegalicia.com\/es\/#\/schema\/person\/d0f013b8388c980665d44009ab762960"},"headline":"O PPdeG lamenta que a situaci\u00f3n de Alcoa empeora d\u00eda a d\u00eda e, de non tomar medidas o Goberno central, a nova poxa ser\u00e1 a antesala do seu peche","datePublished":"2019-12-11T09:54:52+00:00","mainEntityOfPage":{"@id":"https:\/\/ppdegalicia.com\/es\/o-ppdeg-lamenta-que-a-situacion-de-alcoa-empeora-dia-a-dia-e-de-non-tomar-medidas-o-goberno-central-a-nova-poxa-sera-a-antesala-do-seu-peche\/"},"wordCount":364,"commentCount":0,"publisher":{"@id":"https:\/\/ppdegalicia.com\/es\/#organization"},"articleSection":["PP de Galicia"],"inLanguage":"es","potentialAction":[{"@type":"CommentAction","name":"Comment","target":["https:\/\/ppdegalicia.com\/es\/o-ppdeg-lamenta-que-a-situacion-de-alcoa-empeora-dia-a-dia-e-de-non-tomar-medidas-o-goberno-central-a-nova-poxa-sera-a-antesala-do-seu-peche\/#respond"]}]},{"@type":"WebPage","@id":"https:\/\/ppdegalicia.com\/es\/o-ppdeg-lamenta-que-a-situacion-de-alcoa-empeora-dia-a-dia-e-de-non-tomar-medidas-o-goberno-central-a-nova-poxa-sera-a-antesala-do-seu-peche\/","url":"https:\/\/ppdegalicia.com\/es\/o-ppdeg-lamenta-que-a-situacion-de-alcoa-empeora-dia-a-dia-e-de-non-tomar-medidas-o-goberno-central-a-nova-poxa-sera-a-antesala-do-seu-peche\/","name":"O PPdeG lamenta que a situaci\u00f3n de Alcoa empeora d\u00eda a d\u00eda e, de non tomar medidas o Goberno central, a nova poxa ser\u00e1 a antesala do seu peche - PP de Galicia","isPartOf":{"@id":"https:\/\/ppdegalicia.com\/es\/#website"},"datePublished":"2019-12-11T09:54:52+00:00","breadcrumb":{"@id":"https:\/\/ppdegalicia.com\/es\/o-ppdeg-lamenta-que-a-situacion-de-alcoa-empeora-dia-a-dia-e-de-non-tomar-medidas-o-goberno-central-a-nova-poxa-sera-a-antesala-do-seu-peche\/#breadcrumb"},"inLanguage":"es","potentialAction":[{"@type":"ReadAction","target":["https:\/\/ppdegalicia.com\/es\/o-ppdeg-lamenta-que-a-situacion-de-alcoa-empeora-dia-a-dia-e-de-non-tomar-medidas-o-goberno-central-a-nova-poxa-sera-a-antesala-do-seu-peche\/"]}]},{"@type":"BreadcrumbList","@id":"https:\/\/ppdegalicia.com\/es\/o-ppdeg-lamenta-que-a-situacion-de-alcoa-empeora-dia-a-dia-e-de-non-tomar-medidas-o-goberno-central-a-nova-poxa-sera-a-antesala-do-seu-peche\/#breadcrumb","itemListElement":[{"@type":"ListItem","position":1,"name":"Portada","item":"https:\/\/ppdegalicia.com\/es\/"},{"@type":"ListItem","position":2,"name":"O PPdeG lamenta que a situaci\u00f3n de Alcoa empeora d\u00eda a d\u00eda e, de non tomar medidas o Goberno central, a nova poxa ser\u00e1 a antesala do seu peche"}]},{"@type":"WebSite","@id":"https:\/\/ppdegalicia.com\/es\/#website","url":"https:\/\/ppdegalicia.com\/es\/","name":"Partido Popular de Galicia","description":"Partido Popular de Galicia","publisher":{"@id":"https:\/\/ppdegalicia.com\/es\/#organization"},"alternateName":"PP de Galicia","potentialAction":[{"@type":"SearchAction","target":{"@type":"EntryPoint","urlTemplate":"https:\/\/ppdegalicia.com\/es\/?s={search_term_string}"},"query-input":{"@type":"PropertyValueSpecification","valueRequired":true,"valueName":"search_term_string"}}],"inLanguage":"es"},{"@type":"Organization","@id":"https:\/\/ppdegalicia.com\/es\/#organization","name":"Partido Popular de Galicia","alternateName":"PP de Galicia","url":"https:\/\/ppdegalicia.com\/es\/","logo":{"@type":"ImageObject","inLanguage":"es","@id":"https:\/\/ppdegalicia.com\/es\/#\/schema\/logo\/image\/","url":"https:\/\/ppdegalicia.com\/wp-content\/uploads\/2023\/04\/logoPP512.png","contentUrl":"https:\/\/ppdegalicia.com\/wp-content\/uploads\/2023\/04\/logoPP512.png","width":512,"height":512,"caption":"Partido Popular de Galicia"},"image":{"@id":"https:\/\/ppdegalicia.com\/es\/#\/schema\/logo\/image\/"},"sameAs":["https:\/\/www.instagram.com\/ppdegalicia\/","https:\/\/x.com\/ppdegalicia","https:\/\/www.tiktok.com\/@ppdegalicia","https:\/\/www.youtube.com\/user\/ppdegalicia"]},{"@type":"Person","@id":"https:\/\/ppdegalicia.com\/es\/#\/schema\/person\/d0f013b8388c980665d44009ab762960","name":"Super User","image":{"@type":"ImageObject","inLanguage":"es","@id":"https:\/\/secure.gravatar.com\/avatar\/1db852625ef4948f58d2739bfbc51e4b9bd5c93b8fa340b59fdb594ca0845645?s=96&d=mm&r=g","url":"https:\/\/secure.gravatar.com\/avatar\/1db852625ef4948f58d2739bfbc51e4b9bd5c93b8fa340b59fdb594ca0845645?s=96&d=mm&r=g","contentUrl":"https:\/\/secure.gravatar.com\/avatar\/1db852625ef4948f58d2739bfbc51e4b9bd5c93b8fa340b59fdb594ca0845645?s=96&d=mm&r=g","caption":"Super User"},"url":"https:\/\/ppdegalicia.com\/es\/author\/ppdegaliciagestion\/"}]}},"_links":{"self":[{"href":"https:\/\/ppdegalicia.com\/es\/wp-json\/wp\/v2\/posts\/52079","targetHints":{"allow":["GET"]}}],"collection":[{"href":"https:\/\/ppdegalicia.com\/es\/wp-json\/wp\/v2\/posts"}],"about":[{"href":"https:\/\/ppdegalicia.com\/es\/wp-json\/wp\/v2\/types\/post"}],"author":[{"embeddable":true,"href":"https:\/\/ppdegalicia.com\/es\/wp-json\/wp\/v2\/users\/37"}],"replies":[{"embeddable":true,"href":"https:\/\/ppdegalicia.com\/es\/wp-json\/wp\/v2\/comments?post=52079"}],"version-history":[{"count":0,"href":"https:\/\/ppdegalicia.com\/es\/wp-json\/wp\/v2\/posts\/52079\/revisions"}],"wp:attachment":[{"href":"https:\/\/ppdegalicia.com\/es\/wp-json\/wp\/v2\/media?parent=52079"}],"wp:term":[{"taxonomy":"category","embeddable":true,"href":"https:\/\/ppdegalicia.com\/es\/wp-json\/wp\/v2\/categories?post=52079"},{"taxonomy":"post_tag","embeddable":true,"href":"https:\/\/ppdegalicia.com\/es\/wp-json\/wp\/v2\/tags?post=52079"}],"curies":[{"name":"wp","href":"https:\/\/api.w.org\/{rel}","templated":true}]}}