{"id":52084,"date":"2019-12-13T08:16:25","date_gmt":"2019-12-13T06:16:25","guid":{"rendered":"https:\/\/ppdegalicia.com\/o-parlamento-galego-demanda-a-elaboracion-dunha-guia-con-actuacions-para-acadar-vivendas-intelixentes\/"},"modified":"2019-12-13T08:16:25","modified_gmt":"2019-12-13T06:16:25","slug":"o-parlamento-galego-demanda-a-elaboracion-dunha-guia-con-actuacions-para-acadar-vivendas-intelixentes","status":"publish","type":"post","link":"https:\/\/ppdegalicia.com\/es\/o-parlamento-galego-demanda-a-elaboracion-dunha-guia-con-actuacions-para-acadar-vivendas-intelixentes\/","title":{"rendered":"O Parlamento galego demanda a elaboraci\u00f3n dunha gu\u00eda con actuaci\u00f3ns para acadar vivendas intelixentes"},"content":{"rendered":"<p>Santiago, 12 de decembro de 2019.- O Parlamento de Galicia aprobou hoxe a proposici\u00f3n non de lei do Grupo Popular a trav\u00e9s da que se insta a Xunta a elaborar unha gu\u00eda con actuaci\u00f3ns para acadar vivendas intelixentes, con especial orientaci\u00f3n a mellora dos aspectos de sostenibilidade e eficiencia enerx\u00e9tica das mesmas.<\/p>\n<p><!--more--><\/p>\n<p>\u201cAs vivendas do futuro perseguir\u00e1n o obxectivo de utilizar enerx\u00edas renovables e ser parte activa por facer do planeta un lugar m\u00e1is limpo, sostible e accesible\u201d, sinalou o portavoz de Vivenda, Jaime Casti\u00f1eira.<\/p>\n<p>&nbsp;<\/p>\n<p>Na s\u00faa intervenci\u00f3n, Casti\u00f1eira sinalou que \u201ca automatizaci\u00f3n dos servizos de xesti\u00f3n enerx\u00e9tica, seguridade, benestar e comunicaci\u00f3n mediante sistemas inform\u00e1ticos, as\u00ed como a autonom\u00eda enerx\u00e9tica das edificaci\u00f3ns mediante a aplicaci\u00f3n de tecnolox\u00edas capaces de xerar, almacenar e aforrar enerx\u00eda, est\u00e1 a ser un dos obxectivos dos novos proxectos de vivendas\u201d.<\/p>\n<p>&nbsp;<\/p>\n<p><strong>EDIFICIOS M\u00c1IS SOSTIBLES<\/strong><\/p>\n<p>&nbsp;<\/p>\n<p>Ademais, o portavoz popular lembrou que estes novos proxectos de vivendas deben de contar con espazos accesibles para facilitar a recarga el\u00e9ctrica de coches, bicicletas e outros dispositivos de transporte. \u201cAs azoteas ser\u00e1n xard\u00edns urbanos, nos que a accesibilidade e os paneis solares ser\u00e1n case unha obriga, todo elo dirixido a conseguir edificios m\u00e1is sostibles\u201d, apuntou.<\/p>\n<p>&nbsp;<\/p>\n<p>Dentro desta sostenibilidade, Jaime Casti\u00f1eira manifestou que \u201ca aposta pola rehabilitaci\u00f3n debe de ocupar un espazo destacado, coa adaptaci\u00f3n das vivendas obsoletas \u00e1 demanda de hoxe, fac\u00e9ndoas m\u00e1is flexibles, conectadas, sostibles, personalizadas e accesibles para usuarios que evolucionan e demandan novos servizos\u201d.<\/p>\n<p>&nbsp;<\/p>\n<p>Esta nova gu\u00eda para a consecuci\u00f3n de vivendas intelixentes sumarase \u00e1s gu\u00edas xa existentes para a mellora das vivendas, cunha especial incidencia na eficiencia enerx\u00e9tica e nas medidas destinadas ao aforro de enerx\u00eda, ou con recomendaci\u00f3ns para a eliminaci\u00f3n e mitigaci\u00f3n do gas rad\u00f3n nas vivendas. \u201cEsta nova gu\u00eda servir\u00e1 non s\u00f3 para profesionais, sen\u00f3n tam\u00e9n para autopromoci\u00f3ns ou para que os futuros compradores dispo\u00f1an de toda a informaci\u00f3n necesaria para facer a s\u00faa vivenda intelixente\u201d, apuntou Jaime Casti\u00f1eira.<\/p>\n","protected":false},"excerpt":{"rendered":"<p>Santiago, 12 de decembro de 2019.- O Parlamento de Galicia aprobou hoxe a proposici\u00f3n non de lei do Grupo Popular a trav\u00e9s da que se insta a Xunta a elaborar unha gu\u00eda con actuaci\u00f3ns para acadar vivendas intelixentes, con especial orientaci\u00f3n a mellora dos aspectos de sostenibilidade e eficiencia enerx\u00e9tica das mesmas.<\/p>\n","protected":false},"author":37,"featured_media":0,"comment_status":"open","ping_status":"open","sticky":false,"template":"","format":"standard","meta":{"_acf_changed":false,"footnotes":""},"categories":[1],"tags":[],"class_list":["post-52084","post","type-post","status-publish","format-standard","hentry","category-pp-de-galicia"],"acf":[],"yoast_head":"<!-- This site is optimized with the Yoast SEO plugin v27.3 - https:\/\/yoast.com\/product\/yoast-seo-wordpress\/ -->\n<title>O Parlamento galego demanda a elaboraci\u00f3n dunha gu\u00eda con actuaci\u00f3ns para acadar vivendas intelixentes - PP de Galicia<\/title>\n<meta name=\"robots\" content=\"index, follow, max-snippet:-1, max-image-preview:large, max-video-preview:-1\" \/>\n<link rel=\"canonical\" href=\"https:\/\/ppdegalicia.com\/es\/o-parlamento-galego-demanda-a-elaboracion-dunha-guia-con-actuacions-para-acadar-vivendas-intelixentes\/\" \/>\n<meta property=\"og:locale\" content=\"es_ES\" \/>\n<meta property=\"og:type\" content=\"article\" \/>\n<meta property=\"og:title\" content=\"O Parlamento galego demanda a elaboraci\u00f3n dunha gu\u00eda con actuaci\u00f3ns para acadar vivendas intelixentes - PP de Galicia\" \/>\n<meta property=\"og:description\" content=\"Santiago, 12 de decembro de 2019.- O Parlamento de Galicia aprobou hoxe a proposici\u00f3n non de lei do Grupo Popular a trav\u00e9s da que se insta a Xunta a elaborar unha gu\u00eda con actuaci\u00f3ns para acadar vivendas intelixentes, con especial orientaci\u00f3n a mellora dos aspectos de sostenibilidade e eficiencia enerx\u00e9tica das mesmas.\" \/>\n<meta property=\"og:url\" content=\"https:\/\/ppdegalicia.com\/es\/o-parlamento-galego-demanda-a-elaboracion-dunha-guia-con-actuacions-para-acadar-vivendas-intelixentes\/\" \/>\n<meta property=\"og:site_name\" content=\"PP de Galicia\" \/>\n<meta property=\"article:publisher\" content=\"https:\/\/www.instagram.com\/ppdegalicia\/\" \/>\n<meta property=\"article:published_time\" content=\"2019-12-13T06:16:25+00:00\" \/>\n<meta name=\"author\" content=\"Super User\" \/>\n<meta name=\"twitter:card\" content=\"summary_large_image\" \/>\n<meta name=\"twitter:creator\" content=\"@ppdegalicia\" \/>\n<meta name=\"twitter:site\" content=\"@ppdegalicia\" \/>\n<meta name=\"twitter:label1\" content=\"Escrito por\" \/>\n\t<meta name=\"twitter:data1\" content=\"Super User\" \/>\n\t<meta name=\"twitter:label2\" content=\"Tiempo de lectura\" \/>\n\t<meta name=\"twitter:data2\" content=\"2 minutos\" \/>\n<script type=\"application\/ld+json\" class=\"yoast-schema-graph\">{\"@context\":\"https:\\\/\\\/schema.org\",\"@graph\":[{\"@type\":\"Article\",\"@id\":\"https:\\\/\\\/ppdegalicia.com\\\/es\\\/o-parlamento-galego-demanda-a-elaboracion-dunha-guia-con-actuacions-para-acadar-vivendas-intelixentes\\\/#article\",\"isPartOf\":{\"@id\":\"https:\\\/\\\/ppdegalicia.com\\\/es\\\/o-parlamento-galego-demanda-a-elaboracion-dunha-guia-con-actuacions-para-acadar-vivendas-intelixentes\\\/\"},\"author\":{\"name\":\"Super User\",\"@id\":\"https:\\\/\\\/ppdegalicia.com\\\/es\\\/#\\\/schema\\\/person\\\/d0f013b8388c980665d44009ab762960\"},\"headline\":\"O Parlamento galego demanda a elaboraci\u00f3n dunha gu\u00eda con actuaci\u00f3ns para acadar vivendas intelixentes\",\"datePublished\":\"2019-12-13T06:16:25+00:00\",\"mainEntityOfPage\":{\"@id\":\"https:\\\/\\\/ppdegalicia.com\\\/es\\\/o-parlamento-galego-demanda-a-elaboracion-dunha-guia-con-actuacions-para-acadar-vivendas-intelixentes\\\/\"},\"wordCount\":387,\"commentCount\":0,\"publisher\":{\"@id\":\"https:\\\/\\\/ppdegalicia.com\\\/es\\\/#organization\"},\"articleSection\":[\"PP de Galicia\"],\"inLanguage\":\"es\",\"potentialAction\":[{\"@type\":\"CommentAction\",\"name\":\"Comment\",\"target\":[\"https:\\\/\\\/ppdegalicia.com\\\/es\\\/o-parlamento-galego-demanda-a-elaboracion-dunha-guia-con-actuacions-para-acadar-vivendas-intelixentes\\\/#respond\"]}]},{\"@type\":\"WebPage\",\"@id\":\"https:\\\/\\\/ppdegalicia.com\\\/es\\\/o-parlamento-galego-demanda-a-elaboracion-dunha-guia-con-actuacions-para-acadar-vivendas-intelixentes\\\/\",\"url\":\"https:\\\/\\\/ppdegalicia.com\\\/es\\\/o-parlamento-galego-demanda-a-elaboracion-dunha-guia-con-actuacions-para-acadar-vivendas-intelixentes\\\/\",\"name\":\"O Parlamento galego demanda a elaboraci\u00f3n dunha gu\u00eda con actuaci\u00f3ns para acadar vivendas intelixentes - PP de Galicia\",\"isPartOf\":{\"@id\":\"https:\\\/\\\/ppdegalicia.com\\\/es\\\/#website\"},\"datePublished\":\"2019-12-13T06:16:25+00:00\",\"breadcrumb\":{\"@id\":\"https:\\\/\\\/ppdegalicia.com\\\/es\\\/o-parlamento-galego-demanda-a-elaboracion-dunha-guia-con-actuacions-para-acadar-vivendas-intelixentes\\\/#breadcrumb\"},\"inLanguage\":\"es\",\"potentialAction\":[{\"@type\":\"ReadAction\",\"target\":[\"https:\\\/\\\/ppdegalicia.com\\\/es\\\/o-parlamento-galego-demanda-a-elaboracion-dunha-guia-con-actuacions-para-acadar-vivendas-intelixentes\\\/\"]}]},{\"@type\":\"BreadcrumbList\",\"@id\":\"https:\\\/\\\/ppdegalicia.com\\\/es\\\/o-parlamento-galego-demanda-a-elaboracion-dunha-guia-con-actuacions-para-acadar-vivendas-intelixentes\\\/#breadcrumb\",\"itemListElement\":[{\"@type\":\"ListItem\",\"position\":1,\"name\":\"Portada\",\"item\":\"https:\\\/\\\/ppdegalicia.com\\\/es\\\/\"},{\"@type\":\"ListItem\",\"position\":2,\"name\":\"O Parlamento galego demanda a elaboraci\u00f3n dunha gu\u00eda con actuaci\u00f3ns para acadar vivendas intelixentes\"}]},{\"@type\":\"WebSite\",\"@id\":\"https:\\\/\\\/ppdegalicia.com\\\/es\\\/#website\",\"url\":\"https:\\\/\\\/ppdegalicia.com\\\/es\\\/\",\"name\":\"Partido Popular de Galicia\",\"description\":\"Partido Popular de Galicia\",\"publisher\":{\"@id\":\"https:\\\/\\\/ppdegalicia.com\\\/es\\\/#organization\"},\"alternateName\":\"PP de Galicia\",\"potentialAction\":[{\"@type\":\"SearchAction\",\"target\":{\"@type\":\"EntryPoint\",\"urlTemplate\":\"https:\\\/\\\/ppdegalicia.com\\\/es\\\/?s={search_term_string}\"},\"query-input\":{\"@type\":\"PropertyValueSpecification\",\"valueRequired\":true,\"valueName\":\"search_term_string\"}}],\"inLanguage\":\"es\"},{\"@type\":\"Organization\",\"@id\":\"https:\\\/\\\/ppdegalicia.com\\\/es\\\/#organization\",\"name\":\"Partido Popular de Galicia\",\"alternateName\":\"PP de Galicia\",\"url\":\"https:\\\/\\\/ppdegalicia.com\\\/es\\\/\",\"logo\":{\"@type\":\"ImageObject\",\"inLanguage\":\"es\",\"@id\":\"https:\\\/\\\/ppdegalicia.com\\\/es\\\/#\\\/schema\\\/logo\\\/image\\\/\",\"url\":\"https:\\\/\\\/ppdegalicia.com\\\/wp-content\\\/uploads\\\/2023\\\/04\\\/logoPP512.png\",\"contentUrl\":\"https:\\\/\\\/ppdegalicia.com\\\/wp-content\\\/uploads\\\/2023\\\/04\\\/logoPP512.png\",\"width\":512,\"height\":512,\"caption\":\"Partido Popular de Galicia\"},\"image\":{\"@id\":\"https:\\\/\\\/ppdegalicia.com\\\/es\\\/#\\\/schema\\\/logo\\\/image\\\/\"},\"sameAs\":[\"https:\\\/\\\/www.instagram.com\\\/ppdegalicia\\\/\",\"https:\\\/\\\/x.com\\\/ppdegalicia\",\"https:\\\/\\\/www.tiktok.com\\\/@ppdegalicia\",\"https:\\\/\\\/www.youtube.com\\\/user\\\/ppdegalicia\"]},{\"@type\":\"Person\",\"@id\":\"https:\\\/\\\/ppdegalicia.com\\\/es\\\/#\\\/schema\\\/person\\\/d0f013b8388c980665d44009ab762960\",\"name\":\"Super User\",\"image\":{\"@type\":\"ImageObject\",\"inLanguage\":\"es\",\"@id\":\"https:\\\/\\\/secure.gravatar.com\\\/avatar\\\/1db852625ef4948f58d2739bfbc51e4b9bd5c93b8fa340b59fdb594ca0845645?s=96&d=mm&r=g\",\"url\":\"https:\\\/\\\/secure.gravatar.com\\\/avatar\\\/1db852625ef4948f58d2739bfbc51e4b9bd5c93b8fa340b59fdb594ca0845645?s=96&d=mm&r=g\",\"contentUrl\":\"https:\\\/\\\/secure.gravatar.com\\\/avatar\\\/1db852625ef4948f58d2739bfbc51e4b9bd5c93b8fa340b59fdb594ca0845645?s=96&d=mm&r=g\",\"caption\":\"Super User\"},\"url\":\"https:\\\/\\\/ppdegalicia.com\\\/es\\\/author\\\/ppdegaliciagestion\\\/\"}]}<\/script>\n<!-- \/ Yoast SEO plugin. -->","yoast_head_json":{"title":"O Parlamento galego demanda a elaboraci\u00f3n dunha gu\u00eda con actuaci\u00f3ns para acadar vivendas intelixentes - PP de Galicia","robots":{"index":"index","follow":"follow","max-snippet":"max-snippet:-1","max-image-preview":"max-image-preview:large","max-video-preview":"max-video-preview:-1"},"canonical":"https:\/\/ppdegalicia.com\/es\/o-parlamento-galego-demanda-a-elaboracion-dunha-guia-con-actuacions-para-acadar-vivendas-intelixentes\/","og_locale":"es_ES","og_type":"article","og_title":"O Parlamento galego demanda a elaboraci\u00f3n dunha gu\u00eda con actuaci\u00f3ns para acadar vivendas intelixentes - PP de Galicia","og_description":"Santiago, 12 de decembro de 2019.- O Parlamento de Galicia aprobou hoxe a proposici\u00f3n non de lei do Grupo Popular a trav\u00e9s da que se insta a Xunta a elaborar unha gu\u00eda con actuaci\u00f3ns para acadar vivendas intelixentes, con especial orientaci\u00f3n a mellora dos aspectos de sostenibilidade e eficiencia enerx\u00e9tica das mesmas.","og_url":"https:\/\/ppdegalicia.com\/es\/o-parlamento-galego-demanda-a-elaboracion-dunha-guia-con-actuacions-para-acadar-vivendas-intelixentes\/","og_site_name":"PP de Galicia","article_publisher":"https:\/\/www.instagram.com\/ppdegalicia\/","article_published_time":"2019-12-13T06:16:25+00:00","author":"Super User","twitter_card":"summary_large_image","twitter_creator":"@ppdegalicia","twitter_site":"@ppdegalicia","twitter_misc":{"Escrito por":"Super User","Tiempo de lectura":"2 minutos"},"schema":{"@context":"https:\/\/schema.org","@graph":[{"@type":"Article","@id":"https:\/\/ppdegalicia.com\/es\/o-parlamento-galego-demanda-a-elaboracion-dunha-guia-con-actuacions-para-acadar-vivendas-intelixentes\/#article","isPartOf":{"@id":"https:\/\/ppdegalicia.com\/es\/o-parlamento-galego-demanda-a-elaboracion-dunha-guia-con-actuacions-para-acadar-vivendas-intelixentes\/"},"author":{"name":"Super User","@id":"https:\/\/ppdegalicia.com\/es\/#\/schema\/person\/d0f013b8388c980665d44009ab762960"},"headline":"O Parlamento galego demanda a elaboraci\u00f3n dunha gu\u00eda con actuaci\u00f3ns para acadar vivendas intelixentes","datePublished":"2019-12-13T06:16:25+00:00","mainEntityOfPage":{"@id":"https:\/\/ppdegalicia.com\/es\/o-parlamento-galego-demanda-a-elaboracion-dunha-guia-con-actuacions-para-acadar-vivendas-intelixentes\/"},"wordCount":387,"commentCount":0,"publisher":{"@id":"https:\/\/ppdegalicia.com\/es\/#organization"},"articleSection":["PP de Galicia"],"inLanguage":"es","potentialAction":[{"@type":"CommentAction","name":"Comment","target":["https:\/\/ppdegalicia.com\/es\/o-parlamento-galego-demanda-a-elaboracion-dunha-guia-con-actuacions-para-acadar-vivendas-intelixentes\/#respond"]}]},{"@type":"WebPage","@id":"https:\/\/ppdegalicia.com\/es\/o-parlamento-galego-demanda-a-elaboracion-dunha-guia-con-actuacions-para-acadar-vivendas-intelixentes\/","url":"https:\/\/ppdegalicia.com\/es\/o-parlamento-galego-demanda-a-elaboracion-dunha-guia-con-actuacions-para-acadar-vivendas-intelixentes\/","name":"O Parlamento galego demanda a elaboraci\u00f3n dunha gu\u00eda con actuaci\u00f3ns para acadar vivendas intelixentes - PP de Galicia","isPartOf":{"@id":"https:\/\/ppdegalicia.com\/es\/#website"},"datePublished":"2019-12-13T06:16:25+00:00","breadcrumb":{"@id":"https:\/\/ppdegalicia.com\/es\/o-parlamento-galego-demanda-a-elaboracion-dunha-guia-con-actuacions-para-acadar-vivendas-intelixentes\/#breadcrumb"},"inLanguage":"es","potentialAction":[{"@type":"ReadAction","target":["https:\/\/ppdegalicia.com\/es\/o-parlamento-galego-demanda-a-elaboracion-dunha-guia-con-actuacions-para-acadar-vivendas-intelixentes\/"]}]},{"@type":"BreadcrumbList","@id":"https:\/\/ppdegalicia.com\/es\/o-parlamento-galego-demanda-a-elaboracion-dunha-guia-con-actuacions-para-acadar-vivendas-intelixentes\/#breadcrumb","itemListElement":[{"@type":"ListItem","position":1,"name":"Portada","item":"https:\/\/ppdegalicia.com\/es\/"},{"@type":"ListItem","position":2,"name":"O Parlamento galego demanda a elaboraci\u00f3n dunha gu\u00eda con actuaci\u00f3ns para acadar vivendas intelixentes"}]},{"@type":"WebSite","@id":"https:\/\/ppdegalicia.com\/es\/#website","url":"https:\/\/ppdegalicia.com\/es\/","name":"Partido Popular de Galicia","description":"Partido Popular de Galicia","publisher":{"@id":"https:\/\/ppdegalicia.com\/es\/#organization"},"alternateName":"PP de Galicia","potentialAction":[{"@type":"SearchAction","target":{"@type":"EntryPoint","urlTemplate":"https:\/\/ppdegalicia.com\/es\/?s={search_term_string}"},"query-input":{"@type":"PropertyValueSpecification","valueRequired":true,"valueName":"search_term_string"}}],"inLanguage":"es"},{"@type":"Organization","@id":"https:\/\/ppdegalicia.com\/es\/#organization","name":"Partido Popular de Galicia","alternateName":"PP de Galicia","url":"https:\/\/ppdegalicia.com\/es\/","logo":{"@type":"ImageObject","inLanguage":"es","@id":"https:\/\/ppdegalicia.com\/es\/#\/schema\/logo\/image\/","url":"https:\/\/ppdegalicia.com\/wp-content\/uploads\/2023\/04\/logoPP512.png","contentUrl":"https:\/\/ppdegalicia.com\/wp-content\/uploads\/2023\/04\/logoPP512.png","width":512,"height":512,"caption":"Partido Popular de Galicia"},"image":{"@id":"https:\/\/ppdegalicia.com\/es\/#\/schema\/logo\/image\/"},"sameAs":["https:\/\/www.instagram.com\/ppdegalicia\/","https:\/\/x.com\/ppdegalicia","https:\/\/www.tiktok.com\/@ppdegalicia","https:\/\/www.youtube.com\/user\/ppdegalicia"]},{"@type":"Person","@id":"https:\/\/ppdegalicia.com\/es\/#\/schema\/person\/d0f013b8388c980665d44009ab762960","name":"Super User","image":{"@type":"ImageObject","inLanguage":"es","@id":"https:\/\/secure.gravatar.com\/avatar\/1db852625ef4948f58d2739bfbc51e4b9bd5c93b8fa340b59fdb594ca0845645?s=96&d=mm&r=g","url":"https:\/\/secure.gravatar.com\/avatar\/1db852625ef4948f58d2739bfbc51e4b9bd5c93b8fa340b59fdb594ca0845645?s=96&d=mm&r=g","contentUrl":"https:\/\/secure.gravatar.com\/avatar\/1db852625ef4948f58d2739bfbc51e4b9bd5c93b8fa340b59fdb594ca0845645?s=96&d=mm&r=g","caption":"Super User"},"url":"https:\/\/ppdegalicia.com\/es\/author\/ppdegaliciagestion\/"}]}},"_links":{"self":[{"href":"https:\/\/ppdegalicia.com\/es\/wp-json\/wp\/v2\/posts\/52084","targetHints":{"allow":["GET"]}}],"collection":[{"href":"https:\/\/ppdegalicia.com\/es\/wp-json\/wp\/v2\/posts"}],"about":[{"href":"https:\/\/ppdegalicia.com\/es\/wp-json\/wp\/v2\/types\/post"}],"author":[{"embeddable":true,"href":"https:\/\/ppdegalicia.com\/es\/wp-json\/wp\/v2\/users\/37"}],"replies":[{"embeddable":true,"href":"https:\/\/ppdegalicia.com\/es\/wp-json\/wp\/v2\/comments?post=52084"}],"version-history":[{"count":0,"href":"https:\/\/ppdegalicia.com\/es\/wp-json\/wp\/v2\/posts\/52084\/revisions"}],"wp:attachment":[{"href":"https:\/\/ppdegalicia.com\/es\/wp-json\/wp\/v2\/media?parent=52084"}],"wp:term":[{"taxonomy":"category","embeddable":true,"href":"https:\/\/ppdegalicia.com\/es\/wp-json\/wp\/v2\/categories?post=52084"},{"taxonomy":"post_tag","embeddable":true,"href":"https:\/\/ppdegalicia.com\/es\/wp-json\/wp\/v2\/tags?post=52084"}],"curies":[{"name":"wp","href":"https:\/\/api.w.org\/{rel}","templated":true}]}}