{"id":52103,"date":"2019-12-30T09:19:20","date_gmt":"2019-12-30T07:19:20","guid":{"rendered":"https:\/\/ppdegalicia.com\/a-comision-de-igualdade-e-os-dereitos-das-mulleres-aproba-o-seu-ditame-primeiro-paso-para-elaborar-o-pacto-galego-contra-a-violencia-de-xenero\/"},"modified":"2019-12-30T09:19:20","modified_gmt":"2019-12-30T07:19:20","slug":"a-comision-de-igualdade-e-os-dereitos-das-mulleres-aproba-o-seu-ditame-primeiro-paso-para-elaborar-o-pacto-galego-contra-a-violencia-de-xenero","status":"publish","type":"post","link":"https:\/\/ppdegalicia.com\/es\/a-comision-de-igualdade-e-os-dereitos-das-mulleres-aproba-o-seu-ditame-primeiro-paso-para-elaborar-o-pacto-galego-contra-a-violencia-de-xenero\/","title":{"rendered":"A Comisi\u00f3n de Igualdade e os dereitos das mulleres aproba o seu ditame, primeiro paso para elaborar o Pacto Galego contra a Violencia de X\u00e9nero"},"content":{"rendered":"<p>Santiago, 20 de decembro de 2019.- A Comisi\u00f3n de non permanente de estudo para a Igualdade e para os dereitos das mulleres aprobou hoxe o seu ditame, logo da comparecencia de m\u00e1is de 80 persoas e a an\u00e1lise de cerca de 30 informes, \u201ccon propostas que son o primeiro paso para a elaboraci\u00f3n do Pacto Galego contra a Violencia de X\u00e9nero\u201d, manifestou a portavoz popular nesta materia, Mari\u00e1n Garc\u00eda M\u00edguez.<\/p>\n<p><!--more--><\/p>\n<p>&nbsp;<\/p>\n<p>Na s\u00faa intervenci\u00f3n, a Garc\u00eda M\u00edguez sinalou que \u201cvivimos un momento moi importante dentro da loita contra a violencia de x\u00e9nero\u201d e puxo de manifesto \u201co bo traballo desenvolvido dentro da comisi\u00f3n non permanente nun momento de fragmentaci\u00f3n pol\u00edtica como o que vivimos\u201d. Neste sentido, apuntou que \u201co traballo desta Comisi\u00f3n levouse a cabo coa aportaci\u00f3n de todos os grupos pol\u00edticos e especialistas de todas as \u00e1reas ao longo de d\u00faas lexislatura\u201d.<\/p>\n<p>&nbsp;<\/p>\n<p><strong>AVANCES NOTABLES NOS \u00daLTIMOS ANOS<\/strong><\/p>\n<p>&nbsp;<\/p>\n<p>\u201cOs avances na loita contra a violencia de x\u00e9nero en Galicia foron notables nos \u00faltimos anos, logo da aprobaci\u00f3n da Lei org\u00e1nica en 2004 e a Lei galega de prevenci\u00f3n e tratamento integral contra a violencia de x\u00e9nero de 2007, sendo esta \u00faltima m\u00e1is avanzada que a estatal e m\u00e1is en consonancia co Convenio de Istambul, que \u00e9 o marco de referencia no \u00e1mbito lexislativo\u201d, sinalou a portavoz popular.<\/p>\n<p>&nbsp;<\/p>\n<p>Mari\u00e1n Garc\u00eda manifestou que as conclusi\u00f3ns e recomendaci\u00f3ns deste ditame, extra\u00eddas da an\u00e1lise dos informes e a informaci\u00f3n que trasladaron os comparecentes, indican que \u201cen Galicia estamos moi por diante na protecci\u00f3n, na prevenci\u00f3n, nos recursos, na asistencia, na formaci\u00f3n, na sensibilizaci\u00f3n, na educaci\u00f3n, no emprego, na econom\u00eda e, en definitiva, en t\u00f3dolos \u00e1mbitos con respecto a violencia de x\u00e9nero\u201d.<\/p>\n<p>&nbsp;<\/p>\n<p>\u201cDa esencia deste documento xurdir\u00e1 o Pacto Galego contra a violencia de x\u00e9nero, unha proposta de traballo onde t\u00f3dolos grupos pol\u00edticos estamos de acordo para poder chegar a un fin, que debe ser com\u00fan, e apostando polo que nos une: erradicar as\u00ed a violencia de x\u00e9nero, do mesmo xeito que fixemos en 2017 coas propostas de cara ao Pacto de Estado contra a violencia machista\u201d, engadiu.<\/p>\n","protected":false},"excerpt":{"rendered":"<p>Santiago, 20 de decembro de 2019.- A Comisi\u00f3n de non permanente de estudo para a Igualdade e para os dereitos das mulleres aprobou hoxe o seu ditame, logo da comparecencia de m\u00e1is de 80 persoas e a an\u00e1lise de cerca de 30 informes, \u201ccon propostas que son o primeiro paso para a elaboraci\u00f3n do Pacto [&hellip;]<\/p>\n","protected":false},"author":37,"featured_media":0,"comment_status":"open","ping_status":"open","sticky":false,"template":"","format":"standard","meta":{"_acf_changed":false,"footnotes":""},"categories":[1],"tags":[],"class_list":["post-52103","post","type-post","status-publish","format-standard","hentry","category-pp-de-galicia"],"acf":[],"yoast_head":"<!-- This site is optimized with the Yoast SEO plugin v27.3 - https:\/\/yoast.com\/product\/yoast-seo-wordpress\/ -->\n<title>A Comisi\u00f3n de Igualdade e os dereitos das mulleres aproba o seu ditame, primeiro paso para elaborar o Pacto Galego contra a Violencia de X\u00e9nero - PP de Galicia<\/title>\n<meta name=\"robots\" content=\"index, follow, max-snippet:-1, max-image-preview:large, max-video-preview:-1\" \/>\n<link rel=\"canonical\" href=\"https:\/\/ppdegalicia.com\/es\/a-comision-de-igualdade-e-os-dereitos-das-mulleres-aproba-o-seu-ditame-primeiro-paso-para-elaborar-o-pacto-galego-contra-a-violencia-de-xenero\/\" \/>\n<meta property=\"og:locale\" content=\"es_ES\" \/>\n<meta property=\"og:type\" content=\"article\" \/>\n<meta property=\"og:title\" content=\"A Comisi\u00f3n de Igualdade e os dereitos das mulleres aproba o seu ditame, primeiro paso para elaborar o Pacto Galego contra a Violencia de X\u00e9nero - PP de Galicia\" \/>\n<meta property=\"og:description\" content=\"Santiago, 20 de decembro de 2019.- A Comisi\u00f3n de non permanente de estudo para a Igualdade e para os dereitos das mulleres aprobou hoxe o seu ditame, logo da comparecencia de m\u00e1is de 80 persoas e a an\u00e1lise de cerca de 30 informes, \u201ccon propostas que son o primeiro paso para a elaboraci\u00f3n do Pacto [&hellip;]\" \/>\n<meta property=\"og:url\" content=\"https:\/\/ppdegalicia.com\/es\/a-comision-de-igualdade-e-os-dereitos-das-mulleres-aproba-o-seu-ditame-primeiro-paso-para-elaborar-o-pacto-galego-contra-a-violencia-de-xenero\/\" \/>\n<meta property=\"og:site_name\" content=\"PP de Galicia\" \/>\n<meta property=\"article:publisher\" content=\"https:\/\/www.instagram.com\/ppdegalicia\/\" \/>\n<meta property=\"article:published_time\" content=\"2019-12-30T07:19:20+00:00\" \/>\n<meta name=\"author\" content=\"Super User\" \/>\n<meta name=\"twitter:card\" content=\"summary_large_image\" \/>\n<meta name=\"twitter:creator\" content=\"@ppdegalicia\" \/>\n<meta name=\"twitter:site\" content=\"@ppdegalicia\" \/>\n<meta name=\"twitter:label1\" content=\"Escrito por\" \/>\n\t<meta name=\"twitter:data1\" content=\"Super User\" \/>\n\t<meta name=\"twitter:label2\" content=\"Tiempo de lectura\" \/>\n\t<meta name=\"twitter:data2\" content=\"2 minutos\" \/>\n<script type=\"application\/ld+json\" class=\"yoast-schema-graph\">{\"@context\":\"https:\\\/\\\/schema.org\",\"@graph\":[{\"@type\":\"Article\",\"@id\":\"https:\\\/\\\/ppdegalicia.com\\\/es\\\/a-comision-de-igualdade-e-os-dereitos-das-mulleres-aproba-o-seu-ditame-primeiro-paso-para-elaborar-o-pacto-galego-contra-a-violencia-de-xenero\\\/#article\",\"isPartOf\":{\"@id\":\"https:\\\/\\\/ppdegalicia.com\\\/es\\\/a-comision-de-igualdade-e-os-dereitos-das-mulleres-aproba-o-seu-ditame-primeiro-paso-para-elaborar-o-pacto-galego-contra-a-violencia-de-xenero\\\/\"},\"author\":{\"name\":\"Super User\",\"@id\":\"https:\\\/\\\/ppdegalicia.com\\\/es\\\/#\\\/schema\\\/person\\\/d0f013b8388c980665d44009ab762960\"},\"headline\":\"A Comisi\u00f3n de Igualdade e os dereitos das mulleres aproba o seu ditame, primeiro paso para elaborar o Pacto Galego contra a Violencia de X\u00e9nero\",\"datePublished\":\"2019-12-30T07:19:20+00:00\",\"mainEntityOfPage\":{\"@id\":\"https:\\\/\\\/ppdegalicia.com\\\/es\\\/a-comision-de-igualdade-e-os-dereitos-das-mulleres-aproba-o-seu-ditame-primeiro-paso-para-elaborar-o-pacto-galego-contra-a-violencia-de-xenero\\\/\"},\"wordCount\":414,\"commentCount\":0,\"publisher\":{\"@id\":\"https:\\\/\\\/ppdegalicia.com\\\/es\\\/#organization\"},\"articleSection\":[\"PP de Galicia\"],\"inLanguage\":\"es\",\"potentialAction\":[{\"@type\":\"CommentAction\",\"name\":\"Comment\",\"target\":[\"https:\\\/\\\/ppdegalicia.com\\\/es\\\/a-comision-de-igualdade-e-os-dereitos-das-mulleres-aproba-o-seu-ditame-primeiro-paso-para-elaborar-o-pacto-galego-contra-a-violencia-de-xenero\\\/#respond\"]}]},{\"@type\":\"WebPage\",\"@id\":\"https:\\\/\\\/ppdegalicia.com\\\/es\\\/a-comision-de-igualdade-e-os-dereitos-das-mulleres-aproba-o-seu-ditame-primeiro-paso-para-elaborar-o-pacto-galego-contra-a-violencia-de-xenero\\\/\",\"url\":\"https:\\\/\\\/ppdegalicia.com\\\/es\\\/a-comision-de-igualdade-e-os-dereitos-das-mulleres-aproba-o-seu-ditame-primeiro-paso-para-elaborar-o-pacto-galego-contra-a-violencia-de-xenero\\\/\",\"name\":\"A Comisi\u00f3n de Igualdade e os dereitos das mulleres aproba o seu ditame, primeiro paso para elaborar o Pacto Galego contra a Violencia de X\u00e9nero - PP de Galicia\",\"isPartOf\":{\"@id\":\"https:\\\/\\\/ppdegalicia.com\\\/es\\\/#website\"},\"datePublished\":\"2019-12-30T07:19:20+00:00\",\"breadcrumb\":{\"@id\":\"https:\\\/\\\/ppdegalicia.com\\\/es\\\/a-comision-de-igualdade-e-os-dereitos-das-mulleres-aproba-o-seu-ditame-primeiro-paso-para-elaborar-o-pacto-galego-contra-a-violencia-de-xenero\\\/#breadcrumb\"},\"inLanguage\":\"es\",\"potentialAction\":[{\"@type\":\"ReadAction\",\"target\":[\"https:\\\/\\\/ppdegalicia.com\\\/es\\\/a-comision-de-igualdade-e-os-dereitos-das-mulleres-aproba-o-seu-ditame-primeiro-paso-para-elaborar-o-pacto-galego-contra-a-violencia-de-xenero\\\/\"]}]},{\"@type\":\"BreadcrumbList\",\"@id\":\"https:\\\/\\\/ppdegalicia.com\\\/es\\\/a-comision-de-igualdade-e-os-dereitos-das-mulleres-aproba-o-seu-ditame-primeiro-paso-para-elaborar-o-pacto-galego-contra-a-violencia-de-xenero\\\/#breadcrumb\",\"itemListElement\":[{\"@type\":\"ListItem\",\"position\":1,\"name\":\"Portada\",\"item\":\"https:\\\/\\\/ppdegalicia.com\\\/es\\\/\"},{\"@type\":\"ListItem\",\"position\":2,\"name\":\"A Comisi\u00f3n de Igualdade e os dereitos das mulleres aproba o seu ditame, primeiro paso para elaborar o Pacto Galego contra a Violencia de X\u00e9nero\"}]},{\"@type\":\"WebSite\",\"@id\":\"https:\\\/\\\/ppdegalicia.com\\\/es\\\/#website\",\"url\":\"https:\\\/\\\/ppdegalicia.com\\\/es\\\/\",\"name\":\"Partido Popular de Galicia\",\"description\":\"Partido Popular de Galicia\",\"publisher\":{\"@id\":\"https:\\\/\\\/ppdegalicia.com\\\/es\\\/#organization\"},\"alternateName\":\"PP de Galicia\",\"potentialAction\":[{\"@type\":\"SearchAction\",\"target\":{\"@type\":\"EntryPoint\",\"urlTemplate\":\"https:\\\/\\\/ppdegalicia.com\\\/es\\\/?s={search_term_string}\"},\"query-input\":{\"@type\":\"PropertyValueSpecification\",\"valueRequired\":true,\"valueName\":\"search_term_string\"}}],\"inLanguage\":\"es\"},{\"@type\":\"Organization\",\"@id\":\"https:\\\/\\\/ppdegalicia.com\\\/es\\\/#organization\",\"name\":\"Partido Popular de Galicia\",\"alternateName\":\"PP de Galicia\",\"url\":\"https:\\\/\\\/ppdegalicia.com\\\/es\\\/\",\"logo\":{\"@type\":\"ImageObject\",\"inLanguage\":\"es\",\"@id\":\"https:\\\/\\\/ppdegalicia.com\\\/es\\\/#\\\/schema\\\/logo\\\/image\\\/\",\"url\":\"https:\\\/\\\/ppdegalicia.com\\\/wp-content\\\/uploads\\\/2023\\\/04\\\/logoPP512.png\",\"contentUrl\":\"https:\\\/\\\/ppdegalicia.com\\\/wp-content\\\/uploads\\\/2023\\\/04\\\/logoPP512.png\",\"width\":512,\"height\":512,\"caption\":\"Partido Popular de Galicia\"},\"image\":{\"@id\":\"https:\\\/\\\/ppdegalicia.com\\\/es\\\/#\\\/schema\\\/logo\\\/image\\\/\"},\"sameAs\":[\"https:\\\/\\\/www.instagram.com\\\/ppdegalicia\\\/\",\"https:\\\/\\\/x.com\\\/ppdegalicia\",\"https:\\\/\\\/www.tiktok.com\\\/@ppdegalicia\",\"https:\\\/\\\/www.youtube.com\\\/user\\\/ppdegalicia\"]},{\"@type\":\"Person\",\"@id\":\"https:\\\/\\\/ppdegalicia.com\\\/es\\\/#\\\/schema\\\/person\\\/d0f013b8388c980665d44009ab762960\",\"name\":\"Super User\",\"image\":{\"@type\":\"ImageObject\",\"inLanguage\":\"es\",\"@id\":\"https:\\\/\\\/secure.gravatar.com\\\/avatar\\\/1db852625ef4948f58d2739bfbc51e4b9bd5c93b8fa340b59fdb594ca0845645?s=96&d=mm&r=g\",\"url\":\"https:\\\/\\\/secure.gravatar.com\\\/avatar\\\/1db852625ef4948f58d2739bfbc51e4b9bd5c93b8fa340b59fdb594ca0845645?s=96&d=mm&r=g\",\"contentUrl\":\"https:\\\/\\\/secure.gravatar.com\\\/avatar\\\/1db852625ef4948f58d2739bfbc51e4b9bd5c93b8fa340b59fdb594ca0845645?s=96&d=mm&r=g\",\"caption\":\"Super User\"},\"url\":\"https:\\\/\\\/ppdegalicia.com\\\/es\\\/author\\\/ppdegaliciagestion\\\/\"}]}<\/script>\n<!-- \/ Yoast SEO plugin. -->","yoast_head_json":{"title":"A Comisi\u00f3n de Igualdade e os dereitos das mulleres aproba o seu ditame, primeiro paso para elaborar o Pacto Galego contra a Violencia de X\u00e9nero - PP de Galicia","robots":{"index":"index","follow":"follow","max-snippet":"max-snippet:-1","max-image-preview":"max-image-preview:large","max-video-preview":"max-video-preview:-1"},"canonical":"https:\/\/ppdegalicia.com\/es\/a-comision-de-igualdade-e-os-dereitos-das-mulleres-aproba-o-seu-ditame-primeiro-paso-para-elaborar-o-pacto-galego-contra-a-violencia-de-xenero\/","og_locale":"es_ES","og_type":"article","og_title":"A Comisi\u00f3n de Igualdade e os dereitos das mulleres aproba o seu ditame, primeiro paso para elaborar o Pacto Galego contra a Violencia de X\u00e9nero - PP de Galicia","og_description":"Santiago, 20 de decembro de 2019.- A Comisi\u00f3n de non permanente de estudo para a Igualdade e para os dereitos das mulleres aprobou hoxe o seu ditame, logo da comparecencia de m\u00e1is de 80 persoas e a an\u00e1lise de cerca de 30 informes, \u201ccon propostas que son o primeiro paso para a elaboraci\u00f3n do Pacto [&hellip;]","og_url":"https:\/\/ppdegalicia.com\/es\/a-comision-de-igualdade-e-os-dereitos-das-mulleres-aproba-o-seu-ditame-primeiro-paso-para-elaborar-o-pacto-galego-contra-a-violencia-de-xenero\/","og_site_name":"PP de Galicia","article_publisher":"https:\/\/www.instagram.com\/ppdegalicia\/","article_published_time":"2019-12-30T07:19:20+00:00","author":"Super User","twitter_card":"summary_large_image","twitter_creator":"@ppdegalicia","twitter_site":"@ppdegalicia","twitter_misc":{"Escrito por":"Super User","Tiempo de lectura":"2 minutos"},"schema":{"@context":"https:\/\/schema.org","@graph":[{"@type":"Article","@id":"https:\/\/ppdegalicia.com\/es\/a-comision-de-igualdade-e-os-dereitos-das-mulleres-aproba-o-seu-ditame-primeiro-paso-para-elaborar-o-pacto-galego-contra-a-violencia-de-xenero\/#article","isPartOf":{"@id":"https:\/\/ppdegalicia.com\/es\/a-comision-de-igualdade-e-os-dereitos-das-mulleres-aproba-o-seu-ditame-primeiro-paso-para-elaborar-o-pacto-galego-contra-a-violencia-de-xenero\/"},"author":{"name":"Super User","@id":"https:\/\/ppdegalicia.com\/es\/#\/schema\/person\/d0f013b8388c980665d44009ab762960"},"headline":"A Comisi\u00f3n de Igualdade e os dereitos das mulleres aproba o seu ditame, primeiro paso para elaborar o Pacto Galego contra a Violencia de X\u00e9nero","datePublished":"2019-12-30T07:19:20+00:00","mainEntityOfPage":{"@id":"https:\/\/ppdegalicia.com\/es\/a-comision-de-igualdade-e-os-dereitos-das-mulleres-aproba-o-seu-ditame-primeiro-paso-para-elaborar-o-pacto-galego-contra-a-violencia-de-xenero\/"},"wordCount":414,"commentCount":0,"publisher":{"@id":"https:\/\/ppdegalicia.com\/es\/#organization"},"articleSection":["PP de Galicia"],"inLanguage":"es","potentialAction":[{"@type":"CommentAction","name":"Comment","target":["https:\/\/ppdegalicia.com\/es\/a-comision-de-igualdade-e-os-dereitos-das-mulleres-aproba-o-seu-ditame-primeiro-paso-para-elaborar-o-pacto-galego-contra-a-violencia-de-xenero\/#respond"]}]},{"@type":"WebPage","@id":"https:\/\/ppdegalicia.com\/es\/a-comision-de-igualdade-e-os-dereitos-das-mulleres-aproba-o-seu-ditame-primeiro-paso-para-elaborar-o-pacto-galego-contra-a-violencia-de-xenero\/","url":"https:\/\/ppdegalicia.com\/es\/a-comision-de-igualdade-e-os-dereitos-das-mulleres-aproba-o-seu-ditame-primeiro-paso-para-elaborar-o-pacto-galego-contra-a-violencia-de-xenero\/","name":"A Comisi\u00f3n de Igualdade e os dereitos das mulleres aproba o seu ditame, primeiro paso para elaborar o Pacto Galego contra a Violencia de X\u00e9nero - PP de Galicia","isPartOf":{"@id":"https:\/\/ppdegalicia.com\/es\/#website"},"datePublished":"2019-12-30T07:19:20+00:00","breadcrumb":{"@id":"https:\/\/ppdegalicia.com\/es\/a-comision-de-igualdade-e-os-dereitos-das-mulleres-aproba-o-seu-ditame-primeiro-paso-para-elaborar-o-pacto-galego-contra-a-violencia-de-xenero\/#breadcrumb"},"inLanguage":"es","potentialAction":[{"@type":"ReadAction","target":["https:\/\/ppdegalicia.com\/es\/a-comision-de-igualdade-e-os-dereitos-das-mulleres-aproba-o-seu-ditame-primeiro-paso-para-elaborar-o-pacto-galego-contra-a-violencia-de-xenero\/"]}]},{"@type":"BreadcrumbList","@id":"https:\/\/ppdegalicia.com\/es\/a-comision-de-igualdade-e-os-dereitos-das-mulleres-aproba-o-seu-ditame-primeiro-paso-para-elaborar-o-pacto-galego-contra-a-violencia-de-xenero\/#breadcrumb","itemListElement":[{"@type":"ListItem","position":1,"name":"Portada","item":"https:\/\/ppdegalicia.com\/es\/"},{"@type":"ListItem","position":2,"name":"A Comisi\u00f3n de Igualdade e os dereitos das mulleres aproba o seu ditame, primeiro paso para elaborar o Pacto Galego contra a Violencia de X\u00e9nero"}]},{"@type":"WebSite","@id":"https:\/\/ppdegalicia.com\/es\/#website","url":"https:\/\/ppdegalicia.com\/es\/","name":"Partido Popular de Galicia","description":"Partido Popular de Galicia","publisher":{"@id":"https:\/\/ppdegalicia.com\/es\/#organization"},"alternateName":"PP de Galicia","potentialAction":[{"@type":"SearchAction","target":{"@type":"EntryPoint","urlTemplate":"https:\/\/ppdegalicia.com\/es\/?s={search_term_string}"},"query-input":{"@type":"PropertyValueSpecification","valueRequired":true,"valueName":"search_term_string"}}],"inLanguage":"es"},{"@type":"Organization","@id":"https:\/\/ppdegalicia.com\/es\/#organization","name":"Partido Popular de Galicia","alternateName":"PP de Galicia","url":"https:\/\/ppdegalicia.com\/es\/","logo":{"@type":"ImageObject","inLanguage":"es","@id":"https:\/\/ppdegalicia.com\/es\/#\/schema\/logo\/image\/","url":"https:\/\/ppdegalicia.com\/wp-content\/uploads\/2023\/04\/logoPP512.png","contentUrl":"https:\/\/ppdegalicia.com\/wp-content\/uploads\/2023\/04\/logoPP512.png","width":512,"height":512,"caption":"Partido Popular de Galicia"},"image":{"@id":"https:\/\/ppdegalicia.com\/es\/#\/schema\/logo\/image\/"},"sameAs":["https:\/\/www.instagram.com\/ppdegalicia\/","https:\/\/x.com\/ppdegalicia","https:\/\/www.tiktok.com\/@ppdegalicia","https:\/\/www.youtube.com\/user\/ppdegalicia"]},{"@type":"Person","@id":"https:\/\/ppdegalicia.com\/es\/#\/schema\/person\/d0f013b8388c980665d44009ab762960","name":"Super User","image":{"@type":"ImageObject","inLanguage":"es","@id":"https:\/\/secure.gravatar.com\/avatar\/1db852625ef4948f58d2739bfbc51e4b9bd5c93b8fa340b59fdb594ca0845645?s=96&d=mm&r=g","url":"https:\/\/secure.gravatar.com\/avatar\/1db852625ef4948f58d2739bfbc51e4b9bd5c93b8fa340b59fdb594ca0845645?s=96&d=mm&r=g","contentUrl":"https:\/\/secure.gravatar.com\/avatar\/1db852625ef4948f58d2739bfbc51e4b9bd5c93b8fa340b59fdb594ca0845645?s=96&d=mm&r=g","caption":"Super User"},"url":"https:\/\/ppdegalicia.com\/es\/author\/ppdegaliciagestion\/"}]}},"_links":{"self":[{"href":"https:\/\/ppdegalicia.com\/es\/wp-json\/wp\/v2\/posts\/52103","targetHints":{"allow":["GET"]}}],"collection":[{"href":"https:\/\/ppdegalicia.com\/es\/wp-json\/wp\/v2\/posts"}],"about":[{"href":"https:\/\/ppdegalicia.com\/es\/wp-json\/wp\/v2\/types\/post"}],"author":[{"embeddable":true,"href":"https:\/\/ppdegalicia.com\/es\/wp-json\/wp\/v2\/users\/37"}],"replies":[{"embeddable":true,"href":"https:\/\/ppdegalicia.com\/es\/wp-json\/wp\/v2\/comments?post=52103"}],"version-history":[{"count":0,"href":"https:\/\/ppdegalicia.com\/es\/wp-json\/wp\/v2\/posts\/52103\/revisions"}],"wp:attachment":[{"href":"https:\/\/ppdegalicia.com\/es\/wp-json\/wp\/v2\/media?parent=52103"}],"wp:term":[{"taxonomy":"category","embeddable":true,"href":"https:\/\/ppdegalicia.com\/es\/wp-json\/wp\/v2\/categories?post=52103"},{"taxonomy":"post_tag","embeddable":true,"href":"https:\/\/ppdegalicia.com\/es\/wp-json\/wp\/v2\/tags?post=52103"}],"curies":[{"name":"wp","href":"https:\/\/api.w.org\/{rel}","templated":true}]}}