{"id":52113,"date":"2019-11-04T13:09:15","date_gmt":"2019-11-04T11:09:15","guid":{"rendered":"https:\/\/ppdegalicia.com\/feijoo-pide-unir-o-voto-no-partido-popular-para-que-se-recuperen-os-compromisos-con-galicia\/"},"modified":"2019-11-04T13:09:15","modified_gmt":"2019-11-04T11:09:15","slug":"feijoo-pide-unir-o-voto-no-partido-popular-para-que-se-recuperen-os-compromisos-con-galicia","status":"publish","type":"post","link":"https:\/\/ppdegalicia.com\/es\/feijoo-pide-unir-o-voto-no-partido-popular-para-que-se-recuperen-os-compromisos-con-galicia\/","title":{"rendered":"Feij\u00f3o pide unir o voto no Partido Popular para que se recuperen os compromisos con Galicia"},"content":{"rendered":"<p style=\"text-align: justify;\"><span style=\"text-decoration: underline;\">4, novembro, 2019.<\/span> O presidente do PPdeG, Alberto N\u00fa\u00f1ez Feij\u00f3o, pediu unir voto no Partido Popular para que se recuperen os compromisos con Galicia. Tras facer fincap\u00e9 en que o pa\u00eds necesita un goberno como o da nosa Comunidade, destacou que os galegos tam\u00e9n \u201cprecisan dun Goberno de Espa\u00f1a que se tome en serio\u201d a Galicia.&nbsp;<\/p>\n<p><!--more--><\/p>\n<p style=\"text-align: justify;\">E \u00e9 que, tal e como aseverou, \u00e9 tempo de non seguir agravando os problemas, sen\u00f3n de buscar soluci\u00f3ns, indicando que podemos empezar a atopalas e a aplicalas votando polo PP o pr\u00f3ximo domingo. \u201cEspa\u00f1a non aguanta m\u00e1s incerteza nin equivocaci\u00f3ns\u201d, remarcou Feij\u00f3o, quen incidiu en que ou hai un cambio de goberno ou o que se cambiar\u00e1 ser\u00e1 o crecemento pola desaceleraci\u00f3n, a creaci\u00f3n de emprego polo desemprego e a fortaleza industrial pola debilidade.<\/p>\n<p>&nbsp;<\/p>\n<p style=\"text-align: justify;\">As\u00ed se expresaba nun almorzo con empresarios esta ma\u00f1\u00e1 en Pontevedra, no que asegurou que Galicia vai seguir cumprindo cos galegos, aportando estabilidade e certezas, e defendendo os seus intereses. Para Feij\u00f3o, os titubeos do Executivo central fan que Espa\u00f1a estea nunha encrucillada.<\/p>\n<p>&nbsp;<\/p>\n<p style=\"text-align: justify;\">Segundo manifestou o l\u00edder dos populares galegos, vivimos nunha continua campa\u00f1a electoral que ten repercusi\u00f3ns, unha situaci\u00f3n que non \u00e9 recomendable para un pa\u00eds que ten que facer fronte a tantos desaf\u00edos. \u201cOxal\u00e1 coas elecci\u00f3ns do 10 de novembro remate verdadeiramente a campa\u00f1a electoral\u201d, dixo engadindo que o pa\u00eds non debe perder tempo, di\u00f1eiro nin forzas ante todo o que temos por diante.<\/p>\n<p>&nbsp;<\/p>\n<p style=\"text-align: justify;\">Nese senso, reco\u00f1eceu que Espa\u00f1a ten capacidade, como xa demostrou, para dar mellores respostas das que, desde a ausencia de Goberno, se est\u00e1n a dar aos espa\u00f1ois e, especificamente, aos galegos. Ante as ameazas dunha nova crise, o presidente do PPdeG sostivo que Espa\u00f1a non est\u00e1 blindada porque ten un goberno d\u00e9bil que, en todos estes meses, negouse a gobernar.<\/p>\n<p>&nbsp;<\/p>\n<p style=\"text-align: justify;\"><strong><span style=\"text-decoration: underline;\">GALICIA, EXEMPLO DUN GOBERNO QUE GOBERNA<\/span><\/strong><\/p>\n<p style=\"text-align: justify;\">Durante a s\u00faa intervenci\u00f3n, Feij\u00f3o incidiu en que non hai que conformarse nin premiar nas urnas o que est\u00e1 a suceder en Espa\u00f1a porque esta situaci\u00f3n non \u00e9 irremediable. Neste sentido, salientou que hai unha alternativa no PP e que Galicia \u00e9 a mostra, sendo sin\u00f3nimo de cumprimento do deber, responsabilidade e estabilidade, as\u00ed como tam\u00e9n o exemplo dun goberno que goberna.<\/p>\n<p>&nbsp;<\/p>\n<p style=\"text-align: justify;\">De feito, afeou que nos \u00fanicos presupostos que presentou o Executivo do PSOE os investimentos baixaban na nosa terra un 30% mentres sub\u00edan un 60% os de outros lugares, algo que -como subli\u00f1ou- foi a declaraci\u00f3n de intenci\u00f3ns do que acontecer\u00eda despois.<\/p>\n<p>&nbsp;<\/p>\n<p style=\"text-align: justify;\">Ao respecto, lembrou que na anterior campa\u00f1a electoral os socialistas dixeron que os problemas en Alcoa xa estaban solucionados pero chegamos a esta sen co\u00f1ecer nin unha proposta para tentar solucionalo. Ademais, a isto \u00fanese a falta de alternativa provocada polas improvisaci\u00f3ns deste Executivo para as 80.000 familias que te\u00f1en ingresos polo sector forestal e para a comarca de Ferrolterra co posible peche da central das Pontes. Neste punto, subli\u00f1ou que \u201ca transici\u00f3n ecol\u00f3xica non \u00e9 dar bandazos\u201d, porque \u201cnon nos fai m\u00e1is verdes, sen\u00f3n m\u00e1is pobres\u201d.<\/p>\n<p>&nbsp;<\/p>\n<p style=\"text-align: justify;\">Por se iso fose pouco, o presidente recordou tam\u00e9n \u201co maior recorte social\u201d do PSOE con Galicia, ao negarlle a totalidade dos 700 mill\u00f3ns de euros que lle corresponde para financiar os seus servizos p\u00fablicos; as\u00ed como o incumprimento nos prazos para a chegada do AVE. Por todo isto, insistiu en que os galegos non poden permitir outro novo incumprimento sen\u00f3n que o que precisamos \u00e9 un goberno que cumpra.<\/p>\n","protected":false},"excerpt":{"rendered":"<p>4, novembro, 2019. O presidente do PPdeG, Alberto N\u00fa\u00f1ez Feij\u00f3o, pediu unir voto no Partido Popular para que se recuperen os compromisos con Galicia. Tras facer fincap\u00e9 en que o pa\u00eds necesita un goberno como o da nosa Comunidade, destacou que os galegos tam\u00e9n \u201cprecisan dun Goberno de Espa\u00f1a que se tome en serio\u201d a [&hellip;]<\/p>\n","protected":false},"author":37,"featured_media":0,"comment_status":"open","ping_status":"open","sticky":false,"template":"","format":"standard","meta":{"_acf_changed":false,"footnotes":""},"categories":[1],"tags":[],"class_list":["post-52113","post","type-post","status-publish","format-standard","hentry","category-pp-de-galicia"],"acf":[],"yoast_head":"<!-- This site is optimized with the Yoast SEO plugin v27.3 - https:\/\/yoast.com\/product\/yoast-seo-wordpress\/ -->\n<title>Feij\u00f3o pide unir o voto no Partido Popular para que se recuperen os compromisos con Galicia - PP de Galicia<\/title>\n<meta name=\"robots\" content=\"index, follow, max-snippet:-1, max-image-preview:large, max-video-preview:-1\" \/>\n<link rel=\"canonical\" href=\"https:\/\/ppdegalicia.com\/es\/feijoo-pide-unir-o-voto-no-partido-popular-para-que-se-recuperen-os-compromisos-con-galicia\/\" \/>\n<meta property=\"og:locale\" content=\"es_ES\" \/>\n<meta property=\"og:type\" content=\"article\" \/>\n<meta property=\"og:title\" content=\"Feij\u00f3o pide unir o voto no Partido Popular para que se recuperen os compromisos con Galicia - PP de Galicia\" \/>\n<meta property=\"og:description\" content=\"4, novembro, 2019. O presidente do PPdeG, Alberto N\u00fa\u00f1ez Feij\u00f3o, pediu unir voto no Partido Popular para que se recuperen os compromisos con Galicia. Tras facer fincap\u00e9 en que o pa\u00eds necesita un goberno como o da nosa Comunidade, destacou que os galegos tam\u00e9n \u201cprecisan dun Goberno de Espa\u00f1a que se tome en serio\u201d a [&hellip;]\" \/>\n<meta property=\"og:url\" content=\"https:\/\/ppdegalicia.com\/es\/feijoo-pide-unir-o-voto-no-partido-popular-para-que-se-recuperen-os-compromisos-con-galicia\/\" \/>\n<meta property=\"og:site_name\" content=\"PP de Galicia\" \/>\n<meta property=\"article:publisher\" content=\"https:\/\/www.instagram.com\/ppdegalicia\/\" \/>\n<meta property=\"article:published_time\" content=\"2019-11-04T11:09:15+00:00\" \/>\n<meta name=\"author\" content=\"Super User\" \/>\n<meta name=\"twitter:card\" content=\"summary_large_image\" \/>\n<meta name=\"twitter:creator\" content=\"@ppdegalicia\" \/>\n<meta name=\"twitter:site\" content=\"@ppdegalicia\" \/>\n<meta name=\"twitter:label1\" content=\"Escrito por\" \/>\n\t<meta name=\"twitter:data1\" content=\"Super User\" \/>\n\t<meta name=\"twitter:label2\" content=\"Tiempo de lectura\" \/>\n\t<meta name=\"twitter:data2\" content=\"3 minutos\" \/>\n<script type=\"application\/ld+json\" class=\"yoast-schema-graph\">{\"@context\":\"https:\\\/\\\/schema.org\",\"@graph\":[{\"@type\":\"Article\",\"@id\":\"https:\\\/\\\/ppdegalicia.com\\\/es\\\/feijoo-pide-unir-o-voto-no-partido-popular-para-que-se-recuperen-os-compromisos-con-galicia\\\/#article\",\"isPartOf\":{\"@id\":\"https:\\\/\\\/ppdegalicia.com\\\/es\\\/feijoo-pide-unir-o-voto-no-partido-popular-para-que-se-recuperen-os-compromisos-con-galicia\\\/\"},\"author\":{\"name\":\"Super User\",\"@id\":\"https:\\\/\\\/ppdegalicia.com\\\/es\\\/#\\\/schema\\\/person\\\/d0f013b8388c980665d44009ab762960\"},\"headline\":\"Feij\u00f3o pide unir o voto no Partido Popular para que se recuperen os compromisos con Galicia\",\"datePublished\":\"2019-11-04T11:09:15+00:00\",\"mainEntityOfPage\":{\"@id\":\"https:\\\/\\\/ppdegalicia.com\\\/es\\\/feijoo-pide-unir-o-voto-no-partido-popular-para-que-se-recuperen-os-compromisos-con-galicia\\\/\"},\"wordCount\":633,\"commentCount\":0,\"publisher\":{\"@id\":\"https:\\\/\\\/ppdegalicia.com\\\/es\\\/#organization\"},\"articleSection\":[\"PP de Galicia\"],\"inLanguage\":\"es\",\"potentialAction\":[{\"@type\":\"CommentAction\",\"name\":\"Comment\",\"target\":[\"https:\\\/\\\/ppdegalicia.com\\\/es\\\/feijoo-pide-unir-o-voto-no-partido-popular-para-que-se-recuperen-os-compromisos-con-galicia\\\/#respond\"]}]},{\"@type\":\"WebPage\",\"@id\":\"https:\\\/\\\/ppdegalicia.com\\\/es\\\/feijoo-pide-unir-o-voto-no-partido-popular-para-que-se-recuperen-os-compromisos-con-galicia\\\/\",\"url\":\"https:\\\/\\\/ppdegalicia.com\\\/es\\\/feijoo-pide-unir-o-voto-no-partido-popular-para-que-se-recuperen-os-compromisos-con-galicia\\\/\",\"name\":\"Feij\u00f3o pide unir o voto no Partido Popular para que se recuperen os compromisos con Galicia - PP de Galicia\",\"isPartOf\":{\"@id\":\"https:\\\/\\\/ppdegalicia.com\\\/es\\\/#website\"},\"datePublished\":\"2019-11-04T11:09:15+00:00\",\"breadcrumb\":{\"@id\":\"https:\\\/\\\/ppdegalicia.com\\\/es\\\/feijoo-pide-unir-o-voto-no-partido-popular-para-que-se-recuperen-os-compromisos-con-galicia\\\/#breadcrumb\"},\"inLanguage\":\"es\",\"potentialAction\":[{\"@type\":\"ReadAction\",\"target\":[\"https:\\\/\\\/ppdegalicia.com\\\/es\\\/feijoo-pide-unir-o-voto-no-partido-popular-para-que-se-recuperen-os-compromisos-con-galicia\\\/\"]}]},{\"@type\":\"BreadcrumbList\",\"@id\":\"https:\\\/\\\/ppdegalicia.com\\\/es\\\/feijoo-pide-unir-o-voto-no-partido-popular-para-que-se-recuperen-os-compromisos-con-galicia\\\/#breadcrumb\",\"itemListElement\":[{\"@type\":\"ListItem\",\"position\":1,\"name\":\"Portada\",\"item\":\"https:\\\/\\\/ppdegalicia.com\\\/es\\\/\"},{\"@type\":\"ListItem\",\"position\":2,\"name\":\"Feij\u00f3o pide unir o voto no Partido Popular para que se recuperen os compromisos con Galicia\"}]},{\"@type\":\"WebSite\",\"@id\":\"https:\\\/\\\/ppdegalicia.com\\\/es\\\/#website\",\"url\":\"https:\\\/\\\/ppdegalicia.com\\\/es\\\/\",\"name\":\"Partido Popular de Galicia\",\"description\":\"Partido Popular de Galicia\",\"publisher\":{\"@id\":\"https:\\\/\\\/ppdegalicia.com\\\/es\\\/#organization\"},\"alternateName\":\"PP de Galicia\",\"potentialAction\":[{\"@type\":\"SearchAction\",\"target\":{\"@type\":\"EntryPoint\",\"urlTemplate\":\"https:\\\/\\\/ppdegalicia.com\\\/es\\\/?s={search_term_string}\"},\"query-input\":{\"@type\":\"PropertyValueSpecification\",\"valueRequired\":true,\"valueName\":\"search_term_string\"}}],\"inLanguage\":\"es\"},{\"@type\":\"Organization\",\"@id\":\"https:\\\/\\\/ppdegalicia.com\\\/es\\\/#organization\",\"name\":\"Partido Popular de Galicia\",\"alternateName\":\"PP de Galicia\",\"url\":\"https:\\\/\\\/ppdegalicia.com\\\/es\\\/\",\"logo\":{\"@type\":\"ImageObject\",\"inLanguage\":\"es\",\"@id\":\"https:\\\/\\\/ppdegalicia.com\\\/es\\\/#\\\/schema\\\/logo\\\/image\\\/\",\"url\":\"https:\\\/\\\/ppdegalicia.com\\\/wp-content\\\/uploads\\\/2023\\\/04\\\/logoPP512.png\",\"contentUrl\":\"https:\\\/\\\/ppdegalicia.com\\\/wp-content\\\/uploads\\\/2023\\\/04\\\/logoPP512.png\",\"width\":512,\"height\":512,\"caption\":\"Partido Popular de Galicia\"},\"image\":{\"@id\":\"https:\\\/\\\/ppdegalicia.com\\\/es\\\/#\\\/schema\\\/logo\\\/image\\\/\"},\"sameAs\":[\"https:\\\/\\\/www.instagram.com\\\/ppdegalicia\\\/\",\"https:\\\/\\\/x.com\\\/ppdegalicia\",\"https:\\\/\\\/www.tiktok.com\\\/@ppdegalicia\",\"https:\\\/\\\/www.youtube.com\\\/user\\\/ppdegalicia\"]},{\"@type\":\"Person\",\"@id\":\"https:\\\/\\\/ppdegalicia.com\\\/es\\\/#\\\/schema\\\/person\\\/d0f013b8388c980665d44009ab762960\",\"name\":\"Super User\",\"image\":{\"@type\":\"ImageObject\",\"inLanguage\":\"es\",\"@id\":\"https:\\\/\\\/secure.gravatar.com\\\/avatar\\\/1db852625ef4948f58d2739bfbc51e4b9bd5c93b8fa340b59fdb594ca0845645?s=96&d=mm&r=g\",\"url\":\"https:\\\/\\\/secure.gravatar.com\\\/avatar\\\/1db852625ef4948f58d2739bfbc51e4b9bd5c93b8fa340b59fdb594ca0845645?s=96&d=mm&r=g\",\"contentUrl\":\"https:\\\/\\\/secure.gravatar.com\\\/avatar\\\/1db852625ef4948f58d2739bfbc51e4b9bd5c93b8fa340b59fdb594ca0845645?s=96&d=mm&r=g\",\"caption\":\"Super User\"},\"url\":\"https:\\\/\\\/ppdegalicia.com\\\/es\\\/author\\\/ppdegaliciagestion\\\/\"}]}<\/script>\n<!-- \/ Yoast SEO plugin. -->","yoast_head_json":{"title":"Feij\u00f3o pide unir o voto no Partido Popular para que se recuperen os compromisos con Galicia - PP de Galicia","robots":{"index":"index","follow":"follow","max-snippet":"max-snippet:-1","max-image-preview":"max-image-preview:large","max-video-preview":"max-video-preview:-1"},"canonical":"https:\/\/ppdegalicia.com\/es\/feijoo-pide-unir-o-voto-no-partido-popular-para-que-se-recuperen-os-compromisos-con-galicia\/","og_locale":"es_ES","og_type":"article","og_title":"Feij\u00f3o pide unir o voto no Partido Popular para que se recuperen os compromisos con Galicia - PP de Galicia","og_description":"4, novembro, 2019. O presidente do PPdeG, Alberto N\u00fa\u00f1ez Feij\u00f3o, pediu unir voto no Partido Popular para que se recuperen os compromisos con Galicia. Tras facer fincap\u00e9 en que o pa\u00eds necesita un goberno como o da nosa Comunidade, destacou que os galegos tam\u00e9n \u201cprecisan dun Goberno de Espa\u00f1a que se tome en serio\u201d a [&hellip;]","og_url":"https:\/\/ppdegalicia.com\/es\/feijoo-pide-unir-o-voto-no-partido-popular-para-que-se-recuperen-os-compromisos-con-galicia\/","og_site_name":"PP de Galicia","article_publisher":"https:\/\/www.instagram.com\/ppdegalicia\/","article_published_time":"2019-11-04T11:09:15+00:00","author":"Super User","twitter_card":"summary_large_image","twitter_creator":"@ppdegalicia","twitter_site":"@ppdegalicia","twitter_misc":{"Escrito por":"Super User","Tiempo de lectura":"3 minutos"},"schema":{"@context":"https:\/\/schema.org","@graph":[{"@type":"Article","@id":"https:\/\/ppdegalicia.com\/es\/feijoo-pide-unir-o-voto-no-partido-popular-para-que-se-recuperen-os-compromisos-con-galicia\/#article","isPartOf":{"@id":"https:\/\/ppdegalicia.com\/es\/feijoo-pide-unir-o-voto-no-partido-popular-para-que-se-recuperen-os-compromisos-con-galicia\/"},"author":{"name":"Super User","@id":"https:\/\/ppdegalicia.com\/es\/#\/schema\/person\/d0f013b8388c980665d44009ab762960"},"headline":"Feij\u00f3o pide unir o voto no Partido Popular para que se recuperen os compromisos con Galicia","datePublished":"2019-11-04T11:09:15+00:00","mainEntityOfPage":{"@id":"https:\/\/ppdegalicia.com\/es\/feijoo-pide-unir-o-voto-no-partido-popular-para-que-se-recuperen-os-compromisos-con-galicia\/"},"wordCount":633,"commentCount":0,"publisher":{"@id":"https:\/\/ppdegalicia.com\/es\/#organization"},"articleSection":["PP de Galicia"],"inLanguage":"es","potentialAction":[{"@type":"CommentAction","name":"Comment","target":["https:\/\/ppdegalicia.com\/es\/feijoo-pide-unir-o-voto-no-partido-popular-para-que-se-recuperen-os-compromisos-con-galicia\/#respond"]}]},{"@type":"WebPage","@id":"https:\/\/ppdegalicia.com\/es\/feijoo-pide-unir-o-voto-no-partido-popular-para-que-se-recuperen-os-compromisos-con-galicia\/","url":"https:\/\/ppdegalicia.com\/es\/feijoo-pide-unir-o-voto-no-partido-popular-para-que-se-recuperen-os-compromisos-con-galicia\/","name":"Feij\u00f3o pide unir o voto no Partido Popular para que se recuperen os compromisos con Galicia - PP de Galicia","isPartOf":{"@id":"https:\/\/ppdegalicia.com\/es\/#website"},"datePublished":"2019-11-04T11:09:15+00:00","breadcrumb":{"@id":"https:\/\/ppdegalicia.com\/es\/feijoo-pide-unir-o-voto-no-partido-popular-para-que-se-recuperen-os-compromisos-con-galicia\/#breadcrumb"},"inLanguage":"es","potentialAction":[{"@type":"ReadAction","target":["https:\/\/ppdegalicia.com\/es\/feijoo-pide-unir-o-voto-no-partido-popular-para-que-se-recuperen-os-compromisos-con-galicia\/"]}]},{"@type":"BreadcrumbList","@id":"https:\/\/ppdegalicia.com\/es\/feijoo-pide-unir-o-voto-no-partido-popular-para-que-se-recuperen-os-compromisos-con-galicia\/#breadcrumb","itemListElement":[{"@type":"ListItem","position":1,"name":"Portada","item":"https:\/\/ppdegalicia.com\/es\/"},{"@type":"ListItem","position":2,"name":"Feij\u00f3o pide unir o voto no Partido Popular para que se recuperen os compromisos con Galicia"}]},{"@type":"WebSite","@id":"https:\/\/ppdegalicia.com\/es\/#website","url":"https:\/\/ppdegalicia.com\/es\/","name":"Partido Popular de Galicia","description":"Partido Popular de Galicia","publisher":{"@id":"https:\/\/ppdegalicia.com\/es\/#organization"},"alternateName":"PP de Galicia","potentialAction":[{"@type":"SearchAction","target":{"@type":"EntryPoint","urlTemplate":"https:\/\/ppdegalicia.com\/es\/?s={search_term_string}"},"query-input":{"@type":"PropertyValueSpecification","valueRequired":true,"valueName":"search_term_string"}}],"inLanguage":"es"},{"@type":"Organization","@id":"https:\/\/ppdegalicia.com\/es\/#organization","name":"Partido Popular de Galicia","alternateName":"PP de Galicia","url":"https:\/\/ppdegalicia.com\/es\/","logo":{"@type":"ImageObject","inLanguage":"es","@id":"https:\/\/ppdegalicia.com\/es\/#\/schema\/logo\/image\/","url":"https:\/\/ppdegalicia.com\/wp-content\/uploads\/2023\/04\/logoPP512.png","contentUrl":"https:\/\/ppdegalicia.com\/wp-content\/uploads\/2023\/04\/logoPP512.png","width":512,"height":512,"caption":"Partido Popular de Galicia"},"image":{"@id":"https:\/\/ppdegalicia.com\/es\/#\/schema\/logo\/image\/"},"sameAs":["https:\/\/www.instagram.com\/ppdegalicia\/","https:\/\/x.com\/ppdegalicia","https:\/\/www.tiktok.com\/@ppdegalicia","https:\/\/www.youtube.com\/user\/ppdegalicia"]},{"@type":"Person","@id":"https:\/\/ppdegalicia.com\/es\/#\/schema\/person\/d0f013b8388c980665d44009ab762960","name":"Super User","image":{"@type":"ImageObject","inLanguage":"es","@id":"https:\/\/secure.gravatar.com\/avatar\/1db852625ef4948f58d2739bfbc51e4b9bd5c93b8fa340b59fdb594ca0845645?s=96&d=mm&r=g","url":"https:\/\/secure.gravatar.com\/avatar\/1db852625ef4948f58d2739bfbc51e4b9bd5c93b8fa340b59fdb594ca0845645?s=96&d=mm&r=g","contentUrl":"https:\/\/secure.gravatar.com\/avatar\/1db852625ef4948f58d2739bfbc51e4b9bd5c93b8fa340b59fdb594ca0845645?s=96&d=mm&r=g","caption":"Super User"},"url":"https:\/\/ppdegalicia.com\/es\/author\/ppdegaliciagestion\/"}]}},"_links":{"self":[{"href":"https:\/\/ppdegalicia.com\/es\/wp-json\/wp\/v2\/posts\/52113","targetHints":{"allow":["GET"]}}],"collection":[{"href":"https:\/\/ppdegalicia.com\/es\/wp-json\/wp\/v2\/posts"}],"about":[{"href":"https:\/\/ppdegalicia.com\/es\/wp-json\/wp\/v2\/types\/post"}],"author":[{"embeddable":true,"href":"https:\/\/ppdegalicia.com\/es\/wp-json\/wp\/v2\/users\/37"}],"replies":[{"embeddable":true,"href":"https:\/\/ppdegalicia.com\/es\/wp-json\/wp\/v2\/comments?post=52113"}],"version-history":[{"count":0,"href":"https:\/\/ppdegalicia.com\/es\/wp-json\/wp\/v2\/posts\/52113\/revisions"}],"wp:attachment":[{"href":"https:\/\/ppdegalicia.com\/es\/wp-json\/wp\/v2\/media?parent=52113"}],"wp:term":[{"taxonomy":"category","embeddable":true,"href":"https:\/\/ppdegalicia.com\/es\/wp-json\/wp\/v2\/categories?post=52113"},{"taxonomy":"post_tag","embeddable":true,"href":"https:\/\/ppdegalicia.com\/es\/wp-json\/wp\/v2\/tags?post=52113"}],"curies":[{"name":"wp","href":"https:\/\/api.w.org\/{rel}","templated":true}]}}