{"id":52114,"date":"2019-11-04T13:44:41","date_gmt":"2019-11-04T11:44:41","guid":{"rendered":"https:\/\/ppdegalicia.com\/puy-salienta-que-o-ppdeg-incorpora-a-campana-electoral-e-ao-debate-no-parlamento-a-axenda-galega-de-demandas-ao-novo-goberno-de-espana\/"},"modified":"2019-11-04T13:44:41","modified_gmt":"2019-11-04T11:44:41","slug":"puy-salienta-que-o-ppdeg-incorpora-a-campana-electoral-e-ao-debate-no-parlamento-a-axenda-galega-de-demandas-ao-novo-goberno-de-espana","status":"publish","type":"post","link":"https:\/\/ppdegalicia.com\/es\/puy-salienta-que-o-ppdeg-incorpora-a-campana-electoral-e-ao-debate-no-parlamento-a-axenda-galega-de-demandas-ao-novo-goberno-de-espana\/","title":{"rendered":"Puy salienta que o PPdeG incorpora \u00e1 campa\u00f1a electoral e ao debate no Parlamento a axenda galega de demandas ao novo Goberno de Espa\u00f1a"},"content":{"rendered":"<p>Santiago, 4 de novembro de 2019.- O portavoz do Grupo Popular, Pedro Puy, manifestou hoxe que o PPdeG incorporar\u00e1 \u00e1 campa\u00f1a electoral e ao debate no Parlamento galego a axenda galega de demandas ao novo Goberno de Espa\u00f1a que se consideran prioritarias para Galicia, xa que van desde o pago da d\u00e9beda, ao financiamento auton\u00f3mico, a chegada do AVE, o futuro da industria galega ou a prestaci\u00f3n de servizos p\u00fablicos.<\/p>\n<p><!--more--><\/p>\n<p>\u201cA realizaci\u00f3n destas cuesti\u00f3ns dependen en boa medida de que futuro Goberno central sexa sensible coas petici\u00f3ns que se fan desde Galicia, porque o actual goberno socialista en funci\u00f3ns ten deixado claro que non \u00e9 favorable a atender estas reclamaci\u00f3ns\u201d, sinalou.<\/p>\n<p>&nbsp;<\/p>\n<p>Pedro Puy lembrou que no d\u00eda de hoxe rematan as comparecencias previstas na tramitaci\u00f3n do proxecto de Lei de orzamentos da Xunta para 2020. \u201cForon 24 persoas as que pasaron pola Comisi\u00f3n 3\u00aa deste Parlamento, entre membros do Goberno galego, responsables de \u00f3rganos independentes e de organismos p\u00fablicos, as\u00ed como os presidentes de tres deputaci\u00f3ns provinciais, xa que a presidenta da Deputaci\u00f3n de Pontevedra unha vez m\u00e1is non cumpriu coa s\u00faa obriga legal de comparecer no Parlamento\u201d, sinalou.<\/p>\n<p>&nbsp;<\/p>\n<p>Respecto do desenvolvemento da campa\u00f1a electoral, Puy salientou que o PP \u201cestea a recuperar o espazo que perdeu nas anteriores xerais\u201d, unha situaci\u00f3n que se est\u00e1 a ver reflexada nas enquisas que publican os medios de comunicaci\u00f3n.<\/p>\n<p>&nbsp;<\/p>\n<p><strong>MEDIDAS PRIORITARIAS PARA GALICIA<\/strong><\/p>\n<p>&nbsp;<\/p>\n<p>\u201cXunto coas cuesti\u00f3ns xerais que deben prevalecer nunha campa\u00f1a, que te\u00f1en que ver coa necesidade de que haxa un goberno estable e de que Espa\u00f1a non contin\u00fae no bucle de catro elecci\u00f3ns xerais en catro anos, como consecuencia da incapacidade da esquerda de chegar a acordos, en Galicia estamos incorporando unha axenda galega \u00e1 campa\u00f1a con actuaci\u00f3ns que dependen en boa medida de que se faga un Goberno de Espa\u00f1a e de que este sexa sensible coas petici\u00f3ns que se fan desde a Comunidade galega\u201d, manifestou o portavoz popular.<\/p>\n<p>&nbsp;<\/p>\n<p>Neste sentido, lembrou que esta serie de medidas \u201cprioritarias para Galicia\u201d foron recollidas nun documento aprobado pola Xunta no seu \u00faltimo Consello e anotou que \u201cmoitas xa foron debatidas e aprobadas neste Parlamento, varias delas con votos favorables dos grupos da oposici\u00f3n\u201d.<\/p>\n<p>&nbsp;<\/p>\n<p>En concreto, Pedro Puy explicou que entre as demandas figuran o pago dos 700 mill\u00f3ns de euros que o Goberno central debe a Galicia, a reforma do sistema de financiamento auton\u00f3mico, unha estratexia nacional fronte ao reto demogr\u00e1fico ou a defensa dos intereses galegos ante o Brexit.<\/p>\n<p>&nbsp;<\/p>\n<p>\u201cTam\u00e9n consideramos importante que nesta campa\u00f1a electoral se fale de infraestruturas para Galicia, como a posta en servizo do AVE para o vindeiro Xacobeo 2021 ou a execuci\u00f3n ou remate de autov\u00edas e estradas pendentes do Goberno central\u201d, sinalou o portavoz popular.<\/p>\n<p>&nbsp;<\/p>\n<p><strong>SUFRIR AS CONSECUENCIAS DA FALTA DE GOBERNO<\/strong><\/p>\n<p>&nbsp;<\/p>\n<p>No \u00e1mbito industrial, Puy lamentou que \u201cestamos sufrindo as consecuencias dunha falta de goberno e dunha falta de actuaci\u00f3n no prezo da enerx\u00eda, o que provoca a dificultade para continuar de empresas para as que o prezo da luz \u00e9 o principal compo\u00f1ente de custos, como \u00e9 o caso de Alcoa; hai que abordar con seriedade unha transici\u00f3n enerx\u00e9tica que permita a adaptaci\u00f3n e que non provoque peches anticipados como o de As Pontes; cremos fundamental a reforma do regulamento da Lei de costas para que se mante\u00f1a a seguridade xur\u00eddica e a actividade de todo o sector vencellado \u00e1 costa instalado en dominio p\u00fablico mar\u00edtimo terrestre; e tam\u00e9n tomarse en serio a situaci\u00f3n dos estaleiros de Navantia na r\u00eda de Ferrol nos vindeiros dous ou tres anos\u201d.<\/p>\n<p>&nbsp;<\/p>\n<p>Outras cuesti\u00f3ns sobre as que se centrar\u00e1 o PPdeG nesta campa\u00f1a e na s\u00faa actividade parlamentaria ser\u00e1 a necesidade dun Pacto pola Educaci\u00f3n; o incremento de profesionais na sanidade p\u00fablica en prazas de dif\u00edcil cobertura; o cumprimento do financiamento ao 50 por cento da Lei de dependencia; ou o apoio \u00e1 celebraci\u00f3n do Xacobeo 2021.<\/p>\n","protected":false},"excerpt":{"rendered":"<p>Santiago, 4 de novembro de 2019.- O portavoz do Grupo Popular, Pedro Puy, manifestou hoxe que o PPdeG incorporar\u00e1 \u00e1 campa\u00f1a electoral e ao debate no Parlamento galego a axenda galega de demandas ao novo Goberno de Espa\u00f1a que se consideran prioritarias para Galicia, xa que van desde o pago da d\u00e9beda, ao financiamento auton\u00f3mico, [&hellip;]<\/p>\n","protected":false},"author":37,"featured_media":0,"comment_status":"open","ping_status":"open","sticky":false,"template":"","format":"standard","meta":{"_acf_changed":false,"footnotes":""},"categories":[1],"tags":[],"class_list":["post-52114","post","type-post","status-publish","format-standard","hentry","category-pp-de-galicia"],"acf":[],"yoast_head":"<!-- This site is optimized with the Yoast SEO plugin v27.3 - https:\/\/yoast.com\/product\/yoast-seo-wordpress\/ -->\n<title>Puy salienta que o PPdeG incorpora \u00e1 campa\u00f1a electoral e ao debate no Parlamento a axenda galega de demandas ao novo Goberno de Espa\u00f1a - PP de Galicia<\/title>\n<meta name=\"robots\" content=\"index, follow, max-snippet:-1, max-image-preview:large, max-video-preview:-1\" \/>\n<link rel=\"canonical\" href=\"https:\/\/ppdegalicia.com\/es\/puy-salienta-que-o-ppdeg-incorpora-a-campana-electoral-e-ao-debate-no-parlamento-a-axenda-galega-de-demandas-ao-novo-goberno-de-espana\/\" \/>\n<meta property=\"og:locale\" content=\"es_ES\" \/>\n<meta property=\"og:type\" content=\"article\" \/>\n<meta property=\"og:title\" content=\"Puy salienta que o PPdeG incorpora \u00e1 campa\u00f1a electoral e ao debate no Parlamento a axenda galega de demandas ao novo Goberno de Espa\u00f1a - PP de Galicia\" \/>\n<meta property=\"og:description\" content=\"Santiago, 4 de novembro de 2019.- O portavoz do Grupo Popular, Pedro Puy, manifestou hoxe que o PPdeG incorporar\u00e1 \u00e1 campa\u00f1a electoral e ao debate no Parlamento galego a axenda galega de demandas ao novo Goberno de Espa\u00f1a que se consideran prioritarias para Galicia, xa que van desde o pago da d\u00e9beda, ao financiamento auton\u00f3mico, [&hellip;]\" \/>\n<meta property=\"og:url\" content=\"https:\/\/ppdegalicia.com\/es\/puy-salienta-que-o-ppdeg-incorpora-a-campana-electoral-e-ao-debate-no-parlamento-a-axenda-galega-de-demandas-ao-novo-goberno-de-espana\/\" \/>\n<meta property=\"og:site_name\" content=\"PP de Galicia\" \/>\n<meta property=\"article:publisher\" content=\"https:\/\/www.instagram.com\/ppdegalicia\/\" \/>\n<meta property=\"article:published_time\" content=\"2019-11-04T11:44:41+00:00\" \/>\n<meta name=\"author\" content=\"Super User\" \/>\n<meta name=\"twitter:card\" content=\"summary_large_image\" \/>\n<meta name=\"twitter:creator\" content=\"@ppdegalicia\" \/>\n<meta name=\"twitter:site\" content=\"@ppdegalicia\" \/>\n<meta name=\"twitter:label1\" content=\"Escrito por\" \/>\n\t<meta name=\"twitter:data1\" content=\"Super User\" \/>\n\t<meta name=\"twitter:label2\" content=\"Tiempo de lectura\" \/>\n\t<meta name=\"twitter:data2\" content=\"3 minutos\" \/>\n<script type=\"application\/ld+json\" class=\"yoast-schema-graph\">{\"@context\":\"https:\\\/\\\/schema.org\",\"@graph\":[{\"@type\":\"Article\",\"@id\":\"https:\\\/\\\/ppdegalicia.com\\\/es\\\/puy-salienta-que-o-ppdeg-incorpora-a-campana-electoral-e-ao-debate-no-parlamento-a-axenda-galega-de-demandas-ao-novo-goberno-de-espana\\\/#article\",\"isPartOf\":{\"@id\":\"https:\\\/\\\/ppdegalicia.com\\\/es\\\/puy-salienta-que-o-ppdeg-incorpora-a-campana-electoral-e-ao-debate-no-parlamento-a-axenda-galega-de-demandas-ao-novo-goberno-de-espana\\\/\"},\"author\":{\"name\":\"Super User\",\"@id\":\"https:\\\/\\\/ppdegalicia.com\\\/es\\\/#\\\/schema\\\/person\\\/d0f013b8388c980665d44009ab762960\"},\"headline\":\"Puy salienta que o PPdeG incorpora \u00e1 campa\u00f1a electoral e ao debate no Parlamento a axenda galega de demandas ao novo Goberno de Espa\u00f1a\",\"datePublished\":\"2019-11-04T11:44:41+00:00\",\"mainEntityOfPage\":{\"@id\":\"https:\\\/\\\/ppdegalicia.com\\\/es\\\/puy-salienta-que-o-ppdeg-incorpora-a-campana-electoral-e-ao-debate-no-parlamento-a-axenda-galega-de-demandas-ao-novo-goberno-de-espana\\\/\"},\"wordCount\":720,\"commentCount\":0,\"publisher\":{\"@id\":\"https:\\\/\\\/ppdegalicia.com\\\/es\\\/#organization\"},\"articleSection\":[\"PP de Galicia\"],\"inLanguage\":\"es\",\"potentialAction\":[{\"@type\":\"CommentAction\",\"name\":\"Comment\",\"target\":[\"https:\\\/\\\/ppdegalicia.com\\\/es\\\/puy-salienta-que-o-ppdeg-incorpora-a-campana-electoral-e-ao-debate-no-parlamento-a-axenda-galega-de-demandas-ao-novo-goberno-de-espana\\\/#respond\"]}]},{\"@type\":\"WebPage\",\"@id\":\"https:\\\/\\\/ppdegalicia.com\\\/es\\\/puy-salienta-que-o-ppdeg-incorpora-a-campana-electoral-e-ao-debate-no-parlamento-a-axenda-galega-de-demandas-ao-novo-goberno-de-espana\\\/\",\"url\":\"https:\\\/\\\/ppdegalicia.com\\\/es\\\/puy-salienta-que-o-ppdeg-incorpora-a-campana-electoral-e-ao-debate-no-parlamento-a-axenda-galega-de-demandas-ao-novo-goberno-de-espana\\\/\",\"name\":\"Puy salienta que o PPdeG incorpora \u00e1 campa\u00f1a electoral e ao debate no Parlamento a axenda galega de demandas ao novo Goberno de Espa\u00f1a - PP de Galicia\",\"isPartOf\":{\"@id\":\"https:\\\/\\\/ppdegalicia.com\\\/es\\\/#website\"},\"datePublished\":\"2019-11-04T11:44:41+00:00\",\"breadcrumb\":{\"@id\":\"https:\\\/\\\/ppdegalicia.com\\\/es\\\/puy-salienta-que-o-ppdeg-incorpora-a-campana-electoral-e-ao-debate-no-parlamento-a-axenda-galega-de-demandas-ao-novo-goberno-de-espana\\\/#breadcrumb\"},\"inLanguage\":\"es\",\"potentialAction\":[{\"@type\":\"ReadAction\",\"target\":[\"https:\\\/\\\/ppdegalicia.com\\\/es\\\/puy-salienta-que-o-ppdeg-incorpora-a-campana-electoral-e-ao-debate-no-parlamento-a-axenda-galega-de-demandas-ao-novo-goberno-de-espana\\\/\"]}]},{\"@type\":\"BreadcrumbList\",\"@id\":\"https:\\\/\\\/ppdegalicia.com\\\/es\\\/puy-salienta-que-o-ppdeg-incorpora-a-campana-electoral-e-ao-debate-no-parlamento-a-axenda-galega-de-demandas-ao-novo-goberno-de-espana\\\/#breadcrumb\",\"itemListElement\":[{\"@type\":\"ListItem\",\"position\":1,\"name\":\"Portada\",\"item\":\"https:\\\/\\\/ppdegalicia.com\\\/es\\\/\"},{\"@type\":\"ListItem\",\"position\":2,\"name\":\"Puy salienta que o PPdeG incorpora \u00e1 campa\u00f1a electoral e ao debate no Parlamento a axenda galega de demandas ao novo Goberno de Espa\u00f1a\"}]},{\"@type\":\"WebSite\",\"@id\":\"https:\\\/\\\/ppdegalicia.com\\\/es\\\/#website\",\"url\":\"https:\\\/\\\/ppdegalicia.com\\\/es\\\/\",\"name\":\"Partido Popular de Galicia\",\"description\":\"Partido Popular de Galicia\",\"publisher\":{\"@id\":\"https:\\\/\\\/ppdegalicia.com\\\/es\\\/#organization\"},\"alternateName\":\"PP de Galicia\",\"potentialAction\":[{\"@type\":\"SearchAction\",\"target\":{\"@type\":\"EntryPoint\",\"urlTemplate\":\"https:\\\/\\\/ppdegalicia.com\\\/es\\\/?s={search_term_string}\"},\"query-input\":{\"@type\":\"PropertyValueSpecification\",\"valueRequired\":true,\"valueName\":\"search_term_string\"}}],\"inLanguage\":\"es\"},{\"@type\":\"Organization\",\"@id\":\"https:\\\/\\\/ppdegalicia.com\\\/es\\\/#organization\",\"name\":\"Partido Popular de Galicia\",\"alternateName\":\"PP de Galicia\",\"url\":\"https:\\\/\\\/ppdegalicia.com\\\/es\\\/\",\"logo\":{\"@type\":\"ImageObject\",\"inLanguage\":\"es\",\"@id\":\"https:\\\/\\\/ppdegalicia.com\\\/es\\\/#\\\/schema\\\/logo\\\/image\\\/\",\"url\":\"https:\\\/\\\/ppdegalicia.com\\\/wp-content\\\/uploads\\\/2023\\\/04\\\/logoPP512.png\",\"contentUrl\":\"https:\\\/\\\/ppdegalicia.com\\\/wp-content\\\/uploads\\\/2023\\\/04\\\/logoPP512.png\",\"width\":512,\"height\":512,\"caption\":\"Partido Popular de Galicia\"},\"image\":{\"@id\":\"https:\\\/\\\/ppdegalicia.com\\\/es\\\/#\\\/schema\\\/logo\\\/image\\\/\"},\"sameAs\":[\"https:\\\/\\\/www.instagram.com\\\/ppdegalicia\\\/\",\"https:\\\/\\\/x.com\\\/ppdegalicia\",\"https:\\\/\\\/www.tiktok.com\\\/@ppdegalicia\",\"https:\\\/\\\/www.youtube.com\\\/user\\\/ppdegalicia\"]},{\"@type\":\"Person\",\"@id\":\"https:\\\/\\\/ppdegalicia.com\\\/es\\\/#\\\/schema\\\/person\\\/d0f013b8388c980665d44009ab762960\",\"name\":\"Super User\",\"image\":{\"@type\":\"ImageObject\",\"inLanguage\":\"es\",\"@id\":\"https:\\\/\\\/secure.gravatar.com\\\/avatar\\\/1db852625ef4948f58d2739bfbc51e4b9bd5c93b8fa340b59fdb594ca0845645?s=96&d=mm&r=g\",\"url\":\"https:\\\/\\\/secure.gravatar.com\\\/avatar\\\/1db852625ef4948f58d2739bfbc51e4b9bd5c93b8fa340b59fdb594ca0845645?s=96&d=mm&r=g\",\"contentUrl\":\"https:\\\/\\\/secure.gravatar.com\\\/avatar\\\/1db852625ef4948f58d2739bfbc51e4b9bd5c93b8fa340b59fdb594ca0845645?s=96&d=mm&r=g\",\"caption\":\"Super User\"},\"url\":\"https:\\\/\\\/ppdegalicia.com\\\/es\\\/author\\\/ppdegaliciagestion\\\/\"}]}<\/script>\n<!-- \/ Yoast SEO plugin. -->","yoast_head_json":{"title":"Puy salienta que o PPdeG incorpora \u00e1 campa\u00f1a electoral e ao debate no Parlamento a axenda galega de demandas ao novo Goberno de Espa\u00f1a - PP de Galicia","robots":{"index":"index","follow":"follow","max-snippet":"max-snippet:-1","max-image-preview":"max-image-preview:large","max-video-preview":"max-video-preview:-1"},"canonical":"https:\/\/ppdegalicia.com\/es\/puy-salienta-que-o-ppdeg-incorpora-a-campana-electoral-e-ao-debate-no-parlamento-a-axenda-galega-de-demandas-ao-novo-goberno-de-espana\/","og_locale":"es_ES","og_type":"article","og_title":"Puy salienta que o PPdeG incorpora \u00e1 campa\u00f1a electoral e ao debate no Parlamento a axenda galega de demandas ao novo Goberno de Espa\u00f1a - PP de Galicia","og_description":"Santiago, 4 de novembro de 2019.- O portavoz do Grupo Popular, Pedro Puy, manifestou hoxe que o PPdeG incorporar\u00e1 \u00e1 campa\u00f1a electoral e ao debate no Parlamento galego a axenda galega de demandas ao novo Goberno de Espa\u00f1a que se consideran prioritarias para Galicia, xa que van desde o pago da d\u00e9beda, ao financiamento auton\u00f3mico, [&hellip;]","og_url":"https:\/\/ppdegalicia.com\/es\/puy-salienta-que-o-ppdeg-incorpora-a-campana-electoral-e-ao-debate-no-parlamento-a-axenda-galega-de-demandas-ao-novo-goberno-de-espana\/","og_site_name":"PP de Galicia","article_publisher":"https:\/\/www.instagram.com\/ppdegalicia\/","article_published_time":"2019-11-04T11:44:41+00:00","author":"Super User","twitter_card":"summary_large_image","twitter_creator":"@ppdegalicia","twitter_site":"@ppdegalicia","twitter_misc":{"Escrito por":"Super User","Tiempo de lectura":"3 minutos"},"schema":{"@context":"https:\/\/schema.org","@graph":[{"@type":"Article","@id":"https:\/\/ppdegalicia.com\/es\/puy-salienta-que-o-ppdeg-incorpora-a-campana-electoral-e-ao-debate-no-parlamento-a-axenda-galega-de-demandas-ao-novo-goberno-de-espana\/#article","isPartOf":{"@id":"https:\/\/ppdegalicia.com\/es\/puy-salienta-que-o-ppdeg-incorpora-a-campana-electoral-e-ao-debate-no-parlamento-a-axenda-galega-de-demandas-ao-novo-goberno-de-espana\/"},"author":{"name":"Super User","@id":"https:\/\/ppdegalicia.com\/es\/#\/schema\/person\/d0f013b8388c980665d44009ab762960"},"headline":"Puy salienta que o PPdeG incorpora \u00e1 campa\u00f1a electoral e ao debate no Parlamento a axenda galega de demandas ao novo Goberno de Espa\u00f1a","datePublished":"2019-11-04T11:44:41+00:00","mainEntityOfPage":{"@id":"https:\/\/ppdegalicia.com\/es\/puy-salienta-que-o-ppdeg-incorpora-a-campana-electoral-e-ao-debate-no-parlamento-a-axenda-galega-de-demandas-ao-novo-goberno-de-espana\/"},"wordCount":720,"commentCount":0,"publisher":{"@id":"https:\/\/ppdegalicia.com\/es\/#organization"},"articleSection":["PP de Galicia"],"inLanguage":"es","potentialAction":[{"@type":"CommentAction","name":"Comment","target":["https:\/\/ppdegalicia.com\/es\/puy-salienta-que-o-ppdeg-incorpora-a-campana-electoral-e-ao-debate-no-parlamento-a-axenda-galega-de-demandas-ao-novo-goberno-de-espana\/#respond"]}]},{"@type":"WebPage","@id":"https:\/\/ppdegalicia.com\/es\/puy-salienta-que-o-ppdeg-incorpora-a-campana-electoral-e-ao-debate-no-parlamento-a-axenda-galega-de-demandas-ao-novo-goberno-de-espana\/","url":"https:\/\/ppdegalicia.com\/es\/puy-salienta-que-o-ppdeg-incorpora-a-campana-electoral-e-ao-debate-no-parlamento-a-axenda-galega-de-demandas-ao-novo-goberno-de-espana\/","name":"Puy salienta que o PPdeG incorpora \u00e1 campa\u00f1a electoral e ao debate no Parlamento a axenda galega de demandas ao novo Goberno de Espa\u00f1a - PP de Galicia","isPartOf":{"@id":"https:\/\/ppdegalicia.com\/es\/#website"},"datePublished":"2019-11-04T11:44:41+00:00","breadcrumb":{"@id":"https:\/\/ppdegalicia.com\/es\/puy-salienta-que-o-ppdeg-incorpora-a-campana-electoral-e-ao-debate-no-parlamento-a-axenda-galega-de-demandas-ao-novo-goberno-de-espana\/#breadcrumb"},"inLanguage":"es","potentialAction":[{"@type":"ReadAction","target":["https:\/\/ppdegalicia.com\/es\/puy-salienta-que-o-ppdeg-incorpora-a-campana-electoral-e-ao-debate-no-parlamento-a-axenda-galega-de-demandas-ao-novo-goberno-de-espana\/"]}]},{"@type":"BreadcrumbList","@id":"https:\/\/ppdegalicia.com\/es\/puy-salienta-que-o-ppdeg-incorpora-a-campana-electoral-e-ao-debate-no-parlamento-a-axenda-galega-de-demandas-ao-novo-goberno-de-espana\/#breadcrumb","itemListElement":[{"@type":"ListItem","position":1,"name":"Portada","item":"https:\/\/ppdegalicia.com\/es\/"},{"@type":"ListItem","position":2,"name":"Puy salienta que o PPdeG incorpora \u00e1 campa\u00f1a electoral e ao debate no Parlamento a axenda galega de demandas ao novo Goberno de Espa\u00f1a"}]},{"@type":"WebSite","@id":"https:\/\/ppdegalicia.com\/es\/#website","url":"https:\/\/ppdegalicia.com\/es\/","name":"Partido Popular de Galicia","description":"Partido Popular de Galicia","publisher":{"@id":"https:\/\/ppdegalicia.com\/es\/#organization"},"alternateName":"PP de Galicia","potentialAction":[{"@type":"SearchAction","target":{"@type":"EntryPoint","urlTemplate":"https:\/\/ppdegalicia.com\/es\/?s={search_term_string}"},"query-input":{"@type":"PropertyValueSpecification","valueRequired":true,"valueName":"search_term_string"}}],"inLanguage":"es"},{"@type":"Organization","@id":"https:\/\/ppdegalicia.com\/es\/#organization","name":"Partido Popular de Galicia","alternateName":"PP de Galicia","url":"https:\/\/ppdegalicia.com\/es\/","logo":{"@type":"ImageObject","inLanguage":"es","@id":"https:\/\/ppdegalicia.com\/es\/#\/schema\/logo\/image\/","url":"https:\/\/ppdegalicia.com\/wp-content\/uploads\/2023\/04\/logoPP512.png","contentUrl":"https:\/\/ppdegalicia.com\/wp-content\/uploads\/2023\/04\/logoPP512.png","width":512,"height":512,"caption":"Partido Popular de Galicia"},"image":{"@id":"https:\/\/ppdegalicia.com\/es\/#\/schema\/logo\/image\/"},"sameAs":["https:\/\/www.instagram.com\/ppdegalicia\/","https:\/\/x.com\/ppdegalicia","https:\/\/www.tiktok.com\/@ppdegalicia","https:\/\/www.youtube.com\/user\/ppdegalicia"]},{"@type":"Person","@id":"https:\/\/ppdegalicia.com\/es\/#\/schema\/person\/d0f013b8388c980665d44009ab762960","name":"Super User","image":{"@type":"ImageObject","inLanguage":"es","@id":"https:\/\/secure.gravatar.com\/avatar\/1db852625ef4948f58d2739bfbc51e4b9bd5c93b8fa340b59fdb594ca0845645?s=96&d=mm&r=g","url":"https:\/\/secure.gravatar.com\/avatar\/1db852625ef4948f58d2739bfbc51e4b9bd5c93b8fa340b59fdb594ca0845645?s=96&d=mm&r=g","contentUrl":"https:\/\/secure.gravatar.com\/avatar\/1db852625ef4948f58d2739bfbc51e4b9bd5c93b8fa340b59fdb594ca0845645?s=96&d=mm&r=g","caption":"Super User"},"url":"https:\/\/ppdegalicia.com\/es\/author\/ppdegaliciagestion\/"}]}},"_links":{"self":[{"href":"https:\/\/ppdegalicia.com\/es\/wp-json\/wp\/v2\/posts\/52114","targetHints":{"allow":["GET"]}}],"collection":[{"href":"https:\/\/ppdegalicia.com\/es\/wp-json\/wp\/v2\/posts"}],"about":[{"href":"https:\/\/ppdegalicia.com\/es\/wp-json\/wp\/v2\/types\/post"}],"author":[{"embeddable":true,"href":"https:\/\/ppdegalicia.com\/es\/wp-json\/wp\/v2\/users\/37"}],"replies":[{"embeddable":true,"href":"https:\/\/ppdegalicia.com\/es\/wp-json\/wp\/v2\/comments?post=52114"}],"version-history":[{"count":0,"href":"https:\/\/ppdegalicia.com\/es\/wp-json\/wp\/v2\/posts\/52114\/revisions"}],"wp:attachment":[{"href":"https:\/\/ppdegalicia.com\/es\/wp-json\/wp\/v2\/media?parent=52114"}],"wp:term":[{"taxonomy":"category","embeddable":true,"href":"https:\/\/ppdegalicia.com\/es\/wp-json\/wp\/v2\/categories?post=52114"},{"taxonomy":"post_tag","embeddable":true,"href":"https:\/\/ppdegalicia.com\/es\/wp-json\/wp\/v2\/tags?post=52114"}],"curies":[{"name":"wp","href":"https:\/\/api.w.org\/{rel}","templated":true}]}}