{"id":52124,"date":"2019-11-11T18:28:40","date_gmt":"2019-11-11T16:28:40","guid":{"rendered":"https:\/\/ppdegalicia.com\/pedro-puy-afirma-que-o-resultado-das-eleccions-xerais-demostraron-que-non-e-positivo-xogar-a-curto-prazo-con-intereses-partidistas\/"},"modified":"2019-11-11T18:28:40","modified_gmt":"2019-11-11T16:28:40","slug":"pedro-puy-afirma-que-o-resultado-das-eleccions-xerais-demostraron-que-non-e-positivo-xogar-a-curto-prazo-con-intereses-partidistas","status":"publish","type":"post","link":"https:\/\/ppdegalicia.com\/es\/pedro-puy-afirma-que-o-resultado-das-eleccions-xerais-demostraron-que-non-e-positivo-xogar-a-curto-prazo-con-intereses-partidistas\/","title":{"rendered":"Pedro Puy afirma que o resultado das elecci\u00f3ns xerais demostraron que \u201cnon \u00e9 positivo xogar a curto prazo con intereses partidistas\u201d"},"content":{"rendered":"<p>Santiago, 11 de novembro de 2019.- O portavoz do Grupo Popular, Pedro Puy, cualificou hoxe como \u201cmoi mal negocio para o conxunto do pa\u00eds\u201d o resultado das elecci\u00f3ns xerais celebradas onte, nas que \u201cquedou demostrado que non \u00e9 positivo xogar a curto prazo con intereses partidistas\u201d.<\/p>\n<p><!--more--><\/p>\n<p>Puy manifestou que desde o PPdeG e o Grupo Popular \u201cconsideramos que hai que impulsar a Axenda Galega\u201d, polo que no Pleno desta semana \u201cvolveremos a insistir na necesidade de que se aprobe un estatuto para as empresas electrointensivas, as\u00ed como pedimos a construci\u00f3n da nova autov\u00eda entre Vigo e O Porri\u00f1o, que xa fora comprometida polo anterior Goberno de Mariano Rajoy\u201d.<\/p>\n<p>&nbsp;<\/p>\n<p>Pedro Puy indicou que o resultado das elecci\u00f3ns xerais \u201cdemostra que foi un erro\u201d a s\u00faa convocatoria porque \u201co se\u00f1or S\u00e1nchez gana con menos escanos e menos posibilidades de formar coalici\u00f3ns; hai m\u00e1is populismo, xa que ti\u00f1amos un partido de esquerda populista e agora hai outro de dereita populista con moita presenza no Congreso; e tam\u00e9n hai m\u00e1is independentismo, porque os partidos catal\u00e1ns suman m\u00e1is deputados, ademais da propia presenza dos nacionalistas galegos\u201d.<\/p>\n<p>&nbsp;<\/p>\n<p>\u201cO que evidentemente estas elecci\u00f3ns confirman \u00e9 que o PP \u00e9 a alternativa e a forza l\u00edder da oposici\u00f3n, que vai exercer co rigor e lealdade preciso\u201d, sinalou o portavoz popular, quen lembrou que \u201ca quen lle corresponde chegar a acordos \u00e9 a PSOE con quen denominou socios preferentes\u201d.<\/p>\n<p>&nbsp;<\/p>\n<p><strong>OPOSICI\u00d3N LEAL E RESPONSABLE<\/strong><\/p>\n<p>&nbsp;<\/p>\n<p>Deste xeito, incidiu que \u201co PP ten que desempe\u00f1ar o papel de l\u00edder da oposici\u00f3n e facelo coa lealdade e responsabilidade que esixe un momento no que Espa\u00f1a est\u00e1 comezando a sufrir estas acci\u00f3ns pol\u00edticas de convocatorias electorais inxustificadas e baseadas unicamente en intereses persoais e partidistas, porque do que se trata \u00e9 de comezar a actuar a nivel xeral, cuns orzamentos e tomando decisi\u00f3ns en asuntos que afectan \u00e1 Comunidade galega\u201d, apuntou.<\/p>\n<p>&nbsp;<\/p>\n<p>A nivel de Galicia, o portavoz popular salientou que \u201co PPdeG sube e o PSdeG baixa\u201d. \u201cO PP volve a ser a forza pol\u00edtica m\u00e1is votada na Comunidade galega, nun entorno no que continuaremos medrando se conseguimos recuperar en torno do PP \u00e1 xente moderada e que conf\u00eda nun partido que da estabilidade\u201d, engadiu.<\/p>\n<p>&nbsp;<\/p>\n<p>Puy concretou que \u201co PP incrementou en Galicia 4,5 puntos o seu n\u00famero de votos respecto \u00e1s elecci\u00f3ns xerais do mes de abril, pasamos de 9 a 10 deputados e practicamente conseguimos un pleno de senadores\u201d. Pola contra, \u201co PSOE baixou m\u00e1is en Galicia do que baixou en Espa\u00f1a, ao tempo que Podemos tam\u00e9n perdeu 50.000 votos.\u201d<\/p>\n<p>&nbsp;<\/p>\n<p>Neste sentido, lamentou que \u201chai moitos votos que poder\u00edan ter confiado no noso partido e incrementada a presenza do centro dereita no Congreso e no Senado, pero os 114.000 votos de VOX e os 63.000 de Ciudadanos quedaron sen representaci\u00f3n\u201d.<\/p>\n","protected":false},"excerpt":{"rendered":"<p>Santiago, 11 de novembro de 2019.- O portavoz do Grupo Popular, Pedro Puy, cualificou hoxe como \u201cmoi mal negocio para o conxunto do pa\u00eds\u201d o resultado das elecci\u00f3ns xerais celebradas onte, nas que \u201cquedou demostrado que non \u00e9 positivo xogar a curto prazo con intereses partidistas\u201d.<\/p>\n","protected":false},"author":37,"featured_media":0,"comment_status":"open","ping_status":"open","sticky":false,"template":"","format":"standard","meta":{"_acf_changed":false,"footnotes":""},"categories":[1],"tags":[],"class_list":["post-52124","post","type-post","status-publish","format-standard","hentry","category-pp-de-galicia"],"acf":[],"yoast_head":"<!-- This site is optimized with the Yoast SEO plugin v27.3 - https:\/\/yoast.com\/product\/yoast-seo-wordpress\/ -->\n<title>Pedro Puy afirma que o resultado das elecci\u00f3ns xerais demostraron que \u201cnon \u00e9 positivo xogar a curto prazo con intereses partidistas\u201d - PP de Galicia<\/title>\n<meta name=\"robots\" content=\"index, follow, max-snippet:-1, max-image-preview:large, max-video-preview:-1\" \/>\n<link rel=\"canonical\" href=\"https:\/\/ppdegalicia.com\/es\/pedro-puy-afirma-que-o-resultado-das-eleccions-xerais-demostraron-que-non-e-positivo-xogar-a-curto-prazo-con-intereses-partidistas\/\" \/>\n<meta property=\"og:locale\" content=\"es_ES\" \/>\n<meta property=\"og:type\" content=\"article\" \/>\n<meta property=\"og:title\" content=\"Pedro Puy afirma que o resultado das elecci\u00f3ns xerais demostraron que \u201cnon \u00e9 positivo xogar a curto prazo con intereses partidistas\u201d - PP de Galicia\" \/>\n<meta property=\"og:description\" content=\"Santiago, 11 de novembro de 2019.- O portavoz do Grupo Popular, Pedro Puy, cualificou hoxe como \u201cmoi mal negocio para o conxunto do pa\u00eds\u201d o resultado das elecci\u00f3ns xerais celebradas onte, nas que \u201cquedou demostrado que non \u00e9 positivo xogar a curto prazo con intereses partidistas\u201d.\" \/>\n<meta property=\"og:url\" content=\"https:\/\/ppdegalicia.com\/es\/pedro-puy-afirma-que-o-resultado-das-eleccions-xerais-demostraron-que-non-e-positivo-xogar-a-curto-prazo-con-intereses-partidistas\/\" \/>\n<meta property=\"og:site_name\" content=\"PP de Galicia\" \/>\n<meta property=\"article:publisher\" content=\"https:\/\/www.instagram.com\/ppdegalicia\/\" \/>\n<meta property=\"article:published_time\" content=\"2019-11-11T16:28:40+00:00\" \/>\n<meta name=\"author\" content=\"Super User\" \/>\n<meta name=\"twitter:card\" content=\"summary_large_image\" \/>\n<meta name=\"twitter:creator\" content=\"@ppdegalicia\" \/>\n<meta name=\"twitter:site\" content=\"@ppdegalicia\" \/>\n<meta name=\"twitter:label1\" content=\"Escrito por\" \/>\n\t<meta name=\"twitter:data1\" content=\"Super User\" \/>\n\t<meta name=\"twitter:label2\" content=\"Tiempo de lectura\" \/>\n\t<meta name=\"twitter:data2\" content=\"2 minutos\" \/>\n<script type=\"application\/ld+json\" class=\"yoast-schema-graph\">{\"@context\":\"https:\\\/\\\/schema.org\",\"@graph\":[{\"@type\":\"Article\",\"@id\":\"https:\\\/\\\/ppdegalicia.com\\\/es\\\/pedro-puy-afirma-que-o-resultado-das-eleccions-xerais-demostraron-que-non-e-positivo-xogar-a-curto-prazo-con-intereses-partidistas\\\/#article\",\"isPartOf\":{\"@id\":\"https:\\\/\\\/ppdegalicia.com\\\/es\\\/pedro-puy-afirma-que-o-resultado-das-eleccions-xerais-demostraron-que-non-e-positivo-xogar-a-curto-prazo-con-intereses-partidistas\\\/\"},\"author\":{\"name\":\"Super User\",\"@id\":\"https:\\\/\\\/ppdegalicia.com\\\/es\\\/#\\\/schema\\\/person\\\/d0f013b8388c980665d44009ab762960\"},\"headline\":\"Pedro Puy afirma que o resultado das elecci\u00f3ns xerais demostraron que \u201cnon \u00e9 positivo xogar a curto prazo con intereses partidistas\u201d\",\"datePublished\":\"2019-11-11T16:28:40+00:00\",\"mainEntityOfPage\":{\"@id\":\"https:\\\/\\\/ppdegalicia.com\\\/es\\\/pedro-puy-afirma-que-o-resultado-das-eleccions-xerais-demostraron-que-non-e-positivo-xogar-a-curto-prazo-con-intereses-partidistas\\\/\"},\"wordCount\":509,\"commentCount\":0,\"publisher\":{\"@id\":\"https:\\\/\\\/ppdegalicia.com\\\/es\\\/#organization\"},\"articleSection\":[\"PP de Galicia\"],\"inLanguage\":\"es\",\"potentialAction\":[{\"@type\":\"CommentAction\",\"name\":\"Comment\",\"target\":[\"https:\\\/\\\/ppdegalicia.com\\\/es\\\/pedro-puy-afirma-que-o-resultado-das-eleccions-xerais-demostraron-que-non-e-positivo-xogar-a-curto-prazo-con-intereses-partidistas\\\/#respond\"]}]},{\"@type\":\"WebPage\",\"@id\":\"https:\\\/\\\/ppdegalicia.com\\\/es\\\/pedro-puy-afirma-que-o-resultado-das-eleccions-xerais-demostraron-que-non-e-positivo-xogar-a-curto-prazo-con-intereses-partidistas\\\/\",\"url\":\"https:\\\/\\\/ppdegalicia.com\\\/es\\\/pedro-puy-afirma-que-o-resultado-das-eleccions-xerais-demostraron-que-non-e-positivo-xogar-a-curto-prazo-con-intereses-partidistas\\\/\",\"name\":\"Pedro Puy afirma que o resultado das elecci\u00f3ns xerais demostraron que \u201cnon \u00e9 positivo xogar a curto prazo con intereses partidistas\u201d - PP de Galicia\",\"isPartOf\":{\"@id\":\"https:\\\/\\\/ppdegalicia.com\\\/es\\\/#website\"},\"datePublished\":\"2019-11-11T16:28:40+00:00\",\"breadcrumb\":{\"@id\":\"https:\\\/\\\/ppdegalicia.com\\\/es\\\/pedro-puy-afirma-que-o-resultado-das-eleccions-xerais-demostraron-que-non-e-positivo-xogar-a-curto-prazo-con-intereses-partidistas\\\/#breadcrumb\"},\"inLanguage\":\"es\",\"potentialAction\":[{\"@type\":\"ReadAction\",\"target\":[\"https:\\\/\\\/ppdegalicia.com\\\/es\\\/pedro-puy-afirma-que-o-resultado-das-eleccions-xerais-demostraron-que-non-e-positivo-xogar-a-curto-prazo-con-intereses-partidistas\\\/\"]}]},{\"@type\":\"BreadcrumbList\",\"@id\":\"https:\\\/\\\/ppdegalicia.com\\\/es\\\/pedro-puy-afirma-que-o-resultado-das-eleccions-xerais-demostraron-que-non-e-positivo-xogar-a-curto-prazo-con-intereses-partidistas\\\/#breadcrumb\",\"itemListElement\":[{\"@type\":\"ListItem\",\"position\":1,\"name\":\"Portada\",\"item\":\"https:\\\/\\\/ppdegalicia.com\\\/es\\\/\"},{\"@type\":\"ListItem\",\"position\":2,\"name\":\"Pedro Puy afirma que o resultado das elecci\u00f3ns xerais demostraron que \u201cnon \u00e9 positivo xogar a curto prazo con intereses partidistas\u201d\"}]},{\"@type\":\"WebSite\",\"@id\":\"https:\\\/\\\/ppdegalicia.com\\\/es\\\/#website\",\"url\":\"https:\\\/\\\/ppdegalicia.com\\\/es\\\/\",\"name\":\"Partido Popular de Galicia\",\"description\":\"Partido Popular de Galicia\",\"publisher\":{\"@id\":\"https:\\\/\\\/ppdegalicia.com\\\/es\\\/#organization\"},\"alternateName\":\"PP de Galicia\",\"potentialAction\":[{\"@type\":\"SearchAction\",\"target\":{\"@type\":\"EntryPoint\",\"urlTemplate\":\"https:\\\/\\\/ppdegalicia.com\\\/es\\\/?s={search_term_string}\"},\"query-input\":{\"@type\":\"PropertyValueSpecification\",\"valueRequired\":true,\"valueName\":\"search_term_string\"}}],\"inLanguage\":\"es\"},{\"@type\":\"Organization\",\"@id\":\"https:\\\/\\\/ppdegalicia.com\\\/es\\\/#organization\",\"name\":\"Partido Popular de Galicia\",\"alternateName\":\"PP de Galicia\",\"url\":\"https:\\\/\\\/ppdegalicia.com\\\/es\\\/\",\"logo\":{\"@type\":\"ImageObject\",\"inLanguage\":\"es\",\"@id\":\"https:\\\/\\\/ppdegalicia.com\\\/es\\\/#\\\/schema\\\/logo\\\/image\\\/\",\"url\":\"https:\\\/\\\/ppdegalicia.com\\\/wp-content\\\/uploads\\\/2023\\\/04\\\/logoPP512.png\",\"contentUrl\":\"https:\\\/\\\/ppdegalicia.com\\\/wp-content\\\/uploads\\\/2023\\\/04\\\/logoPP512.png\",\"width\":512,\"height\":512,\"caption\":\"Partido Popular de Galicia\"},\"image\":{\"@id\":\"https:\\\/\\\/ppdegalicia.com\\\/es\\\/#\\\/schema\\\/logo\\\/image\\\/\"},\"sameAs\":[\"https:\\\/\\\/www.instagram.com\\\/ppdegalicia\\\/\",\"https:\\\/\\\/x.com\\\/ppdegalicia\",\"https:\\\/\\\/www.tiktok.com\\\/@ppdegalicia\",\"https:\\\/\\\/www.youtube.com\\\/user\\\/ppdegalicia\"]},{\"@type\":\"Person\",\"@id\":\"https:\\\/\\\/ppdegalicia.com\\\/es\\\/#\\\/schema\\\/person\\\/d0f013b8388c980665d44009ab762960\",\"name\":\"Super User\",\"image\":{\"@type\":\"ImageObject\",\"inLanguage\":\"es\",\"@id\":\"https:\\\/\\\/secure.gravatar.com\\\/avatar\\\/1db852625ef4948f58d2739bfbc51e4b9bd5c93b8fa340b59fdb594ca0845645?s=96&d=mm&r=g\",\"url\":\"https:\\\/\\\/secure.gravatar.com\\\/avatar\\\/1db852625ef4948f58d2739bfbc51e4b9bd5c93b8fa340b59fdb594ca0845645?s=96&d=mm&r=g\",\"contentUrl\":\"https:\\\/\\\/secure.gravatar.com\\\/avatar\\\/1db852625ef4948f58d2739bfbc51e4b9bd5c93b8fa340b59fdb594ca0845645?s=96&d=mm&r=g\",\"caption\":\"Super User\"},\"url\":\"https:\\\/\\\/ppdegalicia.com\\\/es\\\/author\\\/ppdegaliciagestion\\\/\"}]}<\/script>\n<!-- \/ Yoast SEO plugin. -->","yoast_head_json":{"title":"Pedro Puy afirma que o resultado das elecci\u00f3ns xerais demostraron que \u201cnon \u00e9 positivo xogar a curto prazo con intereses partidistas\u201d - PP de Galicia","robots":{"index":"index","follow":"follow","max-snippet":"max-snippet:-1","max-image-preview":"max-image-preview:large","max-video-preview":"max-video-preview:-1"},"canonical":"https:\/\/ppdegalicia.com\/es\/pedro-puy-afirma-que-o-resultado-das-eleccions-xerais-demostraron-que-non-e-positivo-xogar-a-curto-prazo-con-intereses-partidistas\/","og_locale":"es_ES","og_type":"article","og_title":"Pedro Puy afirma que o resultado das elecci\u00f3ns xerais demostraron que \u201cnon \u00e9 positivo xogar a curto prazo con intereses partidistas\u201d - PP de Galicia","og_description":"Santiago, 11 de novembro de 2019.- O portavoz do Grupo Popular, Pedro Puy, cualificou hoxe como \u201cmoi mal negocio para o conxunto do pa\u00eds\u201d o resultado das elecci\u00f3ns xerais celebradas onte, nas que \u201cquedou demostrado que non \u00e9 positivo xogar a curto prazo con intereses partidistas\u201d.","og_url":"https:\/\/ppdegalicia.com\/es\/pedro-puy-afirma-que-o-resultado-das-eleccions-xerais-demostraron-que-non-e-positivo-xogar-a-curto-prazo-con-intereses-partidistas\/","og_site_name":"PP de Galicia","article_publisher":"https:\/\/www.instagram.com\/ppdegalicia\/","article_published_time":"2019-11-11T16:28:40+00:00","author":"Super User","twitter_card":"summary_large_image","twitter_creator":"@ppdegalicia","twitter_site":"@ppdegalicia","twitter_misc":{"Escrito por":"Super User","Tiempo de lectura":"2 minutos"},"schema":{"@context":"https:\/\/schema.org","@graph":[{"@type":"Article","@id":"https:\/\/ppdegalicia.com\/es\/pedro-puy-afirma-que-o-resultado-das-eleccions-xerais-demostraron-que-non-e-positivo-xogar-a-curto-prazo-con-intereses-partidistas\/#article","isPartOf":{"@id":"https:\/\/ppdegalicia.com\/es\/pedro-puy-afirma-que-o-resultado-das-eleccions-xerais-demostraron-que-non-e-positivo-xogar-a-curto-prazo-con-intereses-partidistas\/"},"author":{"name":"Super User","@id":"https:\/\/ppdegalicia.com\/es\/#\/schema\/person\/d0f013b8388c980665d44009ab762960"},"headline":"Pedro Puy afirma que o resultado das elecci\u00f3ns xerais demostraron que \u201cnon \u00e9 positivo xogar a curto prazo con intereses partidistas\u201d","datePublished":"2019-11-11T16:28:40+00:00","mainEntityOfPage":{"@id":"https:\/\/ppdegalicia.com\/es\/pedro-puy-afirma-que-o-resultado-das-eleccions-xerais-demostraron-que-non-e-positivo-xogar-a-curto-prazo-con-intereses-partidistas\/"},"wordCount":509,"commentCount":0,"publisher":{"@id":"https:\/\/ppdegalicia.com\/es\/#organization"},"articleSection":["PP de Galicia"],"inLanguage":"es","potentialAction":[{"@type":"CommentAction","name":"Comment","target":["https:\/\/ppdegalicia.com\/es\/pedro-puy-afirma-que-o-resultado-das-eleccions-xerais-demostraron-que-non-e-positivo-xogar-a-curto-prazo-con-intereses-partidistas\/#respond"]}]},{"@type":"WebPage","@id":"https:\/\/ppdegalicia.com\/es\/pedro-puy-afirma-que-o-resultado-das-eleccions-xerais-demostraron-que-non-e-positivo-xogar-a-curto-prazo-con-intereses-partidistas\/","url":"https:\/\/ppdegalicia.com\/es\/pedro-puy-afirma-que-o-resultado-das-eleccions-xerais-demostraron-que-non-e-positivo-xogar-a-curto-prazo-con-intereses-partidistas\/","name":"Pedro Puy afirma que o resultado das elecci\u00f3ns xerais demostraron que \u201cnon \u00e9 positivo xogar a curto prazo con intereses partidistas\u201d - PP de Galicia","isPartOf":{"@id":"https:\/\/ppdegalicia.com\/es\/#website"},"datePublished":"2019-11-11T16:28:40+00:00","breadcrumb":{"@id":"https:\/\/ppdegalicia.com\/es\/pedro-puy-afirma-que-o-resultado-das-eleccions-xerais-demostraron-que-non-e-positivo-xogar-a-curto-prazo-con-intereses-partidistas\/#breadcrumb"},"inLanguage":"es","potentialAction":[{"@type":"ReadAction","target":["https:\/\/ppdegalicia.com\/es\/pedro-puy-afirma-que-o-resultado-das-eleccions-xerais-demostraron-que-non-e-positivo-xogar-a-curto-prazo-con-intereses-partidistas\/"]}]},{"@type":"BreadcrumbList","@id":"https:\/\/ppdegalicia.com\/es\/pedro-puy-afirma-que-o-resultado-das-eleccions-xerais-demostraron-que-non-e-positivo-xogar-a-curto-prazo-con-intereses-partidistas\/#breadcrumb","itemListElement":[{"@type":"ListItem","position":1,"name":"Portada","item":"https:\/\/ppdegalicia.com\/es\/"},{"@type":"ListItem","position":2,"name":"Pedro Puy afirma que o resultado das elecci\u00f3ns xerais demostraron que \u201cnon \u00e9 positivo xogar a curto prazo con intereses partidistas\u201d"}]},{"@type":"WebSite","@id":"https:\/\/ppdegalicia.com\/es\/#website","url":"https:\/\/ppdegalicia.com\/es\/","name":"Partido Popular de Galicia","description":"Partido Popular de Galicia","publisher":{"@id":"https:\/\/ppdegalicia.com\/es\/#organization"},"alternateName":"PP de Galicia","potentialAction":[{"@type":"SearchAction","target":{"@type":"EntryPoint","urlTemplate":"https:\/\/ppdegalicia.com\/es\/?s={search_term_string}"},"query-input":{"@type":"PropertyValueSpecification","valueRequired":true,"valueName":"search_term_string"}}],"inLanguage":"es"},{"@type":"Organization","@id":"https:\/\/ppdegalicia.com\/es\/#organization","name":"Partido Popular de Galicia","alternateName":"PP de Galicia","url":"https:\/\/ppdegalicia.com\/es\/","logo":{"@type":"ImageObject","inLanguage":"es","@id":"https:\/\/ppdegalicia.com\/es\/#\/schema\/logo\/image\/","url":"https:\/\/ppdegalicia.com\/wp-content\/uploads\/2023\/04\/logoPP512.png","contentUrl":"https:\/\/ppdegalicia.com\/wp-content\/uploads\/2023\/04\/logoPP512.png","width":512,"height":512,"caption":"Partido Popular de Galicia"},"image":{"@id":"https:\/\/ppdegalicia.com\/es\/#\/schema\/logo\/image\/"},"sameAs":["https:\/\/www.instagram.com\/ppdegalicia\/","https:\/\/x.com\/ppdegalicia","https:\/\/www.tiktok.com\/@ppdegalicia","https:\/\/www.youtube.com\/user\/ppdegalicia"]},{"@type":"Person","@id":"https:\/\/ppdegalicia.com\/es\/#\/schema\/person\/d0f013b8388c980665d44009ab762960","name":"Super User","image":{"@type":"ImageObject","inLanguage":"es","@id":"https:\/\/secure.gravatar.com\/avatar\/1db852625ef4948f58d2739bfbc51e4b9bd5c93b8fa340b59fdb594ca0845645?s=96&d=mm&r=g","url":"https:\/\/secure.gravatar.com\/avatar\/1db852625ef4948f58d2739bfbc51e4b9bd5c93b8fa340b59fdb594ca0845645?s=96&d=mm&r=g","contentUrl":"https:\/\/secure.gravatar.com\/avatar\/1db852625ef4948f58d2739bfbc51e4b9bd5c93b8fa340b59fdb594ca0845645?s=96&d=mm&r=g","caption":"Super User"},"url":"https:\/\/ppdegalicia.com\/es\/author\/ppdegaliciagestion\/"}]}},"_links":{"self":[{"href":"https:\/\/ppdegalicia.com\/es\/wp-json\/wp\/v2\/posts\/52124","targetHints":{"allow":["GET"]}}],"collection":[{"href":"https:\/\/ppdegalicia.com\/es\/wp-json\/wp\/v2\/posts"}],"about":[{"href":"https:\/\/ppdegalicia.com\/es\/wp-json\/wp\/v2\/types\/post"}],"author":[{"embeddable":true,"href":"https:\/\/ppdegalicia.com\/es\/wp-json\/wp\/v2\/users\/37"}],"replies":[{"embeddable":true,"href":"https:\/\/ppdegalicia.com\/es\/wp-json\/wp\/v2\/comments?post=52124"}],"version-history":[{"count":0,"href":"https:\/\/ppdegalicia.com\/es\/wp-json\/wp\/v2\/posts\/52124\/revisions"}],"wp:attachment":[{"href":"https:\/\/ppdegalicia.com\/es\/wp-json\/wp\/v2\/media?parent=52124"}],"wp:term":[{"taxonomy":"category","embeddable":true,"href":"https:\/\/ppdegalicia.com\/es\/wp-json\/wp\/v2\/categories?post=52124"},{"taxonomy":"post_tag","embeddable":true,"href":"https:\/\/ppdegalicia.com\/es\/wp-json\/wp\/v2\/tags?post=52124"}],"curies":[{"name":"wp","href":"https:\/\/api.w.org\/{rel}","templated":true}]}}