{"id":52138,"date":"2019-11-15T12:29:45","date_gmt":"2019-11-15T10:29:45","guid":{"rendered":"https:\/\/ppdegalicia.com\/tellado-sanchez-tivo-ao-pais-agardando-seis-meses-para-resolver-o-seu-futuro-persoal-pero-os-problemas-de-galicia-non-poden-esperar\/"},"modified":"2019-11-15T12:29:45","modified_gmt":"2019-11-15T10:29:45","slug":"tellado-sanchez-tivo-ao-pais-agardando-seis-meses-para-resolver-o-seu-futuro-persoal-pero-os-problemas-de-galicia-non-poden-esperar","status":"publish","type":"post","link":"https:\/\/ppdegalicia.com\/es\/tellado-sanchez-tivo-ao-pais-agardando-seis-meses-para-resolver-o-seu-futuro-persoal-pero-os-problemas-de-galicia-non-poden-esperar\/","title":{"rendered":"Tellado: \u201cS\u00e1nchez tivo ao pa\u00eds agardando seis meses para resolver o seu futuro persoal, pero os problemas de Galicia non poden esperar\u201d"},"content":{"rendered":"<p><strong><span style=\"text-decoration: underline;\">15, novembro, 2019.<\/span><\/strong> O secretario xeral do PPdeG, Miguel Tellado, afirmou que, malia que Pedro S\u00e1nchez tivo a todo un pa\u00eds esperando seis meses para resolver o seu futuro persoal, os problemas de Galicia non poden agardar.<\/p>\n<p><!--more--><\/p>\n<p>&nbsp;<\/p>\n<p>Deste modo se expresaba refer\u00edndose ao anuncio do acordo de Goberno asinado entre o PSOE e Podemos, \u00abese xa chamado Pacto do Insomnio, porque aparentemente ter\u00e1 a S\u00e1nchez uns meses sen durmir\u00bb. Segundo asegurou, desde o primeiro d\u00eda dese Executivo, \u00abseguiremos esixindo o cumprimento dos 25 puntos da Axenda Galega que presentou Feij\u00f3o hai d\u00faas semanas\u00bb.<\/p>\n<p>&nbsp;<\/p>\n<p>De feito, fixo fincap\u00e9 en que Galicia necesita o compromiso do Goberno central cun financiamento xusto, coa industria e unha transici\u00f3n ecol\u00f3xica xusta, coas infraestruturas, coa chegada AVE, co Xacobeo 2021 e co naval. \u00abOs galegos saben que tanto na Xunta como no PPdeG existe este compromiso, polo tanto estaremos vixiantes ante cada desprezo e cada incumprimento\u00bb, insistiu.<\/p>\n<p>&nbsp;<\/p>\n<p><strong><span style=\"text-decoration: underline;\">S\u00c1NCHEZ E IGLESIAS R\u00cdRONSE DOS ESPA\u00d1OIS<\/span><\/strong><\/p>\n<p>As\u00ed mesmo, o n\u00famero dous do PPdeG criticou que tanto Pedro S\u00e1nchez como Pablo Iglesias se estivesen rindo dos espa\u00f1ois seis meses \u00absen ning\u00fan pudor\u00bb, mentindo, mantendo ao pa\u00eds bloqueado e dilapidando 140 mill\u00f3ns de euros de todos os cidad\u00e1ns. \u00abConseguiron en 36 horas o que non conseguiran nos 196 d\u00edas anteriores\u00bb, indicou reco\u00f1ecendo que moitos espa\u00f1ois, incluso votantes do PSOE e de Podemos, deben de sentirse fondamente insultados.<\/p>\n<p>&nbsp;<\/p>\n<p>Ao respecto, subli\u00f1ou que o Executivo que propo\u00f1en non vai ser estable nin fiable e que provocar\u00e1 que o pa\u00eds estea secuestrado por todos aqueles que queren que lle vaia mal. \u00abNon pode ser bo para Espa\u00f1a un Goberno no que os que marquen a s\u00faa folla de ruta sexan Rufi\u00e1n, Otegi e Torra\u00bb, resaltou.<\/p>\n<p>&nbsp;<\/p>\n<p>Igualmente, Tellado admitiu que, \u201cse queda alg\u00fan dirixente responsable con mando no Partido Socialista, deber\u00eda evitar este disparate hist\u00f3rico que \u00e9 a coalici\u00f3n con Podemos e os independentistas\u201d, aseverando que non \u00e9 casual que a meirande parte dos dirixentes que edificaron o PSOE se posicionen en contra deste pacto como Gonz\u00e1lez, Javier Fern\u00e1ndez ou Rodr\u00edguez Ibarra.<\/p>\n<p>&nbsp;<\/p>\n<p>\u201cS\u00e1nchez xa escolleu compa\u00f1eiros de viaxe e nin sequera quixo falar de nada co PP pero cremos que estamos a tempo e, se rompe con Podemos, hai tempo para volver a intentalo\u201d, manifestou definindo este escenario como \u201cextraordinariamente complexo\u201d en materia econ\u00f3mica e territorial e alertando do perigo de optar pola v\u00eda da radicalidade, a ruptura e a inestabilidade.<\/p>\n<p>&nbsp;<\/p>\n<p>Nese senso, precisou que, se o primeiro Executivo de S\u00e1nchez foi malo para Espa\u00f1a, a\u00ednda foi peor para a nosa Comunidade. \u00abDe a\u00ed que o PSdeG recibise aqu\u00ed un castigo especial, ao perder m\u00e1is porcentaxe de voto do que perdeu o PSOE no conxunto de Espa\u00f1a, e de a\u00ed que o PPdeG subise m\u00e1is en Galicia do que subiu o PP nacional, pese a que partise xa dunha posici\u00f3n de maior porcentaxe de voto en abril\u00bb, explicou.<\/p>\n<p>&nbsp;<\/p>\n<p><strong><span style=\"text-decoration: underline;\">BUSCAR A EXCELENCIA<\/span><\/strong><\/p>\n<p>Por outra banda, Tellado falou do Comit\u00e9 de Direcci\u00f3n que os populares celebrar\u00e1n esta tarde para analizar os resultados electorais, identificar posibilidades de mellora e decidir o rumbo que debe tomar o partido nos seguintes meses. \u201cDesta volta, acometemos esta reuni\u00f3n moderadamente satisfeitos, porque cremos que fixemos un bo traballo e porque entendemos que nestas elecci\u00f3ns cumprimos os obxectivos que nos marcamos\u201d, dixo.<\/p>\n<p>&nbsp;<\/p>\n<p>Como lembrou, mellor\u00e1ronse os resultados con respecto a abril: sub\u00edronse 19.000 votos e 4,5 puntos. Ademais, o PPdeG acadou un deputado e tres senadores m\u00e1is, volve ser a lista m\u00e1is votada en Galicia e obtivo maior\u00eda absoluta de representantes entre as d\u00faas C\u00e1maras porque, de 39 escanos a escoller na Comunidade, os populares acadaron 21 entre deputados e senadores.<\/p>\n<p>&nbsp;<\/p>\n<p>\u201cSomos un partido humilde, que non se pode conformar con cumprir os seus obxectivos e que debe buscar sempre a excelencia\u201d, remarcou o secretario xeral. Por este motivo incidiu en que, \u201cmentres outros celebran ter perdido as elecci\u00f3ns e 68.000 votos en 6 meses -350 ao d\u00eda- e est\u00e1n encantados coa s\u00faa derrota, desde o PPdeG comezamos a traballar desde xa con ilusi\u00f3n, ganas e determinaci\u00f3n para volver ser merecedores da confianza maioritaria dos galegos a pr\u00f3xima vez que te\u00f1an que acudir \u00e1s urnas\u201d.<\/p>\n","protected":false},"excerpt":{"rendered":"<p>15, novembro, 2019. O secretario xeral do PPdeG, Miguel Tellado, afirmou que, malia que Pedro S\u00e1nchez tivo a todo un pa\u00eds esperando seis meses para resolver o seu futuro persoal, os problemas de Galicia non poden agardar.<\/p>\n","protected":false},"author":37,"featured_media":0,"comment_status":"open","ping_status":"open","sticky":false,"template":"","format":"standard","meta":{"_acf_changed":false,"footnotes":""},"categories":[1],"tags":[],"class_list":["post-52138","post","type-post","status-publish","format-standard","hentry","category-pp-de-galicia"],"acf":[],"yoast_head":"<!-- This site is optimized with the Yoast SEO plugin v27.3 - https:\/\/yoast.com\/product\/yoast-seo-wordpress\/ -->\n<title>Tellado: \u201cS\u00e1nchez tivo ao pa\u00eds agardando seis meses para resolver o seu futuro persoal, pero os problemas de Galicia non poden esperar\u201d - PP de Galicia<\/title>\n<meta name=\"robots\" content=\"index, follow, max-snippet:-1, max-image-preview:large, max-video-preview:-1\" \/>\n<link rel=\"canonical\" href=\"https:\/\/ppdegalicia.com\/es\/tellado-sanchez-tivo-ao-pais-agardando-seis-meses-para-resolver-o-seu-futuro-persoal-pero-os-problemas-de-galicia-non-poden-esperar\/\" \/>\n<meta property=\"og:locale\" content=\"es_ES\" \/>\n<meta property=\"og:type\" content=\"article\" \/>\n<meta property=\"og:title\" content=\"Tellado: \u201cS\u00e1nchez tivo ao pa\u00eds agardando seis meses para resolver o seu futuro persoal, pero os problemas de Galicia non poden esperar\u201d - PP de Galicia\" \/>\n<meta property=\"og:description\" content=\"15, novembro, 2019. O secretario xeral do PPdeG, Miguel Tellado, afirmou que, malia que Pedro S\u00e1nchez tivo a todo un pa\u00eds esperando seis meses para resolver o seu futuro persoal, os problemas de Galicia non poden agardar.\" \/>\n<meta property=\"og:url\" content=\"https:\/\/ppdegalicia.com\/es\/tellado-sanchez-tivo-ao-pais-agardando-seis-meses-para-resolver-o-seu-futuro-persoal-pero-os-problemas-de-galicia-non-poden-esperar\/\" \/>\n<meta property=\"og:site_name\" content=\"PP de Galicia\" \/>\n<meta property=\"article:publisher\" content=\"https:\/\/www.instagram.com\/ppdegalicia\/\" \/>\n<meta property=\"article:published_time\" content=\"2019-11-15T10:29:45+00:00\" \/>\n<meta name=\"author\" content=\"Super User\" \/>\n<meta name=\"twitter:card\" content=\"summary_large_image\" \/>\n<meta name=\"twitter:creator\" content=\"@ppdegalicia\" \/>\n<meta name=\"twitter:site\" content=\"@ppdegalicia\" \/>\n<meta name=\"twitter:label1\" content=\"Escrito por\" \/>\n\t<meta name=\"twitter:data1\" content=\"Super User\" \/>\n\t<meta name=\"twitter:label2\" content=\"Tiempo de lectura\" \/>\n\t<meta name=\"twitter:data2\" content=\"4 minutos\" \/>\n<script type=\"application\/ld+json\" class=\"yoast-schema-graph\">{\"@context\":\"https:\\\/\\\/schema.org\",\"@graph\":[{\"@type\":\"Article\",\"@id\":\"https:\\\/\\\/ppdegalicia.com\\\/es\\\/tellado-sanchez-tivo-ao-pais-agardando-seis-meses-para-resolver-o-seu-futuro-persoal-pero-os-problemas-de-galicia-non-poden-esperar\\\/#article\",\"isPartOf\":{\"@id\":\"https:\\\/\\\/ppdegalicia.com\\\/es\\\/tellado-sanchez-tivo-ao-pais-agardando-seis-meses-para-resolver-o-seu-futuro-persoal-pero-os-problemas-de-galicia-non-poden-esperar\\\/\"},\"author\":{\"name\":\"Super User\",\"@id\":\"https:\\\/\\\/ppdegalicia.com\\\/es\\\/#\\\/schema\\\/person\\\/d0f013b8388c980665d44009ab762960\"},\"headline\":\"Tellado: \u201cS\u00e1nchez tivo ao pa\u00eds agardando seis meses para resolver o seu futuro persoal, pero os problemas de Galicia non poden esperar\u201d\",\"datePublished\":\"2019-11-15T10:29:45+00:00\",\"mainEntityOfPage\":{\"@id\":\"https:\\\/\\\/ppdegalicia.com\\\/es\\\/tellado-sanchez-tivo-ao-pais-agardando-seis-meses-para-resolver-o-seu-futuro-persoal-pero-os-problemas-de-galicia-non-poden-esperar\\\/\"},\"wordCount\":766,\"commentCount\":0,\"publisher\":{\"@id\":\"https:\\\/\\\/ppdegalicia.com\\\/es\\\/#organization\"},\"articleSection\":[\"PP de Galicia\"],\"inLanguage\":\"es\",\"potentialAction\":[{\"@type\":\"CommentAction\",\"name\":\"Comment\",\"target\":[\"https:\\\/\\\/ppdegalicia.com\\\/es\\\/tellado-sanchez-tivo-ao-pais-agardando-seis-meses-para-resolver-o-seu-futuro-persoal-pero-os-problemas-de-galicia-non-poden-esperar\\\/#respond\"]}]},{\"@type\":\"WebPage\",\"@id\":\"https:\\\/\\\/ppdegalicia.com\\\/es\\\/tellado-sanchez-tivo-ao-pais-agardando-seis-meses-para-resolver-o-seu-futuro-persoal-pero-os-problemas-de-galicia-non-poden-esperar\\\/\",\"url\":\"https:\\\/\\\/ppdegalicia.com\\\/es\\\/tellado-sanchez-tivo-ao-pais-agardando-seis-meses-para-resolver-o-seu-futuro-persoal-pero-os-problemas-de-galicia-non-poden-esperar\\\/\",\"name\":\"Tellado: \u201cS\u00e1nchez tivo ao pa\u00eds agardando seis meses para resolver o seu futuro persoal, pero os problemas de Galicia non poden esperar\u201d - PP de Galicia\",\"isPartOf\":{\"@id\":\"https:\\\/\\\/ppdegalicia.com\\\/es\\\/#website\"},\"datePublished\":\"2019-11-15T10:29:45+00:00\",\"breadcrumb\":{\"@id\":\"https:\\\/\\\/ppdegalicia.com\\\/es\\\/tellado-sanchez-tivo-ao-pais-agardando-seis-meses-para-resolver-o-seu-futuro-persoal-pero-os-problemas-de-galicia-non-poden-esperar\\\/#breadcrumb\"},\"inLanguage\":\"es\",\"potentialAction\":[{\"@type\":\"ReadAction\",\"target\":[\"https:\\\/\\\/ppdegalicia.com\\\/es\\\/tellado-sanchez-tivo-ao-pais-agardando-seis-meses-para-resolver-o-seu-futuro-persoal-pero-os-problemas-de-galicia-non-poden-esperar\\\/\"]}]},{\"@type\":\"BreadcrumbList\",\"@id\":\"https:\\\/\\\/ppdegalicia.com\\\/es\\\/tellado-sanchez-tivo-ao-pais-agardando-seis-meses-para-resolver-o-seu-futuro-persoal-pero-os-problemas-de-galicia-non-poden-esperar\\\/#breadcrumb\",\"itemListElement\":[{\"@type\":\"ListItem\",\"position\":1,\"name\":\"Portada\",\"item\":\"https:\\\/\\\/ppdegalicia.com\\\/es\\\/\"},{\"@type\":\"ListItem\",\"position\":2,\"name\":\"Tellado: \u201cS\u00e1nchez tivo ao pa\u00eds agardando seis meses para resolver o seu futuro persoal, pero os problemas de Galicia non poden esperar\u201d\"}]},{\"@type\":\"WebSite\",\"@id\":\"https:\\\/\\\/ppdegalicia.com\\\/es\\\/#website\",\"url\":\"https:\\\/\\\/ppdegalicia.com\\\/es\\\/\",\"name\":\"Partido Popular de Galicia\",\"description\":\"Partido Popular de Galicia\",\"publisher\":{\"@id\":\"https:\\\/\\\/ppdegalicia.com\\\/es\\\/#organization\"},\"alternateName\":\"PP de Galicia\",\"potentialAction\":[{\"@type\":\"SearchAction\",\"target\":{\"@type\":\"EntryPoint\",\"urlTemplate\":\"https:\\\/\\\/ppdegalicia.com\\\/es\\\/?s={search_term_string}\"},\"query-input\":{\"@type\":\"PropertyValueSpecification\",\"valueRequired\":true,\"valueName\":\"search_term_string\"}}],\"inLanguage\":\"es\"},{\"@type\":\"Organization\",\"@id\":\"https:\\\/\\\/ppdegalicia.com\\\/es\\\/#organization\",\"name\":\"Partido Popular de Galicia\",\"alternateName\":\"PP de Galicia\",\"url\":\"https:\\\/\\\/ppdegalicia.com\\\/es\\\/\",\"logo\":{\"@type\":\"ImageObject\",\"inLanguage\":\"es\",\"@id\":\"https:\\\/\\\/ppdegalicia.com\\\/es\\\/#\\\/schema\\\/logo\\\/image\\\/\",\"url\":\"https:\\\/\\\/ppdegalicia.com\\\/wp-content\\\/uploads\\\/2023\\\/04\\\/logoPP512.png\",\"contentUrl\":\"https:\\\/\\\/ppdegalicia.com\\\/wp-content\\\/uploads\\\/2023\\\/04\\\/logoPP512.png\",\"width\":512,\"height\":512,\"caption\":\"Partido Popular de Galicia\"},\"image\":{\"@id\":\"https:\\\/\\\/ppdegalicia.com\\\/es\\\/#\\\/schema\\\/logo\\\/image\\\/\"},\"sameAs\":[\"https:\\\/\\\/www.instagram.com\\\/ppdegalicia\\\/\",\"https:\\\/\\\/x.com\\\/ppdegalicia\",\"https:\\\/\\\/www.tiktok.com\\\/@ppdegalicia\",\"https:\\\/\\\/www.youtube.com\\\/user\\\/ppdegalicia\"]},{\"@type\":\"Person\",\"@id\":\"https:\\\/\\\/ppdegalicia.com\\\/es\\\/#\\\/schema\\\/person\\\/d0f013b8388c980665d44009ab762960\",\"name\":\"Super User\",\"image\":{\"@type\":\"ImageObject\",\"inLanguage\":\"es\",\"@id\":\"https:\\\/\\\/secure.gravatar.com\\\/avatar\\\/1db852625ef4948f58d2739bfbc51e4b9bd5c93b8fa340b59fdb594ca0845645?s=96&d=mm&r=g\",\"url\":\"https:\\\/\\\/secure.gravatar.com\\\/avatar\\\/1db852625ef4948f58d2739bfbc51e4b9bd5c93b8fa340b59fdb594ca0845645?s=96&d=mm&r=g\",\"contentUrl\":\"https:\\\/\\\/secure.gravatar.com\\\/avatar\\\/1db852625ef4948f58d2739bfbc51e4b9bd5c93b8fa340b59fdb594ca0845645?s=96&d=mm&r=g\",\"caption\":\"Super User\"},\"url\":\"https:\\\/\\\/ppdegalicia.com\\\/es\\\/author\\\/ppdegaliciagestion\\\/\"}]}<\/script>\n<!-- \/ Yoast SEO plugin. -->","yoast_head_json":{"title":"Tellado: \u201cS\u00e1nchez tivo ao pa\u00eds agardando seis meses para resolver o seu futuro persoal, pero os problemas de Galicia non poden esperar\u201d - PP de Galicia","robots":{"index":"index","follow":"follow","max-snippet":"max-snippet:-1","max-image-preview":"max-image-preview:large","max-video-preview":"max-video-preview:-1"},"canonical":"https:\/\/ppdegalicia.com\/es\/tellado-sanchez-tivo-ao-pais-agardando-seis-meses-para-resolver-o-seu-futuro-persoal-pero-os-problemas-de-galicia-non-poden-esperar\/","og_locale":"es_ES","og_type":"article","og_title":"Tellado: \u201cS\u00e1nchez tivo ao pa\u00eds agardando seis meses para resolver o seu futuro persoal, pero os problemas de Galicia non poden esperar\u201d - PP de Galicia","og_description":"15, novembro, 2019. O secretario xeral do PPdeG, Miguel Tellado, afirmou que, malia que Pedro S\u00e1nchez tivo a todo un pa\u00eds esperando seis meses para resolver o seu futuro persoal, os problemas de Galicia non poden agardar.","og_url":"https:\/\/ppdegalicia.com\/es\/tellado-sanchez-tivo-ao-pais-agardando-seis-meses-para-resolver-o-seu-futuro-persoal-pero-os-problemas-de-galicia-non-poden-esperar\/","og_site_name":"PP de Galicia","article_publisher":"https:\/\/www.instagram.com\/ppdegalicia\/","article_published_time":"2019-11-15T10:29:45+00:00","author":"Super User","twitter_card":"summary_large_image","twitter_creator":"@ppdegalicia","twitter_site":"@ppdegalicia","twitter_misc":{"Escrito por":"Super User","Tiempo de lectura":"4 minutos"},"schema":{"@context":"https:\/\/schema.org","@graph":[{"@type":"Article","@id":"https:\/\/ppdegalicia.com\/es\/tellado-sanchez-tivo-ao-pais-agardando-seis-meses-para-resolver-o-seu-futuro-persoal-pero-os-problemas-de-galicia-non-poden-esperar\/#article","isPartOf":{"@id":"https:\/\/ppdegalicia.com\/es\/tellado-sanchez-tivo-ao-pais-agardando-seis-meses-para-resolver-o-seu-futuro-persoal-pero-os-problemas-de-galicia-non-poden-esperar\/"},"author":{"name":"Super User","@id":"https:\/\/ppdegalicia.com\/es\/#\/schema\/person\/d0f013b8388c980665d44009ab762960"},"headline":"Tellado: \u201cS\u00e1nchez tivo ao pa\u00eds agardando seis meses para resolver o seu futuro persoal, pero os problemas de Galicia non poden esperar\u201d","datePublished":"2019-11-15T10:29:45+00:00","mainEntityOfPage":{"@id":"https:\/\/ppdegalicia.com\/es\/tellado-sanchez-tivo-ao-pais-agardando-seis-meses-para-resolver-o-seu-futuro-persoal-pero-os-problemas-de-galicia-non-poden-esperar\/"},"wordCount":766,"commentCount":0,"publisher":{"@id":"https:\/\/ppdegalicia.com\/es\/#organization"},"articleSection":["PP de Galicia"],"inLanguage":"es","potentialAction":[{"@type":"CommentAction","name":"Comment","target":["https:\/\/ppdegalicia.com\/es\/tellado-sanchez-tivo-ao-pais-agardando-seis-meses-para-resolver-o-seu-futuro-persoal-pero-os-problemas-de-galicia-non-poden-esperar\/#respond"]}]},{"@type":"WebPage","@id":"https:\/\/ppdegalicia.com\/es\/tellado-sanchez-tivo-ao-pais-agardando-seis-meses-para-resolver-o-seu-futuro-persoal-pero-os-problemas-de-galicia-non-poden-esperar\/","url":"https:\/\/ppdegalicia.com\/es\/tellado-sanchez-tivo-ao-pais-agardando-seis-meses-para-resolver-o-seu-futuro-persoal-pero-os-problemas-de-galicia-non-poden-esperar\/","name":"Tellado: \u201cS\u00e1nchez tivo ao pa\u00eds agardando seis meses para resolver o seu futuro persoal, pero os problemas de Galicia non poden esperar\u201d - PP de Galicia","isPartOf":{"@id":"https:\/\/ppdegalicia.com\/es\/#website"},"datePublished":"2019-11-15T10:29:45+00:00","breadcrumb":{"@id":"https:\/\/ppdegalicia.com\/es\/tellado-sanchez-tivo-ao-pais-agardando-seis-meses-para-resolver-o-seu-futuro-persoal-pero-os-problemas-de-galicia-non-poden-esperar\/#breadcrumb"},"inLanguage":"es","potentialAction":[{"@type":"ReadAction","target":["https:\/\/ppdegalicia.com\/es\/tellado-sanchez-tivo-ao-pais-agardando-seis-meses-para-resolver-o-seu-futuro-persoal-pero-os-problemas-de-galicia-non-poden-esperar\/"]}]},{"@type":"BreadcrumbList","@id":"https:\/\/ppdegalicia.com\/es\/tellado-sanchez-tivo-ao-pais-agardando-seis-meses-para-resolver-o-seu-futuro-persoal-pero-os-problemas-de-galicia-non-poden-esperar\/#breadcrumb","itemListElement":[{"@type":"ListItem","position":1,"name":"Portada","item":"https:\/\/ppdegalicia.com\/es\/"},{"@type":"ListItem","position":2,"name":"Tellado: \u201cS\u00e1nchez tivo ao pa\u00eds agardando seis meses para resolver o seu futuro persoal, pero os problemas de Galicia non poden esperar\u201d"}]},{"@type":"WebSite","@id":"https:\/\/ppdegalicia.com\/es\/#website","url":"https:\/\/ppdegalicia.com\/es\/","name":"Partido Popular de Galicia","description":"Partido Popular de Galicia","publisher":{"@id":"https:\/\/ppdegalicia.com\/es\/#organization"},"alternateName":"PP de Galicia","potentialAction":[{"@type":"SearchAction","target":{"@type":"EntryPoint","urlTemplate":"https:\/\/ppdegalicia.com\/es\/?s={search_term_string}"},"query-input":{"@type":"PropertyValueSpecification","valueRequired":true,"valueName":"search_term_string"}}],"inLanguage":"es"},{"@type":"Organization","@id":"https:\/\/ppdegalicia.com\/es\/#organization","name":"Partido Popular de Galicia","alternateName":"PP de Galicia","url":"https:\/\/ppdegalicia.com\/es\/","logo":{"@type":"ImageObject","inLanguage":"es","@id":"https:\/\/ppdegalicia.com\/es\/#\/schema\/logo\/image\/","url":"https:\/\/ppdegalicia.com\/wp-content\/uploads\/2023\/04\/logoPP512.png","contentUrl":"https:\/\/ppdegalicia.com\/wp-content\/uploads\/2023\/04\/logoPP512.png","width":512,"height":512,"caption":"Partido Popular de Galicia"},"image":{"@id":"https:\/\/ppdegalicia.com\/es\/#\/schema\/logo\/image\/"},"sameAs":["https:\/\/www.instagram.com\/ppdegalicia\/","https:\/\/x.com\/ppdegalicia","https:\/\/www.tiktok.com\/@ppdegalicia","https:\/\/www.youtube.com\/user\/ppdegalicia"]},{"@type":"Person","@id":"https:\/\/ppdegalicia.com\/es\/#\/schema\/person\/d0f013b8388c980665d44009ab762960","name":"Super User","image":{"@type":"ImageObject","inLanguage":"es","@id":"https:\/\/secure.gravatar.com\/avatar\/1db852625ef4948f58d2739bfbc51e4b9bd5c93b8fa340b59fdb594ca0845645?s=96&d=mm&r=g","url":"https:\/\/secure.gravatar.com\/avatar\/1db852625ef4948f58d2739bfbc51e4b9bd5c93b8fa340b59fdb594ca0845645?s=96&d=mm&r=g","contentUrl":"https:\/\/secure.gravatar.com\/avatar\/1db852625ef4948f58d2739bfbc51e4b9bd5c93b8fa340b59fdb594ca0845645?s=96&d=mm&r=g","caption":"Super User"},"url":"https:\/\/ppdegalicia.com\/es\/author\/ppdegaliciagestion\/"}]}},"_links":{"self":[{"href":"https:\/\/ppdegalicia.com\/es\/wp-json\/wp\/v2\/posts\/52138","targetHints":{"allow":["GET"]}}],"collection":[{"href":"https:\/\/ppdegalicia.com\/es\/wp-json\/wp\/v2\/posts"}],"about":[{"href":"https:\/\/ppdegalicia.com\/es\/wp-json\/wp\/v2\/types\/post"}],"author":[{"embeddable":true,"href":"https:\/\/ppdegalicia.com\/es\/wp-json\/wp\/v2\/users\/37"}],"replies":[{"embeddable":true,"href":"https:\/\/ppdegalicia.com\/es\/wp-json\/wp\/v2\/comments?post=52138"}],"version-history":[{"count":0,"href":"https:\/\/ppdegalicia.com\/es\/wp-json\/wp\/v2\/posts\/52138\/revisions"}],"wp:attachment":[{"href":"https:\/\/ppdegalicia.com\/es\/wp-json\/wp\/v2\/media?parent=52138"}],"wp:term":[{"taxonomy":"category","embeddable":true,"href":"https:\/\/ppdegalicia.com\/es\/wp-json\/wp\/v2\/categories?post=52138"},{"taxonomy":"post_tag","embeddable":true,"href":"https:\/\/ppdegalicia.com\/es\/wp-json\/wp\/v2\/tags?post=52138"}],"curies":[{"name":"wp","href":"https:\/\/api.w.org\/{rel}","templated":true}]}}