{"id":52142,"date":"2019-11-18T07:45:44","date_gmt":"2019-11-18T05:45:44","guid":{"rendered":"https:\/\/ppdegalicia.com\/o-ppdeg-propon-que-os-servizos-de-arrendamento-dun-vtc-se-realicen-cunha-antelacion-minima-de-15-minutos\/"},"modified":"2019-11-18T07:45:44","modified_gmt":"2019-11-18T05:45:44","slug":"o-ppdeg-propon-que-os-servizos-de-arrendamento-dun-vtc-se-realicen-cunha-antelacion-minima-de-15-minutos","status":"publish","type":"post","link":"https:\/\/ppdegalicia.com\/es\/o-ppdeg-propon-que-os-servizos-de-arrendamento-dun-vtc-se-realicen-cunha-antelacion-minima-de-15-minutos\/","title":{"rendered":"O PPdeG prop\u00f3n que os servizos de arrendamento dun VTC se realicen cunha antelaci\u00f3n m\u00ednima de 15 minutos"},"content":{"rendered":"<p>Santiago, 16 de novembro de 2019.- O Grupo Popular solicita, a trav\u00e9s dunha emenda presentada ao proxecto de Lei de medidas fiscais e administrativas da Xunta, que se debater\u00e1 en Pleno o vindeiro luns, que os servizos de arrendamento de veh\u00edculos con condutor (VTC) deber\u00e1n contratarse cunha antelaci\u00f3n m\u00ednima de quince minutos \u00e1 s\u00faa prestaci\u00f3n.<\/p>\n<p><!--more--><\/p>\n<p>&nbsp;<\/p>\n<p>&nbsp;<\/p>\n<p>As\u00ed mesmo, sin\u00e1lase que a contrataci\u00f3n destes servizos deber\u00e1 formalizarse en soporte papel ou electr\u00f3nico.<\/p>\n<p>&nbsp;<\/p>\n<p>A emenda do Grupo Popular ten como obxectivo avanzar na garant\u00eda dunha competencia leal entre os servizos de taxi e os veh\u00edculos de transporte con condutor, segundo se recolle na Lei 4\/2013 de transporte publico de persoas en veh\u00edculos de turismo de Galicia.<\/p>\n<p>&nbsp;<\/p>\n<p><strong>CLARIFICAR LEGALMENTE<\/strong><\/p>\n<p>&nbsp;<\/p>\n<p>A prestaci\u00f3n de servizos de transporte p\u00fablico en veh\u00edculos de turismo mediante arrendamento de veh\u00edculos con condutor require dunha contrataci\u00f3n previa por parte das persoas usuarias, reserv\u00e1ndose \u00e1 actividade de taxi a prestaci\u00f3n de servizos de car\u00e1cter discrecional, contratados no momento nas paradas ou a trav\u00e9s dos medios establecidos para o efecto. A emenda do Grupo Popular pretende clarificar legalmente a antelaci\u00f3n m\u00ednima que debe darse entre a contrataci\u00f3n previa do servizo e a s\u00faa prestaci\u00f3n material por parte da empresa, a fin, precisamente, de garantir que a dita contrataci\u00f3n \u00e9 anterior a esta \u00faltima.<\/p>\n<p>&nbsp;<\/p>\n<p>Deste xeito, e logo dunha an\u00e1lise da normativa existente noutras administraci\u00f3ns e a operatividade das d\u00faas actividades de transporte, consid\u00e9rase que unha antelaci\u00f3n m\u00ednima de 15 minutos obedece aos requisitos de proporcionalidade e racionalidade, toda vez que marca unha separaci\u00f3n temporal m\u00ednima entre a contrataci\u00f3n e a prestaci\u00f3n material do correspondente servizo. Ademais, este tempo non constit\u00fae unha penalizaci\u00f3n para a prestaci\u00f3n dos servizos de transporte e o exercicio da actividade de arrendamento de veh\u00edculos.<\/p>\n<p>&nbsp;<\/p>\n<p>Con esta modificaci\u00f3n da lexislaci\u00f3n vixente, d\u00e1se un paso m\u00e1is ao establecer a nivel legal unha maior concreci\u00f3n dos requisitos temporais requiridos para considerar que se produce unha precontrataci\u00f3n do servizo, nunha li\u00f1a semellante ao que vi\u00f1eron realizando nos \u00faltimos meses diferentes comunidades aut\u00f3nomas e logo de escoitar \u00e1s organizaci\u00f3ns asociativas m\u00e1is representativas destas actividades profesionais e empresariais de Galicia, tanto do taxi como das VTC tradicionais.<\/p>\n<p>&nbsp;<\/p>\n<p>DEIXAR CONSTANCIA DA CONTRATACI\u00d3N<\/p>\n<p>&nbsp;<\/p>\n<p>Por outra banda, o Grupo Popular tam\u00e9n prop\u00f3n unha modificaci\u00f3n da Lei de transporte p\u00fablico de persoas en veh\u00edculos de turismo de Galicia a fin de establecer a forma de deixar constancia da contrataci\u00f3n dos servizos de arrendamento dun veh\u00edculo con condutor e do tempo transcorrido entre a contrataci\u00f3n e a prestaci\u00f3n deste servizo.<\/p>\n<p>&nbsp;<\/p>\n<p>As\u00ed, a contrataci\u00f3n deste servizo deber\u00e1 formalizarse en soporte papel ou electr\u00f3nico e durante a prestaci\u00f3n do mesmo deber\u00e1 levarse a bordo do veh\u00edculo copia deste contrato ou dispo\u00f1er de medios que permitan acreditar a s\u00faa celebraci\u00f3n por medios electr\u00f3nicos.<\/p>\n","protected":false},"excerpt":{"rendered":"<p>Santiago, 16 de novembro de 2019.- O Grupo Popular solicita, a trav\u00e9s dunha emenda presentada ao proxecto de Lei de medidas fiscais e administrativas da Xunta, que se debater\u00e1 en Pleno o vindeiro luns, que os servizos de arrendamento de veh\u00edculos con condutor (VTC) deber\u00e1n contratarse cunha antelaci\u00f3n m\u00ednima de quince minutos \u00e1 s\u00faa prestaci\u00f3n.<\/p>\n","protected":false},"author":37,"featured_media":0,"comment_status":"open","ping_status":"open","sticky":false,"template":"","format":"standard","meta":{"_acf_changed":false,"footnotes":""},"categories":[1],"tags":[],"class_list":["post-52142","post","type-post","status-publish","format-standard","hentry","category-pp-de-galicia"],"acf":[],"yoast_head":"<!-- This site is optimized with the Yoast SEO plugin v27.3 - https:\/\/yoast.com\/product\/yoast-seo-wordpress\/ -->\n<title>O PPdeG prop\u00f3n que os servizos de arrendamento dun VTC se realicen cunha antelaci\u00f3n m\u00ednima de 15 minutos - PP de Galicia<\/title>\n<meta name=\"robots\" content=\"index, follow, max-snippet:-1, max-image-preview:large, max-video-preview:-1\" \/>\n<link rel=\"canonical\" href=\"https:\/\/ppdegalicia.com\/es\/o-ppdeg-propon-que-os-servizos-de-arrendamento-dun-vtc-se-realicen-cunha-antelacion-minima-de-15-minutos\/\" \/>\n<meta property=\"og:locale\" content=\"es_ES\" \/>\n<meta property=\"og:type\" content=\"article\" \/>\n<meta property=\"og:title\" content=\"O PPdeG prop\u00f3n que os servizos de arrendamento dun VTC se realicen cunha antelaci\u00f3n m\u00ednima de 15 minutos - PP de Galicia\" \/>\n<meta property=\"og:description\" content=\"Santiago, 16 de novembro de 2019.- O Grupo Popular solicita, a trav\u00e9s dunha emenda presentada ao proxecto de Lei de medidas fiscais e administrativas da Xunta, que se debater\u00e1 en Pleno o vindeiro luns, que os servizos de arrendamento de veh\u00edculos con condutor (VTC) deber\u00e1n contratarse cunha antelaci\u00f3n m\u00ednima de quince minutos \u00e1 s\u00faa prestaci\u00f3n.\" \/>\n<meta property=\"og:url\" content=\"https:\/\/ppdegalicia.com\/es\/o-ppdeg-propon-que-os-servizos-de-arrendamento-dun-vtc-se-realicen-cunha-antelacion-minima-de-15-minutos\/\" \/>\n<meta property=\"og:site_name\" content=\"PP de Galicia\" \/>\n<meta property=\"article:publisher\" content=\"https:\/\/www.instagram.com\/ppdegalicia\/\" \/>\n<meta property=\"article:published_time\" content=\"2019-11-18T05:45:44+00:00\" \/>\n<meta name=\"author\" content=\"Super User\" \/>\n<meta name=\"twitter:card\" content=\"summary_large_image\" \/>\n<meta name=\"twitter:creator\" content=\"@ppdegalicia\" \/>\n<meta name=\"twitter:site\" content=\"@ppdegalicia\" \/>\n<meta name=\"twitter:label1\" content=\"Escrito por\" \/>\n\t<meta name=\"twitter:data1\" content=\"Super User\" \/>\n\t<meta name=\"twitter:label2\" content=\"Tiempo de lectura\" \/>\n\t<meta name=\"twitter:data2\" content=\"3 minutos\" \/>\n<script type=\"application\/ld+json\" class=\"yoast-schema-graph\">{\"@context\":\"https:\\\/\\\/schema.org\",\"@graph\":[{\"@type\":\"Article\",\"@id\":\"https:\\\/\\\/ppdegalicia.com\\\/es\\\/o-ppdeg-propon-que-os-servizos-de-arrendamento-dun-vtc-se-realicen-cunha-antelacion-minima-de-15-minutos\\\/#article\",\"isPartOf\":{\"@id\":\"https:\\\/\\\/ppdegalicia.com\\\/es\\\/o-ppdeg-propon-que-os-servizos-de-arrendamento-dun-vtc-se-realicen-cunha-antelacion-minima-de-15-minutos\\\/\"},\"author\":{\"name\":\"Super User\",\"@id\":\"https:\\\/\\\/ppdegalicia.com\\\/es\\\/#\\\/schema\\\/person\\\/d0f013b8388c980665d44009ab762960\"},\"headline\":\"O PPdeG prop\u00f3n que os servizos de arrendamento dun VTC se realicen cunha antelaci\u00f3n m\u00ednima de 15 minutos\",\"datePublished\":\"2019-11-18T05:45:44+00:00\",\"mainEntityOfPage\":{\"@id\":\"https:\\\/\\\/ppdegalicia.com\\\/es\\\/o-ppdeg-propon-que-os-servizos-de-arrendamento-dun-vtc-se-realicen-cunha-antelacion-minima-de-15-minutos\\\/\"},\"wordCount\":545,\"commentCount\":0,\"publisher\":{\"@id\":\"https:\\\/\\\/ppdegalicia.com\\\/es\\\/#organization\"},\"articleSection\":[\"PP de Galicia\"],\"inLanguage\":\"es\",\"potentialAction\":[{\"@type\":\"CommentAction\",\"name\":\"Comment\",\"target\":[\"https:\\\/\\\/ppdegalicia.com\\\/es\\\/o-ppdeg-propon-que-os-servizos-de-arrendamento-dun-vtc-se-realicen-cunha-antelacion-minima-de-15-minutos\\\/#respond\"]}]},{\"@type\":\"WebPage\",\"@id\":\"https:\\\/\\\/ppdegalicia.com\\\/es\\\/o-ppdeg-propon-que-os-servizos-de-arrendamento-dun-vtc-se-realicen-cunha-antelacion-minima-de-15-minutos\\\/\",\"url\":\"https:\\\/\\\/ppdegalicia.com\\\/es\\\/o-ppdeg-propon-que-os-servizos-de-arrendamento-dun-vtc-se-realicen-cunha-antelacion-minima-de-15-minutos\\\/\",\"name\":\"O PPdeG prop\u00f3n que os servizos de arrendamento dun VTC se realicen cunha antelaci\u00f3n m\u00ednima de 15 minutos - PP de Galicia\",\"isPartOf\":{\"@id\":\"https:\\\/\\\/ppdegalicia.com\\\/es\\\/#website\"},\"datePublished\":\"2019-11-18T05:45:44+00:00\",\"breadcrumb\":{\"@id\":\"https:\\\/\\\/ppdegalicia.com\\\/es\\\/o-ppdeg-propon-que-os-servizos-de-arrendamento-dun-vtc-se-realicen-cunha-antelacion-minima-de-15-minutos\\\/#breadcrumb\"},\"inLanguage\":\"es\",\"potentialAction\":[{\"@type\":\"ReadAction\",\"target\":[\"https:\\\/\\\/ppdegalicia.com\\\/es\\\/o-ppdeg-propon-que-os-servizos-de-arrendamento-dun-vtc-se-realicen-cunha-antelacion-minima-de-15-minutos\\\/\"]}]},{\"@type\":\"BreadcrumbList\",\"@id\":\"https:\\\/\\\/ppdegalicia.com\\\/es\\\/o-ppdeg-propon-que-os-servizos-de-arrendamento-dun-vtc-se-realicen-cunha-antelacion-minima-de-15-minutos\\\/#breadcrumb\",\"itemListElement\":[{\"@type\":\"ListItem\",\"position\":1,\"name\":\"Portada\",\"item\":\"https:\\\/\\\/ppdegalicia.com\\\/es\\\/\"},{\"@type\":\"ListItem\",\"position\":2,\"name\":\"O PPdeG prop\u00f3n que os servizos de arrendamento dun VTC se realicen cunha antelaci\u00f3n m\u00ednima de 15 minutos\"}]},{\"@type\":\"WebSite\",\"@id\":\"https:\\\/\\\/ppdegalicia.com\\\/es\\\/#website\",\"url\":\"https:\\\/\\\/ppdegalicia.com\\\/es\\\/\",\"name\":\"Partido Popular de Galicia\",\"description\":\"Partido Popular de Galicia\",\"publisher\":{\"@id\":\"https:\\\/\\\/ppdegalicia.com\\\/es\\\/#organization\"},\"alternateName\":\"PP de Galicia\",\"potentialAction\":[{\"@type\":\"SearchAction\",\"target\":{\"@type\":\"EntryPoint\",\"urlTemplate\":\"https:\\\/\\\/ppdegalicia.com\\\/es\\\/?s={search_term_string}\"},\"query-input\":{\"@type\":\"PropertyValueSpecification\",\"valueRequired\":true,\"valueName\":\"search_term_string\"}}],\"inLanguage\":\"es\"},{\"@type\":\"Organization\",\"@id\":\"https:\\\/\\\/ppdegalicia.com\\\/es\\\/#organization\",\"name\":\"Partido Popular de Galicia\",\"alternateName\":\"PP de Galicia\",\"url\":\"https:\\\/\\\/ppdegalicia.com\\\/es\\\/\",\"logo\":{\"@type\":\"ImageObject\",\"inLanguage\":\"es\",\"@id\":\"https:\\\/\\\/ppdegalicia.com\\\/es\\\/#\\\/schema\\\/logo\\\/image\\\/\",\"url\":\"https:\\\/\\\/ppdegalicia.com\\\/wp-content\\\/uploads\\\/2023\\\/04\\\/logoPP512.png\",\"contentUrl\":\"https:\\\/\\\/ppdegalicia.com\\\/wp-content\\\/uploads\\\/2023\\\/04\\\/logoPP512.png\",\"width\":512,\"height\":512,\"caption\":\"Partido Popular de Galicia\"},\"image\":{\"@id\":\"https:\\\/\\\/ppdegalicia.com\\\/es\\\/#\\\/schema\\\/logo\\\/image\\\/\"},\"sameAs\":[\"https:\\\/\\\/www.instagram.com\\\/ppdegalicia\\\/\",\"https:\\\/\\\/x.com\\\/ppdegalicia\",\"https:\\\/\\\/www.tiktok.com\\\/@ppdegalicia\",\"https:\\\/\\\/www.youtube.com\\\/user\\\/ppdegalicia\"]},{\"@type\":\"Person\",\"@id\":\"https:\\\/\\\/ppdegalicia.com\\\/es\\\/#\\\/schema\\\/person\\\/d0f013b8388c980665d44009ab762960\",\"name\":\"Super User\",\"image\":{\"@type\":\"ImageObject\",\"inLanguage\":\"es\",\"@id\":\"https:\\\/\\\/secure.gravatar.com\\\/avatar\\\/1db852625ef4948f58d2739bfbc51e4b9bd5c93b8fa340b59fdb594ca0845645?s=96&d=mm&r=g\",\"url\":\"https:\\\/\\\/secure.gravatar.com\\\/avatar\\\/1db852625ef4948f58d2739bfbc51e4b9bd5c93b8fa340b59fdb594ca0845645?s=96&d=mm&r=g\",\"contentUrl\":\"https:\\\/\\\/secure.gravatar.com\\\/avatar\\\/1db852625ef4948f58d2739bfbc51e4b9bd5c93b8fa340b59fdb594ca0845645?s=96&d=mm&r=g\",\"caption\":\"Super User\"},\"url\":\"https:\\\/\\\/ppdegalicia.com\\\/es\\\/author\\\/ppdegaliciagestion\\\/\"}]}<\/script>\n<!-- \/ Yoast SEO plugin. -->","yoast_head_json":{"title":"O PPdeG prop\u00f3n que os servizos de arrendamento dun VTC se realicen cunha antelaci\u00f3n m\u00ednima de 15 minutos - PP de Galicia","robots":{"index":"index","follow":"follow","max-snippet":"max-snippet:-1","max-image-preview":"max-image-preview:large","max-video-preview":"max-video-preview:-1"},"canonical":"https:\/\/ppdegalicia.com\/es\/o-ppdeg-propon-que-os-servizos-de-arrendamento-dun-vtc-se-realicen-cunha-antelacion-minima-de-15-minutos\/","og_locale":"es_ES","og_type":"article","og_title":"O PPdeG prop\u00f3n que os servizos de arrendamento dun VTC se realicen cunha antelaci\u00f3n m\u00ednima de 15 minutos - PP de Galicia","og_description":"Santiago, 16 de novembro de 2019.- O Grupo Popular solicita, a trav\u00e9s dunha emenda presentada ao proxecto de Lei de medidas fiscais e administrativas da Xunta, que se debater\u00e1 en Pleno o vindeiro luns, que os servizos de arrendamento de veh\u00edculos con condutor (VTC) deber\u00e1n contratarse cunha antelaci\u00f3n m\u00ednima de quince minutos \u00e1 s\u00faa prestaci\u00f3n.","og_url":"https:\/\/ppdegalicia.com\/es\/o-ppdeg-propon-que-os-servizos-de-arrendamento-dun-vtc-se-realicen-cunha-antelacion-minima-de-15-minutos\/","og_site_name":"PP de Galicia","article_publisher":"https:\/\/www.instagram.com\/ppdegalicia\/","article_published_time":"2019-11-18T05:45:44+00:00","author":"Super User","twitter_card":"summary_large_image","twitter_creator":"@ppdegalicia","twitter_site":"@ppdegalicia","twitter_misc":{"Escrito por":"Super User","Tiempo de lectura":"3 minutos"},"schema":{"@context":"https:\/\/schema.org","@graph":[{"@type":"Article","@id":"https:\/\/ppdegalicia.com\/es\/o-ppdeg-propon-que-os-servizos-de-arrendamento-dun-vtc-se-realicen-cunha-antelacion-minima-de-15-minutos\/#article","isPartOf":{"@id":"https:\/\/ppdegalicia.com\/es\/o-ppdeg-propon-que-os-servizos-de-arrendamento-dun-vtc-se-realicen-cunha-antelacion-minima-de-15-minutos\/"},"author":{"name":"Super User","@id":"https:\/\/ppdegalicia.com\/es\/#\/schema\/person\/d0f013b8388c980665d44009ab762960"},"headline":"O PPdeG prop\u00f3n que os servizos de arrendamento dun VTC se realicen cunha antelaci\u00f3n m\u00ednima de 15 minutos","datePublished":"2019-11-18T05:45:44+00:00","mainEntityOfPage":{"@id":"https:\/\/ppdegalicia.com\/es\/o-ppdeg-propon-que-os-servizos-de-arrendamento-dun-vtc-se-realicen-cunha-antelacion-minima-de-15-minutos\/"},"wordCount":545,"commentCount":0,"publisher":{"@id":"https:\/\/ppdegalicia.com\/es\/#organization"},"articleSection":["PP de Galicia"],"inLanguage":"es","potentialAction":[{"@type":"CommentAction","name":"Comment","target":["https:\/\/ppdegalicia.com\/es\/o-ppdeg-propon-que-os-servizos-de-arrendamento-dun-vtc-se-realicen-cunha-antelacion-minima-de-15-minutos\/#respond"]}]},{"@type":"WebPage","@id":"https:\/\/ppdegalicia.com\/es\/o-ppdeg-propon-que-os-servizos-de-arrendamento-dun-vtc-se-realicen-cunha-antelacion-minima-de-15-minutos\/","url":"https:\/\/ppdegalicia.com\/es\/o-ppdeg-propon-que-os-servizos-de-arrendamento-dun-vtc-se-realicen-cunha-antelacion-minima-de-15-minutos\/","name":"O PPdeG prop\u00f3n que os servizos de arrendamento dun VTC se realicen cunha antelaci\u00f3n m\u00ednima de 15 minutos - PP de Galicia","isPartOf":{"@id":"https:\/\/ppdegalicia.com\/es\/#website"},"datePublished":"2019-11-18T05:45:44+00:00","breadcrumb":{"@id":"https:\/\/ppdegalicia.com\/es\/o-ppdeg-propon-que-os-servizos-de-arrendamento-dun-vtc-se-realicen-cunha-antelacion-minima-de-15-minutos\/#breadcrumb"},"inLanguage":"es","potentialAction":[{"@type":"ReadAction","target":["https:\/\/ppdegalicia.com\/es\/o-ppdeg-propon-que-os-servizos-de-arrendamento-dun-vtc-se-realicen-cunha-antelacion-minima-de-15-minutos\/"]}]},{"@type":"BreadcrumbList","@id":"https:\/\/ppdegalicia.com\/es\/o-ppdeg-propon-que-os-servizos-de-arrendamento-dun-vtc-se-realicen-cunha-antelacion-minima-de-15-minutos\/#breadcrumb","itemListElement":[{"@type":"ListItem","position":1,"name":"Portada","item":"https:\/\/ppdegalicia.com\/es\/"},{"@type":"ListItem","position":2,"name":"O PPdeG prop\u00f3n que os servizos de arrendamento dun VTC se realicen cunha antelaci\u00f3n m\u00ednima de 15 minutos"}]},{"@type":"WebSite","@id":"https:\/\/ppdegalicia.com\/es\/#website","url":"https:\/\/ppdegalicia.com\/es\/","name":"Partido Popular de Galicia","description":"Partido Popular de Galicia","publisher":{"@id":"https:\/\/ppdegalicia.com\/es\/#organization"},"alternateName":"PP de Galicia","potentialAction":[{"@type":"SearchAction","target":{"@type":"EntryPoint","urlTemplate":"https:\/\/ppdegalicia.com\/es\/?s={search_term_string}"},"query-input":{"@type":"PropertyValueSpecification","valueRequired":true,"valueName":"search_term_string"}}],"inLanguage":"es"},{"@type":"Organization","@id":"https:\/\/ppdegalicia.com\/es\/#organization","name":"Partido Popular de Galicia","alternateName":"PP de Galicia","url":"https:\/\/ppdegalicia.com\/es\/","logo":{"@type":"ImageObject","inLanguage":"es","@id":"https:\/\/ppdegalicia.com\/es\/#\/schema\/logo\/image\/","url":"https:\/\/ppdegalicia.com\/wp-content\/uploads\/2023\/04\/logoPP512.png","contentUrl":"https:\/\/ppdegalicia.com\/wp-content\/uploads\/2023\/04\/logoPP512.png","width":512,"height":512,"caption":"Partido Popular de Galicia"},"image":{"@id":"https:\/\/ppdegalicia.com\/es\/#\/schema\/logo\/image\/"},"sameAs":["https:\/\/www.instagram.com\/ppdegalicia\/","https:\/\/x.com\/ppdegalicia","https:\/\/www.tiktok.com\/@ppdegalicia","https:\/\/www.youtube.com\/user\/ppdegalicia"]},{"@type":"Person","@id":"https:\/\/ppdegalicia.com\/es\/#\/schema\/person\/d0f013b8388c980665d44009ab762960","name":"Super User","image":{"@type":"ImageObject","inLanguage":"es","@id":"https:\/\/secure.gravatar.com\/avatar\/1db852625ef4948f58d2739bfbc51e4b9bd5c93b8fa340b59fdb594ca0845645?s=96&d=mm&r=g","url":"https:\/\/secure.gravatar.com\/avatar\/1db852625ef4948f58d2739bfbc51e4b9bd5c93b8fa340b59fdb594ca0845645?s=96&d=mm&r=g","contentUrl":"https:\/\/secure.gravatar.com\/avatar\/1db852625ef4948f58d2739bfbc51e4b9bd5c93b8fa340b59fdb594ca0845645?s=96&d=mm&r=g","caption":"Super User"},"url":"https:\/\/ppdegalicia.com\/es\/author\/ppdegaliciagestion\/"}]}},"_links":{"self":[{"href":"https:\/\/ppdegalicia.com\/es\/wp-json\/wp\/v2\/posts\/52142","targetHints":{"allow":["GET"]}}],"collection":[{"href":"https:\/\/ppdegalicia.com\/es\/wp-json\/wp\/v2\/posts"}],"about":[{"href":"https:\/\/ppdegalicia.com\/es\/wp-json\/wp\/v2\/types\/post"}],"author":[{"embeddable":true,"href":"https:\/\/ppdegalicia.com\/es\/wp-json\/wp\/v2\/users\/37"}],"replies":[{"embeddable":true,"href":"https:\/\/ppdegalicia.com\/es\/wp-json\/wp\/v2\/comments?post=52142"}],"version-history":[{"count":0,"href":"https:\/\/ppdegalicia.com\/es\/wp-json\/wp\/v2\/posts\/52142\/revisions"}],"wp:attachment":[{"href":"https:\/\/ppdegalicia.com\/es\/wp-json\/wp\/v2\/media?parent=52142"}],"wp:term":[{"taxonomy":"category","embeddable":true,"href":"https:\/\/ppdegalicia.com\/es\/wp-json\/wp\/v2\/categories?post=52142"},{"taxonomy":"post_tag","embeddable":true,"href":"https:\/\/ppdegalicia.com\/es\/wp-json\/wp\/v2\/tags?post=52142"}],"curies":[{"name":"wp","href":"https:\/\/api.w.org\/{rel}","templated":true}]}}