{"id":52145,"date":"2019-11-21T07:42:12","date_gmt":"2019-11-21T05:42:12","guid":{"rendered":"https:\/\/ppdegalicia.com\/miguel-tellado-reprochalle-a-oposicion-que-pida-unha-suba-de-impostos-de-mais-de-700-millons-de-euros\/"},"modified":"2019-11-21T07:42:12","modified_gmt":"2019-11-21T05:42:12","slug":"miguel-tellado-reprochalle-a-oposicion-que-pida-unha-suba-de-impostos-de-mais-de-700-millons-de-euros","status":"publish","type":"post","link":"https:\/\/ppdegalicia.com\/es\/miguel-tellado-reprochalle-a-oposicion-que-pida-unha-suba-de-impostos-de-mais-de-700-millons-de-euros\/","title":{"rendered":"Miguel Tellado repr\u00f3challe \u00e1 oposici\u00f3n que pida unha suba de impostos de m\u00e1is de 700 mill\u00f3ns de euros"},"content":{"rendered":"<p>Santiago, 18 de novembro de 2019.- O viceportavoz do Grupo Popular, Miguel Tellado, criticou este luns, no debate das emendas transversais dos Orzamentos para o ano 2020, que a oposici\u00f3n pida unha suba de impostos de 704 mill\u00f3ns de euros, que repercutir\u00edan en todos os contribu\u00edntes galegos.<\/p>\n<p><!--more--><\/p>\n<p>&nbsp;<\/p>\n<p>\u201cHai elementos que non cambian, ano a ano neste debate, e un dos m\u00e1is significativos \u00e9 o sablazo fiscal que traen a esta C\u00e1mara, xa sexa por creaci\u00f3n de novos impostos ou por suba dos xa existentes\u201d, sinalou, para detallar que o BNG prop\u00f3n un incremento de 232 mill\u00f3ns de euros, o PSdeG 171, o Grupo Com\u00fan da Esquerda 140 e o Mixto 161.<\/p>\n<p>&nbsp;<\/p>\n<p>Ante as propostas fiscais dos catro grupos da oposici\u00f3n da C\u00e1mara galega, Tellado prognosticou que \u201co Goberno de Pedro S\u00e1nchez e Pablo Iglesias, que todos vostedes van apoiar, ser\u00e1 nefasto para Espa\u00f1a: deixar\u00e1n m\u00e1is paro, m\u00e1is impostos e m\u00e1is d\u00e9beda\u201d.<\/p>\n<p>&nbsp;<\/p>\n<p>As\u00ed, volveu reivindicar a \u201cnormalidade excepcional\u201d dunha Xunta que presentou un exercicio m\u00e1is uns Orzamentos en tempo e prazo\u201d e preguntouse \u201ccantos poder\u00e1 aprobar o bipartito PSOE-Podemos no tempo que dure o seu mandato\u201d. &nbsp;<\/p>\n<p>&nbsp;<\/p>\n<p>Por outra banda, o viceportavoz afeoulles que, \u201ccomo cada ano, volvan pedir que na Xunta se goberne sen tel\u00e9fonos, sen bol\u00edgrafos e sen gabinetes\u201d, e lembroulles que o primeiro que fixo S\u00e1nchez na s\u00faa chegada \u00e1 Moncloa foi \u201cincrementar un 30 por cento o gasto en ministerios e un 25 por cento en asesores con respecto ao Goberno Rajoy\u201d, as\u00ed como que a Xunta actualmente segue a gastar un 22 por cento menos neste cap\u00edtulo do que desembolsaba o bipartito no seu \u00faltimo ano.<\/p>\n","protected":false},"excerpt":{"rendered":"<p>Santiago, 18 de novembro de 2019.- O viceportavoz do Grupo Popular, Miguel Tellado, criticou este luns, no debate das emendas transversais dos Orzamentos para o ano 2020, que a oposici\u00f3n pida unha suba de impostos de 704 mill\u00f3ns de euros, que repercutir\u00edan en todos os contribu\u00edntes galegos.<\/p>\n","protected":false},"author":37,"featured_media":0,"comment_status":"open","ping_status":"open","sticky":false,"template":"","format":"standard","meta":{"_acf_changed":false,"footnotes":""},"categories":[1],"tags":[],"class_list":["post-52145","post","type-post","status-publish","format-standard","hentry","category-pp-de-galicia"],"acf":[],"yoast_head":"<!-- This site is optimized with the Yoast SEO plugin v27.3 - https:\/\/yoast.com\/product\/yoast-seo-wordpress\/ -->\n<title>Miguel Tellado repr\u00f3challe \u00e1 oposici\u00f3n que pida unha suba de impostos de m\u00e1is de 700 mill\u00f3ns de euros - PP de Galicia<\/title>\n<meta name=\"robots\" content=\"index, follow, max-snippet:-1, max-image-preview:large, max-video-preview:-1\" \/>\n<link rel=\"canonical\" href=\"https:\/\/ppdegalicia.com\/es\/miguel-tellado-reprochalle-a-oposicion-que-pida-unha-suba-de-impostos-de-mais-de-700-millons-de-euros\/\" \/>\n<meta property=\"og:locale\" content=\"es_ES\" \/>\n<meta property=\"og:type\" content=\"article\" \/>\n<meta property=\"og:title\" content=\"Miguel Tellado repr\u00f3challe \u00e1 oposici\u00f3n que pida unha suba de impostos de m\u00e1is de 700 mill\u00f3ns de euros - PP de Galicia\" \/>\n<meta property=\"og:description\" content=\"Santiago, 18 de novembro de 2019.- O viceportavoz do Grupo Popular, Miguel Tellado, criticou este luns, no debate das emendas transversais dos Orzamentos para o ano 2020, que a oposici\u00f3n pida unha suba de impostos de 704 mill\u00f3ns de euros, que repercutir\u00edan en todos os contribu\u00edntes galegos.\" \/>\n<meta property=\"og:url\" content=\"https:\/\/ppdegalicia.com\/es\/miguel-tellado-reprochalle-a-oposicion-que-pida-unha-suba-de-impostos-de-mais-de-700-millons-de-euros\/\" \/>\n<meta property=\"og:site_name\" content=\"PP de Galicia\" \/>\n<meta property=\"article:publisher\" content=\"https:\/\/www.instagram.com\/ppdegalicia\/\" \/>\n<meta property=\"article:published_time\" content=\"2019-11-21T05:42:12+00:00\" \/>\n<meta name=\"author\" content=\"Super User\" \/>\n<meta name=\"twitter:card\" content=\"summary_large_image\" \/>\n<meta name=\"twitter:creator\" content=\"@ppdegalicia\" \/>\n<meta name=\"twitter:site\" content=\"@ppdegalicia\" \/>\n<meta name=\"twitter:label1\" content=\"Escrito por\" \/>\n\t<meta name=\"twitter:data1\" content=\"Super User\" \/>\n\t<meta name=\"twitter:label2\" content=\"Tiempo de lectura\" \/>\n\t<meta name=\"twitter:data2\" content=\"1 minuto\" \/>\n<script type=\"application\/ld+json\" class=\"yoast-schema-graph\">{\"@context\":\"https:\\\/\\\/schema.org\",\"@graph\":[{\"@type\":\"Article\",\"@id\":\"https:\\\/\\\/ppdegalicia.com\\\/es\\\/miguel-tellado-reprochalle-a-oposicion-que-pida-unha-suba-de-impostos-de-mais-de-700-millons-de-euros\\\/#article\",\"isPartOf\":{\"@id\":\"https:\\\/\\\/ppdegalicia.com\\\/es\\\/miguel-tellado-reprochalle-a-oposicion-que-pida-unha-suba-de-impostos-de-mais-de-700-millons-de-euros\\\/\"},\"author\":{\"name\":\"Super User\",\"@id\":\"https:\\\/\\\/ppdegalicia.com\\\/es\\\/#\\\/schema\\\/person\\\/d0f013b8388c980665d44009ab762960\"},\"headline\":\"Miguel Tellado repr\u00f3challe \u00e1 oposici\u00f3n que pida unha suba de impostos de m\u00e1is de 700 mill\u00f3ns de euros\",\"datePublished\":\"2019-11-21T05:42:12+00:00\",\"mainEntityOfPage\":{\"@id\":\"https:\\\/\\\/ppdegalicia.com\\\/es\\\/miguel-tellado-reprochalle-a-oposicion-que-pida-unha-suba-de-impostos-de-mais-de-700-millons-de-euros\\\/\"},\"wordCount\":307,\"commentCount\":0,\"publisher\":{\"@id\":\"https:\\\/\\\/ppdegalicia.com\\\/es\\\/#organization\"},\"articleSection\":[\"PP de Galicia\"],\"inLanguage\":\"es\",\"potentialAction\":[{\"@type\":\"CommentAction\",\"name\":\"Comment\",\"target\":[\"https:\\\/\\\/ppdegalicia.com\\\/es\\\/miguel-tellado-reprochalle-a-oposicion-que-pida-unha-suba-de-impostos-de-mais-de-700-millons-de-euros\\\/#respond\"]}]},{\"@type\":\"WebPage\",\"@id\":\"https:\\\/\\\/ppdegalicia.com\\\/es\\\/miguel-tellado-reprochalle-a-oposicion-que-pida-unha-suba-de-impostos-de-mais-de-700-millons-de-euros\\\/\",\"url\":\"https:\\\/\\\/ppdegalicia.com\\\/es\\\/miguel-tellado-reprochalle-a-oposicion-que-pida-unha-suba-de-impostos-de-mais-de-700-millons-de-euros\\\/\",\"name\":\"Miguel Tellado repr\u00f3challe \u00e1 oposici\u00f3n que pida unha suba de impostos de m\u00e1is de 700 mill\u00f3ns de euros - PP de Galicia\",\"isPartOf\":{\"@id\":\"https:\\\/\\\/ppdegalicia.com\\\/es\\\/#website\"},\"datePublished\":\"2019-11-21T05:42:12+00:00\",\"breadcrumb\":{\"@id\":\"https:\\\/\\\/ppdegalicia.com\\\/es\\\/miguel-tellado-reprochalle-a-oposicion-que-pida-unha-suba-de-impostos-de-mais-de-700-millons-de-euros\\\/#breadcrumb\"},\"inLanguage\":\"es\",\"potentialAction\":[{\"@type\":\"ReadAction\",\"target\":[\"https:\\\/\\\/ppdegalicia.com\\\/es\\\/miguel-tellado-reprochalle-a-oposicion-que-pida-unha-suba-de-impostos-de-mais-de-700-millons-de-euros\\\/\"]}]},{\"@type\":\"BreadcrumbList\",\"@id\":\"https:\\\/\\\/ppdegalicia.com\\\/es\\\/miguel-tellado-reprochalle-a-oposicion-que-pida-unha-suba-de-impostos-de-mais-de-700-millons-de-euros\\\/#breadcrumb\",\"itemListElement\":[{\"@type\":\"ListItem\",\"position\":1,\"name\":\"Portada\",\"item\":\"https:\\\/\\\/ppdegalicia.com\\\/es\\\/\"},{\"@type\":\"ListItem\",\"position\":2,\"name\":\"Miguel Tellado repr\u00f3challe \u00e1 oposici\u00f3n que pida unha suba de impostos de m\u00e1is de 700 mill\u00f3ns de euros\"}]},{\"@type\":\"WebSite\",\"@id\":\"https:\\\/\\\/ppdegalicia.com\\\/es\\\/#website\",\"url\":\"https:\\\/\\\/ppdegalicia.com\\\/es\\\/\",\"name\":\"Partido Popular de Galicia\",\"description\":\"Partido Popular de Galicia\",\"publisher\":{\"@id\":\"https:\\\/\\\/ppdegalicia.com\\\/es\\\/#organization\"},\"alternateName\":\"PP de Galicia\",\"potentialAction\":[{\"@type\":\"SearchAction\",\"target\":{\"@type\":\"EntryPoint\",\"urlTemplate\":\"https:\\\/\\\/ppdegalicia.com\\\/es\\\/?s={search_term_string}\"},\"query-input\":{\"@type\":\"PropertyValueSpecification\",\"valueRequired\":true,\"valueName\":\"search_term_string\"}}],\"inLanguage\":\"es\"},{\"@type\":\"Organization\",\"@id\":\"https:\\\/\\\/ppdegalicia.com\\\/es\\\/#organization\",\"name\":\"Partido Popular de Galicia\",\"alternateName\":\"PP de Galicia\",\"url\":\"https:\\\/\\\/ppdegalicia.com\\\/es\\\/\",\"logo\":{\"@type\":\"ImageObject\",\"inLanguage\":\"es\",\"@id\":\"https:\\\/\\\/ppdegalicia.com\\\/es\\\/#\\\/schema\\\/logo\\\/image\\\/\",\"url\":\"https:\\\/\\\/ppdegalicia.com\\\/wp-content\\\/uploads\\\/2023\\\/04\\\/logoPP512.png\",\"contentUrl\":\"https:\\\/\\\/ppdegalicia.com\\\/wp-content\\\/uploads\\\/2023\\\/04\\\/logoPP512.png\",\"width\":512,\"height\":512,\"caption\":\"Partido Popular de Galicia\"},\"image\":{\"@id\":\"https:\\\/\\\/ppdegalicia.com\\\/es\\\/#\\\/schema\\\/logo\\\/image\\\/\"},\"sameAs\":[\"https:\\\/\\\/www.instagram.com\\\/ppdegalicia\\\/\",\"https:\\\/\\\/x.com\\\/ppdegalicia\",\"https:\\\/\\\/www.tiktok.com\\\/@ppdegalicia\",\"https:\\\/\\\/www.youtube.com\\\/user\\\/ppdegalicia\"]},{\"@type\":\"Person\",\"@id\":\"https:\\\/\\\/ppdegalicia.com\\\/es\\\/#\\\/schema\\\/person\\\/d0f013b8388c980665d44009ab762960\",\"name\":\"Super User\",\"image\":{\"@type\":\"ImageObject\",\"inLanguage\":\"es\",\"@id\":\"https:\\\/\\\/secure.gravatar.com\\\/avatar\\\/1db852625ef4948f58d2739bfbc51e4b9bd5c93b8fa340b59fdb594ca0845645?s=96&d=mm&r=g\",\"url\":\"https:\\\/\\\/secure.gravatar.com\\\/avatar\\\/1db852625ef4948f58d2739bfbc51e4b9bd5c93b8fa340b59fdb594ca0845645?s=96&d=mm&r=g\",\"contentUrl\":\"https:\\\/\\\/secure.gravatar.com\\\/avatar\\\/1db852625ef4948f58d2739bfbc51e4b9bd5c93b8fa340b59fdb594ca0845645?s=96&d=mm&r=g\",\"caption\":\"Super User\"},\"url\":\"https:\\\/\\\/ppdegalicia.com\\\/es\\\/author\\\/ppdegaliciagestion\\\/\"}]}<\/script>\n<!-- \/ Yoast SEO plugin. -->","yoast_head_json":{"title":"Miguel Tellado repr\u00f3challe \u00e1 oposici\u00f3n que pida unha suba de impostos de m\u00e1is de 700 mill\u00f3ns de euros - PP de Galicia","robots":{"index":"index","follow":"follow","max-snippet":"max-snippet:-1","max-image-preview":"max-image-preview:large","max-video-preview":"max-video-preview:-1"},"canonical":"https:\/\/ppdegalicia.com\/es\/miguel-tellado-reprochalle-a-oposicion-que-pida-unha-suba-de-impostos-de-mais-de-700-millons-de-euros\/","og_locale":"es_ES","og_type":"article","og_title":"Miguel Tellado repr\u00f3challe \u00e1 oposici\u00f3n que pida unha suba de impostos de m\u00e1is de 700 mill\u00f3ns de euros - PP de Galicia","og_description":"Santiago, 18 de novembro de 2019.- O viceportavoz do Grupo Popular, Miguel Tellado, criticou este luns, no debate das emendas transversais dos Orzamentos para o ano 2020, que a oposici\u00f3n pida unha suba de impostos de 704 mill\u00f3ns de euros, que repercutir\u00edan en todos os contribu\u00edntes galegos.","og_url":"https:\/\/ppdegalicia.com\/es\/miguel-tellado-reprochalle-a-oposicion-que-pida-unha-suba-de-impostos-de-mais-de-700-millons-de-euros\/","og_site_name":"PP de Galicia","article_publisher":"https:\/\/www.instagram.com\/ppdegalicia\/","article_published_time":"2019-11-21T05:42:12+00:00","author":"Super User","twitter_card":"summary_large_image","twitter_creator":"@ppdegalicia","twitter_site":"@ppdegalicia","twitter_misc":{"Escrito por":"Super User","Tiempo de lectura":"1 minuto"},"schema":{"@context":"https:\/\/schema.org","@graph":[{"@type":"Article","@id":"https:\/\/ppdegalicia.com\/es\/miguel-tellado-reprochalle-a-oposicion-que-pida-unha-suba-de-impostos-de-mais-de-700-millons-de-euros\/#article","isPartOf":{"@id":"https:\/\/ppdegalicia.com\/es\/miguel-tellado-reprochalle-a-oposicion-que-pida-unha-suba-de-impostos-de-mais-de-700-millons-de-euros\/"},"author":{"name":"Super User","@id":"https:\/\/ppdegalicia.com\/es\/#\/schema\/person\/d0f013b8388c980665d44009ab762960"},"headline":"Miguel Tellado repr\u00f3challe \u00e1 oposici\u00f3n que pida unha suba de impostos de m\u00e1is de 700 mill\u00f3ns de euros","datePublished":"2019-11-21T05:42:12+00:00","mainEntityOfPage":{"@id":"https:\/\/ppdegalicia.com\/es\/miguel-tellado-reprochalle-a-oposicion-que-pida-unha-suba-de-impostos-de-mais-de-700-millons-de-euros\/"},"wordCount":307,"commentCount":0,"publisher":{"@id":"https:\/\/ppdegalicia.com\/es\/#organization"},"articleSection":["PP de Galicia"],"inLanguage":"es","potentialAction":[{"@type":"CommentAction","name":"Comment","target":["https:\/\/ppdegalicia.com\/es\/miguel-tellado-reprochalle-a-oposicion-que-pida-unha-suba-de-impostos-de-mais-de-700-millons-de-euros\/#respond"]}]},{"@type":"WebPage","@id":"https:\/\/ppdegalicia.com\/es\/miguel-tellado-reprochalle-a-oposicion-que-pida-unha-suba-de-impostos-de-mais-de-700-millons-de-euros\/","url":"https:\/\/ppdegalicia.com\/es\/miguel-tellado-reprochalle-a-oposicion-que-pida-unha-suba-de-impostos-de-mais-de-700-millons-de-euros\/","name":"Miguel Tellado repr\u00f3challe \u00e1 oposici\u00f3n que pida unha suba de impostos de m\u00e1is de 700 mill\u00f3ns de euros - PP de Galicia","isPartOf":{"@id":"https:\/\/ppdegalicia.com\/es\/#website"},"datePublished":"2019-11-21T05:42:12+00:00","breadcrumb":{"@id":"https:\/\/ppdegalicia.com\/es\/miguel-tellado-reprochalle-a-oposicion-que-pida-unha-suba-de-impostos-de-mais-de-700-millons-de-euros\/#breadcrumb"},"inLanguage":"es","potentialAction":[{"@type":"ReadAction","target":["https:\/\/ppdegalicia.com\/es\/miguel-tellado-reprochalle-a-oposicion-que-pida-unha-suba-de-impostos-de-mais-de-700-millons-de-euros\/"]}]},{"@type":"BreadcrumbList","@id":"https:\/\/ppdegalicia.com\/es\/miguel-tellado-reprochalle-a-oposicion-que-pida-unha-suba-de-impostos-de-mais-de-700-millons-de-euros\/#breadcrumb","itemListElement":[{"@type":"ListItem","position":1,"name":"Portada","item":"https:\/\/ppdegalicia.com\/es\/"},{"@type":"ListItem","position":2,"name":"Miguel Tellado repr\u00f3challe \u00e1 oposici\u00f3n que pida unha suba de impostos de m\u00e1is de 700 mill\u00f3ns de euros"}]},{"@type":"WebSite","@id":"https:\/\/ppdegalicia.com\/es\/#website","url":"https:\/\/ppdegalicia.com\/es\/","name":"Partido Popular de Galicia","description":"Partido Popular de Galicia","publisher":{"@id":"https:\/\/ppdegalicia.com\/es\/#organization"},"alternateName":"PP de Galicia","potentialAction":[{"@type":"SearchAction","target":{"@type":"EntryPoint","urlTemplate":"https:\/\/ppdegalicia.com\/es\/?s={search_term_string}"},"query-input":{"@type":"PropertyValueSpecification","valueRequired":true,"valueName":"search_term_string"}}],"inLanguage":"es"},{"@type":"Organization","@id":"https:\/\/ppdegalicia.com\/es\/#organization","name":"Partido Popular de Galicia","alternateName":"PP de Galicia","url":"https:\/\/ppdegalicia.com\/es\/","logo":{"@type":"ImageObject","inLanguage":"es","@id":"https:\/\/ppdegalicia.com\/es\/#\/schema\/logo\/image\/","url":"https:\/\/ppdegalicia.com\/wp-content\/uploads\/2023\/04\/logoPP512.png","contentUrl":"https:\/\/ppdegalicia.com\/wp-content\/uploads\/2023\/04\/logoPP512.png","width":512,"height":512,"caption":"Partido Popular de Galicia"},"image":{"@id":"https:\/\/ppdegalicia.com\/es\/#\/schema\/logo\/image\/"},"sameAs":["https:\/\/www.instagram.com\/ppdegalicia\/","https:\/\/x.com\/ppdegalicia","https:\/\/www.tiktok.com\/@ppdegalicia","https:\/\/www.youtube.com\/user\/ppdegalicia"]},{"@type":"Person","@id":"https:\/\/ppdegalicia.com\/es\/#\/schema\/person\/d0f013b8388c980665d44009ab762960","name":"Super User","image":{"@type":"ImageObject","inLanguage":"es","@id":"https:\/\/secure.gravatar.com\/avatar\/1db852625ef4948f58d2739bfbc51e4b9bd5c93b8fa340b59fdb594ca0845645?s=96&d=mm&r=g","url":"https:\/\/secure.gravatar.com\/avatar\/1db852625ef4948f58d2739bfbc51e4b9bd5c93b8fa340b59fdb594ca0845645?s=96&d=mm&r=g","contentUrl":"https:\/\/secure.gravatar.com\/avatar\/1db852625ef4948f58d2739bfbc51e4b9bd5c93b8fa340b59fdb594ca0845645?s=96&d=mm&r=g","caption":"Super User"},"url":"https:\/\/ppdegalicia.com\/es\/author\/ppdegaliciagestion\/"}]}},"_links":{"self":[{"href":"https:\/\/ppdegalicia.com\/es\/wp-json\/wp\/v2\/posts\/52145","targetHints":{"allow":["GET"]}}],"collection":[{"href":"https:\/\/ppdegalicia.com\/es\/wp-json\/wp\/v2\/posts"}],"about":[{"href":"https:\/\/ppdegalicia.com\/es\/wp-json\/wp\/v2\/types\/post"}],"author":[{"embeddable":true,"href":"https:\/\/ppdegalicia.com\/es\/wp-json\/wp\/v2\/users\/37"}],"replies":[{"embeddable":true,"href":"https:\/\/ppdegalicia.com\/es\/wp-json\/wp\/v2\/comments?post=52145"}],"version-history":[{"count":0,"href":"https:\/\/ppdegalicia.com\/es\/wp-json\/wp\/v2\/posts\/52145\/revisions"}],"wp:attachment":[{"href":"https:\/\/ppdegalicia.com\/es\/wp-json\/wp\/v2\/media?parent=52145"}],"wp:term":[{"taxonomy":"category","embeddable":true,"href":"https:\/\/ppdegalicia.com\/es\/wp-json\/wp\/v2\/categories?post=52145"},{"taxonomy":"post_tag","embeddable":true,"href":"https:\/\/ppdegalicia.com\/es\/wp-json\/wp\/v2\/tags?post=52145"}],"curies":[{"name":"wp","href":"https:\/\/api.w.org\/{rel}","templated":true}]}}