{"id":52153,"date":"2019-11-21T08:17:38","date_gmt":"2019-11-21T06:17:38","guid":{"rendered":"https:\/\/ppdegalicia.com\/o-ppdeg-apoia-no-parlamento-que-se-reconsidere-a-participacion-de-deportistas-en-competicions-feitas-en-paises-que-vulneren-os-dereitos-fundamentais-da-sua-cidadania\/"},"modified":"2019-11-21T08:17:38","modified_gmt":"2019-11-21T06:17:38","slug":"o-ppdeg-apoia-no-parlamento-que-se-reconsidere-a-participacion-de-deportistas-en-competicions-feitas-en-paises-que-vulneren-os-dereitos-fundamentais-da-sua-cidadania","status":"publish","type":"post","link":"https:\/\/ppdegalicia.com\/es\/o-ppdeg-apoia-no-parlamento-que-se-reconsidere-a-participacion-de-deportistas-en-competicions-feitas-en-paises-que-vulneren-os-dereitos-fundamentais-da-sua-cidadania\/","title":{"rendered":"O PPdeG apoia no Parlamento que se reconsidere a participaci\u00f3n de deportistas en competici\u00f3ns feitas en pa\u00edses que vulneren os dereitos fundamentais da s\u00faa cidadan\u00eda"},"content":{"rendered":"<p>Santiago, 20 de novembro de 2019.- O Parlamento galego aprobou hoxe, logo do apoio do Grupo Popular, solicitar ao Goberno central traballe para acadar un consenso internacional para a reconsideraci\u00f3n da participaci\u00f3n de mulleres e homes deportistas en competici\u00f3ns deportivas organizadas por pa\u00edses nos que se vulneran os dereitos fundamentais da s\u00faa cidadan\u00eda, especialmente os das mulleres, eliminando as\u00ed toda discriminaci\u00f3n por raz\u00f3n de sexo nos pa\u00edses acolledores de eventos deportivos.<\/p>\n<p><!--more--><\/p>\n<p>&nbsp;<\/p>\n<p>No debate desta proposici\u00f3n non de lei, o deputado do Grupo Popular Alberto Pazos afirmou que o PPdeG \u201cdefende o dereito das nosas atletas a competir en calquera pa\u00eds e con maior fortaleza defenderemos o seu dereito a denunciar calquera situaci\u00f3n inxusta que se atopen, con total liberdade e co amparo e respaldo dunha das democracias m\u00e1is consolidadas do mundo: a espa\u00f1ola\u201d.<\/p>\n<p>&nbsp;<\/p>\n<p><strong>RENUNCIA A COMPETIR<\/strong><\/p>\n<p>&nbsp;<\/p>\n<p>Alberto Pazos manifestou que a proposici\u00f3n non de lei defendida polo Grupo Mixto \u201cobrigar\u00eda aos nosos atletas, mulleres e homes, a renunciar a competir en funci\u00f3n do pa\u00eds que resulte elixido como sede dun evento deportivo, ao tempo que privar\u00eda \u00e1 poboaci\u00f3n deses pa\u00edses dos efectos beneficiosos da denominada diplomacia deportiva\u201d.<\/p>\n<p>&nbsp;<\/p>\n<p>\u201cDefendemos a actitude valente de Ana Peleteiro, que acudiu a competir a Doha e denunciou a discriminaci\u00f3n das mulleres en Qatar; defendemos o dereito de Vero Boquete a denunciar que se celebre a Supercopa de f\u00fatbol de Espa\u00f1a en Arabia Saud\u00ed como un premio ao agresor; pero non defendemos a hipocris\u00eda do Goberno de Pedro S\u00e1nchez, que critica a elecci\u00f3n de Arabia Saud\u00ed como sede desta Supercopa de f\u00fatbol e n\u00e9gase a retransmitir esta competici\u00f3n por RTVE, pero asina un convenio coa Federaci\u00f3n Espa\u00f1ola de F\u00fatbol para promocionar a s\u00faa axenda internacional, inclu\u00edda a celebraci\u00f3n deste evento\u201d, sinalou.<\/p>\n<p>&nbsp;<\/p>\n<p>O deputado popular asegurou que \u201co PP leva moitos anos traballando conxuntamente pola igualdade real e estamos dispostos a seguir por ese cami\u00f1o, pero non imos aceptar certificados de boa conduta por parte dunha esquerda que basea a s\u00faa autoproclamada superioridade moral nun permanente exercicio de desmemoria\u201d.<\/p>\n","protected":false},"excerpt":{"rendered":"<p>Santiago, 20 de novembro de 2019.- O Parlamento galego aprobou hoxe, logo do apoio do Grupo Popular, solicitar ao Goberno central traballe para acadar un consenso internacional para a reconsideraci\u00f3n da participaci\u00f3n de mulleres e homes deportistas en competici\u00f3ns deportivas organizadas por pa\u00edses nos que se vulneran os dereitos fundamentais da s\u00faa cidadan\u00eda, especialmente os [&hellip;]<\/p>\n","protected":false},"author":37,"featured_media":0,"comment_status":"open","ping_status":"open","sticky":false,"template":"","format":"standard","meta":{"_acf_changed":false,"footnotes":""},"categories":[1],"tags":[],"class_list":["post-52153","post","type-post","status-publish","format-standard","hentry","category-pp-de-galicia"],"acf":[],"yoast_head":"<!-- This site is optimized with the Yoast SEO plugin v27.3 - https:\/\/yoast.com\/product\/yoast-seo-wordpress\/ -->\n<title>O PPdeG apoia no Parlamento que se reconsidere a participaci\u00f3n de deportistas en competici\u00f3ns feitas en pa\u00edses que vulneren os dereitos fundamentais da s\u00faa cidadan\u00eda - PP de Galicia<\/title>\n<meta name=\"robots\" content=\"index, follow, max-snippet:-1, max-image-preview:large, max-video-preview:-1\" \/>\n<link rel=\"canonical\" href=\"https:\/\/ppdegalicia.com\/es\/o-ppdeg-apoia-no-parlamento-que-se-reconsidere-a-participacion-de-deportistas-en-competicions-feitas-en-paises-que-vulneren-os-dereitos-fundamentais-da-sua-cidadania\/\" \/>\n<meta property=\"og:locale\" content=\"es_ES\" \/>\n<meta property=\"og:type\" content=\"article\" \/>\n<meta property=\"og:title\" content=\"O PPdeG apoia no Parlamento que se reconsidere a participaci\u00f3n de deportistas en competici\u00f3ns feitas en pa\u00edses que vulneren os dereitos fundamentais da s\u00faa cidadan\u00eda - PP de Galicia\" \/>\n<meta property=\"og:description\" content=\"Santiago, 20 de novembro de 2019.- O Parlamento galego aprobou hoxe, logo do apoio do Grupo Popular, solicitar ao Goberno central traballe para acadar un consenso internacional para a reconsideraci\u00f3n da participaci\u00f3n de mulleres e homes deportistas en competici\u00f3ns deportivas organizadas por pa\u00edses nos que se vulneran os dereitos fundamentais da s\u00faa cidadan\u00eda, especialmente os [&hellip;]\" \/>\n<meta property=\"og:url\" content=\"https:\/\/ppdegalicia.com\/es\/o-ppdeg-apoia-no-parlamento-que-se-reconsidere-a-participacion-de-deportistas-en-competicions-feitas-en-paises-que-vulneren-os-dereitos-fundamentais-da-sua-cidadania\/\" \/>\n<meta property=\"og:site_name\" content=\"PP de Galicia\" \/>\n<meta property=\"article:publisher\" content=\"https:\/\/www.instagram.com\/ppdegalicia\/\" \/>\n<meta property=\"article:published_time\" content=\"2019-11-21T06:17:38+00:00\" \/>\n<meta name=\"author\" content=\"Super User\" \/>\n<meta name=\"twitter:card\" content=\"summary_large_image\" \/>\n<meta name=\"twitter:creator\" content=\"@ppdegalicia\" \/>\n<meta name=\"twitter:site\" content=\"@ppdegalicia\" \/>\n<meta name=\"twitter:label1\" content=\"Escrito por\" \/>\n\t<meta name=\"twitter:data1\" content=\"Super User\" \/>\n\t<meta name=\"twitter:label2\" content=\"Tiempo de lectura\" \/>\n\t<meta name=\"twitter:data2\" content=\"2 minutos\" \/>\n<script type=\"application\/ld+json\" class=\"yoast-schema-graph\">{\"@context\":\"https:\\\/\\\/schema.org\",\"@graph\":[{\"@type\":\"Article\",\"@id\":\"https:\\\/\\\/ppdegalicia.com\\\/es\\\/o-ppdeg-apoia-no-parlamento-que-se-reconsidere-a-participacion-de-deportistas-en-competicions-feitas-en-paises-que-vulneren-os-dereitos-fundamentais-da-sua-cidadania\\\/#article\",\"isPartOf\":{\"@id\":\"https:\\\/\\\/ppdegalicia.com\\\/es\\\/o-ppdeg-apoia-no-parlamento-que-se-reconsidere-a-participacion-de-deportistas-en-competicions-feitas-en-paises-que-vulneren-os-dereitos-fundamentais-da-sua-cidadania\\\/\"},\"author\":{\"name\":\"Super User\",\"@id\":\"https:\\\/\\\/ppdegalicia.com\\\/es\\\/#\\\/schema\\\/person\\\/d0f013b8388c980665d44009ab762960\"},\"headline\":\"O PPdeG apoia no Parlamento que se reconsidere a participaci\u00f3n de deportistas en competici\u00f3ns feitas en pa\u00edses que vulneren os dereitos fundamentais da s\u00faa cidadan\u00eda\",\"datePublished\":\"2019-11-21T06:17:38+00:00\",\"mainEntityOfPage\":{\"@id\":\"https:\\\/\\\/ppdegalicia.com\\\/es\\\/o-ppdeg-apoia-no-parlamento-que-se-reconsidere-a-participacion-de-deportistas-en-competicions-feitas-en-paises-que-vulneren-os-dereitos-fundamentais-da-sua-cidadania\\\/\"},\"wordCount\":403,\"commentCount\":0,\"publisher\":{\"@id\":\"https:\\\/\\\/ppdegalicia.com\\\/es\\\/#organization\"},\"articleSection\":[\"PP de Galicia\"],\"inLanguage\":\"es\",\"potentialAction\":[{\"@type\":\"CommentAction\",\"name\":\"Comment\",\"target\":[\"https:\\\/\\\/ppdegalicia.com\\\/es\\\/o-ppdeg-apoia-no-parlamento-que-se-reconsidere-a-participacion-de-deportistas-en-competicions-feitas-en-paises-que-vulneren-os-dereitos-fundamentais-da-sua-cidadania\\\/#respond\"]}]},{\"@type\":\"WebPage\",\"@id\":\"https:\\\/\\\/ppdegalicia.com\\\/es\\\/o-ppdeg-apoia-no-parlamento-que-se-reconsidere-a-participacion-de-deportistas-en-competicions-feitas-en-paises-que-vulneren-os-dereitos-fundamentais-da-sua-cidadania\\\/\",\"url\":\"https:\\\/\\\/ppdegalicia.com\\\/es\\\/o-ppdeg-apoia-no-parlamento-que-se-reconsidere-a-participacion-de-deportistas-en-competicions-feitas-en-paises-que-vulneren-os-dereitos-fundamentais-da-sua-cidadania\\\/\",\"name\":\"O PPdeG apoia no Parlamento que se reconsidere a participaci\u00f3n de deportistas en competici\u00f3ns feitas en pa\u00edses que vulneren os dereitos fundamentais da s\u00faa cidadan\u00eda - PP de Galicia\",\"isPartOf\":{\"@id\":\"https:\\\/\\\/ppdegalicia.com\\\/es\\\/#website\"},\"datePublished\":\"2019-11-21T06:17:38+00:00\",\"breadcrumb\":{\"@id\":\"https:\\\/\\\/ppdegalicia.com\\\/es\\\/o-ppdeg-apoia-no-parlamento-que-se-reconsidere-a-participacion-de-deportistas-en-competicions-feitas-en-paises-que-vulneren-os-dereitos-fundamentais-da-sua-cidadania\\\/#breadcrumb\"},\"inLanguage\":\"es\",\"potentialAction\":[{\"@type\":\"ReadAction\",\"target\":[\"https:\\\/\\\/ppdegalicia.com\\\/es\\\/o-ppdeg-apoia-no-parlamento-que-se-reconsidere-a-participacion-de-deportistas-en-competicions-feitas-en-paises-que-vulneren-os-dereitos-fundamentais-da-sua-cidadania\\\/\"]}]},{\"@type\":\"BreadcrumbList\",\"@id\":\"https:\\\/\\\/ppdegalicia.com\\\/es\\\/o-ppdeg-apoia-no-parlamento-que-se-reconsidere-a-participacion-de-deportistas-en-competicions-feitas-en-paises-que-vulneren-os-dereitos-fundamentais-da-sua-cidadania\\\/#breadcrumb\",\"itemListElement\":[{\"@type\":\"ListItem\",\"position\":1,\"name\":\"Portada\",\"item\":\"https:\\\/\\\/ppdegalicia.com\\\/es\\\/\"},{\"@type\":\"ListItem\",\"position\":2,\"name\":\"O PPdeG apoia no Parlamento que se reconsidere a participaci\u00f3n de deportistas en competici\u00f3ns feitas en pa\u00edses que vulneren os dereitos fundamentais da s\u00faa cidadan\u00eda\"}]},{\"@type\":\"WebSite\",\"@id\":\"https:\\\/\\\/ppdegalicia.com\\\/es\\\/#website\",\"url\":\"https:\\\/\\\/ppdegalicia.com\\\/es\\\/\",\"name\":\"Partido Popular de Galicia\",\"description\":\"Partido Popular de Galicia\",\"publisher\":{\"@id\":\"https:\\\/\\\/ppdegalicia.com\\\/es\\\/#organization\"},\"alternateName\":\"PP de Galicia\",\"potentialAction\":[{\"@type\":\"SearchAction\",\"target\":{\"@type\":\"EntryPoint\",\"urlTemplate\":\"https:\\\/\\\/ppdegalicia.com\\\/es\\\/?s={search_term_string}\"},\"query-input\":{\"@type\":\"PropertyValueSpecification\",\"valueRequired\":true,\"valueName\":\"search_term_string\"}}],\"inLanguage\":\"es\"},{\"@type\":\"Organization\",\"@id\":\"https:\\\/\\\/ppdegalicia.com\\\/es\\\/#organization\",\"name\":\"Partido Popular de Galicia\",\"alternateName\":\"PP de Galicia\",\"url\":\"https:\\\/\\\/ppdegalicia.com\\\/es\\\/\",\"logo\":{\"@type\":\"ImageObject\",\"inLanguage\":\"es\",\"@id\":\"https:\\\/\\\/ppdegalicia.com\\\/es\\\/#\\\/schema\\\/logo\\\/image\\\/\",\"url\":\"https:\\\/\\\/ppdegalicia.com\\\/wp-content\\\/uploads\\\/2023\\\/04\\\/logoPP512.png\",\"contentUrl\":\"https:\\\/\\\/ppdegalicia.com\\\/wp-content\\\/uploads\\\/2023\\\/04\\\/logoPP512.png\",\"width\":512,\"height\":512,\"caption\":\"Partido Popular de Galicia\"},\"image\":{\"@id\":\"https:\\\/\\\/ppdegalicia.com\\\/es\\\/#\\\/schema\\\/logo\\\/image\\\/\"},\"sameAs\":[\"https:\\\/\\\/www.instagram.com\\\/ppdegalicia\\\/\",\"https:\\\/\\\/x.com\\\/ppdegalicia\",\"https:\\\/\\\/www.tiktok.com\\\/@ppdegalicia\",\"https:\\\/\\\/www.youtube.com\\\/user\\\/ppdegalicia\"]},{\"@type\":\"Person\",\"@id\":\"https:\\\/\\\/ppdegalicia.com\\\/es\\\/#\\\/schema\\\/person\\\/d0f013b8388c980665d44009ab762960\",\"name\":\"Super User\",\"image\":{\"@type\":\"ImageObject\",\"inLanguage\":\"es\",\"@id\":\"https:\\\/\\\/secure.gravatar.com\\\/avatar\\\/1db852625ef4948f58d2739bfbc51e4b9bd5c93b8fa340b59fdb594ca0845645?s=96&d=mm&r=g\",\"url\":\"https:\\\/\\\/secure.gravatar.com\\\/avatar\\\/1db852625ef4948f58d2739bfbc51e4b9bd5c93b8fa340b59fdb594ca0845645?s=96&d=mm&r=g\",\"contentUrl\":\"https:\\\/\\\/secure.gravatar.com\\\/avatar\\\/1db852625ef4948f58d2739bfbc51e4b9bd5c93b8fa340b59fdb594ca0845645?s=96&d=mm&r=g\",\"caption\":\"Super User\"},\"url\":\"https:\\\/\\\/ppdegalicia.com\\\/es\\\/author\\\/ppdegaliciagestion\\\/\"}]}<\/script>\n<!-- \/ Yoast SEO plugin. -->","yoast_head_json":{"title":"O PPdeG apoia no Parlamento que se reconsidere a participaci\u00f3n de deportistas en competici\u00f3ns feitas en pa\u00edses que vulneren os dereitos fundamentais da s\u00faa cidadan\u00eda - PP de Galicia","robots":{"index":"index","follow":"follow","max-snippet":"max-snippet:-1","max-image-preview":"max-image-preview:large","max-video-preview":"max-video-preview:-1"},"canonical":"https:\/\/ppdegalicia.com\/es\/o-ppdeg-apoia-no-parlamento-que-se-reconsidere-a-participacion-de-deportistas-en-competicions-feitas-en-paises-que-vulneren-os-dereitos-fundamentais-da-sua-cidadania\/","og_locale":"es_ES","og_type":"article","og_title":"O PPdeG apoia no Parlamento que se reconsidere a participaci\u00f3n de deportistas en competici\u00f3ns feitas en pa\u00edses que vulneren os dereitos fundamentais da s\u00faa cidadan\u00eda - PP de Galicia","og_description":"Santiago, 20 de novembro de 2019.- O Parlamento galego aprobou hoxe, logo do apoio do Grupo Popular, solicitar ao Goberno central traballe para acadar un consenso internacional para a reconsideraci\u00f3n da participaci\u00f3n de mulleres e homes deportistas en competici\u00f3ns deportivas organizadas por pa\u00edses nos que se vulneran os dereitos fundamentais da s\u00faa cidadan\u00eda, especialmente os [&hellip;]","og_url":"https:\/\/ppdegalicia.com\/es\/o-ppdeg-apoia-no-parlamento-que-se-reconsidere-a-participacion-de-deportistas-en-competicions-feitas-en-paises-que-vulneren-os-dereitos-fundamentais-da-sua-cidadania\/","og_site_name":"PP de Galicia","article_publisher":"https:\/\/www.instagram.com\/ppdegalicia\/","article_published_time":"2019-11-21T06:17:38+00:00","author":"Super User","twitter_card":"summary_large_image","twitter_creator":"@ppdegalicia","twitter_site":"@ppdegalicia","twitter_misc":{"Escrito por":"Super User","Tiempo de lectura":"2 minutos"},"schema":{"@context":"https:\/\/schema.org","@graph":[{"@type":"Article","@id":"https:\/\/ppdegalicia.com\/es\/o-ppdeg-apoia-no-parlamento-que-se-reconsidere-a-participacion-de-deportistas-en-competicions-feitas-en-paises-que-vulneren-os-dereitos-fundamentais-da-sua-cidadania\/#article","isPartOf":{"@id":"https:\/\/ppdegalicia.com\/es\/o-ppdeg-apoia-no-parlamento-que-se-reconsidere-a-participacion-de-deportistas-en-competicions-feitas-en-paises-que-vulneren-os-dereitos-fundamentais-da-sua-cidadania\/"},"author":{"name":"Super User","@id":"https:\/\/ppdegalicia.com\/es\/#\/schema\/person\/d0f013b8388c980665d44009ab762960"},"headline":"O PPdeG apoia no Parlamento que se reconsidere a participaci\u00f3n de deportistas en competici\u00f3ns feitas en pa\u00edses que vulneren os dereitos fundamentais da s\u00faa cidadan\u00eda","datePublished":"2019-11-21T06:17:38+00:00","mainEntityOfPage":{"@id":"https:\/\/ppdegalicia.com\/es\/o-ppdeg-apoia-no-parlamento-que-se-reconsidere-a-participacion-de-deportistas-en-competicions-feitas-en-paises-que-vulneren-os-dereitos-fundamentais-da-sua-cidadania\/"},"wordCount":403,"commentCount":0,"publisher":{"@id":"https:\/\/ppdegalicia.com\/es\/#organization"},"articleSection":["PP de Galicia"],"inLanguage":"es","potentialAction":[{"@type":"CommentAction","name":"Comment","target":["https:\/\/ppdegalicia.com\/es\/o-ppdeg-apoia-no-parlamento-que-se-reconsidere-a-participacion-de-deportistas-en-competicions-feitas-en-paises-que-vulneren-os-dereitos-fundamentais-da-sua-cidadania\/#respond"]}]},{"@type":"WebPage","@id":"https:\/\/ppdegalicia.com\/es\/o-ppdeg-apoia-no-parlamento-que-se-reconsidere-a-participacion-de-deportistas-en-competicions-feitas-en-paises-que-vulneren-os-dereitos-fundamentais-da-sua-cidadania\/","url":"https:\/\/ppdegalicia.com\/es\/o-ppdeg-apoia-no-parlamento-que-se-reconsidere-a-participacion-de-deportistas-en-competicions-feitas-en-paises-que-vulneren-os-dereitos-fundamentais-da-sua-cidadania\/","name":"O PPdeG apoia no Parlamento que se reconsidere a participaci\u00f3n de deportistas en competici\u00f3ns feitas en pa\u00edses que vulneren os dereitos fundamentais da s\u00faa cidadan\u00eda - PP de Galicia","isPartOf":{"@id":"https:\/\/ppdegalicia.com\/es\/#website"},"datePublished":"2019-11-21T06:17:38+00:00","breadcrumb":{"@id":"https:\/\/ppdegalicia.com\/es\/o-ppdeg-apoia-no-parlamento-que-se-reconsidere-a-participacion-de-deportistas-en-competicions-feitas-en-paises-que-vulneren-os-dereitos-fundamentais-da-sua-cidadania\/#breadcrumb"},"inLanguage":"es","potentialAction":[{"@type":"ReadAction","target":["https:\/\/ppdegalicia.com\/es\/o-ppdeg-apoia-no-parlamento-que-se-reconsidere-a-participacion-de-deportistas-en-competicions-feitas-en-paises-que-vulneren-os-dereitos-fundamentais-da-sua-cidadania\/"]}]},{"@type":"BreadcrumbList","@id":"https:\/\/ppdegalicia.com\/es\/o-ppdeg-apoia-no-parlamento-que-se-reconsidere-a-participacion-de-deportistas-en-competicions-feitas-en-paises-que-vulneren-os-dereitos-fundamentais-da-sua-cidadania\/#breadcrumb","itemListElement":[{"@type":"ListItem","position":1,"name":"Portada","item":"https:\/\/ppdegalicia.com\/es\/"},{"@type":"ListItem","position":2,"name":"O PPdeG apoia no Parlamento que se reconsidere a participaci\u00f3n de deportistas en competici\u00f3ns feitas en pa\u00edses que vulneren os dereitos fundamentais da s\u00faa cidadan\u00eda"}]},{"@type":"WebSite","@id":"https:\/\/ppdegalicia.com\/es\/#website","url":"https:\/\/ppdegalicia.com\/es\/","name":"Partido Popular de Galicia","description":"Partido Popular de Galicia","publisher":{"@id":"https:\/\/ppdegalicia.com\/es\/#organization"},"alternateName":"PP de Galicia","potentialAction":[{"@type":"SearchAction","target":{"@type":"EntryPoint","urlTemplate":"https:\/\/ppdegalicia.com\/es\/?s={search_term_string}"},"query-input":{"@type":"PropertyValueSpecification","valueRequired":true,"valueName":"search_term_string"}}],"inLanguage":"es"},{"@type":"Organization","@id":"https:\/\/ppdegalicia.com\/es\/#organization","name":"Partido Popular de Galicia","alternateName":"PP de Galicia","url":"https:\/\/ppdegalicia.com\/es\/","logo":{"@type":"ImageObject","inLanguage":"es","@id":"https:\/\/ppdegalicia.com\/es\/#\/schema\/logo\/image\/","url":"https:\/\/ppdegalicia.com\/wp-content\/uploads\/2023\/04\/logoPP512.png","contentUrl":"https:\/\/ppdegalicia.com\/wp-content\/uploads\/2023\/04\/logoPP512.png","width":512,"height":512,"caption":"Partido Popular de Galicia"},"image":{"@id":"https:\/\/ppdegalicia.com\/es\/#\/schema\/logo\/image\/"},"sameAs":["https:\/\/www.instagram.com\/ppdegalicia\/","https:\/\/x.com\/ppdegalicia","https:\/\/www.tiktok.com\/@ppdegalicia","https:\/\/www.youtube.com\/user\/ppdegalicia"]},{"@type":"Person","@id":"https:\/\/ppdegalicia.com\/es\/#\/schema\/person\/d0f013b8388c980665d44009ab762960","name":"Super User","image":{"@type":"ImageObject","inLanguage":"es","@id":"https:\/\/secure.gravatar.com\/avatar\/1db852625ef4948f58d2739bfbc51e4b9bd5c93b8fa340b59fdb594ca0845645?s=96&d=mm&r=g","url":"https:\/\/secure.gravatar.com\/avatar\/1db852625ef4948f58d2739bfbc51e4b9bd5c93b8fa340b59fdb594ca0845645?s=96&d=mm&r=g","contentUrl":"https:\/\/secure.gravatar.com\/avatar\/1db852625ef4948f58d2739bfbc51e4b9bd5c93b8fa340b59fdb594ca0845645?s=96&d=mm&r=g","caption":"Super User"},"url":"https:\/\/ppdegalicia.com\/es\/author\/ppdegaliciagestion\/"}]}},"_links":{"self":[{"href":"https:\/\/ppdegalicia.com\/es\/wp-json\/wp\/v2\/posts\/52153","targetHints":{"allow":["GET"]}}],"collection":[{"href":"https:\/\/ppdegalicia.com\/es\/wp-json\/wp\/v2\/posts"}],"about":[{"href":"https:\/\/ppdegalicia.com\/es\/wp-json\/wp\/v2\/types\/post"}],"author":[{"embeddable":true,"href":"https:\/\/ppdegalicia.com\/es\/wp-json\/wp\/v2\/users\/37"}],"replies":[{"embeddable":true,"href":"https:\/\/ppdegalicia.com\/es\/wp-json\/wp\/v2\/comments?post=52153"}],"version-history":[{"count":0,"href":"https:\/\/ppdegalicia.com\/es\/wp-json\/wp\/v2\/posts\/52153\/revisions"}],"wp:attachment":[{"href":"https:\/\/ppdegalicia.com\/es\/wp-json\/wp\/v2\/media?parent=52153"}],"wp:term":[{"taxonomy":"category","embeddable":true,"href":"https:\/\/ppdegalicia.com\/es\/wp-json\/wp\/v2\/categories?post=52153"},{"taxonomy":"post_tag","embeddable":true,"href":"https:\/\/ppdegalicia.com\/es\/wp-json\/wp\/v2\/tags?post=52153"}],"curies":[{"name":"wp","href":"https:\/\/api.w.org\/{rel}","templated":true}]}}