{"id":52154,"date":"2019-11-21T08:22:21","date_gmt":"2019-11-21T06:22:21","guid":{"rendered":"https:\/\/ppdegalicia.com\/o-parlamento-galego-aproba-por-unanimidade-diversas-medidas-contra-a-violencia-sexual\/"},"modified":"2019-11-21T08:22:21","modified_gmt":"2019-11-21T06:22:21","slug":"o-parlamento-galego-aproba-por-unanimidade-diversas-medidas-contra-a-violencia-sexual","status":"publish","type":"post","link":"https:\/\/ppdegalicia.com\/es\/o-parlamento-galego-aproba-por-unanimidade-diversas-medidas-contra-a-violencia-sexual\/","title":{"rendered":"O Parlamento galego aproba por unanimidade diversas medidas contra a violencia sexual"},"content":{"rendered":"<p>Santiago, 20 de novembro de 2019.- O Parlamento de Galicia aprobou hoxe por unanimidade unha proposici\u00f3n non de lei do Grupo Popular, transaccionada co resto dos grupos da oposici\u00f3n, que recolle diversas medidas de loita contra a violencia sexual.<\/p>\n<p><!--more--><\/p>\n<p>&nbsp;<\/p>\n<p>&nbsp;<\/p>\n<p>Entre elas&nbsp; a solicitude para que a Xunta elabore o primeiro Plan estrat\u00e9xico de Galicia contra a trata con fins de explotaci\u00f3n sexual ou que o Goberno central modifique a Lei Org\u00e1nica 1\/2004 de medidas de protecci\u00f3n integral contra a violencia, para inclu\u00edr que tam\u00e9n son formas de violencia contra as mulleres a violencia f\u00edsica, psicol\u00f3xica ou sexual, inclu\u00edda a violaci\u00f3n; ou se impulse a aprobaci\u00f3n dunha lei org\u00e1nica de loita integral e multidisciplinar contra a trata de seres humanos con fins de explotaci\u00f3n sexual. As\u00ed mesmo, noutra proposici\u00f3n non de lei transaccionada entre o Grupo Popular e o BNG, acordouse demandar ao Goberno central a introduci\u00f3n no marco legal do concepto de consentimento para mellorar a tipificaci\u00f3n e tratamento da violaci\u00f3n e das agresi\u00f3ns sexuais, as\u00ed como a consideraci\u00f3n destes delitos como de car\u00e1cter p\u00fablico.<\/p>\n<p>&nbsp;<\/p>\n<p>Dentro da proposici\u00f3n non de lei aprobada hoxe incl\u00faese fomentar que os concellos galegos realicen campa\u00f1as de sensibilizaci\u00f3n social contra a trata con fins de explotaci\u00f3n sexual, coa finalidade de seguir concienciando \u00e1 sociedade na loita contra esta lacra; ao tempo que se segue fomentando a constituci\u00f3n e dinamizaci\u00f3n das mesas locais de coordinaci\u00f3n interistitucional contra a violencia de x\u00e9nero.<\/p>\n<p>&nbsp;<\/p>\n<p>Tam\u00e9n se demanda ao Goberno galego un incremento en 2020 da cont\u00eda das axudas destinadas \u00e1s entidades e organizaci\u00f3ns que atenden as mulleres en situaci\u00f3n de prostituci\u00f3n e v\u00edtimas de trata con fins de explotaci\u00f3n sexual.<\/p>\n<p>&nbsp;<\/p>\n<p>A proposici\u00f3n non de lei aprobada por unanimidade incl\u00fae, ademais, demandar ao Goberno central que impulse a aprobaci\u00f3n dunha lei org\u00e1nica de loita integral e multidisciplinar contra a trata de seres humanos con fins de explotaci\u00f3n sexual, que estableza mecanismos adecuados para a prevenci\u00f3n, reforce a persecuci\u00f3n de oficio do delito, promova a eliminaci\u00f3n de publicidade de contido sexual e po\u00f1a en marcha servizos e programas de protecci\u00f3n social e recuperaci\u00f3n integral das v\u00edtimas, dando as\u00ed cumprimento \u00e1 medida 257 do Pacto de Estado en materia de Violencia de X\u00e9nero.<\/p>\n<p>&nbsp;<\/p>\n<p>As\u00ed mesmo, p\u00eddese ao Goberno de Espa\u00f1a que impulse formaci\u00f3n espec\u00edfica en materia de trata de persoas con fins de explotaci\u00f3n sexual entre todos os axentes implicados no seu tratamento e erradicaci\u00f3n (xustiza, forzas e corpos de seguridade do estado, sanidade&#8230;), as\u00ed como crear recursos p\u00fablicos de acollemento para v\u00edtimas de trata con fins de explotaci\u00f3n sexual.<\/p>\n<p>&nbsp;<\/p>\n<p><strong>SEXO NON CONSENTIDO COMO DELITO<\/strong><\/p>\n<p>&nbsp;<\/p>\n<p>Por outra banda, o Parlamento galego aprobou, logo dunha transacci\u00f3n entre o Grupo Popular e o BNG, que o Goberno central impulse a aplicaci\u00f3n do Convenio de Istambul para que as autoridades adopten todas as medidas necesarias para garantir que o sexo non consentido sexa tratado sempre como delito ou para modificar a definici\u00f3n estatal de violencia de x\u00e9nero, de forma que a violencia sexual sexa reco\u00f1ecida como tal, do mesmo xeito que fixo a lei galega do ano 2007. Tam\u00e9n se pide ao Goberno de Espa\u00f1a que facilite que os delitos de violencia sexual sexa instru\u00eddos nos xulgados especializados de violencia machista, no caso de que o presunto autor non sexa menor, transferindo a Galicia os recursos orzamentarios necesarios para esta adaptaci\u00f3n.<\/p>\n<p>&nbsp;<\/p>\n<p>Por \u00faltimo, nesta proposici\u00f3n de lei, aprobada logo do acordo entre o Grupo Popular e o BNG, solic\u00edtase que a Xunta aval\u00ede no prazo de seis meses o funcionamento do protocolo de coordinaci\u00f3n e cooperaci\u00f3n institucional fronte \u00e1 violencia de x\u00e9nero respecto da violencia machista, as\u00ed como impulsar campa\u00f1as espec\u00edficas de concienciaci\u00f3n do bo uso de internet sobre os riscos do sexting e sobre a ciberviolencia de x\u00e9nero e sexual.<\/p>\n","protected":false},"excerpt":{"rendered":"<p>Santiago, 20 de novembro de 2019.- O Parlamento de Galicia aprobou hoxe por unanimidade unha proposici\u00f3n non de lei do Grupo Popular, transaccionada co resto dos grupos da oposici\u00f3n, que recolle diversas medidas de loita contra a violencia sexual.<\/p>\n","protected":false},"author":37,"featured_media":0,"comment_status":"open","ping_status":"open","sticky":false,"template":"","format":"standard","meta":{"_acf_changed":false,"footnotes":""},"categories":[1],"tags":[],"class_list":["post-52154","post","type-post","status-publish","format-standard","hentry","category-pp-de-galicia"],"acf":[],"yoast_head":"<!-- This site is optimized with the Yoast SEO plugin v27.3 - https:\/\/yoast.com\/product\/yoast-seo-wordpress\/ -->\n<title>O Parlamento galego aproba por unanimidade diversas medidas contra a violencia sexual - PP de Galicia<\/title>\n<meta name=\"robots\" content=\"index, follow, max-snippet:-1, max-image-preview:large, max-video-preview:-1\" \/>\n<link rel=\"canonical\" href=\"https:\/\/ppdegalicia.com\/es\/o-parlamento-galego-aproba-por-unanimidade-diversas-medidas-contra-a-violencia-sexual\/\" \/>\n<meta property=\"og:locale\" content=\"es_ES\" \/>\n<meta property=\"og:type\" content=\"article\" \/>\n<meta property=\"og:title\" content=\"O Parlamento galego aproba por unanimidade diversas medidas contra a violencia sexual - PP de Galicia\" \/>\n<meta property=\"og:description\" content=\"Santiago, 20 de novembro de 2019.- O Parlamento de Galicia aprobou hoxe por unanimidade unha proposici\u00f3n non de lei do Grupo Popular, transaccionada co resto dos grupos da oposici\u00f3n, que recolle diversas medidas de loita contra a violencia sexual.\" \/>\n<meta property=\"og:url\" content=\"https:\/\/ppdegalicia.com\/es\/o-parlamento-galego-aproba-por-unanimidade-diversas-medidas-contra-a-violencia-sexual\/\" \/>\n<meta property=\"og:site_name\" content=\"PP de Galicia\" \/>\n<meta property=\"article:publisher\" content=\"https:\/\/www.instagram.com\/ppdegalicia\/\" \/>\n<meta property=\"article:published_time\" content=\"2019-11-21T06:22:21+00:00\" \/>\n<meta name=\"author\" content=\"Super User\" \/>\n<meta name=\"twitter:card\" content=\"summary_large_image\" \/>\n<meta name=\"twitter:creator\" content=\"@ppdegalicia\" \/>\n<meta name=\"twitter:site\" content=\"@ppdegalicia\" \/>\n<meta name=\"twitter:label1\" content=\"Escrito por\" \/>\n\t<meta name=\"twitter:data1\" content=\"Super User\" \/>\n\t<meta name=\"twitter:label2\" content=\"Tiempo de lectura\" \/>\n\t<meta name=\"twitter:data2\" content=\"3 minutos\" \/>\n<script type=\"application\/ld+json\" class=\"yoast-schema-graph\">{\"@context\":\"https:\\\/\\\/schema.org\",\"@graph\":[{\"@type\":\"Article\",\"@id\":\"https:\\\/\\\/ppdegalicia.com\\\/es\\\/o-parlamento-galego-aproba-por-unanimidade-diversas-medidas-contra-a-violencia-sexual\\\/#article\",\"isPartOf\":{\"@id\":\"https:\\\/\\\/ppdegalicia.com\\\/es\\\/o-parlamento-galego-aproba-por-unanimidade-diversas-medidas-contra-a-violencia-sexual\\\/\"},\"author\":{\"name\":\"Super User\",\"@id\":\"https:\\\/\\\/ppdegalicia.com\\\/es\\\/#\\\/schema\\\/person\\\/d0f013b8388c980665d44009ab762960\"},\"headline\":\"O Parlamento galego aproba por unanimidade diversas medidas contra a violencia sexual\",\"datePublished\":\"2019-11-21T06:22:21+00:00\",\"mainEntityOfPage\":{\"@id\":\"https:\\\/\\\/ppdegalicia.com\\\/es\\\/o-parlamento-galego-aproba-por-unanimidade-diversas-medidas-contra-a-violencia-sexual\\\/\"},\"wordCount\":710,\"commentCount\":0,\"publisher\":{\"@id\":\"https:\\\/\\\/ppdegalicia.com\\\/es\\\/#organization\"},\"articleSection\":[\"PP de Galicia\"],\"inLanguage\":\"es\",\"potentialAction\":[{\"@type\":\"CommentAction\",\"name\":\"Comment\",\"target\":[\"https:\\\/\\\/ppdegalicia.com\\\/es\\\/o-parlamento-galego-aproba-por-unanimidade-diversas-medidas-contra-a-violencia-sexual\\\/#respond\"]}]},{\"@type\":\"WebPage\",\"@id\":\"https:\\\/\\\/ppdegalicia.com\\\/es\\\/o-parlamento-galego-aproba-por-unanimidade-diversas-medidas-contra-a-violencia-sexual\\\/\",\"url\":\"https:\\\/\\\/ppdegalicia.com\\\/es\\\/o-parlamento-galego-aproba-por-unanimidade-diversas-medidas-contra-a-violencia-sexual\\\/\",\"name\":\"O Parlamento galego aproba por unanimidade diversas medidas contra a violencia sexual - PP de Galicia\",\"isPartOf\":{\"@id\":\"https:\\\/\\\/ppdegalicia.com\\\/es\\\/#website\"},\"datePublished\":\"2019-11-21T06:22:21+00:00\",\"breadcrumb\":{\"@id\":\"https:\\\/\\\/ppdegalicia.com\\\/es\\\/o-parlamento-galego-aproba-por-unanimidade-diversas-medidas-contra-a-violencia-sexual\\\/#breadcrumb\"},\"inLanguage\":\"es\",\"potentialAction\":[{\"@type\":\"ReadAction\",\"target\":[\"https:\\\/\\\/ppdegalicia.com\\\/es\\\/o-parlamento-galego-aproba-por-unanimidade-diversas-medidas-contra-a-violencia-sexual\\\/\"]}]},{\"@type\":\"BreadcrumbList\",\"@id\":\"https:\\\/\\\/ppdegalicia.com\\\/es\\\/o-parlamento-galego-aproba-por-unanimidade-diversas-medidas-contra-a-violencia-sexual\\\/#breadcrumb\",\"itemListElement\":[{\"@type\":\"ListItem\",\"position\":1,\"name\":\"Portada\",\"item\":\"https:\\\/\\\/ppdegalicia.com\\\/es\\\/\"},{\"@type\":\"ListItem\",\"position\":2,\"name\":\"O Parlamento galego aproba por unanimidade diversas medidas contra a violencia sexual\"}]},{\"@type\":\"WebSite\",\"@id\":\"https:\\\/\\\/ppdegalicia.com\\\/es\\\/#website\",\"url\":\"https:\\\/\\\/ppdegalicia.com\\\/es\\\/\",\"name\":\"Partido Popular de Galicia\",\"description\":\"Partido Popular de Galicia\",\"publisher\":{\"@id\":\"https:\\\/\\\/ppdegalicia.com\\\/es\\\/#organization\"},\"alternateName\":\"PP de Galicia\",\"potentialAction\":[{\"@type\":\"SearchAction\",\"target\":{\"@type\":\"EntryPoint\",\"urlTemplate\":\"https:\\\/\\\/ppdegalicia.com\\\/es\\\/?s={search_term_string}\"},\"query-input\":{\"@type\":\"PropertyValueSpecification\",\"valueRequired\":true,\"valueName\":\"search_term_string\"}}],\"inLanguage\":\"es\"},{\"@type\":\"Organization\",\"@id\":\"https:\\\/\\\/ppdegalicia.com\\\/es\\\/#organization\",\"name\":\"Partido Popular de Galicia\",\"alternateName\":\"PP de Galicia\",\"url\":\"https:\\\/\\\/ppdegalicia.com\\\/es\\\/\",\"logo\":{\"@type\":\"ImageObject\",\"inLanguage\":\"es\",\"@id\":\"https:\\\/\\\/ppdegalicia.com\\\/es\\\/#\\\/schema\\\/logo\\\/image\\\/\",\"url\":\"https:\\\/\\\/ppdegalicia.com\\\/wp-content\\\/uploads\\\/2023\\\/04\\\/logoPP512.png\",\"contentUrl\":\"https:\\\/\\\/ppdegalicia.com\\\/wp-content\\\/uploads\\\/2023\\\/04\\\/logoPP512.png\",\"width\":512,\"height\":512,\"caption\":\"Partido Popular de Galicia\"},\"image\":{\"@id\":\"https:\\\/\\\/ppdegalicia.com\\\/es\\\/#\\\/schema\\\/logo\\\/image\\\/\"},\"sameAs\":[\"https:\\\/\\\/www.instagram.com\\\/ppdegalicia\\\/\",\"https:\\\/\\\/x.com\\\/ppdegalicia\",\"https:\\\/\\\/www.tiktok.com\\\/@ppdegalicia\",\"https:\\\/\\\/www.youtube.com\\\/user\\\/ppdegalicia\"]},{\"@type\":\"Person\",\"@id\":\"https:\\\/\\\/ppdegalicia.com\\\/es\\\/#\\\/schema\\\/person\\\/d0f013b8388c980665d44009ab762960\",\"name\":\"Super User\",\"image\":{\"@type\":\"ImageObject\",\"inLanguage\":\"es\",\"@id\":\"https:\\\/\\\/secure.gravatar.com\\\/avatar\\\/1db852625ef4948f58d2739bfbc51e4b9bd5c93b8fa340b59fdb594ca0845645?s=96&d=mm&r=g\",\"url\":\"https:\\\/\\\/secure.gravatar.com\\\/avatar\\\/1db852625ef4948f58d2739bfbc51e4b9bd5c93b8fa340b59fdb594ca0845645?s=96&d=mm&r=g\",\"contentUrl\":\"https:\\\/\\\/secure.gravatar.com\\\/avatar\\\/1db852625ef4948f58d2739bfbc51e4b9bd5c93b8fa340b59fdb594ca0845645?s=96&d=mm&r=g\",\"caption\":\"Super User\"},\"url\":\"https:\\\/\\\/ppdegalicia.com\\\/es\\\/author\\\/ppdegaliciagestion\\\/\"}]}<\/script>\n<!-- \/ Yoast SEO plugin. -->","yoast_head_json":{"title":"O Parlamento galego aproba por unanimidade diversas medidas contra a violencia sexual - PP de Galicia","robots":{"index":"index","follow":"follow","max-snippet":"max-snippet:-1","max-image-preview":"max-image-preview:large","max-video-preview":"max-video-preview:-1"},"canonical":"https:\/\/ppdegalicia.com\/es\/o-parlamento-galego-aproba-por-unanimidade-diversas-medidas-contra-a-violencia-sexual\/","og_locale":"es_ES","og_type":"article","og_title":"O Parlamento galego aproba por unanimidade diversas medidas contra a violencia sexual - PP de Galicia","og_description":"Santiago, 20 de novembro de 2019.- O Parlamento de Galicia aprobou hoxe por unanimidade unha proposici\u00f3n non de lei do Grupo Popular, transaccionada co resto dos grupos da oposici\u00f3n, que recolle diversas medidas de loita contra a violencia sexual.","og_url":"https:\/\/ppdegalicia.com\/es\/o-parlamento-galego-aproba-por-unanimidade-diversas-medidas-contra-a-violencia-sexual\/","og_site_name":"PP de Galicia","article_publisher":"https:\/\/www.instagram.com\/ppdegalicia\/","article_published_time":"2019-11-21T06:22:21+00:00","author":"Super User","twitter_card":"summary_large_image","twitter_creator":"@ppdegalicia","twitter_site":"@ppdegalicia","twitter_misc":{"Escrito por":"Super User","Tiempo de lectura":"3 minutos"},"schema":{"@context":"https:\/\/schema.org","@graph":[{"@type":"Article","@id":"https:\/\/ppdegalicia.com\/es\/o-parlamento-galego-aproba-por-unanimidade-diversas-medidas-contra-a-violencia-sexual\/#article","isPartOf":{"@id":"https:\/\/ppdegalicia.com\/es\/o-parlamento-galego-aproba-por-unanimidade-diversas-medidas-contra-a-violencia-sexual\/"},"author":{"name":"Super User","@id":"https:\/\/ppdegalicia.com\/es\/#\/schema\/person\/d0f013b8388c980665d44009ab762960"},"headline":"O Parlamento galego aproba por unanimidade diversas medidas contra a violencia sexual","datePublished":"2019-11-21T06:22:21+00:00","mainEntityOfPage":{"@id":"https:\/\/ppdegalicia.com\/es\/o-parlamento-galego-aproba-por-unanimidade-diversas-medidas-contra-a-violencia-sexual\/"},"wordCount":710,"commentCount":0,"publisher":{"@id":"https:\/\/ppdegalicia.com\/es\/#organization"},"articleSection":["PP de Galicia"],"inLanguage":"es","potentialAction":[{"@type":"CommentAction","name":"Comment","target":["https:\/\/ppdegalicia.com\/es\/o-parlamento-galego-aproba-por-unanimidade-diversas-medidas-contra-a-violencia-sexual\/#respond"]}]},{"@type":"WebPage","@id":"https:\/\/ppdegalicia.com\/es\/o-parlamento-galego-aproba-por-unanimidade-diversas-medidas-contra-a-violencia-sexual\/","url":"https:\/\/ppdegalicia.com\/es\/o-parlamento-galego-aproba-por-unanimidade-diversas-medidas-contra-a-violencia-sexual\/","name":"O Parlamento galego aproba por unanimidade diversas medidas contra a violencia sexual - PP de Galicia","isPartOf":{"@id":"https:\/\/ppdegalicia.com\/es\/#website"},"datePublished":"2019-11-21T06:22:21+00:00","breadcrumb":{"@id":"https:\/\/ppdegalicia.com\/es\/o-parlamento-galego-aproba-por-unanimidade-diversas-medidas-contra-a-violencia-sexual\/#breadcrumb"},"inLanguage":"es","potentialAction":[{"@type":"ReadAction","target":["https:\/\/ppdegalicia.com\/es\/o-parlamento-galego-aproba-por-unanimidade-diversas-medidas-contra-a-violencia-sexual\/"]}]},{"@type":"BreadcrumbList","@id":"https:\/\/ppdegalicia.com\/es\/o-parlamento-galego-aproba-por-unanimidade-diversas-medidas-contra-a-violencia-sexual\/#breadcrumb","itemListElement":[{"@type":"ListItem","position":1,"name":"Portada","item":"https:\/\/ppdegalicia.com\/es\/"},{"@type":"ListItem","position":2,"name":"O Parlamento galego aproba por unanimidade diversas medidas contra a violencia sexual"}]},{"@type":"WebSite","@id":"https:\/\/ppdegalicia.com\/es\/#website","url":"https:\/\/ppdegalicia.com\/es\/","name":"Partido Popular de Galicia","description":"Partido Popular de Galicia","publisher":{"@id":"https:\/\/ppdegalicia.com\/es\/#organization"},"alternateName":"PP de Galicia","potentialAction":[{"@type":"SearchAction","target":{"@type":"EntryPoint","urlTemplate":"https:\/\/ppdegalicia.com\/es\/?s={search_term_string}"},"query-input":{"@type":"PropertyValueSpecification","valueRequired":true,"valueName":"search_term_string"}}],"inLanguage":"es"},{"@type":"Organization","@id":"https:\/\/ppdegalicia.com\/es\/#organization","name":"Partido Popular de Galicia","alternateName":"PP de Galicia","url":"https:\/\/ppdegalicia.com\/es\/","logo":{"@type":"ImageObject","inLanguage":"es","@id":"https:\/\/ppdegalicia.com\/es\/#\/schema\/logo\/image\/","url":"https:\/\/ppdegalicia.com\/wp-content\/uploads\/2023\/04\/logoPP512.png","contentUrl":"https:\/\/ppdegalicia.com\/wp-content\/uploads\/2023\/04\/logoPP512.png","width":512,"height":512,"caption":"Partido Popular de Galicia"},"image":{"@id":"https:\/\/ppdegalicia.com\/es\/#\/schema\/logo\/image\/"},"sameAs":["https:\/\/www.instagram.com\/ppdegalicia\/","https:\/\/x.com\/ppdegalicia","https:\/\/www.tiktok.com\/@ppdegalicia","https:\/\/www.youtube.com\/user\/ppdegalicia"]},{"@type":"Person","@id":"https:\/\/ppdegalicia.com\/es\/#\/schema\/person\/d0f013b8388c980665d44009ab762960","name":"Super User","image":{"@type":"ImageObject","inLanguage":"es","@id":"https:\/\/secure.gravatar.com\/avatar\/1db852625ef4948f58d2739bfbc51e4b9bd5c93b8fa340b59fdb594ca0845645?s=96&d=mm&r=g","url":"https:\/\/secure.gravatar.com\/avatar\/1db852625ef4948f58d2739bfbc51e4b9bd5c93b8fa340b59fdb594ca0845645?s=96&d=mm&r=g","contentUrl":"https:\/\/secure.gravatar.com\/avatar\/1db852625ef4948f58d2739bfbc51e4b9bd5c93b8fa340b59fdb594ca0845645?s=96&d=mm&r=g","caption":"Super User"},"url":"https:\/\/ppdegalicia.com\/es\/author\/ppdegaliciagestion\/"}]}},"_links":{"self":[{"href":"https:\/\/ppdegalicia.com\/es\/wp-json\/wp\/v2\/posts\/52154","targetHints":{"allow":["GET"]}}],"collection":[{"href":"https:\/\/ppdegalicia.com\/es\/wp-json\/wp\/v2\/posts"}],"about":[{"href":"https:\/\/ppdegalicia.com\/es\/wp-json\/wp\/v2\/types\/post"}],"author":[{"embeddable":true,"href":"https:\/\/ppdegalicia.com\/es\/wp-json\/wp\/v2\/users\/37"}],"replies":[{"embeddable":true,"href":"https:\/\/ppdegalicia.com\/es\/wp-json\/wp\/v2\/comments?post=52154"}],"version-history":[{"count":0,"href":"https:\/\/ppdegalicia.com\/es\/wp-json\/wp\/v2\/posts\/52154\/revisions"}],"wp:attachment":[{"href":"https:\/\/ppdegalicia.com\/es\/wp-json\/wp\/v2\/media?parent=52154"}],"wp:term":[{"taxonomy":"category","embeddable":true,"href":"https:\/\/ppdegalicia.com\/es\/wp-json\/wp\/v2\/categories?post=52154"},{"taxonomy":"post_tag","embeddable":true,"href":"https:\/\/ppdegalicia.com\/es\/wp-json\/wp\/v2\/tags?post=52154"}],"curies":[{"name":"wp","href":"https:\/\/api.w.org\/{rel}","templated":true}]}}