{"id":52155,"date":"2019-11-21T08:31:08","date_gmt":"2019-11-21T06:31:08","guid":{"rendered":"https:\/\/ppdegalicia.com\/o-ppdeg-defende-para-paliar-a-falta-de-profesionais-sanitarios-eliminar-a-taxa-de-reposicion-e-modificar-o-decreto-de-formacion-de-especialistas\/"},"modified":"2019-11-21T08:31:08","modified_gmt":"2019-11-21T06:31:08","slug":"o-ppdeg-defende-para-paliar-a-falta-de-profesionais-sanitarios-eliminar-a-taxa-de-reposicion-e-modificar-o-decreto-de-formacion-de-especialistas","status":"publish","type":"post","link":"https:\/\/ppdegalicia.com\/es\/o-ppdeg-defende-para-paliar-a-falta-de-profesionais-sanitarios-eliminar-a-taxa-de-reposicion-e-modificar-o-decreto-de-formacion-de-especialistas\/","title":{"rendered":"O PPdeG defende, para paliar a falta de profesionais sanitarios, eliminar a taxa de reposici\u00f3n e modificar o decreto de formaci\u00f3n de especialistas"},"content":{"rendered":"<p>Santiago, 20 de novembro de 2019.- O portavoz de Sanidade do Grupo Popular, Aurelio N\u00fa\u00f1ez Centeno, afirmou hoxe no Parlamento que no PPdeG \u201cestamos a favor de calquera medida que poida paliar a dif\u00edcil situaci\u00f3n da falta de profesionais nalgunhas \u00e1reas sanitarias\u201d e considerou \u201csoluci\u00f3ns reais a eliminaci\u00f3n da taxa de reposici\u00f3n, a homologaci\u00f3n de profesionais m\u00e9dicos extracomunitarios ou a modificaci\u00f3n do decreto de formaci\u00f3n de especialistas, medidas que foron postas enriba da mesa no Consello Interterritorial pero foron esquecidas polo Goberno socialista\u201d.<\/p>\n<p><!--more--><\/p>\n<p>&nbsp;<\/p>\n<p>Aurelio N\u00fa\u00f1ez lembrou que o propio Ministerio de Sanidade \u201cafirmaba nun informe entregado en xaneiro deste ano \u00e1s comunidades aut\u00f3nomas que \u00e1 sanidade p\u00fablica de Espa\u00f1a f\u00e1ltanlle 4.000 especialistas\u201d, porque, \u201cademais dos problemas de especialistas de primaria, hai escaseza en anestesia, urolox\u00eda, radiodiagn\u00f3stico, anatom\u00eda patol\u00f3xica, cirurx\u00eda xeral ou traumatolox\u00eda\u201d.<\/p>\n<p>&nbsp;<\/p>\n<p><strong>SITUACI\u00d3N ID\u00c9NTICA EN TODAS AS COMUNIDADES<\/strong><\/p>\n<p>&nbsp;<\/p>\n<p>Na s\u00faa intervenci\u00f3n, N\u00fa\u00f1ez Centeno reiterou que \u201cesta situaci\u00f3n de falta de profesionais non \u00e9 algo que aconteza s\u00f3 en Galicia, sen\u00f3n que o est\u00e1n a padecer todas as comunidades aut\u00f3nomas no seu servizo de sa\u00fade\u201d.<\/p>\n<p>&nbsp;<\/p>\n<p>\u201cA Conseller\u00eda de Sanidade ten solicitado un MIR extraordinario de familia e pediatr\u00eda, que foi rexeitado polo Goberno socialista, do mesmo xeito que \u00e9 continuar avanzando na homologaci\u00f3n dos profesionais m\u00e9dicos extracomunitarios\u201d, indicou o portavoz popular.<\/p>\n<p>&nbsp;<\/p>\n<p>En concreto, no que respecta \u00e1 cobertura de prazas de especialista no Hospital de Ver\u00edn, o portavoz popular explicou todas as medidas que a Xerencia est\u00e1 a levar a cabo para atender todas as necesidades existentes en pediatr\u00eda, dermatolox\u00eda, traumatolox\u00eda ou coidados paliativos.<\/p>\n","protected":false},"excerpt":{"rendered":"<p>Santiago, 20 de novembro de 2019.- O portavoz de Sanidade do Grupo Popular, Aurelio N\u00fa\u00f1ez Centeno, afirmou hoxe no Parlamento que no PPdeG \u201cestamos a favor de calquera medida que poida paliar a dif\u00edcil situaci\u00f3n da falta de profesionais nalgunhas \u00e1reas sanitarias\u201d e considerou \u201csoluci\u00f3ns reais a eliminaci\u00f3n da taxa de reposici\u00f3n, a homologaci\u00f3n de [&hellip;]<\/p>\n","protected":false},"author":37,"featured_media":0,"comment_status":"open","ping_status":"open","sticky":false,"template":"","format":"standard","meta":{"_acf_changed":false,"footnotes":""},"categories":[1],"tags":[],"class_list":["post-52155","post","type-post","status-publish","format-standard","hentry","category-pp-de-galicia"],"acf":[],"yoast_head":"<!-- This site is optimized with the Yoast SEO plugin v27.3 - https:\/\/yoast.com\/product\/yoast-seo-wordpress\/ -->\n<title>O PPdeG defende, para paliar a falta de profesionais sanitarios, eliminar a taxa de reposici\u00f3n e modificar o decreto de formaci\u00f3n de especialistas - PP de Galicia<\/title>\n<meta name=\"robots\" content=\"index, follow, max-snippet:-1, max-image-preview:large, max-video-preview:-1\" \/>\n<link rel=\"canonical\" href=\"https:\/\/ppdegalicia.com\/es\/o-ppdeg-defende-para-paliar-a-falta-de-profesionais-sanitarios-eliminar-a-taxa-de-reposicion-e-modificar-o-decreto-de-formacion-de-especialistas\/\" \/>\n<meta property=\"og:locale\" content=\"es_ES\" \/>\n<meta property=\"og:type\" content=\"article\" \/>\n<meta property=\"og:title\" content=\"O PPdeG defende, para paliar a falta de profesionais sanitarios, eliminar a taxa de reposici\u00f3n e modificar o decreto de formaci\u00f3n de especialistas - PP de Galicia\" \/>\n<meta property=\"og:description\" content=\"Santiago, 20 de novembro de 2019.- O portavoz de Sanidade do Grupo Popular, Aurelio N\u00fa\u00f1ez Centeno, afirmou hoxe no Parlamento que no PPdeG \u201cestamos a favor de calquera medida que poida paliar a dif\u00edcil situaci\u00f3n da falta de profesionais nalgunhas \u00e1reas sanitarias\u201d e considerou \u201csoluci\u00f3ns reais a eliminaci\u00f3n da taxa de reposici\u00f3n, a homologaci\u00f3n de [&hellip;]\" \/>\n<meta property=\"og:url\" content=\"https:\/\/ppdegalicia.com\/es\/o-ppdeg-defende-para-paliar-a-falta-de-profesionais-sanitarios-eliminar-a-taxa-de-reposicion-e-modificar-o-decreto-de-formacion-de-especialistas\/\" \/>\n<meta property=\"og:site_name\" content=\"PP de Galicia\" \/>\n<meta property=\"article:publisher\" content=\"https:\/\/www.instagram.com\/ppdegalicia\/\" \/>\n<meta property=\"article:published_time\" content=\"2019-11-21T06:31:08+00:00\" \/>\n<meta name=\"author\" content=\"Super User\" \/>\n<meta name=\"twitter:card\" content=\"summary_large_image\" \/>\n<meta name=\"twitter:creator\" content=\"@ppdegalicia\" \/>\n<meta name=\"twitter:site\" content=\"@ppdegalicia\" \/>\n<meta name=\"twitter:label1\" content=\"Escrito por\" \/>\n\t<meta name=\"twitter:data1\" content=\"Super User\" \/>\n\t<meta name=\"twitter:label2\" content=\"Tiempo de lectura\" \/>\n\t<meta name=\"twitter:data2\" content=\"1 minuto\" \/>\n<script type=\"application\/ld+json\" class=\"yoast-schema-graph\">{\"@context\":\"https:\\\/\\\/schema.org\",\"@graph\":[{\"@type\":\"Article\",\"@id\":\"https:\\\/\\\/ppdegalicia.com\\\/es\\\/o-ppdeg-defende-para-paliar-a-falta-de-profesionais-sanitarios-eliminar-a-taxa-de-reposicion-e-modificar-o-decreto-de-formacion-de-especialistas\\\/#article\",\"isPartOf\":{\"@id\":\"https:\\\/\\\/ppdegalicia.com\\\/es\\\/o-ppdeg-defende-para-paliar-a-falta-de-profesionais-sanitarios-eliminar-a-taxa-de-reposicion-e-modificar-o-decreto-de-formacion-de-especialistas\\\/\"},\"author\":{\"name\":\"Super User\",\"@id\":\"https:\\\/\\\/ppdegalicia.com\\\/es\\\/#\\\/schema\\\/person\\\/d0f013b8388c980665d44009ab762960\"},\"headline\":\"O PPdeG defende, para paliar a falta de profesionais sanitarios, eliminar a taxa de reposici\u00f3n e modificar o decreto de formaci\u00f3n de especialistas\",\"datePublished\":\"2019-11-21T06:31:08+00:00\",\"mainEntityOfPage\":{\"@id\":\"https:\\\/\\\/ppdegalicia.com\\\/es\\\/o-ppdeg-defende-para-paliar-a-falta-de-profesionais-sanitarios-eliminar-a-taxa-de-reposicion-e-modificar-o-decreto-de-formacion-de-especialistas\\\/\"},\"wordCount\":316,\"commentCount\":0,\"publisher\":{\"@id\":\"https:\\\/\\\/ppdegalicia.com\\\/es\\\/#organization\"},\"articleSection\":[\"PP de Galicia\"],\"inLanguage\":\"es\",\"potentialAction\":[{\"@type\":\"CommentAction\",\"name\":\"Comment\",\"target\":[\"https:\\\/\\\/ppdegalicia.com\\\/es\\\/o-ppdeg-defende-para-paliar-a-falta-de-profesionais-sanitarios-eliminar-a-taxa-de-reposicion-e-modificar-o-decreto-de-formacion-de-especialistas\\\/#respond\"]}]},{\"@type\":\"WebPage\",\"@id\":\"https:\\\/\\\/ppdegalicia.com\\\/es\\\/o-ppdeg-defende-para-paliar-a-falta-de-profesionais-sanitarios-eliminar-a-taxa-de-reposicion-e-modificar-o-decreto-de-formacion-de-especialistas\\\/\",\"url\":\"https:\\\/\\\/ppdegalicia.com\\\/es\\\/o-ppdeg-defende-para-paliar-a-falta-de-profesionais-sanitarios-eliminar-a-taxa-de-reposicion-e-modificar-o-decreto-de-formacion-de-especialistas\\\/\",\"name\":\"O PPdeG defende, para paliar a falta de profesionais sanitarios, eliminar a taxa de reposici\u00f3n e modificar o decreto de formaci\u00f3n de especialistas - PP de Galicia\",\"isPartOf\":{\"@id\":\"https:\\\/\\\/ppdegalicia.com\\\/es\\\/#website\"},\"datePublished\":\"2019-11-21T06:31:08+00:00\",\"breadcrumb\":{\"@id\":\"https:\\\/\\\/ppdegalicia.com\\\/es\\\/o-ppdeg-defende-para-paliar-a-falta-de-profesionais-sanitarios-eliminar-a-taxa-de-reposicion-e-modificar-o-decreto-de-formacion-de-especialistas\\\/#breadcrumb\"},\"inLanguage\":\"es\",\"potentialAction\":[{\"@type\":\"ReadAction\",\"target\":[\"https:\\\/\\\/ppdegalicia.com\\\/es\\\/o-ppdeg-defende-para-paliar-a-falta-de-profesionais-sanitarios-eliminar-a-taxa-de-reposicion-e-modificar-o-decreto-de-formacion-de-especialistas\\\/\"]}]},{\"@type\":\"BreadcrumbList\",\"@id\":\"https:\\\/\\\/ppdegalicia.com\\\/es\\\/o-ppdeg-defende-para-paliar-a-falta-de-profesionais-sanitarios-eliminar-a-taxa-de-reposicion-e-modificar-o-decreto-de-formacion-de-especialistas\\\/#breadcrumb\",\"itemListElement\":[{\"@type\":\"ListItem\",\"position\":1,\"name\":\"Portada\",\"item\":\"https:\\\/\\\/ppdegalicia.com\\\/es\\\/\"},{\"@type\":\"ListItem\",\"position\":2,\"name\":\"O PPdeG defende, para paliar a falta de profesionais sanitarios, eliminar a taxa de reposici\u00f3n e modificar o decreto de formaci\u00f3n de especialistas\"}]},{\"@type\":\"WebSite\",\"@id\":\"https:\\\/\\\/ppdegalicia.com\\\/es\\\/#website\",\"url\":\"https:\\\/\\\/ppdegalicia.com\\\/es\\\/\",\"name\":\"Partido Popular de Galicia\",\"description\":\"Partido Popular de Galicia\",\"publisher\":{\"@id\":\"https:\\\/\\\/ppdegalicia.com\\\/es\\\/#organization\"},\"alternateName\":\"PP de Galicia\",\"potentialAction\":[{\"@type\":\"SearchAction\",\"target\":{\"@type\":\"EntryPoint\",\"urlTemplate\":\"https:\\\/\\\/ppdegalicia.com\\\/es\\\/?s={search_term_string}\"},\"query-input\":{\"@type\":\"PropertyValueSpecification\",\"valueRequired\":true,\"valueName\":\"search_term_string\"}}],\"inLanguage\":\"es\"},{\"@type\":\"Organization\",\"@id\":\"https:\\\/\\\/ppdegalicia.com\\\/es\\\/#organization\",\"name\":\"Partido Popular de Galicia\",\"alternateName\":\"PP de Galicia\",\"url\":\"https:\\\/\\\/ppdegalicia.com\\\/es\\\/\",\"logo\":{\"@type\":\"ImageObject\",\"inLanguage\":\"es\",\"@id\":\"https:\\\/\\\/ppdegalicia.com\\\/es\\\/#\\\/schema\\\/logo\\\/image\\\/\",\"url\":\"https:\\\/\\\/ppdegalicia.com\\\/wp-content\\\/uploads\\\/2023\\\/04\\\/logoPP512.png\",\"contentUrl\":\"https:\\\/\\\/ppdegalicia.com\\\/wp-content\\\/uploads\\\/2023\\\/04\\\/logoPP512.png\",\"width\":512,\"height\":512,\"caption\":\"Partido Popular de Galicia\"},\"image\":{\"@id\":\"https:\\\/\\\/ppdegalicia.com\\\/es\\\/#\\\/schema\\\/logo\\\/image\\\/\"},\"sameAs\":[\"https:\\\/\\\/www.instagram.com\\\/ppdegalicia\\\/\",\"https:\\\/\\\/x.com\\\/ppdegalicia\",\"https:\\\/\\\/www.tiktok.com\\\/@ppdegalicia\",\"https:\\\/\\\/www.youtube.com\\\/user\\\/ppdegalicia\"]},{\"@type\":\"Person\",\"@id\":\"https:\\\/\\\/ppdegalicia.com\\\/es\\\/#\\\/schema\\\/person\\\/d0f013b8388c980665d44009ab762960\",\"name\":\"Super User\",\"image\":{\"@type\":\"ImageObject\",\"inLanguage\":\"es\",\"@id\":\"https:\\\/\\\/secure.gravatar.com\\\/avatar\\\/1db852625ef4948f58d2739bfbc51e4b9bd5c93b8fa340b59fdb594ca0845645?s=96&d=mm&r=g\",\"url\":\"https:\\\/\\\/secure.gravatar.com\\\/avatar\\\/1db852625ef4948f58d2739bfbc51e4b9bd5c93b8fa340b59fdb594ca0845645?s=96&d=mm&r=g\",\"contentUrl\":\"https:\\\/\\\/secure.gravatar.com\\\/avatar\\\/1db852625ef4948f58d2739bfbc51e4b9bd5c93b8fa340b59fdb594ca0845645?s=96&d=mm&r=g\",\"caption\":\"Super User\"},\"url\":\"https:\\\/\\\/ppdegalicia.com\\\/es\\\/author\\\/ppdegaliciagestion\\\/\"}]}<\/script>\n<!-- \/ Yoast SEO plugin. -->","yoast_head_json":{"title":"O PPdeG defende, para paliar a falta de profesionais sanitarios, eliminar a taxa de reposici\u00f3n e modificar o decreto de formaci\u00f3n de especialistas - PP de Galicia","robots":{"index":"index","follow":"follow","max-snippet":"max-snippet:-1","max-image-preview":"max-image-preview:large","max-video-preview":"max-video-preview:-1"},"canonical":"https:\/\/ppdegalicia.com\/es\/o-ppdeg-defende-para-paliar-a-falta-de-profesionais-sanitarios-eliminar-a-taxa-de-reposicion-e-modificar-o-decreto-de-formacion-de-especialistas\/","og_locale":"es_ES","og_type":"article","og_title":"O PPdeG defende, para paliar a falta de profesionais sanitarios, eliminar a taxa de reposici\u00f3n e modificar o decreto de formaci\u00f3n de especialistas - PP de Galicia","og_description":"Santiago, 20 de novembro de 2019.- O portavoz de Sanidade do Grupo Popular, Aurelio N\u00fa\u00f1ez Centeno, afirmou hoxe no Parlamento que no PPdeG \u201cestamos a favor de calquera medida que poida paliar a dif\u00edcil situaci\u00f3n da falta de profesionais nalgunhas \u00e1reas sanitarias\u201d e considerou \u201csoluci\u00f3ns reais a eliminaci\u00f3n da taxa de reposici\u00f3n, a homologaci\u00f3n de [&hellip;]","og_url":"https:\/\/ppdegalicia.com\/es\/o-ppdeg-defende-para-paliar-a-falta-de-profesionais-sanitarios-eliminar-a-taxa-de-reposicion-e-modificar-o-decreto-de-formacion-de-especialistas\/","og_site_name":"PP de Galicia","article_publisher":"https:\/\/www.instagram.com\/ppdegalicia\/","article_published_time":"2019-11-21T06:31:08+00:00","author":"Super User","twitter_card":"summary_large_image","twitter_creator":"@ppdegalicia","twitter_site":"@ppdegalicia","twitter_misc":{"Escrito por":"Super User","Tiempo de lectura":"1 minuto"},"schema":{"@context":"https:\/\/schema.org","@graph":[{"@type":"Article","@id":"https:\/\/ppdegalicia.com\/es\/o-ppdeg-defende-para-paliar-a-falta-de-profesionais-sanitarios-eliminar-a-taxa-de-reposicion-e-modificar-o-decreto-de-formacion-de-especialistas\/#article","isPartOf":{"@id":"https:\/\/ppdegalicia.com\/es\/o-ppdeg-defende-para-paliar-a-falta-de-profesionais-sanitarios-eliminar-a-taxa-de-reposicion-e-modificar-o-decreto-de-formacion-de-especialistas\/"},"author":{"name":"Super User","@id":"https:\/\/ppdegalicia.com\/es\/#\/schema\/person\/d0f013b8388c980665d44009ab762960"},"headline":"O PPdeG defende, para paliar a falta de profesionais sanitarios, eliminar a taxa de reposici\u00f3n e modificar o decreto de formaci\u00f3n de especialistas","datePublished":"2019-11-21T06:31:08+00:00","mainEntityOfPage":{"@id":"https:\/\/ppdegalicia.com\/es\/o-ppdeg-defende-para-paliar-a-falta-de-profesionais-sanitarios-eliminar-a-taxa-de-reposicion-e-modificar-o-decreto-de-formacion-de-especialistas\/"},"wordCount":316,"commentCount":0,"publisher":{"@id":"https:\/\/ppdegalicia.com\/es\/#organization"},"articleSection":["PP de Galicia"],"inLanguage":"es","potentialAction":[{"@type":"CommentAction","name":"Comment","target":["https:\/\/ppdegalicia.com\/es\/o-ppdeg-defende-para-paliar-a-falta-de-profesionais-sanitarios-eliminar-a-taxa-de-reposicion-e-modificar-o-decreto-de-formacion-de-especialistas\/#respond"]}]},{"@type":"WebPage","@id":"https:\/\/ppdegalicia.com\/es\/o-ppdeg-defende-para-paliar-a-falta-de-profesionais-sanitarios-eliminar-a-taxa-de-reposicion-e-modificar-o-decreto-de-formacion-de-especialistas\/","url":"https:\/\/ppdegalicia.com\/es\/o-ppdeg-defende-para-paliar-a-falta-de-profesionais-sanitarios-eliminar-a-taxa-de-reposicion-e-modificar-o-decreto-de-formacion-de-especialistas\/","name":"O PPdeG defende, para paliar a falta de profesionais sanitarios, eliminar a taxa de reposici\u00f3n e modificar o decreto de formaci\u00f3n de especialistas - PP de Galicia","isPartOf":{"@id":"https:\/\/ppdegalicia.com\/es\/#website"},"datePublished":"2019-11-21T06:31:08+00:00","breadcrumb":{"@id":"https:\/\/ppdegalicia.com\/es\/o-ppdeg-defende-para-paliar-a-falta-de-profesionais-sanitarios-eliminar-a-taxa-de-reposicion-e-modificar-o-decreto-de-formacion-de-especialistas\/#breadcrumb"},"inLanguage":"es","potentialAction":[{"@type":"ReadAction","target":["https:\/\/ppdegalicia.com\/es\/o-ppdeg-defende-para-paliar-a-falta-de-profesionais-sanitarios-eliminar-a-taxa-de-reposicion-e-modificar-o-decreto-de-formacion-de-especialistas\/"]}]},{"@type":"BreadcrumbList","@id":"https:\/\/ppdegalicia.com\/es\/o-ppdeg-defende-para-paliar-a-falta-de-profesionais-sanitarios-eliminar-a-taxa-de-reposicion-e-modificar-o-decreto-de-formacion-de-especialistas\/#breadcrumb","itemListElement":[{"@type":"ListItem","position":1,"name":"Portada","item":"https:\/\/ppdegalicia.com\/es\/"},{"@type":"ListItem","position":2,"name":"O PPdeG defende, para paliar a falta de profesionais sanitarios, eliminar a taxa de reposici\u00f3n e modificar o decreto de formaci\u00f3n de especialistas"}]},{"@type":"WebSite","@id":"https:\/\/ppdegalicia.com\/es\/#website","url":"https:\/\/ppdegalicia.com\/es\/","name":"Partido Popular de Galicia","description":"Partido Popular de Galicia","publisher":{"@id":"https:\/\/ppdegalicia.com\/es\/#organization"},"alternateName":"PP de Galicia","potentialAction":[{"@type":"SearchAction","target":{"@type":"EntryPoint","urlTemplate":"https:\/\/ppdegalicia.com\/es\/?s={search_term_string}"},"query-input":{"@type":"PropertyValueSpecification","valueRequired":true,"valueName":"search_term_string"}}],"inLanguage":"es"},{"@type":"Organization","@id":"https:\/\/ppdegalicia.com\/es\/#organization","name":"Partido Popular de Galicia","alternateName":"PP de Galicia","url":"https:\/\/ppdegalicia.com\/es\/","logo":{"@type":"ImageObject","inLanguage":"es","@id":"https:\/\/ppdegalicia.com\/es\/#\/schema\/logo\/image\/","url":"https:\/\/ppdegalicia.com\/wp-content\/uploads\/2023\/04\/logoPP512.png","contentUrl":"https:\/\/ppdegalicia.com\/wp-content\/uploads\/2023\/04\/logoPP512.png","width":512,"height":512,"caption":"Partido Popular de Galicia"},"image":{"@id":"https:\/\/ppdegalicia.com\/es\/#\/schema\/logo\/image\/"},"sameAs":["https:\/\/www.instagram.com\/ppdegalicia\/","https:\/\/x.com\/ppdegalicia","https:\/\/www.tiktok.com\/@ppdegalicia","https:\/\/www.youtube.com\/user\/ppdegalicia"]},{"@type":"Person","@id":"https:\/\/ppdegalicia.com\/es\/#\/schema\/person\/d0f013b8388c980665d44009ab762960","name":"Super User","image":{"@type":"ImageObject","inLanguage":"es","@id":"https:\/\/secure.gravatar.com\/avatar\/1db852625ef4948f58d2739bfbc51e4b9bd5c93b8fa340b59fdb594ca0845645?s=96&d=mm&r=g","url":"https:\/\/secure.gravatar.com\/avatar\/1db852625ef4948f58d2739bfbc51e4b9bd5c93b8fa340b59fdb594ca0845645?s=96&d=mm&r=g","contentUrl":"https:\/\/secure.gravatar.com\/avatar\/1db852625ef4948f58d2739bfbc51e4b9bd5c93b8fa340b59fdb594ca0845645?s=96&d=mm&r=g","caption":"Super User"},"url":"https:\/\/ppdegalicia.com\/es\/author\/ppdegaliciagestion\/"}]}},"_links":{"self":[{"href":"https:\/\/ppdegalicia.com\/es\/wp-json\/wp\/v2\/posts\/52155","targetHints":{"allow":["GET"]}}],"collection":[{"href":"https:\/\/ppdegalicia.com\/es\/wp-json\/wp\/v2\/posts"}],"about":[{"href":"https:\/\/ppdegalicia.com\/es\/wp-json\/wp\/v2\/types\/post"}],"author":[{"embeddable":true,"href":"https:\/\/ppdegalicia.com\/es\/wp-json\/wp\/v2\/users\/37"}],"replies":[{"embeddable":true,"href":"https:\/\/ppdegalicia.com\/es\/wp-json\/wp\/v2\/comments?post=52155"}],"version-history":[{"count":0,"href":"https:\/\/ppdegalicia.com\/es\/wp-json\/wp\/v2\/posts\/52155\/revisions"}],"wp:attachment":[{"href":"https:\/\/ppdegalicia.com\/es\/wp-json\/wp\/v2\/media?parent=52155"}],"wp:term":[{"taxonomy":"category","embeddable":true,"href":"https:\/\/ppdegalicia.com\/es\/wp-json\/wp\/v2\/categories?post=52155"},{"taxonomy":"post_tag","embeddable":true,"href":"https:\/\/ppdegalicia.com\/es\/wp-json\/wp\/v2\/tags?post=52155"}],"curies":[{"name":"wp","href":"https:\/\/api.w.org\/{rel}","templated":true}]}}